{"id":19006,"date":"2025-02-22T15:01:03","date_gmt":"2025-02-22T15:01:03","guid":{"rendered":"https:\/\/www.latribunedufaso.net\/?p=19006"},"modified":"2025-02-23T15:41:28","modified_gmt":"2025-02-23T15:41:28","slug":"fespaco-2025-faso-tourisme-propose-des-excursions-touristiques-au-profit-des-festivaliers-et-du-grand-public","status":"publish","type":"post","link":"https:\/\/www.latribunedufaso.net\/?p=19006","title":{"rendered":"FESPACO 2025 : Faso tourisme propose des excursions touristiques au profit des festivaliers et du grand public\u00a0"},"content":{"rendered":"<p><strong><span style=\"font-size: 1.0625rem;\">Dans le cadre de la 29\u00e8me \u00e9dition du Festival panafricain du cin\u00e9ma et de la t\u00e9l\u00e9vision de Ouagadougou (FESPACO), le Directeur g\u00e9n\u00e9ral de Faso tourisme, Sula\u00efman Kagon\u00e9, a proc\u00e9d\u00e9 au lancement officiel de la mise en tourisme du FESPACO, le 22 f\u00e9vrier 2025 \u00e0 Ouagadougou.<\/span><\/strong><!--more--><\/p>\n<p>Des \u00e9l\u00e8ves d\u2019environ une dizaine d\u2019\u00e9tablissements b\u00e9n\u00e9ficient \u00e0 l\u2019occasion de ce lancement d\u2019une visite sur le site du FESPACO et sur le site touristique de Laongo. Le lancement officiel de la mise en tourisme du FESPACO a eu lieu au lyc\u00e9e Bangr\u00e9 M\u00e9tiers.<\/p>\n<figure id=\"attachment_19009\" aria-describedby=\"caption-attachment-19009\" style=\"width: 630px\" class=\"wp-caption aligncenter\"><a href=\"https:\/\/www.latribunedufaso.net\/wp-content\/uploads\/2025\/02\/IMG-20250223-WA0027_1.jpg\"><img loading=\"lazy\" decoding=\"async\" class=\"size-full wp-image-19009\" src=\"https:\/\/www.latribunedufaso.net\/wp-content\/uploads\/2025\/02\/IMG-20250223-WA0027_1.jpg\" alt=\"Mise en tourisme du FESPACO, 22 f\u00e9vrier 2025\" width=\"630\" height=\"532\" srcset=\"https:\/\/www.latribunedufaso.net\/wp-content\/uploads\/2025\/02\/IMG-20250223-WA0027_1.jpg 630w, https:\/\/www.latribunedufaso.net\/wp-content\/uploads\/2025\/02\/IMG-20250223-WA0027_1-300x253.jpg 300w\" sizes=\"auto, (max-width: 630px) 100vw, 630px\" \/><\/a><figcaption id=\"caption-attachment-19009\" class=\"wp-caption-text\">Le Directeur g\u00e9n\u00e9ral de Faso tourisme, Soulaiman Kagon\u00e9<\/figcaption><\/figure>\n<p>Notons que ces excursions, selon le Directeur g\u00e9n\u00e9ral de Faso tourisme, Sula\u00efman Kagon\u00e9, sont au profits des festivaliers, du monde scolaire, des travailleurs et du grand public durant la semaine du Festival. Environ 5 circuits (M\u00e9morial Thomas Sankara, site de Laongo etc) sont propos\u00e9s par Faso Tourisme \u00e0 ce effet.<\/p>\n<blockquote>\n<p>Lire aussi &gt;&gt; <a href=\"https:\/\/www.latribunedufaso.net\/?p=18992\">FESPACO 2025 : Les couleurs de l\u2019\u00e9dition annonc\u00e9es par un cross populaire<\/a><\/p>\n<\/blockquote>\n<p><em><strong>\u00ab Durant la semaine du festival, nous allons procurer des circuits touristiques en fonction de l\u2019int\u00e9r\u00eat des festivaliers. Il y a au moins 5 circuits qui sont propos\u00e9s et chaque groupe fera son choix. Nous nous chargerons de faire le tour et de pr\u00e9senter les potentialit\u00e9s de la ville de Ouagadougou, les lieux et les sites patrimoniaux afin de permettre aux grands publics de toucher du doigt les r\u00e9alit\u00e9s du cin\u00e9ma \u00bb, <\/strong><\/em>a-t-il soulign\u00e9.<\/p>\n<figure id=\"attachment_19007\" aria-describedby=\"caption-attachment-19007\" style=\"width: 1000px\" class=\"wp-caption aligncenter\"><a href=\"https:\/\/www.latribunedufaso.net\/wp-content\/uploads\/2025\/02\/IMG-20250223-WA0025.jpg\"><img loading=\"lazy\" decoding=\"async\" class=\"size-full wp-image-19007\" src=\"https:\/\/www.latribunedufaso.net\/wp-content\/uploads\/2025\/02\/IMG-20250223-WA0025.jpg\" alt=\"Mise en tourisme du FESPACO, 22 f\u00e9vrier 2025\" width=\"1000\" height=\"750\" srcset=\"https:\/\/www.latribunedufaso.net\/wp-content\/uploads\/2025\/02\/IMG-20250223-WA0025.jpg 1000w, https:\/\/www.latribunedufaso.net\/wp-content\/uploads\/2025\/02\/IMG-20250223-WA0025-300x225.jpg 300w, https:\/\/www.latribunedufaso.net\/wp-content\/uploads\/2025\/02\/IMG-20250223-WA0025-768x576.jpg 768w\" sizes=\"auto, (max-width: 1000px) 100vw, 1000px\" \/><\/a><figcaption id=\"caption-attachment-19007\" class=\"wp-caption-text\">Une vue des \u00e9l\u00e8ves entrain d&#8217;embarquer pour la visite &#8211; Ph. I. Tougma<\/figcaption><\/figure>\n<p>A l\u2019\u00e9couter, le FESPACO se d\u00e9roule \u00e0 Ouagadougou mais tr\u00e8s souvent, les nationaux ne profitent pas pleinement de ce festival. C\u2019est beaucoup plus les gens qui nous viennent d\u2019ailleurs qui repartent avec les meilleurs souvenirs. <em><strong>\u00ab Notre objectif est de renforcer un peu la participation des nationaux \u00e0 ce festival \u00bb,<\/strong><\/em> a-t-il expliqu\u00e9.<\/p>\n<p>Selon les participants \u00e0 cette excursion touristique, cela leur permettra de renforcer leurs connaissances sur le Burkina Faso. Abdoul Razack Yonaba, \u00e9l\u00e8ve au Lyc\u00e9e Bangr\u00e9 M\u00e9tiers a exprim\u00e9 ses ressentis.<\/p>\n<figure id=\"attachment_19008\" aria-describedby=\"caption-attachment-19008\" style=\"width: 1080px\" class=\"wp-caption aligncenter\"><a href=\"https:\/\/www.latribunedufaso.net\/wp-content\/uploads\/2025\/02\/IMG-20250223-WA0024.jpg\"><img loading=\"lazy\" decoding=\"async\" class=\"size-full wp-image-19008\" src=\"https:\/\/www.latribunedufaso.net\/wp-content\/uploads\/2025\/02\/IMG-20250223-WA0024.jpg\" alt=\"Mise en tourisme du FESPACO, 22 f\u00e9vrier 2025\" width=\"1080\" height=\"810\" srcset=\"https:\/\/www.latribunedufaso.net\/wp-content\/uploads\/2025\/02\/IMG-20250223-WA0024.jpg 1080w, https:\/\/www.latribunedufaso.net\/wp-content\/uploads\/2025\/02\/IMG-20250223-WA0024-300x225.jpg 300w, https:\/\/www.latribunedufaso.net\/wp-content\/uploads\/2025\/02\/IMG-20250223-WA0024-1024x768.jpg 1024w, https:\/\/www.latribunedufaso.net\/wp-content\/uploads\/2025\/02\/IMG-20250223-WA0024-768x576.jpg 768w\" sizes=\"auto, (max-width: 1080px) 100vw, 1080px\" \/><\/a><figcaption id=\"caption-attachment-19008\" class=\"wp-caption-text\">Le Porte parole des \u00e9l\u00e8ves du lyc\u00e9e Bangr\u00e9 M\u00e9tiers, Abdoul Yonaba &#8211; Ph. I. Tougma<\/figcaption><\/figure>\n<p><em><strong>\u00ab Ce matin, nous partons en visite au si\u00e8ge du FESPACO pour voir ce qui s\u2019y passe, ensuite nous allons partir \u00e0 Laongo pour visiter les sculptures qui se trouvent l\u00e0-bas. J\u2019aime le tourisme. J\u2019ai d\u00e9j\u00e0 particip\u00e9 \u00e0 des visites touristiques, mais c\u2019est ma premi\u00e8re fois d\u2019aller \u00e0 Loango. Je suis vraiment content d\u2019aller d\u00e9couvrir ce qu\u2019il se trouve l\u00e0-bas \u00bb,<\/strong><\/em> a-t-il exprim\u00e9.\u00a0<\/p>\n<p>Pour b\u00e9n\u00e9ficier de ces excursions, les personnes int\u00e9ress\u00e9es sont invit\u00e9es \u00e0 se rendre sur la page Facebook ainsi que sur les diff\u00e9rentes plateformes de Faso tourisme pour prendre connaissance des diff\u00e9rents circuits.<\/p>\n<p><strong>Ines TOUGMA<\/strong><\/p>\n<p><strong>latribun<span style=\"font-size: 1.0625rem;\">edufaso.net<\/span><\/strong><\/p>\n","protected":false},"excerpt":{"rendered":"<p>Dans le cadre de la 29\u00e8me \u00e9dition du Festival panafricain du cin\u00e9ma et de la t\u00e9l\u00e9vision de Ouagadougou (FESPACO), le Directeur g\u00e9n\u00e9ral de Faso tourisme, Sula\u00efman Kagon\u00e9, a proc\u00e9d\u00e9 au lancement officiel de la mise en tourisme du FESPACO, le 22 f\u00e9vrier 2025 \u00e0 Ouagadougou.<\/p>\n","protected":false},"author":5,"featured_media":19007,"comment_status":"open","ping_status":"open","sticky":false,"template":"","format":"standard","meta":{"footnotes":""},"categories":[13,1,30],"tags":[44,702,39],"class_list":["post-19006","post","type-post","status-publish","format-standard","has-post-thumbnail","hentry","category-une","category-actu","category-art-et-culture","tag-29eme-edition-du-fespaco","tag-faso-tourisme","tag-latribunedufaso-net"],"yoast_head":"<!-- This site is optimized with the Yoast SEO plugin v27.5 - https:\/\/yoast.com\/product\/yoast-seo-wordpress\/ -->\n<title>FESPACO 2025 : Faso tourisme propose des excursions touristiques au profit des festivaliers et du grand public\u00a0 - La Tribune du Faso<\/title>\n<meta name=\"robots\" content=\"index, follow, max-snippet:-1, max-image-preview:large, max-video-preview:-1\" \/>\n<link rel=\"canonical\" href=\"https:\/\/www.latribunedufaso.net\/?p=19006\" \/>\n<meta property=\"og:locale\" content=\"fr_FR\" \/>\n<meta property=\"og:type\" content=\"article\" \/>\n<meta property=\"og:title\" content=\"FESPACO 2025 : Faso tourisme propose des excursions touristiques au profit des festivaliers et du grand public\u00a0 - La Tribune du Faso\" \/>\n<meta property=\"og:description\" content=\"Dans le cadre de la 29\u00e8me \u00e9dition du Festival panafricain du cin\u00e9ma et de la t\u00e9l\u00e9vision de Ouagadougou (FESPACO), le Directeur g\u00e9n\u00e9ral de Faso tourisme, Sula\u00efman Kagon\u00e9, a proc\u00e9d\u00e9 au lancement officiel de la mise en tourisme du FESPACO, le 22 f\u00e9vrier 2025 \u00e0 Ouagadougou.\" \/>\n<meta property=\"og:url\" content=\"https:\/\/www.latribunedufaso.net\/?p=19006\" \/>\n<meta property=\"og:site_name\" content=\"La Tribune du Faso\" \/>\n<meta property=\"article:publisher\" content=\"https:\/\/www.facebook.com\/LatribuneduFaso\/\" \/>\n<meta property=\"article:published_time\" content=\"2025-02-22T15:01:03+00:00\" \/>\n<meta property=\"article:modified_time\" content=\"2025-02-23T15:41:28+00:00\" \/>\n<meta property=\"og:image\" content=\"https:\/\/www.latribunedufaso.net\/wp-content\/uploads\/2025\/02\/IMG-20250223-WA0025.jpg\" \/>\n\t<meta property=\"og:image:width\" content=\"1000\" \/>\n\t<meta property=\"og:image:height\" content=\"750\" \/>\n\t<meta property=\"og:image:type\" content=\"image\/jpeg\" \/>\n<meta name=\"author\" content=\"Issouf Tapsoba\" \/>\n<meta name=\"twitter:label1\" content=\"\u00c9crit par\" \/>\n\t<meta name=\"twitter:data1\" content=\"Issouf Tapsoba\" \/>\n\t<meta name=\"twitter:label2\" content=\"Dur\u00e9e de lecture estim\u00e9e\" \/>\n\t<meta name=\"twitter:data2\" content=\"3 minutes\" \/>\n<script type=\"application\/ld+json\" class=\"yoast-schema-graph\">{\"@context\":\"https:\\\/\\\/schema.org\",\"@graph\":[{\"@type\":\"Article\",\"@id\":\"https:\\\/\\\/www.latribunedufaso.net\\\/?p=19006#article\",\"isPartOf\":{\"@id\":\"https:\\\/\\\/www.latribunedufaso.net\\\/?p=19006\"},\"author\":{\"name\":\"Issouf Tapsoba\",\"@id\":\"https:\\\/\\\/www.latribunedufaso.net\\\/#\\\/schema\\\/person\\\/e54e64c5778a7e72cf80a318b7a622b0\"},\"headline\":\"FESPACO 2025 : Faso tourisme propose des excursions touristiques au profit des festivaliers et du grand public\u00a0\",\"datePublished\":\"2025-02-22T15:01:03+00:00\",\"dateModified\":\"2025-02-23T15:41:28+00:00\",\"mainEntityOfPage\":{\"@id\":\"https:\\\/\\\/www.latribunedufaso.net\\\/?p=19006\"},\"wordCount\":528,\"commentCount\":0,\"publisher\":{\"@id\":\"https:\\\/\\\/www.latribunedufaso.net\\\/#organization\"},\"image\":{\"@id\":\"https:\\\/\\\/www.latribunedufaso.net\\\/?p=19006#primaryimage\"},\"thumbnailUrl\":\"https:\\\/\\\/www.latribunedufaso.net\\\/wp-content\\\/uploads\\\/2025\\\/02\\\/IMG-20250223-WA0025.jpg\",\"keywords\":[\"29\u00e8me \u00e9dition du FESPACO\",\"Faso tourisme\",\"latribunedufaso.net\"],\"articleSection\":[\"A la une\",\"Actualit\u00e9\",\"Art et Culture\"],\"inLanguage\":\"fr-FR\",\"potentialAction\":[{\"@type\":\"CommentAction\",\"name\":\"Comment\",\"target\":[\"https:\\\/\\\/www.latribunedufaso.net\\\/?p=19006#respond\"]}]},{\"@type\":\"WebPage\",\"@id\":\"https:\\\/\\\/www.latribunedufaso.net\\\/?p=19006\",\"url\":\"https:\\\/\\\/www.latribunedufaso.net\\\/?p=19006\",\"name\":\"FESPACO 2025 : Faso tourisme propose des excursions touristiques au profit des festivaliers et du grand public\u00a0 - La Tribune du Faso\",\"isPartOf\":{\"@id\":\"https:\\\/\\\/www.latribunedufaso.net\\\/#website\"},\"primaryImageOfPage\":{\"@id\":\"https:\\\/\\\/www.latribunedufaso.net\\\/?p=19006#primaryimage\"},\"image\":{\"@id\":\"https:\\\/\\\/www.latribunedufaso.net\\\/?p=19006#primaryimage\"},\"thumbnailUrl\":\"https:\\\/\\\/www.latribunedufaso.net\\\/wp-content\\\/uploads\\\/2025\\\/02\\\/IMG-20250223-WA0025.jpg\",\"datePublished\":\"2025-02-22T15:01:03+00:00\",\"dateModified\":\"2025-02-23T15:41:28+00:00\",\"breadcrumb\":{\"@id\":\"https:\\\/\\\/www.latribunedufaso.net\\\/?p=19006#breadcrumb\"},\"inLanguage\":\"fr-FR\",\"potentialAction\":[{\"@type\":\"ReadAction\",\"target\":[\"https:\\\/\\\/www.latribunedufaso.net\\\/?p=19006\"]}]},{\"@type\":\"ImageObject\",\"inLanguage\":\"fr-FR\",\"@id\":\"https:\\\/\\\/www.latribunedufaso.net\\\/?p=19006#primaryimage\",\"url\":\"https:\\\/\\\/www.latribunedufaso.net\\\/wp-content\\\/uploads\\\/2025\\\/02\\\/IMG-20250223-WA0025.jpg\",\"contentUrl\":\"https:\\\/\\\/www.latribunedufaso.net\\\/wp-content\\\/uploads\\\/2025\\\/02\\\/IMG-20250223-WA0025.jpg\",\"width\":1000,\"height\":750,\"caption\":\"Une vue des \u00e9l\u00e8ves entrain d'embarquer pour la visite - Ph. I. Tougma\"},{\"@type\":\"BreadcrumbList\",\"@id\":\"https:\\\/\\\/www.latribunedufaso.net\\\/?p=19006#breadcrumb\",\"itemListElement\":[{\"@type\":\"ListItem\",\"position\":1,\"name\":\"Accueil\",\"item\":\"https:\\\/\\\/www.latribunedufaso.net\\\/\"},{\"@type\":\"ListItem\",\"position\":2,\"name\":\"FESPACO 2025 : Faso tourisme propose des excursions touristiques au profit des festivaliers et du grand public\u00a0\"}]},{\"@type\":\"WebSite\",\"@id\":\"https:\\\/\\\/www.latribunedufaso.net\\\/#website\",\"url\":\"https:\\\/\\\/www.latribunedufaso.net\\\/\",\"name\":\"La Tribune du Faso\",\"description\":\"L&#039;information du monde rural en un clic\",\"publisher\":{\"@id\":\"https:\\\/\\\/www.latribunedufaso.net\\\/#organization\"},\"potentialAction\":[{\"@type\":\"SearchAction\",\"target\":{\"@type\":\"EntryPoint\",\"urlTemplate\":\"https:\\\/\\\/www.latribunedufaso.net\\\/?s={search_term_string}\"},\"query-input\":{\"@type\":\"PropertyValueSpecification\",\"valueRequired\":true,\"valueName\":\"search_term_string\"}}],\"inLanguage\":\"fr-FR\"},{\"@type\":\"Organization\",\"@id\":\"https:\\\/\\\/www.latribunedufaso.net\\\/#organization\",\"name\":\"La Tribune du Faso\",\"url\":\"https:\\\/\\\/www.latribunedufaso.net\\\/\",\"logo\":{\"@type\":\"ImageObject\",\"inLanguage\":\"fr-FR\",\"@id\":\"https:\\\/\\\/www.latribunedufaso.net\\\/#\\\/schema\\\/logo\\\/image\\\/\",\"url\":\"https:\\\/\\\/www.latribunedufaso.net\\\/wp-content\\\/uploads\\\/2020\\\/08\\\/Logo-Tribune-du-Faso-final-scaled.jpg\",\"contentUrl\":\"https:\\\/\\\/www.latribunedufaso.net\\\/wp-content\\\/uploads\\\/2020\\\/08\\\/Logo-Tribune-du-Faso-final-scaled.jpg\",\"width\":2560,\"height\":1856,\"caption\":\"La Tribune du Faso\"},\"image\":{\"@id\":\"https:\\\/\\\/www.latribunedufaso.net\\\/#\\\/schema\\\/logo\\\/image\\\/\"},\"sameAs\":[\"https:\\\/\\\/www.facebook.com\\\/LatribuneduFaso\\\/\"]},{\"@type\":\"Person\",\"@id\":\"https:\\\/\\\/www.latribunedufaso.net\\\/#\\\/schema\\\/person\\\/e54e64c5778a7e72cf80a318b7a622b0\",\"name\":\"Issouf Tapsoba\",\"image\":{\"@type\":\"ImageObject\",\"inLanguage\":\"fr-FR\",\"@id\":\"https:\\\/\\\/secure.gravatar.com\\\/avatar\\\/5e6c05150ce3230247d167f5b94d678eb05936197436d69b7921e3a95c9107ac?s=96&d=mm&r=g\",\"url\":\"https:\\\/\\\/secure.gravatar.com\\\/avatar\\\/5e6c05150ce3230247d167f5b94d678eb05936197436d69b7921e3a95c9107ac?s=96&d=mm&r=g\",\"contentUrl\":\"https:\\\/\\\/secure.gravatar.com\\\/avatar\\\/5e6c05150ce3230247d167f5b94d678eb05936197436d69b7921e3a95c9107ac?s=96&d=mm&r=g\",\"caption\":\"Issouf Tapsoba\"},\"url\":\"https:\\\/\\\/www.latribunedufaso.net\\\/?author=5\"}]}<\/script>\n<!-- \/ Yoast SEO plugin. -->","yoast_head_json":{"title":"FESPACO 2025 : Faso tourisme propose des excursions touristiques au profit des festivaliers et du grand public\u00a0 - La Tribune du Faso","robots":{"index":"index","follow":"follow","max-snippet":"max-snippet:-1","max-image-preview":"max-image-preview:large","max-video-preview":"max-video-preview:-1"},"canonical":"https:\/\/www.latribunedufaso.net\/?p=19006","og_locale":"fr_FR","og_type":"article","og_title":"FESPACO 2025 : Faso tourisme propose des excursions touristiques au profit des festivaliers et du grand public\u00a0 - La Tribune du Faso","og_description":"Dans le cadre de la 29\u00e8me \u00e9dition du Festival panafricain du cin\u00e9ma et de la t\u00e9l\u00e9vision de Ouagadougou (FESPACO), le Directeur g\u00e9n\u00e9ral de Faso tourisme, Sula\u00efman Kagon\u00e9, a proc\u00e9d\u00e9 au lancement officiel de la mise en tourisme du FESPACO, le 22 f\u00e9vrier 2025 \u00e0 Ouagadougou.","og_url":"https:\/\/www.latribunedufaso.net\/?p=19006","og_site_name":"La Tribune du Faso","article_publisher":"https:\/\/www.facebook.com\/LatribuneduFaso\/","article_published_time":"2025-02-22T15:01:03+00:00","article_modified_time":"2025-02-23T15:41:28+00:00","og_image":[{"width":1000,"height":750,"url":"https:\/\/www.latribunedufaso.net\/wp-content\/uploads\/2025\/02\/IMG-20250223-WA0025.jpg","type":"image\/jpeg"}],"author":"Issouf Tapsoba","twitter_misc":{"\u00c9crit par":"Issouf Tapsoba","Dur\u00e9e de lecture estim\u00e9e":"3 minutes"},"schema":{"@context":"https:\/\/schema.org","@graph":[{"@type":"Article","@id":"https:\/\/www.latribunedufaso.net\/?p=19006#article","isPartOf":{"@id":"https:\/\/www.latribunedufaso.net\/?p=19006"},"author":{"name":"Issouf Tapsoba","@id":"https:\/\/www.latribunedufaso.net\/#\/schema\/person\/e54e64c5778a7e72cf80a318b7a622b0"},"headline":"FESPACO 2025 : Faso tourisme propose des excursions touristiques au profit des festivaliers et du grand public\u00a0","datePublished":"2025-02-22T15:01:03+00:00","dateModified":"2025-02-23T15:41:28+00:00","mainEntityOfPage":{"@id":"https:\/\/www.latribunedufaso.net\/?p=19006"},"wordCount":528,"commentCount":0,"publisher":{"@id":"https:\/\/www.latribunedufaso.net\/#organization"},"image":{"@id":"https:\/\/www.latribunedufaso.net\/?p=19006#primaryimage"},"thumbnailUrl":"https:\/\/www.latribunedufaso.net\/wp-content\/uploads\/2025\/02\/IMG-20250223-WA0025.jpg","keywords":["29\u00e8me \u00e9dition du FESPACO","Faso tourisme","latribunedufaso.net"],"articleSection":["A la une","Actualit\u00e9","Art et Culture"],"inLanguage":"fr-FR","potentialAction":[{"@type":"CommentAction","name":"Comment","target":["https:\/\/www.latribunedufaso.net\/?p=19006#respond"]}]},{"@type":"WebPage","@id":"https:\/\/www.latribunedufaso.net\/?p=19006","url":"https:\/\/www.latribunedufaso.net\/?p=19006","name":"FESPACO 2025 : Faso tourisme propose des excursions touristiques au profit des festivaliers et du grand public\u00a0 - La Tribune du Faso","isPartOf":{"@id":"https:\/\/www.latribunedufaso.net\/#website"},"primaryImageOfPage":{"@id":"https:\/\/www.latribunedufaso.net\/?p=19006#primaryimage"},"image":{"@id":"https:\/\/www.latribunedufaso.net\/?p=19006#primaryimage"},"thumbnailUrl":"https:\/\/www.latribunedufaso.net\/wp-content\/uploads\/2025\/02\/IMG-20250223-WA0025.jpg","datePublished":"2025-02-22T15:01:03+00:00","dateModified":"2025-02-23T15:41:28+00:00","breadcrumb":{"@id":"https:\/\/www.latribunedufaso.net\/?p=19006#breadcrumb"},"inLanguage":"fr-FR","potentialAction":[{"@type":"ReadAction","target":["https:\/\/www.latribunedufaso.net\/?p=19006"]}]},{"@type":"ImageObject","inLanguage":"fr-FR","@id":"https:\/\/www.latribunedufaso.net\/?p=19006#primaryimage","url":"https:\/\/www.latribunedufaso.net\/wp-content\/uploads\/2025\/02\/IMG-20250223-WA0025.jpg","contentUrl":"https:\/\/www.latribunedufaso.net\/wp-content\/uploads\/2025\/02\/IMG-20250223-WA0025.jpg","width":1000,"height":750,"caption":"Une vue des \u00e9l\u00e8ves entrain d'embarquer pour la visite - Ph. I. Tougma"},{"@type":"BreadcrumbList","@id":"https:\/\/www.latribunedufaso.net\/?p=19006#breadcrumb","itemListElement":[{"@type":"ListItem","position":1,"name":"Accueil","item":"https:\/\/www.latribunedufaso.net\/"},{"@type":"ListItem","position":2,"name":"FESPACO 2025 : Faso tourisme propose des excursions touristiques au profit des festivaliers et du grand public\u00a0"}]},{"@type":"WebSite","@id":"https:\/\/www.latribunedufaso.net\/#website","url":"https:\/\/www.latribunedufaso.net\/","name":"La Tribune du Faso","description":"L&#039;information du monde rural en un clic","publisher":{"@id":"https:\/\/www.latribunedufaso.net\/#organization"},"potentialAction":[{"@type":"SearchAction","target":{"@type":"EntryPoint","urlTemplate":"https:\/\/www.latribunedufaso.net\/?s={search_term_string}"},"query-input":{"@type":"PropertyValueSpecification","valueRequired":true,"valueName":"search_term_string"}}],"inLanguage":"fr-FR"},{"@type":"Organization","@id":"https:\/\/www.latribunedufaso.net\/#organization","name":"La Tribune du Faso","url":"https:\/\/www.latribunedufaso.net\/","logo":{"@type":"ImageObject","inLanguage":"fr-FR","@id":"https:\/\/www.latribunedufaso.net\/#\/schema\/logo\/image\/","url":"https:\/\/www.latribunedufaso.net\/wp-content\/uploads\/2020\/08\/Logo-Tribune-du-Faso-final-scaled.jpg","contentUrl":"https:\/\/www.latribunedufaso.net\/wp-content\/uploads\/2020\/08\/Logo-Tribune-du-Faso-final-scaled.jpg","width":2560,"height":1856,"caption":"La Tribune du Faso"},"image":{"@id":"https:\/\/www.latribunedufaso.net\/#\/schema\/logo\/image\/"},"sameAs":["https:\/\/www.facebook.com\/LatribuneduFaso\/"]},{"@type":"Person","@id":"https:\/\/www.latribunedufaso.net\/#\/schema\/person\/e54e64c5778a7e72cf80a318b7a622b0","name":"Issouf Tapsoba","image":{"@type":"ImageObject","inLanguage":"fr-FR","@id":"https:\/\/secure.gravatar.com\/avatar\/5e6c05150ce3230247d167f5b94d678eb05936197436d69b7921e3a95c9107ac?s=96&d=mm&r=g","url":"https:\/\/secure.gravatar.com\/avatar\/5e6c05150ce3230247d167f5b94d678eb05936197436d69b7921e3a95c9107ac?s=96&d=mm&r=g","contentUrl":"https:\/\/secure.gravatar.com\/avatar\/5e6c05150ce3230247d167f5b94d678eb05936197436d69b7921e3a95c9107ac?s=96&d=mm&r=g","caption":"Issouf Tapsoba"},"url":"https:\/\/www.latribunedufaso.net\/?author=5"}]}},"_links":{"self":[{"href":"https:\/\/www.latribunedufaso.net\/index.php?rest_route=\/wp\/v2\/posts\/19006","targetHints":{"allow":["GET"]}}],"collection":[{"href":"https:\/\/www.latribunedufaso.net\/index.php?rest_route=\/wp\/v2\/posts"}],"about":[{"href":"https:\/\/www.latribunedufaso.net\/index.php?rest_route=\/wp\/v2\/types\/post"}],"author":[{"embeddable":true,"href":"https:\/\/www.latribunedufaso.net\/index.php?rest_route=\/wp\/v2\/users\/5"}],"replies":[{"embeddable":true,"href":"https:\/\/www.latribunedufaso.net\/index.php?rest_route=%2Fwp%2Fv2%2Fcomments&post=19006"}],"version-history":[{"count":1,"href":"https:\/\/www.latribunedufaso.net\/index.php?rest_route=\/wp\/v2\/posts\/19006\/revisions"}],"predecessor-version":[{"id":19010,"href":"https:\/\/www.latribunedufaso.net\/index.php?rest_route=\/wp\/v2\/posts\/19006\/revisions\/19010"}],"wp:featuredmedia":[{"embeddable":true,"href":"https:\/\/www.latribunedufaso.net\/index.php?rest_route=\/wp\/v2\/media\/19007"}],"wp:attachment":[{"href":"https:\/\/www.latribunedufaso.net\/index.php?rest_route=%2Fwp%2Fv2%2Fmedia&parent=19006"}],"wp:term":[{"taxonomy":"category","embeddable":true,"href":"https:\/\/www.latribunedufaso.net\/index.php?rest_route=%2Fwp%2Fv2%2Fcategories&post=19006"},{"taxonomy":"post_tag","embeddable":true,"href":"https:\/\/www.latribunedufaso.net\/index.php?rest_route=%2Fwp%2Fv2%2Ftags&post=19006"}],"curies":[{"name":"wp","href":"https:\/\/api.w.org\/{rel}","templated":true}]}}