{"id":18970,"date":"2025-02-21T16:32:57","date_gmt":"2025-02-21T16:32:57","guid":{"rendered":"https:\/\/www.latribunedufaso.net\/?p=18970"},"modified":"2025-02-21T16:32:57","modified_gmt":"2025-02-21T16:32:57","slug":"fespaco-2025-le-ministre-tchadien-en-charge-de-la-culture-salue-lhospitalite-des-burkinabe","status":"publish","type":"post","link":"https:\/\/www.latribunedufaso.net\/?p=18970","title":{"rendered":"FESPACO 2025 : Le ministre tchadien en charge de la Culture salue l&rsquo;hospitalit\u00e9 des Burkinab\u00e8\u00a0"},"content":{"rendered":"<p><strong><span style=\"font-size: 1.0625rem;\">Pr\u00e9sent \u00e0 Ouagadougou dans le cadre de la 29e \u00e9dition du Festival panafricain du cin\u00e9ma et de la t\u00e9l\u00e9vision de Ouagadougou (FESPACO), le ministre tchadien en charge de la culture a salu\u00e9 l\u2019hospitalit\u00e9 du peuple burkinab\u00e8.<\/span><\/strong><!--more--><\/p>\n<p>Le Premier ministre, Jean Emmanuel Ou\u00e9draogo, a accord\u00e9, le 21 f\u00e9vrier 2025 \u00e0 Ouagadougou, une audience au ministre tchadien du D\u00e9veloppement touristique, de la Culture et de l\u2019Artisanat, Abakar Rozzi Teguil, accompagn\u00e9 de son homologue burkinab\u00e8, Gilbert Ou\u00e9draogo. La 29\u1d49 \u00e9dition de la biennale du cin\u00e9ma en Afrique a \u00e9t\u00e9 le sujet de cette audience.<\/p>\n<figure id=\"attachment_18972\" aria-describedby=\"caption-attachment-18972\" style=\"width: 720px\" class=\"wp-caption aligncenter\"><a href=\"https:\/\/www.latribunedufaso.net\/wp-content\/uploads\/2025\/02\/FB_IMG_1740155055769.jpg\"><img loading=\"lazy\" decoding=\"async\" class=\"size-full wp-image-18972\" src=\"https:\/\/www.latribunedufaso.net\/wp-content\/uploads\/2025\/02\/FB_IMG_1740155055769.jpg\" alt=\"Le Premier ministre, Jean Emmanuel Ou\u00e9draogo a accord\u00e9 une audience au ministre en charge de la Culture du Tchad, a l'occasion du FESPACO, 21 f\u00e9vrier 2025\" width=\"720\" height=\"612\" srcset=\"https:\/\/www.latribunedufaso.net\/wp-content\/uploads\/2025\/02\/FB_IMG_1740155055769.jpg 720w, https:\/\/www.latribunedufaso.net\/wp-content\/uploads\/2025\/02\/FB_IMG_1740155055769-300x255.jpg 300w\" sizes=\"auto, (max-width: 720px) 100vw, 720px\" \/><\/a><figcaption id=\"caption-attachment-18972\" class=\"wp-caption-text\">Le ministre en charge de la Culture du Tchad, Abakar Rozzi Teguil &#8211; Ph. DR<\/figcaption><\/figure>\n<p>La R\u00e9publique du Tchad est le pays invit\u00e9 d\u2019honneur de la 29\u1d49 \u00e9dition du FESPACO. \u00c0 la veille du clap d\u2019ouverture de cette biennale, le ministre tchadien du D\u00e9veloppement touristique, de la Culture et de l\u2019Artisanat, Abakar Rozzi Teguil, et une d\u00e9l\u00e9gation officielle sont d\u00e9j\u00e0 \u00e0 Ouagadougou.\u00a0<\/p>\n<p>Cette audience a \u00e9t\u00e9 l\u2019occasion pour le chef de la d\u00e9l\u00e9gation tchadienne de remercier le Chef du Gouvernement burkinab\u00e8 pour le choix du Tchad comme pays invit\u00e9 d\u2019honneur du FESPACO 2025.<\/p>\n<blockquote>\n<p>Lire aussi &gt;&gt; <a href=\"https:\/\/www.latribunedufaso.net\/?p=18923\">FESPACO 2025 : Les pr\u00e9paratifs touchent \u00e0 leur fin \u00e0 deux jours de l\u2019ouverture<\/a><\/p>\n<\/blockquote>\n<p><strong><em>\u00ab Nous l\u2019avons inform\u00e9 de la pr\u00e9sence d\u2019une forte d\u00e9l\u00e9gation tchadienne compos\u00e9e de membres du Gouvernement, de cin\u00e9astes, de troupes de danse folklorique, etc. Nous avons aussi remerci\u00e9 le Pr\u00e9sident du Faso, Chef de l\u2019Etat, le Capitaine Ibrahim Traor\u00e9, le Gouvernement et le peuple burkinab\u00e8 pour toutes les dispositions prises \u00e0 l\u2019endroit de la d\u00e9l\u00e9gation tchadienne. Nous sommes satisfaits de notre s\u00e9jour et nous sommes dans de tr\u00e8s bonnes mains. Nous saluons l\u2019hospitalit\u00e9 l\u00e9gendaire du Pays des Hommes int\u00e8gres \u00bb,<\/em><\/strong> a d\u00e9clar\u00e9 le ministre tchadien, \u00e0 l\u2019issue de l\u2019audience.<\/p>\n<p>\u00c0 cette rencontre, le Premier ministre a r\u00e9affirm\u00e9 la disponibilit\u00e9 de l\u2019\u00c9tat burkinab\u00e8 \u00e0 assurer une bonne et pleine participation du Tchad, ainsi que de tous les festivaliers \u00e0 l\u2019\u00e9dition 2025 du FESPACO.\u00a0 \u00a0\u00a0<\/p>\n<figure id=\"attachment_18971\" aria-describedby=\"caption-attachment-18971\" style=\"width: 720px\" class=\"wp-caption aligncenter\"><a href=\"https:\/\/www.latribunedufaso.net\/wp-content\/uploads\/2025\/02\/FB_IMG_1740155060237.jpg\"><img loading=\"lazy\" decoding=\"async\" class=\"size-full wp-image-18971\" src=\"https:\/\/www.latribunedufaso.net\/wp-content\/uploads\/2025\/02\/FB_IMG_1740155060237.jpg\" alt=\"Le Premier ministre, Jean Emmanuel Ou\u00e9draogo a accord\u00e9 une audience au ministre en charge de la Culture du Tchad, a l'occasion du FESPACO, 21 f\u00e9vrier 2025\" width=\"720\" height=\"446\" srcset=\"https:\/\/www.latribunedufaso.net\/wp-content\/uploads\/2025\/02\/FB_IMG_1740155060237.jpg 720w, https:\/\/www.latribunedufaso.net\/wp-content\/uploads\/2025\/02\/FB_IMG_1740155060237-300x186.jpg 300w\" sizes=\"auto, (max-width: 720px) 100vw, 720px\" \/><\/a><figcaption id=\"caption-attachment-18971\" class=\"wp-caption-text\">Photo de famille de la d\u00e9l\u00e9gation tchadienne avec le Premier ministre, Jean Emmanuel Ou\u00e9draogo &#8211; Ph. DR<\/figcaption><\/figure>\n<p>Le ministre Abakar Rozzi Teguil a \u00e9galement annonc\u00e9 la pr\u00e9sence effective du Pr\u00e9sident du Tchad, le Mar\u00e9chal Mahamat Idriss D\u00e9by Itno, \u00e0 la c\u00e9r\u00e9monie d\u2019ouverture du FESPACO, ce samedi 22 f\u00e9vrier 2025.<\/p>\n<p>Le FESPACO 2025 dont le th\u00e8me est <em><strong>\u00ab Cin\u00e9mas d\u2019Afrique et identit\u00e9s culturelles \u00bb,<\/strong><\/em> va mettre sous les projecteurs 235 films s\u00e9lectionn\u00e9s, rendant ainsi un hommage <em><strong>\u00ab vibrant \u00bb<\/strong><\/em> \u00e0 la richesse et \u00e0 la diversit\u00e9 des cin\u00e9mas d\u2019Afrique et de sa diaspora.<\/p>\n<p>Deux films tchadiens, <em><strong>\u00ab DIYA \u00bb<\/strong><\/em> de <em><strong>Achille Ronaimou et<\/strong> <\/em> \u00ab MADJBARA \u00bb de Salma Khalil, ont \u00e9t\u00e9 retenus dans la comp\u00e9tition officielle.<\/p>\n<p><strong>latribunedufaso.net<\/strong><\/p>\n<p><strong>Source : D<span style=\"font-size: 1.0625rem;\">CRP\/Primature<\/span><\/strong><\/p>\n","protected":false},"excerpt":{"rendered":"<p>Pr\u00e9sent \u00e0 Ouagadougou dans le cadre de la 29e \u00e9dition du Festival panafricain du cin\u00e9ma et de la t\u00e9l\u00e9vision de Ouagadougou (FESPACO), le ministre tchadien en charge de la culture a salu\u00e9 l\u2019hospitalit\u00e9 du peuple burkinab\u00e8.<\/p>\n","protected":false},"author":5,"featured_media":18973,"comment_status":"open","ping_status":"open","sticky":false,"template":"","format":"standard","meta":{"footnotes":""},"categories":[13,1,30],"tags":[44,39],"class_list":["post-18970","post","type-post","status-publish","format-standard","has-post-thumbnail","hentry","category-une","category-actu","category-art-et-culture","tag-29eme-edition-du-fespaco","tag-latribunedufaso-net"],"yoast_head":"<!-- This site is optimized with the Yoast SEO plugin v27.5 - https:\/\/yoast.com\/product\/yoast-seo-wordpress\/ -->\n<title>FESPACO 2025 : Le ministre tchadien en charge de la Culture salue l&#039;hospitalit\u00e9 des Burkinab\u00e8\u00a0 - La Tribune du Faso<\/title>\n<meta name=\"robots\" content=\"index, follow, max-snippet:-1, max-image-preview:large, max-video-preview:-1\" \/>\n<link rel=\"canonical\" href=\"https:\/\/www.latribunedufaso.net\/?p=18970\" \/>\n<meta property=\"og:locale\" content=\"fr_FR\" \/>\n<meta property=\"og:type\" content=\"article\" \/>\n<meta property=\"og:title\" content=\"FESPACO 2025 : Le ministre tchadien en charge de la Culture salue l&#039;hospitalit\u00e9 des Burkinab\u00e8\u00a0 - La Tribune du Faso\" \/>\n<meta property=\"og:description\" content=\"Pr\u00e9sent \u00e0 Ouagadougou dans le cadre de la 29e \u00e9dition du Festival panafricain du cin\u00e9ma et de la t\u00e9l\u00e9vision de Ouagadougou (FESPACO), le ministre tchadien en charge de la culture a salu\u00e9 l\u2019hospitalit\u00e9 du peuple burkinab\u00e8.\" \/>\n<meta property=\"og:url\" content=\"https:\/\/www.latribunedufaso.net\/?p=18970\" \/>\n<meta property=\"og:site_name\" content=\"La Tribune du Faso\" \/>\n<meta property=\"article:publisher\" content=\"https:\/\/www.facebook.com\/LatribuneduFaso\/\" \/>\n<meta property=\"article:published_time\" content=\"2025-02-21T16:32:57+00:00\" \/>\n<meta property=\"og:image\" content=\"https:\/\/www.latribunedufaso.net\/wp-content\/uploads\/2025\/02\/FB_IMG_1740155051471.jpg\" \/>\n\t<meta property=\"og:image:width\" content=\"720\" \/>\n\t<meta property=\"og:image:height\" content=\"466\" \/>\n\t<meta property=\"og:image:type\" content=\"image\/jpeg\" \/>\n<meta name=\"author\" content=\"Issouf Tapsoba\" \/>\n<meta name=\"twitter:label1\" content=\"\u00c9crit par\" \/>\n\t<meta name=\"twitter:data1\" content=\"Issouf Tapsoba\" \/>\n\t<meta name=\"twitter:label2\" content=\"Dur\u00e9e de lecture estim\u00e9e\" \/>\n\t<meta name=\"twitter:data2\" content=\"2 minutes\" \/>\n<script type=\"application\/ld+json\" class=\"yoast-schema-graph\">{\"@context\":\"https:\\\/\\\/schema.org\",\"@graph\":[{\"@type\":\"Article\",\"@id\":\"https:\\\/\\\/www.latribunedufaso.net\\\/?p=18970#article\",\"isPartOf\":{\"@id\":\"https:\\\/\\\/www.latribunedufaso.net\\\/?p=18970\"},\"author\":{\"name\":\"Issouf Tapsoba\",\"@id\":\"https:\\\/\\\/www.latribunedufaso.net\\\/#\\\/schema\\\/person\\\/e54e64c5778a7e72cf80a318b7a622b0\"},\"headline\":\"FESPACO 2025 : Le ministre tchadien en charge de la Culture salue l&rsquo;hospitalit\u00e9 des Burkinab\u00e8\u00a0\",\"datePublished\":\"2025-02-21T16:32:57+00:00\",\"mainEntityOfPage\":{\"@id\":\"https:\\\/\\\/www.latribunedufaso.net\\\/?p=18970\"},\"wordCount\":504,\"commentCount\":0,\"publisher\":{\"@id\":\"https:\\\/\\\/www.latribunedufaso.net\\\/#organization\"},\"image\":{\"@id\":\"https:\\\/\\\/www.latribunedufaso.net\\\/?p=18970#primaryimage\"},\"thumbnailUrl\":\"https:\\\/\\\/www.latribunedufaso.net\\\/wp-content\\\/uploads\\\/2025\\\/02\\\/FB_IMG_1740155051471.jpg\",\"keywords\":[\"29\u00e8me \u00e9dition du FESPACO\",\"latribunedufaso.net\"],\"articleSection\":[\"A la une\",\"Actualit\u00e9\",\"Art et Culture\"],\"inLanguage\":\"fr-FR\",\"potentialAction\":[{\"@type\":\"CommentAction\",\"name\":\"Comment\",\"target\":[\"https:\\\/\\\/www.latribunedufaso.net\\\/?p=18970#respond\"]}]},{\"@type\":\"WebPage\",\"@id\":\"https:\\\/\\\/www.latribunedufaso.net\\\/?p=18970\",\"url\":\"https:\\\/\\\/www.latribunedufaso.net\\\/?p=18970\",\"name\":\"FESPACO 2025 : Le ministre tchadien en charge de la Culture salue l'hospitalit\u00e9 des Burkinab\u00e8\u00a0 - La Tribune du Faso\",\"isPartOf\":{\"@id\":\"https:\\\/\\\/www.latribunedufaso.net\\\/#website\"},\"primaryImageOfPage\":{\"@id\":\"https:\\\/\\\/www.latribunedufaso.net\\\/?p=18970#primaryimage\"},\"image\":{\"@id\":\"https:\\\/\\\/www.latribunedufaso.net\\\/?p=18970#primaryimage\"},\"thumbnailUrl\":\"https:\\\/\\\/www.latribunedufaso.net\\\/wp-content\\\/uploads\\\/2025\\\/02\\\/FB_IMG_1740155051471.jpg\",\"datePublished\":\"2025-02-21T16:32:57+00:00\",\"breadcrumb\":{\"@id\":\"https:\\\/\\\/www.latribunedufaso.net\\\/?p=18970#breadcrumb\"},\"inLanguage\":\"fr-FR\",\"potentialAction\":[{\"@type\":\"ReadAction\",\"target\":[\"https:\\\/\\\/www.latribunedufaso.net\\\/?p=18970\"]}]},{\"@type\":\"ImageObject\",\"inLanguage\":\"fr-FR\",\"@id\":\"https:\\\/\\\/www.latribunedufaso.net\\\/?p=18970#primaryimage\",\"url\":\"https:\\\/\\\/www.latribunedufaso.net\\\/wp-content\\\/uploads\\\/2025\\\/02\\\/FB_IMG_1740155051471.jpg\",\"contentUrl\":\"https:\\\/\\\/www.latribunedufaso.net\\\/wp-content\\\/uploads\\\/2025\\\/02\\\/FB_IMG_1740155051471.jpg\",\"width\":720,\"height\":466,\"caption\":\"Le Premier ministre, Jean Emmanuel Ou\u00e9draogo a accord\u00e9 une audience au ministre en charge de la Culture du Tchad, a l'occasion du FESPACO, 21 f\u00e9vrier 2025\"},{\"@type\":\"BreadcrumbList\",\"@id\":\"https:\\\/\\\/www.latribunedufaso.net\\\/?p=18970#breadcrumb\",\"itemListElement\":[{\"@type\":\"ListItem\",\"position\":1,\"name\":\"Accueil\",\"item\":\"https:\\\/\\\/www.latribunedufaso.net\\\/\"},{\"@type\":\"ListItem\",\"position\":2,\"name\":\"FESPACO 2025 : Le ministre tchadien en charge de la Culture salue l&rsquo;hospitalit\u00e9 des Burkinab\u00e8\u00a0\"}]},{\"@type\":\"WebSite\",\"@id\":\"https:\\\/\\\/www.latribunedufaso.net\\\/#website\",\"url\":\"https:\\\/\\\/www.latribunedufaso.net\\\/\",\"name\":\"La Tribune du Faso\",\"description\":\"L&#039;information du monde rural en un clic\",\"publisher\":{\"@id\":\"https:\\\/\\\/www.latribunedufaso.net\\\/#organization\"},\"potentialAction\":[{\"@type\":\"SearchAction\",\"target\":{\"@type\":\"EntryPoint\",\"urlTemplate\":\"https:\\\/\\\/www.latribunedufaso.net\\\/?s={search_term_string}\"},\"query-input\":{\"@type\":\"PropertyValueSpecification\",\"valueRequired\":true,\"valueName\":\"search_term_string\"}}],\"inLanguage\":\"fr-FR\"},{\"@type\":\"Organization\",\"@id\":\"https:\\\/\\\/www.latribunedufaso.net\\\/#organization\",\"name\":\"La Tribune du Faso\",\"url\":\"https:\\\/\\\/www.latribunedufaso.net\\\/\",\"logo\":{\"@type\":\"ImageObject\",\"inLanguage\":\"fr-FR\",\"@id\":\"https:\\\/\\\/www.latribunedufaso.net\\\/#\\\/schema\\\/logo\\\/image\\\/\",\"url\":\"https:\\\/\\\/www.latribunedufaso.net\\\/wp-content\\\/uploads\\\/2020\\\/08\\\/Logo-Tribune-du-Faso-final-scaled.jpg\",\"contentUrl\":\"https:\\\/\\\/www.latribunedufaso.net\\\/wp-content\\\/uploads\\\/2020\\\/08\\\/Logo-Tribune-du-Faso-final-scaled.jpg\",\"width\":2560,\"height\":1856,\"caption\":\"La Tribune du Faso\"},\"image\":{\"@id\":\"https:\\\/\\\/www.latribunedufaso.net\\\/#\\\/schema\\\/logo\\\/image\\\/\"},\"sameAs\":[\"https:\\\/\\\/www.facebook.com\\\/LatribuneduFaso\\\/\"]},{\"@type\":\"Person\",\"@id\":\"https:\\\/\\\/www.latribunedufaso.net\\\/#\\\/schema\\\/person\\\/e54e64c5778a7e72cf80a318b7a622b0\",\"name\":\"Issouf Tapsoba\",\"image\":{\"@type\":\"ImageObject\",\"inLanguage\":\"fr-FR\",\"@id\":\"https:\\\/\\\/secure.gravatar.com\\\/avatar\\\/5e6c05150ce3230247d167f5b94d678eb05936197436d69b7921e3a95c9107ac?s=96&d=mm&r=g\",\"url\":\"https:\\\/\\\/secure.gravatar.com\\\/avatar\\\/5e6c05150ce3230247d167f5b94d678eb05936197436d69b7921e3a95c9107ac?s=96&d=mm&r=g\",\"contentUrl\":\"https:\\\/\\\/secure.gravatar.com\\\/avatar\\\/5e6c05150ce3230247d167f5b94d678eb05936197436d69b7921e3a95c9107ac?s=96&d=mm&r=g\",\"caption\":\"Issouf Tapsoba\"},\"url\":\"https:\\\/\\\/www.latribunedufaso.net\\\/?author=5\"}]}<\/script>\n<!-- \/ Yoast SEO plugin. -->","yoast_head_json":{"title":"FESPACO 2025 : Le ministre tchadien en charge de la Culture salue l'hospitalit\u00e9 des Burkinab\u00e8\u00a0 - La Tribune du Faso","robots":{"index":"index","follow":"follow","max-snippet":"max-snippet:-1","max-image-preview":"max-image-preview:large","max-video-preview":"max-video-preview:-1"},"canonical":"https:\/\/www.latribunedufaso.net\/?p=18970","og_locale":"fr_FR","og_type":"article","og_title":"FESPACO 2025 : Le ministre tchadien en charge de la Culture salue l'hospitalit\u00e9 des Burkinab\u00e8\u00a0 - La Tribune du Faso","og_description":"Pr\u00e9sent \u00e0 Ouagadougou dans le cadre de la 29e \u00e9dition du Festival panafricain du cin\u00e9ma et de la t\u00e9l\u00e9vision de Ouagadougou (FESPACO), le ministre tchadien en charge de la culture a salu\u00e9 l\u2019hospitalit\u00e9 du peuple burkinab\u00e8.","og_url":"https:\/\/www.latribunedufaso.net\/?p=18970","og_site_name":"La Tribune du Faso","article_publisher":"https:\/\/www.facebook.com\/LatribuneduFaso\/","article_published_time":"2025-02-21T16:32:57+00:00","og_image":[{"width":720,"height":466,"url":"https:\/\/www.latribunedufaso.net\/wp-content\/uploads\/2025\/02\/FB_IMG_1740155051471.jpg","type":"image\/jpeg"}],"author":"Issouf Tapsoba","twitter_misc":{"\u00c9crit par":"Issouf Tapsoba","Dur\u00e9e de lecture estim\u00e9e":"2 minutes"},"schema":{"@context":"https:\/\/schema.org","@graph":[{"@type":"Article","@id":"https:\/\/www.latribunedufaso.net\/?p=18970#article","isPartOf":{"@id":"https:\/\/www.latribunedufaso.net\/?p=18970"},"author":{"name":"Issouf Tapsoba","@id":"https:\/\/www.latribunedufaso.net\/#\/schema\/person\/e54e64c5778a7e72cf80a318b7a622b0"},"headline":"FESPACO 2025 : Le ministre tchadien en charge de la Culture salue l&rsquo;hospitalit\u00e9 des Burkinab\u00e8\u00a0","datePublished":"2025-02-21T16:32:57+00:00","mainEntityOfPage":{"@id":"https:\/\/www.latribunedufaso.net\/?p=18970"},"wordCount":504,"commentCount":0,"publisher":{"@id":"https:\/\/www.latribunedufaso.net\/#organization"},"image":{"@id":"https:\/\/www.latribunedufaso.net\/?p=18970#primaryimage"},"thumbnailUrl":"https:\/\/www.latribunedufaso.net\/wp-content\/uploads\/2025\/02\/FB_IMG_1740155051471.jpg","keywords":["29\u00e8me \u00e9dition du FESPACO","latribunedufaso.net"],"articleSection":["A la une","Actualit\u00e9","Art et Culture"],"inLanguage":"fr-FR","potentialAction":[{"@type":"CommentAction","name":"Comment","target":["https:\/\/www.latribunedufaso.net\/?p=18970#respond"]}]},{"@type":"WebPage","@id":"https:\/\/www.latribunedufaso.net\/?p=18970","url":"https:\/\/www.latribunedufaso.net\/?p=18970","name":"FESPACO 2025 : Le ministre tchadien en charge de la Culture salue l'hospitalit\u00e9 des Burkinab\u00e8\u00a0 - La Tribune du Faso","isPartOf":{"@id":"https:\/\/www.latribunedufaso.net\/#website"},"primaryImageOfPage":{"@id":"https:\/\/www.latribunedufaso.net\/?p=18970#primaryimage"},"image":{"@id":"https:\/\/www.latribunedufaso.net\/?p=18970#primaryimage"},"thumbnailUrl":"https:\/\/www.latribunedufaso.net\/wp-content\/uploads\/2025\/02\/FB_IMG_1740155051471.jpg","datePublished":"2025-02-21T16:32:57+00:00","breadcrumb":{"@id":"https:\/\/www.latribunedufaso.net\/?p=18970#breadcrumb"},"inLanguage":"fr-FR","potentialAction":[{"@type":"ReadAction","target":["https:\/\/www.latribunedufaso.net\/?p=18970"]}]},{"@type":"ImageObject","inLanguage":"fr-FR","@id":"https:\/\/www.latribunedufaso.net\/?p=18970#primaryimage","url":"https:\/\/www.latribunedufaso.net\/wp-content\/uploads\/2025\/02\/FB_IMG_1740155051471.jpg","contentUrl":"https:\/\/www.latribunedufaso.net\/wp-content\/uploads\/2025\/02\/FB_IMG_1740155051471.jpg","width":720,"height":466,"caption":"Le Premier ministre, Jean Emmanuel Ou\u00e9draogo a accord\u00e9 une audience au ministre en charge de la Culture du Tchad, a l'occasion du FESPACO, 21 f\u00e9vrier 2025"},{"@type":"BreadcrumbList","@id":"https:\/\/www.latribunedufaso.net\/?p=18970#breadcrumb","itemListElement":[{"@type":"ListItem","position":1,"name":"Accueil","item":"https:\/\/www.latribunedufaso.net\/"},{"@type":"ListItem","position":2,"name":"FESPACO 2025 : Le ministre tchadien en charge de la Culture salue l&rsquo;hospitalit\u00e9 des Burkinab\u00e8\u00a0"}]},{"@type":"WebSite","@id":"https:\/\/www.latribunedufaso.net\/#website","url":"https:\/\/www.latribunedufaso.net\/","name":"La Tribune du Faso","description":"L&#039;information du monde rural en un clic","publisher":{"@id":"https:\/\/www.latribunedufaso.net\/#organization"},"potentialAction":[{"@type":"SearchAction","target":{"@type":"EntryPoint","urlTemplate":"https:\/\/www.latribunedufaso.net\/?s={search_term_string}"},"query-input":{"@type":"PropertyValueSpecification","valueRequired":true,"valueName":"search_term_string"}}],"inLanguage":"fr-FR"},{"@type":"Organization","@id":"https:\/\/www.latribunedufaso.net\/#organization","name":"La Tribune du Faso","url":"https:\/\/www.latribunedufaso.net\/","logo":{"@type":"ImageObject","inLanguage":"fr-FR","@id":"https:\/\/www.latribunedufaso.net\/#\/schema\/logo\/image\/","url":"https:\/\/www.latribunedufaso.net\/wp-content\/uploads\/2020\/08\/Logo-Tribune-du-Faso-final-scaled.jpg","contentUrl":"https:\/\/www.latribunedufaso.net\/wp-content\/uploads\/2020\/08\/Logo-Tribune-du-Faso-final-scaled.jpg","width":2560,"height":1856,"caption":"La Tribune du Faso"},"image":{"@id":"https:\/\/www.latribunedufaso.net\/#\/schema\/logo\/image\/"},"sameAs":["https:\/\/www.facebook.com\/LatribuneduFaso\/"]},{"@type":"Person","@id":"https:\/\/www.latribunedufaso.net\/#\/schema\/person\/e54e64c5778a7e72cf80a318b7a622b0","name":"Issouf Tapsoba","image":{"@type":"ImageObject","inLanguage":"fr-FR","@id":"https:\/\/secure.gravatar.com\/avatar\/5e6c05150ce3230247d167f5b94d678eb05936197436d69b7921e3a95c9107ac?s=96&d=mm&r=g","url":"https:\/\/secure.gravatar.com\/avatar\/5e6c05150ce3230247d167f5b94d678eb05936197436d69b7921e3a95c9107ac?s=96&d=mm&r=g","contentUrl":"https:\/\/secure.gravatar.com\/avatar\/5e6c05150ce3230247d167f5b94d678eb05936197436d69b7921e3a95c9107ac?s=96&d=mm&r=g","caption":"Issouf Tapsoba"},"url":"https:\/\/www.latribunedufaso.net\/?author=5"}]}},"_links":{"self":[{"href":"https:\/\/www.latribunedufaso.net\/index.php?rest_route=\/wp\/v2\/posts\/18970","targetHints":{"allow":["GET"]}}],"collection":[{"href":"https:\/\/www.latribunedufaso.net\/index.php?rest_route=\/wp\/v2\/posts"}],"about":[{"href":"https:\/\/www.latribunedufaso.net\/index.php?rest_route=\/wp\/v2\/types\/post"}],"author":[{"embeddable":true,"href":"https:\/\/www.latribunedufaso.net\/index.php?rest_route=\/wp\/v2\/users\/5"}],"replies":[{"embeddable":true,"href":"https:\/\/www.latribunedufaso.net\/index.php?rest_route=%2Fwp%2Fv2%2Fcomments&post=18970"}],"version-history":[{"count":1,"href":"https:\/\/www.latribunedufaso.net\/index.php?rest_route=\/wp\/v2\/posts\/18970\/revisions"}],"predecessor-version":[{"id":18974,"href":"https:\/\/www.latribunedufaso.net\/index.php?rest_route=\/wp\/v2\/posts\/18970\/revisions\/18974"}],"wp:featuredmedia":[{"embeddable":true,"href":"https:\/\/www.latribunedufaso.net\/index.php?rest_route=\/wp\/v2\/media\/18973"}],"wp:attachment":[{"href":"https:\/\/www.latribunedufaso.net\/index.php?rest_route=%2Fwp%2Fv2%2Fmedia&parent=18970"}],"wp:term":[{"taxonomy":"category","embeddable":true,"href":"https:\/\/www.latribunedufaso.net\/index.php?rest_route=%2Fwp%2Fv2%2Fcategories&post=18970"},{"taxonomy":"post_tag","embeddable":true,"href":"https:\/\/www.latribunedufaso.net\/index.php?rest_route=%2Fwp%2Fv2%2Ftags&post=18970"}],"curies":[{"name":"wp","href":"https:\/\/api.w.org\/{rel}","templated":true}]}}