{"id":18947,"date":"2025-02-20T14:42:43","date_gmt":"2025-02-20T14:42:43","guid":{"rendered":"https:\/\/www.latribunedufaso.net\/?p=18947"},"modified":"2025-02-21T15:10:10","modified_gmt":"2025-02-21T15:10:10","slug":"rapport-2023-de-la-cour-des-comptes-des-irregularites-constatees-dans-la-gestion-des-ressources-publiques","status":"publish","type":"post","link":"https:\/\/www.latribunedufaso.net\/?p=18947","title":{"rendered":"Rapport 2023 de la Cour des comptes : Des irr\u00e9gularit\u00e9s constat\u00e9es dans la gestion des ressources publiques\u00a0"},"content":{"rendered":"<p><strong style=\"font-size: 1.0625rem;\">La Cour des comptes a pr\u00e9sent\u00e9 son rapport public 2023 \u00e0 la presse, le 20 f\u00e9vrier 2025 \u00e0 Ouagadougou.\u00a0<\/strong><\/p>\n<p><!--more--><\/p>\n<p>Dans le cadre de sa mission de recevabilit\u00e9, la Cour des comptes a pr\u00e9sent\u00e9 son rapport public annuel 2023, le 20 f\u00e9vrier 2025 \u00e0 Ouagadougou. Cela fait suite \u00e0 la remise dudit rapport au Pr\u00e9sident du Faso, effectu\u00e9e le 26 novembre 2024.<\/p>\n<p>Selon le Premier pr\u00e9sident de la Cour des comptes, Latin Poda, ce rapport est le fruit des observations et v\u00e9rifications men\u00e9es par la Cour au cours de l\u2019ann\u00e9e judiciaire 2021-2022. Il y ressort des jugements acc\u00e9l\u00e9r\u00e9s des comptes de gestion, des actions judiciaires, des activit\u00e9s de contr\u00f4le, des recommandations et condamnations.\u00a0<\/p>\n<p>En publiant ce rapport, l\u2019institution r\u00e9affirme son attachement \u00e0 une gestion<em><strong> \u00ab saine et rigoureuse \u00bb<\/strong><\/em> des ressources publiques, en conformit\u00e9 avec ses missions, selon Latin Poda.<\/p>\n<h3>Des projets financ\u00e9s par le FMDL, ne respectant pas les plans locaux de d\u00e9veloppement\u00a0<\/h3>\n<p>Des activit\u00e9s de contr\u00f4le, la Cour a fait plusieurs constats. En effet, elle indique que les investissements faits avec le Fonds minier de d\u00e9veloppement local (FMDL) ne respectent pas toujours les plans de d\u00e9veloppement locaux. <em><strong>\u00ab La Cour a constat\u00e9 que les Plan locaux de d\u00e9veloppement existent et sont valides sur la p\u00e9riode sous revue. Toutefois, les investissements identifi\u00e9s pour \u00eatre financ\u00e9s sur les ressources du Fonds minier de d\u00e9veloppement local ne sont pas toujours tir\u00e9s de ces plans locaux de d\u00e9veloppement. <\/strong><\/em><\/p>\n<p><em><strong>La Cour a constat\u00e9 que dans la plupart des collectivit\u00e9s territoriales visit\u00e9es, les plans annuels d\u2019investissement ont \u00e9t\u00e9 \u00e9labor\u00e9s et annex\u00e9s aux budgets, mais ne se r\u00e9f\u00e8rent pas toujours au plan local de d\u00e9veloppement \u00bb,<\/strong><\/em> a, entre autres, signifi\u00e9 le Pr\u00e9sident de la Chambre charg\u00e9e du contr\u00f4le des entreprises publiques, Thomas Ou\u00e9draogo.<\/p>\n<h3>Des irr\u00e9gularit\u00e9s constat\u00e9es dans la fourniture de cantine scolaire\u00a0<\/h3>\n<p>Aussi, la Cour des comptes a relev\u00e9 des disparit\u00e9s entre les quantit\u00e9s de vivres inscrites sur des fiches de r\u00e9partition et celles livr\u00e9es dans les communes de Poa, Boromo et P\u00e9ni. <em><strong>\u00ab La Cour a relev\u00e9 que les quantit\u00e9s de vivres inscrites sur certaines fiches de r\u00e9partition ne correspondent pas \u00e0 celles des bordereaux de livraison aux \u00e9coles. La Cour a not\u00e9 l\u2019absence de la garantie de bonne ex\u00e9cution dans les march\u00e9s d\u2019acquisition des vivres. La Cour a not\u00e9 que certaines infrastructures n\u00e9cessaires au fonctionnement de la cantine ne r\u00e9pondent pas aux normes requises \u00bb,<\/strong><\/em>a indiqu\u00e9 Thamas Ou\u00e9draogo, pr\u00e9sentant la synth\u00e8se du rapport.<\/p>\n<figure id=\"attachment_18949\" aria-describedby=\"caption-attachment-18949\" style=\"width: 2560px\" class=\"wp-caption aligncenter\"><a href=\"https:\/\/www.latribunedufaso.net\/wp-content\/uploads\/2025\/02\/IMG-20250221-WA0111.jpg\"><img loading=\"lazy\" decoding=\"async\" class=\"size-full wp-image-18949\" src=\"https:\/\/www.latribunedufaso.net\/wp-content\/uploads\/2025\/02\/IMG-20250221-WA0111.jpg\" alt=\"Pr\u00e9sentation du rapport 2023 de la Cour des comptes \u00e0 la presse, 20 f\u00e9vrier 2025 \u00e0 Ouagadougou \" width=\"2560\" height=\"1927\" srcset=\"https:\/\/www.latribunedufaso.net\/wp-content\/uploads\/2025\/02\/IMG-20250221-WA0111.jpg 2560w, https:\/\/www.latribunedufaso.net\/wp-content\/uploads\/2025\/02\/IMG-20250221-WA0111-300x226.jpg 300w, https:\/\/www.latribunedufaso.net\/wp-content\/uploads\/2025\/02\/IMG-20250221-WA0111-1024x771.jpg 1024w, https:\/\/www.latribunedufaso.net\/wp-content\/uploads\/2025\/02\/IMG-20250221-WA0111-768x578.jpg 768w, https:\/\/www.latribunedufaso.net\/wp-content\/uploads\/2025\/02\/IMG-20250221-WA0111-1536x1156.jpg 1536w, https:\/\/www.latribunedufaso.net\/wp-content\/uploads\/2025\/02\/IMG-20250221-WA0111-2048x1542.jpg 2048w\" sizes=\"auto, (max-width: 2560px) 100vw, 2560px\" \/><\/a><figcaption id=\"caption-attachment-18949\" class=\"wp-caption-text\">Le Pr\u00e9sident de la Chambre charg\u00e9e du contr\u00f4le des entreprises publiques, Thomas Ou\u00e9draogo &#8211; Ph. A. Kiendrebeogo<\/figcaption><\/figure>\n<p>Ainsi, de nombreuses recommandations ont donc \u00e9t\u00e9 formul\u00e9es \u00e0 l\u2019endroit des structures et acteurs concern\u00e9s. En ce qui concerne le FMDL, la Cour recommande aux Pr\u00e9sidents des conseils de collectivit\u00e9 de pr\u00e9voir d\u00e9sormais, lors de l\u2019\u00e9laboration des plans locaux de d\u00e9veloppement, les ressources du Fonds minier de d\u00e9veloppement local comme source de financement des investissements et d\u2019y toujours tenir compte des besoins des populations.<\/p>\n<p>Elle recommande \u00e9galement aux Pr\u00e9sidents des conseils de collectivit\u00e9 d\u2019\u00e9laborer ou de r\u00e9viser leur plan local de d\u00e9veloppement tout en tenant compte des exigences de l\u2019utilisation du fonds et de se r\u00e9f\u00e9rer toujours au plan local de d\u00e9veloppement pour \u00e9laborer leur plan annuel d\u2019investissement. Pour ce qui est des disparit\u00e9s constat\u00e9s entre les quantit\u00e9s de vivres inscrites sur les fiches de r\u00e9partition et celles livr\u00e9es dans les <span style=\"font-size: 1.0625rem;\">\u00e9coles, la Cour recommande aux cadres de concertation des Organisations non gouvernementales (ONG) et associations actives en \u00e9ducation de base de Poa, de Boromo et de P\u00e9ni d\u2019assurer un contr\u00f4le rigoureux de la conformit\u00e9 des bordereaux de livraison avec les fiches de r\u00e9partition des vivres.<\/span><\/p>\n<blockquote>\n<p>Lire aussi &gt;&gt; <a href=\"https:\/\/www.latribunedufaso.net\/?p=11977\">Contr\u00f4le des finances publiques : La Cour des comptes pr\u00e9sente son rapport g\u00e9n\u00e9ral 2022<\/a><\/p>\n<\/blockquote>\n<p><span style=\"font-size: 1.0625rem;\">Aux ordonnateurs des communes de Poa, Boromo et P\u00e9ni, elle leur recommande de coordonner avec les circonscription d\u2019\u00e9ducation de base la distribution des vivres dans les \u00e9coles.\u00a0<\/span><\/p>\n<p><strong>Rosana Astride KIENDREBEOGO\u00a0<\/strong><\/p>\n<p><strong>latribunedufaso.net<\/strong><\/p>\n","protected":false},"excerpt":{"rendered":"<p>La Cour des comptes a pr\u00e9sent\u00e9 son rapport public 2023 \u00e0 la presse, le 20 f\u00e9vrier 2025 \u00e0 Ouagadougou.\u00a0<\/p>\n","protected":false},"author":5,"featured_media":18948,"comment_status":"open","ping_status":"open","sticky":false,"template":"","format":"standard","meta":{"footnotes":""},"categories":[13,1,8],"tags":[717,39],"class_list":["post-18947","post","type-post","status-publish","format-standard","has-post-thumbnail","hentry","category-une","category-actu","category-societe","tag-cour-des-comptes","tag-latribunedufaso-net"],"yoast_head":"<!-- This site is optimized with the Yoast SEO plugin v27.5 - https:\/\/yoast.com\/product\/yoast-seo-wordpress\/ -->\n<title>Rapport 2023 de la Cour des comptes : Des irr\u00e9gularit\u00e9s constat\u00e9es dans la gestion des ressources publiques\u00a0 - La Tribune du Faso<\/title>\n<meta name=\"robots\" content=\"index, follow, max-snippet:-1, max-image-preview:large, max-video-preview:-1\" \/>\n<link rel=\"canonical\" href=\"https:\/\/www.latribunedufaso.net\/?p=18947\" \/>\n<meta property=\"og:locale\" content=\"fr_FR\" \/>\n<meta property=\"og:type\" content=\"article\" \/>\n<meta property=\"og:title\" content=\"Rapport 2023 de la Cour des comptes : Des irr\u00e9gularit\u00e9s constat\u00e9es dans la gestion des ressources publiques\u00a0 - La Tribune du Faso\" \/>\n<meta property=\"og:description\" content=\"La Cour des comptes a pr\u00e9sent\u00e9 son rapport public 2023 \u00e0 la presse, le 20 f\u00e9vrier 2025 \u00e0 Ouagadougou.\u00a0\" \/>\n<meta property=\"og:url\" content=\"https:\/\/www.latribunedufaso.net\/?p=18947\" \/>\n<meta property=\"og:site_name\" content=\"La Tribune du Faso\" \/>\n<meta property=\"article:publisher\" content=\"https:\/\/www.facebook.com\/LatribuneduFaso\/\" \/>\n<meta property=\"article:published_time\" content=\"2025-02-20T14:42:43+00:00\" \/>\n<meta property=\"article:modified_time\" content=\"2025-02-21T15:10:10+00:00\" \/>\n<meta property=\"og:image\" content=\"https:\/\/www.latribunedufaso.net\/wp-content\/uploads\/2025\/02\/FB_IMG_1740149741231.jpg\" \/>\n\t<meta property=\"og:image:width\" content=\"720\" \/>\n\t<meta property=\"og:image:height\" content=\"360\" \/>\n\t<meta property=\"og:image:type\" content=\"image\/jpeg\" \/>\n<meta name=\"author\" content=\"Issouf Tapsoba\" \/>\n<meta name=\"twitter:label1\" content=\"\u00c9crit par\" \/>\n\t<meta name=\"twitter:data1\" content=\"Issouf Tapsoba\" \/>\n\t<meta name=\"twitter:label2\" content=\"Dur\u00e9e de lecture estim\u00e9e\" \/>\n\t<meta name=\"twitter:data2\" content=\"4 minutes\" \/>\n<script type=\"application\/ld+json\" class=\"yoast-schema-graph\">{\"@context\":\"https:\\\/\\\/schema.org\",\"@graph\":[{\"@type\":\"Article\",\"@id\":\"https:\\\/\\\/www.latribunedufaso.net\\\/?p=18947#article\",\"isPartOf\":{\"@id\":\"https:\\\/\\\/www.latribunedufaso.net\\\/?p=18947\"},\"author\":{\"name\":\"Issouf Tapsoba\",\"@id\":\"https:\\\/\\\/www.latribunedufaso.net\\\/#\\\/schema\\\/person\\\/e54e64c5778a7e72cf80a318b7a622b0\"},\"headline\":\"Rapport 2023 de la Cour des comptes : Des irr\u00e9gularit\u00e9s constat\u00e9es dans la gestion des ressources publiques\u00a0\",\"datePublished\":\"2025-02-20T14:42:43+00:00\",\"dateModified\":\"2025-02-21T15:10:10+00:00\",\"mainEntityOfPage\":{\"@id\":\"https:\\\/\\\/www.latribunedufaso.net\\\/?p=18947\"},\"wordCount\":745,\"commentCount\":0,\"publisher\":{\"@id\":\"https:\\\/\\\/www.latribunedufaso.net\\\/#organization\"},\"image\":{\"@id\":\"https:\\\/\\\/www.latribunedufaso.net\\\/?p=18947#primaryimage\"},\"thumbnailUrl\":\"https:\\\/\\\/www.latribunedufaso.net\\\/wp-content\\\/uploads\\\/2025\\\/02\\\/FB_IMG_1740149741231.jpg\",\"keywords\":[\"Cour des comptes\",\"latribunedufaso.net\"],\"articleSection\":[\"A la une\",\"Actualit\u00e9\",\"Soci\u00e9t\u00e9\"],\"inLanguage\":\"fr-FR\",\"potentialAction\":[{\"@type\":\"CommentAction\",\"name\":\"Comment\",\"target\":[\"https:\\\/\\\/www.latribunedufaso.net\\\/?p=18947#respond\"]}]},{\"@type\":\"WebPage\",\"@id\":\"https:\\\/\\\/www.latribunedufaso.net\\\/?p=18947\",\"url\":\"https:\\\/\\\/www.latribunedufaso.net\\\/?p=18947\",\"name\":\"Rapport 2023 de la Cour des comptes : Des irr\u00e9gularit\u00e9s constat\u00e9es dans la gestion des ressources publiques\u00a0 - La Tribune du Faso\",\"isPartOf\":{\"@id\":\"https:\\\/\\\/www.latribunedufaso.net\\\/#website\"},\"primaryImageOfPage\":{\"@id\":\"https:\\\/\\\/www.latribunedufaso.net\\\/?p=18947#primaryimage\"},\"image\":{\"@id\":\"https:\\\/\\\/www.latribunedufaso.net\\\/?p=18947#primaryimage\"},\"thumbnailUrl\":\"https:\\\/\\\/www.latribunedufaso.net\\\/wp-content\\\/uploads\\\/2025\\\/02\\\/FB_IMG_1740149741231.jpg\",\"datePublished\":\"2025-02-20T14:42:43+00:00\",\"dateModified\":\"2025-02-21T15:10:10+00:00\",\"breadcrumb\":{\"@id\":\"https:\\\/\\\/www.latribunedufaso.net\\\/?p=18947#breadcrumb\"},\"inLanguage\":\"fr-FR\",\"potentialAction\":[{\"@type\":\"ReadAction\",\"target\":[\"https:\\\/\\\/www.latribunedufaso.net\\\/?p=18947\"]}]},{\"@type\":\"ImageObject\",\"inLanguage\":\"fr-FR\",\"@id\":\"https:\\\/\\\/www.latribunedufaso.net\\\/?p=18947#primaryimage\",\"url\":\"https:\\\/\\\/www.latribunedufaso.net\\\/wp-content\\\/uploads\\\/2025\\\/02\\\/FB_IMG_1740149741231.jpg\",\"contentUrl\":\"https:\\\/\\\/www.latribunedufaso.net\\\/wp-content\\\/uploads\\\/2025\\\/02\\\/FB_IMG_1740149741231.jpg\",\"width\":720,\"height\":360,\"caption\":\"Pr\u00e9sentation du rapport 2023 de la Cour des comptes \u00e0 la presse, 20 f\u00e9vrier 2025 \u00e0 Ouagadougou\"},{\"@type\":\"BreadcrumbList\",\"@id\":\"https:\\\/\\\/www.latribunedufaso.net\\\/?p=18947#breadcrumb\",\"itemListElement\":[{\"@type\":\"ListItem\",\"position\":1,\"name\":\"Accueil\",\"item\":\"https:\\\/\\\/www.latribunedufaso.net\\\/\"},{\"@type\":\"ListItem\",\"position\":2,\"name\":\"Rapport 2023 de la Cour des comptes : Des irr\u00e9gularit\u00e9s constat\u00e9es dans la gestion des ressources publiques\u00a0\"}]},{\"@type\":\"WebSite\",\"@id\":\"https:\\\/\\\/www.latribunedufaso.net\\\/#website\",\"url\":\"https:\\\/\\\/www.latribunedufaso.net\\\/\",\"name\":\"La Tribune du Faso\",\"description\":\"L&#039;information du monde rural en un clic\",\"publisher\":{\"@id\":\"https:\\\/\\\/www.latribunedufaso.net\\\/#organization\"},\"potentialAction\":[{\"@type\":\"SearchAction\",\"target\":{\"@type\":\"EntryPoint\",\"urlTemplate\":\"https:\\\/\\\/www.latribunedufaso.net\\\/?s={search_term_string}\"},\"query-input\":{\"@type\":\"PropertyValueSpecification\",\"valueRequired\":true,\"valueName\":\"search_term_string\"}}],\"inLanguage\":\"fr-FR\"},{\"@type\":\"Organization\",\"@id\":\"https:\\\/\\\/www.latribunedufaso.net\\\/#organization\",\"name\":\"La Tribune du Faso\",\"url\":\"https:\\\/\\\/www.latribunedufaso.net\\\/\",\"logo\":{\"@type\":\"ImageObject\",\"inLanguage\":\"fr-FR\",\"@id\":\"https:\\\/\\\/www.latribunedufaso.net\\\/#\\\/schema\\\/logo\\\/image\\\/\",\"url\":\"https:\\\/\\\/www.latribunedufaso.net\\\/wp-content\\\/uploads\\\/2020\\\/08\\\/Logo-Tribune-du-Faso-final-scaled.jpg\",\"contentUrl\":\"https:\\\/\\\/www.latribunedufaso.net\\\/wp-content\\\/uploads\\\/2020\\\/08\\\/Logo-Tribune-du-Faso-final-scaled.jpg\",\"width\":2560,\"height\":1856,\"caption\":\"La Tribune du Faso\"},\"image\":{\"@id\":\"https:\\\/\\\/www.latribunedufaso.net\\\/#\\\/schema\\\/logo\\\/image\\\/\"},\"sameAs\":[\"https:\\\/\\\/www.facebook.com\\\/LatribuneduFaso\\\/\"]},{\"@type\":\"Person\",\"@id\":\"https:\\\/\\\/www.latribunedufaso.net\\\/#\\\/schema\\\/person\\\/e54e64c5778a7e72cf80a318b7a622b0\",\"name\":\"Issouf Tapsoba\",\"image\":{\"@type\":\"ImageObject\",\"inLanguage\":\"fr-FR\",\"@id\":\"https:\\\/\\\/secure.gravatar.com\\\/avatar\\\/5e6c05150ce3230247d167f5b94d678eb05936197436d69b7921e3a95c9107ac?s=96&d=mm&r=g\",\"url\":\"https:\\\/\\\/secure.gravatar.com\\\/avatar\\\/5e6c05150ce3230247d167f5b94d678eb05936197436d69b7921e3a95c9107ac?s=96&d=mm&r=g\",\"contentUrl\":\"https:\\\/\\\/secure.gravatar.com\\\/avatar\\\/5e6c05150ce3230247d167f5b94d678eb05936197436d69b7921e3a95c9107ac?s=96&d=mm&r=g\",\"caption\":\"Issouf Tapsoba\"},\"url\":\"https:\\\/\\\/www.latribunedufaso.net\\\/?author=5\"}]}<\/script>\n<!-- \/ Yoast SEO plugin. -->","yoast_head_json":{"title":"Rapport 2023 de la Cour des comptes : Des irr\u00e9gularit\u00e9s constat\u00e9es dans la gestion des ressources publiques\u00a0 - La Tribune du Faso","robots":{"index":"index","follow":"follow","max-snippet":"max-snippet:-1","max-image-preview":"max-image-preview:large","max-video-preview":"max-video-preview:-1"},"canonical":"https:\/\/www.latribunedufaso.net\/?p=18947","og_locale":"fr_FR","og_type":"article","og_title":"Rapport 2023 de la Cour des comptes : Des irr\u00e9gularit\u00e9s constat\u00e9es dans la gestion des ressources publiques\u00a0 - La Tribune du Faso","og_description":"La Cour des comptes a pr\u00e9sent\u00e9 son rapport public 2023 \u00e0 la presse, le 20 f\u00e9vrier 2025 \u00e0 Ouagadougou.\u00a0","og_url":"https:\/\/www.latribunedufaso.net\/?p=18947","og_site_name":"La Tribune du Faso","article_publisher":"https:\/\/www.facebook.com\/LatribuneduFaso\/","article_published_time":"2025-02-20T14:42:43+00:00","article_modified_time":"2025-02-21T15:10:10+00:00","og_image":[{"width":720,"height":360,"url":"https:\/\/www.latribunedufaso.net\/wp-content\/uploads\/2025\/02\/FB_IMG_1740149741231.jpg","type":"image\/jpeg"}],"author":"Issouf Tapsoba","twitter_misc":{"\u00c9crit par":"Issouf Tapsoba","Dur\u00e9e de lecture estim\u00e9e":"4 minutes"},"schema":{"@context":"https:\/\/schema.org","@graph":[{"@type":"Article","@id":"https:\/\/www.latribunedufaso.net\/?p=18947#article","isPartOf":{"@id":"https:\/\/www.latribunedufaso.net\/?p=18947"},"author":{"name":"Issouf Tapsoba","@id":"https:\/\/www.latribunedufaso.net\/#\/schema\/person\/e54e64c5778a7e72cf80a318b7a622b0"},"headline":"Rapport 2023 de la Cour des comptes : Des irr\u00e9gularit\u00e9s constat\u00e9es dans la gestion des ressources publiques\u00a0","datePublished":"2025-02-20T14:42:43+00:00","dateModified":"2025-02-21T15:10:10+00:00","mainEntityOfPage":{"@id":"https:\/\/www.latribunedufaso.net\/?p=18947"},"wordCount":745,"commentCount":0,"publisher":{"@id":"https:\/\/www.latribunedufaso.net\/#organization"},"image":{"@id":"https:\/\/www.latribunedufaso.net\/?p=18947#primaryimage"},"thumbnailUrl":"https:\/\/www.latribunedufaso.net\/wp-content\/uploads\/2025\/02\/FB_IMG_1740149741231.jpg","keywords":["Cour des comptes","latribunedufaso.net"],"articleSection":["A la une","Actualit\u00e9","Soci\u00e9t\u00e9"],"inLanguage":"fr-FR","potentialAction":[{"@type":"CommentAction","name":"Comment","target":["https:\/\/www.latribunedufaso.net\/?p=18947#respond"]}]},{"@type":"WebPage","@id":"https:\/\/www.latribunedufaso.net\/?p=18947","url":"https:\/\/www.latribunedufaso.net\/?p=18947","name":"Rapport 2023 de la Cour des comptes : Des irr\u00e9gularit\u00e9s constat\u00e9es dans la gestion des ressources publiques\u00a0 - La Tribune du Faso","isPartOf":{"@id":"https:\/\/www.latribunedufaso.net\/#website"},"primaryImageOfPage":{"@id":"https:\/\/www.latribunedufaso.net\/?p=18947#primaryimage"},"image":{"@id":"https:\/\/www.latribunedufaso.net\/?p=18947#primaryimage"},"thumbnailUrl":"https:\/\/www.latribunedufaso.net\/wp-content\/uploads\/2025\/02\/FB_IMG_1740149741231.jpg","datePublished":"2025-02-20T14:42:43+00:00","dateModified":"2025-02-21T15:10:10+00:00","breadcrumb":{"@id":"https:\/\/www.latribunedufaso.net\/?p=18947#breadcrumb"},"inLanguage":"fr-FR","potentialAction":[{"@type":"ReadAction","target":["https:\/\/www.latribunedufaso.net\/?p=18947"]}]},{"@type":"ImageObject","inLanguage":"fr-FR","@id":"https:\/\/www.latribunedufaso.net\/?p=18947#primaryimage","url":"https:\/\/www.latribunedufaso.net\/wp-content\/uploads\/2025\/02\/FB_IMG_1740149741231.jpg","contentUrl":"https:\/\/www.latribunedufaso.net\/wp-content\/uploads\/2025\/02\/FB_IMG_1740149741231.jpg","width":720,"height":360,"caption":"Pr\u00e9sentation du rapport 2023 de la Cour des comptes \u00e0 la presse, 20 f\u00e9vrier 2025 \u00e0 Ouagadougou"},{"@type":"BreadcrumbList","@id":"https:\/\/www.latribunedufaso.net\/?p=18947#breadcrumb","itemListElement":[{"@type":"ListItem","position":1,"name":"Accueil","item":"https:\/\/www.latribunedufaso.net\/"},{"@type":"ListItem","position":2,"name":"Rapport 2023 de la Cour des comptes : Des irr\u00e9gularit\u00e9s constat\u00e9es dans la gestion des ressources publiques\u00a0"}]},{"@type":"WebSite","@id":"https:\/\/www.latribunedufaso.net\/#website","url":"https:\/\/www.latribunedufaso.net\/","name":"La Tribune du Faso","description":"L&#039;information du monde rural en un clic","publisher":{"@id":"https:\/\/www.latribunedufaso.net\/#organization"},"potentialAction":[{"@type":"SearchAction","target":{"@type":"EntryPoint","urlTemplate":"https:\/\/www.latribunedufaso.net\/?s={search_term_string}"},"query-input":{"@type":"PropertyValueSpecification","valueRequired":true,"valueName":"search_term_string"}}],"inLanguage":"fr-FR"},{"@type":"Organization","@id":"https:\/\/www.latribunedufaso.net\/#organization","name":"La Tribune du Faso","url":"https:\/\/www.latribunedufaso.net\/","logo":{"@type":"ImageObject","inLanguage":"fr-FR","@id":"https:\/\/www.latribunedufaso.net\/#\/schema\/logo\/image\/","url":"https:\/\/www.latribunedufaso.net\/wp-content\/uploads\/2020\/08\/Logo-Tribune-du-Faso-final-scaled.jpg","contentUrl":"https:\/\/www.latribunedufaso.net\/wp-content\/uploads\/2020\/08\/Logo-Tribune-du-Faso-final-scaled.jpg","width":2560,"height":1856,"caption":"La Tribune du Faso"},"image":{"@id":"https:\/\/www.latribunedufaso.net\/#\/schema\/logo\/image\/"},"sameAs":["https:\/\/www.facebook.com\/LatribuneduFaso\/"]},{"@type":"Person","@id":"https:\/\/www.latribunedufaso.net\/#\/schema\/person\/e54e64c5778a7e72cf80a318b7a622b0","name":"Issouf Tapsoba","image":{"@type":"ImageObject","inLanguage":"fr-FR","@id":"https:\/\/secure.gravatar.com\/avatar\/5e6c05150ce3230247d167f5b94d678eb05936197436d69b7921e3a95c9107ac?s=96&d=mm&r=g","url":"https:\/\/secure.gravatar.com\/avatar\/5e6c05150ce3230247d167f5b94d678eb05936197436d69b7921e3a95c9107ac?s=96&d=mm&r=g","contentUrl":"https:\/\/secure.gravatar.com\/avatar\/5e6c05150ce3230247d167f5b94d678eb05936197436d69b7921e3a95c9107ac?s=96&d=mm&r=g","caption":"Issouf Tapsoba"},"url":"https:\/\/www.latribunedufaso.net\/?author=5"}]}},"_links":{"self":[{"href":"https:\/\/www.latribunedufaso.net\/index.php?rest_route=\/wp\/v2\/posts\/18947","targetHints":{"allow":["GET"]}}],"collection":[{"href":"https:\/\/www.latribunedufaso.net\/index.php?rest_route=\/wp\/v2\/posts"}],"about":[{"href":"https:\/\/www.latribunedufaso.net\/index.php?rest_route=\/wp\/v2\/types\/post"}],"author":[{"embeddable":true,"href":"https:\/\/www.latribunedufaso.net\/index.php?rest_route=\/wp\/v2\/users\/5"}],"replies":[{"embeddable":true,"href":"https:\/\/www.latribunedufaso.net\/index.php?rest_route=%2Fwp%2Fv2%2Fcomments&post=18947"}],"version-history":[{"count":1,"href":"https:\/\/www.latribunedufaso.net\/index.php?rest_route=\/wp\/v2\/posts\/18947\/revisions"}],"predecessor-version":[{"id":18950,"href":"https:\/\/www.latribunedufaso.net\/index.php?rest_route=\/wp\/v2\/posts\/18947\/revisions\/18950"}],"wp:featuredmedia":[{"embeddable":true,"href":"https:\/\/www.latribunedufaso.net\/index.php?rest_route=\/wp\/v2\/media\/18948"}],"wp:attachment":[{"href":"https:\/\/www.latribunedufaso.net\/index.php?rest_route=%2Fwp%2Fv2%2Fmedia&parent=18947"}],"wp:term":[{"taxonomy":"category","embeddable":true,"href":"https:\/\/www.latribunedufaso.net\/index.php?rest_route=%2Fwp%2Fv2%2Fcategories&post=18947"},{"taxonomy":"post_tag","embeddable":true,"href":"https:\/\/www.latribunedufaso.net\/index.php?rest_route=%2Fwp%2Fv2%2Ftags&post=18947"}],"curies":[{"name":"wp","href":"https:\/\/api.w.org\/{rel}","templated":true}]}}