{"id":18880,"date":"2025-02-18T20:03:02","date_gmt":"2025-02-18T20:03:02","guid":{"rendered":"https:\/\/www.latribunedufaso.net\/?p=18880"},"modified":"2025-02-18T20:03:02","modified_gmt":"2025-02-18T20:03:02","slug":"regulation-des-medias-et-de-la-communication-les-rapports-publics-2022-et-2023-du-csc-remis-au-president-du-faso","status":"publish","type":"post","link":"https:\/\/www.latribunedufaso.net\/?p=18880","title":{"rendered":"R\u00e9gulation des m\u00e9dias et de la communication : Les rapports publics 2022 et 2023 du CSC remis au Pr\u00e9sident du Faso"},"content":{"rendered":"<p><strong style=\"font-size: 1.0625rem;\">Le Pr\u00e9sident du Faso, Chef de l\u2019\u00c9tat, le Capitaine Ibrahim Traor\u00e9 a re\u00e7u, le 18 f\u00e9vrier 2025 \u00e0 Ouagadougou, au cours d&rsquo;une audience, les rapports publics des ann\u00e9es 2022 et 2023 du Conseil sup\u00e9rieur de la Communication (CSC).<\/strong><\/p>\n<p><!--more--><\/p>\n<p>Le pr\u00e9sident du CSC,\u00a0 Louis Modeste Ou\u00e9draogo et sa d\u00e9l\u00e9gation se disent satisfaits des \u00e9changes avec le Chef de l\u2019\u00c9tat. <em><strong>\u00ab Nous repartons tr\u00e8s motiv\u00e9s et nous pensons que nous pourrons davantage accomplir de grandes choses pour que la communication soit une communication sociale saine, afin que le CSC puisse contribuer plus efficacement aux diff\u00e9rentes actions de d\u00e9veloppement de notre pays \u00bb,<\/strong><\/em> indique Louis Modeste Ou\u00e9draogo.<\/p>\n<figure id=\"attachment_18883\" aria-describedby=\"caption-attachment-18883\" style=\"width: 1600px\" class=\"wp-caption aligncenter\"><a href=\"https:\/\/www.latribunedufaso.net\/wp-content\/uploads\/2025\/02\/IMG-20250218-WA0061.jpg\"><img loading=\"lazy\" decoding=\"async\" class=\"size-full wp-image-18883\" src=\"https:\/\/www.latribunedufaso.net\/wp-content\/uploads\/2025\/02\/IMG-20250218-WA0061.jpg\" alt=\"Le Pr\u00e9sident du Faso a re\u00e7u le rapport 2022 et 2023 du CSC, le 18 f\u00e9vrier 2025\" width=\"1600\" height=\"1067\" srcset=\"https:\/\/www.latribunedufaso.net\/wp-content\/uploads\/2025\/02\/IMG-20250218-WA0061.jpg 1600w, https:\/\/www.latribunedufaso.net\/wp-content\/uploads\/2025\/02\/IMG-20250218-WA0061-300x200.jpg 300w, https:\/\/www.latribunedufaso.net\/wp-content\/uploads\/2025\/02\/IMG-20250218-WA0061-1024x683.jpg 1024w, https:\/\/www.latribunedufaso.net\/wp-content\/uploads\/2025\/02\/IMG-20250218-WA0061-768x512.jpg 768w, https:\/\/www.latribunedufaso.net\/wp-content\/uploads\/2025\/02\/IMG-20250218-WA0061-1536x1024.jpg 1536w, https:\/\/www.latribunedufaso.net\/wp-content\/uploads\/2025\/02\/IMG-20250218-WA0061-840x560.jpg 840w, https:\/\/www.latribunedufaso.net\/wp-content\/uploads\/2025\/02\/IMG-20250218-WA0061-120x80.jpg 120w, https:\/\/www.latribunedufaso.net\/wp-content\/uploads\/2025\/02\/IMG-20250218-WA0061-360x240.jpg 360w, https:\/\/www.latribunedufaso.net\/wp-content\/uploads\/2025\/02\/IMG-20250218-WA0061-600x400.jpg 600w\" sizes=\"auto, (max-width: 1600px) 100vw, 1600px\" \/><\/a><figcaption id=\"caption-attachment-18883\" class=\"wp-caption-text\">Le Pr\u00e9sident du CSC, Louis Modeste Ou\u00e9draogo &#8211; Ph. DR<\/figcaption><\/figure>\n<p>Au cours de cette audience, la d\u00e9l\u00e9gation du CSC a pr\u00e9sent\u00e9 l\u2019\u00e9tat des m\u00e9dias et de la communication. Selon le pr\u00e9sident du CSC, les rapports 2022 et 2023 soulignent une am\u00e9lioration du contenu, surtout dans les m\u00e9dias classiques, tout en reconnaissant la n\u00e9cessit\u00e9 de redoubler de vigilance et de poursuivre dans le bon sens.<\/p>\n<blockquote>\n<p>Lire aussi &gt;&gt; <a href=\"https:\/\/www.latribunedufaso.net\/?p=18628\">Lutte contre la d\u00e9sinformation : Le CSC sensibilise des jeunes pour une utilisation saine des r\u00e9seaux sociaux<\/a><\/p>\n<\/blockquote>\n<p><em><strong>\u00ab Avec toutes les actions entreprises en termes de pr\u00e9vention, c\u2019est-\u00e0-dire la formation des journalistes, la sensibilisation, nous observons maintenant que le contenu des m\u00e9dias est satisfaisant. Nous avons des contenus qui prennent en compte nos sensibilit\u00e9s, nos valeurs nationales et qui promeuvent notre culture \u00bb<\/strong><\/em>, se r\u00e9jouit M. Ou\u00e9draogo.<\/p>\n<h3>R\u00e9gulation des nouveaux m\u00e9dias, enjeu majeur du CSC<\/h3>\n<p>Par contre, le pr\u00e9sident de l\u2019instance de r\u00e9gulation des m\u00e9dias et de la communication reconnait que les nouveaux m\u00e9dias (r\u00e9seaux sociaux) constituent un enjeu majeur de r\u00e9gulation. <em><strong>\u00ab Les m\u00e9dias sociaux \u00e9voluent vite et nous sommes en train d\u2019imaginer la solution pour anticiper, pour amener nos compatriotes \u00e0 faire attention \u00e0 la d\u00e9sinformation qui est aujourd\u2019hui \u00e0 l\u2019\u0153uvre sur les r\u00e9seaux sociaux. Et cette d\u00e9sinformation peut constituer un facteur limitant pour toutes les actions de d\u00e9veloppement et surtout pour toutes les actions engag\u00e9es sur le terrain de la reconqu\u00eate de notre territoire national \u00bb,<\/strong><\/em> explique-t-il.<\/p>\n<figure id=\"attachment_18884\" aria-describedby=\"caption-attachment-18884\" style=\"width: 1600px\" class=\"wp-caption aligncenter\"><a href=\"https:\/\/www.latribunedufaso.net\/wp-content\/uploads\/2025\/02\/IMG-20250218-WA0060.jpg\"><img loading=\"lazy\" decoding=\"async\" class=\"size-full wp-image-18884\" src=\"https:\/\/www.latribunedufaso.net\/wp-content\/uploads\/2025\/02\/IMG-20250218-WA0060.jpg\" alt=\"Le Pr\u00e9sident du Faso a re\u00e7u le rapport 2022 et 2023 du CSC, le 18 f\u00e9vrier 2025\" width=\"1600\" height=\"1406\" srcset=\"https:\/\/www.latribunedufaso.net\/wp-content\/uploads\/2025\/02\/IMG-20250218-WA0060.jpg 1600w, https:\/\/www.latribunedufaso.net\/wp-content\/uploads\/2025\/02\/IMG-20250218-WA0060-300x264.jpg 300w, https:\/\/www.latribunedufaso.net\/wp-content\/uploads\/2025\/02\/IMG-20250218-WA0060-1024x900.jpg 1024w, https:\/\/www.latribunedufaso.net\/wp-content\/uploads\/2025\/02\/IMG-20250218-WA0060-768x675.jpg 768w, https:\/\/www.latribunedufaso.net\/wp-content\/uploads\/2025\/02\/IMG-20250218-WA0060-1536x1350.jpg 1536w\" sizes=\"auto, (max-width: 1600px) 100vw, 1600px\" \/><\/a><figcaption id=\"caption-attachment-18884\" class=\"wp-caption-text\">Le Chef de l&rsquo;Etat feuilletant les rapports &#8211; Ph. DR<\/figcaption><\/figure>\n<p>Lors de cette audience, le pr\u00e9sident du CSC Louis Modeste Ou\u00e9draogo et sa d\u00e9l\u00e9gation ont \u00e9voqu\u00e9 avec le Pr\u00e9sident du Faso, les perspectives pour l\u2019ann\u00e9e 2025. <em><strong>\u00ab Nous avons pu, en termes de perspective, informer le Pr\u00e9sident du Faso, de ce que nous comptons organiser comme activit\u00e9s qui entrent dans nos missions et dans le cadre de la mise en \u0153uvre de la loi organique, \u00e0 savoir nos nouvelles attributions, qui nous am\u00e8nent \u00e0 r\u00e9guler les r\u00e9seaux sociaux \u00bb,<\/strong><\/em> indique le pr\u00e9sident du CSC, qui prend l\u2019engagement de mieux faire pour assainir l\u2019espace m\u00e9diatique afin \u00ab <em><strong>d\u2019affirmer notre enti\u00e8re souverainet\u00e9 sur notre espace audiovisuel et communicationnel \u00bb.\u00a0<\/strong><\/em><\/p>\n<figure id=\"attachment_18882\" aria-describedby=\"caption-attachment-18882\" style=\"width: 1600px\" class=\"wp-caption aligncenter\"><a href=\"https:\/\/www.latribunedufaso.net\/wp-content\/uploads\/2025\/02\/IMG-20250218-WA0058.jpg\"><img loading=\"lazy\" decoding=\"async\" class=\"size-full wp-image-18882\" src=\"https:\/\/www.latribunedufaso.net\/wp-content\/uploads\/2025\/02\/IMG-20250218-WA0058.jpg\" alt=\"Le Pr\u00e9sident du Faso a re\u00e7u le rapport 2022 et 2023 du CSC, le 18 f\u00e9vrier 2025\" width=\"1600\" height=\"1067\" srcset=\"https:\/\/www.latribunedufaso.net\/wp-content\/uploads\/2025\/02\/IMG-20250218-WA0058.jpg 1600w, https:\/\/www.latribunedufaso.net\/wp-content\/uploads\/2025\/02\/IMG-20250218-WA0058-300x200.jpg 300w, https:\/\/www.latribunedufaso.net\/wp-content\/uploads\/2025\/02\/IMG-20250218-WA0058-1024x683.jpg 1024w, https:\/\/www.latribunedufaso.net\/wp-content\/uploads\/2025\/02\/IMG-20250218-WA0058-768x512.jpg 768w, https:\/\/www.latribunedufaso.net\/wp-content\/uploads\/2025\/02\/IMG-20250218-WA0058-1536x1024.jpg 1536w, https:\/\/www.latribunedufaso.net\/wp-content\/uploads\/2025\/02\/IMG-20250218-WA0058-840x560.jpg 840w, https:\/\/www.latribunedufaso.net\/wp-content\/uploads\/2025\/02\/IMG-20250218-WA0058-120x80.jpg 120w, https:\/\/www.latribunedufaso.net\/wp-content\/uploads\/2025\/02\/IMG-20250218-WA0058-360x240.jpg 360w, https:\/\/www.latribunedufaso.net\/wp-content\/uploads\/2025\/02\/IMG-20250218-WA0058-600x400.jpg 600w\" sizes=\"auto, (max-width: 1600px) 100vw, 1600px\" \/><\/a><figcaption id=\"caption-attachment-18882\" class=\"wp-caption-text\">Une vue de la d\u00e9l\u00e9gation du CSC lors de l&rsquo;audience avec le Chef de l&rsquo;Etat &#8211; Ph. DR<\/figcaption><\/figure>\n<p>La d\u00e9l\u00e9gation dit \u00e9galement avoir b\u00e9n\u00e9fici\u00e9 aupr\u00e8s du Chef de l\u2019\u00c9tat des conseils sur les actions de communication \u00e0 mener pour que le CSC puisse contribuer v\u00e9ritablement au rayonnement de notre pays mais aussi \u00e0 l\u2019apaisement du climat social.<\/p>\n<p><strong>latribunedufaso.net<\/strong><\/p>\n<p><strong>Source : Direction de la Communication de la Pr\u00e9sidence du Faso<\/strong><\/p>\n","protected":false},"excerpt":{"rendered":"<p>Le Pr\u00e9sident du Faso, Chef de l\u2019\u00c9tat, le Capitaine Ibrahim Traor\u00e9 a re\u00e7u, le 18 f\u00e9vrier 2025 \u00e0 Ouagadougou, au cours d&rsquo;une audience, les rapports publics des ann\u00e9es 2022 et 2023 du Conseil sup\u00e9rieur de la Communication (CSC).<\/p>\n","protected":false},"author":5,"featured_media":18881,"comment_status":"open","ping_status":"open","sticky":false,"template":"","format":"standard","meta":{"footnotes":""},"categories":[13,1,8],"tags":[39,84,712],"class_list":["post-18880","post","type-post","status-publish","format-standard","has-post-thumbnail","hentry","category-une","category-actu","category-societe","tag-latribunedufaso-net","tag-medias","tag-remise-rapport-2022-et-2023-du-csc"],"yoast_head":"<!-- This site is optimized with the Yoast SEO plugin v27.5 - https:\/\/yoast.com\/product\/yoast-seo-wordpress\/ -->\n<title>R\u00e9gulation des m\u00e9dias et de la communication : Les rapports publics 2022 et 2023 du CSC remis au Pr\u00e9sident du Faso - La Tribune du Faso<\/title>\n<meta name=\"robots\" content=\"index, follow, max-snippet:-1, max-image-preview:large, max-video-preview:-1\" \/>\n<link rel=\"canonical\" href=\"https:\/\/www.latribunedufaso.net\/?p=18880\" \/>\n<meta property=\"og:locale\" content=\"fr_FR\" \/>\n<meta property=\"og:type\" content=\"article\" \/>\n<meta property=\"og:title\" content=\"R\u00e9gulation des m\u00e9dias et de la communication : Les rapports publics 2022 et 2023 du CSC remis au Pr\u00e9sident du Faso - La Tribune du Faso\" \/>\n<meta property=\"og:description\" content=\"Le Pr\u00e9sident du Faso, Chef de l\u2019\u00c9tat, le Capitaine Ibrahim Traor\u00e9 a re\u00e7u, le 18 f\u00e9vrier 2025 \u00e0 Ouagadougou, au cours d&rsquo;une audience, les rapports publics des ann\u00e9es 2022 et 2023 du Conseil sup\u00e9rieur de la Communication (CSC).\" \/>\n<meta property=\"og:url\" content=\"https:\/\/www.latribunedufaso.net\/?p=18880\" \/>\n<meta property=\"og:site_name\" content=\"La Tribune du Faso\" \/>\n<meta property=\"article:publisher\" content=\"https:\/\/www.facebook.com\/LatribuneduFaso\/\" \/>\n<meta property=\"article:published_time\" content=\"2025-02-18T20:03:02+00:00\" \/>\n<meta property=\"og:image\" content=\"https:\/\/www.latribunedufaso.net\/wp-content\/uploads\/2025\/02\/IMG-20250218-WA0059_1.jpg\" \/>\n\t<meta property=\"og:image:width\" content=\"1071\" \/>\n\t<meta property=\"og:image:height\" content=\"804\" \/>\n\t<meta property=\"og:image:type\" content=\"image\/jpeg\" \/>\n<meta name=\"author\" content=\"Issouf Tapsoba\" \/>\n<meta name=\"twitter:label1\" content=\"\u00c9crit par\" \/>\n\t<meta name=\"twitter:data1\" content=\"Issouf Tapsoba\" \/>\n\t<meta name=\"twitter:label2\" content=\"Dur\u00e9e de lecture estim\u00e9e\" \/>\n\t<meta name=\"twitter:data2\" content=\"3 minutes\" \/>\n<script type=\"application\/ld+json\" class=\"yoast-schema-graph\">{\"@context\":\"https:\\\/\\\/schema.org\",\"@graph\":[{\"@type\":\"Article\",\"@id\":\"https:\\\/\\\/www.latribunedufaso.net\\\/?p=18880#article\",\"isPartOf\":{\"@id\":\"https:\\\/\\\/www.latribunedufaso.net\\\/?p=18880\"},\"author\":{\"name\":\"Issouf Tapsoba\",\"@id\":\"https:\\\/\\\/www.latribunedufaso.net\\\/#\\\/schema\\\/person\\\/e54e64c5778a7e72cf80a318b7a622b0\"},\"headline\":\"R\u00e9gulation des m\u00e9dias et de la communication : Les rapports publics 2022 et 2023 du CSC remis au Pr\u00e9sident du Faso\",\"datePublished\":\"2025-02-18T20:03:02+00:00\",\"mainEntityOfPage\":{\"@id\":\"https:\\\/\\\/www.latribunedufaso.net\\\/?p=18880\"},\"wordCount\":632,\"commentCount\":0,\"publisher\":{\"@id\":\"https:\\\/\\\/www.latribunedufaso.net\\\/#organization\"},\"image\":{\"@id\":\"https:\\\/\\\/www.latribunedufaso.net\\\/?p=18880#primaryimage\"},\"thumbnailUrl\":\"https:\\\/\\\/www.latribunedufaso.net\\\/wp-content\\\/uploads\\\/2025\\\/02\\\/IMG-20250218-WA0059_1.jpg\",\"keywords\":[\"latribunedufaso.net\",\"m\u00e9dias\",\"Remise Rapport 2022 et 2023 du CSC\"],\"articleSection\":[\"A la une\",\"Actualit\u00e9\",\"Soci\u00e9t\u00e9\"],\"inLanguage\":\"fr-FR\",\"potentialAction\":[{\"@type\":\"CommentAction\",\"name\":\"Comment\",\"target\":[\"https:\\\/\\\/www.latribunedufaso.net\\\/?p=18880#respond\"]}]},{\"@type\":\"WebPage\",\"@id\":\"https:\\\/\\\/www.latribunedufaso.net\\\/?p=18880\",\"url\":\"https:\\\/\\\/www.latribunedufaso.net\\\/?p=18880\",\"name\":\"R\u00e9gulation des m\u00e9dias et de la communication : Les rapports publics 2022 et 2023 du CSC remis au Pr\u00e9sident du Faso - La Tribune du Faso\",\"isPartOf\":{\"@id\":\"https:\\\/\\\/www.latribunedufaso.net\\\/#website\"},\"primaryImageOfPage\":{\"@id\":\"https:\\\/\\\/www.latribunedufaso.net\\\/?p=18880#primaryimage\"},\"image\":{\"@id\":\"https:\\\/\\\/www.latribunedufaso.net\\\/?p=18880#primaryimage\"},\"thumbnailUrl\":\"https:\\\/\\\/www.latribunedufaso.net\\\/wp-content\\\/uploads\\\/2025\\\/02\\\/IMG-20250218-WA0059_1.jpg\",\"datePublished\":\"2025-02-18T20:03:02+00:00\",\"breadcrumb\":{\"@id\":\"https:\\\/\\\/www.latribunedufaso.net\\\/?p=18880#breadcrumb\"},\"inLanguage\":\"fr-FR\",\"potentialAction\":[{\"@type\":\"ReadAction\",\"target\":[\"https:\\\/\\\/www.latribunedufaso.net\\\/?p=18880\"]}]},{\"@type\":\"ImageObject\",\"inLanguage\":\"fr-FR\",\"@id\":\"https:\\\/\\\/www.latribunedufaso.net\\\/?p=18880#primaryimage\",\"url\":\"https:\\\/\\\/www.latribunedufaso.net\\\/wp-content\\\/uploads\\\/2025\\\/02\\\/IMG-20250218-WA0059_1.jpg\",\"contentUrl\":\"https:\\\/\\\/www.latribunedufaso.net\\\/wp-content\\\/uploads\\\/2025\\\/02\\\/IMG-20250218-WA0059_1.jpg\",\"width\":1071,\"height\":804,\"caption\":\"Le Pr\u00e9sident du Faso a re\u00e7u le rapport 2022 et 2023 du CSC, le 18 f\u00e9vrier 2025\"},{\"@type\":\"BreadcrumbList\",\"@id\":\"https:\\\/\\\/www.latribunedufaso.net\\\/?p=18880#breadcrumb\",\"itemListElement\":[{\"@type\":\"ListItem\",\"position\":1,\"name\":\"Accueil\",\"item\":\"https:\\\/\\\/www.latribunedufaso.net\\\/\"},{\"@type\":\"ListItem\",\"position\":2,\"name\":\"R\u00e9gulation des m\u00e9dias et de la communication : Les rapports publics 2022 et 2023 du CSC remis au Pr\u00e9sident du Faso\"}]},{\"@type\":\"WebSite\",\"@id\":\"https:\\\/\\\/www.latribunedufaso.net\\\/#website\",\"url\":\"https:\\\/\\\/www.latribunedufaso.net\\\/\",\"name\":\"La Tribune du Faso\",\"description\":\"L&#039;information du monde rural en un clic\",\"publisher\":{\"@id\":\"https:\\\/\\\/www.latribunedufaso.net\\\/#organization\"},\"potentialAction\":[{\"@type\":\"SearchAction\",\"target\":{\"@type\":\"EntryPoint\",\"urlTemplate\":\"https:\\\/\\\/www.latribunedufaso.net\\\/?s={search_term_string}\"},\"query-input\":{\"@type\":\"PropertyValueSpecification\",\"valueRequired\":true,\"valueName\":\"search_term_string\"}}],\"inLanguage\":\"fr-FR\"},{\"@type\":\"Organization\",\"@id\":\"https:\\\/\\\/www.latribunedufaso.net\\\/#organization\",\"name\":\"La Tribune du Faso\",\"url\":\"https:\\\/\\\/www.latribunedufaso.net\\\/\",\"logo\":{\"@type\":\"ImageObject\",\"inLanguage\":\"fr-FR\",\"@id\":\"https:\\\/\\\/www.latribunedufaso.net\\\/#\\\/schema\\\/logo\\\/image\\\/\",\"url\":\"https:\\\/\\\/www.latribunedufaso.net\\\/wp-content\\\/uploads\\\/2020\\\/08\\\/Logo-Tribune-du-Faso-final-scaled.jpg\",\"contentUrl\":\"https:\\\/\\\/www.latribunedufaso.net\\\/wp-content\\\/uploads\\\/2020\\\/08\\\/Logo-Tribune-du-Faso-final-scaled.jpg\",\"width\":2560,\"height\":1856,\"caption\":\"La Tribune du Faso\"},\"image\":{\"@id\":\"https:\\\/\\\/www.latribunedufaso.net\\\/#\\\/schema\\\/logo\\\/image\\\/\"},\"sameAs\":[\"https:\\\/\\\/www.facebook.com\\\/LatribuneduFaso\\\/\"]},{\"@type\":\"Person\",\"@id\":\"https:\\\/\\\/www.latribunedufaso.net\\\/#\\\/schema\\\/person\\\/e54e64c5778a7e72cf80a318b7a622b0\",\"name\":\"Issouf Tapsoba\",\"image\":{\"@type\":\"ImageObject\",\"inLanguage\":\"fr-FR\",\"@id\":\"https:\\\/\\\/secure.gravatar.com\\\/avatar\\\/5e6c05150ce3230247d167f5b94d678eb05936197436d69b7921e3a95c9107ac?s=96&d=mm&r=g\",\"url\":\"https:\\\/\\\/secure.gravatar.com\\\/avatar\\\/5e6c05150ce3230247d167f5b94d678eb05936197436d69b7921e3a95c9107ac?s=96&d=mm&r=g\",\"contentUrl\":\"https:\\\/\\\/secure.gravatar.com\\\/avatar\\\/5e6c05150ce3230247d167f5b94d678eb05936197436d69b7921e3a95c9107ac?s=96&d=mm&r=g\",\"caption\":\"Issouf Tapsoba\"},\"url\":\"https:\\\/\\\/www.latribunedufaso.net\\\/?author=5\"}]}<\/script>\n<!-- \/ Yoast SEO plugin. -->","yoast_head_json":{"title":"R\u00e9gulation des m\u00e9dias et de la communication : Les rapports publics 2022 et 2023 du CSC remis au Pr\u00e9sident du Faso - La Tribune du Faso","robots":{"index":"index","follow":"follow","max-snippet":"max-snippet:-1","max-image-preview":"max-image-preview:large","max-video-preview":"max-video-preview:-1"},"canonical":"https:\/\/www.latribunedufaso.net\/?p=18880","og_locale":"fr_FR","og_type":"article","og_title":"R\u00e9gulation des m\u00e9dias et de la communication : Les rapports publics 2022 et 2023 du CSC remis au Pr\u00e9sident du Faso - La Tribune du Faso","og_description":"Le Pr\u00e9sident du Faso, Chef de l\u2019\u00c9tat, le Capitaine Ibrahim Traor\u00e9 a re\u00e7u, le 18 f\u00e9vrier 2025 \u00e0 Ouagadougou, au cours d&rsquo;une audience, les rapports publics des ann\u00e9es 2022 et 2023 du Conseil sup\u00e9rieur de la Communication (CSC).","og_url":"https:\/\/www.latribunedufaso.net\/?p=18880","og_site_name":"La Tribune du Faso","article_publisher":"https:\/\/www.facebook.com\/LatribuneduFaso\/","article_published_time":"2025-02-18T20:03:02+00:00","og_image":[{"width":1071,"height":804,"url":"https:\/\/www.latribunedufaso.net\/wp-content\/uploads\/2025\/02\/IMG-20250218-WA0059_1.jpg","type":"image\/jpeg"}],"author":"Issouf Tapsoba","twitter_misc":{"\u00c9crit par":"Issouf Tapsoba","Dur\u00e9e de lecture estim\u00e9e":"3 minutes"},"schema":{"@context":"https:\/\/schema.org","@graph":[{"@type":"Article","@id":"https:\/\/www.latribunedufaso.net\/?p=18880#article","isPartOf":{"@id":"https:\/\/www.latribunedufaso.net\/?p=18880"},"author":{"name":"Issouf Tapsoba","@id":"https:\/\/www.latribunedufaso.net\/#\/schema\/person\/e54e64c5778a7e72cf80a318b7a622b0"},"headline":"R\u00e9gulation des m\u00e9dias et de la communication : Les rapports publics 2022 et 2023 du CSC remis au Pr\u00e9sident du Faso","datePublished":"2025-02-18T20:03:02+00:00","mainEntityOfPage":{"@id":"https:\/\/www.latribunedufaso.net\/?p=18880"},"wordCount":632,"commentCount":0,"publisher":{"@id":"https:\/\/www.latribunedufaso.net\/#organization"},"image":{"@id":"https:\/\/www.latribunedufaso.net\/?p=18880#primaryimage"},"thumbnailUrl":"https:\/\/www.latribunedufaso.net\/wp-content\/uploads\/2025\/02\/IMG-20250218-WA0059_1.jpg","keywords":["latribunedufaso.net","m\u00e9dias","Remise Rapport 2022 et 2023 du CSC"],"articleSection":["A la une","Actualit\u00e9","Soci\u00e9t\u00e9"],"inLanguage":"fr-FR","potentialAction":[{"@type":"CommentAction","name":"Comment","target":["https:\/\/www.latribunedufaso.net\/?p=18880#respond"]}]},{"@type":"WebPage","@id":"https:\/\/www.latribunedufaso.net\/?p=18880","url":"https:\/\/www.latribunedufaso.net\/?p=18880","name":"R\u00e9gulation des m\u00e9dias et de la communication : Les rapports publics 2022 et 2023 du CSC remis au Pr\u00e9sident du Faso - La Tribune du Faso","isPartOf":{"@id":"https:\/\/www.latribunedufaso.net\/#website"},"primaryImageOfPage":{"@id":"https:\/\/www.latribunedufaso.net\/?p=18880#primaryimage"},"image":{"@id":"https:\/\/www.latribunedufaso.net\/?p=18880#primaryimage"},"thumbnailUrl":"https:\/\/www.latribunedufaso.net\/wp-content\/uploads\/2025\/02\/IMG-20250218-WA0059_1.jpg","datePublished":"2025-02-18T20:03:02+00:00","breadcrumb":{"@id":"https:\/\/www.latribunedufaso.net\/?p=18880#breadcrumb"},"inLanguage":"fr-FR","potentialAction":[{"@type":"ReadAction","target":["https:\/\/www.latribunedufaso.net\/?p=18880"]}]},{"@type":"ImageObject","inLanguage":"fr-FR","@id":"https:\/\/www.latribunedufaso.net\/?p=18880#primaryimage","url":"https:\/\/www.latribunedufaso.net\/wp-content\/uploads\/2025\/02\/IMG-20250218-WA0059_1.jpg","contentUrl":"https:\/\/www.latribunedufaso.net\/wp-content\/uploads\/2025\/02\/IMG-20250218-WA0059_1.jpg","width":1071,"height":804,"caption":"Le Pr\u00e9sident du Faso a re\u00e7u le rapport 2022 et 2023 du CSC, le 18 f\u00e9vrier 2025"},{"@type":"BreadcrumbList","@id":"https:\/\/www.latribunedufaso.net\/?p=18880#breadcrumb","itemListElement":[{"@type":"ListItem","position":1,"name":"Accueil","item":"https:\/\/www.latribunedufaso.net\/"},{"@type":"ListItem","position":2,"name":"R\u00e9gulation des m\u00e9dias et de la communication : Les rapports publics 2022 et 2023 du CSC remis au Pr\u00e9sident du Faso"}]},{"@type":"WebSite","@id":"https:\/\/www.latribunedufaso.net\/#website","url":"https:\/\/www.latribunedufaso.net\/","name":"La Tribune du Faso","description":"L&#039;information du monde rural en un clic","publisher":{"@id":"https:\/\/www.latribunedufaso.net\/#organization"},"potentialAction":[{"@type":"SearchAction","target":{"@type":"EntryPoint","urlTemplate":"https:\/\/www.latribunedufaso.net\/?s={search_term_string}"},"query-input":{"@type":"PropertyValueSpecification","valueRequired":true,"valueName":"search_term_string"}}],"inLanguage":"fr-FR"},{"@type":"Organization","@id":"https:\/\/www.latribunedufaso.net\/#organization","name":"La Tribune du Faso","url":"https:\/\/www.latribunedufaso.net\/","logo":{"@type":"ImageObject","inLanguage":"fr-FR","@id":"https:\/\/www.latribunedufaso.net\/#\/schema\/logo\/image\/","url":"https:\/\/www.latribunedufaso.net\/wp-content\/uploads\/2020\/08\/Logo-Tribune-du-Faso-final-scaled.jpg","contentUrl":"https:\/\/www.latribunedufaso.net\/wp-content\/uploads\/2020\/08\/Logo-Tribune-du-Faso-final-scaled.jpg","width":2560,"height":1856,"caption":"La Tribune du Faso"},"image":{"@id":"https:\/\/www.latribunedufaso.net\/#\/schema\/logo\/image\/"},"sameAs":["https:\/\/www.facebook.com\/LatribuneduFaso\/"]},{"@type":"Person","@id":"https:\/\/www.latribunedufaso.net\/#\/schema\/person\/e54e64c5778a7e72cf80a318b7a622b0","name":"Issouf Tapsoba","image":{"@type":"ImageObject","inLanguage":"fr-FR","@id":"https:\/\/secure.gravatar.com\/avatar\/5e6c05150ce3230247d167f5b94d678eb05936197436d69b7921e3a95c9107ac?s=96&d=mm&r=g","url":"https:\/\/secure.gravatar.com\/avatar\/5e6c05150ce3230247d167f5b94d678eb05936197436d69b7921e3a95c9107ac?s=96&d=mm&r=g","contentUrl":"https:\/\/secure.gravatar.com\/avatar\/5e6c05150ce3230247d167f5b94d678eb05936197436d69b7921e3a95c9107ac?s=96&d=mm&r=g","caption":"Issouf Tapsoba"},"url":"https:\/\/www.latribunedufaso.net\/?author=5"}]}},"_links":{"self":[{"href":"https:\/\/www.latribunedufaso.net\/index.php?rest_route=\/wp\/v2\/posts\/18880","targetHints":{"allow":["GET"]}}],"collection":[{"href":"https:\/\/www.latribunedufaso.net\/index.php?rest_route=\/wp\/v2\/posts"}],"about":[{"href":"https:\/\/www.latribunedufaso.net\/index.php?rest_route=\/wp\/v2\/types\/post"}],"author":[{"embeddable":true,"href":"https:\/\/www.latribunedufaso.net\/index.php?rest_route=\/wp\/v2\/users\/5"}],"replies":[{"embeddable":true,"href":"https:\/\/www.latribunedufaso.net\/index.php?rest_route=%2Fwp%2Fv2%2Fcomments&post=18880"}],"version-history":[{"count":1,"href":"https:\/\/www.latribunedufaso.net\/index.php?rest_route=\/wp\/v2\/posts\/18880\/revisions"}],"predecessor-version":[{"id":18885,"href":"https:\/\/www.latribunedufaso.net\/index.php?rest_route=\/wp\/v2\/posts\/18880\/revisions\/18885"}],"wp:featuredmedia":[{"embeddable":true,"href":"https:\/\/www.latribunedufaso.net\/index.php?rest_route=\/wp\/v2\/media\/18881"}],"wp:attachment":[{"href":"https:\/\/www.latribunedufaso.net\/index.php?rest_route=%2Fwp%2Fv2%2Fmedia&parent=18880"}],"wp:term":[{"taxonomy":"category","embeddable":true,"href":"https:\/\/www.latribunedufaso.net\/index.php?rest_route=%2Fwp%2Fv2%2Fcategories&post=18880"},{"taxonomy":"post_tag","embeddable":true,"href":"https:\/\/www.latribunedufaso.net\/index.php?rest_route=%2Fwp%2Fv2%2Ftags&post=18880"}],"curies":[{"name":"wp","href":"https:\/\/api.w.org\/{rel}","templated":true}]}}