{"id":18740,"date":"2025-02-12T21:13:14","date_gmt":"2025-02-12T21:13:14","guid":{"rendered":"https:\/\/www.latribunedufaso.net\/?p=18740"},"modified":"2025-03-17T20:55:16","modified_gmt":"2025-03-17T20:55:16","slug":"conseil-des-ministres-du-12-fevrier-2025-la-perspective-dun-statut-de-la-chefferie-coutumiere-et-traditionnelle-actee","status":"publish","type":"post","link":"https:\/\/www.latribunedufaso.net\/?p=18740","title":{"rendered":"Conseil des ministres du 12 f\u00e9vrier 2025 : la perspective d\u2019un statut de la chefferie coutumi\u00e8re et traditionnelle act\u00e9e\u00a0"},"content":{"rendered":"<p><strong style=\"font-size: 1.0625rem;\">Le Pr\u00e9sident du Faso, Chef de l\u2019\u00c9tat, le Capitaine Ibrahim Traor\u00e9, a pr\u00e9sid\u00e9, le 12 f\u00e9vrier 2025 \u00e0 Ouagadougou, l\u2019hebdomadaire Conseil des ministres. Selon le ministre Porte-parole du Gouvernement, Gilbert Ouedraogo, au cours de cette s\u00e9ance, plusieurs dossiers ont \u00e9t\u00e9 examin\u00e9s et adopt\u00e9s.<\/strong><!--more--><\/p>\n<p><span style=\"font-size: 1.0625rem;\">Au titre du minist\u00e8re de l&rsquo;Administration territoriale et de la Mobilit\u00e9, le Conseil a examin\u00e9 et adopt\u00e9 un projet de loi portant statut de la chefferie coutumi\u00e8re et traditionnelle au Burkina Faso. Pour le ministre d\u2019\u00c9tat charg\u00e9 de l\u2019Administration territoriale, Emile Zerbo, ce projet de loi permettra de r\u00e9gir <\/span><em style=\"font-size: 1.0625rem;\"><strong>\u00ab l\u2019une des plus anciennes institutions de notre histoire \u00bb<\/strong> <\/em><span style=\"font-size: 1.0625rem;\">qui a \u00e9t\u00e9 impliqu\u00e9e dans la r\u00e9solution de plusieurs crises travers\u00e9es par notre pays. Ce projet de loi vient clairement fixer le r\u00f4le et la fonction de la chefferie traditionnelle et permet son int\u00e9gration dans l&rsquo;ordonnancement juridique de notre pays.<\/span><\/p>\n<figure id=\"attachment_18748\" aria-describedby=\"caption-attachment-18748\" style=\"width: 1232px\" class=\"wp-caption aligncenter\"><a href=\"https:\/\/www.latribunedufaso.net\/wp-content\/uploads\/2025\/02\/IMG-20250212-WA0113.jpg\"><img loading=\"lazy\" decoding=\"async\" class=\"size-full wp-image-18748\" src=\"https:\/\/www.latribunedufaso.net\/wp-content\/uploads\/2025\/02\/IMG-20250212-WA0113.jpg\" alt=\"Conseil du ministre du 12 f\u00e9vrier 2025\" width=\"1232\" height=\"1600\" srcset=\"https:\/\/www.latribunedufaso.net\/wp-content\/uploads\/2025\/02\/IMG-20250212-WA0113.jpg 1232w, https:\/\/www.latribunedufaso.net\/wp-content\/uploads\/2025\/02\/IMG-20250212-WA0113-231x300.jpg 231w, https:\/\/www.latribunedufaso.net\/wp-content\/uploads\/2025\/02\/IMG-20250212-WA0113-788x1024.jpg 788w, https:\/\/www.latribunedufaso.net\/wp-content\/uploads\/2025\/02\/IMG-20250212-WA0113-768x997.jpg 768w, https:\/\/www.latribunedufaso.net\/wp-content\/uploads\/2025\/02\/IMG-20250212-WA0113-1183x1536.jpg 1183w\" sizes=\"auto, (max-width: 1232px) 100vw, 1232px\" \/><\/a><figcaption id=\"caption-attachment-18748\" class=\"wp-caption-text\">Le ministre en charge de l&rsquo;Administration territoriale, \u00c9mile Zerbo &#8211; Ph. DR<\/figcaption><\/figure>\n<p><em><strong>\u00ab Il permet de revaloriser la chefferie coutumi\u00e8re et traditionnelle afin de participer \u00e0 la consolidation de la paix au Burkina Faso. Le texte pr\u00e9voit aussi les modes de d\u00e9volution de la chefferie traditionnelle \u00bb<\/strong><\/em>, indique le ministre. Emile Zerbo, rappellant \u00e9galement que ce texte interdit et sanctionne l&rsquo;auto-proclamation.<\/p>\n<p><iframe loading=\"lazy\" width=\"560\" height=\"315\" src=\"https:\/\/www.youtube.com\/embed\/oOrpfdGuJ4c?si=UjVVy5pVtseDa7Ui\" title=\"YouTube video player\" frameborder=\"0\" allow=\"accelerometer; autoplay; clipboard-write; encrypted-media; gyroscope; picture-in-picture; web-share\" referrerpolicy=\"strict-origin-when-cross-origin\" allowfullscreen><\/iframe><\/p>\n<h3>Attention, pas de r\u00e9mun\u00e9ration, pas d\u2019activit\u00e9s politiques !<\/h3>\n<p>En outre, ce projet de loi ne pr\u00e9voit aucune r\u00e9mun\u00e9ration pour les chefs coutumiers et\/ou traditionnels et exige de ces acteurs la d\u00e9mission s\u2019ils veulent s\u2019engager en politique. <em><strong>\u00ab C&rsquo;est un texte qui permet aux chefs coutumiers et traditionnels de jouer le r\u00f4le que nous avons toujours voulu au Burkina Faso, c&rsquo;est-\u00e0-dire des chefs qui rassemblent les populations et consolident la paix \u00bb<\/strong><\/em>, pr\u00e9cise le ministre d\u2019\u00c9tat.<\/p>\n<p><strong>latribunedufaso.net<\/strong><\/p>\n<p><strong>Source : Direction de la communication de la Pr\u00e9sidence du Faso<\/strong><\/p>\n","protected":false},"excerpt":{"rendered":"<p>Le Pr\u00e9sident du Faso, Chef de l\u2019\u00c9tat, le Capitaine Ibrahim Traor\u00e9, a pr\u00e9sid\u00e9, le 12 f\u00e9vrier 2025 \u00e0 Ouagadougou, l\u2019hebdomadaire Conseil des ministres. Selon le ministre Porte-parole du Gouvernement, Gilbert Ouedraogo, au cours de cette s\u00e9ance, plusieurs dossiers ont \u00e9t\u00e9 examin\u00e9s et adopt\u00e9s.<\/p>\n","protected":false},"author":5,"featured_media":18747,"comment_status":"open","ping_status":"open","sticky":false,"template":"","format":"standard","meta":{"footnotes":""},"categories":[13,1,21,8],"tags":[79,39,697],"class_list":["post-18740","post","type-post","status-publish","format-standard","has-post-thumbnail","hentry","category-une","category-actu","category-conseil-des-ministres","category-societe","tag-conseil-des-ministres","tag-latribunedufaso-net","tag-projet-de-loi-chefferie-traditionnelle"],"yoast_head":"<!-- This site is optimized with the Yoast SEO plugin v27.4 - https:\/\/yoast.com\/product\/yoast-seo-wordpress\/ -->\n<title>Conseil des ministres du 12 f\u00e9vrier 2025 : la perspective d\u2019un statut de la chefferie coutumi\u00e8re et traditionnelle act\u00e9e\u00a0 - La Tribune du Faso<\/title>\n<meta name=\"robots\" content=\"index, follow, max-snippet:-1, max-image-preview:large, max-video-preview:-1\" \/>\n<link rel=\"canonical\" href=\"https:\/\/www.latribunedufaso.net\/?p=18740\" \/>\n<meta property=\"og:locale\" content=\"fr_FR\" \/>\n<meta property=\"og:type\" content=\"article\" \/>\n<meta property=\"og:title\" content=\"Conseil des ministres du 12 f\u00e9vrier 2025 : la perspective d\u2019un statut de la chefferie coutumi\u00e8re et traditionnelle act\u00e9e\u00a0 - La Tribune du Faso\" \/>\n<meta property=\"og:description\" content=\"Le Pr\u00e9sident du Faso, Chef de l\u2019\u00c9tat, le Capitaine Ibrahim Traor\u00e9, a pr\u00e9sid\u00e9, le 12 f\u00e9vrier 2025 \u00e0 Ouagadougou, l\u2019hebdomadaire Conseil des ministres. Selon le ministre Porte-parole du Gouvernement, Gilbert Ouedraogo, au cours de cette s\u00e9ance, plusieurs dossiers ont \u00e9t\u00e9 examin\u00e9s et adopt\u00e9s.\" \/>\n<meta property=\"og:url\" content=\"https:\/\/www.latribunedufaso.net\/?p=18740\" \/>\n<meta property=\"og:site_name\" content=\"La Tribune du Faso\" \/>\n<meta property=\"article:publisher\" content=\"https:\/\/www.facebook.com\/LatribuneduFaso\/\" \/>\n<meta property=\"article:published_time\" content=\"2025-02-12T21:13:14+00:00\" \/>\n<meta property=\"article:modified_time\" content=\"2025-03-17T20:55:16+00:00\" \/>\n<meta property=\"og:image\" content=\"https:\/\/www.latribunedufaso.net\/wp-content\/uploads\/2025\/02\/c1011ef61ed9937904f4938c63d014ea.jpg\" \/>\n\t<meta property=\"og:image:width\" content=\"603\" \/>\n\t<meta property=\"og:image:height\" content=\"480\" \/>\n\t<meta property=\"og:image:type\" content=\"image\/jpeg\" \/>\n<meta name=\"author\" content=\"Issouf Tapsoba\" \/>\n<meta name=\"twitter:label1\" content=\"\u00c9crit par\" \/>\n\t<meta name=\"twitter:data1\" content=\"Issouf Tapsoba\" \/>\n\t<meta name=\"twitter:label2\" content=\"Dur\u00e9e de lecture estim\u00e9e\" \/>\n\t<meta name=\"twitter:data2\" content=\"2 minutes\" \/>\n<script type=\"application\/ld+json\" class=\"yoast-schema-graph\">{\"@context\":\"https:\\\/\\\/schema.org\",\"@graph\":[{\"@type\":\"Article\",\"@id\":\"https:\\\/\\\/www.latribunedufaso.net\\\/?p=18740#article\",\"isPartOf\":{\"@id\":\"https:\\\/\\\/www.latribunedufaso.net\\\/?p=18740\"},\"author\":{\"name\":\"Issouf Tapsoba\",\"@id\":\"https:\\\/\\\/www.latribunedufaso.net\\\/#\\\/schema\\\/person\\\/e54e64c5778a7e72cf80a318b7a622b0\"},\"headline\":\"Conseil des ministres du 12 f\u00e9vrier 2025 : la perspective d\u2019un statut de la chefferie coutumi\u00e8re et traditionnelle act\u00e9e\u00a0\",\"datePublished\":\"2025-02-12T21:13:14+00:00\",\"dateModified\":\"2025-03-17T20:55:16+00:00\",\"mainEntityOfPage\":{\"@id\":\"https:\\\/\\\/www.latribunedufaso.net\\\/?p=18740\"},\"wordCount\":350,\"commentCount\":0,\"publisher\":{\"@id\":\"https:\\\/\\\/www.latribunedufaso.net\\\/#organization\"},\"image\":{\"@id\":\"https:\\\/\\\/www.latribunedufaso.net\\\/?p=18740#primaryimage\"},\"thumbnailUrl\":\"https:\\\/\\\/www.latribunedufaso.net\\\/wp-content\\\/uploads\\\/2025\\\/02\\\/c1011ef61ed9937904f4938c63d014ea.jpg\",\"keywords\":[\"conseil des ministres\",\"latribunedufaso.net\",\"projet de loi Chefferie traditionnelle\"],\"articleSection\":[\"A la une\",\"Actualit\u00e9\",\"Conseil des ministres\",\"Soci\u00e9t\u00e9\"],\"inLanguage\":\"fr-FR\",\"potentialAction\":[{\"@type\":\"CommentAction\",\"name\":\"Comment\",\"target\":[\"https:\\\/\\\/www.latribunedufaso.net\\\/?p=18740#respond\"]}]},{\"@type\":\"WebPage\",\"@id\":\"https:\\\/\\\/www.latribunedufaso.net\\\/?p=18740\",\"url\":\"https:\\\/\\\/www.latribunedufaso.net\\\/?p=18740\",\"name\":\"Conseil des ministres du 12 f\u00e9vrier 2025 : la perspective d\u2019un statut de la chefferie coutumi\u00e8re et traditionnelle act\u00e9e\u00a0 - La Tribune du Faso\",\"isPartOf\":{\"@id\":\"https:\\\/\\\/www.latribunedufaso.net\\\/#website\"},\"primaryImageOfPage\":{\"@id\":\"https:\\\/\\\/www.latribunedufaso.net\\\/?p=18740#primaryimage\"},\"image\":{\"@id\":\"https:\\\/\\\/www.latribunedufaso.net\\\/?p=18740#primaryimage\"},\"thumbnailUrl\":\"https:\\\/\\\/www.latribunedufaso.net\\\/wp-content\\\/uploads\\\/2025\\\/02\\\/c1011ef61ed9937904f4938c63d014ea.jpg\",\"datePublished\":\"2025-02-12T21:13:14+00:00\",\"dateModified\":\"2025-03-17T20:55:16+00:00\",\"breadcrumb\":{\"@id\":\"https:\\\/\\\/www.latribunedufaso.net\\\/?p=18740#breadcrumb\"},\"inLanguage\":\"fr-FR\",\"potentialAction\":[{\"@type\":\"ReadAction\",\"target\":[\"https:\\\/\\\/www.latribunedufaso.net\\\/?p=18740\"]}]},{\"@type\":\"ImageObject\",\"inLanguage\":\"fr-FR\",\"@id\":\"https:\\\/\\\/www.latribunedufaso.net\\\/?p=18740#primaryimage\",\"url\":\"https:\\\/\\\/www.latribunedufaso.net\\\/wp-content\\\/uploads\\\/2025\\\/02\\\/c1011ef61ed9937904f4938c63d014ea.jpg\",\"contentUrl\":\"https:\\\/\\\/www.latribunedufaso.net\\\/wp-content\\\/uploads\\\/2025\\\/02\\\/c1011ef61ed9937904f4938c63d014ea.jpg\",\"width\":603,\"height\":480,\"caption\":\"Image illustrative du projet de loi sur la chefferie traditionnelle. Conseil des ministres du 12 f\u00e9vrier 2025\"},{\"@type\":\"BreadcrumbList\",\"@id\":\"https:\\\/\\\/www.latribunedufaso.net\\\/?p=18740#breadcrumb\",\"itemListElement\":[{\"@type\":\"ListItem\",\"position\":1,\"name\":\"Accueil\",\"item\":\"https:\\\/\\\/www.latribunedufaso.net\\\/\"},{\"@type\":\"ListItem\",\"position\":2,\"name\":\"Conseil des ministres du 12 f\u00e9vrier 2025 : la perspective d\u2019un statut de la chefferie coutumi\u00e8re et traditionnelle act\u00e9e\u00a0\"}]},{\"@type\":\"WebSite\",\"@id\":\"https:\\\/\\\/www.latribunedufaso.net\\\/#website\",\"url\":\"https:\\\/\\\/www.latribunedufaso.net\\\/\",\"name\":\"La Tribune du Faso\",\"description\":\"L&#039;information du monde rural en un clic\",\"publisher\":{\"@id\":\"https:\\\/\\\/www.latribunedufaso.net\\\/#organization\"},\"potentialAction\":[{\"@type\":\"SearchAction\",\"target\":{\"@type\":\"EntryPoint\",\"urlTemplate\":\"https:\\\/\\\/www.latribunedufaso.net\\\/?s={search_term_string}\"},\"query-input\":{\"@type\":\"PropertyValueSpecification\",\"valueRequired\":true,\"valueName\":\"search_term_string\"}}],\"inLanguage\":\"fr-FR\"},{\"@type\":\"Organization\",\"@id\":\"https:\\\/\\\/www.latribunedufaso.net\\\/#organization\",\"name\":\"La Tribune du Faso\",\"url\":\"https:\\\/\\\/www.latribunedufaso.net\\\/\",\"logo\":{\"@type\":\"ImageObject\",\"inLanguage\":\"fr-FR\",\"@id\":\"https:\\\/\\\/www.latribunedufaso.net\\\/#\\\/schema\\\/logo\\\/image\\\/\",\"url\":\"https:\\\/\\\/www.latribunedufaso.net\\\/wp-content\\\/uploads\\\/2020\\\/08\\\/Logo-Tribune-du-Faso-final-scaled.jpg\",\"contentUrl\":\"https:\\\/\\\/www.latribunedufaso.net\\\/wp-content\\\/uploads\\\/2020\\\/08\\\/Logo-Tribune-du-Faso-final-scaled.jpg\",\"width\":2560,\"height\":1856,\"caption\":\"La Tribune du Faso\"},\"image\":{\"@id\":\"https:\\\/\\\/www.latribunedufaso.net\\\/#\\\/schema\\\/logo\\\/image\\\/\"},\"sameAs\":[\"https:\\\/\\\/www.facebook.com\\\/LatribuneduFaso\\\/\"]},{\"@type\":\"Person\",\"@id\":\"https:\\\/\\\/www.latribunedufaso.net\\\/#\\\/schema\\\/person\\\/e54e64c5778a7e72cf80a318b7a622b0\",\"name\":\"Issouf Tapsoba\",\"image\":{\"@type\":\"ImageObject\",\"inLanguage\":\"fr-FR\",\"@id\":\"https:\\\/\\\/secure.gravatar.com\\\/avatar\\\/5e6c05150ce3230247d167f5b94d678eb05936197436d69b7921e3a95c9107ac?s=96&d=mm&r=g\",\"url\":\"https:\\\/\\\/secure.gravatar.com\\\/avatar\\\/5e6c05150ce3230247d167f5b94d678eb05936197436d69b7921e3a95c9107ac?s=96&d=mm&r=g\",\"contentUrl\":\"https:\\\/\\\/secure.gravatar.com\\\/avatar\\\/5e6c05150ce3230247d167f5b94d678eb05936197436d69b7921e3a95c9107ac?s=96&d=mm&r=g\",\"caption\":\"Issouf Tapsoba\"},\"url\":\"https:\\\/\\\/www.latribunedufaso.net\\\/?author=5\"}]}<\/script>\n<!-- \/ Yoast SEO plugin. -->","yoast_head_json":{"title":"Conseil des ministres du 12 f\u00e9vrier 2025 : la perspective d\u2019un statut de la chefferie coutumi\u00e8re et traditionnelle act\u00e9e\u00a0 - La Tribune du Faso","robots":{"index":"index","follow":"follow","max-snippet":"max-snippet:-1","max-image-preview":"max-image-preview:large","max-video-preview":"max-video-preview:-1"},"canonical":"https:\/\/www.latribunedufaso.net\/?p=18740","og_locale":"fr_FR","og_type":"article","og_title":"Conseil des ministres du 12 f\u00e9vrier 2025 : la perspective d\u2019un statut de la chefferie coutumi\u00e8re et traditionnelle act\u00e9e\u00a0 - La Tribune du Faso","og_description":"Le Pr\u00e9sident du Faso, Chef de l\u2019\u00c9tat, le Capitaine Ibrahim Traor\u00e9, a pr\u00e9sid\u00e9, le 12 f\u00e9vrier 2025 \u00e0 Ouagadougou, l\u2019hebdomadaire Conseil des ministres. Selon le ministre Porte-parole du Gouvernement, Gilbert Ouedraogo, au cours de cette s\u00e9ance, plusieurs dossiers ont \u00e9t\u00e9 examin\u00e9s et adopt\u00e9s.","og_url":"https:\/\/www.latribunedufaso.net\/?p=18740","og_site_name":"La Tribune du Faso","article_publisher":"https:\/\/www.facebook.com\/LatribuneduFaso\/","article_published_time":"2025-02-12T21:13:14+00:00","article_modified_time":"2025-03-17T20:55:16+00:00","og_image":[{"width":603,"height":480,"url":"https:\/\/www.latribunedufaso.net\/wp-content\/uploads\/2025\/02\/c1011ef61ed9937904f4938c63d014ea.jpg","type":"image\/jpeg"}],"author":"Issouf Tapsoba","twitter_misc":{"\u00c9crit par":"Issouf Tapsoba","Dur\u00e9e de lecture estim\u00e9e":"2 minutes"},"schema":{"@context":"https:\/\/schema.org","@graph":[{"@type":"Article","@id":"https:\/\/www.latribunedufaso.net\/?p=18740#article","isPartOf":{"@id":"https:\/\/www.latribunedufaso.net\/?p=18740"},"author":{"name":"Issouf Tapsoba","@id":"https:\/\/www.latribunedufaso.net\/#\/schema\/person\/e54e64c5778a7e72cf80a318b7a622b0"},"headline":"Conseil des ministres du 12 f\u00e9vrier 2025 : la perspective d\u2019un statut de la chefferie coutumi\u00e8re et traditionnelle act\u00e9e\u00a0","datePublished":"2025-02-12T21:13:14+00:00","dateModified":"2025-03-17T20:55:16+00:00","mainEntityOfPage":{"@id":"https:\/\/www.latribunedufaso.net\/?p=18740"},"wordCount":350,"commentCount":0,"publisher":{"@id":"https:\/\/www.latribunedufaso.net\/#organization"},"image":{"@id":"https:\/\/www.latribunedufaso.net\/?p=18740#primaryimage"},"thumbnailUrl":"https:\/\/www.latribunedufaso.net\/wp-content\/uploads\/2025\/02\/c1011ef61ed9937904f4938c63d014ea.jpg","keywords":["conseil des ministres","latribunedufaso.net","projet de loi Chefferie traditionnelle"],"articleSection":["A la une","Actualit\u00e9","Conseil des ministres","Soci\u00e9t\u00e9"],"inLanguage":"fr-FR","potentialAction":[{"@type":"CommentAction","name":"Comment","target":["https:\/\/www.latribunedufaso.net\/?p=18740#respond"]}]},{"@type":"WebPage","@id":"https:\/\/www.latribunedufaso.net\/?p=18740","url":"https:\/\/www.latribunedufaso.net\/?p=18740","name":"Conseil des ministres du 12 f\u00e9vrier 2025 : la perspective d\u2019un statut de la chefferie coutumi\u00e8re et traditionnelle act\u00e9e\u00a0 - La Tribune du Faso","isPartOf":{"@id":"https:\/\/www.latribunedufaso.net\/#website"},"primaryImageOfPage":{"@id":"https:\/\/www.latribunedufaso.net\/?p=18740#primaryimage"},"image":{"@id":"https:\/\/www.latribunedufaso.net\/?p=18740#primaryimage"},"thumbnailUrl":"https:\/\/www.latribunedufaso.net\/wp-content\/uploads\/2025\/02\/c1011ef61ed9937904f4938c63d014ea.jpg","datePublished":"2025-02-12T21:13:14+00:00","dateModified":"2025-03-17T20:55:16+00:00","breadcrumb":{"@id":"https:\/\/www.latribunedufaso.net\/?p=18740#breadcrumb"},"inLanguage":"fr-FR","potentialAction":[{"@type":"ReadAction","target":["https:\/\/www.latribunedufaso.net\/?p=18740"]}]},{"@type":"ImageObject","inLanguage":"fr-FR","@id":"https:\/\/www.latribunedufaso.net\/?p=18740#primaryimage","url":"https:\/\/www.latribunedufaso.net\/wp-content\/uploads\/2025\/02\/c1011ef61ed9937904f4938c63d014ea.jpg","contentUrl":"https:\/\/www.latribunedufaso.net\/wp-content\/uploads\/2025\/02\/c1011ef61ed9937904f4938c63d014ea.jpg","width":603,"height":480,"caption":"Image illustrative du projet de loi sur la chefferie traditionnelle. Conseil des ministres du 12 f\u00e9vrier 2025"},{"@type":"BreadcrumbList","@id":"https:\/\/www.latribunedufaso.net\/?p=18740#breadcrumb","itemListElement":[{"@type":"ListItem","position":1,"name":"Accueil","item":"https:\/\/www.latribunedufaso.net\/"},{"@type":"ListItem","position":2,"name":"Conseil des ministres du 12 f\u00e9vrier 2025 : la perspective d\u2019un statut de la chefferie coutumi\u00e8re et traditionnelle act\u00e9e\u00a0"}]},{"@type":"WebSite","@id":"https:\/\/www.latribunedufaso.net\/#website","url":"https:\/\/www.latribunedufaso.net\/","name":"La Tribune du Faso","description":"L&#039;information du monde rural en un clic","publisher":{"@id":"https:\/\/www.latribunedufaso.net\/#organization"},"potentialAction":[{"@type":"SearchAction","target":{"@type":"EntryPoint","urlTemplate":"https:\/\/www.latribunedufaso.net\/?s={search_term_string}"},"query-input":{"@type":"PropertyValueSpecification","valueRequired":true,"valueName":"search_term_string"}}],"inLanguage":"fr-FR"},{"@type":"Organization","@id":"https:\/\/www.latribunedufaso.net\/#organization","name":"La Tribune du Faso","url":"https:\/\/www.latribunedufaso.net\/","logo":{"@type":"ImageObject","inLanguage":"fr-FR","@id":"https:\/\/www.latribunedufaso.net\/#\/schema\/logo\/image\/","url":"https:\/\/www.latribunedufaso.net\/wp-content\/uploads\/2020\/08\/Logo-Tribune-du-Faso-final-scaled.jpg","contentUrl":"https:\/\/www.latribunedufaso.net\/wp-content\/uploads\/2020\/08\/Logo-Tribune-du-Faso-final-scaled.jpg","width":2560,"height":1856,"caption":"La Tribune du Faso"},"image":{"@id":"https:\/\/www.latribunedufaso.net\/#\/schema\/logo\/image\/"},"sameAs":["https:\/\/www.facebook.com\/LatribuneduFaso\/"]},{"@type":"Person","@id":"https:\/\/www.latribunedufaso.net\/#\/schema\/person\/e54e64c5778a7e72cf80a318b7a622b0","name":"Issouf Tapsoba","image":{"@type":"ImageObject","inLanguage":"fr-FR","@id":"https:\/\/secure.gravatar.com\/avatar\/5e6c05150ce3230247d167f5b94d678eb05936197436d69b7921e3a95c9107ac?s=96&d=mm&r=g","url":"https:\/\/secure.gravatar.com\/avatar\/5e6c05150ce3230247d167f5b94d678eb05936197436d69b7921e3a95c9107ac?s=96&d=mm&r=g","contentUrl":"https:\/\/secure.gravatar.com\/avatar\/5e6c05150ce3230247d167f5b94d678eb05936197436d69b7921e3a95c9107ac?s=96&d=mm&r=g","caption":"Issouf Tapsoba"},"url":"https:\/\/www.latribunedufaso.net\/?author=5"}]}},"_links":{"self":[{"href":"https:\/\/www.latribunedufaso.net\/index.php?rest_route=\/wp\/v2\/posts\/18740","targetHints":{"allow":["GET"]}}],"collection":[{"href":"https:\/\/www.latribunedufaso.net\/index.php?rest_route=\/wp\/v2\/posts"}],"about":[{"href":"https:\/\/www.latribunedufaso.net\/index.php?rest_route=\/wp\/v2\/types\/post"}],"author":[{"embeddable":true,"href":"https:\/\/www.latribunedufaso.net\/index.php?rest_route=\/wp\/v2\/users\/5"}],"replies":[{"embeddable":true,"href":"https:\/\/www.latribunedufaso.net\/index.php?rest_route=%2Fwp%2Fv2%2Fcomments&post=18740"}],"version-history":[{"count":3,"href":"https:\/\/www.latribunedufaso.net\/index.php?rest_route=\/wp\/v2\/posts\/18740\/revisions"}],"predecessor-version":[{"id":19474,"href":"https:\/\/www.latribunedufaso.net\/index.php?rest_route=\/wp\/v2\/posts\/18740\/revisions\/19474"}],"wp:featuredmedia":[{"embeddable":true,"href":"https:\/\/www.latribunedufaso.net\/index.php?rest_route=\/wp\/v2\/media\/18747"}],"wp:attachment":[{"href":"https:\/\/www.latribunedufaso.net\/index.php?rest_route=%2Fwp%2Fv2%2Fmedia&parent=18740"}],"wp:term":[{"taxonomy":"category","embeddable":true,"href":"https:\/\/www.latribunedufaso.net\/index.php?rest_route=%2Fwp%2Fv2%2Fcategories&post=18740"},{"taxonomy":"post_tag","embeddable":true,"href":"https:\/\/www.latribunedufaso.net\/index.php?rest_route=%2Fwp%2Fv2%2Ftags&post=18740"}],"curies":[{"name":"wp","href":"https:\/\/api.w.org\/{rel}","templated":true}]}}