{"id":1873,"date":"2020-11-20T23:57:21","date_gmt":"2020-11-20T23:57:21","guid":{"rendered":"https:\/\/www.latribunedufaso.net\/?p=1873"},"modified":"2020-11-21T19:37:07","modified_gmt":"2020-11-21T19:37:07","slug":"presidentielle-2020-le-mpp-se-fait-sentir-a-ouagadougou","status":"publish","type":"post","link":"https:\/\/www.latribunedufaso.net\/?p=1873","title":{"rendered":"Pr\u00e9sidentielle 2020\u00a0: Le MPP se fait sentir \u00e0 Ouagadougou"},"content":{"rendered":"<p><strong><span style=\"font-size: 1.0625rem;\">Le Mouvement du peuple pour le progr\u00e8s (MPP) a tenu la cl\u00f4ture de sa campagne \u00e9lectorale dans l\u2019apr\u00e8s-midi du vendredi 20 novembre 2020, au stade du 4 Aout de Ouagadougou. Roch Kabor\u00e9, candidat du parti \u00e0 la pr\u00e9sidentielle, faisant savoir sa reconnaissance \u00e0 tous, n\u2019a pas manqu\u00e9 l\u2019occasion qui lui a \u00e9t\u00e9 donn\u00e9e de r\u00e9pondre \u00e0 certains commentaires. Le directeur national de campagne, Simon Compaor\u00e9, s\u2019est \u00e9galement montr\u00e9 confiant quant au \u00ab Coup K.O \u00bb du 22 novembre au vue de la mobilisation.<\/span><\/strong><br \/>\n<!--more--><\/p>\n<p><a href=\"https:\/\/latribunedufaso.net\/wp-content\/uploads\/2020\/11\/IMG-20201120-WA0031.jpg\"><img loading=\"lazy\" decoding=\"async\" class=\"alignnone size-medium wp-image-1875\" src=\"https:\/\/latribunedufaso.net\/wp-content\/uploads\/2020\/11\/IMG-20201120-WA0031-300x203.jpg\" alt=\"\" width=\"300\" height=\"203\" srcset=\"https:\/\/www.latribunedufaso.net\/wp-content\/uploads\/2020\/11\/IMG-20201120-WA0031-300x203.jpg 300w, https:\/\/www.latribunedufaso.net\/wp-content\/uploads\/2020\/11\/IMG-20201120-WA0031.jpg 714w, https:\/\/www.latribunedufaso.net\/wp-content\/uploads\/2020\/11\/IMG-20201120-WA0031-120x80.jpg 120w\" sizes=\"auto, (max-width: 300px) 100vw, 300px\" \/><\/a>C\u2019est dans un stade du 4 Aout plein de militants et sympathisants que le Mouvement pour le peuple et le progr\u00e8s (MPP) a cl\u00f4t sa campagne \u00e9lectorale. Roch Kabor\u00e9, candidat du parti \u00e0 la pr\u00e9sidentielle, a salu\u00e9 la mobilisation dans son adresse et a remerci\u00e9 tous ceux qui ont effectu\u00e9 le d\u00e9placement de Ouagadougou. Ses remerciements sont surtout all\u00e9s \u00e0 l&rsquo;endroit de l&rsquo;\u00e9quipe de campagne du parti, qui a \u00e9t\u00e9 au d\u00e9but et \u00e0 la fin de ce p\u00e9riple. L\u2019occasion a \u00e9galement \u00e9t\u00e9 bonne pour Roch Kabor\u00e9 afin de se prononcer sur certaines des propositions de r\u00e9conciliation et de lutte contre le terrorisme de ses challengers. En ce qui concerne la r\u00e9conciliation, il avance\u00a0: \u00ab\u00a0La r\u00e9conciliation nationale ne consiste pas \u00e0 faire rentrer des personnes qui ont fui le Burkina Faso. La r\u00e9conciliation nationale c&rsquo;est de r\u00e9gler le cas de plus de 5 000 personnes qui ont \u00e9t\u00e9 frustr\u00e9es\u2026Concernant ceux qui ont fui, tout le monde peut rentrer au Burkina Faso, mais s&rsquo;ils ont des probl\u00e8mes avec la justice, ils devront r\u00e9pondre \u00bb. S\u2019agissant de l\u2019ins\u00e9curit\u00e9, due aux multiples attaques terroristes, le Pr\u00e9sident du Faso sortant reste camp\u00e9 sur sa d\u00e9cision, \u00e0 savoir ne pas vouloir n\u00e9gocier avec les terroristes. \u00ab Certains ont dit qu&rsquo;ils iront n\u00e9gocier avec les terroristes. Ce qui montre \u00e0 toute la population qu&rsquo;ils les connaissent. Depuis la Haute volta jusqu&rsquo;\u00e0 pr\u00e9sent, nos parents ne nous ont pas appris cela. Et nous voulons montrer \u00e0 ces personnes, que pour notre pays, nous sommes pr\u00eats \u00e0 accepter la mort \u00bb, a rappel\u00e9 Roch Kabor\u00e9. Aussi a-t-il r\u00e9agi aux suspicions de fraude \u00e9lectorale. Et de s\u2019interroger \u00e0 propos, \u00ab\u00a0comment peut-il avoir de la fraude avant les \u00e9lections\u00a0?\u00a0\u00bb.<\/p>\n<p>Pour le directeur national de campagne du parti, cette mobilisation de Ouagadougou est la preuve que les \u00e9lecteurs sont conquis \u00e0 la cause du MPP. \u00ab On peut affirmer ce soir et dire qu&rsquo;il y a meeting dans meeting. Apr\u00e8s cette revue, ce meeting de notre candidat, nous pouvons affirmer que The game is over. Personne ne peut voir la mobilisation de ce soir au stade et douter de notre victoire \u00bb, a avanc\u00e9 Simon Compaor\u00e9.<\/p>\n<p><a href=\"https:\/\/latribunedufaso.net\/wp-content\/uploads\/2020\/11\/IMG-20201120-WA0032.jpg\"><img loading=\"lazy\" decoding=\"async\" class=\"size-medium wp-image-1874 aligncenter\" src=\"https:\/\/latribunedufaso.net\/wp-content\/uploads\/2020\/11\/IMG-20201120-WA0032-300x188.jpg\" alt=\"\" width=\"300\" height=\"188\" srcset=\"https:\/\/www.latribunedufaso.net\/wp-content\/uploads\/2020\/11\/IMG-20201120-WA0032-300x188.jpg 300w, https:\/\/www.latribunedufaso.net\/wp-content\/uploads\/2020\/11\/IMG-20201120-WA0032.jpg 720w\" sizes=\"auto, (max-width: 300px) 100vw, 300px\" \/><\/a><\/p>\n<p>\u00ab\u00a0Notre conviction est \u00e9tablie. Notre candidat est le seul homme de la situation. Dans le contexte qui est celui du Burkina Faso, il faut un leader qui soit \u00e0 la fois un homme ferme et conciliant. Roch Kabor\u00e9, c\u2019est le meilleur de tous et les autres candidats\u00a0\u00bb, d\u00e9clare pour sa part, Daouda Simboro, porte-parole de l\u2019Alliance des partis politiques de la majorit\u00e9 pr\u00e9sidentielle (APMP). Nathana\u00ebl Ou\u00e9draogo, d\u00e9missionnaire de l\u2019Union pour le progr\u00e8s et le changement (UPC) et d\u00e9sormais coordonnateur du MODEM, dit \u00eatre dans le camp des vainqueurs. \u00ab\u00a0J\u2019ai un avenir, car je suis dans le camp des vainqueurs. Le MODEM a un avenir parce que le coup K.O. a \u00e9t\u00e9 t\u00e9l\u00e9charg\u00e9\u00a0\u00bb, a-t-il soutenu.<\/p>\n<p>Le directeur provincial (Kadiogo) de campagne du MPP, Bala Sakand\u00e9, a proc\u00e9d\u00e9 \u00e0 une d\u00e9monstration de vote du candidat Roch Kabor\u00e9 sur les sp\u00e9cimens. Il a tenu \u00e0 rassurer le candidat de sa r\u00e9\u00e9lection au soir du 22 novembre 2020.<\/p>\n<p>Ils \u00e9taient au moins 60 000 militants et sympathisants \u00e0 venir r\u00e9affirmer leur confiance au candidat Roch Kabor\u00e9 \u00e0 ce meeting de cl\u00f4ture dans la capitale politique.<\/p>\n<p><strong>Tiba Kassamse Ou\u00e9draogo (Stagiaire)<\/strong><br \/>\n<strong>Latribunedufaso.net<\/strong><\/p>\n","protected":false},"excerpt":{"rendered":"<p>Le Mouvement du peuple pour le progr\u00e8s (MPP) a tenu la cl\u00f4ture de sa campagne \u00e9lectorale dans l\u2019apr\u00e8s-midi du vendredi 20 novembre 2020, au stade du 4 Aout de Ouagadougou. Roch Kabor\u00e9, candidat du parti \u00e0 la pr\u00e9sidentielle, faisant savoir sa reconnaissance \u00e0 tous, n\u2019a pas manqu\u00e9 l\u2019occasion qui lui a \u00e9t\u00e9 donn\u00e9e de r\u00e9pondre \u00e0 certains commentaires. Le directeur national de campagne, Simon Compaor\u00e9, s\u2019est \u00e9galement montr\u00e9 confiant quant au \u00ab Coup K.O \u00bb du 22 novembre au vue de la mobilisation.<\/p>\n","protected":false},"author":2,"featured_media":1876,"comment_status":"open","ping_status":"open","sticky":false,"template":"","format":"standard","meta":{"footnotes":""},"categories":[13,1,26],"tags":[],"class_list":["post-1873","post","type-post","status-publish","format-standard","has-post-thumbnail","hentry","category-une","category-actu","category-elections-couplees-novembre-2020"],"yoast_head":"<!-- This site is optimized with the Yoast SEO plugin v27.5 - https:\/\/yoast.com\/product\/yoast-seo-wordpress\/ -->\n<title>Pr\u00e9sidentielle 2020\u00a0: Le MPP se fait sentir \u00e0 Ouagadougou - La Tribune du Faso<\/title>\n<meta name=\"robots\" content=\"index, follow, max-snippet:-1, max-image-preview:large, max-video-preview:-1\" \/>\n<link rel=\"canonical\" href=\"https:\/\/www.latribunedufaso.net\/?p=1873\" \/>\n<meta property=\"og:locale\" content=\"fr_FR\" \/>\n<meta property=\"og:type\" content=\"article\" \/>\n<meta property=\"og:title\" content=\"Pr\u00e9sidentielle 2020\u00a0: Le MPP se fait sentir \u00e0 Ouagadougou - La Tribune du Faso\" \/>\n<meta property=\"og:description\" content=\"Le Mouvement du peuple pour le progr\u00e8s (MPP) a tenu la cl\u00f4ture de sa campagne \u00e9lectorale dans l\u2019apr\u00e8s-midi du vendredi 20 novembre 2020, au stade du 4 Aout de Ouagadougou. Roch Kabor\u00e9, candidat du parti \u00e0 la pr\u00e9sidentielle, faisant savoir sa reconnaissance \u00e0 tous, n\u2019a pas manqu\u00e9 l\u2019occasion qui lui a \u00e9t\u00e9 donn\u00e9e de r\u00e9pondre \u00e0 certains commentaires. Le directeur national de campagne, Simon Compaor\u00e9, s\u2019est \u00e9galement montr\u00e9 confiant quant au \u00ab Coup K.O \u00bb du 22 novembre au vue de la mobilisation.\" \/>\n<meta property=\"og:url\" content=\"https:\/\/www.latribunedufaso.net\/?p=1873\" \/>\n<meta property=\"og:site_name\" content=\"La Tribune du Faso\" \/>\n<meta property=\"article:publisher\" content=\"https:\/\/www.facebook.com\/LatribuneduFaso\/\" \/>\n<meta property=\"article:published_time\" content=\"2020-11-20T23:57:21+00:00\" \/>\n<meta property=\"article:modified_time\" content=\"2020-11-21T19:37:07+00:00\" \/>\n<meta property=\"og:image\" content=\"https:\/\/latribunedufaso.net\/wp-content\/uploads\/2020\/11\/IMG-20201120-WA0030.jpg\" \/>\n\t<meta property=\"og:image:width\" content=\"720\" \/>\n\t<meta property=\"og:image:height\" content=\"480\" \/>\n\t<meta property=\"og:image:type\" content=\"image\/jpeg\" \/>\n<meta name=\"author\" content=\"Administrateur\" \/>\n<meta name=\"twitter:label1\" content=\"\u00c9crit par\" \/>\n\t<meta name=\"twitter:data1\" content=\"Administrateur\" \/>\n\t<meta name=\"twitter:label2\" content=\"Dur\u00e9e de lecture estim\u00e9e\" \/>\n\t<meta name=\"twitter:data2\" content=\"3 minutes\" \/>\n<script type=\"application\/ld+json\" class=\"yoast-schema-graph\">{\"@context\":\"https:\\\/\\\/schema.org\",\"@graph\":[{\"@type\":\"Article\",\"@id\":\"https:\\\/\\\/www.latribunedufaso.net\\\/?p=1873#article\",\"isPartOf\":{\"@id\":\"https:\\\/\\\/www.latribunedufaso.net\\\/?p=1873\"},\"author\":{\"name\":\"Administrateur\",\"@id\":\"https:\\\/\\\/www.latribunedufaso.net\\\/#\\\/schema\\\/person\\\/a380782d0605bb8aae27c40ea93b35b1\"},\"headline\":\"Pr\u00e9sidentielle 2020\u00a0: Le MPP se fait sentir \u00e0 Ouagadougou\",\"datePublished\":\"2020-11-20T23:57:21+00:00\",\"dateModified\":\"2020-11-21T19:37:07+00:00\",\"mainEntityOfPage\":{\"@id\":\"https:\\\/\\\/www.latribunedufaso.net\\\/?p=1873\"},\"wordCount\":666,\"commentCount\":0,\"publisher\":{\"@id\":\"https:\\\/\\\/www.latribunedufaso.net\\\/#organization\"},\"image\":{\"@id\":\"https:\\\/\\\/www.latribunedufaso.net\\\/?p=1873#primaryimage\"},\"thumbnailUrl\":\"https:\\\/\\\/www.latribunedufaso.net\\\/wp-content\\\/uploads\\\/2020\\\/11\\\/IMG-20201120-WA0030.jpg\",\"articleSection\":[\"A la une\",\"Actualit\u00e9\",\"Elections coupl\u00e9es novembre 2020\"],\"inLanguage\":\"fr-FR\",\"potentialAction\":[{\"@type\":\"CommentAction\",\"name\":\"Comment\",\"target\":[\"https:\\\/\\\/www.latribunedufaso.net\\\/?p=1873#respond\"]}]},{\"@type\":\"WebPage\",\"@id\":\"https:\\\/\\\/www.latribunedufaso.net\\\/?p=1873\",\"url\":\"https:\\\/\\\/www.latribunedufaso.net\\\/?p=1873\",\"name\":\"Pr\u00e9sidentielle 2020\u00a0: Le MPP se fait sentir \u00e0 Ouagadougou - La Tribune du Faso\",\"isPartOf\":{\"@id\":\"https:\\\/\\\/www.latribunedufaso.net\\\/#website\"},\"primaryImageOfPage\":{\"@id\":\"https:\\\/\\\/www.latribunedufaso.net\\\/?p=1873#primaryimage\"},\"image\":{\"@id\":\"https:\\\/\\\/www.latribunedufaso.net\\\/?p=1873#primaryimage\"},\"thumbnailUrl\":\"https:\\\/\\\/www.latribunedufaso.net\\\/wp-content\\\/uploads\\\/2020\\\/11\\\/IMG-20201120-WA0030.jpg\",\"datePublished\":\"2020-11-20T23:57:21+00:00\",\"dateModified\":\"2020-11-21T19:37:07+00:00\",\"breadcrumb\":{\"@id\":\"https:\\\/\\\/www.latribunedufaso.net\\\/?p=1873#breadcrumb\"},\"inLanguage\":\"fr-FR\",\"potentialAction\":[{\"@type\":\"ReadAction\",\"target\":[\"https:\\\/\\\/www.latribunedufaso.net\\\/?p=1873\"]}]},{\"@type\":\"ImageObject\",\"inLanguage\":\"fr-FR\",\"@id\":\"https:\\\/\\\/www.latribunedufaso.net\\\/?p=1873#primaryimage\",\"url\":\"https:\\\/\\\/www.latribunedufaso.net\\\/wp-content\\\/uploads\\\/2020\\\/11\\\/IMG-20201120-WA0030.jpg\",\"contentUrl\":\"https:\\\/\\\/www.latribunedufaso.net\\\/wp-content\\\/uploads\\\/2020\\\/11\\\/IMG-20201120-WA0030.jpg\",\"width\":720,\"height\":480},{\"@type\":\"BreadcrumbList\",\"@id\":\"https:\\\/\\\/www.latribunedufaso.net\\\/?p=1873#breadcrumb\",\"itemListElement\":[{\"@type\":\"ListItem\",\"position\":1,\"name\":\"Accueil\",\"item\":\"https:\\\/\\\/www.latribunedufaso.net\\\/\"},{\"@type\":\"ListItem\",\"position\":2,\"name\":\"Pr\u00e9sidentielle 2020\u00a0: Le MPP se fait sentir \u00e0 Ouagadougou\"}]},{\"@type\":\"WebSite\",\"@id\":\"https:\\\/\\\/www.latribunedufaso.net\\\/#website\",\"url\":\"https:\\\/\\\/www.latribunedufaso.net\\\/\",\"name\":\"La Tribune du Faso\",\"description\":\"L&#039;information du monde rural en un clic\",\"publisher\":{\"@id\":\"https:\\\/\\\/www.latribunedufaso.net\\\/#organization\"},\"potentialAction\":[{\"@type\":\"SearchAction\",\"target\":{\"@type\":\"EntryPoint\",\"urlTemplate\":\"https:\\\/\\\/www.latribunedufaso.net\\\/?s={search_term_string}\"},\"query-input\":{\"@type\":\"PropertyValueSpecification\",\"valueRequired\":true,\"valueName\":\"search_term_string\"}}],\"inLanguage\":\"fr-FR\"},{\"@type\":\"Organization\",\"@id\":\"https:\\\/\\\/www.latribunedufaso.net\\\/#organization\",\"name\":\"La Tribune du Faso\",\"url\":\"https:\\\/\\\/www.latribunedufaso.net\\\/\",\"logo\":{\"@type\":\"ImageObject\",\"inLanguage\":\"fr-FR\",\"@id\":\"https:\\\/\\\/www.latribunedufaso.net\\\/#\\\/schema\\\/logo\\\/image\\\/\",\"url\":\"https:\\\/\\\/www.latribunedufaso.net\\\/wp-content\\\/uploads\\\/2020\\\/08\\\/Logo-Tribune-du-Faso-final-scaled.jpg\",\"contentUrl\":\"https:\\\/\\\/www.latribunedufaso.net\\\/wp-content\\\/uploads\\\/2020\\\/08\\\/Logo-Tribune-du-Faso-final-scaled.jpg\",\"width\":2560,\"height\":1856,\"caption\":\"La Tribune du Faso\"},\"image\":{\"@id\":\"https:\\\/\\\/www.latribunedufaso.net\\\/#\\\/schema\\\/logo\\\/image\\\/\"},\"sameAs\":[\"https:\\\/\\\/www.facebook.com\\\/LatribuneduFaso\\\/\"]},{\"@type\":\"Person\",\"@id\":\"https:\\\/\\\/www.latribunedufaso.net\\\/#\\\/schema\\\/person\\\/a380782d0605bb8aae27c40ea93b35b1\",\"name\":\"Administrateur\",\"image\":{\"@type\":\"ImageObject\",\"inLanguage\":\"fr-FR\",\"@id\":\"https:\\\/\\\/secure.gravatar.com\\\/avatar\\\/e20266f97d741f0e80ba1f60283074a9b3317fd7bfb727e0d95b51dafbf854a1?s=96&d=mm&r=g\",\"url\":\"https:\\\/\\\/secure.gravatar.com\\\/avatar\\\/e20266f97d741f0e80ba1f60283074a9b3317fd7bfb727e0d95b51dafbf854a1?s=96&d=mm&r=g\",\"contentUrl\":\"https:\\\/\\\/secure.gravatar.com\\\/avatar\\\/e20266f97d741f0e80ba1f60283074a9b3317fd7bfb727e0d95b51dafbf854a1?s=96&d=mm&r=g\",\"caption\":\"Administrateur\"},\"url\":\"https:\\\/\\\/www.latribunedufaso.net\\\/?author=2\"}]}<\/script>\n<!-- \/ Yoast SEO plugin. -->","yoast_head_json":{"title":"Pr\u00e9sidentielle 2020\u00a0: Le MPP se fait sentir \u00e0 Ouagadougou - La Tribune du Faso","robots":{"index":"index","follow":"follow","max-snippet":"max-snippet:-1","max-image-preview":"max-image-preview:large","max-video-preview":"max-video-preview:-1"},"canonical":"https:\/\/www.latribunedufaso.net\/?p=1873","og_locale":"fr_FR","og_type":"article","og_title":"Pr\u00e9sidentielle 2020\u00a0: Le MPP se fait sentir \u00e0 Ouagadougou - La Tribune du Faso","og_description":"Le Mouvement du peuple pour le progr\u00e8s (MPP) a tenu la cl\u00f4ture de sa campagne \u00e9lectorale dans l\u2019apr\u00e8s-midi du vendredi 20 novembre 2020, au stade du 4 Aout de Ouagadougou. Roch Kabor\u00e9, candidat du parti \u00e0 la pr\u00e9sidentielle, faisant savoir sa reconnaissance \u00e0 tous, n\u2019a pas manqu\u00e9 l\u2019occasion qui lui a \u00e9t\u00e9 donn\u00e9e de r\u00e9pondre \u00e0 certains commentaires. Le directeur national de campagne, Simon Compaor\u00e9, s\u2019est \u00e9galement montr\u00e9 confiant quant au \u00ab Coup K.O \u00bb du 22 novembre au vue de la mobilisation.","og_url":"https:\/\/www.latribunedufaso.net\/?p=1873","og_site_name":"La Tribune du Faso","article_publisher":"https:\/\/www.facebook.com\/LatribuneduFaso\/","article_published_time":"2020-11-20T23:57:21+00:00","article_modified_time":"2020-11-21T19:37:07+00:00","og_image":[{"width":720,"height":480,"url":"https:\/\/latribunedufaso.net\/wp-content\/uploads\/2020\/11\/IMG-20201120-WA0030.jpg","type":"image\/jpeg"}],"author":"Administrateur","twitter_misc":{"\u00c9crit par":"Administrateur","Dur\u00e9e de lecture estim\u00e9e":"3 minutes"},"schema":{"@context":"https:\/\/schema.org","@graph":[{"@type":"Article","@id":"https:\/\/www.latribunedufaso.net\/?p=1873#article","isPartOf":{"@id":"https:\/\/www.latribunedufaso.net\/?p=1873"},"author":{"name":"Administrateur","@id":"https:\/\/www.latribunedufaso.net\/#\/schema\/person\/a380782d0605bb8aae27c40ea93b35b1"},"headline":"Pr\u00e9sidentielle 2020\u00a0: Le MPP se fait sentir \u00e0 Ouagadougou","datePublished":"2020-11-20T23:57:21+00:00","dateModified":"2020-11-21T19:37:07+00:00","mainEntityOfPage":{"@id":"https:\/\/www.latribunedufaso.net\/?p=1873"},"wordCount":666,"commentCount":0,"publisher":{"@id":"https:\/\/www.latribunedufaso.net\/#organization"},"image":{"@id":"https:\/\/www.latribunedufaso.net\/?p=1873#primaryimage"},"thumbnailUrl":"https:\/\/www.latribunedufaso.net\/wp-content\/uploads\/2020\/11\/IMG-20201120-WA0030.jpg","articleSection":["A la une","Actualit\u00e9","Elections coupl\u00e9es novembre 2020"],"inLanguage":"fr-FR","potentialAction":[{"@type":"CommentAction","name":"Comment","target":["https:\/\/www.latribunedufaso.net\/?p=1873#respond"]}]},{"@type":"WebPage","@id":"https:\/\/www.latribunedufaso.net\/?p=1873","url":"https:\/\/www.latribunedufaso.net\/?p=1873","name":"Pr\u00e9sidentielle 2020\u00a0: Le MPP se fait sentir \u00e0 Ouagadougou - La Tribune du Faso","isPartOf":{"@id":"https:\/\/www.latribunedufaso.net\/#website"},"primaryImageOfPage":{"@id":"https:\/\/www.latribunedufaso.net\/?p=1873#primaryimage"},"image":{"@id":"https:\/\/www.latribunedufaso.net\/?p=1873#primaryimage"},"thumbnailUrl":"https:\/\/www.latribunedufaso.net\/wp-content\/uploads\/2020\/11\/IMG-20201120-WA0030.jpg","datePublished":"2020-11-20T23:57:21+00:00","dateModified":"2020-11-21T19:37:07+00:00","breadcrumb":{"@id":"https:\/\/www.latribunedufaso.net\/?p=1873#breadcrumb"},"inLanguage":"fr-FR","potentialAction":[{"@type":"ReadAction","target":["https:\/\/www.latribunedufaso.net\/?p=1873"]}]},{"@type":"ImageObject","inLanguage":"fr-FR","@id":"https:\/\/www.latribunedufaso.net\/?p=1873#primaryimage","url":"https:\/\/www.latribunedufaso.net\/wp-content\/uploads\/2020\/11\/IMG-20201120-WA0030.jpg","contentUrl":"https:\/\/www.latribunedufaso.net\/wp-content\/uploads\/2020\/11\/IMG-20201120-WA0030.jpg","width":720,"height":480},{"@type":"BreadcrumbList","@id":"https:\/\/www.latribunedufaso.net\/?p=1873#breadcrumb","itemListElement":[{"@type":"ListItem","position":1,"name":"Accueil","item":"https:\/\/www.latribunedufaso.net\/"},{"@type":"ListItem","position":2,"name":"Pr\u00e9sidentielle 2020\u00a0: Le MPP se fait sentir \u00e0 Ouagadougou"}]},{"@type":"WebSite","@id":"https:\/\/www.latribunedufaso.net\/#website","url":"https:\/\/www.latribunedufaso.net\/","name":"La Tribune du Faso","description":"L&#039;information du monde rural en un clic","publisher":{"@id":"https:\/\/www.latribunedufaso.net\/#organization"},"potentialAction":[{"@type":"SearchAction","target":{"@type":"EntryPoint","urlTemplate":"https:\/\/www.latribunedufaso.net\/?s={search_term_string}"},"query-input":{"@type":"PropertyValueSpecification","valueRequired":true,"valueName":"search_term_string"}}],"inLanguage":"fr-FR"},{"@type":"Organization","@id":"https:\/\/www.latribunedufaso.net\/#organization","name":"La Tribune du Faso","url":"https:\/\/www.latribunedufaso.net\/","logo":{"@type":"ImageObject","inLanguage":"fr-FR","@id":"https:\/\/www.latribunedufaso.net\/#\/schema\/logo\/image\/","url":"https:\/\/www.latribunedufaso.net\/wp-content\/uploads\/2020\/08\/Logo-Tribune-du-Faso-final-scaled.jpg","contentUrl":"https:\/\/www.latribunedufaso.net\/wp-content\/uploads\/2020\/08\/Logo-Tribune-du-Faso-final-scaled.jpg","width":2560,"height":1856,"caption":"La Tribune du Faso"},"image":{"@id":"https:\/\/www.latribunedufaso.net\/#\/schema\/logo\/image\/"},"sameAs":["https:\/\/www.facebook.com\/LatribuneduFaso\/"]},{"@type":"Person","@id":"https:\/\/www.latribunedufaso.net\/#\/schema\/person\/a380782d0605bb8aae27c40ea93b35b1","name":"Administrateur","image":{"@type":"ImageObject","inLanguage":"fr-FR","@id":"https:\/\/secure.gravatar.com\/avatar\/e20266f97d741f0e80ba1f60283074a9b3317fd7bfb727e0d95b51dafbf854a1?s=96&d=mm&r=g","url":"https:\/\/secure.gravatar.com\/avatar\/e20266f97d741f0e80ba1f60283074a9b3317fd7bfb727e0d95b51dafbf854a1?s=96&d=mm&r=g","contentUrl":"https:\/\/secure.gravatar.com\/avatar\/e20266f97d741f0e80ba1f60283074a9b3317fd7bfb727e0d95b51dafbf854a1?s=96&d=mm&r=g","caption":"Administrateur"},"url":"https:\/\/www.latribunedufaso.net\/?author=2"}]}},"_links":{"self":[{"href":"https:\/\/www.latribunedufaso.net\/index.php?rest_route=\/wp\/v2\/posts\/1873","targetHints":{"allow":["GET"]}}],"collection":[{"href":"https:\/\/www.latribunedufaso.net\/index.php?rest_route=\/wp\/v2\/posts"}],"about":[{"href":"https:\/\/www.latribunedufaso.net\/index.php?rest_route=\/wp\/v2\/types\/post"}],"author":[{"embeddable":true,"href":"https:\/\/www.latribunedufaso.net\/index.php?rest_route=\/wp\/v2\/users\/2"}],"replies":[{"embeddable":true,"href":"https:\/\/www.latribunedufaso.net\/index.php?rest_route=%2Fwp%2Fv2%2Fcomments&post=1873"}],"version-history":[{"count":1,"href":"https:\/\/www.latribunedufaso.net\/index.php?rest_route=\/wp\/v2\/posts\/1873\/revisions"}],"predecessor-version":[{"id":1877,"href":"https:\/\/www.latribunedufaso.net\/index.php?rest_route=\/wp\/v2\/posts\/1873\/revisions\/1877"}],"wp:featuredmedia":[{"embeddable":true,"href":"https:\/\/www.latribunedufaso.net\/index.php?rest_route=\/wp\/v2\/media\/1876"}],"wp:attachment":[{"href":"https:\/\/www.latribunedufaso.net\/index.php?rest_route=%2Fwp%2Fv2%2Fmedia&parent=1873"}],"wp:term":[{"taxonomy":"category","embeddable":true,"href":"https:\/\/www.latribunedufaso.net\/index.php?rest_route=%2Fwp%2Fv2%2Fcategories&post=1873"},{"taxonomy":"post_tag","embeddable":true,"href":"https:\/\/www.latribunedufaso.net\/index.php?rest_route=%2Fwp%2Fv2%2Ftags&post=1873"}],"curies":[{"name":"wp","href":"https:\/\/api.w.org\/{rel}","templated":true}]}}