{"id":18716,"date":"2025-02-11T13:55:24","date_gmt":"2025-02-11T13:55:24","guid":{"rendered":"https:\/\/www.latribunedufaso.net\/?p=18716"},"modified":"2025-02-11T13:58:22","modified_gmt":"2025-02-11T13:58:22","slug":"gouvernance-local-des-acteurs-communaux-formes-sur-la-mobilisation-des-ressources-dans-les-collectivites-territoriales","status":"publish","type":"post","link":"https:\/\/www.latribunedufaso.net\/?p=18716","title":{"rendered":"Gouvernance local : Des acteurs communaux form\u00e9s sur la mobilisation des ressources dans les collectivit\u00e9s territoriales"},"content":{"rendered":"<p><strong><span style=\"font-size: 1.0625rem;\">La commune de Dori organise un atelier de formation sur la mobilisation des ressources des collectivit\u00e9s territoriales au profit de ses acteurs. Prevu pour 4 jours, la c\u00e9r\u00e9monie de lancement est intervenue ce 11 f\u00e9vrier 2024, sous la pr\u00e9sidence du pr\u00e9sident par Int\u00e9rim de la D\u00e9l\u00e9gation sp\u00e9ciale communale de ladite localit\u00e9, Boureima Dicko.<\/span><\/strong><!--more--><\/p>\n<p>Le Burkina Faso s\u2019est engag\u00e9 dans un processus de d\u00e9centralisation qui a abouti en 2006 par une communalisation int\u00e9grale du territoire national conform\u00e9ment \u00e0 la loi n\u00b0055-2004\/AN du 21 d\u00e9cembre 2004 portant code g\u00e9n\u00e9ral des collectivit\u00e9s territoriales au Burkina Faso, ensemble ses modificatifs.<\/p>\n<p>L\u2019un des objectifs de la d\u00e9centralisation est de permettre aux collectivit\u00e9s territoriales d\u2019avoir une autonomie de gestion en vue de produire des services locaux de qualit\u00e9s et accessibles. Des mesures progressives ont toujours \u00e9t\u00e9 prises par les gouvernements respectifs pour mettre en \u0153uvre la d\u00e9centralisation et des progr\u00e8s ont \u00e9t\u00e9 enregistr\u00e9s aux niveaux politique, r\u00e9glementaire et institutionnel.\u00a0\u00a0<\/p>\n<figure id=\"attachment_18717\" aria-describedby=\"caption-attachment-18717\" style=\"width: 720px\" class=\"wp-caption aligncenter\"><a href=\"https:\/\/www.latribunedufaso.net\/wp-content\/uploads\/2025\/02\/FB_IMG_1739281766940.jpg\"><img loading=\"lazy\" decoding=\"async\" class=\"size-full wp-image-18717\" src=\"https:\/\/www.latribunedufaso.net\/wp-content\/uploads\/2025\/02\/FB_IMG_1739281766940.jpg\" alt=\"La commune de Dori organise un atelier de formation sur la mobilisation des ressources des collectivit\u00e9s territoriales au profit de ses acteurs, 11 f\u00e9vrier 2025\" width=\"720\" height=\"405\" srcset=\"https:\/\/www.latribunedufaso.net\/wp-content\/uploads\/2025\/02\/FB_IMG_1739281766940.jpg 720w, https:\/\/www.latribunedufaso.net\/wp-content\/uploads\/2025\/02\/FB_IMG_1739281766940-300x169.jpg 300w\" sizes=\"auto, (max-width: 720px) 100vw, 720px\" \/><\/a><figcaption id=\"caption-attachment-18717\" class=\"wp-caption-text\">Photo de famille des participants &#8211; Ph. DR<\/figcaption><\/figure>\n<p>Cependant, la qualit\u00e9 et l\u2019acc\u00e8s aux services publics locaux de base restent un d\u00e9fi. Il s\u2019agit notamment de l\u2019enregistrement des actes d\u2019\u00e9tat civil, l\u2019\u00e9ducation, la sant\u00e9 et la justice de proximit\u00e9, la mobilisation des ressources n\u00e9cessaires au financement du patrimoine. Relever ces d\u00e9fis du secteur public contribuera \u00e0 am\u00e9liorer la prestation de services au niveau local.\u00a0<\/p>\n<p>C\u2019est dans ce sens qu\u2019a \u00e9t\u00e9 organis\u00e9 cet atelier. C\u2019est un atelier qui s\u2019inscrit dans le cadre du Programme pour la r\u00e9silience, la gouvernance locale et les services de base (PREGOLS). Ce programme vise \u00e0 am\u00e9liorer la fourniture de services de base s\u00e9lectionn\u00e9s et la performance institutionnelle des collectivit\u00e9s territoriales cibl\u00e9es. Il entend ainsi contribuer au renforcement des capacit\u00e9s institutionnelles et de r\u00e9silience des communes b\u00e9n\u00e9ficiaires.<\/p>\n<blockquote>\n<p>Lire aussi &gt;&gt; <a href=\"https:\/\/www.latribunedufaso.net\/?p=12677\">R\u00e9partition du FMDL du 1er semestre 2023 : Plus de 18 milliards de FCFA \u00e0 reverser aux collectivit\u00e9s territoriales et au Fond de soutien patriotique\u00a0<\/a><\/p>\n<\/blockquote>\n<p>La commune de Dori est b\u00e9n\u00e9ficiaire de PREGOLS sur la base de ses performances. L\u2019am\u00e9lioration des comp\u00e9tences des responsables dans ce domaine va permettre de doter \u00e0 ces derniers des capacit\u00e9s de conception et de mise en \u0153uvre des strat\u00e9gies de mobilisation des ressources, la Commune sera ainsi \u00e0 mesure de mobiliser des partenaires techniques et financiers diversifi\u00e9s capables de booster le d\u00e9veloppement communal participatif.\u00a0<\/p>\n<p><strong><span style=\"font-size: 1.0625rem;\">latribunedufaso.net<\/span><\/strong><\/p>\n<p><strong>Source : Commune <span style=\"font-size: 1.0625rem;\">de Dori<\/span><\/strong><\/p>\n","protected":false},"excerpt":{"rendered":"<p>La commune de Dori organise un atelier de formation sur la mobilisation des ressources des collectivit\u00e9s territoriales au profit de ses acteurs. Prevu pour 4 jours, la c\u00e9r\u00e9monie de lancement est intervenue ce 11 f\u00e9vrier 2024, sous la pr\u00e9sidence du pr\u00e9sident par Int\u00e9rim de la D\u00e9l\u00e9gation sp\u00e9ciale communale de ladite localit\u00e9, Boureima Dicko.<\/p>\n","protected":false},"author":5,"featured_media":18717,"comment_status":"open","ping_status":"open","sticky":false,"template":"","format":"standard","meta":{"footnotes":""},"categories":[13,1,8],"tags":[623,39,692],"class_list":["post-18716","post","type-post","status-publish","format-standard","has-post-thumbnail","hentry","category-une","category-actu","category-societe","tag-dori","tag-latribunedufaso-net","tag-mobilisation-des-ressources-des-collectivites-territoriales"],"yoast_head":"<!-- This site is optimized with the Yoast SEO plugin v27.5 - https:\/\/yoast.com\/product\/yoast-seo-wordpress\/ -->\n<title>Gouvernance local : Des acteurs communaux form\u00e9s sur la mobilisation des ressources dans les collectivit\u00e9s territoriales - La Tribune du Faso<\/title>\n<meta name=\"robots\" content=\"index, follow, max-snippet:-1, max-image-preview:large, max-video-preview:-1\" \/>\n<link rel=\"canonical\" href=\"https:\/\/www.latribunedufaso.net\/?p=18716\" \/>\n<meta property=\"og:locale\" content=\"fr_FR\" \/>\n<meta property=\"og:type\" content=\"article\" \/>\n<meta property=\"og:title\" content=\"Gouvernance local : Des acteurs communaux form\u00e9s sur la mobilisation des ressources dans les collectivit\u00e9s territoriales - La Tribune du Faso\" \/>\n<meta property=\"og:description\" content=\"La commune de Dori organise un atelier de formation sur la mobilisation des ressources des collectivit\u00e9s territoriales au profit de ses acteurs. Prevu pour 4 jours, la c\u00e9r\u00e9monie de lancement est intervenue ce 11 f\u00e9vrier 2024, sous la pr\u00e9sidence du pr\u00e9sident par Int\u00e9rim de la D\u00e9l\u00e9gation sp\u00e9ciale communale de ladite localit\u00e9, Boureima Dicko.\" \/>\n<meta property=\"og:url\" content=\"https:\/\/www.latribunedufaso.net\/?p=18716\" \/>\n<meta property=\"og:site_name\" content=\"La Tribune du Faso\" \/>\n<meta property=\"article:publisher\" content=\"https:\/\/www.facebook.com\/LatribuneduFaso\/\" \/>\n<meta property=\"article:published_time\" content=\"2025-02-11T13:55:24+00:00\" \/>\n<meta property=\"article:modified_time\" content=\"2025-02-11T13:58:22+00:00\" \/>\n<meta property=\"og:image\" content=\"https:\/\/www.latribunedufaso.net\/wp-content\/uploads\/2025\/02\/FB_IMG_1739281766940.jpg\" \/>\n\t<meta property=\"og:image:width\" content=\"720\" \/>\n\t<meta property=\"og:image:height\" content=\"405\" \/>\n\t<meta property=\"og:image:type\" content=\"image\/jpeg\" \/>\n<meta name=\"author\" content=\"Issouf Tapsoba\" \/>\n<meta name=\"twitter:label1\" content=\"\u00c9crit par\" \/>\n\t<meta name=\"twitter:data1\" content=\"Issouf Tapsoba\" \/>\n\t<meta name=\"twitter:label2\" content=\"Dur\u00e9e de lecture estim\u00e9e\" \/>\n\t<meta name=\"twitter:data2\" content=\"2 minutes\" \/>\n<script type=\"application\/ld+json\" class=\"yoast-schema-graph\">{\"@context\":\"https:\\\/\\\/schema.org\",\"@graph\":[{\"@type\":\"Article\",\"@id\":\"https:\\\/\\\/www.latribunedufaso.net\\\/?p=18716#article\",\"isPartOf\":{\"@id\":\"https:\\\/\\\/www.latribunedufaso.net\\\/?p=18716\"},\"author\":{\"name\":\"Issouf Tapsoba\",\"@id\":\"https:\\\/\\\/www.latribunedufaso.net\\\/#\\\/schema\\\/person\\\/e54e64c5778a7e72cf80a318b7a622b0\"},\"headline\":\"Gouvernance local : Des acteurs communaux form\u00e9s sur la mobilisation des ressources dans les collectivit\u00e9s territoriales\",\"datePublished\":\"2025-02-11T13:55:24+00:00\",\"dateModified\":\"2025-02-11T13:58:22+00:00\",\"mainEntityOfPage\":{\"@id\":\"https:\\\/\\\/www.latribunedufaso.net\\\/?p=18716\"},\"wordCount\":456,\"commentCount\":0,\"publisher\":{\"@id\":\"https:\\\/\\\/www.latribunedufaso.net\\\/#organization\"},\"image\":{\"@id\":\"https:\\\/\\\/www.latribunedufaso.net\\\/?p=18716#primaryimage\"},\"thumbnailUrl\":\"https:\\\/\\\/www.latribunedufaso.net\\\/wp-content\\\/uploads\\\/2025\\\/02\\\/FB_IMG_1739281766940.jpg\",\"keywords\":[\"Dori\",\"latribunedufaso.net\",\"mobilisation des ressources des collectivit\u00e9s territoriales\"],\"articleSection\":[\"A la une\",\"Actualit\u00e9\",\"Soci\u00e9t\u00e9\"],\"inLanguage\":\"fr-FR\",\"potentialAction\":[{\"@type\":\"CommentAction\",\"name\":\"Comment\",\"target\":[\"https:\\\/\\\/www.latribunedufaso.net\\\/?p=18716#respond\"]}]},{\"@type\":\"WebPage\",\"@id\":\"https:\\\/\\\/www.latribunedufaso.net\\\/?p=18716\",\"url\":\"https:\\\/\\\/www.latribunedufaso.net\\\/?p=18716\",\"name\":\"Gouvernance local : Des acteurs communaux form\u00e9s sur la mobilisation des ressources dans les collectivit\u00e9s territoriales - La Tribune du Faso\",\"isPartOf\":{\"@id\":\"https:\\\/\\\/www.latribunedufaso.net\\\/#website\"},\"primaryImageOfPage\":{\"@id\":\"https:\\\/\\\/www.latribunedufaso.net\\\/?p=18716#primaryimage\"},\"image\":{\"@id\":\"https:\\\/\\\/www.latribunedufaso.net\\\/?p=18716#primaryimage\"},\"thumbnailUrl\":\"https:\\\/\\\/www.latribunedufaso.net\\\/wp-content\\\/uploads\\\/2025\\\/02\\\/FB_IMG_1739281766940.jpg\",\"datePublished\":\"2025-02-11T13:55:24+00:00\",\"dateModified\":\"2025-02-11T13:58:22+00:00\",\"breadcrumb\":{\"@id\":\"https:\\\/\\\/www.latribunedufaso.net\\\/?p=18716#breadcrumb\"},\"inLanguage\":\"fr-FR\",\"potentialAction\":[{\"@type\":\"ReadAction\",\"target\":[\"https:\\\/\\\/www.latribunedufaso.net\\\/?p=18716\"]}]},{\"@type\":\"ImageObject\",\"inLanguage\":\"fr-FR\",\"@id\":\"https:\\\/\\\/www.latribunedufaso.net\\\/?p=18716#primaryimage\",\"url\":\"https:\\\/\\\/www.latribunedufaso.net\\\/wp-content\\\/uploads\\\/2025\\\/02\\\/FB_IMG_1739281766940.jpg\",\"contentUrl\":\"https:\\\/\\\/www.latribunedufaso.net\\\/wp-content\\\/uploads\\\/2025\\\/02\\\/FB_IMG_1739281766940.jpg\",\"width\":720,\"height\":405,\"caption\":\"Photo de famille des participants - Ph. DR\"},{\"@type\":\"BreadcrumbList\",\"@id\":\"https:\\\/\\\/www.latribunedufaso.net\\\/?p=18716#breadcrumb\",\"itemListElement\":[{\"@type\":\"ListItem\",\"position\":1,\"name\":\"Accueil\",\"item\":\"https:\\\/\\\/www.latribunedufaso.net\\\/\"},{\"@type\":\"ListItem\",\"position\":2,\"name\":\"Gouvernance local : Des acteurs communaux form\u00e9s sur la mobilisation des ressources dans les collectivit\u00e9s territoriales\"}]},{\"@type\":\"WebSite\",\"@id\":\"https:\\\/\\\/www.latribunedufaso.net\\\/#website\",\"url\":\"https:\\\/\\\/www.latribunedufaso.net\\\/\",\"name\":\"La Tribune du Faso\",\"description\":\"L&#039;information du monde rural en un clic\",\"publisher\":{\"@id\":\"https:\\\/\\\/www.latribunedufaso.net\\\/#organization\"},\"potentialAction\":[{\"@type\":\"SearchAction\",\"target\":{\"@type\":\"EntryPoint\",\"urlTemplate\":\"https:\\\/\\\/www.latribunedufaso.net\\\/?s={search_term_string}\"},\"query-input\":{\"@type\":\"PropertyValueSpecification\",\"valueRequired\":true,\"valueName\":\"search_term_string\"}}],\"inLanguage\":\"fr-FR\"},{\"@type\":\"Organization\",\"@id\":\"https:\\\/\\\/www.latribunedufaso.net\\\/#organization\",\"name\":\"La Tribune du Faso\",\"url\":\"https:\\\/\\\/www.latribunedufaso.net\\\/\",\"logo\":{\"@type\":\"ImageObject\",\"inLanguage\":\"fr-FR\",\"@id\":\"https:\\\/\\\/www.latribunedufaso.net\\\/#\\\/schema\\\/logo\\\/image\\\/\",\"url\":\"https:\\\/\\\/www.latribunedufaso.net\\\/wp-content\\\/uploads\\\/2020\\\/08\\\/Logo-Tribune-du-Faso-final-scaled.jpg\",\"contentUrl\":\"https:\\\/\\\/www.latribunedufaso.net\\\/wp-content\\\/uploads\\\/2020\\\/08\\\/Logo-Tribune-du-Faso-final-scaled.jpg\",\"width\":2560,\"height\":1856,\"caption\":\"La Tribune du Faso\"},\"image\":{\"@id\":\"https:\\\/\\\/www.latribunedufaso.net\\\/#\\\/schema\\\/logo\\\/image\\\/\"},\"sameAs\":[\"https:\\\/\\\/www.facebook.com\\\/LatribuneduFaso\\\/\"]},{\"@type\":\"Person\",\"@id\":\"https:\\\/\\\/www.latribunedufaso.net\\\/#\\\/schema\\\/person\\\/e54e64c5778a7e72cf80a318b7a622b0\",\"name\":\"Issouf Tapsoba\",\"image\":{\"@type\":\"ImageObject\",\"inLanguage\":\"fr-FR\",\"@id\":\"https:\\\/\\\/secure.gravatar.com\\\/avatar\\\/5e6c05150ce3230247d167f5b94d678eb05936197436d69b7921e3a95c9107ac?s=96&d=mm&r=g\",\"url\":\"https:\\\/\\\/secure.gravatar.com\\\/avatar\\\/5e6c05150ce3230247d167f5b94d678eb05936197436d69b7921e3a95c9107ac?s=96&d=mm&r=g\",\"contentUrl\":\"https:\\\/\\\/secure.gravatar.com\\\/avatar\\\/5e6c05150ce3230247d167f5b94d678eb05936197436d69b7921e3a95c9107ac?s=96&d=mm&r=g\",\"caption\":\"Issouf Tapsoba\"},\"url\":\"https:\\\/\\\/www.latribunedufaso.net\\\/?author=5\"}]}<\/script>\n<!-- \/ Yoast SEO plugin. -->","yoast_head_json":{"title":"Gouvernance local : Des acteurs communaux form\u00e9s sur la mobilisation des ressources dans les collectivit\u00e9s territoriales - La Tribune du Faso","robots":{"index":"index","follow":"follow","max-snippet":"max-snippet:-1","max-image-preview":"max-image-preview:large","max-video-preview":"max-video-preview:-1"},"canonical":"https:\/\/www.latribunedufaso.net\/?p=18716","og_locale":"fr_FR","og_type":"article","og_title":"Gouvernance local : Des acteurs communaux form\u00e9s sur la mobilisation des ressources dans les collectivit\u00e9s territoriales - La Tribune du Faso","og_description":"La commune de Dori organise un atelier de formation sur la mobilisation des ressources des collectivit\u00e9s territoriales au profit de ses acteurs. Prevu pour 4 jours, la c\u00e9r\u00e9monie de lancement est intervenue ce 11 f\u00e9vrier 2024, sous la pr\u00e9sidence du pr\u00e9sident par Int\u00e9rim de la D\u00e9l\u00e9gation sp\u00e9ciale communale de ladite localit\u00e9, Boureima Dicko.","og_url":"https:\/\/www.latribunedufaso.net\/?p=18716","og_site_name":"La Tribune du Faso","article_publisher":"https:\/\/www.facebook.com\/LatribuneduFaso\/","article_published_time":"2025-02-11T13:55:24+00:00","article_modified_time":"2025-02-11T13:58:22+00:00","og_image":[{"width":720,"height":405,"url":"https:\/\/www.latribunedufaso.net\/wp-content\/uploads\/2025\/02\/FB_IMG_1739281766940.jpg","type":"image\/jpeg"}],"author":"Issouf Tapsoba","twitter_misc":{"\u00c9crit par":"Issouf Tapsoba","Dur\u00e9e de lecture estim\u00e9e":"2 minutes"},"schema":{"@context":"https:\/\/schema.org","@graph":[{"@type":"Article","@id":"https:\/\/www.latribunedufaso.net\/?p=18716#article","isPartOf":{"@id":"https:\/\/www.latribunedufaso.net\/?p=18716"},"author":{"name":"Issouf Tapsoba","@id":"https:\/\/www.latribunedufaso.net\/#\/schema\/person\/e54e64c5778a7e72cf80a318b7a622b0"},"headline":"Gouvernance local : Des acteurs communaux form\u00e9s sur la mobilisation des ressources dans les collectivit\u00e9s territoriales","datePublished":"2025-02-11T13:55:24+00:00","dateModified":"2025-02-11T13:58:22+00:00","mainEntityOfPage":{"@id":"https:\/\/www.latribunedufaso.net\/?p=18716"},"wordCount":456,"commentCount":0,"publisher":{"@id":"https:\/\/www.latribunedufaso.net\/#organization"},"image":{"@id":"https:\/\/www.latribunedufaso.net\/?p=18716#primaryimage"},"thumbnailUrl":"https:\/\/www.latribunedufaso.net\/wp-content\/uploads\/2025\/02\/FB_IMG_1739281766940.jpg","keywords":["Dori","latribunedufaso.net","mobilisation des ressources des collectivit\u00e9s territoriales"],"articleSection":["A la une","Actualit\u00e9","Soci\u00e9t\u00e9"],"inLanguage":"fr-FR","potentialAction":[{"@type":"CommentAction","name":"Comment","target":["https:\/\/www.latribunedufaso.net\/?p=18716#respond"]}]},{"@type":"WebPage","@id":"https:\/\/www.latribunedufaso.net\/?p=18716","url":"https:\/\/www.latribunedufaso.net\/?p=18716","name":"Gouvernance local : Des acteurs communaux form\u00e9s sur la mobilisation des ressources dans les collectivit\u00e9s territoriales - La Tribune du Faso","isPartOf":{"@id":"https:\/\/www.latribunedufaso.net\/#website"},"primaryImageOfPage":{"@id":"https:\/\/www.latribunedufaso.net\/?p=18716#primaryimage"},"image":{"@id":"https:\/\/www.latribunedufaso.net\/?p=18716#primaryimage"},"thumbnailUrl":"https:\/\/www.latribunedufaso.net\/wp-content\/uploads\/2025\/02\/FB_IMG_1739281766940.jpg","datePublished":"2025-02-11T13:55:24+00:00","dateModified":"2025-02-11T13:58:22+00:00","breadcrumb":{"@id":"https:\/\/www.latribunedufaso.net\/?p=18716#breadcrumb"},"inLanguage":"fr-FR","potentialAction":[{"@type":"ReadAction","target":["https:\/\/www.latribunedufaso.net\/?p=18716"]}]},{"@type":"ImageObject","inLanguage":"fr-FR","@id":"https:\/\/www.latribunedufaso.net\/?p=18716#primaryimage","url":"https:\/\/www.latribunedufaso.net\/wp-content\/uploads\/2025\/02\/FB_IMG_1739281766940.jpg","contentUrl":"https:\/\/www.latribunedufaso.net\/wp-content\/uploads\/2025\/02\/FB_IMG_1739281766940.jpg","width":720,"height":405,"caption":"Photo de famille des participants - Ph. DR"},{"@type":"BreadcrumbList","@id":"https:\/\/www.latribunedufaso.net\/?p=18716#breadcrumb","itemListElement":[{"@type":"ListItem","position":1,"name":"Accueil","item":"https:\/\/www.latribunedufaso.net\/"},{"@type":"ListItem","position":2,"name":"Gouvernance local : Des acteurs communaux form\u00e9s sur la mobilisation des ressources dans les collectivit\u00e9s territoriales"}]},{"@type":"WebSite","@id":"https:\/\/www.latribunedufaso.net\/#website","url":"https:\/\/www.latribunedufaso.net\/","name":"La Tribune du Faso","description":"L&#039;information du monde rural en un clic","publisher":{"@id":"https:\/\/www.latribunedufaso.net\/#organization"},"potentialAction":[{"@type":"SearchAction","target":{"@type":"EntryPoint","urlTemplate":"https:\/\/www.latribunedufaso.net\/?s={search_term_string}"},"query-input":{"@type":"PropertyValueSpecification","valueRequired":true,"valueName":"search_term_string"}}],"inLanguage":"fr-FR"},{"@type":"Organization","@id":"https:\/\/www.latribunedufaso.net\/#organization","name":"La Tribune du Faso","url":"https:\/\/www.latribunedufaso.net\/","logo":{"@type":"ImageObject","inLanguage":"fr-FR","@id":"https:\/\/www.latribunedufaso.net\/#\/schema\/logo\/image\/","url":"https:\/\/www.latribunedufaso.net\/wp-content\/uploads\/2020\/08\/Logo-Tribune-du-Faso-final-scaled.jpg","contentUrl":"https:\/\/www.latribunedufaso.net\/wp-content\/uploads\/2020\/08\/Logo-Tribune-du-Faso-final-scaled.jpg","width":2560,"height":1856,"caption":"La Tribune du Faso"},"image":{"@id":"https:\/\/www.latribunedufaso.net\/#\/schema\/logo\/image\/"},"sameAs":["https:\/\/www.facebook.com\/LatribuneduFaso\/"]},{"@type":"Person","@id":"https:\/\/www.latribunedufaso.net\/#\/schema\/person\/e54e64c5778a7e72cf80a318b7a622b0","name":"Issouf Tapsoba","image":{"@type":"ImageObject","inLanguage":"fr-FR","@id":"https:\/\/secure.gravatar.com\/avatar\/5e6c05150ce3230247d167f5b94d678eb05936197436d69b7921e3a95c9107ac?s=96&d=mm&r=g","url":"https:\/\/secure.gravatar.com\/avatar\/5e6c05150ce3230247d167f5b94d678eb05936197436d69b7921e3a95c9107ac?s=96&d=mm&r=g","contentUrl":"https:\/\/secure.gravatar.com\/avatar\/5e6c05150ce3230247d167f5b94d678eb05936197436d69b7921e3a95c9107ac?s=96&d=mm&r=g","caption":"Issouf Tapsoba"},"url":"https:\/\/www.latribunedufaso.net\/?author=5"}]}},"_links":{"self":[{"href":"https:\/\/www.latribunedufaso.net\/index.php?rest_route=\/wp\/v2\/posts\/18716","targetHints":{"allow":["GET"]}}],"collection":[{"href":"https:\/\/www.latribunedufaso.net\/index.php?rest_route=\/wp\/v2\/posts"}],"about":[{"href":"https:\/\/www.latribunedufaso.net\/index.php?rest_route=\/wp\/v2\/types\/post"}],"author":[{"embeddable":true,"href":"https:\/\/www.latribunedufaso.net\/index.php?rest_route=\/wp\/v2\/users\/5"}],"replies":[{"embeddable":true,"href":"https:\/\/www.latribunedufaso.net\/index.php?rest_route=%2Fwp%2Fv2%2Fcomments&post=18716"}],"version-history":[{"count":3,"href":"https:\/\/www.latribunedufaso.net\/index.php?rest_route=\/wp\/v2\/posts\/18716\/revisions"}],"predecessor-version":[{"id":18720,"href":"https:\/\/www.latribunedufaso.net\/index.php?rest_route=\/wp\/v2\/posts\/18716\/revisions\/18720"}],"wp:featuredmedia":[{"embeddable":true,"href":"https:\/\/www.latribunedufaso.net\/index.php?rest_route=\/wp\/v2\/media\/18717"}],"wp:attachment":[{"href":"https:\/\/www.latribunedufaso.net\/index.php?rest_route=%2Fwp%2Fv2%2Fmedia&parent=18716"}],"wp:term":[{"taxonomy":"category","embeddable":true,"href":"https:\/\/www.latribunedufaso.net\/index.php?rest_route=%2Fwp%2Fv2%2Fcategories&post=18716"},{"taxonomy":"post_tag","embeddable":true,"href":"https:\/\/www.latribunedufaso.net\/index.php?rest_route=%2Fwp%2Fv2%2Ftags&post=18716"}],"curies":[{"name":"wp","href":"https:\/\/api.w.org\/{rel}","templated":true}]}}