{"id":18696,"date":"2025-02-11T11:52:56","date_gmt":"2025-02-11T11:52:56","guid":{"rendered":"https:\/\/www.latribunedufaso.net\/?p=18696"},"modified":"2025-02-11T11:52:56","modified_gmt":"2025-02-11T11:52:56","slug":"souverainete-energetique-le-ministre-gouba-visite-les-centrales-de-gonsin-et-komsilga","status":"publish","type":"post","link":"https:\/\/www.latribunedufaso.net\/?p=18696","title":{"rendered":"Souverainet\u00e9 \u00e9nerg\u00e9tique : Le ministre Gouba visite les centrales de Gonsin et Komsilga"},"content":{"rendered":"<p><strong style=\"font-size: 1.0625rem;\">Le 10 f\u00e9vrier 2025, Yacouba Zabr\u00e9 Gouba, ministre de l\u2019\u00c9nergie, des Mines et des Carri\u00e8res, a effectu\u00e9 une visite terrain dans les centrales thermiques de Komsilga et solaires de Gonsin. Cette tourn\u00e9e fait partie des efforts du gouvernement pour am\u00e9liorer l\u2019offre \u00e9nerg\u00e9tique du pays et s\u2019inscrit dans une dynamique d\u2019\u00e9valuation des progr\u00e8s r\u00e9alis\u00e9s dans la r\u00e9cup\u00e9ration de puissance.<\/strong><\/p>\n<p><!--more--><\/p>\n<p>La premi\u00e8re \u00e9tape de la visite a conduit le ministre \u00e0 la centrale thermique de Komsilga, o\u00f9 il a proc\u00e9d\u00e9 \u00e0 une \u00e9valuation des travaux r\u00e9alis\u00e9s pour am\u00e9liorer l\u2019efficacit\u00e9 \u00e9nerg\u00e9tique. Selon lui, cette d\u00e9marche r\u00e9pond \u00e0 deux objectifs majeurs. Il s\u2019agit d\u2019\u00e9valuer la r\u00e9cup\u00e9ration de puissance et d&rsquo;examiner l\u2019\u00e9tat des installations. Il a soulign\u00e9 l\u2019importance des travaux de maintenance, tant pr\u00e9ventive que curative, dans l\u2019optimisation de la production d\u2019\u00e9nergie.\u00a0<\/p>\n<figure id=\"attachment_18699\" aria-describedby=\"caption-attachment-18699\" style=\"width: 720px\" class=\"wp-caption aligncenter\"><a href=\"https:\/\/www.latribunedufaso.net\/wp-content\/uploads\/2025\/02\/FB_IMG_1739273175818.jpg\"><img loading=\"lazy\" decoding=\"async\" class=\"size-full wp-image-18699\" src=\"https:\/\/www.latribunedufaso.net\/wp-content\/uploads\/2025\/02\/FB_IMG_1739273175818.jpg\" alt=\"Le ministre en charge de l'Energie, Yacouba Zabr\u00e9 Gouba a visit\u00e9 les centrales de Gonsin et de Komsilga, 10 f\u00e9vrier 2025\" width=\"720\" height=\"377\" srcset=\"https:\/\/www.latribunedufaso.net\/wp-content\/uploads\/2025\/02\/FB_IMG_1739273175818.jpg 720w, https:\/\/www.latribunedufaso.net\/wp-content\/uploads\/2025\/02\/FB_IMG_1739273175818-300x157.jpg 300w\" sizes=\"auto, (max-width: 720px) 100vw, 720px\" \/><\/a><figcaption id=\"caption-attachment-18699\" class=\"wp-caption-text\">Une vue des installations de la centrale thermique de Komsilga &#8211; Ph. DR<\/figcaption><\/figure>\n<p>En effet, la centrale thermique de Komsilga dispose d\u2019une capacit\u00e9 install\u00e9e de 90 MW, mais trois de ses groupes sont hors services. Le ministre a pu \u00e9changer avec les prestataires pour fixer une date pr\u00e9cise afin de garantir la remise en marche de ces groupes.<\/p>\n<blockquote>\n<p>Lire aussi &gt;&gt; <a href=\"https:\/\/www.latribunedufaso.net\/?p=17958\">Fourniture de l\u2019\u00e9lectricit\u00e9 dans la r\u00e9gion de l\u2019Est : Le ministre de en charge l\u2019Energie encourage les agents de la SONABEL de Fada N\u2019Gourma<\/a><\/p>\n<\/blockquote>\n<p>Apr\u00e8s le passage \u00e0 Komsilga, Yacouba Zabr\u00e9 Gouba a salu\u00e9 les efforts de la Soci\u00e9t\u00e9 nationale d\u2019\u00e9lectricit\u00e9 du Burkina (SONABEL) dans l\u2019approvisionnement en \u00e9nergie pour les Burkinab\u00e8. Ces efforts sont essentiels dans un contexte o\u00f9 la demande \u00e9nerg\u00e9tique cro\u00eet constamment.<\/p>\n<figure id=\"attachment_18698\" aria-describedby=\"caption-attachment-18698\" style=\"width: 1280px\" class=\"wp-caption aligncenter\"><a href=\"https:\/\/www.latribunedufaso.net\/wp-content\/uploads\/2025\/02\/IMG-20250211-WA0013.jpg\"><img loading=\"lazy\" decoding=\"async\" class=\"size-full wp-image-18698\" src=\"https:\/\/www.latribunedufaso.net\/wp-content\/uploads\/2025\/02\/IMG-20250211-WA0013.jpg\" alt=\"Le ministre en charge de l'Energie, Yacouba Zabr\u00e9 Gouba a visit\u00e9 les centrales de Gonsin et de Komsilga, 10 f\u00e9vrier 2025\" width=\"1280\" height=\"960\" srcset=\"https:\/\/www.latribunedufaso.net\/wp-content\/uploads\/2025\/02\/IMG-20250211-WA0013.jpg 1280w, https:\/\/www.latribunedufaso.net\/wp-content\/uploads\/2025\/02\/IMG-20250211-WA0013-300x225.jpg 300w, https:\/\/www.latribunedufaso.net\/wp-content\/uploads\/2025\/02\/IMG-20250211-WA0013-1024x768.jpg 1024w, https:\/\/www.latribunedufaso.net\/wp-content\/uploads\/2025\/02\/IMG-20250211-WA0013-768x576.jpg 768w\" sizes=\"auto, (max-width: 1280px) 100vw, 1280px\" \/><\/a><figcaption id=\"caption-attachment-18698\" class=\"wp-caption-text\">Une vue des installations de la centrale solaire de Gonsin &#8211; Ph. DR<\/figcaption><\/figure>\n<p>La seconde \u00e9tape de la visite a conduit le ministre \u00e0 la centrale photovolta\u00efque de Gonsin, qui a \u00e9t\u00e9 r\u00e9ceptionn\u00e9e l\u2019ann\u00e9e derni\u00e8re (2024). Ce site constitue un atout majeur pour le pays, car il est actuellement la plus grande centrale solaire en op\u00e9ration au Burkina Faso. Dot\u00e9e d\u2019une capacit\u00e9 install\u00e9e de 42 MW, la centrale de Gonsin se distingue \u00e9galement par son syst\u00e8me de stockage d\u2019\u00e9nergie, avec une capacit\u00e9 de 10 MW et un pouvoir d\u2019injection de 8 MW dans le r\u00e9seau.<\/p>\n<figure id=\"attachment_18700\" aria-describedby=\"caption-attachment-18700\" style=\"width: 720px\" class=\"wp-caption aligncenter\"><a href=\"https:\/\/www.latribunedufaso.net\/wp-content\/uploads\/2025\/02\/FB_IMG_1739273154390.jpg\"><img loading=\"lazy\" decoding=\"async\" class=\"size-full wp-image-18700\" src=\"https:\/\/www.latribunedufaso.net\/wp-content\/uploads\/2025\/02\/FB_IMG_1739273154390.jpg\" alt=\"Le ministre en charge de l'Energie, Yacouba Zabr\u00e9 Gouba a visit\u00e9 les centrales de Gonsin et de Komsilga, 10 f\u00e9vrier 2025\" width=\"720\" height=\"480\" srcset=\"https:\/\/www.latribunedufaso.net\/wp-content\/uploads\/2025\/02\/FB_IMG_1739273154390.jpg 720w, https:\/\/www.latribunedufaso.net\/wp-content\/uploads\/2025\/02\/FB_IMG_1739273154390-300x200.jpg 300w, https:\/\/www.latribunedufaso.net\/wp-content\/uploads\/2025\/02\/FB_IMG_1739273154390-120x80.jpg 120w, https:\/\/www.latribunedufaso.net\/wp-content\/uploads\/2025\/02\/FB_IMG_1739273154390-360x240.jpg 360w, https:\/\/www.latribunedufaso.net\/wp-content\/uploads\/2025\/02\/FB_IMG_1739273154390-600x400.jpg 600w\" sizes=\"auto, (max-width: 720px) 100vw, 720px\" \/><\/a><figcaption id=\"caption-attachment-18700\" class=\"wp-caption-text\">Une vue du ministre avec l&rsquo;\u00e9quipe de la centrale solaire de Gonsin lors de la visite &#8211; Ph. DR<\/figcaption><\/figure>\n<p>Lors de cette visite, le ministre a \u00e9galement mis l\u2019accent sur l\u2019importance de la maintenance r\u00e9guli\u00e8re des panneaux solaires pour garantir un fonctionnement optimal de la centrale et \u00e9viter les probl\u00e8mes d\u2019intermittence, souvent rencontr\u00e9s avec l\u2019\u00e9nergie solaire. Il a invit\u00e9 les responsables et les travailleurs du site \u00e0 maintenir un suivi constant des installations pour assurer une disponibilit\u00e9 continue de l\u2019\u00e9nergie.<\/p>\n<figure id=\"attachment_18697\" aria-describedby=\"caption-attachment-18697\" style=\"width: 1280px\" class=\"wp-caption aligncenter\"><a href=\"https:\/\/www.latribunedufaso.net\/wp-content\/uploads\/2025\/02\/IMG-20250211-WA0014.jpg\"><img loading=\"lazy\" decoding=\"async\" class=\"size-full wp-image-18697\" src=\"https:\/\/www.latribunedufaso.net\/wp-content\/uploads\/2025\/02\/IMG-20250211-WA0014.jpg\" alt=\"Le ministre en charge de l'Energie, Yacouba Zabr\u00e9 Gouba a visit\u00e9 les centrales de Gonsin et de Komsilga, 10 f\u00e9vrier 2025\" width=\"1280\" height=\"960\" srcset=\"https:\/\/www.latribunedufaso.net\/wp-content\/uploads\/2025\/02\/IMG-20250211-WA0014.jpg 1280w, https:\/\/www.latribunedufaso.net\/wp-content\/uploads\/2025\/02\/IMG-20250211-WA0014-300x225.jpg 300w, https:\/\/www.latribunedufaso.net\/wp-content\/uploads\/2025\/02\/IMG-20250211-WA0014-1024x768.jpg 1024w, https:\/\/www.latribunedufaso.net\/wp-content\/uploads\/2025\/02\/IMG-20250211-WA0014-768x576.jpg 768w\" sizes=\"auto, (max-width: 1280px) 100vw, 1280px\" \/><\/a><figcaption id=\"caption-attachment-18697\" class=\"wp-caption-text\">Photo de famille de l&rsquo;\u00e9quipe de la centrale thermique de Komsilga avec le ministre &#8211; Ph. DR<\/figcaption><\/figure>\n<p>En somme, cette visite a permis au ministre de constater les progr\u00e8s r\u00e9alis\u00e9s, de confirmer l\u2019engagement de la SONABEL et des autres acteurs du secteur de l\u2019\u00e9nergie, tout en soulignant la n\u00e9cessit\u00e9 d\u2019une maintenance rigoureuse pour maintenir la production d\u2019\u00e9nergie et r\u00e9pondre aux besoins croissants du Burkina Faso en mati\u00e8re d\u2019\u00e9lectricit\u00e9.<\/p>\n<p><strong>In\u00e8s TOUGMA\u00a0<\/strong><\/p>\n<p><strong><span style=\"font-size: 1.0625rem;\">latribu<\/span><span style=\"font-size: 1.0625rem;\">nedufao.net<\/span><\/strong><\/p>\n","protected":false},"excerpt":{"rendered":"<p>Le 10 f\u00e9vrier 2025, Yacouba Zabr\u00e9 Gouba, ministre de l\u2019\u00c9nergie, des Mines et des Carri\u00e8res, a effectu\u00e9 une visite terrain dans les centrales thermiques de Komsilga et solaires de Gonsin. Cette tourn\u00e9e fait partie des efforts du gouvernement pour am\u00e9liorer l\u2019offre \u00e9nerg\u00e9tique du pays et s\u2019inscrit dans une dynamique d\u2019\u00e9valuation des progr\u00e8s r\u00e9alis\u00e9s dans la r\u00e9cup\u00e9ration de puissance.<\/p>\n","protected":false},"author":5,"featured_media":18701,"comment_status":"open","ping_status":"open","sticky":false,"template":"","format":"standard","meta":{"footnotes":""},"categories":[13,1,20],"tags":[53,39,221],"class_list":["post-18696","post","type-post","status-publish","format-standard","has-post-thumbnail","hentry","category-une","category-actu","category-energie","tag-energie","tag-latribunedufaso-net","tag-sonabel"],"yoast_head":"<!-- This site is optimized with the Yoast SEO plugin v27.5 - https:\/\/yoast.com\/product\/yoast-seo-wordpress\/ -->\n<title>Souverainet\u00e9 \u00e9nerg\u00e9tique : Le ministre Gouba visite les centrales de Gonsin et Komsilga - La Tribune du Faso<\/title>\n<meta name=\"robots\" content=\"index, follow, max-snippet:-1, max-image-preview:large, max-video-preview:-1\" \/>\n<link rel=\"canonical\" href=\"https:\/\/www.latribunedufaso.net\/?p=18696\" \/>\n<meta property=\"og:locale\" content=\"fr_FR\" \/>\n<meta property=\"og:type\" content=\"article\" \/>\n<meta property=\"og:title\" content=\"Souverainet\u00e9 \u00e9nerg\u00e9tique : Le ministre Gouba visite les centrales de Gonsin et Komsilga - La Tribune du Faso\" \/>\n<meta property=\"og:description\" content=\"Le 10 f\u00e9vrier 2025, Yacouba Zabr\u00e9 Gouba, ministre de l\u2019\u00c9nergie, des Mines et des Carri\u00e8res, a effectu\u00e9 une visite terrain dans les centrales thermiques de Komsilga et solaires de Gonsin. Cette tourn\u00e9e fait partie des efforts du gouvernement pour am\u00e9liorer l\u2019offre \u00e9nerg\u00e9tique du pays et s\u2019inscrit dans une dynamique d\u2019\u00e9valuation des progr\u00e8s r\u00e9alis\u00e9s dans la r\u00e9cup\u00e9ration de puissance.\" \/>\n<meta property=\"og:url\" content=\"https:\/\/www.latribunedufaso.net\/?p=18696\" \/>\n<meta property=\"og:site_name\" content=\"La Tribune du Faso\" \/>\n<meta property=\"article:publisher\" content=\"https:\/\/www.facebook.com\/LatribuneduFaso\/\" \/>\n<meta property=\"article:published_time\" content=\"2025-02-11T11:52:56+00:00\" \/>\n<meta property=\"og:image\" content=\"https:\/\/www.latribunedufaso.net\/wp-content\/uploads\/2025\/02\/FB_IMG_1739273143877.jpg\" \/>\n\t<meta property=\"og:image:width\" content=\"720\" \/>\n\t<meta property=\"og:image:height\" content=\"641\" \/>\n\t<meta property=\"og:image:type\" content=\"image\/jpeg\" \/>\n<meta name=\"author\" content=\"Issouf Tapsoba\" \/>\n<meta name=\"twitter:label1\" content=\"\u00c9crit par\" \/>\n\t<meta name=\"twitter:data1\" content=\"Issouf Tapsoba\" \/>\n\t<meta name=\"twitter:label2\" content=\"Dur\u00e9e de lecture estim\u00e9e\" \/>\n\t<meta name=\"twitter:data2\" content=\"3 minutes\" \/>\n<script type=\"application\/ld+json\" class=\"yoast-schema-graph\">{\"@context\":\"https:\\\/\\\/schema.org\",\"@graph\":[{\"@type\":\"Article\",\"@id\":\"https:\\\/\\\/www.latribunedufaso.net\\\/?p=18696#article\",\"isPartOf\":{\"@id\":\"https:\\\/\\\/www.latribunedufaso.net\\\/?p=18696\"},\"author\":{\"name\":\"Issouf Tapsoba\",\"@id\":\"https:\\\/\\\/www.latribunedufaso.net\\\/#\\\/schema\\\/person\\\/e54e64c5778a7e72cf80a318b7a622b0\"},\"headline\":\"Souverainet\u00e9 \u00e9nerg\u00e9tique : Le ministre Gouba visite les centrales de Gonsin et Komsilga\",\"datePublished\":\"2025-02-11T11:52:56+00:00\",\"mainEntityOfPage\":{\"@id\":\"https:\\\/\\\/www.latribunedufaso.net\\\/?p=18696\"},\"wordCount\":612,\"commentCount\":0,\"publisher\":{\"@id\":\"https:\\\/\\\/www.latribunedufaso.net\\\/#organization\"},\"image\":{\"@id\":\"https:\\\/\\\/www.latribunedufaso.net\\\/?p=18696#primaryimage\"},\"thumbnailUrl\":\"https:\\\/\\\/www.latribunedufaso.net\\\/wp-content\\\/uploads\\\/2025\\\/02\\\/FB_IMG_1739273143877.jpg\",\"keywords\":[\"\u00e9nergie\",\"latribunedufaso.net\",\"sonabel\"],\"articleSection\":[\"A la une\",\"Actualit\u00e9\",\"Energie\"],\"inLanguage\":\"fr-FR\",\"potentialAction\":[{\"@type\":\"CommentAction\",\"name\":\"Comment\",\"target\":[\"https:\\\/\\\/www.latribunedufaso.net\\\/?p=18696#respond\"]}]},{\"@type\":\"WebPage\",\"@id\":\"https:\\\/\\\/www.latribunedufaso.net\\\/?p=18696\",\"url\":\"https:\\\/\\\/www.latribunedufaso.net\\\/?p=18696\",\"name\":\"Souverainet\u00e9 \u00e9nerg\u00e9tique : Le ministre Gouba visite les centrales de Gonsin et Komsilga - La Tribune du Faso\",\"isPartOf\":{\"@id\":\"https:\\\/\\\/www.latribunedufaso.net\\\/#website\"},\"primaryImageOfPage\":{\"@id\":\"https:\\\/\\\/www.latribunedufaso.net\\\/?p=18696#primaryimage\"},\"image\":{\"@id\":\"https:\\\/\\\/www.latribunedufaso.net\\\/?p=18696#primaryimage\"},\"thumbnailUrl\":\"https:\\\/\\\/www.latribunedufaso.net\\\/wp-content\\\/uploads\\\/2025\\\/02\\\/FB_IMG_1739273143877.jpg\",\"datePublished\":\"2025-02-11T11:52:56+00:00\",\"breadcrumb\":{\"@id\":\"https:\\\/\\\/www.latribunedufaso.net\\\/?p=18696#breadcrumb\"},\"inLanguage\":\"fr-FR\",\"potentialAction\":[{\"@type\":\"ReadAction\",\"target\":[\"https:\\\/\\\/www.latribunedufaso.net\\\/?p=18696\"]}]},{\"@type\":\"ImageObject\",\"inLanguage\":\"fr-FR\",\"@id\":\"https:\\\/\\\/www.latribunedufaso.net\\\/?p=18696#primaryimage\",\"url\":\"https:\\\/\\\/www.latribunedufaso.net\\\/wp-content\\\/uploads\\\/2025\\\/02\\\/FB_IMG_1739273143877.jpg\",\"contentUrl\":\"https:\\\/\\\/www.latribunedufaso.net\\\/wp-content\\\/uploads\\\/2025\\\/02\\\/FB_IMG_1739273143877.jpg\",\"width\":720,\"height\":641,\"caption\":\"Le ministre en charge de l'Energie, Yacouba Zabr\u00e9 Gouba a visit\u00e9 les centrales de Gonsin et de Komsilga, 10 f\u00e9vrier 2025\"},{\"@type\":\"BreadcrumbList\",\"@id\":\"https:\\\/\\\/www.latribunedufaso.net\\\/?p=18696#breadcrumb\",\"itemListElement\":[{\"@type\":\"ListItem\",\"position\":1,\"name\":\"Accueil\",\"item\":\"https:\\\/\\\/www.latribunedufaso.net\\\/\"},{\"@type\":\"ListItem\",\"position\":2,\"name\":\"Souverainet\u00e9 \u00e9nerg\u00e9tique : Le ministre Gouba visite les centrales de Gonsin et Komsilga\"}]},{\"@type\":\"WebSite\",\"@id\":\"https:\\\/\\\/www.latribunedufaso.net\\\/#website\",\"url\":\"https:\\\/\\\/www.latribunedufaso.net\\\/\",\"name\":\"La Tribune du Faso\",\"description\":\"L&#039;information du monde rural en un clic\",\"publisher\":{\"@id\":\"https:\\\/\\\/www.latribunedufaso.net\\\/#organization\"},\"potentialAction\":[{\"@type\":\"SearchAction\",\"target\":{\"@type\":\"EntryPoint\",\"urlTemplate\":\"https:\\\/\\\/www.latribunedufaso.net\\\/?s={search_term_string}\"},\"query-input\":{\"@type\":\"PropertyValueSpecification\",\"valueRequired\":true,\"valueName\":\"search_term_string\"}}],\"inLanguage\":\"fr-FR\"},{\"@type\":\"Organization\",\"@id\":\"https:\\\/\\\/www.latribunedufaso.net\\\/#organization\",\"name\":\"La Tribune du Faso\",\"url\":\"https:\\\/\\\/www.latribunedufaso.net\\\/\",\"logo\":{\"@type\":\"ImageObject\",\"inLanguage\":\"fr-FR\",\"@id\":\"https:\\\/\\\/www.latribunedufaso.net\\\/#\\\/schema\\\/logo\\\/image\\\/\",\"url\":\"https:\\\/\\\/www.latribunedufaso.net\\\/wp-content\\\/uploads\\\/2020\\\/08\\\/Logo-Tribune-du-Faso-final-scaled.jpg\",\"contentUrl\":\"https:\\\/\\\/www.latribunedufaso.net\\\/wp-content\\\/uploads\\\/2020\\\/08\\\/Logo-Tribune-du-Faso-final-scaled.jpg\",\"width\":2560,\"height\":1856,\"caption\":\"La Tribune du Faso\"},\"image\":{\"@id\":\"https:\\\/\\\/www.latribunedufaso.net\\\/#\\\/schema\\\/logo\\\/image\\\/\"},\"sameAs\":[\"https:\\\/\\\/www.facebook.com\\\/LatribuneduFaso\\\/\"]},{\"@type\":\"Person\",\"@id\":\"https:\\\/\\\/www.latribunedufaso.net\\\/#\\\/schema\\\/person\\\/e54e64c5778a7e72cf80a318b7a622b0\",\"name\":\"Issouf Tapsoba\",\"image\":{\"@type\":\"ImageObject\",\"inLanguage\":\"fr-FR\",\"@id\":\"https:\\\/\\\/secure.gravatar.com\\\/avatar\\\/5e6c05150ce3230247d167f5b94d678eb05936197436d69b7921e3a95c9107ac?s=96&d=mm&r=g\",\"url\":\"https:\\\/\\\/secure.gravatar.com\\\/avatar\\\/5e6c05150ce3230247d167f5b94d678eb05936197436d69b7921e3a95c9107ac?s=96&d=mm&r=g\",\"contentUrl\":\"https:\\\/\\\/secure.gravatar.com\\\/avatar\\\/5e6c05150ce3230247d167f5b94d678eb05936197436d69b7921e3a95c9107ac?s=96&d=mm&r=g\",\"caption\":\"Issouf Tapsoba\"},\"url\":\"https:\\\/\\\/www.latribunedufaso.net\\\/?author=5\"}]}<\/script>\n<!-- \/ Yoast SEO plugin. -->","yoast_head_json":{"title":"Souverainet\u00e9 \u00e9nerg\u00e9tique : Le ministre Gouba visite les centrales de Gonsin et Komsilga - La Tribune du Faso","robots":{"index":"index","follow":"follow","max-snippet":"max-snippet:-1","max-image-preview":"max-image-preview:large","max-video-preview":"max-video-preview:-1"},"canonical":"https:\/\/www.latribunedufaso.net\/?p=18696","og_locale":"fr_FR","og_type":"article","og_title":"Souverainet\u00e9 \u00e9nerg\u00e9tique : Le ministre Gouba visite les centrales de Gonsin et Komsilga - La Tribune du Faso","og_description":"Le 10 f\u00e9vrier 2025, Yacouba Zabr\u00e9 Gouba, ministre de l\u2019\u00c9nergie, des Mines et des Carri\u00e8res, a effectu\u00e9 une visite terrain dans les centrales thermiques de Komsilga et solaires de Gonsin. Cette tourn\u00e9e fait partie des efforts du gouvernement pour am\u00e9liorer l\u2019offre \u00e9nerg\u00e9tique du pays et s\u2019inscrit dans une dynamique d\u2019\u00e9valuation des progr\u00e8s r\u00e9alis\u00e9s dans la r\u00e9cup\u00e9ration de puissance.","og_url":"https:\/\/www.latribunedufaso.net\/?p=18696","og_site_name":"La Tribune du Faso","article_publisher":"https:\/\/www.facebook.com\/LatribuneduFaso\/","article_published_time":"2025-02-11T11:52:56+00:00","og_image":[{"width":720,"height":641,"url":"https:\/\/www.latribunedufaso.net\/wp-content\/uploads\/2025\/02\/FB_IMG_1739273143877.jpg","type":"image\/jpeg"}],"author":"Issouf Tapsoba","twitter_misc":{"\u00c9crit par":"Issouf Tapsoba","Dur\u00e9e de lecture estim\u00e9e":"3 minutes"},"schema":{"@context":"https:\/\/schema.org","@graph":[{"@type":"Article","@id":"https:\/\/www.latribunedufaso.net\/?p=18696#article","isPartOf":{"@id":"https:\/\/www.latribunedufaso.net\/?p=18696"},"author":{"name":"Issouf Tapsoba","@id":"https:\/\/www.latribunedufaso.net\/#\/schema\/person\/e54e64c5778a7e72cf80a318b7a622b0"},"headline":"Souverainet\u00e9 \u00e9nerg\u00e9tique : Le ministre Gouba visite les centrales de Gonsin et Komsilga","datePublished":"2025-02-11T11:52:56+00:00","mainEntityOfPage":{"@id":"https:\/\/www.latribunedufaso.net\/?p=18696"},"wordCount":612,"commentCount":0,"publisher":{"@id":"https:\/\/www.latribunedufaso.net\/#organization"},"image":{"@id":"https:\/\/www.latribunedufaso.net\/?p=18696#primaryimage"},"thumbnailUrl":"https:\/\/www.latribunedufaso.net\/wp-content\/uploads\/2025\/02\/FB_IMG_1739273143877.jpg","keywords":["\u00e9nergie","latribunedufaso.net","sonabel"],"articleSection":["A la une","Actualit\u00e9","Energie"],"inLanguage":"fr-FR","potentialAction":[{"@type":"CommentAction","name":"Comment","target":["https:\/\/www.latribunedufaso.net\/?p=18696#respond"]}]},{"@type":"WebPage","@id":"https:\/\/www.latribunedufaso.net\/?p=18696","url":"https:\/\/www.latribunedufaso.net\/?p=18696","name":"Souverainet\u00e9 \u00e9nerg\u00e9tique : Le ministre Gouba visite les centrales de Gonsin et Komsilga - La Tribune du Faso","isPartOf":{"@id":"https:\/\/www.latribunedufaso.net\/#website"},"primaryImageOfPage":{"@id":"https:\/\/www.latribunedufaso.net\/?p=18696#primaryimage"},"image":{"@id":"https:\/\/www.latribunedufaso.net\/?p=18696#primaryimage"},"thumbnailUrl":"https:\/\/www.latribunedufaso.net\/wp-content\/uploads\/2025\/02\/FB_IMG_1739273143877.jpg","datePublished":"2025-02-11T11:52:56+00:00","breadcrumb":{"@id":"https:\/\/www.latribunedufaso.net\/?p=18696#breadcrumb"},"inLanguage":"fr-FR","potentialAction":[{"@type":"ReadAction","target":["https:\/\/www.latribunedufaso.net\/?p=18696"]}]},{"@type":"ImageObject","inLanguage":"fr-FR","@id":"https:\/\/www.latribunedufaso.net\/?p=18696#primaryimage","url":"https:\/\/www.latribunedufaso.net\/wp-content\/uploads\/2025\/02\/FB_IMG_1739273143877.jpg","contentUrl":"https:\/\/www.latribunedufaso.net\/wp-content\/uploads\/2025\/02\/FB_IMG_1739273143877.jpg","width":720,"height":641,"caption":"Le ministre en charge de l'Energie, Yacouba Zabr\u00e9 Gouba a visit\u00e9 les centrales de Gonsin et de Komsilga, 10 f\u00e9vrier 2025"},{"@type":"BreadcrumbList","@id":"https:\/\/www.latribunedufaso.net\/?p=18696#breadcrumb","itemListElement":[{"@type":"ListItem","position":1,"name":"Accueil","item":"https:\/\/www.latribunedufaso.net\/"},{"@type":"ListItem","position":2,"name":"Souverainet\u00e9 \u00e9nerg\u00e9tique : Le ministre Gouba visite les centrales de Gonsin et Komsilga"}]},{"@type":"WebSite","@id":"https:\/\/www.latribunedufaso.net\/#website","url":"https:\/\/www.latribunedufaso.net\/","name":"La Tribune du Faso","description":"L&#039;information du monde rural en un clic","publisher":{"@id":"https:\/\/www.latribunedufaso.net\/#organization"},"potentialAction":[{"@type":"SearchAction","target":{"@type":"EntryPoint","urlTemplate":"https:\/\/www.latribunedufaso.net\/?s={search_term_string}"},"query-input":{"@type":"PropertyValueSpecification","valueRequired":true,"valueName":"search_term_string"}}],"inLanguage":"fr-FR"},{"@type":"Organization","@id":"https:\/\/www.latribunedufaso.net\/#organization","name":"La Tribune du Faso","url":"https:\/\/www.latribunedufaso.net\/","logo":{"@type":"ImageObject","inLanguage":"fr-FR","@id":"https:\/\/www.latribunedufaso.net\/#\/schema\/logo\/image\/","url":"https:\/\/www.latribunedufaso.net\/wp-content\/uploads\/2020\/08\/Logo-Tribune-du-Faso-final-scaled.jpg","contentUrl":"https:\/\/www.latribunedufaso.net\/wp-content\/uploads\/2020\/08\/Logo-Tribune-du-Faso-final-scaled.jpg","width":2560,"height":1856,"caption":"La Tribune du Faso"},"image":{"@id":"https:\/\/www.latribunedufaso.net\/#\/schema\/logo\/image\/"},"sameAs":["https:\/\/www.facebook.com\/LatribuneduFaso\/"]},{"@type":"Person","@id":"https:\/\/www.latribunedufaso.net\/#\/schema\/person\/e54e64c5778a7e72cf80a318b7a622b0","name":"Issouf Tapsoba","image":{"@type":"ImageObject","inLanguage":"fr-FR","@id":"https:\/\/secure.gravatar.com\/avatar\/5e6c05150ce3230247d167f5b94d678eb05936197436d69b7921e3a95c9107ac?s=96&d=mm&r=g","url":"https:\/\/secure.gravatar.com\/avatar\/5e6c05150ce3230247d167f5b94d678eb05936197436d69b7921e3a95c9107ac?s=96&d=mm&r=g","contentUrl":"https:\/\/secure.gravatar.com\/avatar\/5e6c05150ce3230247d167f5b94d678eb05936197436d69b7921e3a95c9107ac?s=96&d=mm&r=g","caption":"Issouf Tapsoba"},"url":"https:\/\/www.latribunedufaso.net\/?author=5"}]}},"_links":{"self":[{"href":"https:\/\/www.latribunedufaso.net\/index.php?rest_route=\/wp\/v2\/posts\/18696","targetHints":{"allow":["GET"]}}],"collection":[{"href":"https:\/\/www.latribunedufaso.net\/index.php?rest_route=\/wp\/v2\/posts"}],"about":[{"href":"https:\/\/www.latribunedufaso.net\/index.php?rest_route=\/wp\/v2\/types\/post"}],"author":[{"embeddable":true,"href":"https:\/\/www.latribunedufaso.net\/index.php?rest_route=\/wp\/v2\/users\/5"}],"replies":[{"embeddable":true,"href":"https:\/\/www.latribunedufaso.net\/index.php?rest_route=%2Fwp%2Fv2%2Fcomments&post=18696"}],"version-history":[{"count":1,"href":"https:\/\/www.latribunedufaso.net\/index.php?rest_route=\/wp\/v2\/posts\/18696\/revisions"}],"predecessor-version":[{"id":18702,"href":"https:\/\/www.latribunedufaso.net\/index.php?rest_route=\/wp\/v2\/posts\/18696\/revisions\/18702"}],"wp:featuredmedia":[{"embeddable":true,"href":"https:\/\/www.latribunedufaso.net\/index.php?rest_route=\/wp\/v2\/media\/18701"}],"wp:attachment":[{"href":"https:\/\/www.latribunedufaso.net\/index.php?rest_route=%2Fwp%2Fv2%2Fmedia&parent=18696"}],"wp:term":[{"taxonomy":"category","embeddable":true,"href":"https:\/\/www.latribunedufaso.net\/index.php?rest_route=%2Fwp%2Fv2%2Fcategories&post=18696"},{"taxonomy":"post_tag","embeddable":true,"href":"https:\/\/www.latribunedufaso.net\/index.php?rest_route=%2Fwp%2Fv2%2Ftags&post=18696"}],"curies":[{"name":"wp","href":"https:\/\/api.w.org\/{rel}","templated":true}]}}