{"id":18567,"date":"2025-02-04T13:24:36","date_gmt":"2025-02-04T13:24:36","guid":{"rendered":"https:\/\/www.latribunedufaso.net\/?p=18567"},"modified":"2025-02-04T13:24:36","modified_gmt":"2025-02-04T13:24:36","slug":"cooperation-lambassadeur-egyptien-chez-le-premier-ministre","status":"publish","type":"post","link":"https:\/\/www.latribunedufaso.net\/?p=18567","title":{"rendered":"Coop\u00e9ration : L\u2019ambassadeur \u00e9gyptien chez le premier ministre\u00a0"},"content":{"rendered":"<p><strong><span style=\"font-size: 1.0625rem;\">Le 03 f\u00e9vrier 2025 \u00e0 Ouagadougou, le Premier ministre, Jean Emmanuel Ou\u00e9draogo, a accord\u00e9 une audience, \u00e0 l\u2019ambassadeur de la R\u00e9publique arabe d\u2019\u00c9gypte au Burkina Faso, Sherif Nada. Les deux personnalit\u00e9s ont abord\u00e9 des questions relatives au renforcement des relations bilat\u00e9rales entre leurs pays.<\/span><\/strong><!--more--><\/p>\n<p>Le diplomate \u00e9gyptien \u00e9tait porteur d\u2019une lettre de f\u00e9licitation du Premier ministre \u00e9gyptien \u00e0 son homologue burkinab\u00e8. <span style=\"font-size: 1.0625rem;\"><em><strong>\u00ab Je suis porteur d\u2019un message de f\u00e9licitations du premier ministre \u00e9gyptien \u00e0 son homologue burkinab\u00e8 pour sa prise de fonction \u00e0 la t\u00eate du Gouvernement du Burkina Faso \u00bb<\/strong><\/em>, a-t-il d\u00e9clar\u00e9.<\/span><\/p>\n<figure id=\"attachment_18569\" aria-describedby=\"caption-attachment-18569\" style=\"width: 720px\" class=\"wp-caption aligncenter\"><a href=\"https:\/\/www.latribunedufaso.net\/wp-content\/uploads\/2025\/02\/FB_IMG_1738675044641.jpg\"><img loading=\"lazy\" decoding=\"async\" class=\"size-full wp-image-18569\" src=\"https:\/\/www.latribunedufaso.net\/wp-content\/uploads\/2025\/02\/FB_IMG_1738675044641.jpg\" alt=\"Le Premier ministre a accord\u00e9 une audience \u00e0 l'ambassadeur de l'\u00c9gypte au Burkina, Sherif Nada, 3 f\u00e9vrier 2025\" width=\"720\" height=\"515\" srcset=\"https:\/\/www.latribunedufaso.net\/wp-content\/uploads\/2025\/02\/FB_IMG_1738675044641.jpg 720w, https:\/\/www.latribunedufaso.net\/wp-content\/uploads\/2025\/02\/FB_IMG_1738675044641-300x215.jpg 300w, https:\/\/www.latribunedufaso.net\/wp-content\/uploads\/2025\/02\/FB_IMG_1738675044641-90x65.jpg 90w\" sizes=\"auto, (max-width: 720px) 100vw, 720px\" \/><\/a><figcaption id=\"caption-attachment-18569\" class=\"wp-caption-text\">L&rsquo;ambassadeur de la R\u00e9publique arabe d\u2019\u00c9gypte au Burkina Faso, Sherif Nada &#8211; Ph. DR<\/figcaption><\/figure>\n<p>Il a \u00e9galement r\u00e9affirm\u00e9 l\u2019engagement de l\u2019\u00c9gypte \u00e0 soutenir le Burkina Faso dans sa lutte contre le terrorisme et pour la reconqu\u00eate de son int\u00e9grit\u00e9 territoriale. <span style=\"font-size: 1.0625rem;\"><em><strong>\u00ab L\u2019\u00c9gypte se tient aux c\u00f4t\u00e9s du Burkina Faso dans cette \u00e9preuve et soutient ses efforts pour \u00e9radiquer les forces du mal \u00bb,<\/strong><\/em> a soulign\u00e9 l\u2019ambassadeur.<\/span><\/p>\n<p>Un autre point cl\u00e9 de cette audience a concern\u00e9 l\u2019exploration des diff\u00e9rents axes de coop\u00e9ration entre les deux pays. <span style=\"font-size: 1.0625rem;\">Selon, Sherif Nada, <em><strong>\u00ab le Burkina Faso et l\u2019\u00c9gypte entretiennent des relations excellentes et fructueuses \u00bb<\/strong><\/em> et les deux pays \u0153uvrent \u00e0 les consolider et \u00e0 les \u00e9largir vers de nouveaux horizons.<\/span><\/p>\n<figure id=\"attachment_18568\" aria-describedby=\"caption-attachment-18568\" style=\"width: 720px\" class=\"wp-caption aligncenter\"><a href=\"https:\/\/www.latribunedufaso.net\/wp-content\/uploads\/2025\/02\/FB_IMG_1738675048655.jpg\"><img loading=\"lazy\" decoding=\"async\" class=\"size-full wp-image-18568\" src=\"https:\/\/www.latribunedufaso.net\/wp-content\/uploads\/2025\/02\/FB_IMG_1738675048655.jpg\" alt=\"Le Premier ministre a accord\u00e9 une audience \u00e0 l'ambassadeur de l'\u00c9gypte au Burkina, Sherif Nada, 3 f\u00e9vrier 2025\" width=\"720\" height=\"472\" srcset=\"https:\/\/www.latribunedufaso.net\/wp-content\/uploads\/2025\/02\/FB_IMG_1738675048655.jpg 720w, https:\/\/www.latribunedufaso.net\/wp-content\/uploads\/2025\/02\/FB_IMG_1738675048655-300x197.jpg 300w, https:\/\/www.latribunedufaso.net\/wp-content\/uploads\/2025\/02\/FB_IMG_1738675048655-120x80.jpg 120w\" sizes=\"auto, (max-width: 720px) 100vw, 720px\" \/><\/a><figcaption id=\"caption-attachment-18568\" class=\"wp-caption-text\">Une vue des participants \u00e0 l&rsquo;audience &#8211; Ph. DR<\/figcaption><\/figure>\n<p>Le Premier ministre, Jean Emmanuel Ou\u00e9draogo a, pour sa part, marqu\u00e9 sa disponibilit\u00e9 \u00e0 renforcer cette coop\u00e9ration et a encourag\u00e9 l\u2019ambassade \u00e0 poursuivre dans cette dynamique. Il a insist\u00e9 sur l\u2019importance d\u2019intensifier les relations bilat\u00e9rales afin de favoriser des int\u00e9r\u00eats communs profitables aux deux nations.<\/p>\n<blockquote>\n<p>Lire aussi &gt;&gt; <a href=\"https:\/\/www.latribunedufaso.net\/?p=14972\">Coop\u00e9ration : La 72e f\u00eate nationale de la R\u00e9publique Arabe d\u2019\u00c9gypte c\u00e9l\u00e9br\u00e9e \u00e0 Ouagadougou\u00a0<\/a><\/p>\n<\/blockquote>\n<p>Au-del\u00e0 des collaborations gouvernementales, Nada a \u00e9galement soulign\u00e9 les opportunit\u00e9s de coop\u00e9ration entre les secteurs priv\u00e9s des deux pays. <em><strong>\u00ab Il y a vraiment de bonnes perspectives \u00e0 explorer, notamment dans le domaine du commerce. Les march\u00e9s seront ouverts pour les \u00e9changes au profit de nos populations \u00bb,<\/strong><\/em> a-t-il conclu.<\/p>\n<p>Cette rencontre marque une \u00e9tape suppl\u00e9mentaire dans le raffermissement des liens entre Ouagadougou et le Caire, ouvrant la voie \u00e0 une nouvelle dynamique de coop\u00e9ration profitable aux deux peuples.<\/p>\n<p><strong>latribunedufaso.net<\/strong><\/p>\n<p><strong>Source : <span style=\"font-size: 1.0625rem;\">DCRP\/Primature<\/span><\/strong><\/p>\n","protected":false},"excerpt":{"rendered":"<p>Le 03 f\u00e9vrier 2025 \u00e0 Ouagadougou, le Premier ministre, Jean Emmanuel Ou\u00e9draogo, a accord\u00e9 une audience, \u00e0 l\u2019ambassadeur de la R\u00e9publique arabe d\u2019\u00c9gypte au Burkina Faso, Sherif Nada. Les deux personnalit\u00e9s ont abord\u00e9 des questions relatives au renforcement des relations bilat\u00e9rales entre leurs pays.<\/p>\n","protected":false},"author":5,"featured_media":18570,"comment_status":"open","ping_status":"open","sticky":false,"template":"","format":"standard","meta":{"footnotes":""},"categories":[13,1,8],"tags":[669,39],"class_list":["post-18567","post","type-post","status-publish","format-standard","has-post-thumbnail","hentry","category-une","category-actu","category-societe","tag-cooperation-burkina-egypte","tag-latribunedufaso-net"],"yoast_head":"<!-- This site is optimized with the Yoast SEO plugin v27.4 - https:\/\/yoast.com\/product\/yoast-seo-wordpress\/ -->\n<title>Coop\u00e9ration : L\u2019ambassadeur \u00e9gyptien chez le premier ministre\u00a0 - La Tribune du Faso<\/title>\n<meta name=\"robots\" content=\"index, follow, max-snippet:-1, max-image-preview:large, max-video-preview:-1\" \/>\n<link rel=\"canonical\" href=\"https:\/\/www.latribunedufaso.net\/?p=18567\" \/>\n<meta property=\"og:locale\" content=\"fr_FR\" \/>\n<meta property=\"og:type\" content=\"article\" \/>\n<meta property=\"og:title\" content=\"Coop\u00e9ration : L\u2019ambassadeur \u00e9gyptien chez le premier ministre\u00a0 - La Tribune du Faso\" \/>\n<meta property=\"og:description\" content=\"Le 03 f\u00e9vrier 2025 \u00e0 Ouagadougou, le Premier ministre, Jean Emmanuel Ou\u00e9draogo, a accord\u00e9 une audience, \u00e0 l\u2019ambassadeur de la R\u00e9publique arabe d\u2019\u00c9gypte au Burkina Faso, Sherif Nada. Les deux personnalit\u00e9s ont abord\u00e9 des questions relatives au renforcement des relations bilat\u00e9rales entre leurs pays.\" \/>\n<meta property=\"og:url\" content=\"https:\/\/www.latribunedufaso.net\/?p=18567\" \/>\n<meta property=\"og:site_name\" content=\"La Tribune du Faso\" \/>\n<meta property=\"article:publisher\" content=\"https:\/\/www.facebook.com\/LatribuneduFaso\/\" \/>\n<meta property=\"article:published_time\" content=\"2025-02-04T13:24:36+00:00\" \/>\n<meta property=\"og:image\" content=\"https:\/\/www.latribunedufaso.net\/wp-content\/uploads\/2025\/02\/FB_IMG_1738675036483.jpg\" \/>\n\t<meta property=\"og:image:width\" content=\"720\" \/>\n\t<meta property=\"og:image:height\" content=\"523\" \/>\n\t<meta property=\"og:image:type\" content=\"image\/jpeg\" \/>\n<meta name=\"author\" content=\"Issouf Tapsoba\" \/>\n<meta name=\"twitter:label1\" content=\"\u00c9crit par\" \/>\n\t<meta name=\"twitter:data1\" content=\"Issouf Tapsoba\" \/>\n\t<meta name=\"twitter:label2\" content=\"Dur\u00e9e de lecture estim\u00e9e\" \/>\n\t<meta name=\"twitter:data2\" content=\"2 minutes\" \/>\n<script type=\"application\/ld+json\" class=\"yoast-schema-graph\">{\"@context\":\"https:\\\/\\\/schema.org\",\"@graph\":[{\"@type\":\"Article\",\"@id\":\"https:\\\/\\\/www.latribunedufaso.net\\\/?p=18567#article\",\"isPartOf\":{\"@id\":\"https:\\\/\\\/www.latribunedufaso.net\\\/?p=18567\"},\"author\":{\"name\":\"Issouf Tapsoba\",\"@id\":\"https:\\\/\\\/www.latribunedufaso.net\\\/#\\\/schema\\\/person\\\/e54e64c5778a7e72cf80a318b7a622b0\"},\"headline\":\"Coop\u00e9ration : L\u2019ambassadeur \u00e9gyptien chez le premier ministre\u00a0\",\"datePublished\":\"2025-02-04T13:24:36+00:00\",\"mainEntityOfPage\":{\"@id\":\"https:\\\/\\\/www.latribunedufaso.net\\\/?p=18567\"},\"wordCount\":415,\"commentCount\":0,\"publisher\":{\"@id\":\"https:\\\/\\\/www.latribunedufaso.net\\\/#organization\"},\"image\":{\"@id\":\"https:\\\/\\\/www.latribunedufaso.net\\\/?p=18567#primaryimage\"},\"thumbnailUrl\":\"https:\\\/\\\/www.latribunedufaso.net\\\/wp-content\\\/uploads\\\/2025\\\/02\\\/FB_IMG_1738675036483.jpg\",\"keywords\":[\"Coop\u00e9ration Burkina-Egypte\",\"latribunedufaso.net\"],\"articleSection\":[\"A la une\",\"Actualit\u00e9\",\"Soci\u00e9t\u00e9\"],\"inLanguage\":\"fr-FR\",\"potentialAction\":[{\"@type\":\"CommentAction\",\"name\":\"Comment\",\"target\":[\"https:\\\/\\\/www.latribunedufaso.net\\\/?p=18567#respond\"]}]},{\"@type\":\"WebPage\",\"@id\":\"https:\\\/\\\/www.latribunedufaso.net\\\/?p=18567\",\"url\":\"https:\\\/\\\/www.latribunedufaso.net\\\/?p=18567\",\"name\":\"Coop\u00e9ration : L\u2019ambassadeur \u00e9gyptien chez le premier ministre\u00a0 - La Tribune du Faso\",\"isPartOf\":{\"@id\":\"https:\\\/\\\/www.latribunedufaso.net\\\/#website\"},\"primaryImageOfPage\":{\"@id\":\"https:\\\/\\\/www.latribunedufaso.net\\\/?p=18567#primaryimage\"},\"image\":{\"@id\":\"https:\\\/\\\/www.latribunedufaso.net\\\/?p=18567#primaryimage\"},\"thumbnailUrl\":\"https:\\\/\\\/www.latribunedufaso.net\\\/wp-content\\\/uploads\\\/2025\\\/02\\\/FB_IMG_1738675036483.jpg\",\"datePublished\":\"2025-02-04T13:24:36+00:00\",\"breadcrumb\":{\"@id\":\"https:\\\/\\\/www.latribunedufaso.net\\\/?p=18567#breadcrumb\"},\"inLanguage\":\"fr-FR\",\"potentialAction\":[{\"@type\":\"ReadAction\",\"target\":[\"https:\\\/\\\/www.latribunedufaso.net\\\/?p=18567\"]}]},{\"@type\":\"ImageObject\",\"inLanguage\":\"fr-FR\",\"@id\":\"https:\\\/\\\/www.latribunedufaso.net\\\/?p=18567#primaryimage\",\"url\":\"https:\\\/\\\/www.latribunedufaso.net\\\/wp-content\\\/uploads\\\/2025\\\/02\\\/FB_IMG_1738675036483.jpg\",\"contentUrl\":\"https:\\\/\\\/www.latribunedufaso.net\\\/wp-content\\\/uploads\\\/2025\\\/02\\\/FB_IMG_1738675036483.jpg\",\"width\":720,\"height\":523,\"caption\":\"Le Premier ministre a accord\u00e9 une audience \u00e0 l'ambassadeur de l'\u00c9gypte au Burkina, Sherif Nada, 3 f\u00e9vrier 2025\"},{\"@type\":\"BreadcrumbList\",\"@id\":\"https:\\\/\\\/www.latribunedufaso.net\\\/?p=18567#breadcrumb\",\"itemListElement\":[{\"@type\":\"ListItem\",\"position\":1,\"name\":\"Accueil\",\"item\":\"https:\\\/\\\/www.latribunedufaso.net\\\/\"},{\"@type\":\"ListItem\",\"position\":2,\"name\":\"Coop\u00e9ration : L\u2019ambassadeur \u00e9gyptien chez le premier ministre\u00a0\"}]},{\"@type\":\"WebSite\",\"@id\":\"https:\\\/\\\/www.latribunedufaso.net\\\/#website\",\"url\":\"https:\\\/\\\/www.latribunedufaso.net\\\/\",\"name\":\"La Tribune du Faso\",\"description\":\"L&#039;information du monde rural en un clic\",\"publisher\":{\"@id\":\"https:\\\/\\\/www.latribunedufaso.net\\\/#organization\"},\"potentialAction\":[{\"@type\":\"SearchAction\",\"target\":{\"@type\":\"EntryPoint\",\"urlTemplate\":\"https:\\\/\\\/www.latribunedufaso.net\\\/?s={search_term_string}\"},\"query-input\":{\"@type\":\"PropertyValueSpecification\",\"valueRequired\":true,\"valueName\":\"search_term_string\"}}],\"inLanguage\":\"fr-FR\"},{\"@type\":\"Organization\",\"@id\":\"https:\\\/\\\/www.latribunedufaso.net\\\/#organization\",\"name\":\"La Tribune du Faso\",\"url\":\"https:\\\/\\\/www.latribunedufaso.net\\\/\",\"logo\":{\"@type\":\"ImageObject\",\"inLanguage\":\"fr-FR\",\"@id\":\"https:\\\/\\\/www.latribunedufaso.net\\\/#\\\/schema\\\/logo\\\/image\\\/\",\"url\":\"https:\\\/\\\/www.latribunedufaso.net\\\/wp-content\\\/uploads\\\/2020\\\/08\\\/Logo-Tribune-du-Faso-final-scaled.jpg\",\"contentUrl\":\"https:\\\/\\\/www.latribunedufaso.net\\\/wp-content\\\/uploads\\\/2020\\\/08\\\/Logo-Tribune-du-Faso-final-scaled.jpg\",\"width\":2560,\"height\":1856,\"caption\":\"La Tribune du Faso\"},\"image\":{\"@id\":\"https:\\\/\\\/www.latribunedufaso.net\\\/#\\\/schema\\\/logo\\\/image\\\/\"},\"sameAs\":[\"https:\\\/\\\/www.facebook.com\\\/LatribuneduFaso\\\/\"]},{\"@type\":\"Person\",\"@id\":\"https:\\\/\\\/www.latribunedufaso.net\\\/#\\\/schema\\\/person\\\/e54e64c5778a7e72cf80a318b7a622b0\",\"name\":\"Issouf Tapsoba\",\"image\":{\"@type\":\"ImageObject\",\"inLanguage\":\"fr-FR\",\"@id\":\"https:\\\/\\\/secure.gravatar.com\\\/avatar\\\/5e6c05150ce3230247d167f5b94d678eb05936197436d69b7921e3a95c9107ac?s=96&d=mm&r=g\",\"url\":\"https:\\\/\\\/secure.gravatar.com\\\/avatar\\\/5e6c05150ce3230247d167f5b94d678eb05936197436d69b7921e3a95c9107ac?s=96&d=mm&r=g\",\"contentUrl\":\"https:\\\/\\\/secure.gravatar.com\\\/avatar\\\/5e6c05150ce3230247d167f5b94d678eb05936197436d69b7921e3a95c9107ac?s=96&d=mm&r=g\",\"caption\":\"Issouf Tapsoba\"},\"url\":\"https:\\\/\\\/www.latribunedufaso.net\\\/?author=5\"}]}<\/script>\n<!-- \/ Yoast SEO plugin. -->","yoast_head_json":{"title":"Coop\u00e9ration : L\u2019ambassadeur \u00e9gyptien chez le premier ministre\u00a0 - La Tribune du Faso","robots":{"index":"index","follow":"follow","max-snippet":"max-snippet:-1","max-image-preview":"max-image-preview:large","max-video-preview":"max-video-preview:-1"},"canonical":"https:\/\/www.latribunedufaso.net\/?p=18567","og_locale":"fr_FR","og_type":"article","og_title":"Coop\u00e9ration : L\u2019ambassadeur \u00e9gyptien chez le premier ministre\u00a0 - La Tribune du Faso","og_description":"Le 03 f\u00e9vrier 2025 \u00e0 Ouagadougou, le Premier ministre, Jean Emmanuel Ou\u00e9draogo, a accord\u00e9 une audience, \u00e0 l\u2019ambassadeur de la R\u00e9publique arabe d\u2019\u00c9gypte au Burkina Faso, Sherif Nada. Les deux personnalit\u00e9s ont abord\u00e9 des questions relatives au renforcement des relations bilat\u00e9rales entre leurs pays.","og_url":"https:\/\/www.latribunedufaso.net\/?p=18567","og_site_name":"La Tribune du Faso","article_publisher":"https:\/\/www.facebook.com\/LatribuneduFaso\/","article_published_time":"2025-02-04T13:24:36+00:00","og_image":[{"width":720,"height":523,"url":"https:\/\/www.latribunedufaso.net\/wp-content\/uploads\/2025\/02\/FB_IMG_1738675036483.jpg","type":"image\/jpeg"}],"author":"Issouf Tapsoba","twitter_misc":{"\u00c9crit par":"Issouf Tapsoba","Dur\u00e9e de lecture estim\u00e9e":"2 minutes"},"schema":{"@context":"https:\/\/schema.org","@graph":[{"@type":"Article","@id":"https:\/\/www.latribunedufaso.net\/?p=18567#article","isPartOf":{"@id":"https:\/\/www.latribunedufaso.net\/?p=18567"},"author":{"name":"Issouf Tapsoba","@id":"https:\/\/www.latribunedufaso.net\/#\/schema\/person\/e54e64c5778a7e72cf80a318b7a622b0"},"headline":"Coop\u00e9ration : L\u2019ambassadeur \u00e9gyptien chez le premier ministre\u00a0","datePublished":"2025-02-04T13:24:36+00:00","mainEntityOfPage":{"@id":"https:\/\/www.latribunedufaso.net\/?p=18567"},"wordCount":415,"commentCount":0,"publisher":{"@id":"https:\/\/www.latribunedufaso.net\/#organization"},"image":{"@id":"https:\/\/www.latribunedufaso.net\/?p=18567#primaryimage"},"thumbnailUrl":"https:\/\/www.latribunedufaso.net\/wp-content\/uploads\/2025\/02\/FB_IMG_1738675036483.jpg","keywords":["Coop\u00e9ration Burkina-Egypte","latribunedufaso.net"],"articleSection":["A la une","Actualit\u00e9","Soci\u00e9t\u00e9"],"inLanguage":"fr-FR","potentialAction":[{"@type":"CommentAction","name":"Comment","target":["https:\/\/www.latribunedufaso.net\/?p=18567#respond"]}]},{"@type":"WebPage","@id":"https:\/\/www.latribunedufaso.net\/?p=18567","url":"https:\/\/www.latribunedufaso.net\/?p=18567","name":"Coop\u00e9ration : L\u2019ambassadeur \u00e9gyptien chez le premier ministre\u00a0 - La Tribune du Faso","isPartOf":{"@id":"https:\/\/www.latribunedufaso.net\/#website"},"primaryImageOfPage":{"@id":"https:\/\/www.latribunedufaso.net\/?p=18567#primaryimage"},"image":{"@id":"https:\/\/www.latribunedufaso.net\/?p=18567#primaryimage"},"thumbnailUrl":"https:\/\/www.latribunedufaso.net\/wp-content\/uploads\/2025\/02\/FB_IMG_1738675036483.jpg","datePublished":"2025-02-04T13:24:36+00:00","breadcrumb":{"@id":"https:\/\/www.latribunedufaso.net\/?p=18567#breadcrumb"},"inLanguage":"fr-FR","potentialAction":[{"@type":"ReadAction","target":["https:\/\/www.latribunedufaso.net\/?p=18567"]}]},{"@type":"ImageObject","inLanguage":"fr-FR","@id":"https:\/\/www.latribunedufaso.net\/?p=18567#primaryimage","url":"https:\/\/www.latribunedufaso.net\/wp-content\/uploads\/2025\/02\/FB_IMG_1738675036483.jpg","contentUrl":"https:\/\/www.latribunedufaso.net\/wp-content\/uploads\/2025\/02\/FB_IMG_1738675036483.jpg","width":720,"height":523,"caption":"Le Premier ministre a accord\u00e9 une audience \u00e0 l'ambassadeur de l'\u00c9gypte au Burkina, Sherif Nada, 3 f\u00e9vrier 2025"},{"@type":"BreadcrumbList","@id":"https:\/\/www.latribunedufaso.net\/?p=18567#breadcrumb","itemListElement":[{"@type":"ListItem","position":1,"name":"Accueil","item":"https:\/\/www.latribunedufaso.net\/"},{"@type":"ListItem","position":2,"name":"Coop\u00e9ration : L\u2019ambassadeur \u00e9gyptien chez le premier ministre\u00a0"}]},{"@type":"WebSite","@id":"https:\/\/www.latribunedufaso.net\/#website","url":"https:\/\/www.latribunedufaso.net\/","name":"La Tribune du Faso","description":"L&#039;information du monde rural en un clic","publisher":{"@id":"https:\/\/www.latribunedufaso.net\/#organization"},"potentialAction":[{"@type":"SearchAction","target":{"@type":"EntryPoint","urlTemplate":"https:\/\/www.latribunedufaso.net\/?s={search_term_string}"},"query-input":{"@type":"PropertyValueSpecification","valueRequired":true,"valueName":"search_term_string"}}],"inLanguage":"fr-FR"},{"@type":"Organization","@id":"https:\/\/www.latribunedufaso.net\/#organization","name":"La Tribune du Faso","url":"https:\/\/www.latribunedufaso.net\/","logo":{"@type":"ImageObject","inLanguage":"fr-FR","@id":"https:\/\/www.latribunedufaso.net\/#\/schema\/logo\/image\/","url":"https:\/\/www.latribunedufaso.net\/wp-content\/uploads\/2020\/08\/Logo-Tribune-du-Faso-final-scaled.jpg","contentUrl":"https:\/\/www.latribunedufaso.net\/wp-content\/uploads\/2020\/08\/Logo-Tribune-du-Faso-final-scaled.jpg","width":2560,"height":1856,"caption":"La Tribune du Faso"},"image":{"@id":"https:\/\/www.latribunedufaso.net\/#\/schema\/logo\/image\/"},"sameAs":["https:\/\/www.facebook.com\/LatribuneduFaso\/"]},{"@type":"Person","@id":"https:\/\/www.latribunedufaso.net\/#\/schema\/person\/e54e64c5778a7e72cf80a318b7a622b0","name":"Issouf Tapsoba","image":{"@type":"ImageObject","inLanguage":"fr-FR","@id":"https:\/\/secure.gravatar.com\/avatar\/5e6c05150ce3230247d167f5b94d678eb05936197436d69b7921e3a95c9107ac?s=96&d=mm&r=g","url":"https:\/\/secure.gravatar.com\/avatar\/5e6c05150ce3230247d167f5b94d678eb05936197436d69b7921e3a95c9107ac?s=96&d=mm&r=g","contentUrl":"https:\/\/secure.gravatar.com\/avatar\/5e6c05150ce3230247d167f5b94d678eb05936197436d69b7921e3a95c9107ac?s=96&d=mm&r=g","caption":"Issouf Tapsoba"},"url":"https:\/\/www.latribunedufaso.net\/?author=5"}]}},"_links":{"self":[{"href":"https:\/\/www.latribunedufaso.net\/index.php?rest_route=\/wp\/v2\/posts\/18567","targetHints":{"allow":["GET"]}}],"collection":[{"href":"https:\/\/www.latribunedufaso.net\/index.php?rest_route=\/wp\/v2\/posts"}],"about":[{"href":"https:\/\/www.latribunedufaso.net\/index.php?rest_route=\/wp\/v2\/types\/post"}],"author":[{"embeddable":true,"href":"https:\/\/www.latribunedufaso.net\/index.php?rest_route=\/wp\/v2\/users\/5"}],"replies":[{"embeddable":true,"href":"https:\/\/www.latribunedufaso.net\/index.php?rest_route=%2Fwp%2Fv2%2Fcomments&post=18567"}],"version-history":[{"count":1,"href":"https:\/\/www.latribunedufaso.net\/index.php?rest_route=\/wp\/v2\/posts\/18567\/revisions"}],"predecessor-version":[{"id":18571,"href":"https:\/\/www.latribunedufaso.net\/index.php?rest_route=\/wp\/v2\/posts\/18567\/revisions\/18571"}],"wp:featuredmedia":[{"embeddable":true,"href":"https:\/\/www.latribunedufaso.net\/index.php?rest_route=\/wp\/v2\/media\/18570"}],"wp:attachment":[{"href":"https:\/\/www.latribunedufaso.net\/index.php?rest_route=%2Fwp%2Fv2%2Fmedia&parent=18567"}],"wp:term":[{"taxonomy":"category","embeddable":true,"href":"https:\/\/www.latribunedufaso.net\/index.php?rest_route=%2Fwp%2Fv2%2Fcategories&post=18567"},{"taxonomy":"post_tag","embeddable":true,"href":"https:\/\/www.latribunedufaso.net\/index.php?rest_route=%2Fwp%2Fv2%2Ftags&post=18567"}],"curies":[{"name":"wp","href":"https:\/\/api.w.org\/{rel}","templated":true}]}}