{"id":18566,"date":"2025-02-03T12:58:16","date_gmt":"2025-02-03T12:58:16","guid":{"rendered":"https:\/\/www.latribunedufaso.net\/?p=18566"},"modified":"2025-02-09T13:07:26","modified_gmt":"2025-02-09T13:07:26","slug":"montee-mensuelle-des-couleurs-le-ministre-bayala-fait-le-point-des-activites-du-ministere-et-de-loperation-casier-vide","status":"publish","type":"post","link":"https:\/\/www.latribunedufaso.net\/?p=18566","title":{"rendered":"Mont\u00e9e mensuelle des couleurs : Le ministre Bayala fait le point des activit\u00e9s du minist\u00e8re et de l\u2019op\u00e9ration casier vide"},"content":{"rendered":"<p><strong style=\"font-size: 1.0625rem;\">Le 3 f\u00e9vrier 2025 \u00e0 Ouagadougou, lors de la mont\u00e9e mensuelle des couleurs organis\u00e9e par les hautes juridictions, le ministre de la Justice, des Droits humains et charg\u00e9 des Relations avec les institutions, Edasso Rodrigue Bayala, a fait le point sur les activit\u00e9s de son minist\u00e8re et pr\u00e9sent\u00e9 le bilan de l\u2019ann\u00e9e \u00e9coul\u00e9e.\u00a0<\/strong><\/p>\n<p><!--more--><\/p>\n<p>Les hautes juridictions sont charg\u00e9s de contr\u00f4ler au plus haut niveau les d\u00e9cisions des juridictions de fond que sont les Cours d\u2019appel et les tribunaux. Elles font partie des services d\u00e9concentr\u00e9s du d\u00e9partement en charge de la justice. <span style=\"font-size: 1.0625rem;\"><em><strong>\u00ab C\u2019est une occasion de rappeler notre d\u00e9vouement que nous devons quotidiennement, \u00e0 travers nos actes, montrer notre disposition \u00e0 accepter le sacrifice pour notre pays \u00bb,<\/strong><\/em> a d\u00e9clar\u00e9 le ministre Edasso Bayala.<\/span><\/p>\n<figure id=\"attachment_18674\" aria-describedby=\"caption-attachment-18674\" style=\"width: 2560px\" class=\"wp-caption aligncenter\"><a href=\"https:\/\/www.latribunedufaso.net\/wp-content\/uploads\/2025\/02\/IMG-20250203-WA0015.jpg\"><img loading=\"lazy\" decoding=\"async\" class=\"size-full wp-image-18674\" src=\"https:\/\/www.latribunedufaso.net\/wp-content\/uploads\/2025\/02\/IMG-20250203-WA0015.jpg\" alt=\"Le ministre en charge de la Justice fait le point sur les activit\u00e9s de son minist\u00e8re et pr\u00e9sent\u00e9 le bilan de l\u2019ann\u00e9e \u00e9coul\u00e9e lors d'une c\u00e9r\u00e9monie de mont\u00e9e des couleurs, 3 f\u00e9vrier 2025\" width=\"2560\" height=\"1152\" srcset=\"https:\/\/www.latribunedufaso.net\/wp-content\/uploads\/2025\/02\/IMG-20250203-WA0015.jpg 2560w, https:\/\/www.latribunedufaso.net\/wp-content\/uploads\/2025\/02\/IMG-20250203-WA0015-300x135.jpg 300w, https:\/\/www.latribunedufaso.net\/wp-content\/uploads\/2025\/02\/IMG-20250203-WA0015-1024x461.jpg 1024w, https:\/\/www.latribunedufaso.net\/wp-content\/uploads\/2025\/02\/IMG-20250203-WA0015-768x346.jpg 768w, https:\/\/www.latribunedufaso.net\/wp-content\/uploads\/2025\/02\/IMG-20250203-WA0015-1536x691.jpg 1536w, https:\/\/www.latribunedufaso.net\/wp-content\/uploads\/2025\/02\/IMG-20250203-WA0015-2048x922.jpg 2048w\" sizes=\"auto, (max-width: 2560px) 100vw, 2560px\" \/><\/a><figcaption id=\"caption-attachment-18674\" class=\"wp-caption-text\">Le ministre en charge de la Justice, Edasso Rodrigue Bayala &#8211; Ph. N. Ouattara<\/figcaption><\/figure>\n<p>\u00c0 cette occasion, le ministre a salu\u00e9 les r\u00e9sultats impressionnants atteints en 2024, annon\u00e7ant un taux de r\u00e9ussite de 99,3% pour les objectifs fix\u00e9s, contre 95,6% l\u2019ann\u00e9e pr\u00e9c\u00e9dente. Il a \u00e9galement tenu \u00e0 souligner les progr\u00e8s r\u00e9alis\u00e9s dans le cadre de l\u2019op\u00e9ration Casier vide, lanc\u00e9e pour acc\u00e9l\u00e9rer le traitement des dossiers en suspens dans les juridictions.<\/p>\n<blockquote>\n<p>Lire aussi &gt;&gt; <a href=\"https:\/\/www.latribunedufaso.net\/?p=18300\">Op\u00e9ration \u00ab casiers vides \u00bb : Le ministre en charge de la Justice constate l\u2019effectivit\u00e9 de l\u2019op\u00e9ration sur le terrain\u00a0<\/a><\/p>\n<\/blockquote>\n<p>En particulier, au Tribunal de Grande Instance Ouaga I, l\u2019op\u00e9ration a permis de traiter plus de 2100 dossiers, un chiffre qui d\u00e9passe les attentes initiales. <em><strong>\u00ab La vision \u00e9tait de faire sortir les dossiers et les traiter, et pas forc\u00e9ment un jugement. C\u2019est une r\u00e9ussite, je pense que nous sommes \u00e0 200%. Nous invitons \u00e9galement les juridictions en pr\u00e9paration de cette op\u00e9ration \u00e0 prendre leur travail au s\u00e9rieux afin d\u2019atteindre des r\u00e9sultats similaires \u00bb<\/strong><\/em>, a d\u00e9clar\u00e9 le ministre Bayala.<\/p>\n<figure id=\"attachment_18673\" aria-describedby=\"caption-attachment-18673\" style=\"width: 2560px\" class=\"wp-caption aligncenter\"><a href=\"https:\/\/www.latribunedufaso.net\/wp-content\/uploads\/2025\/02\/IMG-20250209-WA0068.jpg\"><img loading=\"lazy\" decoding=\"async\" class=\"size-full wp-image-18673\" src=\"https:\/\/www.latribunedufaso.net\/wp-content\/uploads\/2025\/02\/IMG-20250209-WA0068.jpg\" alt=\"Le ministre en charge de la Justice fait le point sur les activit\u00e9s de son minist\u00e8re et pr\u00e9sent\u00e9 le bilan de l\u2019ann\u00e9e \u00e9coul\u00e9e lors d'une c\u00e9r\u00e9monie de mont\u00e9e des couleurs, 3 f\u00e9vrier 2025\" width=\"2560\" height=\"1152\" srcset=\"https:\/\/www.latribunedufaso.net\/wp-content\/uploads\/2025\/02\/IMG-20250209-WA0068.jpg 2560w, https:\/\/www.latribunedufaso.net\/wp-content\/uploads\/2025\/02\/IMG-20250209-WA0068-300x135.jpg 300w, https:\/\/www.latribunedufaso.net\/wp-content\/uploads\/2025\/02\/IMG-20250209-WA0068-1024x461.jpg 1024w, https:\/\/www.latribunedufaso.net\/wp-content\/uploads\/2025\/02\/IMG-20250209-WA0068-768x346.jpg 768w, https:\/\/www.latribunedufaso.net\/wp-content\/uploads\/2025\/02\/IMG-20250209-WA0068-1536x691.jpg 1536w, https:\/\/www.latribunedufaso.net\/wp-content\/uploads\/2025\/02\/IMG-20250209-WA0068-2048x922.jpg 2048w\" sizes=\"auto, (max-width: 2560px) 100vw, 2560px\" \/><\/a><figcaption id=\"caption-attachment-18673\" class=\"wp-caption-text\">Une vue des participants \u00e0 la c\u00e9r\u00e9monie de mont\u00e9e des couleurs &#8211; Ph. N. Ouattara<\/figcaption><\/figure>\n<p>Le ministre a conclu en r\u00e9affirmant l\u2019engagement du minist\u00e8re \u00e0 soutenir les acteurs judiciaires. \u00ab<em><strong> Le peuple a les yeux riv\u00e9s sur la justice, beaucoup d\u2019attentes envers la justice. Il nous faut assez de forces, il nous faut faire encore plus pour donner le meilleur de nous m\u00eame et satisfaire le peuple parce que c\u2019est au nom du peuple que la justice est l\u00e0 \u00bb,<\/strong><\/em> a-t-il insist\u00e9. Il a exprim\u00e9 son encouragement \u00e0 tous ceux qui participent \u00e0 l\u2019am\u00e9lioration du syst\u00e8me judiciaire. Aussi, a-t-il invit\u00e9 chacun d\u2019eux \u00e0 verifier dans les tiroirs s\u2019il n\u2019y a pas de dossiers en suspens afin de les lib\u00e9rer.\u00a0<\/p>\n<p>Par ailleurs, la c\u00e9r\u00e9monie de mont\u00e9e des couleurs a connu la participation des acteurs des juridictions du premier degr\u00e9 de Ouagadougou. Il y\u2019avait \u00e9galement une forte d\u00e9l\u00e9gation de la garde de s\u00e9curit\u00e9 p\u00e9nitentiaire et des corps militaires et paramilitaires avec \u00e0 leur t\u00eate, le directeur g\u00e9n\u00e9ral de la GSP.<\/p>\n<p><strong>Nabintou OUATTARA\u00a0<\/strong><\/p>\n<p><strong><span style=\"font-size: 1.0625rem;\">latribuned<\/span><span style=\"font-size: 1.0625rem;\">ufaso.net<\/span><\/strong><\/p>\n","protected":false},"excerpt":{"rendered":"<p>Le 3 f\u00e9vrier 2025 \u00e0 Ouagadougou, lors de la mont\u00e9e mensuelle des couleurs organis\u00e9e par les hautes juridictions, le ministre de la Justice, des Droits humains et charg\u00e9 des Relations avec les institutions, Edasso Rodrigue Bayala, a fait le point sur les activit\u00e9s de son minist\u00e8re et pr\u00e9sent\u00e9 le bilan de l\u2019ann\u00e9e \u00e9coul\u00e9e.\u00a0<\/p>\n","protected":false},"author":5,"featured_media":18675,"comment_status":"open","ping_status":"open","sticky":false,"template":"","format":"standard","meta":{"footnotes":""},"categories":[13,1,8],"tags":[208,39,636],"class_list":["post-18566","post","type-post","status-publish","format-standard","has-post-thumbnail","hentry","category-une","category-actu","category-societe","tag-justice","tag-latribunedufaso-net","tag-operation-casier-vide-tgi-ouaga-1"],"yoast_head":"<!-- This site is optimized with the Yoast SEO plugin v27.5 - https:\/\/yoast.com\/product\/yoast-seo-wordpress\/ -->\n<title>Mont\u00e9e mensuelle des couleurs : Le ministre Bayala fait le point des activit\u00e9s du minist\u00e8re et de l\u2019op\u00e9ration casier vide - La Tribune du Faso<\/title>\n<meta name=\"robots\" content=\"index, follow, max-snippet:-1, max-image-preview:large, max-video-preview:-1\" \/>\n<link rel=\"canonical\" href=\"https:\/\/www.latribunedufaso.net\/?p=18566\" \/>\n<meta property=\"og:locale\" content=\"fr_FR\" \/>\n<meta property=\"og:type\" content=\"article\" \/>\n<meta property=\"og:title\" content=\"Mont\u00e9e mensuelle des couleurs : Le ministre Bayala fait le point des activit\u00e9s du minist\u00e8re et de l\u2019op\u00e9ration casier vide - La Tribune du Faso\" \/>\n<meta property=\"og:description\" content=\"Le 3 f\u00e9vrier 2025 \u00e0 Ouagadougou, lors de la mont\u00e9e mensuelle des couleurs organis\u00e9e par les hautes juridictions, le ministre de la Justice, des Droits humains et charg\u00e9 des Relations avec les institutions, Edasso Rodrigue Bayala, a fait le point sur les activit\u00e9s de son minist\u00e8re et pr\u00e9sent\u00e9 le bilan de l\u2019ann\u00e9e \u00e9coul\u00e9e.\u00a0\" \/>\n<meta property=\"og:url\" content=\"https:\/\/www.latribunedufaso.net\/?p=18566\" \/>\n<meta property=\"og:site_name\" content=\"La Tribune du Faso\" \/>\n<meta property=\"article:publisher\" content=\"https:\/\/www.facebook.com\/LatribuneduFaso\/\" \/>\n<meta property=\"article:published_time\" content=\"2025-02-03T12:58:16+00:00\" \/>\n<meta property=\"article:modified_time\" content=\"2025-02-09T13:07:26+00:00\" \/>\n<meta property=\"og:image\" content=\"https:\/\/www.latribunedufaso.net\/wp-content\/uploads\/2025\/02\/IMG-20250203-WA0016.jpg\" \/>\n\t<meta property=\"og:image:width\" content=\"2560\" \/>\n\t<meta property=\"og:image:height\" content=\"1152\" \/>\n\t<meta property=\"og:image:type\" content=\"image\/jpeg\" \/>\n<meta name=\"author\" content=\"Issouf Tapsoba\" \/>\n<meta name=\"twitter:label1\" content=\"\u00c9crit par\" \/>\n\t<meta name=\"twitter:data1\" content=\"Issouf Tapsoba\" \/>\n\t<meta name=\"twitter:label2\" content=\"Dur\u00e9e de lecture estim\u00e9e\" \/>\n\t<meta name=\"twitter:data2\" content=\"3 minutes\" \/>\n<script type=\"application\/ld+json\" class=\"yoast-schema-graph\">{\"@context\":\"https:\\\/\\\/schema.org\",\"@graph\":[{\"@type\":\"Article\",\"@id\":\"https:\\\/\\\/www.latribunedufaso.net\\\/?p=18566#article\",\"isPartOf\":{\"@id\":\"https:\\\/\\\/www.latribunedufaso.net\\\/?p=18566\"},\"author\":{\"name\":\"Issouf Tapsoba\",\"@id\":\"https:\\\/\\\/www.latribunedufaso.net\\\/#\\\/schema\\\/person\\\/e54e64c5778a7e72cf80a318b7a622b0\"},\"headline\":\"Mont\u00e9e mensuelle des couleurs : Le ministre Bayala fait le point des activit\u00e9s du minist\u00e8re et de l\u2019op\u00e9ration casier vide\",\"datePublished\":\"2025-02-03T12:58:16+00:00\",\"dateModified\":\"2025-02-09T13:07:26+00:00\",\"mainEntityOfPage\":{\"@id\":\"https:\\\/\\\/www.latribunedufaso.net\\\/?p=18566\"},\"wordCount\":558,\"commentCount\":0,\"publisher\":{\"@id\":\"https:\\\/\\\/www.latribunedufaso.net\\\/#organization\"},\"image\":{\"@id\":\"https:\\\/\\\/www.latribunedufaso.net\\\/?p=18566#primaryimage\"},\"thumbnailUrl\":\"https:\\\/\\\/www.latribunedufaso.net\\\/wp-content\\\/uploads\\\/2025\\\/02\\\/IMG-20250203-WA0016.jpg\",\"keywords\":[\"justice\",\"latribunedufaso.net\",\"Op\u00e9ration casier vide TGI Ouaga 1\"],\"articleSection\":[\"A la une\",\"Actualit\u00e9\",\"Soci\u00e9t\u00e9\"],\"inLanguage\":\"fr-FR\",\"potentialAction\":[{\"@type\":\"CommentAction\",\"name\":\"Comment\",\"target\":[\"https:\\\/\\\/www.latribunedufaso.net\\\/?p=18566#respond\"]}]},{\"@type\":\"WebPage\",\"@id\":\"https:\\\/\\\/www.latribunedufaso.net\\\/?p=18566\",\"url\":\"https:\\\/\\\/www.latribunedufaso.net\\\/?p=18566\",\"name\":\"Mont\u00e9e mensuelle des couleurs : Le ministre Bayala fait le point des activit\u00e9s du minist\u00e8re et de l\u2019op\u00e9ration casier vide - La Tribune du Faso\",\"isPartOf\":{\"@id\":\"https:\\\/\\\/www.latribunedufaso.net\\\/#website\"},\"primaryImageOfPage\":{\"@id\":\"https:\\\/\\\/www.latribunedufaso.net\\\/?p=18566#primaryimage\"},\"image\":{\"@id\":\"https:\\\/\\\/www.latribunedufaso.net\\\/?p=18566#primaryimage\"},\"thumbnailUrl\":\"https:\\\/\\\/www.latribunedufaso.net\\\/wp-content\\\/uploads\\\/2025\\\/02\\\/IMG-20250203-WA0016.jpg\",\"datePublished\":\"2025-02-03T12:58:16+00:00\",\"dateModified\":\"2025-02-09T13:07:26+00:00\",\"breadcrumb\":{\"@id\":\"https:\\\/\\\/www.latribunedufaso.net\\\/?p=18566#breadcrumb\"},\"inLanguage\":\"fr-FR\",\"potentialAction\":[{\"@type\":\"ReadAction\",\"target\":[\"https:\\\/\\\/www.latribunedufaso.net\\\/?p=18566\"]}]},{\"@type\":\"ImageObject\",\"inLanguage\":\"fr-FR\",\"@id\":\"https:\\\/\\\/www.latribunedufaso.net\\\/?p=18566#primaryimage\",\"url\":\"https:\\\/\\\/www.latribunedufaso.net\\\/wp-content\\\/uploads\\\/2025\\\/02\\\/IMG-20250203-WA0016.jpg\",\"contentUrl\":\"https:\\\/\\\/www.latribunedufaso.net\\\/wp-content\\\/uploads\\\/2025\\\/02\\\/IMG-20250203-WA0016.jpg\",\"width\":2560,\"height\":1152,\"caption\":\"Le ministre en charge de la Justice fait le point sur les activit\u00e9s de son minist\u00e8re et pr\u00e9sent\u00e9 le bilan de l\u2019ann\u00e9e \u00e9coul\u00e9e lors d'une c\u00e9r\u00e9monie de mont\u00e9e des couleurs, 3 f\u00e9vrier 2025\"},{\"@type\":\"BreadcrumbList\",\"@id\":\"https:\\\/\\\/www.latribunedufaso.net\\\/?p=18566#breadcrumb\",\"itemListElement\":[{\"@type\":\"ListItem\",\"position\":1,\"name\":\"Accueil\",\"item\":\"https:\\\/\\\/www.latribunedufaso.net\\\/\"},{\"@type\":\"ListItem\",\"position\":2,\"name\":\"Mont\u00e9e mensuelle des couleurs : Le ministre Bayala fait le point des activit\u00e9s du minist\u00e8re et de l\u2019op\u00e9ration casier vide\"}]},{\"@type\":\"WebSite\",\"@id\":\"https:\\\/\\\/www.latribunedufaso.net\\\/#website\",\"url\":\"https:\\\/\\\/www.latribunedufaso.net\\\/\",\"name\":\"La Tribune du Faso\",\"description\":\"L&#039;information du monde rural en un clic\",\"publisher\":{\"@id\":\"https:\\\/\\\/www.latribunedufaso.net\\\/#organization\"},\"potentialAction\":[{\"@type\":\"SearchAction\",\"target\":{\"@type\":\"EntryPoint\",\"urlTemplate\":\"https:\\\/\\\/www.latribunedufaso.net\\\/?s={search_term_string}\"},\"query-input\":{\"@type\":\"PropertyValueSpecification\",\"valueRequired\":true,\"valueName\":\"search_term_string\"}}],\"inLanguage\":\"fr-FR\"},{\"@type\":\"Organization\",\"@id\":\"https:\\\/\\\/www.latribunedufaso.net\\\/#organization\",\"name\":\"La Tribune du Faso\",\"url\":\"https:\\\/\\\/www.latribunedufaso.net\\\/\",\"logo\":{\"@type\":\"ImageObject\",\"inLanguage\":\"fr-FR\",\"@id\":\"https:\\\/\\\/www.latribunedufaso.net\\\/#\\\/schema\\\/logo\\\/image\\\/\",\"url\":\"https:\\\/\\\/www.latribunedufaso.net\\\/wp-content\\\/uploads\\\/2020\\\/08\\\/Logo-Tribune-du-Faso-final-scaled.jpg\",\"contentUrl\":\"https:\\\/\\\/www.latribunedufaso.net\\\/wp-content\\\/uploads\\\/2020\\\/08\\\/Logo-Tribune-du-Faso-final-scaled.jpg\",\"width\":2560,\"height\":1856,\"caption\":\"La Tribune du Faso\"},\"image\":{\"@id\":\"https:\\\/\\\/www.latribunedufaso.net\\\/#\\\/schema\\\/logo\\\/image\\\/\"},\"sameAs\":[\"https:\\\/\\\/www.facebook.com\\\/LatribuneduFaso\\\/\"]},{\"@type\":\"Person\",\"@id\":\"https:\\\/\\\/www.latribunedufaso.net\\\/#\\\/schema\\\/person\\\/e54e64c5778a7e72cf80a318b7a622b0\",\"name\":\"Issouf Tapsoba\",\"image\":{\"@type\":\"ImageObject\",\"inLanguage\":\"fr-FR\",\"@id\":\"https:\\\/\\\/secure.gravatar.com\\\/avatar\\\/5e6c05150ce3230247d167f5b94d678eb05936197436d69b7921e3a95c9107ac?s=96&d=mm&r=g\",\"url\":\"https:\\\/\\\/secure.gravatar.com\\\/avatar\\\/5e6c05150ce3230247d167f5b94d678eb05936197436d69b7921e3a95c9107ac?s=96&d=mm&r=g\",\"contentUrl\":\"https:\\\/\\\/secure.gravatar.com\\\/avatar\\\/5e6c05150ce3230247d167f5b94d678eb05936197436d69b7921e3a95c9107ac?s=96&d=mm&r=g\",\"caption\":\"Issouf Tapsoba\"},\"url\":\"https:\\\/\\\/www.latribunedufaso.net\\\/?author=5\"}]}<\/script>\n<!-- \/ Yoast SEO plugin. -->","yoast_head_json":{"title":"Mont\u00e9e mensuelle des couleurs : Le ministre Bayala fait le point des activit\u00e9s du minist\u00e8re et de l\u2019op\u00e9ration casier vide - La Tribune du Faso","robots":{"index":"index","follow":"follow","max-snippet":"max-snippet:-1","max-image-preview":"max-image-preview:large","max-video-preview":"max-video-preview:-1"},"canonical":"https:\/\/www.latribunedufaso.net\/?p=18566","og_locale":"fr_FR","og_type":"article","og_title":"Mont\u00e9e mensuelle des couleurs : Le ministre Bayala fait le point des activit\u00e9s du minist\u00e8re et de l\u2019op\u00e9ration casier vide - La Tribune du Faso","og_description":"Le 3 f\u00e9vrier 2025 \u00e0 Ouagadougou, lors de la mont\u00e9e mensuelle des couleurs organis\u00e9e par les hautes juridictions, le ministre de la Justice, des Droits humains et charg\u00e9 des Relations avec les institutions, Edasso Rodrigue Bayala, a fait le point sur les activit\u00e9s de son minist\u00e8re et pr\u00e9sent\u00e9 le bilan de l\u2019ann\u00e9e \u00e9coul\u00e9e.\u00a0","og_url":"https:\/\/www.latribunedufaso.net\/?p=18566","og_site_name":"La Tribune du Faso","article_publisher":"https:\/\/www.facebook.com\/LatribuneduFaso\/","article_published_time":"2025-02-03T12:58:16+00:00","article_modified_time":"2025-02-09T13:07:26+00:00","og_image":[{"width":2560,"height":1152,"url":"https:\/\/www.latribunedufaso.net\/wp-content\/uploads\/2025\/02\/IMG-20250203-WA0016.jpg","type":"image\/jpeg"}],"author":"Issouf Tapsoba","twitter_misc":{"\u00c9crit par":"Issouf Tapsoba","Dur\u00e9e de lecture estim\u00e9e":"3 minutes"},"schema":{"@context":"https:\/\/schema.org","@graph":[{"@type":"Article","@id":"https:\/\/www.latribunedufaso.net\/?p=18566#article","isPartOf":{"@id":"https:\/\/www.latribunedufaso.net\/?p=18566"},"author":{"name":"Issouf Tapsoba","@id":"https:\/\/www.latribunedufaso.net\/#\/schema\/person\/e54e64c5778a7e72cf80a318b7a622b0"},"headline":"Mont\u00e9e mensuelle des couleurs : Le ministre Bayala fait le point des activit\u00e9s du minist\u00e8re et de l\u2019op\u00e9ration casier vide","datePublished":"2025-02-03T12:58:16+00:00","dateModified":"2025-02-09T13:07:26+00:00","mainEntityOfPage":{"@id":"https:\/\/www.latribunedufaso.net\/?p=18566"},"wordCount":558,"commentCount":0,"publisher":{"@id":"https:\/\/www.latribunedufaso.net\/#organization"},"image":{"@id":"https:\/\/www.latribunedufaso.net\/?p=18566#primaryimage"},"thumbnailUrl":"https:\/\/www.latribunedufaso.net\/wp-content\/uploads\/2025\/02\/IMG-20250203-WA0016.jpg","keywords":["justice","latribunedufaso.net","Op\u00e9ration casier vide TGI Ouaga 1"],"articleSection":["A la une","Actualit\u00e9","Soci\u00e9t\u00e9"],"inLanguage":"fr-FR","potentialAction":[{"@type":"CommentAction","name":"Comment","target":["https:\/\/www.latribunedufaso.net\/?p=18566#respond"]}]},{"@type":"WebPage","@id":"https:\/\/www.latribunedufaso.net\/?p=18566","url":"https:\/\/www.latribunedufaso.net\/?p=18566","name":"Mont\u00e9e mensuelle des couleurs : Le ministre Bayala fait le point des activit\u00e9s du minist\u00e8re et de l\u2019op\u00e9ration casier vide - La Tribune du Faso","isPartOf":{"@id":"https:\/\/www.latribunedufaso.net\/#website"},"primaryImageOfPage":{"@id":"https:\/\/www.latribunedufaso.net\/?p=18566#primaryimage"},"image":{"@id":"https:\/\/www.latribunedufaso.net\/?p=18566#primaryimage"},"thumbnailUrl":"https:\/\/www.latribunedufaso.net\/wp-content\/uploads\/2025\/02\/IMG-20250203-WA0016.jpg","datePublished":"2025-02-03T12:58:16+00:00","dateModified":"2025-02-09T13:07:26+00:00","breadcrumb":{"@id":"https:\/\/www.latribunedufaso.net\/?p=18566#breadcrumb"},"inLanguage":"fr-FR","potentialAction":[{"@type":"ReadAction","target":["https:\/\/www.latribunedufaso.net\/?p=18566"]}]},{"@type":"ImageObject","inLanguage":"fr-FR","@id":"https:\/\/www.latribunedufaso.net\/?p=18566#primaryimage","url":"https:\/\/www.latribunedufaso.net\/wp-content\/uploads\/2025\/02\/IMG-20250203-WA0016.jpg","contentUrl":"https:\/\/www.latribunedufaso.net\/wp-content\/uploads\/2025\/02\/IMG-20250203-WA0016.jpg","width":2560,"height":1152,"caption":"Le ministre en charge de la Justice fait le point sur les activit\u00e9s de son minist\u00e8re et pr\u00e9sent\u00e9 le bilan de l\u2019ann\u00e9e \u00e9coul\u00e9e lors d'une c\u00e9r\u00e9monie de mont\u00e9e des couleurs, 3 f\u00e9vrier 2025"},{"@type":"BreadcrumbList","@id":"https:\/\/www.latribunedufaso.net\/?p=18566#breadcrumb","itemListElement":[{"@type":"ListItem","position":1,"name":"Accueil","item":"https:\/\/www.latribunedufaso.net\/"},{"@type":"ListItem","position":2,"name":"Mont\u00e9e mensuelle des couleurs : Le ministre Bayala fait le point des activit\u00e9s du minist\u00e8re et de l\u2019op\u00e9ration casier vide"}]},{"@type":"WebSite","@id":"https:\/\/www.latribunedufaso.net\/#website","url":"https:\/\/www.latribunedufaso.net\/","name":"La Tribune du Faso","description":"L&#039;information du monde rural en un clic","publisher":{"@id":"https:\/\/www.latribunedufaso.net\/#organization"},"potentialAction":[{"@type":"SearchAction","target":{"@type":"EntryPoint","urlTemplate":"https:\/\/www.latribunedufaso.net\/?s={search_term_string}"},"query-input":{"@type":"PropertyValueSpecification","valueRequired":true,"valueName":"search_term_string"}}],"inLanguage":"fr-FR"},{"@type":"Organization","@id":"https:\/\/www.latribunedufaso.net\/#organization","name":"La Tribune du Faso","url":"https:\/\/www.latribunedufaso.net\/","logo":{"@type":"ImageObject","inLanguage":"fr-FR","@id":"https:\/\/www.latribunedufaso.net\/#\/schema\/logo\/image\/","url":"https:\/\/www.latribunedufaso.net\/wp-content\/uploads\/2020\/08\/Logo-Tribune-du-Faso-final-scaled.jpg","contentUrl":"https:\/\/www.latribunedufaso.net\/wp-content\/uploads\/2020\/08\/Logo-Tribune-du-Faso-final-scaled.jpg","width":2560,"height":1856,"caption":"La Tribune du Faso"},"image":{"@id":"https:\/\/www.latribunedufaso.net\/#\/schema\/logo\/image\/"},"sameAs":["https:\/\/www.facebook.com\/LatribuneduFaso\/"]},{"@type":"Person","@id":"https:\/\/www.latribunedufaso.net\/#\/schema\/person\/e54e64c5778a7e72cf80a318b7a622b0","name":"Issouf Tapsoba","image":{"@type":"ImageObject","inLanguage":"fr-FR","@id":"https:\/\/secure.gravatar.com\/avatar\/5e6c05150ce3230247d167f5b94d678eb05936197436d69b7921e3a95c9107ac?s=96&d=mm&r=g","url":"https:\/\/secure.gravatar.com\/avatar\/5e6c05150ce3230247d167f5b94d678eb05936197436d69b7921e3a95c9107ac?s=96&d=mm&r=g","contentUrl":"https:\/\/secure.gravatar.com\/avatar\/5e6c05150ce3230247d167f5b94d678eb05936197436d69b7921e3a95c9107ac?s=96&d=mm&r=g","caption":"Issouf Tapsoba"},"url":"https:\/\/www.latribunedufaso.net\/?author=5"}]}},"_links":{"self":[{"href":"https:\/\/www.latribunedufaso.net\/index.php?rest_route=\/wp\/v2\/posts\/18566","targetHints":{"allow":["GET"]}}],"collection":[{"href":"https:\/\/www.latribunedufaso.net\/index.php?rest_route=\/wp\/v2\/posts"}],"about":[{"href":"https:\/\/www.latribunedufaso.net\/index.php?rest_route=\/wp\/v2\/types\/post"}],"author":[{"embeddable":true,"href":"https:\/\/www.latribunedufaso.net\/index.php?rest_route=\/wp\/v2\/users\/5"}],"replies":[{"embeddable":true,"href":"https:\/\/www.latribunedufaso.net\/index.php?rest_route=%2Fwp%2Fv2%2Fcomments&post=18566"}],"version-history":[{"count":1,"href":"https:\/\/www.latribunedufaso.net\/index.php?rest_route=\/wp\/v2\/posts\/18566\/revisions"}],"predecessor-version":[{"id":18676,"href":"https:\/\/www.latribunedufaso.net\/index.php?rest_route=\/wp\/v2\/posts\/18566\/revisions\/18676"}],"wp:featuredmedia":[{"embeddable":true,"href":"https:\/\/www.latribunedufaso.net\/index.php?rest_route=\/wp\/v2\/media\/18675"}],"wp:attachment":[{"href":"https:\/\/www.latribunedufaso.net\/index.php?rest_route=%2Fwp%2Fv2%2Fmedia&parent=18566"}],"wp:term":[{"taxonomy":"category","embeddable":true,"href":"https:\/\/www.latribunedufaso.net\/index.php?rest_route=%2Fwp%2Fv2%2Fcategories&post=18566"},{"taxonomy":"post_tag","embeddable":true,"href":"https:\/\/www.latribunedufaso.net\/index.php?rest_route=%2Fwp%2Fv2%2Ftags&post=18566"}],"curies":[{"name":"wp","href":"https:\/\/api.w.org\/{rel}","templated":true}]}}