{"id":1854,"date":"2020-11-20T14:38:06","date_gmt":"2020-11-20T14:38:06","guid":{"rendered":"https:\/\/www.latribunedufaso.net\/?p=1854"},"modified":"2020-11-20T14:38:06","modified_gmt":"2020-11-20T14:38:06","slug":"presidentielle-2020-yeli-kam-fait-savoir-le-sens-de-son-engagement-politique-au-palais-dissouka","status":"publish","type":"post","link":"https:\/\/www.latribunedufaso.net\/?p=1854","title":{"rendered":"Pr\u00e9sidentielle 2020\u00a0: Y\u00e9li Kam fait savoir le sens de son engagement politique au palais d\u2019Issouka"},"content":{"rendered":"<p><strong><span style=\"font-size: 1.0625rem;\">La seule femme candidate dans la course \u00e0 la pr\u00e9sidentielle de novembre 2020, Y\u00e9li Kam, du Mouvement pour la renaissance du Burkina Faso (MRB) a rencontr\u00e9 la Haute alliance des leaders coutumiers pour la vie, la coh\u00e9sion sociale et l\u2019unit\u00e9 nationale pour le d\u00e9veloppement du Burkina (HLCD\/B). La rencontre est intervenue le lundi 16 novembre 2020, au palais d\u2019Issouka, situ\u00e9 dans le village portant le m\u00eame nom, \u00e0 Koudougou, dans la r\u00e9gion du Centre-ouest.<\/span><\/strong><br \/>\n<!--more--><\/p>\n<p><a href=\"https:\/\/latribunedufaso.net\/wp-content\/uploads\/2020\/11\/FB_IMG_16058828157435709.jpg\"><img loading=\"lazy\" decoding=\"async\" class=\"size-medium wp-image-1856 aligncenter\" src=\"https:\/\/latribunedufaso.net\/wp-content\/uploads\/2020\/11\/FB_IMG_16058828157435709-300x225.jpg\" alt=\"\" width=\"300\" height=\"225\" srcset=\"https:\/\/www.latribunedufaso.net\/wp-content\/uploads\/2020\/11\/FB_IMG_16058828157435709-300x225.jpg 300w, https:\/\/www.latribunedufaso.net\/wp-content\/uploads\/2020\/11\/FB_IMG_16058828157435709.jpg 720w\" sizes=\"auto, (max-width: 300px) 100vw, 300px\" \/><\/a>Y\u00e9li Kam, la Yennenga de l\u2019\u00e9ducation, comme elle se fait appeler depuis le d\u00e9but de cette campagne pr\u00e9sidentielle, a \u00e9t\u00e9 re\u00e7ue par la Haute alliance des leaders coutumiers pour la vie, la coh\u00e9sion sociale et l\u2019unit\u00e9 nationale pour le d\u00e9veloppement du Burkina (HLCD\/B) au palais d\u2019Issouka. Elle dit \u00eatre venue parler de paix en rapport au double scrutin du 22 novembre 2020 et faire savoir le sens de son engagement politique. \u00ab\u00a0Nous les femmes, nous sommes impliqu\u00e9es dans le combat politique pour apporter notre contribution au changement. Dans notre programme, nous mettons l\u2019accent sur la r\u00e9conciliation. Et, en cela, les chefs coutumiers sont incontournables\u00a0\u00bb, a indiqu\u00e9 Y\u00e9li Kam avant de revenir plus en d\u00e9tails sur son projet de soci\u00e9t\u00e9 en ce qui concerne le volet r\u00e9conciliation.<\/p>\n<p>\u00ab\u00a0Aux leaders coutumiers, j\u2019ai soulign\u00e9 le r\u00f4le qu\u2019ils joueront lors de notre mandature \u00e0 travers la chambre des sages. Il s\u2019agira d\u2019un organe devant garantir la coh\u00e9sion sociale\u00a0\u00bb, a-t-elle expliqu\u00e9. A en croire son propos, ladite chambre sera compos\u00e9e de 130 membres apolitiques constitu\u00e9s d\u2019autorit\u00e9s traditionnelles, religieuses et d\u2019anciens chefs d\u2019Etat. Et devront \u0153uvrer au retour de la paix au Burkina Faso.<\/p>\n<p>Les chefs traditionnels et coutumiers, par la voix du chef du village d\u2019Issouka,\u00a0ont salu\u00e9 la visite de leur h\u00f4te. Ils disent \u00e9galement esp\u00e9rer en cas de victoire de sa part, qu\u2019elle mette en avant le social. \u00ab\u00a0Nous sommes fiers de l\u2019avoir \u00e9cout\u00e9. Nous esp\u00e9rons que si elle gagnait, tout ce qui concerne le social, soit bien regard\u00e9\u00a0\u00bb, a affirm\u00e9 Naaba Saaga.<\/p>\n<p>En somme, les leaders coutumiers ont invit\u00e9 l\u2019ensemble des citoyens burkinab\u00e8 \u00e0 voter dans la discipline le jour du scrutin.<\/p>\n<p><strong>Tiba Kassamse Ou\u00e9draogo (stagiaire)<\/strong><br \/>\n<strong>Latribunedufaso.net<\/strong><\/p>\n","protected":false},"excerpt":{"rendered":"<p>La seule femme candidate dans la course \u00e0 la pr\u00e9sidentielle de novembre 2020, Y\u00e9li Kam, du Mouvement pour la renaissance du Burkina Faso (MRB) a rencontr\u00e9 la Haute alliance des leaders coutumiers pour la vie, la coh\u00e9sion sociale et l\u2019unit\u00e9 nationale pour le d\u00e9veloppement du Burkina (HLCD\/B). La rencontre est intervenue le lundi 16 novembre 2020, au palais d\u2019Issouka, situ\u00e9 dans le village portant le m\u00eame nom, \u00e0 Koudougou, dans la r\u00e9gion du Centre-ouest.<\/p>\n","protected":false},"author":2,"featured_media":1855,"comment_status":"open","ping_status":"open","sticky":false,"template":"","format":"standard","meta":{"footnotes":""},"categories":[13,1,26],"tags":[],"class_list":["post-1854","post","type-post","status-publish","format-standard","has-post-thumbnail","hentry","category-une","category-actu","category-elections-couplees-novembre-2020"],"yoast_head":"<!-- This site is optimized with the Yoast SEO plugin v27.5 - https:\/\/yoast.com\/product\/yoast-seo-wordpress\/ -->\n<title>Pr\u00e9sidentielle 2020\u00a0: Y\u00e9li Kam fait savoir le sens de son engagement politique au palais d\u2019Issouka - La Tribune du Faso<\/title>\n<meta name=\"robots\" content=\"index, follow, max-snippet:-1, max-image-preview:large, max-video-preview:-1\" \/>\n<link rel=\"canonical\" href=\"https:\/\/www.latribunedufaso.net\/?p=1854\" \/>\n<meta property=\"og:locale\" content=\"fr_FR\" \/>\n<meta property=\"og:type\" content=\"article\" \/>\n<meta property=\"og:title\" content=\"Pr\u00e9sidentielle 2020\u00a0: Y\u00e9li Kam fait savoir le sens de son engagement politique au palais d\u2019Issouka - La Tribune du Faso\" \/>\n<meta property=\"og:description\" content=\"La seule femme candidate dans la course \u00e0 la pr\u00e9sidentielle de novembre 2020, Y\u00e9li Kam, du Mouvement pour la renaissance du Burkina Faso (MRB) a rencontr\u00e9 la Haute alliance des leaders coutumiers pour la vie, la coh\u00e9sion sociale et l\u2019unit\u00e9 nationale pour le d\u00e9veloppement du Burkina (HLCD\/B). La rencontre est intervenue le lundi 16 novembre 2020, au palais d\u2019Issouka, situ\u00e9 dans le village portant le m\u00eame nom, \u00e0 Koudougou, dans la r\u00e9gion du Centre-ouest.\" \/>\n<meta property=\"og:url\" content=\"https:\/\/www.latribunedufaso.net\/?p=1854\" \/>\n<meta property=\"og:site_name\" content=\"La Tribune du Faso\" \/>\n<meta property=\"article:publisher\" content=\"https:\/\/www.facebook.com\/LatribuneduFaso\/\" \/>\n<meta property=\"article:published_time\" content=\"2020-11-20T14:38:06+00:00\" \/>\n<meta property=\"og:image\" content=\"https:\/\/latribunedufaso.net\/wp-content\/uploads\/2020\/11\/FB_IMG_16058828296725237.jpg\" \/>\n\t<meta property=\"og:image:width\" content=\"720\" \/>\n\t<meta property=\"og:image:height\" content=\"540\" \/>\n\t<meta property=\"og:image:type\" content=\"image\/jpeg\" \/>\n<meta name=\"author\" content=\"Administrateur\" \/>\n<meta name=\"twitter:label1\" content=\"\u00c9crit par\" \/>\n\t<meta name=\"twitter:data1\" content=\"Administrateur\" \/>\n\t<meta name=\"twitter:label2\" content=\"Dur\u00e9e de lecture estim\u00e9e\" \/>\n\t<meta name=\"twitter:data2\" content=\"2 minutes\" \/>\n<script type=\"application\/ld+json\" class=\"yoast-schema-graph\">{\"@context\":\"https:\\\/\\\/schema.org\",\"@graph\":[{\"@type\":\"Article\",\"@id\":\"https:\\\/\\\/www.latribunedufaso.net\\\/?p=1854#article\",\"isPartOf\":{\"@id\":\"https:\\\/\\\/www.latribunedufaso.net\\\/?p=1854\"},\"author\":{\"name\":\"Administrateur\",\"@id\":\"https:\\\/\\\/www.latribunedufaso.net\\\/#\\\/schema\\\/person\\\/a380782d0605bb8aae27c40ea93b35b1\"},\"headline\":\"Pr\u00e9sidentielle 2020\u00a0: Y\u00e9li Kam fait savoir le sens de son engagement politique au palais d\u2019Issouka\",\"datePublished\":\"2020-11-20T14:38:06+00:00\",\"mainEntityOfPage\":{\"@id\":\"https:\\\/\\\/www.latribunedufaso.net\\\/?p=1854\"},\"wordCount\":403,\"commentCount\":0,\"publisher\":{\"@id\":\"https:\\\/\\\/www.latribunedufaso.net\\\/#organization\"},\"image\":{\"@id\":\"https:\\\/\\\/www.latribunedufaso.net\\\/?p=1854#primaryimage\"},\"thumbnailUrl\":\"https:\\\/\\\/www.latribunedufaso.net\\\/wp-content\\\/uploads\\\/2020\\\/11\\\/FB_IMG_16058828296725237.jpg\",\"articleSection\":[\"A la une\",\"Actualit\u00e9\",\"Elections coupl\u00e9es novembre 2020\"],\"inLanguage\":\"fr-FR\",\"potentialAction\":[{\"@type\":\"CommentAction\",\"name\":\"Comment\",\"target\":[\"https:\\\/\\\/www.latribunedufaso.net\\\/?p=1854#respond\"]}]},{\"@type\":\"WebPage\",\"@id\":\"https:\\\/\\\/www.latribunedufaso.net\\\/?p=1854\",\"url\":\"https:\\\/\\\/www.latribunedufaso.net\\\/?p=1854\",\"name\":\"Pr\u00e9sidentielle 2020\u00a0: Y\u00e9li Kam fait savoir le sens de son engagement politique au palais d\u2019Issouka - La Tribune du Faso\",\"isPartOf\":{\"@id\":\"https:\\\/\\\/www.latribunedufaso.net\\\/#website\"},\"primaryImageOfPage\":{\"@id\":\"https:\\\/\\\/www.latribunedufaso.net\\\/?p=1854#primaryimage\"},\"image\":{\"@id\":\"https:\\\/\\\/www.latribunedufaso.net\\\/?p=1854#primaryimage\"},\"thumbnailUrl\":\"https:\\\/\\\/www.latribunedufaso.net\\\/wp-content\\\/uploads\\\/2020\\\/11\\\/FB_IMG_16058828296725237.jpg\",\"datePublished\":\"2020-11-20T14:38:06+00:00\",\"breadcrumb\":{\"@id\":\"https:\\\/\\\/www.latribunedufaso.net\\\/?p=1854#breadcrumb\"},\"inLanguage\":\"fr-FR\",\"potentialAction\":[{\"@type\":\"ReadAction\",\"target\":[\"https:\\\/\\\/www.latribunedufaso.net\\\/?p=1854\"]}]},{\"@type\":\"ImageObject\",\"inLanguage\":\"fr-FR\",\"@id\":\"https:\\\/\\\/www.latribunedufaso.net\\\/?p=1854#primaryimage\",\"url\":\"https:\\\/\\\/www.latribunedufaso.net\\\/wp-content\\\/uploads\\\/2020\\\/11\\\/FB_IMG_16058828296725237.jpg\",\"contentUrl\":\"https:\\\/\\\/www.latribunedufaso.net\\\/wp-content\\\/uploads\\\/2020\\\/11\\\/FB_IMG_16058828296725237.jpg\",\"width\":720,\"height\":540},{\"@type\":\"BreadcrumbList\",\"@id\":\"https:\\\/\\\/www.latribunedufaso.net\\\/?p=1854#breadcrumb\",\"itemListElement\":[{\"@type\":\"ListItem\",\"position\":1,\"name\":\"Accueil\",\"item\":\"https:\\\/\\\/www.latribunedufaso.net\\\/\"},{\"@type\":\"ListItem\",\"position\":2,\"name\":\"Pr\u00e9sidentielle 2020\u00a0: Y\u00e9li Kam fait savoir le sens de son engagement politique au palais d\u2019Issouka\"}]},{\"@type\":\"WebSite\",\"@id\":\"https:\\\/\\\/www.latribunedufaso.net\\\/#website\",\"url\":\"https:\\\/\\\/www.latribunedufaso.net\\\/\",\"name\":\"La Tribune du Faso\",\"description\":\"L&#039;information du monde rural en un clic\",\"publisher\":{\"@id\":\"https:\\\/\\\/www.latribunedufaso.net\\\/#organization\"},\"potentialAction\":[{\"@type\":\"SearchAction\",\"target\":{\"@type\":\"EntryPoint\",\"urlTemplate\":\"https:\\\/\\\/www.latribunedufaso.net\\\/?s={search_term_string}\"},\"query-input\":{\"@type\":\"PropertyValueSpecification\",\"valueRequired\":true,\"valueName\":\"search_term_string\"}}],\"inLanguage\":\"fr-FR\"},{\"@type\":\"Organization\",\"@id\":\"https:\\\/\\\/www.latribunedufaso.net\\\/#organization\",\"name\":\"La Tribune du Faso\",\"url\":\"https:\\\/\\\/www.latribunedufaso.net\\\/\",\"logo\":{\"@type\":\"ImageObject\",\"inLanguage\":\"fr-FR\",\"@id\":\"https:\\\/\\\/www.latribunedufaso.net\\\/#\\\/schema\\\/logo\\\/image\\\/\",\"url\":\"https:\\\/\\\/www.latribunedufaso.net\\\/wp-content\\\/uploads\\\/2020\\\/08\\\/Logo-Tribune-du-Faso-final-scaled.jpg\",\"contentUrl\":\"https:\\\/\\\/www.latribunedufaso.net\\\/wp-content\\\/uploads\\\/2020\\\/08\\\/Logo-Tribune-du-Faso-final-scaled.jpg\",\"width\":2560,\"height\":1856,\"caption\":\"La Tribune du Faso\"},\"image\":{\"@id\":\"https:\\\/\\\/www.latribunedufaso.net\\\/#\\\/schema\\\/logo\\\/image\\\/\"},\"sameAs\":[\"https:\\\/\\\/www.facebook.com\\\/LatribuneduFaso\\\/\"]},{\"@type\":\"Person\",\"@id\":\"https:\\\/\\\/www.latribunedufaso.net\\\/#\\\/schema\\\/person\\\/a380782d0605bb8aae27c40ea93b35b1\",\"name\":\"Administrateur\",\"image\":{\"@type\":\"ImageObject\",\"inLanguage\":\"fr-FR\",\"@id\":\"https:\\\/\\\/secure.gravatar.com\\\/avatar\\\/e20266f97d741f0e80ba1f60283074a9b3317fd7bfb727e0d95b51dafbf854a1?s=96&d=mm&r=g\",\"url\":\"https:\\\/\\\/secure.gravatar.com\\\/avatar\\\/e20266f97d741f0e80ba1f60283074a9b3317fd7bfb727e0d95b51dafbf854a1?s=96&d=mm&r=g\",\"contentUrl\":\"https:\\\/\\\/secure.gravatar.com\\\/avatar\\\/e20266f97d741f0e80ba1f60283074a9b3317fd7bfb727e0d95b51dafbf854a1?s=96&d=mm&r=g\",\"caption\":\"Administrateur\"},\"url\":\"https:\\\/\\\/www.latribunedufaso.net\\\/?author=2\"}]}<\/script>\n<!-- \/ Yoast SEO plugin. -->","yoast_head_json":{"title":"Pr\u00e9sidentielle 2020\u00a0: Y\u00e9li Kam fait savoir le sens de son engagement politique au palais d\u2019Issouka - La Tribune du Faso","robots":{"index":"index","follow":"follow","max-snippet":"max-snippet:-1","max-image-preview":"max-image-preview:large","max-video-preview":"max-video-preview:-1"},"canonical":"https:\/\/www.latribunedufaso.net\/?p=1854","og_locale":"fr_FR","og_type":"article","og_title":"Pr\u00e9sidentielle 2020\u00a0: Y\u00e9li Kam fait savoir le sens de son engagement politique au palais d\u2019Issouka - La Tribune du Faso","og_description":"La seule femme candidate dans la course \u00e0 la pr\u00e9sidentielle de novembre 2020, Y\u00e9li Kam, du Mouvement pour la renaissance du Burkina Faso (MRB) a rencontr\u00e9 la Haute alliance des leaders coutumiers pour la vie, la coh\u00e9sion sociale et l\u2019unit\u00e9 nationale pour le d\u00e9veloppement du Burkina (HLCD\/B). La rencontre est intervenue le lundi 16 novembre 2020, au palais d\u2019Issouka, situ\u00e9 dans le village portant le m\u00eame nom, \u00e0 Koudougou, dans la r\u00e9gion du Centre-ouest.","og_url":"https:\/\/www.latribunedufaso.net\/?p=1854","og_site_name":"La Tribune du Faso","article_publisher":"https:\/\/www.facebook.com\/LatribuneduFaso\/","article_published_time":"2020-11-20T14:38:06+00:00","og_image":[{"width":720,"height":540,"url":"https:\/\/latribunedufaso.net\/wp-content\/uploads\/2020\/11\/FB_IMG_16058828296725237.jpg","type":"image\/jpeg"}],"author":"Administrateur","twitter_misc":{"\u00c9crit par":"Administrateur","Dur\u00e9e de lecture estim\u00e9e":"2 minutes"},"schema":{"@context":"https:\/\/schema.org","@graph":[{"@type":"Article","@id":"https:\/\/www.latribunedufaso.net\/?p=1854#article","isPartOf":{"@id":"https:\/\/www.latribunedufaso.net\/?p=1854"},"author":{"name":"Administrateur","@id":"https:\/\/www.latribunedufaso.net\/#\/schema\/person\/a380782d0605bb8aae27c40ea93b35b1"},"headline":"Pr\u00e9sidentielle 2020\u00a0: Y\u00e9li Kam fait savoir le sens de son engagement politique au palais d\u2019Issouka","datePublished":"2020-11-20T14:38:06+00:00","mainEntityOfPage":{"@id":"https:\/\/www.latribunedufaso.net\/?p=1854"},"wordCount":403,"commentCount":0,"publisher":{"@id":"https:\/\/www.latribunedufaso.net\/#organization"},"image":{"@id":"https:\/\/www.latribunedufaso.net\/?p=1854#primaryimage"},"thumbnailUrl":"https:\/\/www.latribunedufaso.net\/wp-content\/uploads\/2020\/11\/FB_IMG_16058828296725237.jpg","articleSection":["A la une","Actualit\u00e9","Elections coupl\u00e9es novembre 2020"],"inLanguage":"fr-FR","potentialAction":[{"@type":"CommentAction","name":"Comment","target":["https:\/\/www.latribunedufaso.net\/?p=1854#respond"]}]},{"@type":"WebPage","@id":"https:\/\/www.latribunedufaso.net\/?p=1854","url":"https:\/\/www.latribunedufaso.net\/?p=1854","name":"Pr\u00e9sidentielle 2020\u00a0: Y\u00e9li Kam fait savoir le sens de son engagement politique au palais d\u2019Issouka - La Tribune du Faso","isPartOf":{"@id":"https:\/\/www.latribunedufaso.net\/#website"},"primaryImageOfPage":{"@id":"https:\/\/www.latribunedufaso.net\/?p=1854#primaryimage"},"image":{"@id":"https:\/\/www.latribunedufaso.net\/?p=1854#primaryimage"},"thumbnailUrl":"https:\/\/www.latribunedufaso.net\/wp-content\/uploads\/2020\/11\/FB_IMG_16058828296725237.jpg","datePublished":"2020-11-20T14:38:06+00:00","breadcrumb":{"@id":"https:\/\/www.latribunedufaso.net\/?p=1854#breadcrumb"},"inLanguage":"fr-FR","potentialAction":[{"@type":"ReadAction","target":["https:\/\/www.latribunedufaso.net\/?p=1854"]}]},{"@type":"ImageObject","inLanguage":"fr-FR","@id":"https:\/\/www.latribunedufaso.net\/?p=1854#primaryimage","url":"https:\/\/www.latribunedufaso.net\/wp-content\/uploads\/2020\/11\/FB_IMG_16058828296725237.jpg","contentUrl":"https:\/\/www.latribunedufaso.net\/wp-content\/uploads\/2020\/11\/FB_IMG_16058828296725237.jpg","width":720,"height":540},{"@type":"BreadcrumbList","@id":"https:\/\/www.latribunedufaso.net\/?p=1854#breadcrumb","itemListElement":[{"@type":"ListItem","position":1,"name":"Accueil","item":"https:\/\/www.latribunedufaso.net\/"},{"@type":"ListItem","position":2,"name":"Pr\u00e9sidentielle 2020\u00a0: Y\u00e9li Kam fait savoir le sens de son engagement politique au palais d\u2019Issouka"}]},{"@type":"WebSite","@id":"https:\/\/www.latribunedufaso.net\/#website","url":"https:\/\/www.latribunedufaso.net\/","name":"La Tribune du Faso","description":"L&#039;information du monde rural en un clic","publisher":{"@id":"https:\/\/www.latribunedufaso.net\/#organization"},"potentialAction":[{"@type":"SearchAction","target":{"@type":"EntryPoint","urlTemplate":"https:\/\/www.latribunedufaso.net\/?s={search_term_string}"},"query-input":{"@type":"PropertyValueSpecification","valueRequired":true,"valueName":"search_term_string"}}],"inLanguage":"fr-FR"},{"@type":"Organization","@id":"https:\/\/www.latribunedufaso.net\/#organization","name":"La Tribune du Faso","url":"https:\/\/www.latribunedufaso.net\/","logo":{"@type":"ImageObject","inLanguage":"fr-FR","@id":"https:\/\/www.latribunedufaso.net\/#\/schema\/logo\/image\/","url":"https:\/\/www.latribunedufaso.net\/wp-content\/uploads\/2020\/08\/Logo-Tribune-du-Faso-final-scaled.jpg","contentUrl":"https:\/\/www.latribunedufaso.net\/wp-content\/uploads\/2020\/08\/Logo-Tribune-du-Faso-final-scaled.jpg","width":2560,"height":1856,"caption":"La Tribune du Faso"},"image":{"@id":"https:\/\/www.latribunedufaso.net\/#\/schema\/logo\/image\/"},"sameAs":["https:\/\/www.facebook.com\/LatribuneduFaso\/"]},{"@type":"Person","@id":"https:\/\/www.latribunedufaso.net\/#\/schema\/person\/a380782d0605bb8aae27c40ea93b35b1","name":"Administrateur","image":{"@type":"ImageObject","inLanguage":"fr-FR","@id":"https:\/\/secure.gravatar.com\/avatar\/e20266f97d741f0e80ba1f60283074a9b3317fd7bfb727e0d95b51dafbf854a1?s=96&d=mm&r=g","url":"https:\/\/secure.gravatar.com\/avatar\/e20266f97d741f0e80ba1f60283074a9b3317fd7bfb727e0d95b51dafbf854a1?s=96&d=mm&r=g","contentUrl":"https:\/\/secure.gravatar.com\/avatar\/e20266f97d741f0e80ba1f60283074a9b3317fd7bfb727e0d95b51dafbf854a1?s=96&d=mm&r=g","caption":"Administrateur"},"url":"https:\/\/www.latribunedufaso.net\/?author=2"}]}},"_links":{"self":[{"href":"https:\/\/www.latribunedufaso.net\/index.php?rest_route=\/wp\/v2\/posts\/1854","targetHints":{"allow":["GET"]}}],"collection":[{"href":"https:\/\/www.latribunedufaso.net\/index.php?rest_route=\/wp\/v2\/posts"}],"about":[{"href":"https:\/\/www.latribunedufaso.net\/index.php?rest_route=\/wp\/v2\/types\/post"}],"author":[{"embeddable":true,"href":"https:\/\/www.latribunedufaso.net\/index.php?rest_route=\/wp\/v2\/users\/2"}],"replies":[{"embeddable":true,"href":"https:\/\/www.latribunedufaso.net\/index.php?rest_route=%2Fwp%2Fv2%2Fcomments&post=1854"}],"version-history":[{"count":1,"href":"https:\/\/www.latribunedufaso.net\/index.php?rest_route=\/wp\/v2\/posts\/1854\/revisions"}],"predecessor-version":[{"id":1857,"href":"https:\/\/www.latribunedufaso.net\/index.php?rest_route=\/wp\/v2\/posts\/1854\/revisions\/1857"}],"wp:featuredmedia":[{"embeddable":true,"href":"https:\/\/www.latribunedufaso.net\/index.php?rest_route=\/wp\/v2\/media\/1855"}],"wp:attachment":[{"href":"https:\/\/www.latribunedufaso.net\/index.php?rest_route=%2Fwp%2Fv2%2Fmedia&parent=1854"}],"wp:term":[{"taxonomy":"category","embeddable":true,"href":"https:\/\/www.latribunedufaso.net\/index.php?rest_route=%2Fwp%2Fv2%2Fcategories&post=1854"},{"taxonomy":"post_tag","embeddable":true,"href":"https:\/\/www.latribunedufaso.net\/index.php?rest_route=%2Fwp%2Fv2%2Ftags&post=1854"}],"curies":[{"name":"wp","href":"https:\/\/api.w.org\/{rel}","templated":true}]}}