{"id":18522,"date":"2025-02-01T13:54:52","date_gmt":"2025-02-01T13:54:52","guid":{"rendered":"https:\/\/www.latribunedufaso.net\/?p=18522"},"modified":"2025-02-01T13:54:52","modified_gmt":"2025-02-01T13:54:52","slug":"burkina-sante-lancement-des-travaux-de-construction-de-60-infrastructures-sanitaires-a-beregadougou","status":"publish","type":"post","link":"https:\/\/www.latribunedufaso.net\/?p=18522","title":{"rendered":"Burkina\/sant\u00e9 : Lancement des travaux de construction de 60 infrastructures sanitaires \u00e0 B\u00e9regadougou"},"content":{"rendered":"<p><strong style=\"font-size: 1.0625rem;\">Dans le cadre de l&rsquo;Initiative pr\u00e9sidentielle pour la Sant\u00e9 (IPS), le Bureau national des grands projets du Burkina a proc\u00e9d\u00e9, le 31 janvier 2025, au lancement officiel des travaux de construction de 55 centres m\u00e9dicaux communaux et 5 Blocs de r\u00e9animation dans les h\u00f4pitaux, \u00e0 B\u00e9regadougou dans la r\u00e9gion des Cascades.<\/strong><\/p>\n<p><!--more--><\/p>\n<p>Plac\u00e9e sous le tr\u00e8s haut patronage du pr\u00e9sident du Faso , le Capitaine Ibrahim Traor\u00e9, repr\u00e9sent\u00e9 par son Directeur de Cabinet, Anderson Medah et la pr\u00e9sidence du ministre de la Sant\u00e9, Dr Robert Kargougou, cette c\u00e9r\u00e9monie marque le d\u00e9but de l&rsquo;op\u00e9rationalisation de la vision du Chef de l&rsquo;\u00c9tat dans le domaine sanitaire.<\/p>\n<p>Pour le Coordonnateur de l&rsquo;IPS, Drissa Traor\u00e9, ce lancement s\u2019inscrit dans la r\u00e9alisation des composantes 1 et 2 de l&rsquo;Initiative pr\u00e9sidentielle pour la sant\u00e9. <span style=\"font-size: 1.0625rem;\"><em><strong>\u00ab Ces infrastructures que nous nous appr\u00eatons \u00e0 construire, tranchent avec celles que nous avons toujours connues et symbolisent une vision de progr\u00e8s, de qualit\u00e9 de soins qui seront prodigu\u00e9s aux populations. \u00c0 titre illustratif, pour le centre m\u00e9dical communal qui sera construit ici \u00e0 B\u00e9r\u00e9gadougou, comme tous les autres, ces constructions sont des b\u00e2timents juxtapos\u00e9s \u00e0 niveau en deux phases. Elles int\u00e8grent les principaux services suivants : une urgence, un laboratoire, de pointe \u00e9quip\u00e9s de derni\u00e8res technologies, une imagerie, un bloc op\u00e9ratoire pour les petites chirurgies, des flux d\u2019oxyg\u00e8ne \u00bb<\/strong><\/em>, a-t-il d\u00e9clar\u00e9.<\/span><\/p>\n<figure id=\"attachment_18527\" aria-describedby=\"caption-attachment-18527\" style=\"width: 720px\" class=\"wp-caption aligncenter\"><a href=\"https:\/\/www.latribunedufaso.net\/wp-content\/uploads\/2025\/02\/FB_IMG_1738417585349.jpg\"><img loading=\"lazy\" decoding=\"async\" class=\"size-full wp-image-18527\" src=\"https:\/\/www.latribunedufaso.net\/wp-content\/uploads\/2025\/02\/FB_IMG_1738417585349.jpg\" alt=\"Dans le cadre de l'Initiative pr\u00e9sidentielle pour la Sant\u00e9 (IPS), le BNGPB a lanc\u00e9 les travaux de construction des infrastructures sanitaires \u00e0 Beregadougou, 31 Janvier 2025\" width=\"720\" height=\"359\" srcset=\"https:\/\/www.latribunedufaso.net\/wp-content\/uploads\/2025\/02\/FB_IMG_1738417585349.jpg 720w, https:\/\/www.latribunedufaso.net\/wp-content\/uploads\/2025\/02\/FB_IMG_1738417585349-300x150.jpg 300w\" sizes=\"auto, (max-width: 720px) 100vw, 720px\" \/><\/a><figcaption id=\"caption-attachment-18527\" class=\"wp-caption-text\">Une vue des participants \u00e0 la c\u00e9r\u00e9monie &#8211; Ph. DR<\/figcaption><\/figure>\n<p>Pour ces infrastructures, ajoute Drissa Traor\u00e9, <em><strong>\u00ab nous avons \u00e9galement pris le soin d\u2019int\u00e9grer des principes de durabilit\u00e9 dans nos plans. C\u2019est ainsi que les toits des b\u00e2timents seront couverts de plaques solaires pour mieux exploiter l\u2019\u00e9nergie renouvelable \u00bb,<\/strong><\/em> a-t-il dit.<\/p>\n<figure id=\"attachment_18524\" aria-describedby=\"caption-attachment-18524\" style=\"width: 720px\" class=\"wp-caption aligncenter\"><a href=\"https:\/\/www.latribunedufaso.net\/wp-content\/uploads\/2025\/02\/FB_IMG_1738417549578.jpg\"><img loading=\"lazy\" decoding=\"async\" class=\"size-full wp-image-18524\" src=\"https:\/\/www.latribunedufaso.net\/wp-content\/uploads\/2025\/02\/FB_IMG_1738417549578.jpg\" alt=\"Dans le cadre de l'Initiative pr\u00e9sidentielle pour la Sant\u00e9 (IPS), le BNGPB a lanc\u00e9 les travaux de construction des infrastructures sanitaires \u00e0 Beregadougou, 31 Janvier 2025\" width=\"720\" height=\"558\" srcset=\"https:\/\/www.latribunedufaso.net\/wp-content\/uploads\/2025\/02\/FB_IMG_1738417549578.jpg 720w, https:\/\/www.latribunedufaso.net\/wp-content\/uploads\/2025\/02\/FB_IMG_1738417549578-300x233.jpg 300w\" sizes=\"auto, (max-width: 720px) 100vw, 720px\" \/><\/a><figcaption id=\"caption-attachment-18524\" class=\"wp-caption-text\">Le ministre de la Sant\u00e9, Dr Robert Kargougou &#8211; Ph. DR<\/figcaption><\/figure>\n<p>Le ministre Kargougou, pour sa part, a rappel\u00e9 que <em><strong>\u00ab le Chef de l&rsquo;\u00c9tat dans sa vision pour l&rsquo;acc\u00e8s des populations aux services de sant\u00e9, a toujours dit qu&rsquo;il veut que tous les <\/strong><\/em><span style=\"font-size: 1.0625rem;\"><em><strong>Burkinab\u00e8 aient un acc\u00e8s \u00e9quitable \u00e0 des soins de sant\u00e9 et de nutrition de qualit\u00e9, notamment le Burkinab\u00e8 lambda \u00bb.<\/strong><\/em> <\/span><\/p>\n<p><span style=\"font-size: 1.0625rem;\">Pour le Pr\u00e9sident du Faso, rench\u00e9rit Dr Robert Kargougou, <em><strong>\u00ab il n&rsquo;est pas question que ce soit seulement ceux qui sont \u00e0 Ouagadougou et \u00e0 Bobo-Dioulasso qui ont acc\u00e8s \u00e0 des soins et services de sant\u00e9 et de nutrition de qualit\u00e9 mais il veut que m\u00eame celui qui est \u00e0 B\u00e9r\u00e9gadougou puisse avoir acc\u00e8s \u00e0 des soins de sant\u00e9 tr\u00e8s sp\u00e9cialis\u00e9s \u00bb.<\/strong><\/em><\/span><\/p>\n<p>Le premier responsable du d\u00e9partement de la Sant\u00e9 a expliqu\u00e9 que pour mat\u00e9rialiser la ferme volont\u00e9 afin que tous les Burkinab\u00e8 acc\u00e8dent aux services de sant\u00e9 et de nutrition, le Capitaine Ibrahim Traor\u00e9 a consacr\u00e9 exceptionnellement 12% du budget de l&rsquo;\u00c9tat \u00e0 la sant\u00e9, pris un d\u00e9cret pour r\u00e9duire de mani\u00e8re significative les co\u00fbts des examens d&rsquo;Imagerie par r\u00e9sonance magn\u00e9tique (IRM), des scanners et des actes d&rsquo;h\u00e9modialyse.<\/p>\n<figure id=\"attachment_18523\" aria-describedby=\"caption-attachment-18523\" style=\"width: 720px\" class=\"wp-caption aligncenter\"><a href=\"https:\/\/www.latribunedufaso.net\/wp-content\/uploads\/2025\/02\/FB_IMG_1738417545170.jpg\"><img loading=\"lazy\" decoding=\"async\" class=\"size-full wp-image-18523\" src=\"https:\/\/www.latribunedufaso.net\/wp-content\/uploads\/2025\/02\/FB_IMG_1738417545170.jpg\" alt=\"Dans le cadre de l'Initiative pr\u00e9sidentielle pour la Sant\u00e9 (IPS), le BNGPB a lanc\u00e9 les travaux de construction des infrastructures sanitaires \u00e0 Beregadougou, 31 Janvier 2025\" width=\"720\" height=\"573\" srcset=\"https:\/\/www.latribunedufaso.net\/wp-content\/uploads\/2025\/02\/FB_IMG_1738417545170.jpg 720w, https:\/\/www.latribunedufaso.net\/wp-content\/uploads\/2025\/02\/FB_IMG_1738417545170-300x239.jpg 300w\" sizes=\"auto, (max-width: 720px) 100vw, 720px\" \/><\/a><figcaption id=\"caption-attachment-18523\" class=\"wp-caption-text\">Le Directeur de cabinet du Pr\u00e9sident du Faso, le Capitaine Anderson Medah &#8211; Ph. DR<\/figcaption><\/figure>\n<p>Le repr\u00e9sentant du Chef de l&rsquo;\u00c9tat, le Capitaine Anderson Medah, a soulign\u00e9 qu&rsquo;avec l\u2019Initiative pr\u00e9sidentielle pour la sant\u00e9, une lueur d\u2019espoir s\u2019\u00e9l\u00e8ve dans le ciel burkinab\u00e8. Il a martel\u00e9 que se soigner au Burkina Faso ne devrait pas \u00eatre un luxe inatteignable pour la plupart de nos citoyens car, dit-il, la sant\u00e9 est un droit fondamental pour tous.<\/p>\n<blockquote>\n<p>Lire aussi &gt;&gt; <a href=\"https:\/\/www.latribunedufaso.net\/?p=17738\">Burkina\/Sant\u00e9 : 1 175 946 accouchements et intervention obst\u00e9tricales offert en 2024 par le minist\u00e8re en charge de la sant\u00e9\u00a0<\/a><\/p>\n<\/blockquote>\n<p><em><strong>\u00ab Si nous nous battons contre l\u2019ins\u00e9curit\u00e9 pour que vivent nos populations tranquillement dans leurs localit\u00e9s, c\u2019est aussi un devoir pour nous de leur offrir une vie de qualit\u00e9 en leur apportant les services sociaux de base \u00bb,<\/strong><\/em> a conclu le Capitaine Anderson Medah.<\/p>\n<p>En rappel, l&rsquo;Initiative pr\u00e9sidentielle pour la sant\u00e9 a \u00e9t\u00e9 adopt\u00e9e le 3 juillet 2024. Elle est mise en \u0153uvre \u00e0 travers quatre (04) composantes dont la construction et l\u2019\u00e9quipement de 55 centres m\u00e9dicaux communaux, 5 services de r\u00e9animation, la construction d\u2019un Institut du c\u0153ur d\u2019anesth\u00e9sie r\u00e9animation dans des h\u00f4pitaux et enfin, le diagnostic mol\u00e9culaire du cancer du sein.<\/p>\n<p><strong><span style=\"font-size: 1.0625rem;\">lateibubedufaso.ne<\/span><span style=\"font-size: 1.0625rem;\">t<\/span><\/strong><\/p>\n<p><strong>Source : MS<\/strong><\/p>\n","protected":false},"excerpt":{"rendered":"<p>Dans le cadre de l&rsquo;Initiative pr\u00e9sidentielle pour la Sant\u00e9 (IPS), le Bureau national des grands projets du Burkina a proc\u00e9d\u00e9, le 31 janvier 2025, au lancement officiel des travaux de construction de 55 centres m\u00e9dicaux communaux et 5 Blocs de r\u00e9animation dans les h\u00f4pitaux, \u00e0 B\u00e9regadougou dans la r\u00e9gion des Cascades.<\/p>\n","protected":false},"author":5,"featured_media":18526,"comment_status":"open","ping_status":"open","sticky":false,"template":"","format":"standard","meta":{"footnotes":""},"categories":[13,1,7],"tags":[665,39,191],"class_list":["post-18522","post","type-post","status-publish","format-standard","has-post-thumbnail","hentry","category-une","category-actu","category-sante","tag-initiative-presidentielle-pour-la-sante","tag-latribunedufaso-net","tag-sante"],"yoast_head":"<!-- This site is optimized with the Yoast SEO plugin v27.5 - https:\/\/yoast.com\/product\/yoast-seo-wordpress\/ -->\n<title>Burkina\/sant\u00e9 : Lancement des travaux de construction de 60 infrastructures sanitaires \u00e0 B\u00e9regadougou - La Tribune du Faso<\/title>\n<meta name=\"robots\" content=\"index, follow, max-snippet:-1, max-image-preview:large, max-video-preview:-1\" \/>\n<link rel=\"canonical\" href=\"https:\/\/www.latribunedufaso.net\/?p=18522\" \/>\n<meta property=\"og:locale\" content=\"fr_FR\" \/>\n<meta property=\"og:type\" content=\"article\" \/>\n<meta property=\"og:title\" content=\"Burkina\/sant\u00e9 : Lancement des travaux de construction de 60 infrastructures sanitaires \u00e0 B\u00e9regadougou - La Tribune du Faso\" \/>\n<meta property=\"og:description\" content=\"Dans le cadre de l&rsquo;Initiative pr\u00e9sidentielle pour la Sant\u00e9 (IPS), le Bureau national des grands projets du Burkina a proc\u00e9d\u00e9, le 31 janvier 2025, au lancement officiel des travaux de construction de 55 centres m\u00e9dicaux communaux et 5 Blocs de r\u00e9animation dans les h\u00f4pitaux, \u00e0 B\u00e9regadougou dans la r\u00e9gion des Cascades.\" \/>\n<meta property=\"og:url\" content=\"https:\/\/www.latribunedufaso.net\/?p=18522\" \/>\n<meta property=\"og:site_name\" content=\"La Tribune du Faso\" \/>\n<meta property=\"article:publisher\" content=\"https:\/\/www.facebook.com\/LatribuneduFaso\/\" \/>\n<meta property=\"article:published_time\" content=\"2025-02-01T13:54:52+00:00\" \/>\n<meta property=\"og:image\" content=\"https:\/\/www.latribunedufaso.net\/wp-content\/uploads\/2025\/02\/FB_IMG_1738417578788.jpg\" \/>\n\t<meta property=\"og:image:width\" content=\"720\" \/>\n\t<meta property=\"og:image:height\" content=\"480\" \/>\n\t<meta property=\"og:image:type\" content=\"image\/jpeg\" \/>\n<meta name=\"author\" content=\"Issouf Tapsoba\" \/>\n<meta name=\"twitter:label1\" content=\"\u00c9crit par\" \/>\n\t<meta name=\"twitter:data1\" content=\"Issouf Tapsoba\" \/>\n\t<meta name=\"twitter:label2\" content=\"Dur\u00e9e de lecture estim\u00e9e\" \/>\n\t<meta name=\"twitter:data2\" content=\"4 minutes\" \/>\n<script type=\"application\/ld+json\" class=\"yoast-schema-graph\">{\"@context\":\"https:\\\/\\\/schema.org\",\"@graph\":[{\"@type\":\"Article\",\"@id\":\"https:\\\/\\\/www.latribunedufaso.net\\\/?p=18522#article\",\"isPartOf\":{\"@id\":\"https:\\\/\\\/www.latribunedufaso.net\\\/?p=18522\"},\"author\":{\"name\":\"Issouf Tapsoba\",\"@id\":\"https:\\\/\\\/www.latribunedufaso.net\\\/#\\\/schema\\\/person\\\/e54e64c5778a7e72cf80a318b7a622b0\"},\"headline\":\"Burkina\\\/sant\u00e9 : Lancement des travaux de construction de 60 infrastructures sanitaires \u00e0 B\u00e9regadougou\",\"datePublished\":\"2025-02-01T13:54:52+00:00\",\"mainEntityOfPage\":{\"@id\":\"https:\\\/\\\/www.latribunedufaso.net\\\/?p=18522\"},\"wordCount\":762,\"commentCount\":0,\"publisher\":{\"@id\":\"https:\\\/\\\/www.latribunedufaso.net\\\/#organization\"},\"image\":{\"@id\":\"https:\\\/\\\/www.latribunedufaso.net\\\/?p=18522#primaryimage\"},\"thumbnailUrl\":\"https:\\\/\\\/www.latribunedufaso.net\\\/wp-content\\\/uploads\\\/2025\\\/02\\\/FB_IMG_1738417578788.jpg\",\"keywords\":[\"Initiative pr\u00e9sidentielle pour la sant\u00e9\",\"latribunedufaso.net\",\"Sant\u00e9\"],\"articleSection\":[\"A la une\",\"Actualit\u00e9\",\"Sant\u00e9\"],\"inLanguage\":\"fr-FR\",\"potentialAction\":[{\"@type\":\"CommentAction\",\"name\":\"Comment\",\"target\":[\"https:\\\/\\\/www.latribunedufaso.net\\\/?p=18522#respond\"]}]},{\"@type\":\"WebPage\",\"@id\":\"https:\\\/\\\/www.latribunedufaso.net\\\/?p=18522\",\"url\":\"https:\\\/\\\/www.latribunedufaso.net\\\/?p=18522\",\"name\":\"Burkina\\\/sant\u00e9 : Lancement des travaux de construction de 60 infrastructures sanitaires \u00e0 B\u00e9regadougou - La Tribune du Faso\",\"isPartOf\":{\"@id\":\"https:\\\/\\\/www.latribunedufaso.net\\\/#website\"},\"primaryImageOfPage\":{\"@id\":\"https:\\\/\\\/www.latribunedufaso.net\\\/?p=18522#primaryimage\"},\"image\":{\"@id\":\"https:\\\/\\\/www.latribunedufaso.net\\\/?p=18522#primaryimage\"},\"thumbnailUrl\":\"https:\\\/\\\/www.latribunedufaso.net\\\/wp-content\\\/uploads\\\/2025\\\/02\\\/FB_IMG_1738417578788.jpg\",\"datePublished\":\"2025-02-01T13:54:52+00:00\",\"breadcrumb\":{\"@id\":\"https:\\\/\\\/www.latribunedufaso.net\\\/?p=18522#breadcrumb\"},\"inLanguage\":\"fr-FR\",\"potentialAction\":[{\"@type\":\"ReadAction\",\"target\":[\"https:\\\/\\\/www.latribunedufaso.net\\\/?p=18522\"]}]},{\"@type\":\"ImageObject\",\"inLanguage\":\"fr-FR\",\"@id\":\"https:\\\/\\\/www.latribunedufaso.net\\\/?p=18522#primaryimage\",\"url\":\"https:\\\/\\\/www.latribunedufaso.net\\\/wp-content\\\/uploads\\\/2025\\\/02\\\/FB_IMG_1738417578788.jpg\",\"contentUrl\":\"https:\\\/\\\/www.latribunedufaso.net\\\/wp-content\\\/uploads\\\/2025\\\/02\\\/FB_IMG_1738417578788.jpg\",\"width\":720,\"height\":480,\"caption\":\"Dans le cadre de l'Initiative pr\u00e9sidentielle pour la Sant\u00e9 (IPS), le BNGPB a lanc\u00e9 les travaux de construction des infrastructures sanitaires \u00e0 Beregadougou, 31 Janvier 2025\"},{\"@type\":\"BreadcrumbList\",\"@id\":\"https:\\\/\\\/www.latribunedufaso.net\\\/?p=18522#breadcrumb\",\"itemListElement\":[{\"@type\":\"ListItem\",\"position\":1,\"name\":\"Accueil\",\"item\":\"https:\\\/\\\/www.latribunedufaso.net\\\/\"},{\"@type\":\"ListItem\",\"position\":2,\"name\":\"Burkina\\\/sant\u00e9 : Lancement des travaux de construction de 60 infrastructures sanitaires \u00e0 B\u00e9regadougou\"}]},{\"@type\":\"WebSite\",\"@id\":\"https:\\\/\\\/www.latribunedufaso.net\\\/#website\",\"url\":\"https:\\\/\\\/www.latribunedufaso.net\\\/\",\"name\":\"La Tribune du Faso\",\"description\":\"L&#039;information du monde rural en un clic\",\"publisher\":{\"@id\":\"https:\\\/\\\/www.latribunedufaso.net\\\/#organization\"},\"potentialAction\":[{\"@type\":\"SearchAction\",\"target\":{\"@type\":\"EntryPoint\",\"urlTemplate\":\"https:\\\/\\\/www.latribunedufaso.net\\\/?s={search_term_string}\"},\"query-input\":{\"@type\":\"PropertyValueSpecification\",\"valueRequired\":true,\"valueName\":\"search_term_string\"}}],\"inLanguage\":\"fr-FR\"},{\"@type\":\"Organization\",\"@id\":\"https:\\\/\\\/www.latribunedufaso.net\\\/#organization\",\"name\":\"La Tribune du Faso\",\"url\":\"https:\\\/\\\/www.latribunedufaso.net\\\/\",\"logo\":{\"@type\":\"ImageObject\",\"inLanguage\":\"fr-FR\",\"@id\":\"https:\\\/\\\/www.latribunedufaso.net\\\/#\\\/schema\\\/logo\\\/image\\\/\",\"url\":\"https:\\\/\\\/www.latribunedufaso.net\\\/wp-content\\\/uploads\\\/2020\\\/08\\\/Logo-Tribune-du-Faso-final-scaled.jpg\",\"contentUrl\":\"https:\\\/\\\/www.latribunedufaso.net\\\/wp-content\\\/uploads\\\/2020\\\/08\\\/Logo-Tribune-du-Faso-final-scaled.jpg\",\"width\":2560,\"height\":1856,\"caption\":\"La Tribune du Faso\"},\"image\":{\"@id\":\"https:\\\/\\\/www.latribunedufaso.net\\\/#\\\/schema\\\/logo\\\/image\\\/\"},\"sameAs\":[\"https:\\\/\\\/www.facebook.com\\\/LatribuneduFaso\\\/\"]},{\"@type\":\"Person\",\"@id\":\"https:\\\/\\\/www.latribunedufaso.net\\\/#\\\/schema\\\/person\\\/e54e64c5778a7e72cf80a318b7a622b0\",\"name\":\"Issouf Tapsoba\",\"image\":{\"@type\":\"ImageObject\",\"inLanguage\":\"fr-FR\",\"@id\":\"https:\\\/\\\/secure.gravatar.com\\\/avatar\\\/5e6c05150ce3230247d167f5b94d678eb05936197436d69b7921e3a95c9107ac?s=96&d=mm&r=g\",\"url\":\"https:\\\/\\\/secure.gravatar.com\\\/avatar\\\/5e6c05150ce3230247d167f5b94d678eb05936197436d69b7921e3a95c9107ac?s=96&d=mm&r=g\",\"contentUrl\":\"https:\\\/\\\/secure.gravatar.com\\\/avatar\\\/5e6c05150ce3230247d167f5b94d678eb05936197436d69b7921e3a95c9107ac?s=96&d=mm&r=g\",\"caption\":\"Issouf Tapsoba\"},\"url\":\"https:\\\/\\\/www.latribunedufaso.net\\\/?author=5\"}]}<\/script>\n<!-- \/ Yoast SEO plugin. -->","yoast_head_json":{"title":"Burkina\/sant\u00e9 : Lancement des travaux de construction de 60 infrastructures sanitaires \u00e0 B\u00e9regadougou - La Tribune du Faso","robots":{"index":"index","follow":"follow","max-snippet":"max-snippet:-1","max-image-preview":"max-image-preview:large","max-video-preview":"max-video-preview:-1"},"canonical":"https:\/\/www.latribunedufaso.net\/?p=18522","og_locale":"fr_FR","og_type":"article","og_title":"Burkina\/sant\u00e9 : Lancement des travaux de construction de 60 infrastructures sanitaires \u00e0 B\u00e9regadougou - La Tribune du Faso","og_description":"Dans le cadre de l&rsquo;Initiative pr\u00e9sidentielle pour la Sant\u00e9 (IPS), le Bureau national des grands projets du Burkina a proc\u00e9d\u00e9, le 31 janvier 2025, au lancement officiel des travaux de construction de 55 centres m\u00e9dicaux communaux et 5 Blocs de r\u00e9animation dans les h\u00f4pitaux, \u00e0 B\u00e9regadougou dans la r\u00e9gion des Cascades.","og_url":"https:\/\/www.latribunedufaso.net\/?p=18522","og_site_name":"La Tribune du Faso","article_publisher":"https:\/\/www.facebook.com\/LatribuneduFaso\/","article_published_time":"2025-02-01T13:54:52+00:00","og_image":[{"width":720,"height":480,"url":"https:\/\/www.latribunedufaso.net\/wp-content\/uploads\/2025\/02\/FB_IMG_1738417578788.jpg","type":"image\/jpeg"}],"author":"Issouf Tapsoba","twitter_misc":{"\u00c9crit par":"Issouf Tapsoba","Dur\u00e9e de lecture estim\u00e9e":"4 minutes"},"schema":{"@context":"https:\/\/schema.org","@graph":[{"@type":"Article","@id":"https:\/\/www.latribunedufaso.net\/?p=18522#article","isPartOf":{"@id":"https:\/\/www.latribunedufaso.net\/?p=18522"},"author":{"name":"Issouf Tapsoba","@id":"https:\/\/www.latribunedufaso.net\/#\/schema\/person\/e54e64c5778a7e72cf80a318b7a622b0"},"headline":"Burkina\/sant\u00e9 : Lancement des travaux de construction de 60 infrastructures sanitaires \u00e0 B\u00e9regadougou","datePublished":"2025-02-01T13:54:52+00:00","mainEntityOfPage":{"@id":"https:\/\/www.latribunedufaso.net\/?p=18522"},"wordCount":762,"commentCount":0,"publisher":{"@id":"https:\/\/www.latribunedufaso.net\/#organization"},"image":{"@id":"https:\/\/www.latribunedufaso.net\/?p=18522#primaryimage"},"thumbnailUrl":"https:\/\/www.latribunedufaso.net\/wp-content\/uploads\/2025\/02\/FB_IMG_1738417578788.jpg","keywords":["Initiative pr\u00e9sidentielle pour la sant\u00e9","latribunedufaso.net","Sant\u00e9"],"articleSection":["A la une","Actualit\u00e9","Sant\u00e9"],"inLanguage":"fr-FR","potentialAction":[{"@type":"CommentAction","name":"Comment","target":["https:\/\/www.latribunedufaso.net\/?p=18522#respond"]}]},{"@type":"WebPage","@id":"https:\/\/www.latribunedufaso.net\/?p=18522","url":"https:\/\/www.latribunedufaso.net\/?p=18522","name":"Burkina\/sant\u00e9 : Lancement des travaux de construction de 60 infrastructures sanitaires \u00e0 B\u00e9regadougou - La Tribune du Faso","isPartOf":{"@id":"https:\/\/www.latribunedufaso.net\/#website"},"primaryImageOfPage":{"@id":"https:\/\/www.latribunedufaso.net\/?p=18522#primaryimage"},"image":{"@id":"https:\/\/www.latribunedufaso.net\/?p=18522#primaryimage"},"thumbnailUrl":"https:\/\/www.latribunedufaso.net\/wp-content\/uploads\/2025\/02\/FB_IMG_1738417578788.jpg","datePublished":"2025-02-01T13:54:52+00:00","breadcrumb":{"@id":"https:\/\/www.latribunedufaso.net\/?p=18522#breadcrumb"},"inLanguage":"fr-FR","potentialAction":[{"@type":"ReadAction","target":["https:\/\/www.latribunedufaso.net\/?p=18522"]}]},{"@type":"ImageObject","inLanguage":"fr-FR","@id":"https:\/\/www.latribunedufaso.net\/?p=18522#primaryimage","url":"https:\/\/www.latribunedufaso.net\/wp-content\/uploads\/2025\/02\/FB_IMG_1738417578788.jpg","contentUrl":"https:\/\/www.latribunedufaso.net\/wp-content\/uploads\/2025\/02\/FB_IMG_1738417578788.jpg","width":720,"height":480,"caption":"Dans le cadre de l'Initiative pr\u00e9sidentielle pour la Sant\u00e9 (IPS), le BNGPB a lanc\u00e9 les travaux de construction des infrastructures sanitaires \u00e0 Beregadougou, 31 Janvier 2025"},{"@type":"BreadcrumbList","@id":"https:\/\/www.latribunedufaso.net\/?p=18522#breadcrumb","itemListElement":[{"@type":"ListItem","position":1,"name":"Accueil","item":"https:\/\/www.latribunedufaso.net\/"},{"@type":"ListItem","position":2,"name":"Burkina\/sant\u00e9 : Lancement des travaux de construction de 60 infrastructures sanitaires \u00e0 B\u00e9regadougou"}]},{"@type":"WebSite","@id":"https:\/\/www.latribunedufaso.net\/#website","url":"https:\/\/www.latribunedufaso.net\/","name":"La Tribune du Faso","description":"L&#039;information du monde rural en un clic","publisher":{"@id":"https:\/\/www.latribunedufaso.net\/#organization"},"potentialAction":[{"@type":"SearchAction","target":{"@type":"EntryPoint","urlTemplate":"https:\/\/www.latribunedufaso.net\/?s={search_term_string}"},"query-input":{"@type":"PropertyValueSpecification","valueRequired":true,"valueName":"search_term_string"}}],"inLanguage":"fr-FR"},{"@type":"Organization","@id":"https:\/\/www.latribunedufaso.net\/#organization","name":"La Tribune du Faso","url":"https:\/\/www.latribunedufaso.net\/","logo":{"@type":"ImageObject","inLanguage":"fr-FR","@id":"https:\/\/www.latribunedufaso.net\/#\/schema\/logo\/image\/","url":"https:\/\/www.latribunedufaso.net\/wp-content\/uploads\/2020\/08\/Logo-Tribune-du-Faso-final-scaled.jpg","contentUrl":"https:\/\/www.latribunedufaso.net\/wp-content\/uploads\/2020\/08\/Logo-Tribune-du-Faso-final-scaled.jpg","width":2560,"height":1856,"caption":"La Tribune du Faso"},"image":{"@id":"https:\/\/www.latribunedufaso.net\/#\/schema\/logo\/image\/"},"sameAs":["https:\/\/www.facebook.com\/LatribuneduFaso\/"]},{"@type":"Person","@id":"https:\/\/www.latribunedufaso.net\/#\/schema\/person\/e54e64c5778a7e72cf80a318b7a622b0","name":"Issouf Tapsoba","image":{"@type":"ImageObject","inLanguage":"fr-FR","@id":"https:\/\/secure.gravatar.com\/avatar\/5e6c05150ce3230247d167f5b94d678eb05936197436d69b7921e3a95c9107ac?s=96&d=mm&r=g","url":"https:\/\/secure.gravatar.com\/avatar\/5e6c05150ce3230247d167f5b94d678eb05936197436d69b7921e3a95c9107ac?s=96&d=mm&r=g","contentUrl":"https:\/\/secure.gravatar.com\/avatar\/5e6c05150ce3230247d167f5b94d678eb05936197436d69b7921e3a95c9107ac?s=96&d=mm&r=g","caption":"Issouf Tapsoba"},"url":"https:\/\/www.latribunedufaso.net\/?author=5"}]}},"_links":{"self":[{"href":"https:\/\/www.latribunedufaso.net\/index.php?rest_route=\/wp\/v2\/posts\/18522","targetHints":{"allow":["GET"]}}],"collection":[{"href":"https:\/\/www.latribunedufaso.net\/index.php?rest_route=\/wp\/v2\/posts"}],"about":[{"href":"https:\/\/www.latribunedufaso.net\/index.php?rest_route=\/wp\/v2\/types\/post"}],"author":[{"embeddable":true,"href":"https:\/\/www.latribunedufaso.net\/index.php?rest_route=\/wp\/v2\/users\/5"}],"replies":[{"embeddable":true,"href":"https:\/\/www.latribunedufaso.net\/index.php?rest_route=%2Fwp%2Fv2%2Fcomments&post=18522"}],"version-history":[{"count":1,"href":"https:\/\/www.latribunedufaso.net\/index.php?rest_route=\/wp\/v2\/posts\/18522\/revisions"}],"predecessor-version":[{"id":18528,"href":"https:\/\/www.latribunedufaso.net\/index.php?rest_route=\/wp\/v2\/posts\/18522\/revisions\/18528"}],"wp:featuredmedia":[{"embeddable":true,"href":"https:\/\/www.latribunedufaso.net\/index.php?rest_route=\/wp\/v2\/media\/18526"}],"wp:attachment":[{"href":"https:\/\/www.latribunedufaso.net\/index.php?rest_route=%2Fwp%2Fv2%2Fmedia&parent=18522"}],"wp:term":[{"taxonomy":"category","embeddable":true,"href":"https:\/\/www.latribunedufaso.net\/index.php?rest_route=%2Fwp%2Fv2%2Fcategories&post=18522"},{"taxonomy":"post_tag","embeddable":true,"href":"https:\/\/www.latribunedufaso.net\/index.php?rest_route=%2Fwp%2Fv2%2Ftags&post=18522"}],"curies":[{"name":"wp","href":"https:\/\/api.w.org\/{rel}","templated":true}]}}