{"id":18507,"date":"2025-01-31T10:51:44","date_gmt":"2025-01-31T10:51:44","guid":{"rendered":"https:\/\/www.latribunedufaso.net\/?p=18507"},"modified":"2025-03-17T21:07:26","modified_gmt":"2025-03-17T21:07:26","slug":"fespaco-2025-le-ministre-en-charge-de-la-culture-presente-le-comite-dorganisation-a-sa-majeste-le-moogho-naaba-baongo","status":"publish","type":"post","link":"https:\/\/www.latribunedufaso.net\/?p=18507","title":{"rendered":"FESPACO 2025 : Le ministre en charge de la Culture pr\u00e9sente le comit\u00e9 d&rsquo;organisation \u00e0 Sa Majest\u00e9 le Moogho Naaba Baongo"},"content":{"rendered":"<p><strong><span style=\"font-size: 1.0625rem;\">Sa Majest\u00e9 le Moogho Naaba Baongo a re\u00e7u en audience, le 31 janvier 2025 dans son palais \u00e0 Ouagadougou, les membres du comit\u00e9 d&rsquo;organisation de la 29e \u00e9dition du Festival panafricain du cin\u00e9ma et de la t\u00e9l\u00e9vision de Ouagadougou (FESPACO). La d\u00e9l\u00e9gation \u00e9tait conduite par le ministre en charge de la Culture, Gilbert Ou\u00e9draogo.<\/span><\/strong><!--more--><\/p>\n<p>Cette visite intervient \u00e0 3 semaines de la tenue de l&rsquo;\u00e9v\u00e9nement. Elle vise \u00e0 pr\u00e9senter le comit\u00e9 d&rsquo;organisation de la pr\u00e9sente \u00e9dition du FESPACO \u00e0 Sa Majest\u00e9. La visite a \u00e9galement pour but de porter officiellement \u00e0 la connaissance de Sa Majest\u00e9, les informations sur l&rsquo;organisation de l&rsquo;\u00e9v\u00e9nement et de recevoir des b\u00e9n\u00e9dictions.<\/p>\n<p><iframe loading=\"lazy\" width=\"560\" height=\"315\" src=\"https:\/\/www.youtube.com\/embed\/JQSp1Xb0WNA?si=vTyYnldi4FxoM6wt\" title=\"YouTube video player\" frameborder=\"0\" allow=\"accelerometer; autoplay; clipboard-write; encrypted-media; gyroscope; picture-in-picture; web-share\" referrerpolicy=\"strict-origin-when-cross-origin\" allowfullscreen><\/iframe><\/p>\n<p>Nous sortons de cette visite satisfaits et motiv\u00e9s \u00e0 conduire avec succ\u00e8s cette \u00e9dition du FESPACO, a laiss\u00e9 entendre le Pr\u00e9sident du comit\u00e9 d&rsquo;organisation, Fid\u00e8le Tamini. \u00ab Sa Majest\u00e9 nous a prodigu\u00e9 des conseils et fait des b\u00e9n\u00e9dictions en vue d&rsquo;une bonne pr\u00e9paration de l&rsquo;\u00e9v\u00e9nement \u00bb, s&rsquo;est-il r\u00e9joui.<\/p>\n<blockquote>\n<p>Lire aussi &gt;&gt; <a href=\"https:\/\/www.latribunedufaso.net\/?p=18453\">FESPACO 2025 : Une Semaine de la critique pr\u00e9vue pour cette \u00e9dition<\/a><\/p>\n<\/blockquote>\n<p>A 3 semaines de l&rsquo;activit\u00e9, Fid\u00e8le Tamini a \u00e9valu\u00e9 le niveau des pr\u00e9paratifs \u00e0 90%. \u00ab A ce jour, tous les aspects li\u00e9s \u00e0 la planification sont d\u00e9j\u00e0 des grands acquis. Nous sommes entrain de rentrer progressivement dans la phase de d\u00e9ploiement op\u00e9rationnel \u00bb, a-t-il ajout\u00e9.<\/p>\n<p><strong>Issouf TAPSOBA\u00a0<\/strong><\/p>\n<p><strong>latribun<span style=\"font-size: 1.0625rem;\">edufaso.net<\/span><\/strong><\/p>\n","protected":false},"excerpt":{"rendered":"<p>Sa Majest\u00e9 le Moogho Naaba Baongo a re\u00e7u en audience, le 31 janvier 2025 dans son palais \u00e0 Ouagadougou, les membres du comit\u00e9 d&rsquo;organisation de la 29e \u00e9dition du Festival panafricain du cin\u00e9ma et de la t\u00e9l\u00e9vision de Ouagadougou (FESPACO). La d\u00e9l\u00e9gation \u00e9tait conduite par le ministre en charge de la Culture, Gilbert Ou\u00e9draogo.<\/p>\n","protected":false},"author":5,"featured_media":18509,"comment_status":"open","ping_status":"open","sticky":false,"template":"","format":"standard","meta":{"footnotes":""},"categories":[13,1,30],"tags":[43,39],"class_list":["post-18507","post","type-post","status-publish","format-standard","has-post-thumbnail","hentry","category-une","category-actu","category-art-et-culture","tag-fespaco-2025","tag-latribunedufaso-net"],"yoast_head":"<!-- This site is optimized with the Yoast SEO plugin v27.5 - https:\/\/yoast.com\/product\/yoast-seo-wordpress\/ -->\n<title>FESPACO 2025 : Le ministre en charge de la Culture pr\u00e9sente le comit\u00e9 d&#039;organisation \u00e0 Sa Majest\u00e9 le Moogho Naaba Baongo - La Tribune du Faso<\/title>\n<meta name=\"robots\" content=\"index, follow, max-snippet:-1, max-image-preview:large, max-video-preview:-1\" \/>\n<link rel=\"canonical\" href=\"https:\/\/www.latribunedufaso.net\/?p=18507\" \/>\n<meta property=\"og:locale\" content=\"fr_FR\" \/>\n<meta property=\"og:type\" content=\"article\" \/>\n<meta property=\"og:title\" content=\"FESPACO 2025 : Le ministre en charge de la Culture pr\u00e9sente le comit\u00e9 d&#039;organisation \u00e0 Sa Majest\u00e9 le Moogho Naaba Baongo - La Tribune du Faso\" \/>\n<meta property=\"og:description\" content=\"Sa Majest\u00e9 le Moogho Naaba Baongo a re\u00e7u en audience, le 31 janvier 2025 dans son palais \u00e0 Ouagadougou, les membres du comit\u00e9 d&rsquo;organisation de la 29e \u00e9dition du Festival panafricain du cin\u00e9ma et de la t\u00e9l\u00e9vision de Ouagadougou (FESPACO). La d\u00e9l\u00e9gation \u00e9tait conduite par le ministre en charge de la Culture, Gilbert Ou\u00e9draogo.\" \/>\n<meta property=\"og:url\" content=\"https:\/\/www.latribunedufaso.net\/?p=18507\" \/>\n<meta property=\"og:site_name\" content=\"La Tribune du Faso\" \/>\n<meta property=\"article:publisher\" content=\"https:\/\/www.facebook.com\/LatribuneduFaso\/\" \/>\n<meta property=\"article:published_time\" content=\"2025-01-31T10:51:44+00:00\" \/>\n<meta property=\"article:modified_time\" content=\"2025-03-17T21:07:26+00:00\" \/>\n<meta property=\"og:image\" content=\"https:\/\/www.latribunedufaso.net\/wp-content\/uploads\/2025\/01\/IMG-20250131-WA0023.jpg\" \/>\n\t<meta property=\"og:image:width\" content=\"1080\" \/>\n\t<meta property=\"og:image:height\" content=\"607\" \/>\n\t<meta property=\"og:image:type\" content=\"image\/jpeg\" \/>\n<meta name=\"author\" content=\"Issouf Tapsoba\" \/>\n<meta name=\"twitter:label1\" content=\"\u00c9crit par\" \/>\n\t<meta name=\"twitter:data1\" content=\"Issouf Tapsoba\" \/>\n\t<meta name=\"twitter:label2\" content=\"Dur\u00e9e de lecture estim\u00e9e\" \/>\n\t<meta name=\"twitter:data2\" content=\"1 minute\" \/>\n<script type=\"application\/ld+json\" class=\"yoast-schema-graph\">{\"@context\":\"https:\\\/\\\/schema.org\",\"@graph\":[{\"@type\":\"Article\",\"@id\":\"https:\\\/\\\/www.latribunedufaso.net\\\/?p=18507#article\",\"isPartOf\":{\"@id\":\"https:\\\/\\\/www.latribunedufaso.net\\\/?p=18507\"},\"author\":{\"name\":\"Issouf Tapsoba\",\"@id\":\"https:\\\/\\\/www.latribunedufaso.net\\\/#\\\/schema\\\/person\\\/e54e64c5778a7e72cf80a318b7a622b0\"},\"headline\":\"FESPACO 2025 : Le ministre en charge de la Culture pr\u00e9sente le comit\u00e9 d&rsquo;organisation \u00e0 Sa Majest\u00e9 le Moogho Naaba Baongo\",\"datePublished\":\"2025-01-31T10:51:44+00:00\",\"dateModified\":\"2025-03-17T21:07:26+00:00\",\"mainEntityOfPage\":{\"@id\":\"https:\\\/\\\/www.latribunedufaso.net\\\/?p=18507\"},\"wordCount\":261,\"commentCount\":0,\"publisher\":{\"@id\":\"https:\\\/\\\/www.latribunedufaso.net\\\/#organization\"},\"image\":{\"@id\":\"https:\\\/\\\/www.latribunedufaso.net\\\/?p=18507#primaryimage\"},\"thumbnailUrl\":\"https:\\\/\\\/www.latribunedufaso.net\\\/wp-content\\\/uploads\\\/2025\\\/01\\\/IMG-20250131-WA0023.jpg\",\"keywords\":[\"FESPACO 2025\",\"latribunedufaso.net\"],\"articleSection\":[\"A la une\",\"Actualit\u00e9\",\"Art et Culture\"],\"inLanguage\":\"fr-FR\",\"potentialAction\":[{\"@type\":\"CommentAction\",\"name\":\"Comment\",\"target\":[\"https:\\\/\\\/www.latribunedufaso.net\\\/?p=18507#respond\"]}]},{\"@type\":\"WebPage\",\"@id\":\"https:\\\/\\\/www.latribunedufaso.net\\\/?p=18507\",\"url\":\"https:\\\/\\\/www.latribunedufaso.net\\\/?p=18507\",\"name\":\"FESPACO 2025 : Le ministre en charge de la Culture pr\u00e9sente le comit\u00e9 d'organisation \u00e0 Sa Majest\u00e9 le Moogho Naaba Baongo - La Tribune du Faso\",\"isPartOf\":{\"@id\":\"https:\\\/\\\/www.latribunedufaso.net\\\/#website\"},\"primaryImageOfPage\":{\"@id\":\"https:\\\/\\\/www.latribunedufaso.net\\\/?p=18507#primaryimage\"},\"image\":{\"@id\":\"https:\\\/\\\/www.latribunedufaso.net\\\/?p=18507#primaryimage\"},\"thumbnailUrl\":\"https:\\\/\\\/www.latribunedufaso.net\\\/wp-content\\\/uploads\\\/2025\\\/01\\\/IMG-20250131-WA0023.jpg\",\"datePublished\":\"2025-01-31T10:51:44+00:00\",\"dateModified\":\"2025-03-17T21:07:26+00:00\",\"breadcrumb\":{\"@id\":\"https:\\\/\\\/www.latribunedufaso.net\\\/?p=18507#breadcrumb\"},\"inLanguage\":\"fr-FR\",\"potentialAction\":[{\"@type\":\"ReadAction\",\"target\":[\"https:\\\/\\\/www.latribunedufaso.net\\\/?p=18507\"]}]},{\"@type\":\"ImageObject\",\"inLanguage\":\"fr-FR\",\"@id\":\"https:\\\/\\\/www.latribunedufaso.net\\\/?p=18507#primaryimage\",\"url\":\"https:\\\/\\\/www.latribunedufaso.net\\\/wp-content\\\/uploads\\\/2025\\\/01\\\/IMG-20250131-WA0023.jpg\",\"contentUrl\":\"https:\\\/\\\/www.latribunedufaso.net\\\/wp-content\\\/uploads\\\/2025\\\/01\\\/IMG-20250131-WA0023.jpg\",\"width\":1080,\"height\":607,\"caption\":\"Sa Majest\u00e9 le Moogho Naaba Baongo a re\u00e7u en audience une d\u00e9l\u00e9gation du comit\u00e9 d'organisation du FESPACO 2025, conduite par le ministre en charge de la Culture, 31 janvier 2025\"},{\"@type\":\"BreadcrumbList\",\"@id\":\"https:\\\/\\\/www.latribunedufaso.net\\\/?p=18507#breadcrumb\",\"itemListElement\":[{\"@type\":\"ListItem\",\"position\":1,\"name\":\"Accueil\",\"item\":\"https:\\\/\\\/www.latribunedufaso.net\\\/\"},{\"@type\":\"ListItem\",\"position\":2,\"name\":\"FESPACO 2025 : Le ministre en charge de la Culture pr\u00e9sente le comit\u00e9 d&rsquo;organisation \u00e0 Sa Majest\u00e9 le Moogho Naaba Baongo\"}]},{\"@type\":\"WebSite\",\"@id\":\"https:\\\/\\\/www.latribunedufaso.net\\\/#website\",\"url\":\"https:\\\/\\\/www.latribunedufaso.net\\\/\",\"name\":\"La Tribune du Faso\",\"description\":\"L&#039;information du monde rural en un clic\",\"publisher\":{\"@id\":\"https:\\\/\\\/www.latribunedufaso.net\\\/#organization\"},\"potentialAction\":[{\"@type\":\"SearchAction\",\"target\":{\"@type\":\"EntryPoint\",\"urlTemplate\":\"https:\\\/\\\/www.latribunedufaso.net\\\/?s={search_term_string}\"},\"query-input\":{\"@type\":\"PropertyValueSpecification\",\"valueRequired\":true,\"valueName\":\"search_term_string\"}}],\"inLanguage\":\"fr-FR\"},{\"@type\":\"Organization\",\"@id\":\"https:\\\/\\\/www.latribunedufaso.net\\\/#organization\",\"name\":\"La Tribune du Faso\",\"url\":\"https:\\\/\\\/www.latribunedufaso.net\\\/\",\"logo\":{\"@type\":\"ImageObject\",\"inLanguage\":\"fr-FR\",\"@id\":\"https:\\\/\\\/www.latribunedufaso.net\\\/#\\\/schema\\\/logo\\\/image\\\/\",\"url\":\"https:\\\/\\\/www.latribunedufaso.net\\\/wp-content\\\/uploads\\\/2020\\\/08\\\/Logo-Tribune-du-Faso-final-scaled.jpg\",\"contentUrl\":\"https:\\\/\\\/www.latribunedufaso.net\\\/wp-content\\\/uploads\\\/2020\\\/08\\\/Logo-Tribune-du-Faso-final-scaled.jpg\",\"width\":2560,\"height\":1856,\"caption\":\"La Tribune du Faso\"},\"image\":{\"@id\":\"https:\\\/\\\/www.latribunedufaso.net\\\/#\\\/schema\\\/logo\\\/image\\\/\"},\"sameAs\":[\"https:\\\/\\\/www.facebook.com\\\/LatribuneduFaso\\\/\"]},{\"@type\":\"Person\",\"@id\":\"https:\\\/\\\/www.latribunedufaso.net\\\/#\\\/schema\\\/person\\\/e54e64c5778a7e72cf80a318b7a622b0\",\"name\":\"Issouf Tapsoba\",\"image\":{\"@type\":\"ImageObject\",\"inLanguage\":\"fr-FR\",\"@id\":\"https:\\\/\\\/secure.gravatar.com\\\/avatar\\\/5e6c05150ce3230247d167f5b94d678eb05936197436d69b7921e3a95c9107ac?s=96&d=mm&r=g\",\"url\":\"https:\\\/\\\/secure.gravatar.com\\\/avatar\\\/5e6c05150ce3230247d167f5b94d678eb05936197436d69b7921e3a95c9107ac?s=96&d=mm&r=g\",\"contentUrl\":\"https:\\\/\\\/secure.gravatar.com\\\/avatar\\\/5e6c05150ce3230247d167f5b94d678eb05936197436d69b7921e3a95c9107ac?s=96&d=mm&r=g\",\"caption\":\"Issouf Tapsoba\"},\"url\":\"https:\\\/\\\/www.latribunedufaso.net\\\/?author=5\"}]}<\/script>\n<!-- \/ Yoast SEO plugin. -->","yoast_head_json":{"title":"FESPACO 2025 : Le ministre en charge de la Culture pr\u00e9sente le comit\u00e9 d'organisation \u00e0 Sa Majest\u00e9 le Moogho Naaba Baongo - La Tribune du Faso","robots":{"index":"index","follow":"follow","max-snippet":"max-snippet:-1","max-image-preview":"max-image-preview:large","max-video-preview":"max-video-preview:-1"},"canonical":"https:\/\/www.latribunedufaso.net\/?p=18507","og_locale":"fr_FR","og_type":"article","og_title":"FESPACO 2025 : Le ministre en charge de la Culture pr\u00e9sente le comit\u00e9 d'organisation \u00e0 Sa Majest\u00e9 le Moogho Naaba Baongo - La Tribune du Faso","og_description":"Sa Majest\u00e9 le Moogho Naaba Baongo a re\u00e7u en audience, le 31 janvier 2025 dans son palais \u00e0 Ouagadougou, les membres du comit\u00e9 d&rsquo;organisation de la 29e \u00e9dition du Festival panafricain du cin\u00e9ma et de la t\u00e9l\u00e9vision de Ouagadougou (FESPACO). La d\u00e9l\u00e9gation \u00e9tait conduite par le ministre en charge de la Culture, Gilbert Ou\u00e9draogo.","og_url":"https:\/\/www.latribunedufaso.net\/?p=18507","og_site_name":"La Tribune du Faso","article_publisher":"https:\/\/www.facebook.com\/LatribuneduFaso\/","article_published_time":"2025-01-31T10:51:44+00:00","article_modified_time":"2025-03-17T21:07:26+00:00","og_image":[{"width":1080,"height":607,"url":"https:\/\/www.latribunedufaso.net\/wp-content\/uploads\/2025\/01\/IMG-20250131-WA0023.jpg","type":"image\/jpeg"}],"author":"Issouf Tapsoba","twitter_misc":{"\u00c9crit par":"Issouf Tapsoba","Dur\u00e9e de lecture estim\u00e9e":"1 minute"},"schema":{"@context":"https:\/\/schema.org","@graph":[{"@type":"Article","@id":"https:\/\/www.latribunedufaso.net\/?p=18507#article","isPartOf":{"@id":"https:\/\/www.latribunedufaso.net\/?p=18507"},"author":{"name":"Issouf Tapsoba","@id":"https:\/\/www.latribunedufaso.net\/#\/schema\/person\/e54e64c5778a7e72cf80a318b7a622b0"},"headline":"FESPACO 2025 : Le ministre en charge de la Culture pr\u00e9sente le comit\u00e9 d&rsquo;organisation \u00e0 Sa Majest\u00e9 le Moogho Naaba Baongo","datePublished":"2025-01-31T10:51:44+00:00","dateModified":"2025-03-17T21:07:26+00:00","mainEntityOfPage":{"@id":"https:\/\/www.latribunedufaso.net\/?p=18507"},"wordCount":261,"commentCount":0,"publisher":{"@id":"https:\/\/www.latribunedufaso.net\/#organization"},"image":{"@id":"https:\/\/www.latribunedufaso.net\/?p=18507#primaryimage"},"thumbnailUrl":"https:\/\/www.latribunedufaso.net\/wp-content\/uploads\/2025\/01\/IMG-20250131-WA0023.jpg","keywords":["FESPACO 2025","latribunedufaso.net"],"articleSection":["A la une","Actualit\u00e9","Art et Culture"],"inLanguage":"fr-FR","potentialAction":[{"@type":"CommentAction","name":"Comment","target":["https:\/\/www.latribunedufaso.net\/?p=18507#respond"]}]},{"@type":"WebPage","@id":"https:\/\/www.latribunedufaso.net\/?p=18507","url":"https:\/\/www.latribunedufaso.net\/?p=18507","name":"FESPACO 2025 : Le ministre en charge de la Culture pr\u00e9sente le comit\u00e9 d'organisation \u00e0 Sa Majest\u00e9 le Moogho Naaba Baongo - La Tribune du Faso","isPartOf":{"@id":"https:\/\/www.latribunedufaso.net\/#website"},"primaryImageOfPage":{"@id":"https:\/\/www.latribunedufaso.net\/?p=18507#primaryimage"},"image":{"@id":"https:\/\/www.latribunedufaso.net\/?p=18507#primaryimage"},"thumbnailUrl":"https:\/\/www.latribunedufaso.net\/wp-content\/uploads\/2025\/01\/IMG-20250131-WA0023.jpg","datePublished":"2025-01-31T10:51:44+00:00","dateModified":"2025-03-17T21:07:26+00:00","breadcrumb":{"@id":"https:\/\/www.latribunedufaso.net\/?p=18507#breadcrumb"},"inLanguage":"fr-FR","potentialAction":[{"@type":"ReadAction","target":["https:\/\/www.latribunedufaso.net\/?p=18507"]}]},{"@type":"ImageObject","inLanguage":"fr-FR","@id":"https:\/\/www.latribunedufaso.net\/?p=18507#primaryimage","url":"https:\/\/www.latribunedufaso.net\/wp-content\/uploads\/2025\/01\/IMG-20250131-WA0023.jpg","contentUrl":"https:\/\/www.latribunedufaso.net\/wp-content\/uploads\/2025\/01\/IMG-20250131-WA0023.jpg","width":1080,"height":607,"caption":"Sa Majest\u00e9 le Moogho Naaba Baongo a re\u00e7u en audience une d\u00e9l\u00e9gation du comit\u00e9 d'organisation du FESPACO 2025, conduite par le ministre en charge de la Culture, 31 janvier 2025"},{"@type":"BreadcrumbList","@id":"https:\/\/www.latribunedufaso.net\/?p=18507#breadcrumb","itemListElement":[{"@type":"ListItem","position":1,"name":"Accueil","item":"https:\/\/www.latribunedufaso.net\/"},{"@type":"ListItem","position":2,"name":"FESPACO 2025 : Le ministre en charge de la Culture pr\u00e9sente le comit\u00e9 d&rsquo;organisation \u00e0 Sa Majest\u00e9 le Moogho Naaba Baongo"}]},{"@type":"WebSite","@id":"https:\/\/www.latribunedufaso.net\/#website","url":"https:\/\/www.latribunedufaso.net\/","name":"La Tribune du Faso","description":"L&#039;information du monde rural en un clic","publisher":{"@id":"https:\/\/www.latribunedufaso.net\/#organization"},"potentialAction":[{"@type":"SearchAction","target":{"@type":"EntryPoint","urlTemplate":"https:\/\/www.latribunedufaso.net\/?s={search_term_string}"},"query-input":{"@type":"PropertyValueSpecification","valueRequired":true,"valueName":"search_term_string"}}],"inLanguage":"fr-FR"},{"@type":"Organization","@id":"https:\/\/www.latribunedufaso.net\/#organization","name":"La Tribune du Faso","url":"https:\/\/www.latribunedufaso.net\/","logo":{"@type":"ImageObject","inLanguage":"fr-FR","@id":"https:\/\/www.latribunedufaso.net\/#\/schema\/logo\/image\/","url":"https:\/\/www.latribunedufaso.net\/wp-content\/uploads\/2020\/08\/Logo-Tribune-du-Faso-final-scaled.jpg","contentUrl":"https:\/\/www.latribunedufaso.net\/wp-content\/uploads\/2020\/08\/Logo-Tribune-du-Faso-final-scaled.jpg","width":2560,"height":1856,"caption":"La Tribune du Faso"},"image":{"@id":"https:\/\/www.latribunedufaso.net\/#\/schema\/logo\/image\/"},"sameAs":["https:\/\/www.facebook.com\/LatribuneduFaso\/"]},{"@type":"Person","@id":"https:\/\/www.latribunedufaso.net\/#\/schema\/person\/e54e64c5778a7e72cf80a318b7a622b0","name":"Issouf Tapsoba","image":{"@type":"ImageObject","inLanguage":"fr-FR","@id":"https:\/\/secure.gravatar.com\/avatar\/5e6c05150ce3230247d167f5b94d678eb05936197436d69b7921e3a95c9107ac?s=96&d=mm&r=g","url":"https:\/\/secure.gravatar.com\/avatar\/5e6c05150ce3230247d167f5b94d678eb05936197436d69b7921e3a95c9107ac?s=96&d=mm&r=g","contentUrl":"https:\/\/secure.gravatar.com\/avatar\/5e6c05150ce3230247d167f5b94d678eb05936197436d69b7921e3a95c9107ac?s=96&d=mm&r=g","caption":"Issouf Tapsoba"},"url":"https:\/\/www.latribunedufaso.net\/?author=5"}]}},"_links":{"self":[{"href":"https:\/\/www.latribunedufaso.net\/index.php?rest_route=\/wp\/v2\/posts\/18507","targetHints":{"allow":["GET"]}}],"collection":[{"href":"https:\/\/www.latribunedufaso.net\/index.php?rest_route=\/wp\/v2\/posts"}],"about":[{"href":"https:\/\/www.latribunedufaso.net\/index.php?rest_route=\/wp\/v2\/types\/post"}],"author":[{"embeddable":true,"href":"https:\/\/www.latribunedufaso.net\/index.php?rest_route=\/wp\/v2\/users\/5"}],"replies":[{"embeddable":true,"href":"https:\/\/www.latribunedufaso.net\/index.php?rest_route=%2Fwp%2Fv2%2Fcomments&post=18507"}],"version-history":[{"count":4,"href":"https:\/\/www.latribunedufaso.net\/index.php?rest_route=\/wp\/v2\/posts\/18507\/revisions"}],"predecessor-version":[{"id":19479,"href":"https:\/\/www.latribunedufaso.net\/index.php?rest_route=\/wp\/v2\/posts\/18507\/revisions\/19479"}],"wp:featuredmedia":[{"embeddable":true,"href":"https:\/\/www.latribunedufaso.net\/index.php?rest_route=\/wp\/v2\/media\/18509"}],"wp:attachment":[{"href":"https:\/\/www.latribunedufaso.net\/index.php?rest_route=%2Fwp%2Fv2%2Fmedia&parent=18507"}],"wp:term":[{"taxonomy":"category","embeddable":true,"href":"https:\/\/www.latribunedufaso.net\/index.php?rest_route=%2Fwp%2Fv2%2Fcategories&post=18507"},{"taxonomy":"post_tag","embeddable":true,"href":"https:\/\/www.latribunedufaso.net\/index.php?rest_route=%2Fwp%2Fv2%2Ftags&post=18507"}],"curies":[{"name":"wp","href":"https:\/\/api.w.org\/{rel}","templated":true}]}}