{"id":18468,"date":"2025-01-29T16:09:36","date_gmt":"2025-01-29T16:09:36","guid":{"rendered":"https:\/\/www.latribunedufaso.net\/?p=18468"},"modified":"2025-03-17T21:00:33","modified_gmt":"2025-03-17T21:00:33","slug":"waabo-2025-venez-vivres-deux-jours-de-festivites-culturelles-au-musee-national","status":"publish","type":"post","link":"https:\/\/www.latribunedufaso.net\/?p=18468","title":{"rendered":"WAABO 2025 : Venez vivres deux jours de festivit\u00e9s culturelles au Mus\u00e9e National\u00a0"},"content":{"rendered":"<p><strong><span style=\"font-size: 1.0625rem;\">Du 1er au 2 f\u00e9vrier 2025, le mus\u00e9e national accueillera un \u00e9v\u00e9nement culturel d\u00e9nomm\u00e9 <\/span><em style=\"font-size: 1.0625rem;\">\u00ab WAABO \u00bb<\/em><span style=\"font-size: 1.0625rem;\">. Organis\u00e9 par le responsable de l&rsquo;agence \u00e9v\u00e9nementiel et de communication <\/span><em style=\"font-size: 1.0625rem;\">\u00ab Pro Communication \u00bb<\/em><span style=\"font-size: 1.0625rem;\">, Abdoul Aziz Tiemtor\u00e9, <\/span><em style=\"font-size: 1.0625rem;\">\u00ab WAABO \u00bb<\/em><span style=\"font-size: 1.0625rem;\"> se veut une c\u00e9l\u00e9bration des valeurs locales \u00e0 travers des activit\u00e9s diverses et une ambiance festive. Afin d\u2019avoir les d\u00e9tails et informations cl\u00e9s concernant la 1\u00e8re \u00e9dition de cette manifestation suscitant l\u2019engouement des burkinab\u00e8, une \u00e9quipe de latribunedufaso.net est all\u00e9e \u00e0 la rencontre du promoteur dudit \u00e9v\u00e9nement.\u00a0<\/span><\/strong><!--more--><\/p>\n<p>Selon Abdoul Aziz Tiemtor\u00e9, promoteur de l\u2019\u00e9v\u00e9nement et responsable de l&rsquo;agence Pro Communication <em><strong>\u00ab WAABO signifie \u00a0\u00bb Viens \u00a0\u00bb en moor\u00e9, mais dans notre esprit, c\u2019est viens d\u00e9couvrir le Burkina Faso dans son enti\u00e8ret\u00e9 \u00bb<\/strong><\/em>, a-t-il expliqu\u00e9. Il s\u2019agit d\u2019un appel \u00e0 la population, notamment \u00e0 la jeunesse, \u00e0 valoriser tout ce qui fait la richesse culturelle du pays ( musique, mode, danse, art culinaire, et bien plus encore).<\/p>\n<p>Parmi les activit\u00e9s phares, <em><strong>\u00ab WAABO acad\u00e9mie \u00bb<\/strong><\/em> se distingue, avec des panels sur des sujets comme la valorisation des instruments locaux de musique, l\u2019art culinaire et l\u2019importance de consommer local. Des discussions sur la cr\u00e9ation de contenu et l\u2019industrie culturelle seront \u00e9galement au programme, offrant aux jeunes les outils n\u00e9cessaires pour mieux r\u00e9ussir leur projet gr\u00e2ce aux partenaires.<\/p>\n<figure id=\"attachment_18470\" aria-describedby=\"caption-attachment-18470\" style=\"width: 2560px\" class=\"wp-caption aligncenter\"><a href=\"https:\/\/www.latribunedufaso.net\/wp-content\/uploads\/2025\/01\/IMG-20250129-WA0013.jpg\"><img loading=\"lazy\" decoding=\"async\" class=\"size-full wp-image-18470\" src=\"https:\/\/www.latribunedufaso.net\/wp-content\/uploads\/2025\/01\/IMG-20250129-WA0013.jpg\" alt=\"Entretien avec Abdoul Aziz Tiemtor\u00e9, responsable de l'agence Pro Communication et promoteur du festival Waabo, 28 janvier 2025\" width=\"2560\" height=\"1440\" srcset=\"https:\/\/www.latribunedufaso.net\/wp-content\/uploads\/2025\/01\/IMG-20250129-WA0013.jpg 2560w, https:\/\/www.latribunedufaso.net\/wp-content\/uploads\/2025\/01\/IMG-20250129-WA0013-300x169.jpg 300w, https:\/\/www.latribunedufaso.net\/wp-content\/uploads\/2025\/01\/IMG-20250129-WA0013-1024x576.jpg 1024w, https:\/\/www.latribunedufaso.net\/wp-content\/uploads\/2025\/01\/IMG-20250129-WA0013-768x432.jpg 768w, https:\/\/www.latribunedufaso.net\/wp-content\/uploads\/2025\/01\/IMG-20250129-WA0013-1536x864.jpg 1536w, https:\/\/www.latribunedufaso.net\/wp-content\/uploads\/2025\/01\/IMG-20250129-WA0013-2048x1152.jpg 2048w\" sizes=\"auto, (max-width: 2560px) 100vw, 2560px\" \/><\/a><figcaption id=\"caption-attachment-18470\" class=\"wp-caption-text\">Le promoteur du festival WAABO, Abdoul Aziz Tiemtor\u00e9 &#8211; Ph. N. Ouattara<\/figcaption><\/figure>\n<p>WAABO, c\u2019est aussi une <em><strong>\u00ab waabo reem \u00bb<\/strong><\/em>, une rue marchande d\u00e9di\u00e9e aux expositions d\u2019\u0153uvres d\u2019art, \u00e0 la gastronomie locale, aux boissons traditionnelles et \u00e0 un espace r\u00e9serv\u00e9 aux enfants.<em><strong> \u00ab Nous allons initier les plus jeunes \u00e0 l\u2019utilisation des instruments de musique, leur faire d\u00e9couvrir des jeux modernes et traditionnels de l\u2019\u00e9poque ancienne. Des vieilles personnes seront l\u00e0 \u00e9galement pour leur raconter des contes et l\u2019histoire du Burkina Faso \u00bb<\/strong><\/em>, a pr\u00e9cis\u00e9 le promoteur, Abdoul Aziz Tiemtor\u00e9.\u00a0<\/p>\n<p>En soir\u00e9e, entre 15h et 20h, la <em><strong>\u00ab sc\u00e8ne-off \u00bb<\/strong><\/em> prendra le relais avec des comp\u00e9titions de danse, de mix DJ, et des performances artistiques. Et enfin pour couronner le tout, des concerts gratuits avec des artistes de renom tels que Floby, Djeli Karim, Tanya, et bien d\u2019autres se d\u00e9rouleront \u00e0 <em><strong>\u00ab Waabo espace \u00bb.<\/strong><\/em><\/p>\n<p><iframe loading=\"lazy\" width=\"560\" height=\"315\" src=\"https:\/\/www.youtube.com\/embed\/Ug0e0upP8zc?si=e3F5kHOfzr1yq-Fw\" title=\"YouTube video player\" frameborder=\"0\" allow=\"accelerometer; autoplay; clipboard-write; encrypted-media; gyroscope; picture-in-picture; web-share\" referrerpolicy=\"strict-origin-when-cross-origin\" allowfullscreen><\/iframe><\/p>\n<p>Le promoteur de la 1\u00e8re \u00e9dition de WAABO, Abdoul Aziz Tiemtor\u00e9, invite la population \u00e0 participer activement du 1er au 2 f\u00e9vrier 2025 au Mus\u00e9e national du Burkina \u00e0 cet \u00e9v\u00e9nement, en portant des tenues traditionnelles ou tradi-modernes, dans l\u2019esprit m\u00eame de <em><strong>\u00ab WAABO \u00bb<\/strong><\/em> dont l\u2019entr\u00e9e est gratuite.<\/p>\n<p><strong>Nabintou OUATTARA\u00a0<\/strong><\/p>\n<p><strong><span style=\"font-size: 1.0625rem;\">latribunedufaso.<\/span><span style=\"font-size: 1.0625rem;\">net\u00a0<\/span><\/strong><\/p>\n","protected":false},"excerpt":{"rendered":"<p>Du 1er au 2 f\u00e9vrier 2025, le mus\u00e9e national accueillera un \u00e9v\u00e9nement culturel d\u00e9nomm\u00e9 \u00ab WAABO \u00bb. Organis\u00e9 par le responsable de l&rsquo;agence \u00e9v\u00e9nementiel et de communication \u00ab Pro Communication \u00bb, Abdoul Aziz Tiemtor\u00e9, \u00ab WAABO \u00bb se veut une c\u00e9l\u00e9bration des valeurs locales \u00e0 travers des activit\u00e9s diverses et une ambiance festive. Afin d\u2019avoir les d\u00e9tails et informations cl\u00e9s concernant la 1\u00e8re \u00e9dition de cette manifestation suscitant l\u2019engouement des burkinab\u00e8, une \u00e9quipe de latribunedufaso.net est all\u00e9e \u00e0 la rencontre du promoteur dudit \u00e9v\u00e9nement.\u00a0<\/p>\n","protected":false},"author":5,"featured_media":18470,"comment_status":"open","ping_status":"open","sticky":false,"template":"","format":"standard","meta":{"footnotes":""},"categories":[13,1,30],"tags":[137,660,39],"class_list":["post-18468","post","type-post","status-publish","format-standard","has-post-thumbnail","hentry","category-une","category-actu","category-art-et-culture","tag-culture","tag-festival-waabo","tag-latribunedufaso-net"],"yoast_head":"<!-- This site is optimized with the Yoast SEO plugin v27.5 - https:\/\/yoast.com\/product\/yoast-seo-wordpress\/ -->\n<title>WAABO 2025 : Venez vivres deux jours de festivit\u00e9s culturelles au Mus\u00e9e National\u00a0 - La Tribune du Faso<\/title>\n<meta name=\"robots\" content=\"index, follow, max-snippet:-1, max-image-preview:large, max-video-preview:-1\" \/>\n<link rel=\"canonical\" href=\"https:\/\/www.latribunedufaso.net\/?p=18468\" \/>\n<meta property=\"og:locale\" content=\"fr_FR\" \/>\n<meta property=\"og:type\" content=\"article\" \/>\n<meta property=\"og:title\" content=\"WAABO 2025 : Venez vivres deux jours de festivit\u00e9s culturelles au Mus\u00e9e National\u00a0 - La Tribune du Faso\" \/>\n<meta property=\"og:description\" content=\"Du 1er au 2 f\u00e9vrier 2025, le mus\u00e9e national accueillera un \u00e9v\u00e9nement culturel d\u00e9nomm\u00e9 \u00ab WAABO \u00bb. Organis\u00e9 par le responsable de l&rsquo;agence \u00e9v\u00e9nementiel et de communication \u00ab Pro Communication \u00bb, Abdoul Aziz Tiemtor\u00e9, \u00ab WAABO \u00bb se veut une c\u00e9l\u00e9bration des valeurs locales \u00e0 travers des activit\u00e9s diverses et une ambiance festive. Afin d\u2019avoir les d\u00e9tails et informations cl\u00e9s concernant la 1\u00e8re \u00e9dition de cette manifestation suscitant l\u2019engouement des burkinab\u00e8, une \u00e9quipe de latribunedufaso.net est all\u00e9e \u00e0 la rencontre du promoteur dudit \u00e9v\u00e9nement.\u00a0\" \/>\n<meta property=\"og:url\" content=\"https:\/\/www.latribunedufaso.net\/?p=18468\" \/>\n<meta property=\"og:site_name\" content=\"La Tribune du Faso\" \/>\n<meta property=\"article:publisher\" content=\"https:\/\/www.facebook.com\/LatribuneduFaso\/\" \/>\n<meta property=\"article:published_time\" content=\"2025-01-29T16:09:36+00:00\" \/>\n<meta property=\"article:modified_time\" content=\"2025-03-17T21:00:33+00:00\" \/>\n<meta property=\"og:image\" content=\"https:\/\/www.latribunedufaso.net\/wp-content\/uploads\/2025\/01\/IMG-20250129-WA0013.jpg\" \/>\n\t<meta property=\"og:image:width\" content=\"2560\" \/>\n\t<meta property=\"og:image:height\" content=\"1440\" \/>\n\t<meta property=\"og:image:type\" content=\"image\/jpeg\" \/>\n<meta name=\"author\" content=\"Issouf Tapsoba\" \/>\n<meta name=\"twitter:label1\" content=\"\u00c9crit par\" \/>\n\t<meta name=\"twitter:data1\" content=\"Issouf Tapsoba\" \/>\n\t<meta name=\"twitter:label2\" content=\"Dur\u00e9e de lecture estim\u00e9e\" \/>\n\t<meta name=\"twitter:data2\" content=\"2 minutes\" \/>\n<script type=\"application\/ld+json\" class=\"yoast-schema-graph\">{\"@context\":\"https:\\\/\\\/schema.org\",\"@graph\":[{\"@type\":\"Article\",\"@id\":\"https:\\\/\\\/www.latribunedufaso.net\\\/?p=18468#article\",\"isPartOf\":{\"@id\":\"https:\\\/\\\/www.latribunedufaso.net\\\/?p=18468\"},\"author\":{\"name\":\"Issouf Tapsoba\",\"@id\":\"https:\\\/\\\/www.latribunedufaso.net\\\/#\\\/schema\\\/person\\\/e54e64c5778a7e72cf80a318b7a622b0\"},\"headline\":\"WAABO 2025 : Venez vivres deux jours de festivit\u00e9s culturelles au Mus\u00e9e National\u00a0\",\"datePublished\":\"2025-01-29T16:09:36+00:00\",\"dateModified\":\"2025-03-17T21:00:33+00:00\",\"mainEntityOfPage\":{\"@id\":\"https:\\\/\\\/www.latribunedufaso.net\\\/?p=18468\"},\"wordCount\":448,\"commentCount\":0,\"publisher\":{\"@id\":\"https:\\\/\\\/www.latribunedufaso.net\\\/#organization\"},\"image\":{\"@id\":\"https:\\\/\\\/www.latribunedufaso.net\\\/?p=18468#primaryimage\"},\"thumbnailUrl\":\"https:\\\/\\\/www.latribunedufaso.net\\\/wp-content\\\/uploads\\\/2025\\\/01\\\/IMG-20250129-WA0013.jpg\",\"keywords\":[\"culture\",\"Festival Waabo\",\"latribunedufaso.net\"],\"articleSection\":[\"A la une\",\"Actualit\u00e9\",\"Art et Culture\"],\"inLanguage\":\"fr-FR\",\"potentialAction\":[{\"@type\":\"CommentAction\",\"name\":\"Comment\",\"target\":[\"https:\\\/\\\/www.latribunedufaso.net\\\/?p=18468#respond\"]}]},{\"@type\":\"WebPage\",\"@id\":\"https:\\\/\\\/www.latribunedufaso.net\\\/?p=18468\",\"url\":\"https:\\\/\\\/www.latribunedufaso.net\\\/?p=18468\",\"name\":\"WAABO 2025 : Venez vivres deux jours de festivit\u00e9s culturelles au Mus\u00e9e National\u00a0 - La Tribune du Faso\",\"isPartOf\":{\"@id\":\"https:\\\/\\\/www.latribunedufaso.net\\\/#website\"},\"primaryImageOfPage\":{\"@id\":\"https:\\\/\\\/www.latribunedufaso.net\\\/?p=18468#primaryimage\"},\"image\":{\"@id\":\"https:\\\/\\\/www.latribunedufaso.net\\\/?p=18468#primaryimage\"},\"thumbnailUrl\":\"https:\\\/\\\/www.latribunedufaso.net\\\/wp-content\\\/uploads\\\/2025\\\/01\\\/IMG-20250129-WA0013.jpg\",\"datePublished\":\"2025-01-29T16:09:36+00:00\",\"dateModified\":\"2025-03-17T21:00:33+00:00\",\"breadcrumb\":{\"@id\":\"https:\\\/\\\/www.latribunedufaso.net\\\/?p=18468#breadcrumb\"},\"inLanguage\":\"fr-FR\",\"potentialAction\":[{\"@type\":\"ReadAction\",\"target\":[\"https:\\\/\\\/www.latribunedufaso.net\\\/?p=18468\"]}]},{\"@type\":\"ImageObject\",\"inLanguage\":\"fr-FR\",\"@id\":\"https:\\\/\\\/www.latribunedufaso.net\\\/?p=18468#primaryimage\",\"url\":\"https:\\\/\\\/www.latribunedufaso.net\\\/wp-content\\\/uploads\\\/2025\\\/01\\\/IMG-20250129-WA0013.jpg\",\"contentUrl\":\"https:\\\/\\\/www.latribunedufaso.net\\\/wp-content\\\/uploads\\\/2025\\\/01\\\/IMG-20250129-WA0013.jpg\",\"width\":2560,\"height\":1440,\"caption\":\"Le promoteur du festival WAABO, Abdoul Aziz Tiemtor\u00e9 - Ph. N. Ouattara\"},{\"@type\":\"BreadcrumbList\",\"@id\":\"https:\\\/\\\/www.latribunedufaso.net\\\/?p=18468#breadcrumb\",\"itemListElement\":[{\"@type\":\"ListItem\",\"position\":1,\"name\":\"Accueil\",\"item\":\"https:\\\/\\\/www.latribunedufaso.net\\\/\"},{\"@type\":\"ListItem\",\"position\":2,\"name\":\"WAABO 2025 : Venez vivres deux jours de festivit\u00e9s culturelles au Mus\u00e9e National\u00a0\"}]},{\"@type\":\"WebSite\",\"@id\":\"https:\\\/\\\/www.latribunedufaso.net\\\/#website\",\"url\":\"https:\\\/\\\/www.latribunedufaso.net\\\/\",\"name\":\"La Tribune du Faso\",\"description\":\"L&#039;information du monde rural en un clic\",\"publisher\":{\"@id\":\"https:\\\/\\\/www.latribunedufaso.net\\\/#organization\"},\"potentialAction\":[{\"@type\":\"SearchAction\",\"target\":{\"@type\":\"EntryPoint\",\"urlTemplate\":\"https:\\\/\\\/www.latribunedufaso.net\\\/?s={search_term_string}\"},\"query-input\":{\"@type\":\"PropertyValueSpecification\",\"valueRequired\":true,\"valueName\":\"search_term_string\"}}],\"inLanguage\":\"fr-FR\"},{\"@type\":\"Organization\",\"@id\":\"https:\\\/\\\/www.latribunedufaso.net\\\/#organization\",\"name\":\"La Tribune du Faso\",\"url\":\"https:\\\/\\\/www.latribunedufaso.net\\\/\",\"logo\":{\"@type\":\"ImageObject\",\"inLanguage\":\"fr-FR\",\"@id\":\"https:\\\/\\\/www.latribunedufaso.net\\\/#\\\/schema\\\/logo\\\/image\\\/\",\"url\":\"https:\\\/\\\/www.latribunedufaso.net\\\/wp-content\\\/uploads\\\/2020\\\/08\\\/Logo-Tribune-du-Faso-final-scaled.jpg\",\"contentUrl\":\"https:\\\/\\\/www.latribunedufaso.net\\\/wp-content\\\/uploads\\\/2020\\\/08\\\/Logo-Tribune-du-Faso-final-scaled.jpg\",\"width\":2560,\"height\":1856,\"caption\":\"La Tribune du Faso\"},\"image\":{\"@id\":\"https:\\\/\\\/www.latribunedufaso.net\\\/#\\\/schema\\\/logo\\\/image\\\/\"},\"sameAs\":[\"https:\\\/\\\/www.facebook.com\\\/LatribuneduFaso\\\/\"]},{\"@type\":\"Person\",\"@id\":\"https:\\\/\\\/www.latribunedufaso.net\\\/#\\\/schema\\\/person\\\/e54e64c5778a7e72cf80a318b7a622b0\",\"name\":\"Issouf Tapsoba\",\"image\":{\"@type\":\"ImageObject\",\"inLanguage\":\"fr-FR\",\"@id\":\"https:\\\/\\\/secure.gravatar.com\\\/avatar\\\/5e6c05150ce3230247d167f5b94d678eb05936197436d69b7921e3a95c9107ac?s=96&d=mm&r=g\",\"url\":\"https:\\\/\\\/secure.gravatar.com\\\/avatar\\\/5e6c05150ce3230247d167f5b94d678eb05936197436d69b7921e3a95c9107ac?s=96&d=mm&r=g\",\"contentUrl\":\"https:\\\/\\\/secure.gravatar.com\\\/avatar\\\/5e6c05150ce3230247d167f5b94d678eb05936197436d69b7921e3a95c9107ac?s=96&d=mm&r=g\",\"caption\":\"Issouf Tapsoba\"},\"url\":\"https:\\\/\\\/www.latribunedufaso.net\\\/?author=5\"}]}<\/script>\n<!-- \/ Yoast SEO plugin. -->","yoast_head_json":{"title":"WAABO 2025 : Venez vivres deux jours de festivit\u00e9s culturelles au Mus\u00e9e National\u00a0 - La Tribune du Faso","robots":{"index":"index","follow":"follow","max-snippet":"max-snippet:-1","max-image-preview":"max-image-preview:large","max-video-preview":"max-video-preview:-1"},"canonical":"https:\/\/www.latribunedufaso.net\/?p=18468","og_locale":"fr_FR","og_type":"article","og_title":"WAABO 2025 : Venez vivres deux jours de festivit\u00e9s culturelles au Mus\u00e9e National\u00a0 - La Tribune du Faso","og_description":"Du 1er au 2 f\u00e9vrier 2025, le mus\u00e9e national accueillera un \u00e9v\u00e9nement culturel d\u00e9nomm\u00e9 \u00ab WAABO \u00bb. Organis\u00e9 par le responsable de l&rsquo;agence \u00e9v\u00e9nementiel et de communication \u00ab Pro Communication \u00bb, Abdoul Aziz Tiemtor\u00e9, \u00ab WAABO \u00bb se veut une c\u00e9l\u00e9bration des valeurs locales \u00e0 travers des activit\u00e9s diverses et une ambiance festive. Afin d\u2019avoir les d\u00e9tails et informations cl\u00e9s concernant la 1\u00e8re \u00e9dition de cette manifestation suscitant l\u2019engouement des burkinab\u00e8, une \u00e9quipe de latribunedufaso.net est all\u00e9e \u00e0 la rencontre du promoteur dudit \u00e9v\u00e9nement.\u00a0","og_url":"https:\/\/www.latribunedufaso.net\/?p=18468","og_site_name":"La Tribune du Faso","article_publisher":"https:\/\/www.facebook.com\/LatribuneduFaso\/","article_published_time":"2025-01-29T16:09:36+00:00","article_modified_time":"2025-03-17T21:00:33+00:00","og_image":[{"width":2560,"height":1440,"url":"https:\/\/www.latribunedufaso.net\/wp-content\/uploads\/2025\/01\/IMG-20250129-WA0013.jpg","type":"image\/jpeg"}],"author":"Issouf Tapsoba","twitter_misc":{"\u00c9crit par":"Issouf Tapsoba","Dur\u00e9e de lecture estim\u00e9e":"2 minutes"},"schema":{"@context":"https:\/\/schema.org","@graph":[{"@type":"Article","@id":"https:\/\/www.latribunedufaso.net\/?p=18468#article","isPartOf":{"@id":"https:\/\/www.latribunedufaso.net\/?p=18468"},"author":{"name":"Issouf Tapsoba","@id":"https:\/\/www.latribunedufaso.net\/#\/schema\/person\/e54e64c5778a7e72cf80a318b7a622b0"},"headline":"WAABO 2025 : Venez vivres deux jours de festivit\u00e9s culturelles au Mus\u00e9e National\u00a0","datePublished":"2025-01-29T16:09:36+00:00","dateModified":"2025-03-17T21:00:33+00:00","mainEntityOfPage":{"@id":"https:\/\/www.latribunedufaso.net\/?p=18468"},"wordCount":448,"commentCount":0,"publisher":{"@id":"https:\/\/www.latribunedufaso.net\/#organization"},"image":{"@id":"https:\/\/www.latribunedufaso.net\/?p=18468#primaryimage"},"thumbnailUrl":"https:\/\/www.latribunedufaso.net\/wp-content\/uploads\/2025\/01\/IMG-20250129-WA0013.jpg","keywords":["culture","Festival Waabo","latribunedufaso.net"],"articleSection":["A la une","Actualit\u00e9","Art et Culture"],"inLanguage":"fr-FR","potentialAction":[{"@type":"CommentAction","name":"Comment","target":["https:\/\/www.latribunedufaso.net\/?p=18468#respond"]}]},{"@type":"WebPage","@id":"https:\/\/www.latribunedufaso.net\/?p=18468","url":"https:\/\/www.latribunedufaso.net\/?p=18468","name":"WAABO 2025 : Venez vivres deux jours de festivit\u00e9s culturelles au Mus\u00e9e National\u00a0 - La Tribune du Faso","isPartOf":{"@id":"https:\/\/www.latribunedufaso.net\/#website"},"primaryImageOfPage":{"@id":"https:\/\/www.latribunedufaso.net\/?p=18468#primaryimage"},"image":{"@id":"https:\/\/www.latribunedufaso.net\/?p=18468#primaryimage"},"thumbnailUrl":"https:\/\/www.latribunedufaso.net\/wp-content\/uploads\/2025\/01\/IMG-20250129-WA0013.jpg","datePublished":"2025-01-29T16:09:36+00:00","dateModified":"2025-03-17T21:00:33+00:00","breadcrumb":{"@id":"https:\/\/www.latribunedufaso.net\/?p=18468#breadcrumb"},"inLanguage":"fr-FR","potentialAction":[{"@type":"ReadAction","target":["https:\/\/www.latribunedufaso.net\/?p=18468"]}]},{"@type":"ImageObject","inLanguage":"fr-FR","@id":"https:\/\/www.latribunedufaso.net\/?p=18468#primaryimage","url":"https:\/\/www.latribunedufaso.net\/wp-content\/uploads\/2025\/01\/IMG-20250129-WA0013.jpg","contentUrl":"https:\/\/www.latribunedufaso.net\/wp-content\/uploads\/2025\/01\/IMG-20250129-WA0013.jpg","width":2560,"height":1440,"caption":"Le promoteur du festival WAABO, Abdoul Aziz Tiemtor\u00e9 - Ph. N. Ouattara"},{"@type":"BreadcrumbList","@id":"https:\/\/www.latribunedufaso.net\/?p=18468#breadcrumb","itemListElement":[{"@type":"ListItem","position":1,"name":"Accueil","item":"https:\/\/www.latribunedufaso.net\/"},{"@type":"ListItem","position":2,"name":"WAABO 2025 : Venez vivres deux jours de festivit\u00e9s culturelles au Mus\u00e9e National\u00a0"}]},{"@type":"WebSite","@id":"https:\/\/www.latribunedufaso.net\/#website","url":"https:\/\/www.latribunedufaso.net\/","name":"La Tribune du Faso","description":"L&#039;information du monde rural en un clic","publisher":{"@id":"https:\/\/www.latribunedufaso.net\/#organization"},"potentialAction":[{"@type":"SearchAction","target":{"@type":"EntryPoint","urlTemplate":"https:\/\/www.latribunedufaso.net\/?s={search_term_string}"},"query-input":{"@type":"PropertyValueSpecification","valueRequired":true,"valueName":"search_term_string"}}],"inLanguage":"fr-FR"},{"@type":"Organization","@id":"https:\/\/www.latribunedufaso.net\/#organization","name":"La Tribune du Faso","url":"https:\/\/www.latribunedufaso.net\/","logo":{"@type":"ImageObject","inLanguage":"fr-FR","@id":"https:\/\/www.latribunedufaso.net\/#\/schema\/logo\/image\/","url":"https:\/\/www.latribunedufaso.net\/wp-content\/uploads\/2020\/08\/Logo-Tribune-du-Faso-final-scaled.jpg","contentUrl":"https:\/\/www.latribunedufaso.net\/wp-content\/uploads\/2020\/08\/Logo-Tribune-du-Faso-final-scaled.jpg","width":2560,"height":1856,"caption":"La Tribune du Faso"},"image":{"@id":"https:\/\/www.latribunedufaso.net\/#\/schema\/logo\/image\/"},"sameAs":["https:\/\/www.facebook.com\/LatribuneduFaso\/"]},{"@type":"Person","@id":"https:\/\/www.latribunedufaso.net\/#\/schema\/person\/e54e64c5778a7e72cf80a318b7a622b0","name":"Issouf Tapsoba","image":{"@type":"ImageObject","inLanguage":"fr-FR","@id":"https:\/\/secure.gravatar.com\/avatar\/5e6c05150ce3230247d167f5b94d678eb05936197436d69b7921e3a95c9107ac?s=96&d=mm&r=g","url":"https:\/\/secure.gravatar.com\/avatar\/5e6c05150ce3230247d167f5b94d678eb05936197436d69b7921e3a95c9107ac?s=96&d=mm&r=g","contentUrl":"https:\/\/secure.gravatar.com\/avatar\/5e6c05150ce3230247d167f5b94d678eb05936197436d69b7921e3a95c9107ac?s=96&d=mm&r=g","caption":"Issouf Tapsoba"},"url":"https:\/\/www.latribunedufaso.net\/?author=5"}]}},"_links":{"self":[{"href":"https:\/\/www.latribunedufaso.net\/index.php?rest_route=\/wp\/v2\/posts\/18468","targetHints":{"allow":["GET"]}}],"collection":[{"href":"https:\/\/www.latribunedufaso.net\/index.php?rest_route=\/wp\/v2\/posts"}],"about":[{"href":"https:\/\/www.latribunedufaso.net\/index.php?rest_route=\/wp\/v2\/types\/post"}],"author":[{"embeddable":true,"href":"https:\/\/www.latribunedufaso.net\/index.php?rest_route=\/wp\/v2\/users\/5"}],"replies":[{"embeddable":true,"href":"https:\/\/www.latribunedufaso.net\/index.php?rest_route=%2Fwp%2Fv2%2Fcomments&post=18468"}],"version-history":[{"count":4,"href":"https:\/\/www.latribunedufaso.net\/index.php?rest_route=\/wp\/v2\/posts\/18468\/revisions"}],"predecessor-version":[{"id":19477,"href":"https:\/\/www.latribunedufaso.net\/index.php?rest_route=\/wp\/v2\/posts\/18468\/revisions\/19477"}],"wp:featuredmedia":[{"embeddable":true,"href":"https:\/\/www.latribunedufaso.net\/index.php?rest_route=\/wp\/v2\/media\/18470"}],"wp:attachment":[{"href":"https:\/\/www.latribunedufaso.net\/index.php?rest_route=%2Fwp%2Fv2%2Fmedia&parent=18468"}],"wp:term":[{"taxonomy":"category","embeddable":true,"href":"https:\/\/www.latribunedufaso.net\/index.php?rest_route=%2Fwp%2Fv2%2Fcategories&post=18468"},{"taxonomy":"post_tag","embeddable":true,"href":"https:\/\/www.latribunedufaso.net\/index.php?rest_route=%2Fwp%2Fv2%2Ftags&post=18468"}],"curies":[{"name":"wp","href":"https:\/\/api.w.org\/{rel}","templated":true}]}}