{"id":18453,"date":"2025-01-28T17:28:42","date_gmt":"2025-01-28T17:28:42","guid":{"rendered":"https:\/\/www.latribunedufaso.net\/?p=18453"},"modified":"2025-01-28T17:28:42","modified_gmt":"2025-01-28T17:28:42","slug":"fespaco-2025-une-semaine-de-la-critique-prevue-pour-cette-edition","status":"publish","type":"post","link":"https:\/\/www.latribunedufaso.net\/?p=18453","title":{"rendered":"FESPACO 2025 : Une Semaine de la critique pr\u00e9vue pour cette \u00e9dition\u00a0"},"content":{"rendered":"<p><strong><span style=\"font-size: 1.0625rem;\">La 1\u00e8re \u00e9dition de la semaine de la critique aura lieu lors de cette 29\u00e8me \u00e9dition du Festival panafricain du cin\u00e9ma et de la t\u00e9l\u00e9vision de Ouagadougou (FESPACO). L&rsquo;annonce a \u00e9t\u00e9 faite par l\u2019Association des critiques du cin\u00e9ma du Burkina (ASCRIC-B). C&rsquo;\u00e9tait au cours <\/span><span style=\"font-size: 1.0625rem;\">d&rsquo;une conf\u00e9rence de presse organis\u00e9e le <\/span><span style=\"font-size: 1.0625rem;\">28 janvier 2025 \u00e0 Ouagadougou.\u00a0<\/span><\/strong><!--more--><\/p>\n<p>Cette conf\u00e9rence de presse a \u00e9t\u00e9 consacr\u00e9e \u00e0 la premi\u00e8re \u00e9dition de la Semaine de la critique, premier <span style=\"font-size: 1.0625rem;\">du genre, c&rsquo;est un \u00e9v\u00e8nement qui marquera la 29e \u00e9dition du FESPACO. L\u2019initiative de cette semaine est port\u00e9e par l\u2019Association des critiques du cin\u00e9ma du Burkina (ASCRIC-B).<\/span><\/p>\n<p>A \u00e9couter le pr\u00e9sident de l\u2019association, Aboubacar Ciss\u00e9, l&rsquo;initiative symbolise une nouvelle \u00e8re pour la critique cin\u00e9matographique en Afrique. <em><strong>\u00ab Elle t\u00e9moigne de notre d\u00e9sir de renforcer son r\u00f4le, de la rendre accessible \u00e0 un public plus large et de c\u00e9l\u00e9brer son importance dans l\u2019\u00e9cosyst\u00e8me du cin\u00e9ma africain \u00bb,<\/strong><\/em> a-t-il expliqu\u00e9.<\/p>\n<p><span style=\"font-size: 1.0625rem;\">Selon lui, la Semaine de la critique vise \u00e0 r\u00e9affirmer la place de la critique au c\u0153ur de cet \u00e9v\u00e9nement majeur qu\u2019est le FESPACO, tout en valorisant son r\u00f4le d\u2019interm\u00e9diaire entre les films et leurs spectateurs. Elle se positionne comme un espace d\u2019ouverture, de visibilit\u00e9 et de dialogue. C&rsquo;est aussi une opportunit\u00e9 unique de mettre en avant des \u0153uvres qui, bien que souvent rest\u00e9es en marge des projecteurs, m\u00e9ritent une attention toute particuli\u00e8re.<\/span><\/p>\n<p>Notons que pour cette premi\u00e8re \u00e9dition vise plusieurs objectifs. Il s\u2019agit de donner une visibilit\u00e9 accrue \u00e0 la critique cin\u00e9matographique durant le FESPACO \u00e0 travers une programmation diversifi\u00e9e et inclusive. En plus, cet \u00e9v\u00e9nement permettra de proposer une s\u00e9lection originale de films d\u2019Afrique et de sa diaspora, choisie pour leur audace artistique et leur profondeur th\u00e9matique. A cela s&rsquo;ajoute la cr\u00e9ation d&rsquo;un espace de rencontre et de discussions entre professionnels du cin\u00e9ma, critiques et spectateurs.<\/p>\n<figure id=\"attachment_18454\" aria-describedby=\"caption-attachment-18454\" style=\"width: 1280px\" class=\"wp-caption aligncenter\"><a href=\"https:\/\/www.latribunedufaso.net\/wp-content\/uploads\/2025\/01\/IMG-20250128-WA0051.jpg\"><img loading=\"lazy\" decoding=\"async\" class=\"size-full wp-image-18454\" src=\"https:\/\/www.latribunedufaso.net\/wp-content\/uploads\/2025\/01\/IMG-20250128-WA0051.jpg\" alt=\"L'Association des critiques du cin\u00e9ma du Burkina (ASCRIC-B) a organis\u00e9 une conf\u00e9rence de presse pour annonc\u00e9 la t\u00e9l\u00e9 de la Semaine de la critique a l'occasion du FESPACO 2025, 28 janvier 2025\" width=\"1280\" height=\"960\" srcset=\"https:\/\/www.latribunedufaso.net\/wp-content\/uploads\/2025\/01\/IMG-20250128-WA0051.jpg 1280w, https:\/\/www.latribunedufaso.net\/wp-content\/uploads\/2025\/01\/IMG-20250128-WA0051-300x225.jpg 300w, https:\/\/www.latribunedufaso.net\/wp-content\/uploads\/2025\/01\/IMG-20250128-WA0051-1024x768.jpg 1024w, https:\/\/www.latribunedufaso.net\/wp-content\/uploads\/2025\/01\/IMG-20250128-WA0051-768x576.jpg 768w\" sizes=\"auto, (max-width: 1280px) 100vw, 1280px\" \/><\/a><figcaption id=\"caption-attachment-18454\" class=\"wp-caption-text\">Le pr\u00e9sident de l&rsquo;Association des critiques du cin\u00e9ma du Burkina (ASCRIC-B), Aboubacar Ciss\u00e9 &#8211; Ph. I. Tougma<\/figcaption><\/figure>\n<p>Cette semaine de la critique sera ponctu\u00e9e par plusieurs activit\u00e9s, notamment, des projections de films : dix longs m\u00e9trages, compos\u00e9s de cinq fictions et cinq documentaires, seront pr\u00e9sent\u00e9s.<em><strong> \u00ab Ces \u0153uvres, issues d\u2019une s\u00e9lection ind\u00e9pendante, se distinguent par leur originalit\u00e9 artistique et leur capacit\u00e9 \u00e0 aborder des enjeux contemporains \u00bb,<\/strong><\/em> a signifi\u00e9 Aboubacar Ciss\u00e9.<\/p>\n<blockquote>\n<p>Lire aussi &gt;&gt; <a href=\"https:\/\/www.latribunedufaso.net\/?p=18405\">FESPACO 2025 : Une d\u00e9l\u00e9gation du Pays invit\u00e9 d\u2019honneur en s\u00e9jour \u00e0 Ouagadougou\u00a0<\/a><\/p>\n<\/blockquote>\n<p>Il est \u00e9galement pr\u00e9vu au programme deux panels, un master class, des d\u00e9bats-forums et la d\u00e9dicace d\u2019une \u0153uvre majeure \u00e0 savoir le livre <em><strong>\u00ab Idrissa Ou\u00e9draogo, le Maestro du cin\u00e9ma africain \u00bb,<\/strong><\/em> \u00e9crit par Dr Victor Kabr\u00e9, membre de l\u2019ASCRIC-B.<\/p>\n<p><strong>In\u00e8s TOUGMA\u00a0<\/strong><\/p>\n<p><strong>lattributi<span style=\"font-size: 1.0625rem;\">ondufaso.net<\/span><\/strong><\/p>\n","protected":false},"excerpt":{"rendered":"<p>La 1\u00e8re \u00e9dition de la semaine de la critique aura lieu lors de cette 29\u00e8me \u00e9dition du Festival panafricain du cin\u00e9ma et de la t\u00e9l\u00e9vision de Ouagadougou (FESPACO). L&rsquo;annonce a \u00e9t\u00e9 faite par l\u2019Association des critiques du cin\u00e9ma du Burkina (ASCRIC-B). C&rsquo;\u00e9tait au cours d&rsquo;une conf\u00e9rence de presse organis\u00e9e le 28 janvier 2025 \u00e0 Ouagadougou.\u00a0<\/p>\n","protected":false},"author":5,"featured_media":18455,"comment_status":"open","ping_status":"open","sticky":false,"template":"","format":"standard","meta":{"footnotes":""},"categories":[13,1,30],"tags":[516,39,658],"class_list":["post-18453","post","type-post","status-publish","format-standard","has-post-thumbnail","hentry","category-une","category-actu","category-art-et-culture","tag-fespaco","tag-latribunedufaso-net","tag-semaine-de-la-critique-fespaco"],"yoast_head":"<!-- This site is optimized with the Yoast SEO plugin v27.5 - https:\/\/yoast.com\/product\/yoast-seo-wordpress\/ -->\n<title>FESPACO 2025 : Une Semaine de la critique pr\u00e9vue pour cette \u00e9dition\u00a0 - La Tribune du Faso<\/title>\n<meta name=\"robots\" content=\"index, follow, max-snippet:-1, max-image-preview:large, max-video-preview:-1\" \/>\n<link rel=\"canonical\" href=\"https:\/\/www.latribunedufaso.net\/?p=18453\" \/>\n<meta property=\"og:locale\" content=\"fr_FR\" \/>\n<meta property=\"og:type\" content=\"article\" \/>\n<meta property=\"og:title\" content=\"FESPACO 2025 : Une Semaine de la critique pr\u00e9vue pour cette \u00e9dition\u00a0 - La Tribune du Faso\" \/>\n<meta property=\"og:description\" content=\"La 1\u00e8re \u00e9dition de la semaine de la critique aura lieu lors de cette 29\u00e8me \u00e9dition du Festival panafricain du cin\u00e9ma et de la t\u00e9l\u00e9vision de Ouagadougou (FESPACO). L&rsquo;annonce a \u00e9t\u00e9 faite par l\u2019Association des critiques du cin\u00e9ma du Burkina (ASCRIC-B). C&rsquo;\u00e9tait au cours d&rsquo;une conf\u00e9rence de presse organis\u00e9e le 28 janvier 2025 \u00e0 Ouagadougou.\u00a0\" \/>\n<meta property=\"og:url\" content=\"https:\/\/www.latribunedufaso.net\/?p=18453\" \/>\n<meta property=\"og:site_name\" content=\"La Tribune du Faso\" \/>\n<meta property=\"article:publisher\" content=\"https:\/\/www.facebook.com\/LatribuneduFaso\/\" \/>\n<meta property=\"article:published_time\" content=\"2025-01-28T17:28:42+00:00\" \/>\n<meta property=\"og:image\" content=\"https:\/\/www.latribunedufaso.net\/wp-content\/uploads\/2025\/01\/IMG-20250128-WA0052.jpg\" \/>\n\t<meta property=\"og:image:width\" content=\"1280\" \/>\n\t<meta property=\"og:image:height\" content=\"960\" \/>\n\t<meta property=\"og:image:type\" content=\"image\/jpeg\" \/>\n<meta name=\"author\" content=\"Issouf Tapsoba\" \/>\n<meta name=\"twitter:label1\" content=\"\u00c9crit par\" \/>\n\t<meta name=\"twitter:data1\" content=\"Issouf Tapsoba\" \/>\n\t<meta name=\"twitter:label2\" content=\"Dur\u00e9e de lecture estim\u00e9e\" \/>\n\t<meta name=\"twitter:data2\" content=\"2 minutes\" \/>\n<script type=\"application\/ld+json\" class=\"yoast-schema-graph\">{\"@context\":\"https:\\\/\\\/schema.org\",\"@graph\":[{\"@type\":\"Article\",\"@id\":\"https:\\\/\\\/www.latribunedufaso.net\\\/?p=18453#article\",\"isPartOf\":{\"@id\":\"https:\\\/\\\/www.latribunedufaso.net\\\/?p=18453\"},\"author\":{\"name\":\"Issouf Tapsoba\",\"@id\":\"https:\\\/\\\/www.latribunedufaso.net\\\/#\\\/schema\\\/person\\\/e54e64c5778a7e72cf80a318b7a622b0\"},\"headline\":\"FESPACO 2025 : Une Semaine de la critique pr\u00e9vue pour cette \u00e9dition\u00a0\",\"datePublished\":\"2025-01-28T17:28:42+00:00\",\"mainEntityOfPage\":{\"@id\":\"https:\\\/\\\/www.latribunedufaso.net\\\/?p=18453\"},\"wordCount\":508,\"commentCount\":0,\"publisher\":{\"@id\":\"https:\\\/\\\/www.latribunedufaso.net\\\/#organization\"},\"image\":{\"@id\":\"https:\\\/\\\/www.latribunedufaso.net\\\/?p=18453#primaryimage\"},\"thumbnailUrl\":\"https:\\\/\\\/www.latribunedufaso.net\\\/wp-content\\\/uploads\\\/2025\\\/01\\\/IMG-20250128-WA0052.jpg\",\"keywords\":[\"FESPACO\",\"latribunedufaso.net\",\"Semaine de la critique FESPACO\"],\"articleSection\":[\"A la une\",\"Actualit\u00e9\",\"Art et Culture\"],\"inLanguage\":\"fr-FR\",\"potentialAction\":[{\"@type\":\"CommentAction\",\"name\":\"Comment\",\"target\":[\"https:\\\/\\\/www.latribunedufaso.net\\\/?p=18453#respond\"]}]},{\"@type\":\"WebPage\",\"@id\":\"https:\\\/\\\/www.latribunedufaso.net\\\/?p=18453\",\"url\":\"https:\\\/\\\/www.latribunedufaso.net\\\/?p=18453\",\"name\":\"FESPACO 2025 : Une Semaine de la critique pr\u00e9vue pour cette \u00e9dition\u00a0 - La Tribune du Faso\",\"isPartOf\":{\"@id\":\"https:\\\/\\\/www.latribunedufaso.net\\\/#website\"},\"primaryImageOfPage\":{\"@id\":\"https:\\\/\\\/www.latribunedufaso.net\\\/?p=18453#primaryimage\"},\"image\":{\"@id\":\"https:\\\/\\\/www.latribunedufaso.net\\\/?p=18453#primaryimage\"},\"thumbnailUrl\":\"https:\\\/\\\/www.latribunedufaso.net\\\/wp-content\\\/uploads\\\/2025\\\/01\\\/IMG-20250128-WA0052.jpg\",\"datePublished\":\"2025-01-28T17:28:42+00:00\",\"breadcrumb\":{\"@id\":\"https:\\\/\\\/www.latribunedufaso.net\\\/?p=18453#breadcrumb\"},\"inLanguage\":\"fr-FR\",\"potentialAction\":[{\"@type\":\"ReadAction\",\"target\":[\"https:\\\/\\\/www.latribunedufaso.net\\\/?p=18453\"]}]},{\"@type\":\"ImageObject\",\"inLanguage\":\"fr-FR\",\"@id\":\"https:\\\/\\\/www.latribunedufaso.net\\\/?p=18453#primaryimage\",\"url\":\"https:\\\/\\\/www.latribunedufaso.net\\\/wp-content\\\/uploads\\\/2025\\\/01\\\/IMG-20250128-WA0052.jpg\",\"contentUrl\":\"https:\\\/\\\/www.latribunedufaso.net\\\/wp-content\\\/uploads\\\/2025\\\/01\\\/IMG-20250128-WA0052.jpg\",\"width\":1280,\"height\":960,\"caption\":\"L'Association des critiques du cin\u00e9ma du Burkina (ASCRIC-B) a organis\u00e9 une conf\u00e9rence de presse pour annonc\u00e9 la t\u00e9l\u00e9 de la Semaine de la critique a l'occasion du FESPACO 2025, 28 janvier 2025\"},{\"@type\":\"BreadcrumbList\",\"@id\":\"https:\\\/\\\/www.latribunedufaso.net\\\/?p=18453#breadcrumb\",\"itemListElement\":[{\"@type\":\"ListItem\",\"position\":1,\"name\":\"Accueil\",\"item\":\"https:\\\/\\\/www.latribunedufaso.net\\\/\"},{\"@type\":\"ListItem\",\"position\":2,\"name\":\"FESPACO 2025 : Une Semaine de la critique pr\u00e9vue pour cette \u00e9dition\u00a0\"}]},{\"@type\":\"WebSite\",\"@id\":\"https:\\\/\\\/www.latribunedufaso.net\\\/#website\",\"url\":\"https:\\\/\\\/www.latribunedufaso.net\\\/\",\"name\":\"La Tribune du Faso\",\"description\":\"L&#039;information du monde rural en un clic\",\"publisher\":{\"@id\":\"https:\\\/\\\/www.latribunedufaso.net\\\/#organization\"},\"potentialAction\":[{\"@type\":\"SearchAction\",\"target\":{\"@type\":\"EntryPoint\",\"urlTemplate\":\"https:\\\/\\\/www.latribunedufaso.net\\\/?s={search_term_string}\"},\"query-input\":{\"@type\":\"PropertyValueSpecification\",\"valueRequired\":true,\"valueName\":\"search_term_string\"}}],\"inLanguage\":\"fr-FR\"},{\"@type\":\"Organization\",\"@id\":\"https:\\\/\\\/www.latribunedufaso.net\\\/#organization\",\"name\":\"La Tribune du Faso\",\"url\":\"https:\\\/\\\/www.latribunedufaso.net\\\/\",\"logo\":{\"@type\":\"ImageObject\",\"inLanguage\":\"fr-FR\",\"@id\":\"https:\\\/\\\/www.latribunedufaso.net\\\/#\\\/schema\\\/logo\\\/image\\\/\",\"url\":\"https:\\\/\\\/www.latribunedufaso.net\\\/wp-content\\\/uploads\\\/2020\\\/08\\\/Logo-Tribune-du-Faso-final-scaled.jpg\",\"contentUrl\":\"https:\\\/\\\/www.latribunedufaso.net\\\/wp-content\\\/uploads\\\/2020\\\/08\\\/Logo-Tribune-du-Faso-final-scaled.jpg\",\"width\":2560,\"height\":1856,\"caption\":\"La Tribune du Faso\"},\"image\":{\"@id\":\"https:\\\/\\\/www.latribunedufaso.net\\\/#\\\/schema\\\/logo\\\/image\\\/\"},\"sameAs\":[\"https:\\\/\\\/www.facebook.com\\\/LatribuneduFaso\\\/\"]},{\"@type\":\"Person\",\"@id\":\"https:\\\/\\\/www.latribunedufaso.net\\\/#\\\/schema\\\/person\\\/e54e64c5778a7e72cf80a318b7a622b0\",\"name\":\"Issouf Tapsoba\",\"image\":{\"@type\":\"ImageObject\",\"inLanguage\":\"fr-FR\",\"@id\":\"https:\\\/\\\/secure.gravatar.com\\\/avatar\\\/5e6c05150ce3230247d167f5b94d678eb05936197436d69b7921e3a95c9107ac?s=96&d=mm&r=g\",\"url\":\"https:\\\/\\\/secure.gravatar.com\\\/avatar\\\/5e6c05150ce3230247d167f5b94d678eb05936197436d69b7921e3a95c9107ac?s=96&d=mm&r=g\",\"contentUrl\":\"https:\\\/\\\/secure.gravatar.com\\\/avatar\\\/5e6c05150ce3230247d167f5b94d678eb05936197436d69b7921e3a95c9107ac?s=96&d=mm&r=g\",\"caption\":\"Issouf Tapsoba\"},\"url\":\"https:\\\/\\\/www.latribunedufaso.net\\\/?author=5\"}]}<\/script>\n<!-- \/ Yoast SEO plugin. -->","yoast_head_json":{"title":"FESPACO 2025 : Une Semaine de la critique pr\u00e9vue pour cette \u00e9dition\u00a0 - La Tribune du Faso","robots":{"index":"index","follow":"follow","max-snippet":"max-snippet:-1","max-image-preview":"max-image-preview:large","max-video-preview":"max-video-preview:-1"},"canonical":"https:\/\/www.latribunedufaso.net\/?p=18453","og_locale":"fr_FR","og_type":"article","og_title":"FESPACO 2025 : Une Semaine de la critique pr\u00e9vue pour cette \u00e9dition\u00a0 - La Tribune du Faso","og_description":"La 1\u00e8re \u00e9dition de la semaine de la critique aura lieu lors de cette 29\u00e8me \u00e9dition du Festival panafricain du cin\u00e9ma et de la t\u00e9l\u00e9vision de Ouagadougou (FESPACO). L&rsquo;annonce a \u00e9t\u00e9 faite par l\u2019Association des critiques du cin\u00e9ma du Burkina (ASCRIC-B). C&rsquo;\u00e9tait au cours d&rsquo;une conf\u00e9rence de presse organis\u00e9e le 28 janvier 2025 \u00e0 Ouagadougou.\u00a0","og_url":"https:\/\/www.latribunedufaso.net\/?p=18453","og_site_name":"La Tribune du Faso","article_publisher":"https:\/\/www.facebook.com\/LatribuneduFaso\/","article_published_time":"2025-01-28T17:28:42+00:00","og_image":[{"width":1280,"height":960,"url":"https:\/\/www.latribunedufaso.net\/wp-content\/uploads\/2025\/01\/IMG-20250128-WA0052.jpg","type":"image\/jpeg"}],"author":"Issouf Tapsoba","twitter_misc":{"\u00c9crit par":"Issouf Tapsoba","Dur\u00e9e de lecture estim\u00e9e":"2 minutes"},"schema":{"@context":"https:\/\/schema.org","@graph":[{"@type":"Article","@id":"https:\/\/www.latribunedufaso.net\/?p=18453#article","isPartOf":{"@id":"https:\/\/www.latribunedufaso.net\/?p=18453"},"author":{"name":"Issouf Tapsoba","@id":"https:\/\/www.latribunedufaso.net\/#\/schema\/person\/e54e64c5778a7e72cf80a318b7a622b0"},"headline":"FESPACO 2025 : Une Semaine de la critique pr\u00e9vue pour cette \u00e9dition\u00a0","datePublished":"2025-01-28T17:28:42+00:00","mainEntityOfPage":{"@id":"https:\/\/www.latribunedufaso.net\/?p=18453"},"wordCount":508,"commentCount":0,"publisher":{"@id":"https:\/\/www.latribunedufaso.net\/#organization"},"image":{"@id":"https:\/\/www.latribunedufaso.net\/?p=18453#primaryimage"},"thumbnailUrl":"https:\/\/www.latribunedufaso.net\/wp-content\/uploads\/2025\/01\/IMG-20250128-WA0052.jpg","keywords":["FESPACO","latribunedufaso.net","Semaine de la critique FESPACO"],"articleSection":["A la une","Actualit\u00e9","Art et Culture"],"inLanguage":"fr-FR","potentialAction":[{"@type":"CommentAction","name":"Comment","target":["https:\/\/www.latribunedufaso.net\/?p=18453#respond"]}]},{"@type":"WebPage","@id":"https:\/\/www.latribunedufaso.net\/?p=18453","url":"https:\/\/www.latribunedufaso.net\/?p=18453","name":"FESPACO 2025 : Une Semaine de la critique pr\u00e9vue pour cette \u00e9dition\u00a0 - La Tribune du Faso","isPartOf":{"@id":"https:\/\/www.latribunedufaso.net\/#website"},"primaryImageOfPage":{"@id":"https:\/\/www.latribunedufaso.net\/?p=18453#primaryimage"},"image":{"@id":"https:\/\/www.latribunedufaso.net\/?p=18453#primaryimage"},"thumbnailUrl":"https:\/\/www.latribunedufaso.net\/wp-content\/uploads\/2025\/01\/IMG-20250128-WA0052.jpg","datePublished":"2025-01-28T17:28:42+00:00","breadcrumb":{"@id":"https:\/\/www.latribunedufaso.net\/?p=18453#breadcrumb"},"inLanguage":"fr-FR","potentialAction":[{"@type":"ReadAction","target":["https:\/\/www.latribunedufaso.net\/?p=18453"]}]},{"@type":"ImageObject","inLanguage":"fr-FR","@id":"https:\/\/www.latribunedufaso.net\/?p=18453#primaryimage","url":"https:\/\/www.latribunedufaso.net\/wp-content\/uploads\/2025\/01\/IMG-20250128-WA0052.jpg","contentUrl":"https:\/\/www.latribunedufaso.net\/wp-content\/uploads\/2025\/01\/IMG-20250128-WA0052.jpg","width":1280,"height":960,"caption":"L'Association des critiques du cin\u00e9ma du Burkina (ASCRIC-B) a organis\u00e9 une conf\u00e9rence de presse pour annonc\u00e9 la t\u00e9l\u00e9 de la Semaine de la critique a l'occasion du FESPACO 2025, 28 janvier 2025"},{"@type":"BreadcrumbList","@id":"https:\/\/www.latribunedufaso.net\/?p=18453#breadcrumb","itemListElement":[{"@type":"ListItem","position":1,"name":"Accueil","item":"https:\/\/www.latribunedufaso.net\/"},{"@type":"ListItem","position":2,"name":"FESPACO 2025 : Une Semaine de la critique pr\u00e9vue pour cette \u00e9dition\u00a0"}]},{"@type":"WebSite","@id":"https:\/\/www.latribunedufaso.net\/#website","url":"https:\/\/www.latribunedufaso.net\/","name":"La Tribune du Faso","description":"L&#039;information du monde rural en un clic","publisher":{"@id":"https:\/\/www.latribunedufaso.net\/#organization"},"potentialAction":[{"@type":"SearchAction","target":{"@type":"EntryPoint","urlTemplate":"https:\/\/www.latribunedufaso.net\/?s={search_term_string}"},"query-input":{"@type":"PropertyValueSpecification","valueRequired":true,"valueName":"search_term_string"}}],"inLanguage":"fr-FR"},{"@type":"Organization","@id":"https:\/\/www.latribunedufaso.net\/#organization","name":"La Tribune du Faso","url":"https:\/\/www.latribunedufaso.net\/","logo":{"@type":"ImageObject","inLanguage":"fr-FR","@id":"https:\/\/www.latribunedufaso.net\/#\/schema\/logo\/image\/","url":"https:\/\/www.latribunedufaso.net\/wp-content\/uploads\/2020\/08\/Logo-Tribune-du-Faso-final-scaled.jpg","contentUrl":"https:\/\/www.latribunedufaso.net\/wp-content\/uploads\/2020\/08\/Logo-Tribune-du-Faso-final-scaled.jpg","width":2560,"height":1856,"caption":"La Tribune du Faso"},"image":{"@id":"https:\/\/www.latribunedufaso.net\/#\/schema\/logo\/image\/"},"sameAs":["https:\/\/www.facebook.com\/LatribuneduFaso\/"]},{"@type":"Person","@id":"https:\/\/www.latribunedufaso.net\/#\/schema\/person\/e54e64c5778a7e72cf80a318b7a622b0","name":"Issouf Tapsoba","image":{"@type":"ImageObject","inLanguage":"fr-FR","@id":"https:\/\/secure.gravatar.com\/avatar\/5e6c05150ce3230247d167f5b94d678eb05936197436d69b7921e3a95c9107ac?s=96&d=mm&r=g","url":"https:\/\/secure.gravatar.com\/avatar\/5e6c05150ce3230247d167f5b94d678eb05936197436d69b7921e3a95c9107ac?s=96&d=mm&r=g","contentUrl":"https:\/\/secure.gravatar.com\/avatar\/5e6c05150ce3230247d167f5b94d678eb05936197436d69b7921e3a95c9107ac?s=96&d=mm&r=g","caption":"Issouf Tapsoba"},"url":"https:\/\/www.latribunedufaso.net\/?author=5"}]}},"_links":{"self":[{"href":"https:\/\/www.latribunedufaso.net\/index.php?rest_route=\/wp\/v2\/posts\/18453","targetHints":{"allow":["GET"]}}],"collection":[{"href":"https:\/\/www.latribunedufaso.net\/index.php?rest_route=\/wp\/v2\/posts"}],"about":[{"href":"https:\/\/www.latribunedufaso.net\/index.php?rest_route=\/wp\/v2\/types\/post"}],"author":[{"embeddable":true,"href":"https:\/\/www.latribunedufaso.net\/index.php?rest_route=\/wp\/v2\/users\/5"}],"replies":[{"embeddable":true,"href":"https:\/\/www.latribunedufaso.net\/index.php?rest_route=%2Fwp%2Fv2%2Fcomments&post=18453"}],"version-history":[{"count":1,"href":"https:\/\/www.latribunedufaso.net\/index.php?rest_route=\/wp\/v2\/posts\/18453\/revisions"}],"predecessor-version":[{"id":18456,"href":"https:\/\/www.latribunedufaso.net\/index.php?rest_route=\/wp\/v2\/posts\/18453\/revisions\/18456"}],"wp:featuredmedia":[{"embeddable":true,"href":"https:\/\/www.latribunedufaso.net\/index.php?rest_route=\/wp\/v2\/media\/18455"}],"wp:attachment":[{"href":"https:\/\/www.latribunedufaso.net\/index.php?rest_route=%2Fwp%2Fv2%2Fmedia&parent=18453"}],"wp:term":[{"taxonomy":"category","embeddable":true,"href":"https:\/\/www.latribunedufaso.net\/index.php?rest_route=%2Fwp%2Fv2%2Fcategories&post=18453"},{"taxonomy":"post_tag","embeddable":true,"href":"https:\/\/www.latribunedufaso.net\/index.php?rest_route=%2Fwp%2Fv2%2Ftags&post=18453"}],"curies":[{"name":"wp","href":"https:\/\/api.w.org\/{rel}","templated":true}]}}