{"id":18398,"date":"2025-01-26T22:38:03","date_gmt":"2025-01-26T22:38:03","guid":{"rendered":"https:\/\/www.latribunedufaso.net\/?p=18398"},"modified":"2025-03-17T20:43:32","modified_gmt":"2025-03-17T20:43:32","slug":"separation-des-pays-de-laes-de-la-cedeao-pour-laes-tout-ouest-africain-sera-chez-lui-dans-nos-pays-abdoulaye-diop-ministre-en-charge-des-affaires-etrangeres-du-mali","status":"publish","type":"post","link":"https:\/\/www.latribunedufaso.net\/?p=18398","title":{"rendered":"S\u00e9paration des pays de l\u2019AES de la CEDEAO : Pour l\u2019AES, tout ouest-africain sera chez lui dans nos pays (Abdoulaye Diop, ministre en charge des Affaires \u00e9trang\u00e8res du Mali)"},"content":{"rendered":"<p><strong><span style=\"font-size: 1.0625rem;\">Les ministres en charge des Affaires \u00e9trang\u00e8res de la Conf\u00e9d\u00e9ration des Etats du Sahel (AES) ont tenu, le 26 janvier 2025 \u00e0 Ouagadougou, une rencontre sur les formalit\u00e9s de s\u00e9paration avec la Communaut\u00e9 \u00e9conomique des Etats de l\u2019Afrique de l\u2019Ouest (CEDEAO).<\/span><\/strong><!--more--><\/p>\n<p>La rencontre \u00e9tait plac\u00e9e sous la pr\u00e9sidence du ministre en charge des Affaires \u00e9trang\u00e8res du Mali, Abdoulaye Diop, pays assurant la pr\u00e9sidence de la Conf\u00e9d\u00e9ration. Elle a, notamment connu la participation du Pr\u00e9sident de la commission de l\u2019AES du Burkina, Bassolma Bazi\u00e9.<\/p>\n<figure id=\"attachment_18402\" aria-describedby=\"caption-attachment-18402\" style=\"width: 2560px\" class=\"wp-caption aligncenter\"><a href=\"https:\/\/www.latribunedufaso.net\/wp-content\/uploads\/2025\/01\/DSC_1548-scaled.jpg\"><img loading=\"lazy\" decoding=\"async\" class=\"size-full wp-image-18402\" src=\"https:\/\/www.latribunedufaso.net\/wp-content\/uploads\/2025\/01\/DSC_1548-scaled.jpg\" alt=\"Rencontre des ministres en charge des Affaires \u00e9trang\u00e8res de l'AES sur les formalit\u00e9s de s\u00e9paration avec la CEDEAO, 26 janvier 2025\" width=\"2560\" height=\"1724\" srcset=\"https:\/\/www.latribunedufaso.net\/wp-content\/uploads\/2025\/01\/DSC_1548-scaled.jpg 2560w, https:\/\/www.latribunedufaso.net\/wp-content\/uploads\/2025\/01\/DSC_1548-300x202.jpg 300w, https:\/\/www.latribunedufaso.net\/wp-content\/uploads\/2025\/01\/DSC_1548-1024x690.jpg 1024w, https:\/\/www.latribunedufaso.net\/wp-content\/uploads\/2025\/01\/DSC_1548-768x517.jpg 768w, https:\/\/www.latribunedufaso.net\/wp-content\/uploads\/2025\/01\/DSC_1548-1536x1035.jpg 1536w, https:\/\/www.latribunedufaso.net\/wp-content\/uploads\/2025\/01\/DSC_1548-2048x1379.jpg 2048w, https:\/\/www.latribunedufaso.net\/wp-content\/uploads\/2025\/01\/DSC_1548-120x80.jpg 120w\" sizes=\"auto, (max-width: 2560px) 100vw, 2560px\" \/><\/a><figcaption id=\"caption-attachment-18402\" class=\"wp-caption-text\">Le ministre en charge des Affaires \u00e9trang\u00e8res du Burkina, Jean Marie Traor\u00e9 &#8211; Ph. DR<\/figcaption><\/figure>\n<p>Selon le ministre en charge des Affaires \u00e9trang\u00e8res du Burkina, Jean Marie Traor\u00e9, cette rencontre leur a permis de poursuivre la r\u00e9flexion pour asseoir une position commune et une strat\u00e9gie d\u2019ensemble qui d\u00e9finirait les liens de coop\u00e9ration et de collaboration future entre l\u2019AES et la CEDEAO.<\/p>\n<h3>L\u2019AES dispos\u00e9e \u00e0 coop\u00e9rer avec la CEDEAO<\/h3>\n<p>D\u00e9sormais, les discussions au sein de notre espace doivent tenir compte de l\u2019existence de l\u2019AES, a indiqu\u00e9 le ministre en charge des Affaires \u00e9trang\u00e8res du Mali, Abdoulaye Diop. Il a affirm\u00e9 la disponibilit\u00e9 de la Conf\u00e9d\u00e9ration a engag\u00e9 des discussions avec la CEDEAO pour apporter des solutions aux pr\u00e9occupations des peuples et des \u00c9tats des 2 organisations.<\/p>\n<figure id=\"attachment_18403\" aria-describedby=\"caption-attachment-18403\" style=\"width: 2560px\" class=\"wp-caption aligncenter\"><a href=\"https:\/\/www.latribunedufaso.net\/wp-content\/uploads\/2025\/01\/DSC_1641-scaled.jpg\"><img loading=\"lazy\" decoding=\"async\" class=\"size-full wp-image-18403\" src=\"https:\/\/www.latribunedufaso.net\/wp-content\/uploads\/2025\/01\/DSC_1641-scaled.jpg\" alt=\"Rencontre des ministres en charge des Affaires \u00e9trang\u00e8res de l'AES sur les formalit\u00e9s de s\u00e9paration avec la CEDEAO, 26 janvier 2025\" width=\"2560\" height=\"1707\" srcset=\"https:\/\/www.latribunedufaso.net\/wp-content\/uploads\/2025\/01\/DSC_1641-scaled.jpg 2560w, https:\/\/www.latribunedufaso.net\/wp-content\/uploads\/2025\/01\/DSC_1641-300x200.jpg 300w, https:\/\/www.latribunedufaso.net\/wp-content\/uploads\/2025\/01\/DSC_1641-1024x683.jpg 1024w, https:\/\/www.latribunedufaso.net\/wp-content\/uploads\/2025\/01\/DSC_1641-768x512.jpg 768w, https:\/\/www.latribunedufaso.net\/wp-content\/uploads\/2025\/01\/DSC_1641-1536x1024.jpg 1536w, https:\/\/www.latribunedufaso.net\/wp-content\/uploads\/2025\/01\/DSC_1641-2048x1365.jpg 2048w, https:\/\/www.latribunedufaso.net\/wp-content\/uploads\/2025\/01\/DSC_1641-840x560.jpg 840w, https:\/\/www.latribunedufaso.net\/wp-content\/uploads\/2025\/01\/DSC_1641-120x80.jpg 120w, https:\/\/www.latribunedufaso.net\/wp-content\/uploads\/2025\/01\/DSC_1641-360x240.jpg 360w, https:\/\/www.latribunedufaso.net\/wp-content\/uploads\/2025\/01\/DSC_1641-600x400.jpg 600w\" sizes=\"auto, (max-width: 2560px) 100vw, 2560px\" \/><\/a><figcaption id=\"caption-attachment-18403\" class=\"wp-caption-text\">Le ministre en charge des Affaires \u00e9trang\u00e8res du Mali, Abdoulaye Diop &#8211; Ph. DR<\/figcaption><\/figure>\n<p>Pour lui, les Chefs d\u2019Etat de l\u2019AES sont attach\u00e9s \u00e0 l\u2019id\u00e9al panafricain, \u00e0 promouvoir l\u2019amiti\u00e9, la fraternit\u00e9, la solidarit\u00e9 entre leurs peuples et les peuples ouest-africains et au-del\u00e0, y compris la diaspora de leurs pays. <em><strong>\u00ab Pour l\u2019AES, tout ouest-africain sera chez lui dans nos pays. Nous travaillons pour renforcer l\u2019h\u00e9ritage de l\u2019int\u00e9gration de nos peuples. Un h\u00e9ritage qui a commenc\u00e9 depuis l\u2019ind\u00e9pendance de nos pays \u00bb,<\/strong><\/em> s\u2019est-il voulu rassurant.<\/p>\n<blockquote>\n<p>Lire aussi &gt;&gt; <a href=\"https:\/\/www.latribunedufaso.net\/?p=18235\">Coop\u00e9ration : Le Togo n\u2019exclut pas de rejoindre l\u2019Alliance des \u00c9tats du Sahel (AES), a fait savoir le ministre des Affaires \u00e9trang\u00e8res togolais, le Pr Robert Dussey<\/a><\/p>\n<\/blockquote>\n<p>Notons que cette r\u00e9union intervient a pr\u00e8s d\u2019un an du retrait de ces 3 pays de la CEDEAO. En effet, c\u2019est le 28 janvier 2024 que les 3 Chefs d\u2019Etat ont d\u00e9cid\u00e9 de quitter l\u2019organisation sous r\u00e9gionale, d\u00e9non\u00e7ant, notamment son <em><strong>\u00ab instrumentalisation par des puissances \u00e9trang\u00e8res \u00bb.<\/strong><\/em><\/p>\n<figure id=\"attachment_18401\" aria-describedby=\"caption-attachment-18401\" style=\"width: 2560px\" class=\"wp-caption aligncenter\"><a href=\"https:\/\/www.latribunedufaso.net\/wp-content\/uploads\/2025\/01\/DSC_1626-scaled.jpg\"><img loading=\"lazy\" decoding=\"async\" class=\"size-full wp-image-18401\" src=\"https:\/\/www.latribunedufaso.net\/wp-content\/uploads\/2025\/01\/DSC_1626-scaled.jpg\" alt=\"Rencontre des ministres en charge des Affaires \u00e9trang\u00e8res de l'AES sur les formalit\u00e9s de s\u00e9paration avec la CEDEAO, 26 janvier 2025\" width=\"2560\" height=\"1707\" srcset=\"https:\/\/www.latribunedufaso.net\/wp-content\/uploads\/2025\/01\/DSC_1626-scaled.jpg 2560w, https:\/\/www.latribunedufaso.net\/wp-content\/uploads\/2025\/01\/DSC_1626-300x200.jpg 300w, https:\/\/www.latribunedufaso.net\/wp-content\/uploads\/2025\/01\/DSC_1626-1024x683.jpg 1024w, https:\/\/www.latribunedufaso.net\/wp-content\/uploads\/2025\/01\/DSC_1626-768x512.jpg 768w, https:\/\/www.latribunedufaso.net\/wp-content\/uploads\/2025\/01\/DSC_1626-1536x1024.jpg 1536w, https:\/\/www.latribunedufaso.net\/wp-content\/uploads\/2025\/01\/DSC_1626-2048x1365.jpg 2048w, https:\/\/www.latribunedufaso.net\/wp-content\/uploads\/2025\/01\/DSC_1626-840x560.jpg 840w, https:\/\/www.latribunedufaso.net\/wp-content\/uploads\/2025\/01\/DSC_1626-120x80.jpg 120w, https:\/\/www.latribunedufaso.net\/wp-content\/uploads\/2025\/01\/DSC_1626-360x240.jpg 360w, https:\/\/www.latribunedufaso.net\/wp-content\/uploads\/2025\/01\/DSC_1626-600x400.jpg 600w\" sizes=\"auto, (max-width: 2560px) 100vw, 2560px\" \/><\/a><figcaption id=\"caption-attachment-18401\" class=\"wp-caption-text\">Le ministre en charge des Affaires \u00e9trang\u00e8res du Niger, Bakary Yaou Sangar\u00e9 &#8211; Ph. DR<\/figcaption><\/figure>\n<p>Le ministre en charge des Affaires \u00e9trang\u00e8res du Niger, Bakary Yaou Sangar\u00e9 a tenu a rassur\u00e9 les populations et la diaspora de l\u2019AES que <em><strong>\u00ab toutes les dispositions sont prises pour que tout se passe bien, afin que cette sortie se fait en douceur et que nous puissions g\u00e9rer au mieux les cons\u00e9quences \u00bb. <\/strong><\/em><\/p>\n<p><iframe loading=\"lazy\" width=\"560\" height=\"315\" src=\"https:\/\/www.youtube.com\/embed\/6EC-b7BDjWU?si=v81aPKP-VOSMzaze\" title=\"YouTube video player\" frameborder=\"0\" allow=\"accelerometer; autoplay; clipboard-write; encrypted-media; gyroscope; picture-in-picture; web-share\" referrerpolicy=\"strict-origin-when-cross-origin\" allowfullscreen><\/iframe><\/p>\n<h3>Le 28 janvier 2025, soit l\u2019an un du retrait<\/h3>\n<p>Au-del\u00e0 de la CEDEAO, il a indiqu\u00e9 que l\u2019AES marque sa disponibilit\u00e9 \u00e0 coop\u00e9rer avec tous les pays du monde \u00e9pris de paix, de prosp\u00e9rit\u00e9, dans le respect de sa souverainet\u00e9 et de l\u2019unanimit\u00e9 de ses peuples. Aussi, a-t-il lanc\u00e9 un appel aux populations et la diaspora de l\u2019AES, a particip\u00e9 activement, le 28 janvier 2025, \u00e0 la c\u00e9l\u00e9bration de l\u2019an 1 de la sortie des 3 pays de la CEDEAO.<\/p>\n<figure id=\"attachment_18400\" aria-describedby=\"caption-attachment-18400\" style=\"width: 720px\" class=\"wp-caption aligncenter\"><a href=\"https:\/\/www.latribunedufaso.net\/wp-content\/uploads\/2025\/01\/FB_IMG_1737929750115.jpg\"><img loading=\"lazy\" decoding=\"async\" class=\"size-full wp-image-18400\" src=\"https:\/\/www.latribunedufaso.net\/wp-content\/uploads\/2025\/01\/FB_IMG_1737929750115.jpg\" alt=\"Rencontre des ministres en charge des Affaires \u00e9trang\u00e8res de l'AES sur les formalit\u00e9s de s\u00e9paration avec la CEDEAO, 26 janvier 2025\" width=\"720\" height=\"426\" srcset=\"https:\/\/www.latribunedufaso.net\/wp-content\/uploads\/2025\/01\/FB_IMG_1737929750115.jpg 720w, https:\/\/www.latribunedufaso.net\/wp-content\/uploads\/2025\/01\/FB_IMG_1737929750115-300x178.jpg 300w\" sizes=\"auto, (max-width: 720px) 100vw, 720px\" \/><\/a><figcaption id=\"caption-attachment-18400\" class=\"wp-caption-text\">Une vue des participants lors des travaux &#8211; Ph. DR<\/figcaption><\/figure>\n<p>Selon les textes de la CEDEAO, le d\u00e9part des 3 pays ne peut \u00eatre effectif qu\u2019une ann\u00e9e apr\u00e8s l\u2019annonce de leur retrait, soit en janvier 2025. Dans les jours \u00e0 venir, les pays de l\u2019AES vont rencontrer la CEDEAO pour officialiser les formalit\u00e9s de s\u00e9paration et d\u2019eventuelle coop\u00e9ration.<\/p>\n<p><strong>Issouf TAPSOBA <\/strong><\/p>\n<p><strong>latribunedufaso.net<\/strong><\/p>\n","protected":false},"excerpt":{"rendered":"<p>Les ministres en charge des Affaires \u00e9trang\u00e8res de la Conf\u00e9d\u00e9ration des Etats du Sahel (AES) ont tenu, le 26 janvier 2025 \u00e0 Ouagadougou, une rencontre sur les formalit\u00e9s de s\u00e9paration avec la Communaut\u00e9 \u00e9conomique des Etats de l\u2019Afrique de l\u2019Ouest (CEDEAO).<\/p>\n","protected":false},"author":5,"featured_media":18399,"comment_status":"open","ping_status":"open","sticky":false,"template":"","format":"standard","meta":{"footnotes":""},"categories":[13,1,8],"tags":[577,36,39],"class_list":["post-18398","post","type-post","status-publish","format-standard","has-post-thumbnail","hentry","category-une","category-actu","category-societe","tag-alliance-des-etats-du-sahel-aes","tag-cedeao","tag-latribunedufaso-net"],"yoast_head":"<!-- This site is optimized with the Yoast SEO plugin v27.5 - https:\/\/yoast.com\/product\/yoast-seo-wordpress\/ -->\n<title>S\u00e9paration des pays de l\u2019AES de la CEDEAO : Pour l\u2019AES, tout ouest-africain sera chez lui dans nos pays (Abdoulaye Diop, ministre en charge des Affaires \u00e9trang\u00e8res du Mali) - La Tribune du Faso<\/title>\n<meta name=\"robots\" content=\"index, follow, max-snippet:-1, max-image-preview:large, max-video-preview:-1\" \/>\n<link rel=\"canonical\" href=\"https:\/\/www.latribunedufaso.net\/?p=18398\" \/>\n<meta property=\"og:locale\" content=\"fr_FR\" \/>\n<meta property=\"og:type\" content=\"article\" \/>\n<meta property=\"og:title\" content=\"S\u00e9paration des pays de l\u2019AES de la CEDEAO : Pour l\u2019AES, tout ouest-africain sera chez lui dans nos pays (Abdoulaye Diop, ministre en charge des Affaires \u00e9trang\u00e8res du Mali) - La Tribune du Faso\" \/>\n<meta property=\"og:description\" content=\"Les ministres en charge des Affaires \u00e9trang\u00e8res de la Conf\u00e9d\u00e9ration des Etats du Sahel (AES) ont tenu, le 26 janvier 2025 \u00e0 Ouagadougou, une rencontre sur les formalit\u00e9s de s\u00e9paration avec la Communaut\u00e9 \u00e9conomique des Etats de l\u2019Afrique de l\u2019Ouest (CEDEAO).\" \/>\n<meta property=\"og:url\" content=\"https:\/\/www.latribunedufaso.net\/?p=18398\" \/>\n<meta property=\"og:site_name\" content=\"La Tribune du Faso\" \/>\n<meta property=\"article:publisher\" content=\"https:\/\/www.facebook.com\/LatribuneduFaso\/\" \/>\n<meta property=\"article:published_time\" content=\"2025-01-26T22:38:03+00:00\" \/>\n<meta property=\"article:modified_time\" content=\"2025-03-17T20:43:32+00:00\" \/>\n<meta property=\"og:image\" content=\"https:\/\/www.latribunedufaso.net\/wp-content\/uploads\/2025\/01\/IMG_20250126_185159_566-scaled.jpg\" \/>\n\t<meta property=\"og:image:width\" content=\"2560\" \/>\n\t<meta property=\"og:image:height\" content=\"1920\" \/>\n\t<meta property=\"og:image:type\" content=\"image\/jpeg\" \/>\n<meta name=\"author\" content=\"Issouf Tapsoba\" \/>\n<meta name=\"twitter:label1\" content=\"\u00c9crit par\" \/>\n\t<meta name=\"twitter:data1\" content=\"Issouf Tapsoba\" \/>\n\t<meta name=\"twitter:label2\" content=\"Dur\u00e9e de lecture estim\u00e9e\" \/>\n\t<meta name=\"twitter:data2\" content=\"3 minutes\" \/>\n<script type=\"application\/ld+json\" class=\"yoast-schema-graph\">{\"@context\":\"https:\\\/\\\/schema.org\",\"@graph\":[{\"@type\":\"Article\",\"@id\":\"https:\\\/\\\/www.latribunedufaso.net\\\/?p=18398#article\",\"isPartOf\":{\"@id\":\"https:\\\/\\\/www.latribunedufaso.net\\\/?p=18398\"},\"author\":{\"name\":\"Issouf Tapsoba\",\"@id\":\"https:\\\/\\\/www.latribunedufaso.net\\\/#\\\/schema\\\/person\\\/e54e64c5778a7e72cf80a318b7a622b0\"},\"headline\":\"S\u00e9paration des pays de l\u2019AES de la CEDEAO : Pour l\u2019AES, tout ouest-africain sera chez lui dans nos pays (Abdoulaye Diop, ministre en charge des Affaires \u00e9trang\u00e8res du Mali)\",\"datePublished\":\"2025-01-26T22:38:03+00:00\",\"dateModified\":\"2025-03-17T20:43:32+00:00\",\"mainEntityOfPage\":{\"@id\":\"https:\\\/\\\/www.latribunedufaso.net\\\/?p=18398\"},\"wordCount\":700,\"commentCount\":0,\"publisher\":{\"@id\":\"https:\\\/\\\/www.latribunedufaso.net\\\/#organization\"},\"image\":{\"@id\":\"https:\\\/\\\/www.latribunedufaso.net\\\/?p=18398#primaryimage\"},\"thumbnailUrl\":\"https:\\\/\\\/www.latribunedufaso.net\\\/wp-content\\\/uploads\\\/2025\\\/01\\\/IMG_20250126_185159_566-scaled.jpg\",\"keywords\":[\"Alliance des \u00c9tats du Sahel (AES)\",\"CEDEAO\",\"latribunedufaso.net\"],\"articleSection\":[\"A la une\",\"Actualit\u00e9\",\"Soci\u00e9t\u00e9\"],\"inLanguage\":\"fr-FR\",\"potentialAction\":[{\"@type\":\"CommentAction\",\"name\":\"Comment\",\"target\":[\"https:\\\/\\\/www.latribunedufaso.net\\\/?p=18398#respond\"]}]},{\"@type\":\"WebPage\",\"@id\":\"https:\\\/\\\/www.latribunedufaso.net\\\/?p=18398\",\"url\":\"https:\\\/\\\/www.latribunedufaso.net\\\/?p=18398\",\"name\":\"S\u00e9paration des pays de l\u2019AES de la CEDEAO : Pour l\u2019AES, tout ouest-africain sera chez lui dans nos pays (Abdoulaye Diop, ministre en charge des Affaires \u00e9trang\u00e8res du Mali) - La Tribune du Faso\",\"isPartOf\":{\"@id\":\"https:\\\/\\\/www.latribunedufaso.net\\\/#website\"},\"primaryImageOfPage\":{\"@id\":\"https:\\\/\\\/www.latribunedufaso.net\\\/?p=18398#primaryimage\"},\"image\":{\"@id\":\"https:\\\/\\\/www.latribunedufaso.net\\\/?p=18398#primaryimage\"},\"thumbnailUrl\":\"https:\\\/\\\/www.latribunedufaso.net\\\/wp-content\\\/uploads\\\/2025\\\/01\\\/IMG_20250126_185159_566-scaled.jpg\",\"datePublished\":\"2025-01-26T22:38:03+00:00\",\"dateModified\":\"2025-03-17T20:43:32+00:00\",\"breadcrumb\":{\"@id\":\"https:\\\/\\\/www.latribunedufaso.net\\\/?p=18398#breadcrumb\"},\"inLanguage\":\"fr-FR\",\"potentialAction\":[{\"@type\":\"ReadAction\",\"target\":[\"https:\\\/\\\/www.latribunedufaso.net\\\/?p=18398\"]}]},{\"@type\":\"ImageObject\",\"inLanguage\":\"fr-FR\",\"@id\":\"https:\\\/\\\/www.latribunedufaso.net\\\/?p=18398#primaryimage\",\"url\":\"https:\\\/\\\/www.latribunedufaso.net\\\/wp-content\\\/uploads\\\/2025\\\/01\\\/IMG_20250126_185159_566-scaled.jpg\",\"contentUrl\":\"https:\\\/\\\/www.latribunedufaso.net\\\/wp-content\\\/uploads\\\/2025\\\/01\\\/IMG_20250126_185159_566-scaled.jpg\",\"width\":2560,\"height\":1920,\"caption\":\"Rencontre des ministres en charge des Affaires \u00e9trang\u00e8res de l'AES sur les formalit\u00e9s de s\u00e9paration avec la CEDEAO, 26 janvier 2025\"},{\"@type\":\"BreadcrumbList\",\"@id\":\"https:\\\/\\\/www.latribunedufaso.net\\\/?p=18398#breadcrumb\",\"itemListElement\":[{\"@type\":\"ListItem\",\"position\":1,\"name\":\"Accueil\",\"item\":\"https:\\\/\\\/www.latribunedufaso.net\\\/\"},{\"@type\":\"ListItem\",\"position\":2,\"name\":\"S\u00e9paration des pays de l\u2019AES de la CEDEAO : Pour l\u2019AES, tout ouest-africain sera chez lui dans nos pays (Abdoulaye Diop, ministre en charge des Affaires \u00e9trang\u00e8res du Mali)\"}]},{\"@type\":\"WebSite\",\"@id\":\"https:\\\/\\\/www.latribunedufaso.net\\\/#website\",\"url\":\"https:\\\/\\\/www.latribunedufaso.net\\\/\",\"name\":\"La Tribune du Faso\",\"description\":\"L&#039;information du monde rural en un clic\",\"publisher\":{\"@id\":\"https:\\\/\\\/www.latribunedufaso.net\\\/#organization\"},\"potentialAction\":[{\"@type\":\"SearchAction\",\"target\":{\"@type\":\"EntryPoint\",\"urlTemplate\":\"https:\\\/\\\/www.latribunedufaso.net\\\/?s={search_term_string}\"},\"query-input\":{\"@type\":\"PropertyValueSpecification\",\"valueRequired\":true,\"valueName\":\"search_term_string\"}}],\"inLanguage\":\"fr-FR\"},{\"@type\":\"Organization\",\"@id\":\"https:\\\/\\\/www.latribunedufaso.net\\\/#organization\",\"name\":\"La Tribune du Faso\",\"url\":\"https:\\\/\\\/www.latribunedufaso.net\\\/\",\"logo\":{\"@type\":\"ImageObject\",\"inLanguage\":\"fr-FR\",\"@id\":\"https:\\\/\\\/www.latribunedufaso.net\\\/#\\\/schema\\\/logo\\\/image\\\/\",\"url\":\"https:\\\/\\\/www.latribunedufaso.net\\\/wp-content\\\/uploads\\\/2020\\\/08\\\/Logo-Tribune-du-Faso-final-scaled.jpg\",\"contentUrl\":\"https:\\\/\\\/www.latribunedufaso.net\\\/wp-content\\\/uploads\\\/2020\\\/08\\\/Logo-Tribune-du-Faso-final-scaled.jpg\",\"width\":2560,\"height\":1856,\"caption\":\"La Tribune du Faso\"},\"image\":{\"@id\":\"https:\\\/\\\/www.latribunedufaso.net\\\/#\\\/schema\\\/logo\\\/image\\\/\"},\"sameAs\":[\"https:\\\/\\\/www.facebook.com\\\/LatribuneduFaso\\\/\"]},{\"@type\":\"Person\",\"@id\":\"https:\\\/\\\/www.latribunedufaso.net\\\/#\\\/schema\\\/person\\\/e54e64c5778a7e72cf80a318b7a622b0\",\"name\":\"Issouf Tapsoba\",\"image\":{\"@type\":\"ImageObject\",\"inLanguage\":\"fr-FR\",\"@id\":\"https:\\\/\\\/secure.gravatar.com\\\/avatar\\\/5e6c05150ce3230247d167f5b94d678eb05936197436d69b7921e3a95c9107ac?s=96&d=mm&r=g\",\"url\":\"https:\\\/\\\/secure.gravatar.com\\\/avatar\\\/5e6c05150ce3230247d167f5b94d678eb05936197436d69b7921e3a95c9107ac?s=96&d=mm&r=g\",\"contentUrl\":\"https:\\\/\\\/secure.gravatar.com\\\/avatar\\\/5e6c05150ce3230247d167f5b94d678eb05936197436d69b7921e3a95c9107ac?s=96&d=mm&r=g\",\"caption\":\"Issouf Tapsoba\"},\"url\":\"https:\\\/\\\/www.latribunedufaso.net\\\/?author=5\"}]}<\/script>\n<!-- \/ Yoast SEO plugin. -->","yoast_head_json":{"title":"S\u00e9paration des pays de l\u2019AES de la CEDEAO : Pour l\u2019AES, tout ouest-africain sera chez lui dans nos pays (Abdoulaye Diop, ministre en charge des Affaires \u00e9trang\u00e8res du Mali) - La Tribune du Faso","robots":{"index":"index","follow":"follow","max-snippet":"max-snippet:-1","max-image-preview":"max-image-preview:large","max-video-preview":"max-video-preview:-1"},"canonical":"https:\/\/www.latribunedufaso.net\/?p=18398","og_locale":"fr_FR","og_type":"article","og_title":"S\u00e9paration des pays de l\u2019AES de la CEDEAO : Pour l\u2019AES, tout ouest-africain sera chez lui dans nos pays (Abdoulaye Diop, ministre en charge des Affaires \u00e9trang\u00e8res du Mali) - La Tribune du Faso","og_description":"Les ministres en charge des Affaires \u00e9trang\u00e8res de la Conf\u00e9d\u00e9ration des Etats du Sahel (AES) ont tenu, le 26 janvier 2025 \u00e0 Ouagadougou, une rencontre sur les formalit\u00e9s de s\u00e9paration avec la Communaut\u00e9 \u00e9conomique des Etats de l\u2019Afrique de l\u2019Ouest (CEDEAO).","og_url":"https:\/\/www.latribunedufaso.net\/?p=18398","og_site_name":"La Tribune du Faso","article_publisher":"https:\/\/www.facebook.com\/LatribuneduFaso\/","article_published_time":"2025-01-26T22:38:03+00:00","article_modified_time":"2025-03-17T20:43:32+00:00","og_image":[{"width":2560,"height":1920,"url":"https:\/\/www.latribunedufaso.net\/wp-content\/uploads\/2025\/01\/IMG_20250126_185159_566-scaled.jpg","type":"image\/jpeg"}],"author":"Issouf Tapsoba","twitter_misc":{"\u00c9crit par":"Issouf Tapsoba","Dur\u00e9e de lecture estim\u00e9e":"3 minutes"},"schema":{"@context":"https:\/\/schema.org","@graph":[{"@type":"Article","@id":"https:\/\/www.latribunedufaso.net\/?p=18398#article","isPartOf":{"@id":"https:\/\/www.latribunedufaso.net\/?p=18398"},"author":{"name":"Issouf Tapsoba","@id":"https:\/\/www.latribunedufaso.net\/#\/schema\/person\/e54e64c5778a7e72cf80a318b7a622b0"},"headline":"S\u00e9paration des pays de l\u2019AES de la CEDEAO : Pour l\u2019AES, tout ouest-africain sera chez lui dans nos pays (Abdoulaye Diop, ministre en charge des Affaires \u00e9trang\u00e8res du Mali)","datePublished":"2025-01-26T22:38:03+00:00","dateModified":"2025-03-17T20:43:32+00:00","mainEntityOfPage":{"@id":"https:\/\/www.latribunedufaso.net\/?p=18398"},"wordCount":700,"commentCount":0,"publisher":{"@id":"https:\/\/www.latribunedufaso.net\/#organization"},"image":{"@id":"https:\/\/www.latribunedufaso.net\/?p=18398#primaryimage"},"thumbnailUrl":"https:\/\/www.latribunedufaso.net\/wp-content\/uploads\/2025\/01\/IMG_20250126_185159_566-scaled.jpg","keywords":["Alliance des \u00c9tats du Sahel (AES)","CEDEAO","latribunedufaso.net"],"articleSection":["A la une","Actualit\u00e9","Soci\u00e9t\u00e9"],"inLanguage":"fr-FR","potentialAction":[{"@type":"CommentAction","name":"Comment","target":["https:\/\/www.latribunedufaso.net\/?p=18398#respond"]}]},{"@type":"WebPage","@id":"https:\/\/www.latribunedufaso.net\/?p=18398","url":"https:\/\/www.latribunedufaso.net\/?p=18398","name":"S\u00e9paration des pays de l\u2019AES de la CEDEAO : Pour l\u2019AES, tout ouest-africain sera chez lui dans nos pays (Abdoulaye Diop, ministre en charge des Affaires \u00e9trang\u00e8res du Mali) - La Tribune du Faso","isPartOf":{"@id":"https:\/\/www.latribunedufaso.net\/#website"},"primaryImageOfPage":{"@id":"https:\/\/www.latribunedufaso.net\/?p=18398#primaryimage"},"image":{"@id":"https:\/\/www.latribunedufaso.net\/?p=18398#primaryimage"},"thumbnailUrl":"https:\/\/www.latribunedufaso.net\/wp-content\/uploads\/2025\/01\/IMG_20250126_185159_566-scaled.jpg","datePublished":"2025-01-26T22:38:03+00:00","dateModified":"2025-03-17T20:43:32+00:00","breadcrumb":{"@id":"https:\/\/www.latribunedufaso.net\/?p=18398#breadcrumb"},"inLanguage":"fr-FR","potentialAction":[{"@type":"ReadAction","target":["https:\/\/www.latribunedufaso.net\/?p=18398"]}]},{"@type":"ImageObject","inLanguage":"fr-FR","@id":"https:\/\/www.latribunedufaso.net\/?p=18398#primaryimage","url":"https:\/\/www.latribunedufaso.net\/wp-content\/uploads\/2025\/01\/IMG_20250126_185159_566-scaled.jpg","contentUrl":"https:\/\/www.latribunedufaso.net\/wp-content\/uploads\/2025\/01\/IMG_20250126_185159_566-scaled.jpg","width":2560,"height":1920,"caption":"Rencontre des ministres en charge des Affaires \u00e9trang\u00e8res de l'AES sur les formalit\u00e9s de s\u00e9paration avec la CEDEAO, 26 janvier 2025"},{"@type":"BreadcrumbList","@id":"https:\/\/www.latribunedufaso.net\/?p=18398#breadcrumb","itemListElement":[{"@type":"ListItem","position":1,"name":"Accueil","item":"https:\/\/www.latribunedufaso.net\/"},{"@type":"ListItem","position":2,"name":"S\u00e9paration des pays de l\u2019AES de la CEDEAO : Pour l\u2019AES, tout ouest-africain sera chez lui dans nos pays (Abdoulaye Diop, ministre en charge des Affaires \u00e9trang\u00e8res du Mali)"}]},{"@type":"WebSite","@id":"https:\/\/www.latribunedufaso.net\/#website","url":"https:\/\/www.latribunedufaso.net\/","name":"La Tribune du Faso","description":"L&#039;information du monde rural en un clic","publisher":{"@id":"https:\/\/www.latribunedufaso.net\/#organization"},"potentialAction":[{"@type":"SearchAction","target":{"@type":"EntryPoint","urlTemplate":"https:\/\/www.latribunedufaso.net\/?s={search_term_string}"},"query-input":{"@type":"PropertyValueSpecification","valueRequired":true,"valueName":"search_term_string"}}],"inLanguage":"fr-FR"},{"@type":"Organization","@id":"https:\/\/www.latribunedufaso.net\/#organization","name":"La Tribune du Faso","url":"https:\/\/www.latribunedufaso.net\/","logo":{"@type":"ImageObject","inLanguage":"fr-FR","@id":"https:\/\/www.latribunedufaso.net\/#\/schema\/logo\/image\/","url":"https:\/\/www.latribunedufaso.net\/wp-content\/uploads\/2020\/08\/Logo-Tribune-du-Faso-final-scaled.jpg","contentUrl":"https:\/\/www.latribunedufaso.net\/wp-content\/uploads\/2020\/08\/Logo-Tribune-du-Faso-final-scaled.jpg","width":2560,"height":1856,"caption":"La Tribune du Faso"},"image":{"@id":"https:\/\/www.latribunedufaso.net\/#\/schema\/logo\/image\/"},"sameAs":["https:\/\/www.facebook.com\/LatribuneduFaso\/"]},{"@type":"Person","@id":"https:\/\/www.latribunedufaso.net\/#\/schema\/person\/e54e64c5778a7e72cf80a318b7a622b0","name":"Issouf Tapsoba","image":{"@type":"ImageObject","inLanguage":"fr-FR","@id":"https:\/\/secure.gravatar.com\/avatar\/5e6c05150ce3230247d167f5b94d678eb05936197436d69b7921e3a95c9107ac?s=96&d=mm&r=g","url":"https:\/\/secure.gravatar.com\/avatar\/5e6c05150ce3230247d167f5b94d678eb05936197436d69b7921e3a95c9107ac?s=96&d=mm&r=g","contentUrl":"https:\/\/secure.gravatar.com\/avatar\/5e6c05150ce3230247d167f5b94d678eb05936197436d69b7921e3a95c9107ac?s=96&d=mm&r=g","caption":"Issouf Tapsoba"},"url":"https:\/\/www.latribunedufaso.net\/?author=5"}]}},"_links":{"self":[{"href":"https:\/\/www.latribunedufaso.net\/index.php?rest_route=\/wp\/v2\/posts\/18398","targetHints":{"allow":["GET"]}}],"collection":[{"href":"https:\/\/www.latribunedufaso.net\/index.php?rest_route=\/wp\/v2\/posts"}],"about":[{"href":"https:\/\/www.latribunedufaso.net\/index.php?rest_route=\/wp\/v2\/types\/post"}],"author":[{"embeddable":true,"href":"https:\/\/www.latribunedufaso.net\/index.php?rest_route=\/wp\/v2\/users\/5"}],"replies":[{"embeddable":true,"href":"https:\/\/www.latribunedufaso.net\/index.php?rest_route=%2Fwp%2Fv2%2Fcomments&post=18398"}],"version-history":[{"count":2,"href":"https:\/\/www.latribunedufaso.net\/index.php?rest_route=\/wp\/v2\/posts\/18398\/revisions"}],"predecessor-version":[{"id":19472,"href":"https:\/\/www.latribunedufaso.net\/index.php?rest_route=\/wp\/v2\/posts\/18398\/revisions\/19472"}],"wp:featuredmedia":[{"embeddable":true,"href":"https:\/\/www.latribunedufaso.net\/index.php?rest_route=\/wp\/v2\/media\/18399"}],"wp:attachment":[{"href":"https:\/\/www.latribunedufaso.net\/index.php?rest_route=%2Fwp%2Fv2%2Fmedia&parent=18398"}],"wp:term":[{"taxonomy":"category","embeddable":true,"href":"https:\/\/www.latribunedufaso.net\/index.php?rest_route=%2Fwp%2Fv2%2Fcategories&post=18398"},{"taxonomy":"post_tag","embeddable":true,"href":"https:\/\/www.latribunedufaso.net\/index.php?rest_route=%2Fwp%2Fv2%2Ftags&post=18398"}],"curies":[{"name":"wp","href":"https:\/\/api.w.org\/{rel}","templated":true}]}}