{"id":18343,"date":"2025-01-23T11:32:06","date_gmt":"2025-01-23T11:32:06","guid":{"rendered":"https:\/\/www.latribunedufaso.net\/?p=18343"},"modified":"2025-01-23T11:32:06","modified_gmt":"2025-01-23T11:32:06","slug":"developpement-le-premier-ministre-recoit-le-directeur-executif-du-bureau-national-des-grands-projets-du-burkina","status":"publish","type":"post","link":"https:\/\/www.latribunedufaso.net\/?p=18343","title":{"rendered":"D\u00e9veloppement : Le Premier ministre re\u00e7oit le Directeur ex\u00e9cutif du Bureau national des grands projets du Burkina"},"content":{"rendered":"<p><strong style=\"font-size: 1.0625rem;\">Le Directeur ex\u00e9cutif du Bureau national des grands projets du Burkina (BNGPB), Dr. Bruno Compaor\u00e9 a rendu une visite de courtoisie au premier ministre ce lundi 20 janvier 2025. Objectif, requ\u00e9rir des orientations et des instructions pour la conduite des missions du Bureau national des grands projets du Burkina.<\/strong><\/p>\n<p><!--more--><\/p>\n<p>Le Chef du Gouvernement appr\u00e9ciant la d\u00e9marche, a tout d\u2019abord salu\u00e9 le travail d\u00e9j\u00e0 abattu par le bureau.\u00a0<\/p>\n<p>Il a ensuite r\u00e9affirmer sa disponibilit\u00e9 \u00e0 accompagner le bureau pour l\u2019accomplissement des missions qui lui sont assign\u00e9es. Selon lui, le bureau constitue le fer de lance du d\u00e9veloppement de notre pays qui va permettre de r\u00e9pondre avec c\u00e9l\u00e9rit\u00e9 aux aspirations du peuple.<\/p>\n<figure id=\"attachment_18344\" aria-describedby=\"caption-attachment-18344\" style=\"width: 720px\" class=\"wp-caption aligncenter\"><a href=\"https:\/\/www.latribunedufaso.net\/wp-content\/uploads\/2025\/01\/FB_IMG_1737631402842.jpg\"><img loading=\"lazy\" decoding=\"async\" class=\"size-full wp-image-18344\" src=\"https:\/\/www.latribunedufaso.net\/wp-content\/uploads\/2025\/01\/FB_IMG_1737631402842.jpg\" alt=\"Le Premier ministre a accord\u00e9 une audience au Directeur ex\u00e9cutif du Bureau national des grands projets du Burkina (BNGPB), Dr. Bruno Compaor\u00e9, 20 janvier 2025\" width=\"720\" height=\"474\" srcset=\"https:\/\/www.latribunedufaso.net\/wp-content\/uploads\/2025\/01\/FB_IMG_1737631402842.jpg 720w, https:\/\/www.latribunedufaso.net\/wp-content\/uploads\/2025\/01\/FB_IMG_1737631402842-300x198.jpg 300w, https:\/\/www.latribunedufaso.net\/wp-content\/uploads\/2025\/01\/FB_IMG_1737631402842-120x80.jpg 120w\" sizes=\"auto, (max-width: 720px) 100vw, 720px\" \/><\/a><figcaption id=\"caption-attachment-18344\" class=\"wp-caption-text\">Une vue de l&rsquo;audience accord\u00e9e au Directeur ex\u00e9cutif du Bureau national des grands projets du Burkina (BNGPB), Dr. Bruno Compaor\u00e9 &#8211; Ph. DR<\/figcaption><\/figure>\n<p>Il a aussi insist\u00e9 sur la c\u00e9l\u00e9rit\u00e9 dans la prise en charge des projets de d\u00e9veloppement dans les meilleurs d\u00e9lais pour l\u2019atteinte des objectifs escompt\u00e9s.\u00a0<\/p>\n<p><em><strong>\u00ab Les lourdeurs administratives qui ont, pendant longtemps, fini par saper les initiatives du Gouvernement, sont \u00e0 bannir \u00bb,<\/strong><\/em> a dit le Premier ministre.<\/p>\n<blockquote>\n<p>Lire aussi &gt;&gt; <a href=\"https:\/\/www.latribunedufaso.net\/?p=17969\">Am\u00e9lioration des infrastructures \u00e9ducatives : Bient\u00f4t 40 amphith\u00e9\u00e2tres au profit des universit\u00e9s et centres universitaires\u00a0<\/a><\/p>\n<\/blockquote>\n<p>Pour ce faire, il a rassur\u00e9 de tout mettre en \u0153uvre pour lever les goulots d\u2019\u00e9tranglement. <em style=\"font-size: 1.0625rem;\"><strong>\u00ab C\u2019est un luxe qu\u2019on ne peut pas se permettre, Les initiatives entrainent l\u2019espoir aux populations. Au-del\u00e0 de la s\u00e9curit\u00e9, c\u2019est d\u2019apporter aussi des r\u00e9ponses durables aux besoins des populations qui ne sont en r\u00e9alit\u00e9 que de base. Il ne sert donc \u00e0 rien de relever les d\u00e9fis s\u00e9curitaires sans prendre en compte ces besoins \u00bb,<\/strong> <\/em><span style=\"font-size: 1.0625rem;\">a d\u00e9clar\u00e9 le Chef du Gouvernement.<\/span><\/p>\n<p><strong>Latribunedufaso.net<\/strong><\/p>\n<p><strong>Source <span style=\"font-size: 1.0625rem;\">: BNGPB<\/span><\/strong><\/p>\n","protected":false},"excerpt":{"rendered":"<p>Le Directeur ex\u00e9cutif du Bureau national des grands projets du Burkina (BNGPB), Dr. Bruno Compaor\u00e9 a rendu une visite de courtoisie au premier ministre ce lundi 20 janvier 2025. Objectif, requ\u00e9rir des orientations et des instructions pour la conduite des missions du Bureau national des grands projets du Burkina.<\/p>\n","protected":false},"author":5,"featured_media":18345,"comment_status":"open","ping_status":"open","sticky":false,"template":"","format":"standard","meta":{"footnotes":""},"categories":[13,1,8],"tags":[643,39],"class_list":["post-18343","post","type-post","status-publish","format-standard","has-post-thumbnail","hentry","category-une","category-actu","category-societe","tag-bureau-national-des-grands-projets-du-burkina-bngpb","tag-latribunedufaso-net"],"yoast_head":"<!-- This site is optimized with the Yoast SEO plugin v27.5 - https:\/\/yoast.com\/product\/yoast-seo-wordpress\/ -->\n<title>D\u00e9veloppement : Le Premier ministre re\u00e7oit le Directeur ex\u00e9cutif du Bureau national des grands projets du Burkina - La Tribune du Faso<\/title>\n<meta name=\"robots\" content=\"index, follow, max-snippet:-1, max-image-preview:large, max-video-preview:-1\" \/>\n<link rel=\"canonical\" href=\"https:\/\/www.latribunedufaso.net\/?p=18343\" \/>\n<meta property=\"og:locale\" content=\"fr_FR\" \/>\n<meta property=\"og:type\" content=\"article\" \/>\n<meta property=\"og:title\" content=\"D\u00e9veloppement : Le Premier ministre re\u00e7oit le Directeur ex\u00e9cutif du Bureau national des grands projets du Burkina - La Tribune du Faso\" \/>\n<meta property=\"og:description\" content=\"Le Directeur ex\u00e9cutif du Bureau national des grands projets du Burkina (BNGPB), Dr. Bruno Compaor\u00e9 a rendu une visite de courtoisie au premier ministre ce lundi 20 janvier 2025. Objectif, requ\u00e9rir des orientations et des instructions pour la conduite des missions du Bureau national des grands projets du Burkina.\" \/>\n<meta property=\"og:url\" content=\"https:\/\/www.latribunedufaso.net\/?p=18343\" \/>\n<meta property=\"og:site_name\" content=\"La Tribune du Faso\" \/>\n<meta property=\"article:publisher\" content=\"https:\/\/www.facebook.com\/LatribuneduFaso\/\" \/>\n<meta property=\"article:published_time\" content=\"2025-01-23T11:32:06+00:00\" \/>\n<meta property=\"og:image\" content=\"https:\/\/www.latribunedufaso.net\/wp-content\/uploads\/2025\/01\/FB_IMG_1737631397627.jpg\" \/>\n\t<meta property=\"og:image:width\" content=\"720\" \/>\n\t<meta property=\"og:image:height\" content=\"696\" \/>\n\t<meta property=\"og:image:type\" content=\"image\/jpeg\" \/>\n<meta name=\"author\" content=\"Issouf Tapsoba\" \/>\n<meta name=\"twitter:label1\" content=\"\u00c9crit par\" \/>\n\t<meta name=\"twitter:data1\" content=\"Issouf Tapsoba\" \/>\n\t<meta name=\"twitter:label2\" content=\"Dur\u00e9e de lecture estim\u00e9e\" \/>\n\t<meta name=\"twitter:data2\" content=\"2 minutes\" \/>\n<script type=\"application\/ld+json\" class=\"yoast-schema-graph\">{\"@context\":\"https:\\\/\\\/schema.org\",\"@graph\":[{\"@type\":\"Article\",\"@id\":\"https:\\\/\\\/www.latribunedufaso.net\\\/?p=18343#article\",\"isPartOf\":{\"@id\":\"https:\\\/\\\/www.latribunedufaso.net\\\/?p=18343\"},\"author\":{\"name\":\"Issouf Tapsoba\",\"@id\":\"https:\\\/\\\/www.latribunedufaso.net\\\/#\\\/schema\\\/person\\\/e54e64c5778a7e72cf80a318b7a622b0\"},\"headline\":\"D\u00e9veloppement : Le Premier ministre re\u00e7oit le Directeur ex\u00e9cutif du Bureau national des grands projets du Burkina\",\"datePublished\":\"2025-01-23T11:32:06+00:00\",\"mainEntityOfPage\":{\"@id\":\"https:\\\/\\\/www.latribunedufaso.net\\\/?p=18343\"},\"wordCount\":336,\"commentCount\":0,\"publisher\":{\"@id\":\"https:\\\/\\\/www.latribunedufaso.net\\\/#organization\"},\"image\":{\"@id\":\"https:\\\/\\\/www.latribunedufaso.net\\\/?p=18343#primaryimage\"},\"thumbnailUrl\":\"https:\\\/\\\/www.latribunedufaso.net\\\/wp-content\\\/uploads\\\/2025\\\/01\\\/FB_IMG_1737631397627.jpg\",\"keywords\":[\"Bureau national des grands projets du Burkina (BNGPB)\",\"latribunedufaso.net\"],\"articleSection\":[\"A la une\",\"Actualit\u00e9\",\"Soci\u00e9t\u00e9\"],\"inLanguage\":\"fr-FR\",\"potentialAction\":[{\"@type\":\"CommentAction\",\"name\":\"Comment\",\"target\":[\"https:\\\/\\\/www.latribunedufaso.net\\\/?p=18343#respond\"]}]},{\"@type\":\"WebPage\",\"@id\":\"https:\\\/\\\/www.latribunedufaso.net\\\/?p=18343\",\"url\":\"https:\\\/\\\/www.latribunedufaso.net\\\/?p=18343\",\"name\":\"D\u00e9veloppement : Le Premier ministre re\u00e7oit le Directeur ex\u00e9cutif du Bureau national des grands projets du Burkina - La Tribune du Faso\",\"isPartOf\":{\"@id\":\"https:\\\/\\\/www.latribunedufaso.net\\\/#website\"},\"primaryImageOfPage\":{\"@id\":\"https:\\\/\\\/www.latribunedufaso.net\\\/?p=18343#primaryimage\"},\"image\":{\"@id\":\"https:\\\/\\\/www.latribunedufaso.net\\\/?p=18343#primaryimage\"},\"thumbnailUrl\":\"https:\\\/\\\/www.latribunedufaso.net\\\/wp-content\\\/uploads\\\/2025\\\/01\\\/FB_IMG_1737631397627.jpg\",\"datePublished\":\"2025-01-23T11:32:06+00:00\",\"breadcrumb\":{\"@id\":\"https:\\\/\\\/www.latribunedufaso.net\\\/?p=18343#breadcrumb\"},\"inLanguage\":\"fr-FR\",\"potentialAction\":[{\"@type\":\"ReadAction\",\"target\":[\"https:\\\/\\\/www.latribunedufaso.net\\\/?p=18343\"]}]},{\"@type\":\"ImageObject\",\"inLanguage\":\"fr-FR\",\"@id\":\"https:\\\/\\\/www.latribunedufaso.net\\\/?p=18343#primaryimage\",\"url\":\"https:\\\/\\\/www.latribunedufaso.net\\\/wp-content\\\/uploads\\\/2025\\\/01\\\/FB_IMG_1737631397627.jpg\",\"contentUrl\":\"https:\\\/\\\/www.latribunedufaso.net\\\/wp-content\\\/uploads\\\/2025\\\/01\\\/FB_IMG_1737631397627.jpg\",\"width\":720,\"height\":696,\"caption\":\"Le Premier ministre a accord\u00e9 une audience au Directeur ex\u00e9cutif du Bureau national des grands projets du Burkina (BNGPB), Dr. Bruno Compaor\u00e9, 20 janvier 2025\"},{\"@type\":\"BreadcrumbList\",\"@id\":\"https:\\\/\\\/www.latribunedufaso.net\\\/?p=18343#breadcrumb\",\"itemListElement\":[{\"@type\":\"ListItem\",\"position\":1,\"name\":\"Accueil\",\"item\":\"https:\\\/\\\/www.latribunedufaso.net\\\/\"},{\"@type\":\"ListItem\",\"position\":2,\"name\":\"D\u00e9veloppement : Le Premier ministre re\u00e7oit le Directeur ex\u00e9cutif du Bureau national des grands projets du Burkina\"}]},{\"@type\":\"WebSite\",\"@id\":\"https:\\\/\\\/www.latribunedufaso.net\\\/#website\",\"url\":\"https:\\\/\\\/www.latribunedufaso.net\\\/\",\"name\":\"La Tribune du Faso\",\"description\":\"L&#039;information du monde rural en un clic\",\"publisher\":{\"@id\":\"https:\\\/\\\/www.latribunedufaso.net\\\/#organization\"},\"potentialAction\":[{\"@type\":\"SearchAction\",\"target\":{\"@type\":\"EntryPoint\",\"urlTemplate\":\"https:\\\/\\\/www.latribunedufaso.net\\\/?s={search_term_string}\"},\"query-input\":{\"@type\":\"PropertyValueSpecification\",\"valueRequired\":true,\"valueName\":\"search_term_string\"}}],\"inLanguage\":\"fr-FR\"},{\"@type\":\"Organization\",\"@id\":\"https:\\\/\\\/www.latribunedufaso.net\\\/#organization\",\"name\":\"La Tribune du Faso\",\"url\":\"https:\\\/\\\/www.latribunedufaso.net\\\/\",\"logo\":{\"@type\":\"ImageObject\",\"inLanguage\":\"fr-FR\",\"@id\":\"https:\\\/\\\/www.latribunedufaso.net\\\/#\\\/schema\\\/logo\\\/image\\\/\",\"url\":\"https:\\\/\\\/www.latribunedufaso.net\\\/wp-content\\\/uploads\\\/2020\\\/08\\\/Logo-Tribune-du-Faso-final-scaled.jpg\",\"contentUrl\":\"https:\\\/\\\/www.latribunedufaso.net\\\/wp-content\\\/uploads\\\/2020\\\/08\\\/Logo-Tribune-du-Faso-final-scaled.jpg\",\"width\":2560,\"height\":1856,\"caption\":\"La Tribune du Faso\"},\"image\":{\"@id\":\"https:\\\/\\\/www.latribunedufaso.net\\\/#\\\/schema\\\/logo\\\/image\\\/\"},\"sameAs\":[\"https:\\\/\\\/www.facebook.com\\\/LatribuneduFaso\\\/\"]},{\"@type\":\"Person\",\"@id\":\"https:\\\/\\\/www.latribunedufaso.net\\\/#\\\/schema\\\/person\\\/e54e64c5778a7e72cf80a318b7a622b0\",\"name\":\"Issouf Tapsoba\",\"image\":{\"@type\":\"ImageObject\",\"inLanguage\":\"fr-FR\",\"@id\":\"https:\\\/\\\/secure.gravatar.com\\\/avatar\\\/5e6c05150ce3230247d167f5b94d678eb05936197436d69b7921e3a95c9107ac?s=96&d=mm&r=g\",\"url\":\"https:\\\/\\\/secure.gravatar.com\\\/avatar\\\/5e6c05150ce3230247d167f5b94d678eb05936197436d69b7921e3a95c9107ac?s=96&d=mm&r=g\",\"contentUrl\":\"https:\\\/\\\/secure.gravatar.com\\\/avatar\\\/5e6c05150ce3230247d167f5b94d678eb05936197436d69b7921e3a95c9107ac?s=96&d=mm&r=g\",\"caption\":\"Issouf Tapsoba\"},\"url\":\"https:\\\/\\\/www.latribunedufaso.net\\\/?author=5\"}]}<\/script>\n<!-- \/ Yoast SEO plugin. -->","yoast_head_json":{"title":"D\u00e9veloppement : Le Premier ministre re\u00e7oit le Directeur ex\u00e9cutif du Bureau national des grands projets du Burkina - La Tribune du Faso","robots":{"index":"index","follow":"follow","max-snippet":"max-snippet:-1","max-image-preview":"max-image-preview:large","max-video-preview":"max-video-preview:-1"},"canonical":"https:\/\/www.latribunedufaso.net\/?p=18343","og_locale":"fr_FR","og_type":"article","og_title":"D\u00e9veloppement : Le Premier ministre re\u00e7oit le Directeur ex\u00e9cutif du Bureau national des grands projets du Burkina - La Tribune du Faso","og_description":"Le Directeur ex\u00e9cutif du Bureau national des grands projets du Burkina (BNGPB), Dr. Bruno Compaor\u00e9 a rendu une visite de courtoisie au premier ministre ce lundi 20 janvier 2025. Objectif, requ\u00e9rir des orientations et des instructions pour la conduite des missions du Bureau national des grands projets du Burkina.","og_url":"https:\/\/www.latribunedufaso.net\/?p=18343","og_site_name":"La Tribune du Faso","article_publisher":"https:\/\/www.facebook.com\/LatribuneduFaso\/","article_published_time":"2025-01-23T11:32:06+00:00","og_image":[{"width":720,"height":696,"url":"https:\/\/www.latribunedufaso.net\/wp-content\/uploads\/2025\/01\/FB_IMG_1737631397627.jpg","type":"image\/jpeg"}],"author":"Issouf Tapsoba","twitter_misc":{"\u00c9crit par":"Issouf Tapsoba","Dur\u00e9e de lecture estim\u00e9e":"2 minutes"},"schema":{"@context":"https:\/\/schema.org","@graph":[{"@type":"Article","@id":"https:\/\/www.latribunedufaso.net\/?p=18343#article","isPartOf":{"@id":"https:\/\/www.latribunedufaso.net\/?p=18343"},"author":{"name":"Issouf Tapsoba","@id":"https:\/\/www.latribunedufaso.net\/#\/schema\/person\/e54e64c5778a7e72cf80a318b7a622b0"},"headline":"D\u00e9veloppement : Le Premier ministre re\u00e7oit le Directeur ex\u00e9cutif du Bureau national des grands projets du Burkina","datePublished":"2025-01-23T11:32:06+00:00","mainEntityOfPage":{"@id":"https:\/\/www.latribunedufaso.net\/?p=18343"},"wordCount":336,"commentCount":0,"publisher":{"@id":"https:\/\/www.latribunedufaso.net\/#organization"},"image":{"@id":"https:\/\/www.latribunedufaso.net\/?p=18343#primaryimage"},"thumbnailUrl":"https:\/\/www.latribunedufaso.net\/wp-content\/uploads\/2025\/01\/FB_IMG_1737631397627.jpg","keywords":["Bureau national des grands projets du Burkina (BNGPB)","latribunedufaso.net"],"articleSection":["A la une","Actualit\u00e9","Soci\u00e9t\u00e9"],"inLanguage":"fr-FR","potentialAction":[{"@type":"CommentAction","name":"Comment","target":["https:\/\/www.latribunedufaso.net\/?p=18343#respond"]}]},{"@type":"WebPage","@id":"https:\/\/www.latribunedufaso.net\/?p=18343","url":"https:\/\/www.latribunedufaso.net\/?p=18343","name":"D\u00e9veloppement : Le Premier ministre re\u00e7oit le Directeur ex\u00e9cutif du Bureau national des grands projets du Burkina - La Tribune du Faso","isPartOf":{"@id":"https:\/\/www.latribunedufaso.net\/#website"},"primaryImageOfPage":{"@id":"https:\/\/www.latribunedufaso.net\/?p=18343#primaryimage"},"image":{"@id":"https:\/\/www.latribunedufaso.net\/?p=18343#primaryimage"},"thumbnailUrl":"https:\/\/www.latribunedufaso.net\/wp-content\/uploads\/2025\/01\/FB_IMG_1737631397627.jpg","datePublished":"2025-01-23T11:32:06+00:00","breadcrumb":{"@id":"https:\/\/www.latribunedufaso.net\/?p=18343#breadcrumb"},"inLanguage":"fr-FR","potentialAction":[{"@type":"ReadAction","target":["https:\/\/www.latribunedufaso.net\/?p=18343"]}]},{"@type":"ImageObject","inLanguage":"fr-FR","@id":"https:\/\/www.latribunedufaso.net\/?p=18343#primaryimage","url":"https:\/\/www.latribunedufaso.net\/wp-content\/uploads\/2025\/01\/FB_IMG_1737631397627.jpg","contentUrl":"https:\/\/www.latribunedufaso.net\/wp-content\/uploads\/2025\/01\/FB_IMG_1737631397627.jpg","width":720,"height":696,"caption":"Le Premier ministre a accord\u00e9 une audience au Directeur ex\u00e9cutif du Bureau national des grands projets du Burkina (BNGPB), Dr. Bruno Compaor\u00e9, 20 janvier 2025"},{"@type":"BreadcrumbList","@id":"https:\/\/www.latribunedufaso.net\/?p=18343#breadcrumb","itemListElement":[{"@type":"ListItem","position":1,"name":"Accueil","item":"https:\/\/www.latribunedufaso.net\/"},{"@type":"ListItem","position":2,"name":"D\u00e9veloppement : Le Premier ministre re\u00e7oit le Directeur ex\u00e9cutif du Bureau national des grands projets du Burkina"}]},{"@type":"WebSite","@id":"https:\/\/www.latribunedufaso.net\/#website","url":"https:\/\/www.latribunedufaso.net\/","name":"La Tribune du Faso","description":"L&#039;information du monde rural en un clic","publisher":{"@id":"https:\/\/www.latribunedufaso.net\/#organization"},"potentialAction":[{"@type":"SearchAction","target":{"@type":"EntryPoint","urlTemplate":"https:\/\/www.latribunedufaso.net\/?s={search_term_string}"},"query-input":{"@type":"PropertyValueSpecification","valueRequired":true,"valueName":"search_term_string"}}],"inLanguage":"fr-FR"},{"@type":"Organization","@id":"https:\/\/www.latribunedufaso.net\/#organization","name":"La Tribune du Faso","url":"https:\/\/www.latribunedufaso.net\/","logo":{"@type":"ImageObject","inLanguage":"fr-FR","@id":"https:\/\/www.latribunedufaso.net\/#\/schema\/logo\/image\/","url":"https:\/\/www.latribunedufaso.net\/wp-content\/uploads\/2020\/08\/Logo-Tribune-du-Faso-final-scaled.jpg","contentUrl":"https:\/\/www.latribunedufaso.net\/wp-content\/uploads\/2020\/08\/Logo-Tribune-du-Faso-final-scaled.jpg","width":2560,"height":1856,"caption":"La Tribune du Faso"},"image":{"@id":"https:\/\/www.latribunedufaso.net\/#\/schema\/logo\/image\/"},"sameAs":["https:\/\/www.facebook.com\/LatribuneduFaso\/"]},{"@type":"Person","@id":"https:\/\/www.latribunedufaso.net\/#\/schema\/person\/e54e64c5778a7e72cf80a318b7a622b0","name":"Issouf Tapsoba","image":{"@type":"ImageObject","inLanguage":"fr-FR","@id":"https:\/\/secure.gravatar.com\/avatar\/5e6c05150ce3230247d167f5b94d678eb05936197436d69b7921e3a95c9107ac?s=96&d=mm&r=g","url":"https:\/\/secure.gravatar.com\/avatar\/5e6c05150ce3230247d167f5b94d678eb05936197436d69b7921e3a95c9107ac?s=96&d=mm&r=g","contentUrl":"https:\/\/secure.gravatar.com\/avatar\/5e6c05150ce3230247d167f5b94d678eb05936197436d69b7921e3a95c9107ac?s=96&d=mm&r=g","caption":"Issouf Tapsoba"},"url":"https:\/\/www.latribunedufaso.net\/?author=5"}]}},"_links":{"self":[{"href":"https:\/\/www.latribunedufaso.net\/index.php?rest_route=\/wp\/v2\/posts\/18343","targetHints":{"allow":["GET"]}}],"collection":[{"href":"https:\/\/www.latribunedufaso.net\/index.php?rest_route=\/wp\/v2\/posts"}],"about":[{"href":"https:\/\/www.latribunedufaso.net\/index.php?rest_route=\/wp\/v2\/types\/post"}],"author":[{"embeddable":true,"href":"https:\/\/www.latribunedufaso.net\/index.php?rest_route=\/wp\/v2\/users\/5"}],"replies":[{"embeddable":true,"href":"https:\/\/www.latribunedufaso.net\/index.php?rest_route=%2Fwp%2Fv2%2Fcomments&post=18343"}],"version-history":[{"count":1,"href":"https:\/\/www.latribunedufaso.net\/index.php?rest_route=\/wp\/v2\/posts\/18343\/revisions"}],"predecessor-version":[{"id":18346,"href":"https:\/\/www.latribunedufaso.net\/index.php?rest_route=\/wp\/v2\/posts\/18343\/revisions\/18346"}],"wp:featuredmedia":[{"embeddable":true,"href":"https:\/\/www.latribunedufaso.net\/index.php?rest_route=\/wp\/v2\/media\/18345"}],"wp:attachment":[{"href":"https:\/\/www.latribunedufaso.net\/index.php?rest_route=%2Fwp%2Fv2%2Fmedia&parent=18343"}],"wp:term":[{"taxonomy":"category","embeddable":true,"href":"https:\/\/www.latribunedufaso.net\/index.php?rest_route=%2Fwp%2Fv2%2Fcategories&post=18343"},{"taxonomy":"post_tag","embeddable":true,"href":"https:\/\/www.latribunedufaso.net\/index.php?rest_route=%2Fwp%2Fv2%2Ftags&post=18343"}],"curies":[{"name":"wp","href":"https:\/\/api.w.org\/{rel}","templated":true}]}}