{"id":18316,"date":"2025-01-22T17:42:38","date_gmt":"2025-01-22T17:42:38","guid":{"rendered":"https:\/\/www.latribunedufaso.net\/?p=18316"},"modified":"2025-01-22T17:42:38","modified_gmt":"2025-01-22T17:42:38","slug":"ceremonie-de-distinction-des-personnalites-de-lannee-2024-leconomiste-du-faso-honore-13-personnes","status":"publish","type":"post","link":"https:\/\/www.latribunedufaso.net\/?p=18316","title":{"rendered":"C\u00e9r\u00e9monie de distinction des Personnalit\u00e9s de l\u2019ann\u00e9e 2024 : l\u2019Economiste du Faso honore 13 personnes"},"content":{"rendered":"<p><strong><span style=\"font-size: 1.0625rem;\">Dans la soir\u00e9e du 21 janvier 2025 \u00e0 Ouagadougou, le journal l\u2019Economiste du Faso a organis\u00e9 la 1ere \u00e9dition de la c\u00e9r\u00e9monie de distinction de ses personnalit\u00e9s de l\u2019ann\u00e9e 2024. Elle a connu la pr\u00e9sence du ministre en charge de la Communication, Gilbert Ou\u00e9draogo.<\/span><\/strong><!--more--><\/p>\n<p>Pour un m\u00e9dia, ce rituel de choisir sa <em><strong>\u00ab Personnalit\u00e9 de l\u2019ann\u00e9e \u00bb<\/strong><\/em> a \u00e9t\u00e9 institu\u00e9 depuis 1927 par l\u2019hebdomadaire am\u00e9ricain, The TIMES. En perp\u00e9tuant cette tradition, l\u2019Economiste du Faso a d\u00e9cid\u00e9 de distinguer ses Personnalit\u00e9s de l\u2019ann\u00e9e 2024. Premi\u00e8re du genre, c\u2019\u00e9tait \u00e0 l\u2019occasion d\u2019une c\u00e9r\u00e9monie de distinction tenue le 21 janvier 2025 \u00e0 Ouagadougou.<\/p>\n<p>Le journal a d\u00e9cid\u00e9 de consacrer une personnalit\u00e9 par rubrique, en lien avec sa ligne \u00e9ditoriale. Au total, ils sont au nombre de 13 Personnalit\u00e9s dont 9 personnes physiques et 4 personnes morales a \u00eatre distingu\u00e9es.<\/p>\n<figure id=\"attachment_18317\" aria-describedby=\"caption-attachment-18317\" style=\"width: 720px\" class=\"wp-caption aligncenter\"><a href=\"https:\/\/www.latribunedufaso.net\/wp-content\/uploads\/2025\/01\/FB_IMG_1737566787569.jpg\"><img loading=\"lazy\" decoding=\"async\" class=\"size-full wp-image-18317\" src=\"https:\/\/www.latribunedufaso.net\/wp-content\/uploads\/2025\/01\/FB_IMG_1737566787569.jpg\" alt=\"Le journal l'Economiste du Faso a organis\u00e9 la 1ere \u00e9dition de la c\u00e9r\u00e9monie de distinction de ses personnalit\u00e9s de l\u2019ann\u00e9e 2024, 21 janvier 2025\" width=\"720\" height=\"336\" srcset=\"https:\/\/www.latribunedufaso.net\/wp-content\/uploads\/2025\/01\/FB_IMG_1737566787569.jpg 720w, https:\/\/www.latribunedufaso.net\/wp-content\/uploads\/2025\/01\/FB_IMG_1737566787569-300x140.jpg 300w\" sizes=\"auto, (max-width: 720px) 100vw, 720px\" \/><\/a><figcaption id=\"caption-attachment-18317\" class=\"wp-caption-text\">La Directrice de publication de l&rsquo;Economiste du Faso, Sandrine Sawadogo &#8211; Ph. DR<\/figcaption><\/figure>\n<p>&nbsp;<\/p>\n<p>Pour la Directrice de publication de L\u2019Economiste du Faso, Sandrine Sawadogo, ils ont d\u00e9cid\u00e9 de mettre en lumi\u00e8re l\u2019impact de ces Personnalit\u00e9s, non seulement pour les remercier, mais aussi pour inspirer d\u2019autres \u00e0 suivre leurs traces.<\/p>\n<figure id=\"attachment_18318\" aria-describedby=\"caption-attachment-18318\" style=\"width: 720px\" class=\"wp-caption aligncenter\"><a href=\"https:\/\/www.latribunedufaso.net\/wp-content\/uploads\/2025\/01\/FB_IMG_1737566828265.jpg\"><img loading=\"lazy\" decoding=\"async\" class=\"size-full wp-image-18318\" src=\"https:\/\/www.latribunedufaso.net\/wp-content\/uploads\/2025\/01\/FB_IMG_1737566828265.jpg\" alt=\"Le journal l'Economiste du Faso a organis\u00e9 la 1ere \u00e9dition de la c\u00e9r\u00e9monie de distinction de ses personnalit\u00e9s de l\u2019ann\u00e9e 2024, 21 janvier 2025\" width=\"720\" height=\"336\" srcset=\"https:\/\/www.latribunedufaso.net\/wp-content\/uploads\/2025\/01\/FB_IMG_1737566828265.jpg 720w, https:\/\/www.latribunedufaso.net\/wp-content\/uploads\/2025\/01\/FB_IMG_1737566828265-300x140.jpg 300w\" sizes=\"auto, (max-width: 720px) 100vw, 720px\" \/><\/a><figcaption id=\"caption-attachment-18318\" class=\"wp-caption-text\">Une vue des participants lors de la c\u00e9r\u00e9monie &#8211; Ph. DR<\/figcaption><\/figure>\n<p>Cette initiative \u00e9tait plac\u00e9e sous la pr\u00e9sidence du pr\u00e9sident du Conseil sup\u00e9rieur de la communication, Louis Modeste Ou\u00e9draogo. Il a adress\u00e9 ses f\u00e9licitations au journal qui a eu cette initiative de reconna\u00eetre et de magnifier les r\u00e9sultats atteints par des Burkinab\u00e8 dans leur secteur respectif.<\/p>\n<figure id=\"attachment_18319\" aria-describedby=\"caption-attachment-18319\" style=\"width: 720px\" class=\"wp-caption aligncenter\"><a href=\"https:\/\/www.latribunedufaso.net\/wp-content\/uploads\/2025\/01\/FB_IMG_1737566763866.jpg\"><img loading=\"lazy\" decoding=\"async\" class=\"size-full wp-image-18319\" src=\"https:\/\/www.latribunedufaso.net\/wp-content\/uploads\/2025\/01\/FB_IMG_1737566763866.jpg\" alt=\"Le journal l'Economiste du Faso a organis\u00e9 la 1ere \u00e9dition de la c\u00e9r\u00e9monie de distinction de ses personnalit\u00e9s de l\u2019ann\u00e9e 2024, 21 janvier 2025\" width=\"720\" height=\"336\" srcset=\"https:\/\/www.latribunedufaso.net\/wp-content\/uploads\/2025\/01\/FB_IMG_1737566763866.jpg 720w, https:\/\/www.latribunedufaso.net\/wp-content\/uploads\/2025\/01\/FB_IMG_1737566763866-300x140.jpg 300w\" sizes=\"auto, (max-width: 720px) 100vw, 720px\" \/><\/a><figcaption id=\"caption-attachment-18319\" class=\"wp-caption-text\">Le ministre en charge de la Communication, Gilbert Ou\u00e9draogo &#8211; Ph. DR<\/figcaption><\/figure>\n<p>&nbsp;<\/p>\n<p>Dans son intervention, le ministre Gilbert Ou\u00e9draogo a exhort\u00e9 les laur\u00e9ats de continuer \u00e0 inspirer, \u00e0 innover et \u00e0 \u0153uvrer pour un Burkina Faso uni et fort. <em><strong>\u00ab Vous \u00eates des symboles de r\u00e9silience et de cr\u00e9ativit\u00e9, des mod\u00e8les pour la jeunesse et des moteurs pour notre \u00e9conomie \u00bb,<\/strong> <\/em>a-t-il laiss\u00e9 entendre.<\/p>\n<blockquote>\n<p>Lire aussi &gt;&gt; <a href=\"https:\/\/www.latribunedufaso.net\/?p=7310\">10 ans de L\u2019Economiste du Faso : Un panel pour r\u00e9fl\u00e9chir sur la r\u00e9silience \u00e9conomique du pays en p\u00e9riode de crise<\/a><\/p>\n<\/blockquote>\n<p>Les 13 Personnalit\u00e9s distingu\u00e9es au cours de cette c\u00e9r\u00e9monie sont issues de plusieurs secteurs d\u2019activit\u00e9s. Il s\u2019agit, entre autres, de l\u2019Education, des finances et bourses, de l\u2019industrie, de la sant\u00e9, de l\u2019agriculture et de la culture.<\/p>\n<figure id=\"attachment_18322\" aria-describedby=\"caption-attachment-18322\" style=\"width: 2560px\" class=\"wp-caption aligncenter\"><a href=\"https:\/\/www.latribunedufaso.net\/wp-content\/uploads\/2025\/01\/IMG_20250121_213557_475-scaled.jpg\"><img loading=\"lazy\" decoding=\"async\" class=\"size-full wp-image-18322\" src=\"https:\/\/www.latribunedufaso.net\/wp-content\/uploads\/2025\/01\/IMG_20250121_213557_475-scaled.jpg\" alt=\"Le journal l'Economiste du Faso a organis\u00e9 la 1ere \u00e9dition de la c\u00e9r\u00e9monie de distinction de ses personnalit\u00e9s de l\u2019ann\u00e9e 2024, 21 janvier 2025\" width=\"2560\" height=\"1920\" srcset=\"https:\/\/www.latribunedufaso.net\/wp-content\/uploads\/2025\/01\/IMG_20250121_213557_475-scaled.jpg 2560w, https:\/\/www.latribunedufaso.net\/wp-content\/uploads\/2025\/01\/IMG_20250121_213557_475-300x225.jpg 300w, https:\/\/www.latribunedufaso.net\/wp-content\/uploads\/2025\/01\/IMG_20250121_213557_475-1024x768.jpg 1024w, https:\/\/www.latribunedufaso.net\/wp-content\/uploads\/2025\/01\/IMG_20250121_213557_475-768x576.jpg 768w, https:\/\/www.latribunedufaso.net\/wp-content\/uploads\/2025\/01\/IMG_20250121_213557_475-1536x1152.jpg 1536w, https:\/\/www.latribunedufaso.net\/wp-content\/uploads\/2025\/01\/IMG_20250121_213557_475-2048x1536.jpg 2048w\" sizes=\"auto, (max-width: 2560px) 100vw, 2560px\" \/><\/a><figcaption id=\"caption-attachment-18322\" class=\"wp-caption-text\">Kani Bicaba, producteur semencier &#8211; Ph. I. Tapsoba<\/figcaption><\/figure>\n<p>Au nombre des r\u00e9cipiendaires, il y a Kani Bicaba, producteur semencier. Il a exprim\u00e9 sa fiert\u00e9 de recevoir cette distinction. <em><strong>\u00ab Je suis agriculteur depuis 1981. Aujourd\u2019hui, je suis content de tout ce que j\u2019ai pu faire comme r\u00e9alisation. Je suis fier que les Burkinab\u00e8 reconnaissent mon travail \u00bb,<\/strong><\/em> s\u2019est-il r\u00e9joui.<\/p>\n<figure id=\"attachment_18323\" aria-describedby=\"caption-attachment-18323\" style=\"width: 2560px\" class=\"wp-caption aligncenter\"><a href=\"https:\/\/www.latribunedufaso.net\/wp-content\/uploads\/2025\/01\/IMG_20250121_213208_918-scaled.jpg\"><img loading=\"lazy\" decoding=\"async\" class=\"size-full wp-image-18323\" src=\"https:\/\/www.latribunedufaso.net\/wp-content\/uploads\/2025\/01\/IMG_20250121_213208_918-scaled.jpg\" alt=\"Le journal l'Economiste du Faso a organis\u00e9 la 1ere \u00e9dition de la c\u00e9r\u00e9monie de distinction de ses personnalit\u00e9s de l\u2019ann\u00e9e 2024, 21 janvier 2025\" width=\"2560\" height=\"1920\" srcset=\"https:\/\/www.latribunedufaso.net\/wp-content\/uploads\/2025\/01\/IMG_20250121_213208_918-scaled.jpg 2560w, https:\/\/www.latribunedufaso.net\/wp-content\/uploads\/2025\/01\/IMG_20250121_213208_918-300x225.jpg 300w, https:\/\/www.latribunedufaso.net\/wp-content\/uploads\/2025\/01\/IMG_20250121_213208_918-1024x768.jpg 1024w, https:\/\/www.latribunedufaso.net\/wp-content\/uploads\/2025\/01\/IMG_20250121_213208_918-768x576.jpg 768w, https:\/\/www.latribunedufaso.net\/wp-content\/uploads\/2025\/01\/IMG_20250121_213208_918-1536x1152.jpg 1536w, https:\/\/www.latribunedufaso.net\/wp-content\/uploads\/2025\/01\/IMG_20250121_213208_918-2048x1536.jpg 2048w\" sizes=\"auto, (max-width: 2560px) 100vw, 2560px\" \/><\/a><figcaption id=\"caption-attachment-18323\" class=\"wp-caption-text\">Le Directeur g\u00e9n\u00e9ral du Mus\u00e9e national du Burkina, Christian Dao<\/figcaption><\/figure>\n<p>Le Mus\u00e9e national du Burkina a \u00e9t\u00e9 distingu\u00e9 dans la cat\u00e9gorie culture. Son Directeur g\u00e9n\u00e9ral, Christian Dao, a remerci\u00e9 L\u2019Economiste du Faso pour cette distinction. <em><strong>\u00ab Le mus\u00e9e national est tr\u00e8s honor\u00e9 de recevoir ce prix. C&rsquo;est un prix qui nous interpelle \u00e0 toujours travailler \u00e0 mettre en valeur ce temple culturel pour en faire v\u00e9ritablement un instrument de d\u00e9veloppement mais aussi un outils de souverainet\u00e9 pour notre pays \u00bb,<\/strong><\/em> a-t-il laiss\u00e9 entendre.<\/p>\n<p><strong>Issouf TAPSOBA <\/strong><\/p>\n<p><strong>Latribunedufaso.net<\/strong><\/p>\n<p>&nbsp;<\/p>\n<p><strong>Le palmar\u00e8s<\/strong>\u00a0<\/p>\n<p><a href=\"https:\/\/www.latribunedufaso.net\/wp-content\/uploads\/2025\/01\/CamScanner-22-01-2025-17.04-scaled.jpg\"><img loading=\"lazy\" decoding=\"async\" class=\"size-full wp-image-18324 aligncenter\" src=\"https:\/\/www.latribunedufaso.net\/wp-content\/uploads\/2025\/01\/CamScanner-22-01-2025-17.04-scaled.jpg\" alt=\"Le journal l'Economiste du Faso a organis\u00e9 la 1ere \u00e9dition de la c\u00e9r\u00e9monie de distinction de ses personnalit\u00e9s de l\u2019ann\u00e9e 2024, 21 janvier 2025\" width=\"1716\" height=\"2560\" srcset=\"https:\/\/www.latribunedufaso.net\/wp-content\/uploads\/2025\/01\/CamScanner-22-01-2025-17.04-scaled.jpg 1716w, https:\/\/www.latribunedufaso.net\/wp-content\/uploads\/2025\/01\/CamScanner-22-01-2025-17.04-201x300.jpg 201w, https:\/\/www.latribunedufaso.net\/wp-content\/uploads\/2025\/01\/CamScanner-22-01-2025-17.04-686x1024.jpg 686w, https:\/\/www.latribunedufaso.net\/wp-content\/uploads\/2025\/01\/CamScanner-22-01-2025-17.04-768x1146.jpg 768w, https:\/\/www.latribunedufaso.net\/wp-content\/uploads\/2025\/01\/CamScanner-22-01-2025-17.04-1029x1536.jpg 1029w, https:\/\/www.latribunedufaso.net\/wp-content\/uploads\/2025\/01\/CamScanner-22-01-2025-17.04-1372x2048.jpg 1372w\" sizes=\"auto, (max-width: 1716px) 100vw, 1716px\" \/><\/a><\/p>\n","protected":false},"excerpt":{"rendered":"<p>Dans la soir\u00e9e du 21 janvier 2025 \u00e0 Ouagadougou, le journal l\u2019Economiste du Faso a organis\u00e9 la 1ere \u00e9dition de la c\u00e9r\u00e9monie de distinction de ses personnalit\u00e9s de l\u2019ann\u00e9e 2024. Elle a connu la pr\u00e9sence du ministre en charge de la Communication, Gilbert Ou\u00e9draogo.<\/p>\n","protected":false},"author":5,"featured_media":18320,"comment_status":"open","ping_status":"open","sticky":false,"template":"","format":"standard","meta":{"footnotes":""},"categories":[13,1,8],"tags":[478,39,84,639],"class_list":["post-18316","post","type-post","status-publish","format-standard","has-post-thumbnail","hentry","category-une","category-actu","category-societe","tag-leconomiste-du-faso","tag-latribunedufaso-net","tag-medias","tag-personnalite-de-lannee-leconomiste-du-faso"],"yoast_head":"<!-- This site is optimized with the Yoast SEO plugin v27.5 - https:\/\/yoast.com\/product\/yoast-seo-wordpress\/ -->\n<title>C\u00e9r\u00e9monie de distinction des Personnalit\u00e9s de l\u2019ann\u00e9e 2024 : l\u2019Economiste du Faso honore 13 personnes - La Tribune du Faso<\/title>\n<meta name=\"robots\" content=\"index, follow, max-snippet:-1, max-image-preview:large, max-video-preview:-1\" \/>\n<link rel=\"canonical\" href=\"https:\/\/www.latribunedufaso.net\/?p=18316\" \/>\n<meta property=\"og:locale\" content=\"fr_FR\" \/>\n<meta property=\"og:type\" content=\"article\" \/>\n<meta property=\"og:title\" content=\"C\u00e9r\u00e9monie de distinction des Personnalit\u00e9s de l\u2019ann\u00e9e 2024 : l\u2019Economiste du Faso honore 13 personnes - La Tribune du Faso\" \/>\n<meta property=\"og:description\" content=\"Dans la soir\u00e9e du 21 janvier 2025 \u00e0 Ouagadougou, le journal l\u2019Economiste du Faso a organis\u00e9 la 1ere \u00e9dition de la c\u00e9r\u00e9monie de distinction de ses personnalit\u00e9s de l\u2019ann\u00e9e 2024. Elle a connu la pr\u00e9sence du ministre en charge de la Communication, Gilbert Ou\u00e9draogo.\" \/>\n<meta property=\"og:url\" content=\"https:\/\/www.latribunedufaso.net\/?p=18316\" \/>\n<meta property=\"og:site_name\" content=\"La Tribune du Faso\" \/>\n<meta property=\"article:publisher\" content=\"https:\/\/www.facebook.com\/LatribuneduFaso\/\" \/>\n<meta property=\"article:published_time\" content=\"2025-01-22T17:42:38+00:00\" \/>\n<meta property=\"og:image\" content=\"https:\/\/www.latribunedufaso.net\/wp-content\/uploads\/2025\/01\/FB_IMG_1737566721751.jpg\" \/>\n\t<meta property=\"og:image:width\" content=\"720\" \/>\n\t<meta property=\"og:image:height\" content=\"405\" \/>\n\t<meta property=\"og:image:type\" content=\"image\/jpeg\" \/>\n<meta name=\"author\" content=\"Issouf Tapsoba\" \/>\n<meta name=\"twitter:label1\" content=\"\u00c9crit par\" \/>\n\t<meta name=\"twitter:data1\" content=\"Issouf Tapsoba\" \/>\n\t<meta name=\"twitter:label2\" content=\"Dur\u00e9e de lecture estim\u00e9e\" \/>\n\t<meta name=\"twitter:data2\" content=\"3 minutes\" \/>\n<script type=\"application\/ld+json\" class=\"yoast-schema-graph\">{\"@context\":\"https:\\\/\\\/schema.org\",\"@graph\":[{\"@type\":\"Article\",\"@id\":\"https:\\\/\\\/www.latribunedufaso.net\\\/?p=18316#article\",\"isPartOf\":{\"@id\":\"https:\\\/\\\/www.latribunedufaso.net\\\/?p=18316\"},\"author\":{\"name\":\"Issouf Tapsoba\",\"@id\":\"https:\\\/\\\/www.latribunedufaso.net\\\/#\\\/schema\\\/person\\\/e54e64c5778a7e72cf80a318b7a622b0\"},\"headline\":\"C\u00e9r\u00e9monie de distinction des Personnalit\u00e9s de l\u2019ann\u00e9e 2024 : l\u2019Economiste du Faso honore 13 personnes\",\"datePublished\":\"2025-01-22T17:42:38+00:00\",\"mainEntityOfPage\":{\"@id\":\"https:\\\/\\\/www.latribunedufaso.net\\\/?p=18316\"},\"wordCount\":626,\"commentCount\":0,\"publisher\":{\"@id\":\"https:\\\/\\\/www.latribunedufaso.net\\\/#organization\"},\"image\":{\"@id\":\"https:\\\/\\\/www.latribunedufaso.net\\\/?p=18316#primaryimage\"},\"thumbnailUrl\":\"https:\\\/\\\/www.latribunedufaso.net\\\/wp-content\\\/uploads\\\/2025\\\/01\\\/FB_IMG_1737566721751.jpg\",\"keywords\":[\"l'Economiste du Faso\",\"latribunedufaso.net\",\"m\u00e9dias\",\"Personnalit\u00e9 de l'ann\u00e9e l'Economiste du Faso\"],\"articleSection\":[\"A la une\",\"Actualit\u00e9\",\"Soci\u00e9t\u00e9\"],\"inLanguage\":\"fr-FR\",\"potentialAction\":[{\"@type\":\"CommentAction\",\"name\":\"Comment\",\"target\":[\"https:\\\/\\\/www.latribunedufaso.net\\\/?p=18316#respond\"]}]},{\"@type\":\"WebPage\",\"@id\":\"https:\\\/\\\/www.latribunedufaso.net\\\/?p=18316\",\"url\":\"https:\\\/\\\/www.latribunedufaso.net\\\/?p=18316\",\"name\":\"C\u00e9r\u00e9monie de distinction des Personnalit\u00e9s de l\u2019ann\u00e9e 2024 : l\u2019Economiste du Faso honore 13 personnes - La Tribune du Faso\",\"isPartOf\":{\"@id\":\"https:\\\/\\\/www.latribunedufaso.net\\\/#website\"},\"primaryImageOfPage\":{\"@id\":\"https:\\\/\\\/www.latribunedufaso.net\\\/?p=18316#primaryimage\"},\"image\":{\"@id\":\"https:\\\/\\\/www.latribunedufaso.net\\\/?p=18316#primaryimage\"},\"thumbnailUrl\":\"https:\\\/\\\/www.latribunedufaso.net\\\/wp-content\\\/uploads\\\/2025\\\/01\\\/FB_IMG_1737566721751.jpg\",\"datePublished\":\"2025-01-22T17:42:38+00:00\",\"breadcrumb\":{\"@id\":\"https:\\\/\\\/www.latribunedufaso.net\\\/?p=18316#breadcrumb\"},\"inLanguage\":\"fr-FR\",\"potentialAction\":[{\"@type\":\"ReadAction\",\"target\":[\"https:\\\/\\\/www.latribunedufaso.net\\\/?p=18316\"]}]},{\"@type\":\"ImageObject\",\"inLanguage\":\"fr-FR\",\"@id\":\"https:\\\/\\\/www.latribunedufaso.net\\\/?p=18316#primaryimage\",\"url\":\"https:\\\/\\\/www.latribunedufaso.net\\\/wp-content\\\/uploads\\\/2025\\\/01\\\/FB_IMG_1737566721751.jpg\",\"contentUrl\":\"https:\\\/\\\/www.latribunedufaso.net\\\/wp-content\\\/uploads\\\/2025\\\/01\\\/FB_IMG_1737566721751.jpg\",\"width\":720,\"height\":405,\"caption\":\"Le journal l'Economiste du Faso a organis\u00e9 la 1ere \u00e9dition de la c\u00e9r\u00e9monie de distinction de ses personnalit\u00e9s de l\u2019ann\u00e9e 2024, 21 janvier 2025\"},{\"@type\":\"BreadcrumbList\",\"@id\":\"https:\\\/\\\/www.latribunedufaso.net\\\/?p=18316#breadcrumb\",\"itemListElement\":[{\"@type\":\"ListItem\",\"position\":1,\"name\":\"Accueil\",\"item\":\"https:\\\/\\\/www.latribunedufaso.net\\\/\"},{\"@type\":\"ListItem\",\"position\":2,\"name\":\"C\u00e9r\u00e9monie de distinction des Personnalit\u00e9s de l\u2019ann\u00e9e 2024 : l\u2019Economiste du Faso honore 13 personnes\"}]},{\"@type\":\"WebSite\",\"@id\":\"https:\\\/\\\/www.latribunedufaso.net\\\/#website\",\"url\":\"https:\\\/\\\/www.latribunedufaso.net\\\/\",\"name\":\"La Tribune du Faso\",\"description\":\"L&#039;information du monde rural en un clic\",\"publisher\":{\"@id\":\"https:\\\/\\\/www.latribunedufaso.net\\\/#organization\"},\"potentialAction\":[{\"@type\":\"SearchAction\",\"target\":{\"@type\":\"EntryPoint\",\"urlTemplate\":\"https:\\\/\\\/www.latribunedufaso.net\\\/?s={search_term_string}\"},\"query-input\":{\"@type\":\"PropertyValueSpecification\",\"valueRequired\":true,\"valueName\":\"search_term_string\"}}],\"inLanguage\":\"fr-FR\"},{\"@type\":\"Organization\",\"@id\":\"https:\\\/\\\/www.latribunedufaso.net\\\/#organization\",\"name\":\"La Tribune du Faso\",\"url\":\"https:\\\/\\\/www.latribunedufaso.net\\\/\",\"logo\":{\"@type\":\"ImageObject\",\"inLanguage\":\"fr-FR\",\"@id\":\"https:\\\/\\\/www.latribunedufaso.net\\\/#\\\/schema\\\/logo\\\/image\\\/\",\"url\":\"https:\\\/\\\/www.latribunedufaso.net\\\/wp-content\\\/uploads\\\/2020\\\/08\\\/Logo-Tribune-du-Faso-final-scaled.jpg\",\"contentUrl\":\"https:\\\/\\\/www.latribunedufaso.net\\\/wp-content\\\/uploads\\\/2020\\\/08\\\/Logo-Tribune-du-Faso-final-scaled.jpg\",\"width\":2560,\"height\":1856,\"caption\":\"La Tribune du Faso\"},\"image\":{\"@id\":\"https:\\\/\\\/www.latribunedufaso.net\\\/#\\\/schema\\\/logo\\\/image\\\/\"},\"sameAs\":[\"https:\\\/\\\/www.facebook.com\\\/LatribuneduFaso\\\/\"]},{\"@type\":\"Person\",\"@id\":\"https:\\\/\\\/www.latribunedufaso.net\\\/#\\\/schema\\\/person\\\/e54e64c5778a7e72cf80a318b7a622b0\",\"name\":\"Issouf Tapsoba\",\"image\":{\"@type\":\"ImageObject\",\"inLanguage\":\"fr-FR\",\"@id\":\"https:\\\/\\\/secure.gravatar.com\\\/avatar\\\/5e6c05150ce3230247d167f5b94d678eb05936197436d69b7921e3a95c9107ac?s=96&d=mm&r=g\",\"url\":\"https:\\\/\\\/secure.gravatar.com\\\/avatar\\\/5e6c05150ce3230247d167f5b94d678eb05936197436d69b7921e3a95c9107ac?s=96&d=mm&r=g\",\"contentUrl\":\"https:\\\/\\\/secure.gravatar.com\\\/avatar\\\/5e6c05150ce3230247d167f5b94d678eb05936197436d69b7921e3a95c9107ac?s=96&d=mm&r=g\",\"caption\":\"Issouf Tapsoba\"},\"url\":\"https:\\\/\\\/www.latribunedufaso.net\\\/?author=5\"}]}<\/script>\n<!-- \/ Yoast SEO plugin. -->","yoast_head_json":{"title":"C\u00e9r\u00e9monie de distinction des Personnalit\u00e9s de l\u2019ann\u00e9e 2024 : l\u2019Economiste du Faso honore 13 personnes - La Tribune du Faso","robots":{"index":"index","follow":"follow","max-snippet":"max-snippet:-1","max-image-preview":"max-image-preview:large","max-video-preview":"max-video-preview:-1"},"canonical":"https:\/\/www.latribunedufaso.net\/?p=18316","og_locale":"fr_FR","og_type":"article","og_title":"C\u00e9r\u00e9monie de distinction des Personnalit\u00e9s de l\u2019ann\u00e9e 2024 : l\u2019Economiste du Faso honore 13 personnes - La Tribune du Faso","og_description":"Dans la soir\u00e9e du 21 janvier 2025 \u00e0 Ouagadougou, le journal l\u2019Economiste du Faso a organis\u00e9 la 1ere \u00e9dition de la c\u00e9r\u00e9monie de distinction de ses personnalit\u00e9s de l\u2019ann\u00e9e 2024. Elle a connu la pr\u00e9sence du ministre en charge de la Communication, Gilbert Ou\u00e9draogo.","og_url":"https:\/\/www.latribunedufaso.net\/?p=18316","og_site_name":"La Tribune du Faso","article_publisher":"https:\/\/www.facebook.com\/LatribuneduFaso\/","article_published_time":"2025-01-22T17:42:38+00:00","og_image":[{"width":720,"height":405,"url":"https:\/\/www.latribunedufaso.net\/wp-content\/uploads\/2025\/01\/FB_IMG_1737566721751.jpg","type":"image\/jpeg"}],"author":"Issouf Tapsoba","twitter_misc":{"\u00c9crit par":"Issouf Tapsoba","Dur\u00e9e de lecture estim\u00e9e":"3 minutes"},"schema":{"@context":"https:\/\/schema.org","@graph":[{"@type":"Article","@id":"https:\/\/www.latribunedufaso.net\/?p=18316#article","isPartOf":{"@id":"https:\/\/www.latribunedufaso.net\/?p=18316"},"author":{"name":"Issouf Tapsoba","@id":"https:\/\/www.latribunedufaso.net\/#\/schema\/person\/e54e64c5778a7e72cf80a318b7a622b0"},"headline":"C\u00e9r\u00e9monie de distinction des Personnalit\u00e9s de l\u2019ann\u00e9e 2024 : l\u2019Economiste du Faso honore 13 personnes","datePublished":"2025-01-22T17:42:38+00:00","mainEntityOfPage":{"@id":"https:\/\/www.latribunedufaso.net\/?p=18316"},"wordCount":626,"commentCount":0,"publisher":{"@id":"https:\/\/www.latribunedufaso.net\/#organization"},"image":{"@id":"https:\/\/www.latribunedufaso.net\/?p=18316#primaryimage"},"thumbnailUrl":"https:\/\/www.latribunedufaso.net\/wp-content\/uploads\/2025\/01\/FB_IMG_1737566721751.jpg","keywords":["l'Economiste du Faso","latribunedufaso.net","m\u00e9dias","Personnalit\u00e9 de l'ann\u00e9e l'Economiste du Faso"],"articleSection":["A la une","Actualit\u00e9","Soci\u00e9t\u00e9"],"inLanguage":"fr-FR","potentialAction":[{"@type":"CommentAction","name":"Comment","target":["https:\/\/www.latribunedufaso.net\/?p=18316#respond"]}]},{"@type":"WebPage","@id":"https:\/\/www.latribunedufaso.net\/?p=18316","url":"https:\/\/www.latribunedufaso.net\/?p=18316","name":"C\u00e9r\u00e9monie de distinction des Personnalit\u00e9s de l\u2019ann\u00e9e 2024 : l\u2019Economiste du Faso honore 13 personnes - La Tribune du Faso","isPartOf":{"@id":"https:\/\/www.latribunedufaso.net\/#website"},"primaryImageOfPage":{"@id":"https:\/\/www.latribunedufaso.net\/?p=18316#primaryimage"},"image":{"@id":"https:\/\/www.latribunedufaso.net\/?p=18316#primaryimage"},"thumbnailUrl":"https:\/\/www.latribunedufaso.net\/wp-content\/uploads\/2025\/01\/FB_IMG_1737566721751.jpg","datePublished":"2025-01-22T17:42:38+00:00","breadcrumb":{"@id":"https:\/\/www.latribunedufaso.net\/?p=18316#breadcrumb"},"inLanguage":"fr-FR","potentialAction":[{"@type":"ReadAction","target":["https:\/\/www.latribunedufaso.net\/?p=18316"]}]},{"@type":"ImageObject","inLanguage":"fr-FR","@id":"https:\/\/www.latribunedufaso.net\/?p=18316#primaryimage","url":"https:\/\/www.latribunedufaso.net\/wp-content\/uploads\/2025\/01\/FB_IMG_1737566721751.jpg","contentUrl":"https:\/\/www.latribunedufaso.net\/wp-content\/uploads\/2025\/01\/FB_IMG_1737566721751.jpg","width":720,"height":405,"caption":"Le journal l'Economiste du Faso a organis\u00e9 la 1ere \u00e9dition de la c\u00e9r\u00e9monie de distinction de ses personnalit\u00e9s de l\u2019ann\u00e9e 2024, 21 janvier 2025"},{"@type":"BreadcrumbList","@id":"https:\/\/www.latribunedufaso.net\/?p=18316#breadcrumb","itemListElement":[{"@type":"ListItem","position":1,"name":"Accueil","item":"https:\/\/www.latribunedufaso.net\/"},{"@type":"ListItem","position":2,"name":"C\u00e9r\u00e9monie de distinction des Personnalit\u00e9s de l\u2019ann\u00e9e 2024 : l\u2019Economiste du Faso honore 13 personnes"}]},{"@type":"WebSite","@id":"https:\/\/www.latribunedufaso.net\/#website","url":"https:\/\/www.latribunedufaso.net\/","name":"La Tribune du Faso","description":"L&#039;information du monde rural en un clic","publisher":{"@id":"https:\/\/www.latribunedufaso.net\/#organization"},"potentialAction":[{"@type":"SearchAction","target":{"@type":"EntryPoint","urlTemplate":"https:\/\/www.latribunedufaso.net\/?s={search_term_string}"},"query-input":{"@type":"PropertyValueSpecification","valueRequired":true,"valueName":"search_term_string"}}],"inLanguage":"fr-FR"},{"@type":"Organization","@id":"https:\/\/www.latribunedufaso.net\/#organization","name":"La Tribune du Faso","url":"https:\/\/www.latribunedufaso.net\/","logo":{"@type":"ImageObject","inLanguage":"fr-FR","@id":"https:\/\/www.latribunedufaso.net\/#\/schema\/logo\/image\/","url":"https:\/\/www.latribunedufaso.net\/wp-content\/uploads\/2020\/08\/Logo-Tribune-du-Faso-final-scaled.jpg","contentUrl":"https:\/\/www.latribunedufaso.net\/wp-content\/uploads\/2020\/08\/Logo-Tribune-du-Faso-final-scaled.jpg","width":2560,"height":1856,"caption":"La Tribune du Faso"},"image":{"@id":"https:\/\/www.latribunedufaso.net\/#\/schema\/logo\/image\/"},"sameAs":["https:\/\/www.facebook.com\/LatribuneduFaso\/"]},{"@type":"Person","@id":"https:\/\/www.latribunedufaso.net\/#\/schema\/person\/e54e64c5778a7e72cf80a318b7a622b0","name":"Issouf Tapsoba","image":{"@type":"ImageObject","inLanguage":"fr-FR","@id":"https:\/\/secure.gravatar.com\/avatar\/5e6c05150ce3230247d167f5b94d678eb05936197436d69b7921e3a95c9107ac?s=96&d=mm&r=g","url":"https:\/\/secure.gravatar.com\/avatar\/5e6c05150ce3230247d167f5b94d678eb05936197436d69b7921e3a95c9107ac?s=96&d=mm&r=g","contentUrl":"https:\/\/secure.gravatar.com\/avatar\/5e6c05150ce3230247d167f5b94d678eb05936197436d69b7921e3a95c9107ac?s=96&d=mm&r=g","caption":"Issouf Tapsoba"},"url":"https:\/\/www.latribunedufaso.net\/?author=5"}]}},"_links":{"self":[{"href":"https:\/\/www.latribunedufaso.net\/index.php?rest_route=\/wp\/v2\/posts\/18316","targetHints":{"allow":["GET"]}}],"collection":[{"href":"https:\/\/www.latribunedufaso.net\/index.php?rest_route=\/wp\/v2\/posts"}],"about":[{"href":"https:\/\/www.latribunedufaso.net\/index.php?rest_route=\/wp\/v2\/types\/post"}],"author":[{"embeddable":true,"href":"https:\/\/www.latribunedufaso.net\/index.php?rest_route=\/wp\/v2\/users\/5"}],"replies":[{"embeddable":true,"href":"https:\/\/www.latribunedufaso.net\/index.php?rest_route=%2Fwp%2Fv2%2Fcomments&post=18316"}],"version-history":[{"count":1,"href":"https:\/\/www.latribunedufaso.net\/index.php?rest_route=\/wp\/v2\/posts\/18316\/revisions"}],"predecessor-version":[{"id":18325,"href":"https:\/\/www.latribunedufaso.net\/index.php?rest_route=\/wp\/v2\/posts\/18316\/revisions\/18325"}],"wp:featuredmedia":[{"embeddable":true,"href":"https:\/\/www.latribunedufaso.net\/index.php?rest_route=\/wp\/v2\/media\/18320"}],"wp:attachment":[{"href":"https:\/\/www.latribunedufaso.net\/index.php?rest_route=%2Fwp%2Fv2%2Fmedia&parent=18316"}],"wp:term":[{"taxonomy":"category","embeddable":true,"href":"https:\/\/www.latribunedufaso.net\/index.php?rest_route=%2Fwp%2Fv2%2Fcategories&post=18316"},{"taxonomy":"post_tag","embeddable":true,"href":"https:\/\/www.latribunedufaso.net\/index.php?rest_route=%2Fwp%2Fv2%2Ftags&post=18316"}],"curies":[{"name":"wp","href":"https:\/\/api.w.org\/{rel}","templated":true}]}}