{"id":18305,"date":"2025-01-22T12:38:55","date_gmt":"2025-01-22T12:38:55","guid":{"rendered":"https:\/\/www.latribunedufaso.net\/?p=18305"},"modified":"2025-01-22T12:38:55","modified_gmt":"2025-01-22T12:38:55","slug":"cooperation-le-chef-de-la-delegation-de-lue-chez-le-premier-ministre","status":"publish","type":"post","link":"https:\/\/www.latribunedufaso.net\/?p=18305","title":{"rendered":"Coop\u00e9ration : Le chef de la d\u00e9l\u00e9gation de l\u2019UE chez le premier ministre\u00a0"},"content":{"rendered":"<p><strong><span style=\"font-size: 1.0625rem;\">Le Premier ministre Rimtalba Jean Emmanuel Ou\u00e9draogo a \u00e9chang\u00e9 le mardi 21 janvier 2025 avec l\u2019ambassadeur Daniel Aristi Gaztelumendi, Chef de la D\u00e9l\u00e9gation de l\u2019Union europ\u00e9enne (UE) au Burkina Faso. Le Chef du Gouvernement a, au cours de cette audience, annonc\u00e9 les priorit\u00e9s et le type de coop\u00e9ration que le Burkina Faso entend d\u00e9sormais entretenir avec ses partenaires.<\/span><\/strong><!--more--><\/p>\n<p><em><strong>\u00ab La s\u00e9curit\u00e9 est la priorit\u00e9 du Gouvernement. Nous n\u2019aurons de repos que quand nos concitoyens pourront librement aller et venir partout au Burkina Faso. La souverainet\u00e9 est notre combat. Nous affirmons notre ferme volont\u00e9 de tracer notre chemin nous-m\u00eames. <\/strong><\/em><\/p>\n<p><em><strong>Nous sommes \u00e9galement engag\u00e9s pour une transformation significative de notre pays. Pour cela, nous comptons sur nous-m\u00eames en premier lieu et sur les amis qui auront compris notre vision \u00bb,<\/strong><\/em> a d\u00e9clar\u00e9 le Premier ministre \u00e0 son h\u00f4te.<\/p>\n<figure id=\"attachment_18306\" aria-describedby=\"caption-attachment-18306\" style=\"width: 720px\" class=\"wp-caption aligncenter\"><a href=\"https:\/\/www.latribunedufaso.net\/wp-content\/uploads\/2025\/01\/FB_IMG_1737549174976.jpg\"><img loading=\"lazy\" decoding=\"async\" class=\"size-full wp-image-18306\" src=\"https:\/\/www.latribunedufaso.net\/wp-content\/uploads\/2025\/01\/FB_IMG_1737549174976.jpg\" alt=\"Le Premier ministre, Jean Emmanuel Ou\u00e9draogo a accord\u00e9 une audience au Chef de la D\u00e9l\u00e9gation de l\u2019Union europ\u00e9enne, 21 janvier 2025\" width=\"720\" height=\"565\" srcset=\"https:\/\/www.latribunedufaso.net\/wp-content\/uploads\/2025\/01\/FB_IMG_1737549174976.jpg 720w, https:\/\/www.latribunedufaso.net\/wp-content\/uploads\/2025\/01\/FB_IMG_1737549174976-300x235.jpg 300w\" sizes=\"auto, (max-width: 720px) 100vw, 720px\" \/><\/a><figcaption id=\"caption-attachment-18306\" class=\"wp-caption-text\">Le Chef de la D\u00e9l\u00e9gation de l\u2019Union europ\u00e9enne, l\u2019ambassadeur Daniel Aristi Gaztelumendi &#8211; Ph. DR<\/figcaption><\/figure>\n<p>Plus sp\u00e9cifiquement sur certaines relations bilat\u00e9rales du Burkina d\u00e9cri\u00e9es, notamment par des partenaires europ\u00e9ens, le Premier ministre a \u00e9t\u00e9 ferme. <em><strong>\u00ab Nous sommes amis avec tous les peuples qui respectent notre souverainet\u00e9 et nos valeurs. Partout o\u00f9 nos int\u00e9r\u00eats se trouvent, nous y allons. Le Burkina Faso privil\u00e9gie d\u00e9sormais une coop\u00e9ration honn\u00eate \u00e0 fort impact \u00bb.<\/strong><\/em><\/p>\n<blockquote>\n<p>Lire aussi &gt;&gt; <a href=\"https:\/\/www.latribunedufaso.net\/?p=16765\">Ouagadougou : Visite de l\u2019Union Europ\u00e9enne sur le chantier du canal de Tanghin<\/a><\/p>\n<\/blockquote>\n<p>L\u2019ambassadeur Daniel Aristi Gaztelumendi a affirm\u00e9 avoir suivi avec int\u00e9r\u00eat la D\u00e9claration de politique g\u00e9n\u00e9rale (DPG), le 27 d\u00e9cembre 2024. Cette audience \u00e9tait pour lui l\u2019occasion de f\u00e9liciter le Premier ministre pour sa nomination et de s\u2019enqu\u00e9rir plus finement des priorit\u00e9s du Gouvernement.<\/p>\n<p>Avant de prendre cong\u00e9, le Chef de la d\u00e9l\u00e9gation de l\u2019Union europ\u00e9enne a annonc\u00e9 au Premier ministre la visite prochaine au Burkina Faso du nouveau repr\u00e9sentant sp\u00e9cial de l\u2019Union europ\u00e9enne pour la r\u00e9gion du Sahel.<\/p>\n<p><strong>Latribunedufaso.net<\/strong><\/p>\n<p><strong>Source : DCRP <span style=\"font-size: 1.0625rem;\">Primature<\/span><\/strong><\/p>\n","protected":false},"excerpt":{"rendered":"<p>Le Premier ministre Rimtalba Jean Emmanuel Ou\u00e9draogo a \u00e9chang\u00e9 le mardi 21 janvier 2025 avec l\u2019ambassadeur Daniel Aristi Gaztelumendi, Chef de la D\u00e9l\u00e9gation de l\u2019Union europ\u00e9enne (UE) au Burkina Faso. Le Chef du Gouvernement a, au cours de cette audience, annonc\u00e9 les priorit\u00e9s et le type de coop\u00e9ration que le Burkina Faso entend d\u00e9sormais entretenir avec ses partenaires.<\/p>\n","protected":false},"author":5,"featured_media":18307,"comment_status":"open","ping_status":"open","sticky":false,"template":"","format":"standard","meta":{"footnotes":""},"categories":[13,1,8],"tags":[637,39],"class_list":["post-18305","post","type-post","status-publish","format-standard","has-post-thumbnail","hentry","category-une","category-actu","category-societe","tag-cooperation-burkina-ue","tag-latribunedufaso-net"],"yoast_head":"<!-- This site is optimized with the Yoast SEO plugin v27.5 - https:\/\/yoast.com\/product\/yoast-seo-wordpress\/ -->\n<title>Coop\u00e9ration : Le chef de la d\u00e9l\u00e9gation de l\u2019UE chez le premier ministre\u00a0 - La Tribune du Faso<\/title>\n<meta name=\"robots\" content=\"index, follow, max-snippet:-1, max-image-preview:large, max-video-preview:-1\" \/>\n<link rel=\"canonical\" href=\"https:\/\/www.latribunedufaso.net\/?p=18305\" \/>\n<meta property=\"og:locale\" content=\"fr_FR\" \/>\n<meta property=\"og:type\" content=\"article\" \/>\n<meta property=\"og:title\" content=\"Coop\u00e9ration : Le chef de la d\u00e9l\u00e9gation de l\u2019UE chez le premier ministre\u00a0 - La Tribune du Faso\" \/>\n<meta property=\"og:description\" content=\"Le Premier ministre Rimtalba Jean Emmanuel Ou\u00e9draogo a \u00e9chang\u00e9 le mardi 21 janvier 2025 avec l\u2019ambassadeur Daniel Aristi Gaztelumendi, Chef de la D\u00e9l\u00e9gation de l\u2019Union europ\u00e9enne (UE) au Burkina Faso. Le Chef du Gouvernement a, au cours de cette audience, annonc\u00e9 les priorit\u00e9s et le type de coop\u00e9ration que le Burkina Faso entend d\u00e9sormais entretenir avec ses partenaires.\" \/>\n<meta property=\"og:url\" content=\"https:\/\/www.latribunedufaso.net\/?p=18305\" \/>\n<meta property=\"og:site_name\" content=\"La Tribune du Faso\" \/>\n<meta property=\"article:publisher\" content=\"https:\/\/www.facebook.com\/LatribuneduFaso\/\" \/>\n<meta property=\"article:published_time\" content=\"2025-01-22T12:38:55+00:00\" \/>\n<meta property=\"og:image\" content=\"https:\/\/www.latribunedufaso.net\/wp-content\/uploads\/2025\/01\/FB_IMG_1737549163694.jpg\" \/>\n\t<meta property=\"og:image:width\" content=\"720\" \/>\n\t<meta property=\"og:image:height\" content=\"480\" \/>\n\t<meta property=\"og:image:type\" content=\"image\/jpeg\" \/>\n<meta name=\"author\" content=\"Issouf Tapsoba\" \/>\n<meta name=\"twitter:label1\" content=\"\u00c9crit par\" \/>\n\t<meta name=\"twitter:data1\" content=\"Issouf Tapsoba\" \/>\n\t<meta name=\"twitter:label2\" content=\"Dur\u00e9e de lecture estim\u00e9e\" \/>\n\t<meta name=\"twitter:data2\" content=\"2 minutes\" \/>\n<script type=\"application\/ld+json\" class=\"yoast-schema-graph\">{\"@context\":\"https:\\\/\\\/schema.org\",\"@graph\":[{\"@type\":\"Article\",\"@id\":\"https:\\\/\\\/www.latribunedufaso.net\\\/?p=18305#article\",\"isPartOf\":{\"@id\":\"https:\\\/\\\/www.latribunedufaso.net\\\/?p=18305\"},\"author\":{\"name\":\"Issouf Tapsoba\",\"@id\":\"https:\\\/\\\/www.latribunedufaso.net\\\/#\\\/schema\\\/person\\\/e54e64c5778a7e72cf80a318b7a622b0\"},\"headline\":\"Coop\u00e9ration : Le chef de la d\u00e9l\u00e9gation de l\u2019UE chez le premier ministre\u00a0\",\"datePublished\":\"2025-01-22T12:38:55+00:00\",\"mainEntityOfPage\":{\"@id\":\"https:\\\/\\\/www.latribunedufaso.net\\\/?p=18305\"},\"wordCount\":374,\"commentCount\":0,\"publisher\":{\"@id\":\"https:\\\/\\\/www.latribunedufaso.net\\\/#organization\"},\"image\":{\"@id\":\"https:\\\/\\\/www.latribunedufaso.net\\\/?p=18305#primaryimage\"},\"thumbnailUrl\":\"https:\\\/\\\/www.latribunedufaso.net\\\/wp-content\\\/uploads\\\/2025\\\/01\\\/FB_IMG_1737549163694.jpg\",\"keywords\":[\"Coop\u00e9ration Burkina-UE\",\"latribunedufaso.net\"],\"articleSection\":[\"A la une\",\"Actualit\u00e9\",\"Soci\u00e9t\u00e9\"],\"inLanguage\":\"fr-FR\",\"potentialAction\":[{\"@type\":\"CommentAction\",\"name\":\"Comment\",\"target\":[\"https:\\\/\\\/www.latribunedufaso.net\\\/?p=18305#respond\"]}]},{\"@type\":\"WebPage\",\"@id\":\"https:\\\/\\\/www.latribunedufaso.net\\\/?p=18305\",\"url\":\"https:\\\/\\\/www.latribunedufaso.net\\\/?p=18305\",\"name\":\"Coop\u00e9ration : Le chef de la d\u00e9l\u00e9gation de l\u2019UE chez le premier ministre\u00a0 - La Tribune du Faso\",\"isPartOf\":{\"@id\":\"https:\\\/\\\/www.latribunedufaso.net\\\/#website\"},\"primaryImageOfPage\":{\"@id\":\"https:\\\/\\\/www.latribunedufaso.net\\\/?p=18305#primaryimage\"},\"image\":{\"@id\":\"https:\\\/\\\/www.latribunedufaso.net\\\/?p=18305#primaryimage\"},\"thumbnailUrl\":\"https:\\\/\\\/www.latribunedufaso.net\\\/wp-content\\\/uploads\\\/2025\\\/01\\\/FB_IMG_1737549163694.jpg\",\"datePublished\":\"2025-01-22T12:38:55+00:00\",\"breadcrumb\":{\"@id\":\"https:\\\/\\\/www.latribunedufaso.net\\\/?p=18305#breadcrumb\"},\"inLanguage\":\"fr-FR\",\"potentialAction\":[{\"@type\":\"ReadAction\",\"target\":[\"https:\\\/\\\/www.latribunedufaso.net\\\/?p=18305\"]}]},{\"@type\":\"ImageObject\",\"inLanguage\":\"fr-FR\",\"@id\":\"https:\\\/\\\/www.latribunedufaso.net\\\/?p=18305#primaryimage\",\"url\":\"https:\\\/\\\/www.latribunedufaso.net\\\/wp-content\\\/uploads\\\/2025\\\/01\\\/FB_IMG_1737549163694.jpg\",\"contentUrl\":\"https:\\\/\\\/www.latribunedufaso.net\\\/wp-content\\\/uploads\\\/2025\\\/01\\\/FB_IMG_1737549163694.jpg\",\"width\":720,\"height\":480,\"caption\":\"Le Premier ministre, Jean Emmanuel Ou\u00e9draogo a accord\u00e9 une audience au Chef de la D\u00e9l\u00e9gation de l\u2019Union europ\u00e9enne, 21 janvier 2025\"},{\"@type\":\"BreadcrumbList\",\"@id\":\"https:\\\/\\\/www.latribunedufaso.net\\\/?p=18305#breadcrumb\",\"itemListElement\":[{\"@type\":\"ListItem\",\"position\":1,\"name\":\"Accueil\",\"item\":\"https:\\\/\\\/www.latribunedufaso.net\\\/\"},{\"@type\":\"ListItem\",\"position\":2,\"name\":\"Coop\u00e9ration : Le chef de la d\u00e9l\u00e9gation de l\u2019UE chez le premier ministre\u00a0\"}]},{\"@type\":\"WebSite\",\"@id\":\"https:\\\/\\\/www.latribunedufaso.net\\\/#website\",\"url\":\"https:\\\/\\\/www.latribunedufaso.net\\\/\",\"name\":\"La Tribune du Faso\",\"description\":\"L&#039;information du monde rural en un clic\",\"publisher\":{\"@id\":\"https:\\\/\\\/www.latribunedufaso.net\\\/#organization\"},\"potentialAction\":[{\"@type\":\"SearchAction\",\"target\":{\"@type\":\"EntryPoint\",\"urlTemplate\":\"https:\\\/\\\/www.latribunedufaso.net\\\/?s={search_term_string}\"},\"query-input\":{\"@type\":\"PropertyValueSpecification\",\"valueRequired\":true,\"valueName\":\"search_term_string\"}}],\"inLanguage\":\"fr-FR\"},{\"@type\":\"Organization\",\"@id\":\"https:\\\/\\\/www.latribunedufaso.net\\\/#organization\",\"name\":\"La Tribune du Faso\",\"url\":\"https:\\\/\\\/www.latribunedufaso.net\\\/\",\"logo\":{\"@type\":\"ImageObject\",\"inLanguage\":\"fr-FR\",\"@id\":\"https:\\\/\\\/www.latribunedufaso.net\\\/#\\\/schema\\\/logo\\\/image\\\/\",\"url\":\"https:\\\/\\\/www.latribunedufaso.net\\\/wp-content\\\/uploads\\\/2020\\\/08\\\/Logo-Tribune-du-Faso-final-scaled.jpg\",\"contentUrl\":\"https:\\\/\\\/www.latribunedufaso.net\\\/wp-content\\\/uploads\\\/2020\\\/08\\\/Logo-Tribune-du-Faso-final-scaled.jpg\",\"width\":2560,\"height\":1856,\"caption\":\"La Tribune du Faso\"},\"image\":{\"@id\":\"https:\\\/\\\/www.latribunedufaso.net\\\/#\\\/schema\\\/logo\\\/image\\\/\"},\"sameAs\":[\"https:\\\/\\\/www.facebook.com\\\/LatribuneduFaso\\\/\"]},{\"@type\":\"Person\",\"@id\":\"https:\\\/\\\/www.latribunedufaso.net\\\/#\\\/schema\\\/person\\\/e54e64c5778a7e72cf80a318b7a622b0\",\"name\":\"Issouf Tapsoba\",\"image\":{\"@type\":\"ImageObject\",\"inLanguage\":\"fr-FR\",\"@id\":\"https:\\\/\\\/secure.gravatar.com\\\/avatar\\\/5e6c05150ce3230247d167f5b94d678eb05936197436d69b7921e3a95c9107ac?s=96&d=mm&r=g\",\"url\":\"https:\\\/\\\/secure.gravatar.com\\\/avatar\\\/5e6c05150ce3230247d167f5b94d678eb05936197436d69b7921e3a95c9107ac?s=96&d=mm&r=g\",\"contentUrl\":\"https:\\\/\\\/secure.gravatar.com\\\/avatar\\\/5e6c05150ce3230247d167f5b94d678eb05936197436d69b7921e3a95c9107ac?s=96&d=mm&r=g\",\"caption\":\"Issouf Tapsoba\"},\"url\":\"https:\\\/\\\/www.latribunedufaso.net\\\/?author=5\"}]}<\/script>\n<!-- \/ Yoast SEO plugin. -->","yoast_head_json":{"title":"Coop\u00e9ration : Le chef de la d\u00e9l\u00e9gation de l\u2019UE chez le premier ministre\u00a0 - La Tribune du Faso","robots":{"index":"index","follow":"follow","max-snippet":"max-snippet:-1","max-image-preview":"max-image-preview:large","max-video-preview":"max-video-preview:-1"},"canonical":"https:\/\/www.latribunedufaso.net\/?p=18305","og_locale":"fr_FR","og_type":"article","og_title":"Coop\u00e9ration : Le chef de la d\u00e9l\u00e9gation de l\u2019UE chez le premier ministre\u00a0 - La Tribune du Faso","og_description":"Le Premier ministre Rimtalba Jean Emmanuel Ou\u00e9draogo a \u00e9chang\u00e9 le mardi 21 janvier 2025 avec l\u2019ambassadeur Daniel Aristi Gaztelumendi, Chef de la D\u00e9l\u00e9gation de l\u2019Union europ\u00e9enne (UE) au Burkina Faso. Le Chef du Gouvernement a, au cours de cette audience, annonc\u00e9 les priorit\u00e9s et le type de coop\u00e9ration que le Burkina Faso entend d\u00e9sormais entretenir avec ses partenaires.","og_url":"https:\/\/www.latribunedufaso.net\/?p=18305","og_site_name":"La Tribune du Faso","article_publisher":"https:\/\/www.facebook.com\/LatribuneduFaso\/","article_published_time":"2025-01-22T12:38:55+00:00","og_image":[{"width":720,"height":480,"url":"https:\/\/www.latribunedufaso.net\/wp-content\/uploads\/2025\/01\/FB_IMG_1737549163694.jpg","type":"image\/jpeg"}],"author":"Issouf Tapsoba","twitter_misc":{"\u00c9crit par":"Issouf Tapsoba","Dur\u00e9e de lecture estim\u00e9e":"2 minutes"},"schema":{"@context":"https:\/\/schema.org","@graph":[{"@type":"Article","@id":"https:\/\/www.latribunedufaso.net\/?p=18305#article","isPartOf":{"@id":"https:\/\/www.latribunedufaso.net\/?p=18305"},"author":{"name":"Issouf Tapsoba","@id":"https:\/\/www.latribunedufaso.net\/#\/schema\/person\/e54e64c5778a7e72cf80a318b7a622b0"},"headline":"Coop\u00e9ration : Le chef de la d\u00e9l\u00e9gation de l\u2019UE chez le premier ministre\u00a0","datePublished":"2025-01-22T12:38:55+00:00","mainEntityOfPage":{"@id":"https:\/\/www.latribunedufaso.net\/?p=18305"},"wordCount":374,"commentCount":0,"publisher":{"@id":"https:\/\/www.latribunedufaso.net\/#organization"},"image":{"@id":"https:\/\/www.latribunedufaso.net\/?p=18305#primaryimage"},"thumbnailUrl":"https:\/\/www.latribunedufaso.net\/wp-content\/uploads\/2025\/01\/FB_IMG_1737549163694.jpg","keywords":["Coop\u00e9ration Burkina-UE","latribunedufaso.net"],"articleSection":["A la une","Actualit\u00e9","Soci\u00e9t\u00e9"],"inLanguage":"fr-FR","potentialAction":[{"@type":"CommentAction","name":"Comment","target":["https:\/\/www.latribunedufaso.net\/?p=18305#respond"]}]},{"@type":"WebPage","@id":"https:\/\/www.latribunedufaso.net\/?p=18305","url":"https:\/\/www.latribunedufaso.net\/?p=18305","name":"Coop\u00e9ration : Le chef de la d\u00e9l\u00e9gation de l\u2019UE chez le premier ministre\u00a0 - La Tribune du Faso","isPartOf":{"@id":"https:\/\/www.latribunedufaso.net\/#website"},"primaryImageOfPage":{"@id":"https:\/\/www.latribunedufaso.net\/?p=18305#primaryimage"},"image":{"@id":"https:\/\/www.latribunedufaso.net\/?p=18305#primaryimage"},"thumbnailUrl":"https:\/\/www.latribunedufaso.net\/wp-content\/uploads\/2025\/01\/FB_IMG_1737549163694.jpg","datePublished":"2025-01-22T12:38:55+00:00","breadcrumb":{"@id":"https:\/\/www.latribunedufaso.net\/?p=18305#breadcrumb"},"inLanguage":"fr-FR","potentialAction":[{"@type":"ReadAction","target":["https:\/\/www.latribunedufaso.net\/?p=18305"]}]},{"@type":"ImageObject","inLanguage":"fr-FR","@id":"https:\/\/www.latribunedufaso.net\/?p=18305#primaryimage","url":"https:\/\/www.latribunedufaso.net\/wp-content\/uploads\/2025\/01\/FB_IMG_1737549163694.jpg","contentUrl":"https:\/\/www.latribunedufaso.net\/wp-content\/uploads\/2025\/01\/FB_IMG_1737549163694.jpg","width":720,"height":480,"caption":"Le Premier ministre, Jean Emmanuel Ou\u00e9draogo a accord\u00e9 une audience au Chef de la D\u00e9l\u00e9gation de l\u2019Union europ\u00e9enne, 21 janvier 2025"},{"@type":"BreadcrumbList","@id":"https:\/\/www.latribunedufaso.net\/?p=18305#breadcrumb","itemListElement":[{"@type":"ListItem","position":1,"name":"Accueil","item":"https:\/\/www.latribunedufaso.net\/"},{"@type":"ListItem","position":2,"name":"Coop\u00e9ration : Le chef de la d\u00e9l\u00e9gation de l\u2019UE chez le premier ministre\u00a0"}]},{"@type":"WebSite","@id":"https:\/\/www.latribunedufaso.net\/#website","url":"https:\/\/www.latribunedufaso.net\/","name":"La Tribune du Faso","description":"L&#039;information du monde rural en un clic","publisher":{"@id":"https:\/\/www.latribunedufaso.net\/#organization"},"potentialAction":[{"@type":"SearchAction","target":{"@type":"EntryPoint","urlTemplate":"https:\/\/www.latribunedufaso.net\/?s={search_term_string}"},"query-input":{"@type":"PropertyValueSpecification","valueRequired":true,"valueName":"search_term_string"}}],"inLanguage":"fr-FR"},{"@type":"Organization","@id":"https:\/\/www.latribunedufaso.net\/#organization","name":"La Tribune du Faso","url":"https:\/\/www.latribunedufaso.net\/","logo":{"@type":"ImageObject","inLanguage":"fr-FR","@id":"https:\/\/www.latribunedufaso.net\/#\/schema\/logo\/image\/","url":"https:\/\/www.latribunedufaso.net\/wp-content\/uploads\/2020\/08\/Logo-Tribune-du-Faso-final-scaled.jpg","contentUrl":"https:\/\/www.latribunedufaso.net\/wp-content\/uploads\/2020\/08\/Logo-Tribune-du-Faso-final-scaled.jpg","width":2560,"height":1856,"caption":"La Tribune du Faso"},"image":{"@id":"https:\/\/www.latribunedufaso.net\/#\/schema\/logo\/image\/"},"sameAs":["https:\/\/www.facebook.com\/LatribuneduFaso\/"]},{"@type":"Person","@id":"https:\/\/www.latribunedufaso.net\/#\/schema\/person\/e54e64c5778a7e72cf80a318b7a622b0","name":"Issouf Tapsoba","image":{"@type":"ImageObject","inLanguage":"fr-FR","@id":"https:\/\/secure.gravatar.com\/avatar\/5e6c05150ce3230247d167f5b94d678eb05936197436d69b7921e3a95c9107ac?s=96&d=mm&r=g","url":"https:\/\/secure.gravatar.com\/avatar\/5e6c05150ce3230247d167f5b94d678eb05936197436d69b7921e3a95c9107ac?s=96&d=mm&r=g","contentUrl":"https:\/\/secure.gravatar.com\/avatar\/5e6c05150ce3230247d167f5b94d678eb05936197436d69b7921e3a95c9107ac?s=96&d=mm&r=g","caption":"Issouf Tapsoba"},"url":"https:\/\/www.latribunedufaso.net\/?author=5"}]}},"_links":{"self":[{"href":"https:\/\/www.latribunedufaso.net\/index.php?rest_route=\/wp\/v2\/posts\/18305","targetHints":{"allow":["GET"]}}],"collection":[{"href":"https:\/\/www.latribunedufaso.net\/index.php?rest_route=\/wp\/v2\/posts"}],"about":[{"href":"https:\/\/www.latribunedufaso.net\/index.php?rest_route=\/wp\/v2\/types\/post"}],"author":[{"embeddable":true,"href":"https:\/\/www.latribunedufaso.net\/index.php?rest_route=\/wp\/v2\/users\/5"}],"replies":[{"embeddable":true,"href":"https:\/\/www.latribunedufaso.net\/index.php?rest_route=%2Fwp%2Fv2%2Fcomments&post=18305"}],"version-history":[{"count":1,"href":"https:\/\/www.latribunedufaso.net\/index.php?rest_route=\/wp\/v2\/posts\/18305\/revisions"}],"predecessor-version":[{"id":18308,"href":"https:\/\/www.latribunedufaso.net\/index.php?rest_route=\/wp\/v2\/posts\/18305\/revisions\/18308"}],"wp:featuredmedia":[{"embeddable":true,"href":"https:\/\/www.latribunedufaso.net\/index.php?rest_route=\/wp\/v2\/media\/18307"}],"wp:attachment":[{"href":"https:\/\/www.latribunedufaso.net\/index.php?rest_route=%2Fwp%2Fv2%2Fmedia&parent=18305"}],"wp:term":[{"taxonomy":"category","embeddable":true,"href":"https:\/\/www.latribunedufaso.net\/index.php?rest_route=%2Fwp%2Fv2%2Fcategories&post=18305"},{"taxonomy":"post_tag","embeddable":true,"href":"https:\/\/www.latribunedufaso.net\/index.php?rest_route=%2Fwp%2Fv2%2Ftags&post=18305"}],"curies":[{"name":"wp","href":"https:\/\/api.w.org\/{rel}","templated":true}]}}