{"id":18207,"date":"2025-01-14T17:46:59","date_gmt":"2025-01-14T17:46:59","guid":{"rendered":"https:\/\/www.latribunedufaso.net\/?p=18207"},"modified":"2025-01-14T17:46:59","modified_gmt":"2025-01-14T17:46:59","slug":"centre-universitaire-de-dori-le-ministre-adjima-thiombiano-salue-la-resilience-de-la-communaute-universitaire","status":"publish","type":"post","link":"https:\/\/www.latribunedufaso.net\/?p=18207","title":{"rendered":"Centre Universitaire de Dori : Le ministre Adjima Thiombiano salue la r\u00e9silience de la communaut\u00e9 universitaire"},"content":{"rendered":"<p><strong><span style=\"font-size: 1.0625rem;\">Le ministre de l\u2019Enseignement Sup\u00e9rieur, de la Recherche et de l\u2019Innovation, Adjima Thiombiano a effectu\u00e9 un d\u00e9placement le 13 janvier 2025 au Centre Universitaire de Dori (CUD). Il s\u2019agissait pour le ministre, d\u2019encourager les acteurs du monde universitaire et saluer leur r\u00e9silience ainsi que leur engagement dans la formation des \u00e9tudiants malgr\u00e9 les conditions difficiles.<\/span><\/strong><!--more--><\/p>\n<p><span style=\"font-size: 1.0625rem;\">L\u2019enseignement en pr\u00e9sentiel \u00e9tait l\u2019une des difficult\u00e9s auxquelles les enseignants vacataires \u00e9taient confront\u00e9s au CUD. <a href=\"https:\/\/www.latribunedufaso.net\/?p=6917\">Face au risque de fermeture qui pesait sur ce centre universitaire<\/a>, une strat\u00e9gie d\u2019urgence a \u00e9t\u00e9 mise en place lors de la visite du ministre Adjima Thiombiano le 13 avril 2023.<\/span><\/p>\n<figure id=\"attachment_18208\" aria-describedby=\"caption-attachment-18208\" style=\"width: 720px\" class=\"wp-caption aligncenter\"><a href=\"https:\/\/www.latribunedufaso.net\/wp-content\/uploads\/2025\/01\/FB_IMG_1736875816889.jpg\"><img loading=\"lazy\" decoding=\"async\" class=\"size-full wp-image-18208\" src=\"https:\/\/www.latribunedufaso.net\/wp-content\/uploads\/2025\/01\/FB_IMG_1736875816889.jpg\" alt=\"Visite du ministre en charge de l'Enseignement Sup\u00e9rieur, Adjima Thiombiano au Centre universitaire de Dori, 13 janvier 2025\" width=\"720\" height=\"324\" srcset=\"https:\/\/www.latribunedufaso.net\/wp-content\/uploads\/2025\/01\/FB_IMG_1736875816889.jpg 720w, https:\/\/www.latribunedufaso.net\/wp-content\/uploads\/2025\/01\/FB_IMG_1736875816889-300x135.jpg 300w\" sizes=\"auto, (max-width: 720px) 100vw, 720px\" \/><\/a><figcaption id=\"caption-attachment-18208\" class=\"wp-caption-text\">Le ministre en charge de l&rsquo;Enseignement Sup\u00e9rieur, Pr Adjima Thiombiano a salu\u00e9 la r\u00e9silience de la communaut\u00e9 universitaire du Centre universitaire de Dori &#8211; Ph. DR<\/figcaption><\/figure>\n<p><span style=\"font-size: 1.0625rem;\"><em><strong>\u00ab Nous sommes venus \u00e9changer avec les diff\u00e9rentes composantes de la ville de Dori. Depuis 2023, nous avons pu mettre en place un syst\u00e8me d\u2019enseignement \u00e0 distance. Ces enseignements ont fonctionn\u00e9 et ont permis aux vacataires depuis les diff\u00e9rentes localit\u00e9s du Burkina de pouvoir dispenser les enseignements aux \u00e9tudiants \u00bb<\/strong><\/em>, a-t-il expliqu\u00e9.<\/span><\/p>\n<p>Les \u00e9tudiants ont saisi l\u2019opportunit\u00e9 de la pr\u00e9sence du ministre pour lui faire quelques recommandations. Il s\u2019agit, entre autres, de la r\u00e9solution des questions des logements, de restauration, de d\u00e9placement et d\u2019infrastructures. <em><strong>\u00ab Nous comptons beaucoup sur lui pour que les choses changent au Centre Universitaire de Dori \u00bb<\/strong><\/em>, a indiqu\u00e9 Issa Zan\u00e9 , D\u00e9l\u00e9gu\u00e9 g\u00e9n\u00e9ral des \u00e9tudiants.<\/p>\n<figure id=\"attachment_18210\" aria-describedby=\"caption-attachment-18210\" style=\"width: 720px\" class=\"wp-caption aligncenter\"><a href=\"https:\/\/www.latribunedufaso.net\/wp-content\/uploads\/2025\/01\/FB_IMG_1736875841586.jpg\"><img loading=\"lazy\" decoding=\"async\" class=\"size-full wp-image-18210\" src=\"https:\/\/www.latribunedufaso.net\/wp-content\/uploads\/2025\/01\/FB_IMG_1736875841586.jpg\" alt=\"Visite du ministre en charge de l'Enseignement Sup\u00e9rieur, Adjima Thiombiano au Centre universitaire de Dori, 13 janvier 2025\" width=\"720\" height=\"324\" srcset=\"https:\/\/www.latribunedufaso.net\/wp-content\/uploads\/2025\/01\/FB_IMG_1736875841586.jpg 720w, https:\/\/www.latribunedufaso.net\/wp-content\/uploads\/2025\/01\/FB_IMG_1736875841586-300x135.jpg 300w\" sizes=\"auto, (max-width: 720px) 100vw, 720px\" \/><\/a><figcaption id=\"caption-attachment-18210\" class=\"wp-caption-text\">Vue des \u00e9tudiants lors de la rencontre avec le ministre &#8211; Ph. DR<\/figcaption><\/figure>\n<p>Pour le Pr Adjima Thiombiano, les pr\u00e9occupations soulev\u00e9es sont des d\u00e9fis majeurs qui trouveront bient\u00f4t des solutions avec l\u2019Initiative pr\u00e9sidentielle pour une \u00e9ducation de qualit\u00e9 pour tous (IPEG). Cette initiative permettra non seulement de mettre en place des infrastructures p\u00e9dagogiques mais \u00e9galement de construire des cit\u00e9s et des restaurants pour am\u00e9liorer les conditions de vie des \u00e9tudiants.<em><strong> \u00ab Le Centre Universitaire de Dori est bel et bien \u00e9ligible \u00e0 cette initiative \u00bb<\/strong><\/em>, a rassur\u00e9 le premier responsable de l\u2019enseignement sup\u00e9rieur.<\/p>\n<figure id=\"attachment_18209\" aria-describedby=\"caption-attachment-18209\" style=\"width: 720px\" class=\"wp-caption aligncenter\"><a href=\"https:\/\/www.latribunedufaso.net\/wp-content\/uploads\/2025\/01\/FB_IMG_1736875826398.jpg\"><img loading=\"lazy\" decoding=\"async\" class=\"size-full wp-image-18209\" src=\"https:\/\/www.latribunedufaso.net\/wp-content\/uploads\/2025\/01\/FB_IMG_1736875826398.jpg\" alt=\"Visite du ministre en charge de l'Enseignement Sup\u00e9rieur, Adjima Thiombiano au Centre universitaire de Dori, 13 janvier 2025\" width=\"720\" height=\"365\" srcset=\"https:\/\/www.latribunedufaso.net\/wp-content\/uploads\/2025\/01\/FB_IMG_1736875826398.jpg 720w, https:\/\/www.latribunedufaso.net\/wp-content\/uploads\/2025\/01\/FB_IMG_1736875826398-300x152.jpg 300w\" sizes=\"auto, (max-width: 720px) 100vw, 720px\" \/><\/a><figcaption id=\"caption-attachment-18209\" class=\"wp-caption-text\">Photo de famille des membres de la communaut\u00e9 universitaire de Dori avec le ministre &#8211; Ph. DR<\/figcaption><\/figure>\n<p>Il a \u00e9galement salu\u00e9 l\u2019engagement de la communaut\u00e9 universitaire qui a permis de ma\u00eetriser les retards acad\u00e9miques dans ce centre universitaire. <em><strong>\u00ab Pour moi, c\u2019est un r\u00e9el motif de satisfaction qui nous encourage \u00e0 faire davantage pour ce centre universitaire \u00bb,<\/strong><\/em> s\u2019est r\u00e9joui le ministre.<\/p>\n<p>En rappel, le Centre Universitaire de Dori a \u00e9t\u00e9 cr\u00e9\u00e9 en 2018. Il compte environ 400 \u00e9tudiants r\u00e9partis sur 5 fili\u00e8res. Il s\u2019agit de la production et sant\u00e9 animale, des mines, des lettres modernes, de la sociologie et des sciences \u00e9conomiques et de gestion.<\/p>\n<p><strong><span style=\"font-size: 1.0625rem;\">Latribunedufaso.net<\/span><\/strong><\/p>\n<p><strong>Source : DCRP\/ME<span style=\"font-size: 1.0625rem;\">SRI<\/span><\/strong><\/p>\n","protected":false},"excerpt":{"rendered":"<p>Le ministre de l\u2019Enseignement Sup\u00e9rieur, de la Recherche et de l\u2019Innovation, Adjima Thiombiano a effectu\u00e9 un d\u00e9placement le 13 janvier 2025 au Centre Universitaire de Dori (CUD). Il s\u2019agissait pour le ministre, d\u2019encourager les acteurs du monde universitaire et saluer leur r\u00e9silience ainsi que leur engagement dans la formation des \u00e9tudiants malgr\u00e9 les conditions difficiles.<\/p>\n","protected":false},"author":5,"featured_media":18211,"comment_status":"open","ping_status":"open","sticky":false,"template":"","format":"standard","meta":{"footnotes":""},"categories":[13,1,31],"tags":[623,54,39],"class_list":["post-18207","post","type-post","status-publish","format-standard","has-post-thumbnail","hentry","category-une","category-actu","category-education","tag-dori","tag-enseignement-superieur","tag-latribunedufaso-net"],"yoast_head":"<!-- This site is optimized with the Yoast SEO plugin v27.5 - https:\/\/yoast.com\/product\/yoast-seo-wordpress\/ -->\n<title>Centre Universitaire de Dori : Le ministre Adjima Thiombiano salue la r\u00e9silience de la communaut\u00e9 universitaire - La Tribune du Faso<\/title>\n<meta name=\"robots\" content=\"index, follow, max-snippet:-1, max-image-preview:large, max-video-preview:-1\" \/>\n<link rel=\"canonical\" href=\"https:\/\/www.latribunedufaso.net\/?p=18207\" \/>\n<meta property=\"og:locale\" content=\"fr_FR\" \/>\n<meta property=\"og:type\" content=\"article\" \/>\n<meta property=\"og:title\" content=\"Centre Universitaire de Dori : Le ministre Adjima Thiombiano salue la r\u00e9silience de la communaut\u00e9 universitaire - La Tribune du Faso\" \/>\n<meta property=\"og:description\" content=\"Le ministre de l\u2019Enseignement Sup\u00e9rieur, de la Recherche et de l\u2019Innovation, Adjima Thiombiano a effectu\u00e9 un d\u00e9placement le 13 janvier 2025 au Centre Universitaire de Dori (CUD). Il s\u2019agissait pour le ministre, d\u2019encourager les acteurs du monde universitaire et saluer leur r\u00e9silience ainsi que leur engagement dans la formation des \u00e9tudiants malgr\u00e9 les conditions difficiles.\" \/>\n<meta property=\"og:url\" content=\"https:\/\/www.latribunedufaso.net\/?p=18207\" \/>\n<meta property=\"og:site_name\" content=\"La Tribune du Faso\" \/>\n<meta property=\"article:publisher\" content=\"https:\/\/www.facebook.com\/LatribuneduFaso\/\" \/>\n<meta property=\"article:published_time\" content=\"2025-01-14T17:46:59+00:00\" \/>\n<meta property=\"og:image\" content=\"https:\/\/www.latribunedufaso.net\/wp-content\/uploads\/2025\/01\/FB_IMG_1736875857297.jpg\" \/>\n\t<meta property=\"og:image:width\" content=\"720\" \/>\n\t<meta property=\"og:image:height\" content=\"348\" \/>\n\t<meta property=\"og:image:type\" content=\"image\/jpeg\" \/>\n<meta name=\"author\" content=\"Issouf Tapsoba\" \/>\n<meta name=\"twitter:label1\" content=\"\u00c9crit par\" \/>\n\t<meta name=\"twitter:data1\" content=\"Issouf Tapsoba\" \/>\n\t<meta name=\"twitter:label2\" content=\"Dur\u00e9e de lecture estim\u00e9e\" \/>\n\t<meta name=\"twitter:data2\" content=\"2 minutes\" \/>\n<script type=\"application\/ld+json\" class=\"yoast-schema-graph\">{\"@context\":\"https:\\\/\\\/schema.org\",\"@graph\":[{\"@type\":\"Article\",\"@id\":\"https:\\\/\\\/www.latribunedufaso.net\\\/?p=18207#article\",\"isPartOf\":{\"@id\":\"https:\\\/\\\/www.latribunedufaso.net\\\/?p=18207\"},\"author\":{\"name\":\"Issouf Tapsoba\",\"@id\":\"https:\\\/\\\/www.latribunedufaso.net\\\/#\\\/schema\\\/person\\\/e54e64c5778a7e72cf80a318b7a622b0\"},\"headline\":\"Centre Universitaire de Dori : Le ministre Adjima Thiombiano salue la r\u00e9silience de la communaut\u00e9 universitaire\",\"datePublished\":\"2025-01-14T17:46:59+00:00\",\"mainEntityOfPage\":{\"@id\":\"https:\\\/\\\/www.latribunedufaso.net\\\/?p=18207\"},\"wordCount\":511,\"commentCount\":0,\"publisher\":{\"@id\":\"https:\\\/\\\/www.latribunedufaso.net\\\/#organization\"},\"image\":{\"@id\":\"https:\\\/\\\/www.latribunedufaso.net\\\/?p=18207#primaryimage\"},\"thumbnailUrl\":\"https:\\\/\\\/www.latribunedufaso.net\\\/wp-content\\\/uploads\\\/2025\\\/01\\\/FB_IMG_1736875857297.jpg\",\"keywords\":[\"Dori\",\"Enseignement sup\u00e9rieur\",\"latribunedufaso.net\"],\"articleSection\":[\"A la une\",\"Actualit\u00e9\",\"\u00c9ducation\"],\"inLanguage\":\"fr-FR\",\"potentialAction\":[{\"@type\":\"CommentAction\",\"name\":\"Comment\",\"target\":[\"https:\\\/\\\/www.latribunedufaso.net\\\/?p=18207#respond\"]}]},{\"@type\":\"WebPage\",\"@id\":\"https:\\\/\\\/www.latribunedufaso.net\\\/?p=18207\",\"url\":\"https:\\\/\\\/www.latribunedufaso.net\\\/?p=18207\",\"name\":\"Centre Universitaire de Dori : Le ministre Adjima Thiombiano salue la r\u00e9silience de la communaut\u00e9 universitaire - La Tribune du Faso\",\"isPartOf\":{\"@id\":\"https:\\\/\\\/www.latribunedufaso.net\\\/#website\"},\"primaryImageOfPage\":{\"@id\":\"https:\\\/\\\/www.latribunedufaso.net\\\/?p=18207#primaryimage\"},\"image\":{\"@id\":\"https:\\\/\\\/www.latribunedufaso.net\\\/?p=18207#primaryimage\"},\"thumbnailUrl\":\"https:\\\/\\\/www.latribunedufaso.net\\\/wp-content\\\/uploads\\\/2025\\\/01\\\/FB_IMG_1736875857297.jpg\",\"datePublished\":\"2025-01-14T17:46:59+00:00\",\"breadcrumb\":{\"@id\":\"https:\\\/\\\/www.latribunedufaso.net\\\/?p=18207#breadcrumb\"},\"inLanguage\":\"fr-FR\",\"potentialAction\":[{\"@type\":\"ReadAction\",\"target\":[\"https:\\\/\\\/www.latribunedufaso.net\\\/?p=18207\"]}]},{\"@type\":\"ImageObject\",\"inLanguage\":\"fr-FR\",\"@id\":\"https:\\\/\\\/www.latribunedufaso.net\\\/?p=18207#primaryimage\",\"url\":\"https:\\\/\\\/www.latribunedufaso.net\\\/wp-content\\\/uploads\\\/2025\\\/01\\\/FB_IMG_1736875857297.jpg\",\"contentUrl\":\"https:\\\/\\\/www.latribunedufaso.net\\\/wp-content\\\/uploads\\\/2025\\\/01\\\/FB_IMG_1736875857297.jpg\",\"width\":720,\"height\":348,\"caption\":\"Visite du ministre en charge de l'Enseignement Sup\u00e9rieur, Adjima Thiombiano au Centre universitaire de Dori, 13 janvier 2025\"},{\"@type\":\"BreadcrumbList\",\"@id\":\"https:\\\/\\\/www.latribunedufaso.net\\\/?p=18207#breadcrumb\",\"itemListElement\":[{\"@type\":\"ListItem\",\"position\":1,\"name\":\"Accueil\",\"item\":\"https:\\\/\\\/www.latribunedufaso.net\\\/\"},{\"@type\":\"ListItem\",\"position\":2,\"name\":\"Centre Universitaire de Dori : Le ministre Adjima Thiombiano salue la r\u00e9silience de la communaut\u00e9 universitaire\"}]},{\"@type\":\"WebSite\",\"@id\":\"https:\\\/\\\/www.latribunedufaso.net\\\/#website\",\"url\":\"https:\\\/\\\/www.latribunedufaso.net\\\/\",\"name\":\"La Tribune du Faso\",\"description\":\"L&#039;information du monde rural en un clic\",\"publisher\":{\"@id\":\"https:\\\/\\\/www.latribunedufaso.net\\\/#organization\"},\"potentialAction\":[{\"@type\":\"SearchAction\",\"target\":{\"@type\":\"EntryPoint\",\"urlTemplate\":\"https:\\\/\\\/www.latribunedufaso.net\\\/?s={search_term_string}\"},\"query-input\":{\"@type\":\"PropertyValueSpecification\",\"valueRequired\":true,\"valueName\":\"search_term_string\"}}],\"inLanguage\":\"fr-FR\"},{\"@type\":\"Organization\",\"@id\":\"https:\\\/\\\/www.latribunedufaso.net\\\/#organization\",\"name\":\"La Tribune du Faso\",\"url\":\"https:\\\/\\\/www.latribunedufaso.net\\\/\",\"logo\":{\"@type\":\"ImageObject\",\"inLanguage\":\"fr-FR\",\"@id\":\"https:\\\/\\\/www.latribunedufaso.net\\\/#\\\/schema\\\/logo\\\/image\\\/\",\"url\":\"https:\\\/\\\/www.latribunedufaso.net\\\/wp-content\\\/uploads\\\/2020\\\/08\\\/Logo-Tribune-du-Faso-final-scaled.jpg\",\"contentUrl\":\"https:\\\/\\\/www.latribunedufaso.net\\\/wp-content\\\/uploads\\\/2020\\\/08\\\/Logo-Tribune-du-Faso-final-scaled.jpg\",\"width\":2560,\"height\":1856,\"caption\":\"La Tribune du Faso\"},\"image\":{\"@id\":\"https:\\\/\\\/www.latribunedufaso.net\\\/#\\\/schema\\\/logo\\\/image\\\/\"},\"sameAs\":[\"https:\\\/\\\/www.facebook.com\\\/LatribuneduFaso\\\/\"]},{\"@type\":\"Person\",\"@id\":\"https:\\\/\\\/www.latribunedufaso.net\\\/#\\\/schema\\\/person\\\/e54e64c5778a7e72cf80a318b7a622b0\",\"name\":\"Issouf Tapsoba\",\"image\":{\"@type\":\"ImageObject\",\"inLanguage\":\"fr-FR\",\"@id\":\"https:\\\/\\\/secure.gravatar.com\\\/avatar\\\/5e6c05150ce3230247d167f5b94d678eb05936197436d69b7921e3a95c9107ac?s=96&d=mm&r=g\",\"url\":\"https:\\\/\\\/secure.gravatar.com\\\/avatar\\\/5e6c05150ce3230247d167f5b94d678eb05936197436d69b7921e3a95c9107ac?s=96&d=mm&r=g\",\"contentUrl\":\"https:\\\/\\\/secure.gravatar.com\\\/avatar\\\/5e6c05150ce3230247d167f5b94d678eb05936197436d69b7921e3a95c9107ac?s=96&d=mm&r=g\",\"caption\":\"Issouf Tapsoba\"},\"url\":\"https:\\\/\\\/www.latribunedufaso.net\\\/?author=5\"}]}<\/script>\n<!-- \/ Yoast SEO plugin. -->","yoast_head_json":{"title":"Centre Universitaire de Dori : Le ministre Adjima Thiombiano salue la r\u00e9silience de la communaut\u00e9 universitaire - La Tribune du Faso","robots":{"index":"index","follow":"follow","max-snippet":"max-snippet:-1","max-image-preview":"max-image-preview:large","max-video-preview":"max-video-preview:-1"},"canonical":"https:\/\/www.latribunedufaso.net\/?p=18207","og_locale":"fr_FR","og_type":"article","og_title":"Centre Universitaire de Dori : Le ministre Adjima Thiombiano salue la r\u00e9silience de la communaut\u00e9 universitaire - La Tribune du Faso","og_description":"Le ministre de l\u2019Enseignement Sup\u00e9rieur, de la Recherche et de l\u2019Innovation, Adjima Thiombiano a effectu\u00e9 un d\u00e9placement le 13 janvier 2025 au Centre Universitaire de Dori (CUD). Il s\u2019agissait pour le ministre, d\u2019encourager les acteurs du monde universitaire et saluer leur r\u00e9silience ainsi que leur engagement dans la formation des \u00e9tudiants malgr\u00e9 les conditions difficiles.","og_url":"https:\/\/www.latribunedufaso.net\/?p=18207","og_site_name":"La Tribune du Faso","article_publisher":"https:\/\/www.facebook.com\/LatribuneduFaso\/","article_published_time":"2025-01-14T17:46:59+00:00","og_image":[{"width":720,"height":348,"url":"https:\/\/www.latribunedufaso.net\/wp-content\/uploads\/2025\/01\/FB_IMG_1736875857297.jpg","type":"image\/jpeg"}],"author":"Issouf Tapsoba","twitter_misc":{"\u00c9crit par":"Issouf Tapsoba","Dur\u00e9e de lecture estim\u00e9e":"2 minutes"},"schema":{"@context":"https:\/\/schema.org","@graph":[{"@type":"Article","@id":"https:\/\/www.latribunedufaso.net\/?p=18207#article","isPartOf":{"@id":"https:\/\/www.latribunedufaso.net\/?p=18207"},"author":{"name":"Issouf Tapsoba","@id":"https:\/\/www.latribunedufaso.net\/#\/schema\/person\/e54e64c5778a7e72cf80a318b7a622b0"},"headline":"Centre Universitaire de Dori : Le ministre Adjima Thiombiano salue la r\u00e9silience de la communaut\u00e9 universitaire","datePublished":"2025-01-14T17:46:59+00:00","mainEntityOfPage":{"@id":"https:\/\/www.latribunedufaso.net\/?p=18207"},"wordCount":511,"commentCount":0,"publisher":{"@id":"https:\/\/www.latribunedufaso.net\/#organization"},"image":{"@id":"https:\/\/www.latribunedufaso.net\/?p=18207#primaryimage"},"thumbnailUrl":"https:\/\/www.latribunedufaso.net\/wp-content\/uploads\/2025\/01\/FB_IMG_1736875857297.jpg","keywords":["Dori","Enseignement sup\u00e9rieur","latribunedufaso.net"],"articleSection":["A la une","Actualit\u00e9","\u00c9ducation"],"inLanguage":"fr-FR","potentialAction":[{"@type":"CommentAction","name":"Comment","target":["https:\/\/www.latribunedufaso.net\/?p=18207#respond"]}]},{"@type":"WebPage","@id":"https:\/\/www.latribunedufaso.net\/?p=18207","url":"https:\/\/www.latribunedufaso.net\/?p=18207","name":"Centre Universitaire de Dori : Le ministre Adjima Thiombiano salue la r\u00e9silience de la communaut\u00e9 universitaire - La Tribune du Faso","isPartOf":{"@id":"https:\/\/www.latribunedufaso.net\/#website"},"primaryImageOfPage":{"@id":"https:\/\/www.latribunedufaso.net\/?p=18207#primaryimage"},"image":{"@id":"https:\/\/www.latribunedufaso.net\/?p=18207#primaryimage"},"thumbnailUrl":"https:\/\/www.latribunedufaso.net\/wp-content\/uploads\/2025\/01\/FB_IMG_1736875857297.jpg","datePublished":"2025-01-14T17:46:59+00:00","breadcrumb":{"@id":"https:\/\/www.latribunedufaso.net\/?p=18207#breadcrumb"},"inLanguage":"fr-FR","potentialAction":[{"@type":"ReadAction","target":["https:\/\/www.latribunedufaso.net\/?p=18207"]}]},{"@type":"ImageObject","inLanguage":"fr-FR","@id":"https:\/\/www.latribunedufaso.net\/?p=18207#primaryimage","url":"https:\/\/www.latribunedufaso.net\/wp-content\/uploads\/2025\/01\/FB_IMG_1736875857297.jpg","contentUrl":"https:\/\/www.latribunedufaso.net\/wp-content\/uploads\/2025\/01\/FB_IMG_1736875857297.jpg","width":720,"height":348,"caption":"Visite du ministre en charge de l'Enseignement Sup\u00e9rieur, Adjima Thiombiano au Centre universitaire de Dori, 13 janvier 2025"},{"@type":"BreadcrumbList","@id":"https:\/\/www.latribunedufaso.net\/?p=18207#breadcrumb","itemListElement":[{"@type":"ListItem","position":1,"name":"Accueil","item":"https:\/\/www.latribunedufaso.net\/"},{"@type":"ListItem","position":2,"name":"Centre Universitaire de Dori : Le ministre Adjima Thiombiano salue la r\u00e9silience de la communaut\u00e9 universitaire"}]},{"@type":"WebSite","@id":"https:\/\/www.latribunedufaso.net\/#website","url":"https:\/\/www.latribunedufaso.net\/","name":"La Tribune du Faso","description":"L&#039;information du monde rural en un clic","publisher":{"@id":"https:\/\/www.latribunedufaso.net\/#organization"},"potentialAction":[{"@type":"SearchAction","target":{"@type":"EntryPoint","urlTemplate":"https:\/\/www.latribunedufaso.net\/?s={search_term_string}"},"query-input":{"@type":"PropertyValueSpecification","valueRequired":true,"valueName":"search_term_string"}}],"inLanguage":"fr-FR"},{"@type":"Organization","@id":"https:\/\/www.latribunedufaso.net\/#organization","name":"La Tribune du Faso","url":"https:\/\/www.latribunedufaso.net\/","logo":{"@type":"ImageObject","inLanguage":"fr-FR","@id":"https:\/\/www.latribunedufaso.net\/#\/schema\/logo\/image\/","url":"https:\/\/www.latribunedufaso.net\/wp-content\/uploads\/2020\/08\/Logo-Tribune-du-Faso-final-scaled.jpg","contentUrl":"https:\/\/www.latribunedufaso.net\/wp-content\/uploads\/2020\/08\/Logo-Tribune-du-Faso-final-scaled.jpg","width":2560,"height":1856,"caption":"La Tribune du Faso"},"image":{"@id":"https:\/\/www.latribunedufaso.net\/#\/schema\/logo\/image\/"},"sameAs":["https:\/\/www.facebook.com\/LatribuneduFaso\/"]},{"@type":"Person","@id":"https:\/\/www.latribunedufaso.net\/#\/schema\/person\/e54e64c5778a7e72cf80a318b7a622b0","name":"Issouf Tapsoba","image":{"@type":"ImageObject","inLanguage":"fr-FR","@id":"https:\/\/secure.gravatar.com\/avatar\/5e6c05150ce3230247d167f5b94d678eb05936197436d69b7921e3a95c9107ac?s=96&d=mm&r=g","url":"https:\/\/secure.gravatar.com\/avatar\/5e6c05150ce3230247d167f5b94d678eb05936197436d69b7921e3a95c9107ac?s=96&d=mm&r=g","contentUrl":"https:\/\/secure.gravatar.com\/avatar\/5e6c05150ce3230247d167f5b94d678eb05936197436d69b7921e3a95c9107ac?s=96&d=mm&r=g","caption":"Issouf Tapsoba"},"url":"https:\/\/www.latribunedufaso.net\/?author=5"}]}},"_links":{"self":[{"href":"https:\/\/www.latribunedufaso.net\/index.php?rest_route=\/wp\/v2\/posts\/18207","targetHints":{"allow":["GET"]}}],"collection":[{"href":"https:\/\/www.latribunedufaso.net\/index.php?rest_route=\/wp\/v2\/posts"}],"about":[{"href":"https:\/\/www.latribunedufaso.net\/index.php?rest_route=\/wp\/v2\/types\/post"}],"author":[{"embeddable":true,"href":"https:\/\/www.latribunedufaso.net\/index.php?rest_route=\/wp\/v2\/users\/5"}],"replies":[{"embeddable":true,"href":"https:\/\/www.latribunedufaso.net\/index.php?rest_route=%2Fwp%2Fv2%2Fcomments&post=18207"}],"version-history":[{"count":2,"href":"https:\/\/www.latribunedufaso.net\/index.php?rest_route=\/wp\/v2\/posts\/18207\/revisions"}],"predecessor-version":[{"id":18213,"href":"https:\/\/www.latribunedufaso.net\/index.php?rest_route=\/wp\/v2\/posts\/18207\/revisions\/18213"}],"wp:featuredmedia":[{"embeddable":true,"href":"https:\/\/www.latribunedufaso.net\/index.php?rest_route=\/wp\/v2\/media\/18211"}],"wp:attachment":[{"href":"https:\/\/www.latribunedufaso.net\/index.php?rest_route=%2Fwp%2Fv2%2Fmedia&parent=18207"}],"wp:term":[{"taxonomy":"category","embeddable":true,"href":"https:\/\/www.latribunedufaso.net\/index.php?rest_route=%2Fwp%2Fv2%2Fcategories&post=18207"},{"taxonomy":"post_tag","embeddable":true,"href":"https:\/\/www.latribunedufaso.net\/index.php?rest_route=%2Fwp%2Fv2%2Ftags&post=18207"}],"curies":[{"name":"wp","href":"https:\/\/api.w.org\/{rel}","templated":true}]}}