{"id":18202,"date":"2025-01-14T13:02:02","date_gmt":"2025-01-14T13:02:02","guid":{"rendered":"https:\/\/www.latribunedufaso.net\/?p=18202"},"modified":"2025-01-14T13:02:02","modified_gmt":"2025-01-14T13:02:02","slug":"cooperation-une-delegation-burkinabe-chez-le-president-tchadien","status":"publish","type":"post","link":"https:\/\/www.latribunedufaso.net\/?p=18202","title":{"rendered":"Coop\u00e9ration : Une d\u00e9l\u00e9gation burkinab\u00e8 chez le Pr\u00e9sident Tchadien"},"content":{"rendered":"<p><strong style=\"font-size: 1.0625rem;\">Le Pr\u00e9sident de la R\u00e9publique du Tchad, Chef de l\u2019\u00c9tat, Mar\u00e9chal Mahamat Idriss Deby Itno a accord\u00e9 dans la matin\u00e9e du 14 janvier 2025, une audience \u00e0 la d\u00e9l\u00e9gation burkinab\u00e8 en s\u00e9jour \u00e0 N\u2019Djamena avec en t\u00eate, le ministre de la Communication, de la Culture, des Arts et du Tourisme, Gilbert Ou\u00e9draogo.<\/strong><\/p>\n<p><!--more--><\/p>\n<p>En visite au Tchad dans le cadre des pr\u00e9paratifs de la 29\u00e8me \u00e9dition du FESPACO, le ministre a transmis un message du Pr\u00e9sident du Burkina Faso, le Capitaine Ibrahim Traor\u00e9 au Chef de l\u2019\u00c9tat Tchadien, Mar\u00e9chal Mahamat Idriss Deby Itno.<\/p>\n<figure id=\"attachment_18205\" aria-describedby=\"caption-attachment-18205\" style=\"width: 720px\" class=\"wp-caption aligncenter\"><a href=\"https:\/\/www.latribunedufaso.net\/wp-content\/uploads\/2025\/01\/FB_IMG_1736859003212.jpg\"><img loading=\"lazy\" decoding=\"async\" class=\"size-full wp-image-18205\" src=\"https:\/\/www.latribunedufaso.net\/wp-content\/uploads\/2025\/01\/FB_IMG_1736859003212.jpg\" alt=\"En visite au Tchad dans le cadre des pr\u00e9paratifs du FESPACO, la d\u00e9l\u00e9gation burkinab\u00e8, conduite par le ministre en charge des Arts, Gilbert Ou\u00e9draogo a \u00e9t\u00e9 re\u00e7ue en audience par le pr\u00e9sident tchadien Mar\u00e9chal Mahamat Idriss Deby Itno, 14 janvier 2025\" width=\"720\" height=\"480\" srcset=\"https:\/\/www.latribunedufaso.net\/wp-content\/uploads\/2025\/01\/FB_IMG_1736859003212.jpg 720w, https:\/\/www.latribunedufaso.net\/wp-content\/uploads\/2025\/01\/FB_IMG_1736859003212-300x200.jpg 300w, https:\/\/www.latribunedufaso.net\/wp-content\/uploads\/2025\/01\/FB_IMG_1736859003212-120x80.jpg 120w, https:\/\/www.latribunedufaso.net\/wp-content\/uploads\/2025\/01\/FB_IMG_1736859003212-360x240.jpg 360w, https:\/\/www.latribunedufaso.net\/wp-content\/uploads\/2025\/01\/FB_IMG_1736859003212-600x400.jpg 600w\" sizes=\"auto, (max-width: 720px) 100vw, 720px\" \/><\/a><figcaption id=\"caption-attachment-18205\" class=\"wp-caption-text\">Le ministre en charge des Arts, Gilbert Ou\u00e9draogo est porteur d&rsquo;un message du Pr\u00e9sident du Faso, Capitaine Ibrahim Traor\u00e9 au Pr\u00e9sident tchadien, Mar\u00e9chal Mahamat Idriss Deby Itno &#8211; Ph. DR<\/figcaption><\/figure>\n<p>L\u2019audience a \u00e9galement permis au Chef de l\u2019Etat et son h\u00f4te d\u2019\u00e9changer sur la coop\u00e9ration bilat\u00e9rale et d\u2019exalter les bonnes relations qui lient le Tchad et le Burkina Faso.<\/p>\n<p><strong>Latribunedufaso.net<\/strong><\/p>\n<p><strong>Source : Pr\u00e9sidence de la R\u00e9publique <span style=\"font-size: 1.0625rem;\">du Tchad<\/span><\/strong><\/p>\n<figure id=\"attachment_18203\" aria-describedby=\"caption-attachment-18203\" style=\"width: 720px\" class=\"wp-caption aligncenter\"><a href=\"https:\/\/www.latribunedufaso.net\/wp-content\/uploads\/2025\/01\/FB_IMG_1736859042953.jpg\"><img loading=\"lazy\" decoding=\"async\" class=\"size-full wp-image-18203\" src=\"https:\/\/www.latribunedufaso.net\/wp-content\/uploads\/2025\/01\/FB_IMG_1736859042953.jpg\" alt=\"En visite au Tchad dans le cadre des pr\u00e9paratifs du FESPACO, la d\u00e9l\u00e9gation burkinab\u00e8, conduite par le ministre en charge des Arts, Gilbert Ou\u00e9draogo a \u00e9t\u00e9 re\u00e7ue en audience par le pr\u00e9sident tchadien Mar\u00e9chal Mahamat Idriss Deby Itno, 14 janvier 2025\" width=\"720\" height=\"480\" srcset=\"https:\/\/www.latribunedufaso.net\/wp-content\/uploads\/2025\/01\/FB_IMG_1736859042953.jpg 720w, https:\/\/www.latribunedufaso.net\/wp-content\/uploads\/2025\/01\/FB_IMG_1736859042953-300x200.jpg 300w, https:\/\/www.latribunedufaso.net\/wp-content\/uploads\/2025\/01\/FB_IMG_1736859042953-120x80.jpg 120w, https:\/\/www.latribunedufaso.net\/wp-content\/uploads\/2025\/01\/FB_IMG_1736859042953-360x240.jpg 360w, https:\/\/www.latribunedufaso.net\/wp-content\/uploads\/2025\/01\/FB_IMG_1736859042953-600x400.jpg 600w\" sizes=\"auto, (max-width: 720px) 100vw, 720px\" \/><\/a><figcaption id=\"caption-attachment-18203\" class=\"wp-caption-text\">Une vue de la d\u00e9l\u00e9gation burkinab\u00e8 lors de l&rsquo;audience chez le pr\u00e9sident tchadien &#8211; Ph. DR<\/figcaption><\/figure>\n","protected":false},"excerpt":{"rendered":"<p>Le Pr\u00e9sident de la R\u00e9publique du Tchad, Chef de l\u2019\u00c9tat, Mar\u00e9chal Mahamat Idriss Deby Itno a accord\u00e9 dans la matin\u00e9e du 14 janvier 2025, une audience \u00e0 la d\u00e9l\u00e9gation burkinab\u00e8 en s\u00e9jour \u00e0 N\u2019Djamena avec en t\u00eate, le ministre de la Communication, de la Culture, des Arts et du Tourisme, Gilbert Ou\u00e9draogo.<\/p>\n","protected":false},"author":5,"featured_media":18204,"comment_status":"open","ping_status":"open","sticky":false,"template":"","format":"standard","meta":{"footnotes":""},"categories":[13,1,9],"tags":[44,622,39],"class_list":["post-18202","post","type-post","status-publish","format-standard","has-post-thumbnail","hentry","category-une","category-actu","category-inter","tag-29eme-edition-du-fespaco","tag-cooperation-bukina-tchad","tag-latribunedufaso-net"],"yoast_head":"<!-- This site is optimized with the Yoast SEO plugin v27.4 - https:\/\/yoast.com\/product\/yoast-seo-wordpress\/ -->\n<title>Coop\u00e9ration : Une d\u00e9l\u00e9gation burkinab\u00e8 chez le Pr\u00e9sident Tchadien - La Tribune du Faso<\/title>\n<meta name=\"robots\" content=\"index, follow, max-snippet:-1, max-image-preview:large, max-video-preview:-1\" \/>\n<link rel=\"canonical\" href=\"https:\/\/www.latribunedufaso.net\/?p=18202\" \/>\n<meta property=\"og:locale\" content=\"fr_FR\" \/>\n<meta property=\"og:type\" content=\"article\" \/>\n<meta property=\"og:title\" content=\"Coop\u00e9ration : Une d\u00e9l\u00e9gation burkinab\u00e8 chez le Pr\u00e9sident Tchadien - La Tribune du Faso\" \/>\n<meta property=\"og:description\" content=\"Le Pr\u00e9sident de la R\u00e9publique du Tchad, Chef de l\u2019\u00c9tat, Mar\u00e9chal Mahamat Idriss Deby Itno a accord\u00e9 dans la matin\u00e9e du 14 janvier 2025, une audience \u00e0 la d\u00e9l\u00e9gation burkinab\u00e8 en s\u00e9jour \u00e0 N\u2019Djamena avec en t\u00eate, le ministre de la Communication, de la Culture, des Arts et du Tourisme, Gilbert Ou\u00e9draogo.\" \/>\n<meta property=\"og:url\" content=\"https:\/\/www.latribunedufaso.net\/?p=18202\" \/>\n<meta property=\"og:site_name\" content=\"La Tribune du Faso\" \/>\n<meta property=\"article:publisher\" content=\"https:\/\/www.facebook.com\/LatribuneduFaso\/\" \/>\n<meta property=\"article:published_time\" content=\"2025-01-14T13:02:02+00:00\" \/>\n<meta property=\"og:image\" content=\"https:\/\/www.latribunedufaso.net\/wp-content\/uploads\/2025\/01\/FB_IMG_1736859022042.jpg\" \/>\n\t<meta property=\"og:image:width\" content=\"720\" \/>\n\t<meta property=\"og:image:height\" content=\"480\" \/>\n\t<meta property=\"og:image:type\" content=\"image\/jpeg\" \/>\n<meta name=\"author\" content=\"Issouf Tapsoba\" \/>\n<meta name=\"twitter:label1\" content=\"\u00c9crit par\" \/>\n\t<meta name=\"twitter:data1\" content=\"Issouf Tapsoba\" \/>\n\t<meta name=\"twitter:label2\" content=\"Dur\u00e9e de lecture estim\u00e9e\" \/>\n\t<meta name=\"twitter:data2\" content=\"1 minute\" \/>\n<script type=\"application\/ld+json\" class=\"yoast-schema-graph\">{\"@context\":\"https:\\\/\\\/schema.org\",\"@graph\":[{\"@type\":\"Article\",\"@id\":\"https:\\\/\\\/www.latribunedufaso.net\\\/?p=18202#article\",\"isPartOf\":{\"@id\":\"https:\\\/\\\/www.latribunedufaso.net\\\/?p=18202\"},\"author\":{\"name\":\"Issouf Tapsoba\",\"@id\":\"https:\\\/\\\/www.latribunedufaso.net\\\/#\\\/schema\\\/person\\\/e54e64c5778a7e72cf80a318b7a622b0\"},\"headline\":\"Coop\u00e9ration : Une d\u00e9l\u00e9gation burkinab\u00e8 chez le Pr\u00e9sident Tchadien\",\"datePublished\":\"2025-01-14T13:02:02+00:00\",\"mainEntityOfPage\":{\"@id\":\"https:\\\/\\\/www.latribunedufaso.net\\\/?p=18202\"},\"wordCount\":231,\"commentCount\":0,\"publisher\":{\"@id\":\"https:\\\/\\\/www.latribunedufaso.net\\\/#organization\"},\"image\":{\"@id\":\"https:\\\/\\\/www.latribunedufaso.net\\\/?p=18202#primaryimage\"},\"thumbnailUrl\":\"https:\\\/\\\/www.latribunedufaso.net\\\/wp-content\\\/uploads\\\/2025\\\/01\\\/FB_IMG_1736859022042.jpg\",\"keywords\":[\"29\u00e8me \u00e9dition du FESPACO\",\"Coop\u00e9ration Bukina-Tchad\",\"latribunedufaso.net\"],\"articleSection\":[\"A la une\",\"Actualit\u00e9\",\"International\"],\"inLanguage\":\"fr-FR\",\"potentialAction\":[{\"@type\":\"CommentAction\",\"name\":\"Comment\",\"target\":[\"https:\\\/\\\/www.latribunedufaso.net\\\/?p=18202#respond\"]}]},{\"@type\":\"WebPage\",\"@id\":\"https:\\\/\\\/www.latribunedufaso.net\\\/?p=18202\",\"url\":\"https:\\\/\\\/www.latribunedufaso.net\\\/?p=18202\",\"name\":\"Coop\u00e9ration : Une d\u00e9l\u00e9gation burkinab\u00e8 chez le Pr\u00e9sident Tchadien - La Tribune du Faso\",\"isPartOf\":{\"@id\":\"https:\\\/\\\/www.latribunedufaso.net\\\/#website\"},\"primaryImageOfPage\":{\"@id\":\"https:\\\/\\\/www.latribunedufaso.net\\\/?p=18202#primaryimage\"},\"image\":{\"@id\":\"https:\\\/\\\/www.latribunedufaso.net\\\/?p=18202#primaryimage\"},\"thumbnailUrl\":\"https:\\\/\\\/www.latribunedufaso.net\\\/wp-content\\\/uploads\\\/2025\\\/01\\\/FB_IMG_1736859022042.jpg\",\"datePublished\":\"2025-01-14T13:02:02+00:00\",\"breadcrumb\":{\"@id\":\"https:\\\/\\\/www.latribunedufaso.net\\\/?p=18202#breadcrumb\"},\"inLanguage\":\"fr-FR\",\"potentialAction\":[{\"@type\":\"ReadAction\",\"target\":[\"https:\\\/\\\/www.latribunedufaso.net\\\/?p=18202\"]}]},{\"@type\":\"ImageObject\",\"inLanguage\":\"fr-FR\",\"@id\":\"https:\\\/\\\/www.latribunedufaso.net\\\/?p=18202#primaryimage\",\"url\":\"https:\\\/\\\/www.latribunedufaso.net\\\/wp-content\\\/uploads\\\/2025\\\/01\\\/FB_IMG_1736859022042.jpg\",\"contentUrl\":\"https:\\\/\\\/www.latribunedufaso.net\\\/wp-content\\\/uploads\\\/2025\\\/01\\\/FB_IMG_1736859022042.jpg\",\"width\":720,\"height\":480,\"caption\":\"En visite au Tchad dans le cadre des pr\u00e9paratifs du FESPACO, la d\u00e9l\u00e9gation burkinab\u00e8, conduite par le ministre en charge des Arts, Gilbert Ou\u00e9draogo a \u00e9t\u00e9 re\u00e7ue en audience par le pr\u00e9sident tchadien Mar\u00e9chal Mahamat Idriss Deby Itno, 14 janvier 2025\"},{\"@type\":\"BreadcrumbList\",\"@id\":\"https:\\\/\\\/www.latribunedufaso.net\\\/?p=18202#breadcrumb\",\"itemListElement\":[{\"@type\":\"ListItem\",\"position\":1,\"name\":\"Accueil\",\"item\":\"https:\\\/\\\/www.latribunedufaso.net\\\/\"},{\"@type\":\"ListItem\",\"position\":2,\"name\":\"Coop\u00e9ration : Une d\u00e9l\u00e9gation burkinab\u00e8 chez le Pr\u00e9sident Tchadien\"}]},{\"@type\":\"WebSite\",\"@id\":\"https:\\\/\\\/www.latribunedufaso.net\\\/#website\",\"url\":\"https:\\\/\\\/www.latribunedufaso.net\\\/\",\"name\":\"La Tribune du Faso\",\"description\":\"L&#039;information du monde rural en un clic\",\"publisher\":{\"@id\":\"https:\\\/\\\/www.latribunedufaso.net\\\/#organization\"},\"potentialAction\":[{\"@type\":\"SearchAction\",\"target\":{\"@type\":\"EntryPoint\",\"urlTemplate\":\"https:\\\/\\\/www.latribunedufaso.net\\\/?s={search_term_string}\"},\"query-input\":{\"@type\":\"PropertyValueSpecification\",\"valueRequired\":true,\"valueName\":\"search_term_string\"}}],\"inLanguage\":\"fr-FR\"},{\"@type\":\"Organization\",\"@id\":\"https:\\\/\\\/www.latribunedufaso.net\\\/#organization\",\"name\":\"La Tribune du Faso\",\"url\":\"https:\\\/\\\/www.latribunedufaso.net\\\/\",\"logo\":{\"@type\":\"ImageObject\",\"inLanguage\":\"fr-FR\",\"@id\":\"https:\\\/\\\/www.latribunedufaso.net\\\/#\\\/schema\\\/logo\\\/image\\\/\",\"url\":\"https:\\\/\\\/www.latribunedufaso.net\\\/wp-content\\\/uploads\\\/2020\\\/08\\\/Logo-Tribune-du-Faso-final-scaled.jpg\",\"contentUrl\":\"https:\\\/\\\/www.latribunedufaso.net\\\/wp-content\\\/uploads\\\/2020\\\/08\\\/Logo-Tribune-du-Faso-final-scaled.jpg\",\"width\":2560,\"height\":1856,\"caption\":\"La Tribune du Faso\"},\"image\":{\"@id\":\"https:\\\/\\\/www.latribunedufaso.net\\\/#\\\/schema\\\/logo\\\/image\\\/\"},\"sameAs\":[\"https:\\\/\\\/www.facebook.com\\\/LatribuneduFaso\\\/\"]},{\"@type\":\"Person\",\"@id\":\"https:\\\/\\\/www.latribunedufaso.net\\\/#\\\/schema\\\/person\\\/e54e64c5778a7e72cf80a318b7a622b0\",\"name\":\"Issouf Tapsoba\",\"image\":{\"@type\":\"ImageObject\",\"inLanguage\":\"fr-FR\",\"@id\":\"https:\\\/\\\/secure.gravatar.com\\\/avatar\\\/5e6c05150ce3230247d167f5b94d678eb05936197436d69b7921e3a95c9107ac?s=96&d=mm&r=g\",\"url\":\"https:\\\/\\\/secure.gravatar.com\\\/avatar\\\/5e6c05150ce3230247d167f5b94d678eb05936197436d69b7921e3a95c9107ac?s=96&d=mm&r=g\",\"contentUrl\":\"https:\\\/\\\/secure.gravatar.com\\\/avatar\\\/5e6c05150ce3230247d167f5b94d678eb05936197436d69b7921e3a95c9107ac?s=96&d=mm&r=g\",\"caption\":\"Issouf Tapsoba\"},\"url\":\"https:\\\/\\\/www.latribunedufaso.net\\\/?author=5\"}]}<\/script>\n<!-- \/ Yoast SEO plugin. -->","yoast_head_json":{"title":"Coop\u00e9ration : Une d\u00e9l\u00e9gation burkinab\u00e8 chez le Pr\u00e9sident Tchadien - La Tribune du Faso","robots":{"index":"index","follow":"follow","max-snippet":"max-snippet:-1","max-image-preview":"max-image-preview:large","max-video-preview":"max-video-preview:-1"},"canonical":"https:\/\/www.latribunedufaso.net\/?p=18202","og_locale":"fr_FR","og_type":"article","og_title":"Coop\u00e9ration : Une d\u00e9l\u00e9gation burkinab\u00e8 chez le Pr\u00e9sident Tchadien - La Tribune du Faso","og_description":"Le Pr\u00e9sident de la R\u00e9publique du Tchad, Chef de l\u2019\u00c9tat, Mar\u00e9chal Mahamat Idriss Deby Itno a accord\u00e9 dans la matin\u00e9e du 14 janvier 2025, une audience \u00e0 la d\u00e9l\u00e9gation burkinab\u00e8 en s\u00e9jour \u00e0 N\u2019Djamena avec en t\u00eate, le ministre de la Communication, de la Culture, des Arts et du Tourisme, Gilbert Ou\u00e9draogo.","og_url":"https:\/\/www.latribunedufaso.net\/?p=18202","og_site_name":"La Tribune du Faso","article_publisher":"https:\/\/www.facebook.com\/LatribuneduFaso\/","article_published_time":"2025-01-14T13:02:02+00:00","og_image":[{"width":720,"height":480,"url":"https:\/\/www.latribunedufaso.net\/wp-content\/uploads\/2025\/01\/FB_IMG_1736859022042.jpg","type":"image\/jpeg"}],"author":"Issouf Tapsoba","twitter_misc":{"\u00c9crit par":"Issouf Tapsoba","Dur\u00e9e de lecture estim\u00e9e":"1 minute"},"schema":{"@context":"https:\/\/schema.org","@graph":[{"@type":"Article","@id":"https:\/\/www.latribunedufaso.net\/?p=18202#article","isPartOf":{"@id":"https:\/\/www.latribunedufaso.net\/?p=18202"},"author":{"name":"Issouf Tapsoba","@id":"https:\/\/www.latribunedufaso.net\/#\/schema\/person\/e54e64c5778a7e72cf80a318b7a622b0"},"headline":"Coop\u00e9ration : Une d\u00e9l\u00e9gation burkinab\u00e8 chez le Pr\u00e9sident Tchadien","datePublished":"2025-01-14T13:02:02+00:00","mainEntityOfPage":{"@id":"https:\/\/www.latribunedufaso.net\/?p=18202"},"wordCount":231,"commentCount":0,"publisher":{"@id":"https:\/\/www.latribunedufaso.net\/#organization"},"image":{"@id":"https:\/\/www.latribunedufaso.net\/?p=18202#primaryimage"},"thumbnailUrl":"https:\/\/www.latribunedufaso.net\/wp-content\/uploads\/2025\/01\/FB_IMG_1736859022042.jpg","keywords":["29\u00e8me \u00e9dition du FESPACO","Coop\u00e9ration Bukina-Tchad","latribunedufaso.net"],"articleSection":["A la une","Actualit\u00e9","International"],"inLanguage":"fr-FR","potentialAction":[{"@type":"CommentAction","name":"Comment","target":["https:\/\/www.latribunedufaso.net\/?p=18202#respond"]}]},{"@type":"WebPage","@id":"https:\/\/www.latribunedufaso.net\/?p=18202","url":"https:\/\/www.latribunedufaso.net\/?p=18202","name":"Coop\u00e9ration : Une d\u00e9l\u00e9gation burkinab\u00e8 chez le Pr\u00e9sident Tchadien - La Tribune du Faso","isPartOf":{"@id":"https:\/\/www.latribunedufaso.net\/#website"},"primaryImageOfPage":{"@id":"https:\/\/www.latribunedufaso.net\/?p=18202#primaryimage"},"image":{"@id":"https:\/\/www.latribunedufaso.net\/?p=18202#primaryimage"},"thumbnailUrl":"https:\/\/www.latribunedufaso.net\/wp-content\/uploads\/2025\/01\/FB_IMG_1736859022042.jpg","datePublished":"2025-01-14T13:02:02+00:00","breadcrumb":{"@id":"https:\/\/www.latribunedufaso.net\/?p=18202#breadcrumb"},"inLanguage":"fr-FR","potentialAction":[{"@type":"ReadAction","target":["https:\/\/www.latribunedufaso.net\/?p=18202"]}]},{"@type":"ImageObject","inLanguage":"fr-FR","@id":"https:\/\/www.latribunedufaso.net\/?p=18202#primaryimage","url":"https:\/\/www.latribunedufaso.net\/wp-content\/uploads\/2025\/01\/FB_IMG_1736859022042.jpg","contentUrl":"https:\/\/www.latribunedufaso.net\/wp-content\/uploads\/2025\/01\/FB_IMG_1736859022042.jpg","width":720,"height":480,"caption":"En visite au Tchad dans le cadre des pr\u00e9paratifs du FESPACO, la d\u00e9l\u00e9gation burkinab\u00e8, conduite par le ministre en charge des Arts, Gilbert Ou\u00e9draogo a \u00e9t\u00e9 re\u00e7ue en audience par le pr\u00e9sident tchadien Mar\u00e9chal Mahamat Idriss Deby Itno, 14 janvier 2025"},{"@type":"BreadcrumbList","@id":"https:\/\/www.latribunedufaso.net\/?p=18202#breadcrumb","itemListElement":[{"@type":"ListItem","position":1,"name":"Accueil","item":"https:\/\/www.latribunedufaso.net\/"},{"@type":"ListItem","position":2,"name":"Coop\u00e9ration : Une d\u00e9l\u00e9gation burkinab\u00e8 chez le Pr\u00e9sident Tchadien"}]},{"@type":"WebSite","@id":"https:\/\/www.latribunedufaso.net\/#website","url":"https:\/\/www.latribunedufaso.net\/","name":"La Tribune du Faso","description":"L&#039;information du monde rural en un clic","publisher":{"@id":"https:\/\/www.latribunedufaso.net\/#organization"},"potentialAction":[{"@type":"SearchAction","target":{"@type":"EntryPoint","urlTemplate":"https:\/\/www.latribunedufaso.net\/?s={search_term_string}"},"query-input":{"@type":"PropertyValueSpecification","valueRequired":true,"valueName":"search_term_string"}}],"inLanguage":"fr-FR"},{"@type":"Organization","@id":"https:\/\/www.latribunedufaso.net\/#organization","name":"La Tribune du Faso","url":"https:\/\/www.latribunedufaso.net\/","logo":{"@type":"ImageObject","inLanguage":"fr-FR","@id":"https:\/\/www.latribunedufaso.net\/#\/schema\/logo\/image\/","url":"https:\/\/www.latribunedufaso.net\/wp-content\/uploads\/2020\/08\/Logo-Tribune-du-Faso-final-scaled.jpg","contentUrl":"https:\/\/www.latribunedufaso.net\/wp-content\/uploads\/2020\/08\/Logo-Tribune-du-Faso-final-scaled.jpg","width":2560,"height":1856,"caption":"La Tribune du Faso"},"image":{"@id":"https:\/\/www.latribunedufaso.net\/#\/schema\/logo\/image\/"},"sameAs":["https:\/\/www.facebook.com\/LatribuneduFaso\/"]},{"@type":"Person","@id":"https:\/\/www.latribunedufaso.net\/#\/schema\/person\/e54e64c5778a7e72cf80a318b7a622b0","name":"Issouf Tapsoba","image":{"@type":"ImageObject","inLanguage":"fr-FR","@id":"https:\/\/secure.gravatar.com\/avatar\/5e6c05150ce3230247d167f5b94d678eb05936197436d69b7921e3a95c9107ac?s=96&d=mm&r=g","url":"https:\/\/secure.gravatar.com\/avatar\/5e6c05150ce3230247d167f5b94d678eb05936197436d69b7921e3a95c9107ac?s=96&d=mm&r=g","contentUrl":"https:\/\/secure.gravatar.com\/avatar\/5e6c05150ce3230247d167f5b94d678eb05936197436d69b7921e3a95c9107ac?s=96&d=mm&r=g","caption":"Issouf Tapsoba"},"url":"https:\/\/www.latribunedufaso.net\/?author=5"}]}},"_links":{"self":[{"href":"https:\/\/www.latribunedufaso.net\/index.php?rest_route=\/wp\/v2\/posts\/18202","targetHints":{"allow":["GET"]}}],"collection":[{"href":"https:\/\/www.latribunedufaso.net\/index.php?rest_route=\/wp\/v2\/posts"}],"about":[{"href":"https:\/\/www.latribunedufaso.net\/index.php?rest_route=\/wp\/v2\/types\/post"}],"author":[{"embeddable":true,"href":"https:\/\/www.latribunedufaso.net\/index.php?rest_route=\/wp\/v2\/users\/5"}],"replies":[{"embeddable":true,"href":"https:\/\/www.latribunedufaso.net\/index.php?rest_route=%2Fwp%2Fv2%2Fcomments&post=18202"}],"version-history":[{"count":1,"href":"https:\/\/www.latribunedufaso.net\/index.php?rest_route=\/wp\/v2\/posts\/18202\/revisions"}],"predecessor-version":[{"id":18206,"href":"https:\/\/www.latribunedufaso.net\/index.php?rest_route=\/wp\/v2\/posts\/18202\/revisions\/18206"}],"wp:featuredmedia":[{"embeddable":true,"href":"https:\/\/www.latribunedufaso.net\/index.php?rest_route=\/wp\/v2\/media\/18204"}],"wp:attachment":[{"href":"https:\/\/www.latribunedufaso.net\/index.php?rest_route=%2Fwp%2Fv2%2Fmedia&parent=18202"}],"wp:term":[{"taxonomy":"category","embeddable":true,"href":"https:\/\/www.latribunedufaso.net\/index.php?rest_route=%2Fwp%2Fv2%2Fcategories&post=18202"},{"taxonomy":"post_tag","embeddable":true,"href":"https:\/\/www.latribunedufaso.net\/index.php?rest_route=%2Fwp%2Fv2%2Ftags&post=18202"}],"curies":[{"name":"wp","href":"https:\/\/api.w.org\/{rel}","templated":true}]}}