{"id":18189,"date":"2025-01-14T11:05:56","date_gmt":"2025-01-14T11:05:56","guid":{"rendered":"https:\/\/www.latribunedufaso.net\/?p=18189"},"modified":"2025-01-14T11:05:56","modified_gmt":"2025-01-14T11:05:56","slug":"acces-a-leau-potable-le-ministre-baro-inaugure-un-systeme-dapprovisionnement-en-eau-potable-multi-villages","status":"publish","type":"post","link":"https:\/\/www.latribunedufaso.net\/?p=18189","title":{"rendered":"Acc\u00e8s \u00e0 l&rsquo;eau potable : Le ministre Baro inaugure un syst\u00e8me d\u2019approvisionnement en eau potable multi villages\u00a0"},"content":{"rendered":"<p><strong style=\"font-size: 1.0625rem;\">Le ministre de l\u2019Environnement, de l\u2019Eau et de l\u2019Assainissement, Roger Baro, a effectu\u00e9 une visite terrain dans la commune rurale de Komki Ipala le 13 janvier 2025. <span style=\"font-size: 1.0625rem;\">Cette visite a pour objectif de constater les r\u00e9alisations faites par la Direction r\u00e9gionale de l\u2019eau et de l\u2019assainissement du Centre dans le cadre du Programme national d\u2019approvisionnement en eau potable (PN-AEP).<\/span><\/strong><\/p>\n<p><!--more--><\/p>\n<p><span style=\"font-size: 1.0625rem;\">C\u2019\u00e9tait en pr\u00e9sence du gouverneur de la r\u00e9gion du Centre, Abdoulaye Bassinga, du PDS de la commune de Ouagadougou, Maurice Konat\u00e9 ainsi que plusieurs cadres du d\u00e9partement charg\u00e9 de l\u2019eau.<\/span><\/p>\n<figure id=\"attachment_18191\" aria-describedby=\"caption-attachment-18191\" style=\"width: 720px\" class=\"wp-caption aligncenter\"><a href=\"https:\/\/www.latribunedufaso.net\/wp-content\/uploads\/2025\/01\/FB_IMG_1736851921314.jpg\"><img loading=\"lazy\" decoding=\"async\" class=\"size-full wp-image-18191\" src=\"https:\/\/www.latribunedufaso.net\/wp-content\/uploads\/2025\/01\/FB_IMG_1736851921314.jpg\" alt=\"Le ministre en charge de l'Environnement, Roger Baro a inaugur\u00e9 un syst\u00e8me d\u2019approvisionnement en eau potable multi villages \u00e0 Komki Ipala, 13 janvier 2025\" width=\"720\" height=\"480\" srcset=\"https:\/\/www.latribunedufaso.net\/wp-content\/uploads\/2025\/01\/FB_IMG_1736851921314.jpg 720w, https:\/\/www.latribunedufaso.net\/wp-content\/uploads\/2025\/01\/FB_IMG_1736851921314-300x200.jpg 300w, https:\/\/www.latribunedufaso.net\/wp-content\/uploads\/2025\/01\/FB_IMG_1736851921314-120x80.jpg 120w, https:\/\/www.latribunedufaso.net\/wp-content\/uploads\/2025\/01\/FB_IMG_1736851921314-360x240.jpg 360w, https:\/\/www.latribunedufaso.net\/wp-content\/uploads\/2025\/01\/FB_IMG_1736851921314-600x400.jpg 600w\" sizes=\"auto, (max-width: 720px) 100vw, 720px\" \/><\/a><figcaption id=\"caption-attachment-18191\" class=\"wp-caption-text\">Le ministre Roger Baro s&rsquo;est assur\u00e9 du bon fonctionnement de la borne fontaine &#8211; Ph. DR<\/figcaption><\/figure>\n<p>L\u2019infrastructure est compos\u00e9e d\u2019un centre de production d\u2019eau, de trois forages de d\u00e9bit respectif de 13 m3 \/h, de 07 m3 \/h et de 05 m3 \/h. A cela s&rsquo;ajoutent un champ solaire de 09 kWc, 07 kWc et 09 kWc associ\u00e9 \u00e0 un r\u00e9seau \u00e9lectrique de la SONABEL de 50 kVA et 10 A. Un r\u00e9servoir de type ch\u00e2teau m\u00e9tallique de 100m3 et un syst\u00e8me de traitement de type DOSATRON font \u00e9galement partie des r\u00e9alisations visit\u00e9es.<\/p>\n<p>En plus, le projet a permis la r\u00e9alisation d&rsquo;un r\u00e9seau de distribution form\u00e9 de conduite type PVC de pression nominale 10 bar de diam\u00e8tre variant de 160mm \u00e0 63 mm et de pi\u00e8ces hydrauliques. La longueur du r\u00e9seau est de 18 km.<\/p>\n<blockquote>\n<p>Lire aussi &gt;&gt; <a href=\"https:\/\/www.latribunedufaso.net\/?p=9239\">Acc\u00e8s \u00e0 l\u2019eau potable : Le ministre en charge de l\u2019Eau et l\u2019ambassadeur du Royaume du Danemark font le point sur l\u2019\u00e9tat d\u2019avancement des projets<\/a><\/p>\n<\/blockquote>\n<p>Les points de desserte sont constitu\u00e9s de Bornes Fontaines (BF) et de Branchements Priv\u00e9s (BP). Il y a 18 Bornes Fontaines r\u00e9parties comme suit : Bargho 05 BF, Lemnogo 04 BF, Nabelin 03 BF, Vipalogo 04 BF et Wobzougou 02 BF.<\/p>\n<p>Les BP sont situ\u00e9s dans les lieux institutionnels : 01 BP au CSPS de Vipalogo, 01 BP \u00e0 l\u2019\u00e9cole primaire de Vipalogo et 01 BP \u00e0 primaire de Lemnogo. Globalement, le syst\u00e8me r\u00e9alis\u00e9 permettra de desservir au moins 10 000 habitants au niveau des cinq villages.<\/p>\n<figure id=\"attachment_18192\" aria-describedby=\"caption-attachment-18192\" style=\"width: 720px\" class=\"wp-caption aligncenter\"><a href=\"https:\/\/www.latribunedufaso.net\/wp-content\/uploads\/2025\/01\/FB_IMG_1736851964959.jpg\"><img loading=\"lazy\" decoding=\"async\" class=\"size-full wp-image-18192\" src=\"https:\/\/www.latribunedufaso.net\/wp-content\/uploads\/2025\/01\/FB_IMG_1736851964959.jpg\" alt=\"Le ministre en charge de l'Environnement, Roger Baro a inaugur\u00e9 un syst\u00e8me d\u2019approvisionnement en eau potable multi villages \u00e0 Komki Ipala, 13 janvier 2025\" width=\"720\" height=\"480\" srcset=\"https:\/\/www.latribunedufaso.net\/wp-content\/uploads\/2025\/01\/FB_IMG_1736851964959.jpg 720w, https:\/\/www.latribunedufaso.net\/wp-content\/uploads\/2025\/01\/FB_IMG_1736851964959-300x200.jpg 300w, https:\/\/www.latribunedufaso.net\/wp-content\/uploads\/2025\/01\/FB_IMG_1736851964959-120x80.jpg 120w, https:\/\/www.latribunedufaso.net\/wp-content\/uploads\/2025\/01\/FB_IMG_1736851964959-360x240.jpg 360w, https:\/\/www.latribunedufaso.net\/wp-content\/uploads\/2025\/01\/FB_IMG_1736851964959-600x400.jpg 600w\" sizes=\"auto, (max-width: 720px) 100vw, 720px\" \/><\/a><figcaption id=\"caption-attachment-18192\" class=\"wp-caption-text\">La Directrice r\u00e9gionale de l\u2019eau et de l\u2019assainissement du Centre, Nad\u00e8ge Flora Barry\/Bationo &#8211; Ph. DR<\/figcaption><\/figure>\n<p>Selon la Directrice r\u00e9gionale de l\u2019eau et de l\u2019assainissement du Centre, Nad\u00e8ge Flora Barry\/Bationo, cette r\u00e9alisation est la mat\u00e9rialisation concr\u00e8te de l\u2019approche service pr\u00f4n\u00e9e par les autorit\u00e9s actuelles qui veut que chaque personne puisse avoir l\u2019eau chez lui \u00e0 la maison pour ses diff\u00e9rents usages. Le co\u00fbt de l\u2019ouvrage est de 450 millions de francs CFA.\u00a0<\/p>\n<p>Pour le ministre Roger Baro, cette r\u00e9alisation est la mat\u00e9rialisation concr\u00e8te du Plan d\u2019action pour la stabilisation et le d\u00e9veloppement dans son volet acc\u00e8s \u00e0 l\u2019eau potable et \u00e0 l\u2019assainissement.<\/p>\n<figure id=\"attachment_18193\" aria-describedby=\"caption-attachment-18193\" style=\"width: 720px\" class=\"wp-caption aligncenter\"><a href=\"https:\/\/www.latribunedufaso.net\/wp-content\/uploads\/2025\/01\/FB_IMG_1736851996620.jpg\"><img loading=\"lazy\" decoding=\"async\" class=\"size-full wp-image-18193\" src=\"https:\/\/www.latribunedufaso.net\/wp-content\/uploads\/2025\/01\/FB_IMG_1736851996620.jpg\" alt=\"Le ministre en charge de l'Environnement, Roger Baro a inaugur\u00e9 un syst\u00e8me d\u2019approvisionnement en eau potable multi villages \u00e0 Komki Ipala, 13 janvier 2025\" width=\"720\" height=\"480\" srcset=\"https:\/\/www.latribunedufaso.net\/wp-content\/uploads\/2025\/01\/FB_IMG_1736851996620.jpg 720w, https:\/\/www.latribunedufaso.net\/wp-content\/uploads\/2025\/01\/FB_IMG_1736851996620-300x200.jpg 300w, https:\/\/www.latribunedufaso.net\/wp-content\/uploads\/2025\/01\/FB_IMG_1736851996620-120x80.jpg 120w, https:\/\/www.latribunedufaso.net\/wp-content\/uploads\/2025\/01\/FB_IMG_1736851996620-360x240.jpg 360w, https:\/\/www.latribunedufaso.net\/wp-content\/uploads\/2025\/01\/FB_IMG_1736851996620-600x400.jpg 600w\" sizes=\"auto, (max-width: 720px) 100vw, 720px\" \/><\/a><figcaption id=\"caption-attachment-18193\" class=\"wp-caption-text\">Un ch\u00e2teau d&rsquo;eau de 100 m3 &#8211; Ph. DR<\/figcaption><\/figure>\n<p><em><strong>\u00ab C\u2019est un syst\u00e8me d\u2019Approvisionnement en eau potable multi villages (AEP MV) qui va desservir 5 village et en minimum 10 000 personnes vont avoir de l\u2019eau chez eux. On peut qualifier cela de l\u2019ONEA en milieu rural. C\u2019est ce que nous entendons faire partout o\u00f9 on peut mobiliser de l\u2019eau pour que l\u2019eau retrouve la population l\u00e0 o\u00f9 elle est pour leurs usages. Nous sommes dans cette dynamique pour que la question de l\u2019eau potable soit une r\u00e9alit\u00e9 au niveau des diff\u00e9rents m\u00e9nages et cela va acc\u00e9l\u00e9rer la qu\u00eate de notre pays pour l\u2019atteinte des ODD \u00e0 l\u2019horizon 2030 \u00bb, <\/strong><\/em>a expliqu\u00e9 le ministre Roger Baro.<\/p>\n<p><strong>Latribunedufaso.net<\/strong><\/p>\n<p><strong>Sour<span style=\"font-size: 1.0625rem;\">ce : MEEA<\/span><\/strong><\/p>\n","protected":false},"excerpt":{"rendered":"<p>Le ministre de l\u2019Environnement, de l\u2019Eau et de l\u2019Assainissement, Roger Baro, a effectu\u00e9 une visite terrain dans la commune rurale de Komki Ipala le 13 janvier 2025. Cette visite a pour objectif de constater les r\u00e9alisations faites par la Direction r\u00e9gionale de l\u2019eau et de l\u2019assainissement du Centre dans le cadre du Programme national d\u2019approvisionnement en eau potable (PN-AEP).<\/p>\n","protected":false},"author":5,"featured_media":18190,"comment_status":"open","ping_status":"open","sticky":false,"template":"","format":"standard","meta":{"footnotes":""},"categories":[13,1,23],"tags":[621,39],"class_list":["post-18189","post","type-post","status-publish","format-standard","has-post-thumbnail","hentry","category-une","category-actu","category-eau-et-assainissement","tag-acces-a-leau-potable","tag-latribunedufaso-net"],"yoast_head":"<!-- This site is optimized with the Yoast SEO plugin v27.5 - https:\/\/yoast.com\/product\/yoast-seo-wordpress\/ -->\n<title>Acc\u00e8s \u00e0 l&#039;eau potable : Le ministre Baro inaugure un syst\u00e8me d\u2019approvisionnement en eau potable multi villages\u00a0 - La Tribune du Faso<\/title>\n<meta name=\"robots\" content=\"index, follow, max-snippet:-1, max-image-preview:large, max-video-preview:-1\" \/>\n<link rel=\"canonical\" href=\"https:\/\/www.latribunedufaso.net\/?p=18189\" \/>\n<meta property=\"og:locale\" content=\"fr_FR\" \/>\n<meta property=\"og:type\" content=\"article\" \/>\n<meta property=\"og:title\" content=\"Acc\u00e8s \u00e0 l&#039;eau potable : Le ministre Baro inaugure un syst\u00e8me d\u2019approvisionnement en eau potable multi villages\u00a0 - La Tribune du Faso\" \/>\n<meta property=\"og:description\" content=\"Le ministre de l\u2019Environnement, de l\u2019Eau et de l\u2019Assainissement, Roger Baro, a effectu\u00e9 une visite terrain dans la commune rurale de Komki Ipala le 13 janvier 2025. Cette visite a pour objectif de constater les r\u00e9alisations faites par la Direction r\u00e9gionale de l\u2019eau et de l\u2019assainissement du Centre dans le cadre du Programme national d\u2019approvisionnement en eau potable (PN-AEP).\" \/>\n<meta property=\"og:url\" content=\"https:\/\/www.latribunedufaso.net\/?p=18189\" \/>\n<meta property=\"og:site_name\" content=\"La Tribune du Faso\" \/>\n<meta property=\"article:publisher\" content=\"https:\/\/www.facebook.com\/LatribuneduFaso\/\" \/>\n<meta property=\"article:published_time\" content=\"2025-01-14T11:05:56+00:00\" \/>\n<meta property=\"og:image\" content=\"https:\/\/www.latribunedufaso.net\/wp-content\/uploads\/2025\/01\/FB_IMG_1736851913510.jpg\" \/>\n\t<meta property=\"og:image:width\" content=\"720\" \/>\n\t<meta property=\"og:image:height\" content=\"479\" \/>\n\t<meta property=\"og:image:type\" content=\"image\/jpeg\" \/>\n<meta name=\"author\" content=\"Issouf Tapsoba\" \/>\n<meta name=\"twitter:label1\" content=\"\u00c9crit par\" \/>\n\t<meta name=\"twitter:data1\" content=\"Issouf Tapsoba\" \/>\n\t<meta name=\"twitter:label2\" content=\"Dur\u00e9e de lecture estim\u00e9e\" \/>\n\t<meta name=\"twitter:data2\" content=\"3 minutes\" \/>\n<script type=\"application\/ld+json\" class=\"yoast-schema-graph\">{\"@context\":\"https:\\\/\\\/schema.org\",\"@graph\":[{\"@type\":\"Article\",\"@id\":\"https:\\\/\\\/www.latribunedufaso.net\\\/?p=18189#article\",\"isPartOf\":{\"@id\":\"https:\\\/\\\/www.latribunedufaso.net\\\/?p=18189\"},\"author\":{\"name\":\"Issouf Tapsoba\",\"@id\":\"https:\\\/\\\/www.latribunedufaso.net\\\/#\\\/schema\\\/person\\\/e54e64c5778a7e72cf80a318b7a622b0\"},\"headline\":\"Acc\u00e8s \u00e0 l&rsquo;eau potable : Le ministre Baro inaugure un syst\u00e8me d\u2019approvisionnement en eau potable multi villages\u00a0\",\"datePublished\":\"2025-01-14T11:05:56+00:00\",\"mainEntityOfPage\":{\"@id\":\"https:\\\/\\\/www.latribunedufaso.net\\\/?p=18189\"},\"wordCount\":652,\"commentCount\":0,\"publisher\":{\"@id\":\"https:\\\/\\\/www.latribunedufaso.net\\\/#organization\"},\"image\":{\"@id\":\"https:\\\/\\\/www.latribunedufaso.net\\\/?p=18189#primaryimage\"},\"thumbnailUrl\":\"https:\\\/\\\/www.latribunedufaso.net\\\/wp-content\\\/uploads\\\/2025\\\/01\\\/FB_IMG_1736851913510.jpg\",\"keywords\":[\"Acc\u00e8s \u00e0 l'eau potable\",\"latribunedufaso.net\"],\"articleSection\":[\"A la une\",\"Actualit\u00e9\",\"Eau et assainissement\"],\"inLanguage\":\"fr-FR\",\"potentialAction\":[{\"@type\":\"CommentAction\",\"name\":\"Comment\",\"target\":[\"https:\\\/\\\/www.latribunedufaso.net\\\/?p=18189#respond\"]}]},{\"@type\":\"WebPage\",\"@id\":\"https:\\\/\\\/www.latribunedufaso.net\\\/?p=18189\",\"url\":\"https:\\\/\\\/www.latribunedufaso.net\\\/?p=18189\",\"name\":\"Acc\u00e8s \u00e0 l'eau potable : Le ministre Baro inaugure un syst\u00e8me d\u2019approvisionnement en eau potable multi villages\u00a0 - La Tribune du Faso\",\"isPartOf\":{\"@id\":\"https:\\\/\\\/www.latribunedufaso.net\\\/#website\"},\"primaryImageOfPage\":{\"@id\":\"https:\\\/\\\/www.latribunedufaso.net\\\/?p=18189#primaryimage\"},\"image\":{\"@id\":\"https:\\\/\\\/www.latribunedufaso.net\\\/?p=18189#primaryimage\"},\"thumbnailUrl\":\"https:\\\/\\\/www.latribunedufaso.net\\\/wp-content\\\/uploads\\\/2025\\\/01\\\/FB_IMG_1736851913510.jpg\",\"datePublished\":\"2025-01-14T11:05:56+00:00\",\"breadcrumb\":{\"@id\":\"https:\\\/\\\/www.latribunedufaso.net\\\/?p=18189#breadcrumb\"},\"inLanguage\":\"fr-FR\",\"potentialAction\":[{\"@type\":\"ReadAction\",\"target\":[\"https:\\\/\\\/www.latribunedufaso.net\\\/?p=18189\"]}]},{\"@type\":\"ImageObject\",\"inLanguage\":\"fr-FR\",\"@id\":\"https:\\\/\\\/www.latribunedufaso.net\\\/?p=18189#primaryimage\",\"url\":\"https:\\\/\\\/www.latribunedufaso.net\\\/wp-content\\\/uploads\\\/2025\\\/01\\\/FB_IMG_1736851913510.jpg\",\"contentUrl\":\"https:\\\/\\\/www.latribunedufaso.net\\\/wp-content\\\/uploads\\\/2025\\\/01\\\/FB_IMG_1736851913510.jpg\",\"width\":720,\"height\":479,\"caption\":\"Le ministre en charge de l'Environnement, Roger Baro a inaugur\u00e9 un syst\u00e8me d\u2019approvisionnement en eau potable multi villages \u00e0 Komki Ipala, 13 janvier 2025\"},{\"@type\":\"BreadcrumbList\",\"@id\":\"https:\\\/\\\/www.latribunedufaso.net\\\/?p=18189#breadcrumb\",\"itemListElement\":[{\"@type\":\"ListItem\",\"position\":1,\"name\":\"Accueil\",\"item\":\"https:\\\/\\\/www.latribunedufaso.net\\\/\"},{\"@type\":\"ListItem\",\"position\":2,\"name\":\"Acc\u00e8s \u00e0 l&rsquo;eau potable : Le ministre Baro inaugure un syst\u00e8me d\u2019approvisionnement en eau potable multi villages\u00a0\"}]},{\"@type\":\"WebSite\",\"@id\":\"https:\\\/\\\/www.latribunedufaso.net\\\/#website\",\"url\":\"https:\\\/\\\/www.latribunedufaso.net\\\/\",\"name\":\"La Tribune du Faso\",\"description\":\"L&#039;information du monde rural en un clic\",\"publisher\":{\"@id\":\"https:\\\/\\\/www.latribunedufaso.net\\\/#organization\"},\"potentialAction\":[{\"@type\":\"SearchAction\",\"target\":{\"@type\":\"EntryPoint\",\"urlTemplate\":\"https:\\\/\\\/www.latribunedufaso.net\\\/?s={search_term_string}\"},\"query-input\":{\"@type\":\"PropertyValueSpecification\",\"valueRequired\":true,\"valueName\":\"search_term_string\"}}],\"inLanguage\":\"fr-FR\"},{\"@type\":\"Organization\",\"@id\":\"https:\\\/\\\/www.latribunedufaso.net\\\/#organization\",\"name\":\"La Tribune du Faso\",\"url\":\"https:\\\/\\\/www.latribunedufaso.net\\\/\",\"logo\":{\"@type\":\"ImageObject\",\"inLanguage\":\"fr-FR\",\"@id\":\"https:\\\/\\\/www.latribunedufaso.net\\\/#\\\/schema\\\/logo\\\/image\\\/\",\"url\":\"https:\\\/\\\/www.latribunedufaso.net\\\/wp-content\\\/uploads\\\/2020\\\/08\\\/Logo-Tribune-du-Faso-final-scaled.jpg\",\"contentUrl\":\"https:\\\/\\\/www.latribunedufaso.net\\\/wp-content\\\/uploads\\\/2020\\\/08\\\/Logo-Tribune-du-Faso-final-scaled.jpg\",\"width\":2560,\"height\":1856,\"caption\":\"La Tribune du Faso\"},\"image\":{\"@id\":\"https:\\\/\\\/www.latribunedufaso.net\\\/#\\\/schema\\\/logo\\\/image\\\/\"},\"sameAs\":[\"https:\\\/\\\/www.facebook.com\\\/LatribuneduFaso\\\/\"]},{\"@type\":\"Person\",\"@id\":\"https:\\\/\\\/www.latribunedufaso.net\\\/#\\\/schema\\\/person\\\/e54e64c5778a7e72cf80a318b7a622b0\",\"name\":\"Issouf Tapsoba\",\"image\":{\"@type\":\"ImageObject\",\"inLanguage\":\"fr-FR\",\"@id\":\"https:\\\/\\\/secure.gravatar.com\\\/avatar\\\/5e6c05150ce3230247d167f5b94d678eb05936197436d69b7921e3a95c9107ac?s=96&d=mm&r=g\",\"url\":\"https:\\\/\\\/secure.gravatar.com\\\/avatar\\\/5e6c05150ce3230247d167f5b94d678eb05936197436d69b7921e3a95c9107ac?s=96&d=mm&r=g\",\"contentUrl\":\"https:\\\/\\\/secure.gravatar.com\\\/avatar\\\/5e6c05150ce3230247d167f5b94d678eb05936197436d69b7921e3a95c9107ac?s=96&d=mm&r=g\",\"caption\":\"Issouf Tapsoba\"},\"url\":\"https:\\\/\\\/www.latribunedufaso.net\\\/?author=5\"}]}<\/script>\n<!-- \/ Yoast SEO plugin. -->","yoast_head_json":{"title":"Acc\u00e8s \u00e0 l'eau potable : Le ministre Baro inaugure un syst\u00e8me d\u2019approvisionnement en eau potable multi villages\u00a0 - La Tribune du Faso","robots":{"index":"index","follow":"follow","max-snippet":"max-snippet:-1","max-image-preview":"max-image-preview:large","max-video-preview":"max-video-preview:-1"},"canonical":"https:\/\/www.latribunedufaso.net\/?p=18189","og_locale":"fr_FR","og_type":"article","og_title":"Acc\u00e8s \u00e0 l'eau potable : Le ministre Baro inaugure un syst\u00e8me d\u2019approvisionnement en eau potable multi villages\u00a0 - La Tribune du Faso","og_description":"Le ministre de l\u2019Environnement, de l\u2019Eau et de l\u2019Assainissement, Roger Baro, a effectu\u00e9 une visite terrain dans la commune rurale de Komki Ipala le 13 janvier 2025. Cette visite a pour objectif de constater les r\u00e9alisations faites par la Direction r\u00e9gionale de l\u2019eau et de l\u2019assainissement du Centre dans le cadre du Programme national d\u2019approvisionnement en eau potable (PN-AEP).","og_url":"https:\/\/www.latribunedufaso.net\/?p=18189","og_site_name":"La Tribune du Faso","article_publisher":"https:\/\/www.facebook.com\/LatribuneduFaso\/","article_published_time":"2025-01-14T11:05:56+00:00","og_image":[{"width":720,"height":479,"url":"https:\/\/www.latribunedufaso.net\/wp-content\/uploads\/2025\/01\/FB_IMG_1736851913510.jpg","type":"image\/jpeg"}],"author":"Issouf Tapsoba","twitter_misc":{"\u00c9crit par":"Issouf Tapsoba","Dur\u00e9e de lecture estim\u00e9e":"3 minutes"},"schema":{"@context":"https:\/\/schema.org","@graph":[{"@type":"Article","@id":"https:\/\/www.latribunedufaso.net\/?p=18189#article","isPartOf":{"@id":"https:\/\/www.latribunedufaso.net\/?p=18189"},"author":{"name":"Issouf Tapsoba","@id":"https:\/\/www.latribunedufaso.net\/#\/schema\/person\/e54e64c5778a7e72cf80a318b7a622b0"},"headline":"Acc\u00e8s \u00e0 l&rsquo;eau potable : Le ministre Baro inaugure un syst\u00e8me d\u2019approvisionnement en eau potable multi villages\u00a0","datePublished":"2025-01-14T11:05:56+00:00","mainEntityOfPage":{"@id":"https:\/\/www.latribunedufaso.net\/?p=18189"},"wordCount":652,"commentCount":0,"publisher":{"@id":"https:\/\/www.latribunedufaso.net\/#organization"},"image":{"@id":"https:\/\/www.latribunedufaso.net\/?p=18189#primaryimage"},"thumbnailUrl":"https:\/\/www.latribunedufaso.net\/wp-content\/uploads\/2025\/01\/FB_IMG_1736851913510.jpg","keywords":["Acc\u00e8s \u00e0 l'eau potable","latribunedufaso.net"],"articleSection":["A la une","Actualit\u00e9","Eau et assainissement"],"inLanguage":"fr-FR","potentialAction":[{"@type":"CommentAction","name":"Comment","target":["https:\/\/www.latribunedufaso.net\/?p=18189#respond"]}]},{"@type":"WebPage","@id":"https:\/\/www.latribunedufaso.net\/?p=18189","url":"https:\/\/www.latribunedufaso.net\/?p=18189","name":"Acc\u00e8s \u00e0 l'eau potable : Le ministre Baro inaugure un syst\u00e8me d\u2019approvisionnement en eau potable multi villages\u00a0 - La Tribune du Faso","isPartOf":{"@id":"https:\/\/www.latribunedufaso.net\/#website"},"primaryImageOfPage":{"@id":"https:\/\/www.latribunedufaso.net\/?p=18189#primaryimage"},"image":{"@id":"https:\/\/www.latribunedufaso.net\/?p=18189#primaryimage"},"thumbnailUrl":"https:\/\/www.latribunedufaso.net\/wp-content\/uploads\/2025\/01\/FB_IMG_1736851913510.jpg","datePublished":"2025-01-14T11:05:56+00:00","breadcrumb":{"@id":"https:\/\/www.latribunedufaso.net\/?p=18189#breadcrumb"},"inLanguage":"fr-FR","potentialAction":[{"@type":"ReadAction","target":["https:\/\/www.latribunedufaso.net\/?p=18189"]}]},{"@type":"ImageObject","inLanguage":"fr-FR","@id":"https:\/\/www.latribunedufaso.net\/?p=18189#primaryimage","url":"https:\/\/www.latribunedufaso.net\/wp-content\/uploads\/2025\/01\/FB_IMG_1736851913510.jpg","contentUrl":"https:\/\/www.latribunedufaso.net\/wp-content\/uploads\/2025\/01\/FB_IMG_1736851913510.jpg","width":720,"height":479,"caption":"Le ministre en charge de l'Environnement, Roger Baro a inaugur\u00e9 un syst\u00e8me d\u2019approvisionnement en eau potable multi villages \u00e0 Komki Ipala, 13 janvier 2025"},{"@type":"BreadcrumbList","@id":"https:\/\/www.latribunedufaso.net\/?p=18189#breadcrumb","itemListElement":[{"@type":"ListItem","position":1,"name":"Accueil","item":"https:\/\/www.latribunedufaso.net\/"},{"@type":"ListItem","position":2,"name":"Acc\u00e8s \u00e0 l&rsquo;eau potable : Le ministre Baro inaugure un syst\u00e8me d\u2019approvisionnement en eau potable multi villages\u00a0"}]},{"@type":"WebSite","@id":"https:\/\/www.latribunedufaso.net\/#website","url":"https:\/\/www.latribunedufaso.net\/","name":"La Tribune du Faso","description":"L&#039;information du monde rural en un clic","publisher":{"@id":"https:\/\/www.latribunedufaso.net\/#organization"},"potentialAction":[{"@type":"SearchAction","target":{"@type":"EntryPoint","urlTemplate":"https:\/\/www.latribunedufaso.net\/?s={search_term_string}"},"query-input":{"@type":"PropertyValueSpecification","valueRequired":true,"valueName":"search_term_string"}}],"inLanguage":"fr-FR"},{"@type":"Organization","@id":"https:\/\/www.latribunedufaso.net\/#organization","name":"La Tribune du Faso","url":"https:\/\/www.latribunedufaso.net\/","logo":{"@type":"ImageObject","inLanguage":"fr-FR","@id":"https:\/\/www.latribunedufaso.net\/#\/schema\/logo\/image\/","url":"https:\/\/www.latribunedufaso.net\/wp-content\/uploads\/2020\/08\/Logo-Tribune-du-Faso-final-scaled.jpg","contentUrl":"https:\/\/www.latribunedufaso.net\/wp-content\/uploads\/2020\/08\/Logo-Tribune-du-Faso-final-scaled.jpg","width":2560,"height":1856,"caption":"La Tribune du Faso"},"image":{"@id":"https:\/\/www.latribunedufaso.net\/#\/schema\/logo\/image\/"},"sameAs":["https:\/\/www.facebook.com\/LatribuneduFaso\/"]},{"@type":"Person","@id":"https:\/\/www.latribunedufaso.net\/#\/schema\/person\/e54e64c5778a7e72cf80a318b7a622b0","name":"Issouf Tapsoba","image":{"@type":"ImageObject","inLanguage":"fr-FR","@id":"https:\/\/secure.gravatar.com\/avatar\/5e6c05150ce3230247d167f5b94d678eb05936197436d69b7921e3a95c9107ac?s=96&d=mm&r=g","url":"https:\/\/secure.gravatar.com\/avatar\/5e6c05150ce3230247d167f5b94d678eb05936197436d69b7921e3a95c9107ac?s=96&d=mm&r=g","contentUrl":"https:\/\/secure.gravatar.com\/avatar\/5e6c05150ce3230247d167f5b94d678eb05936197436d69b7921e3a95c9107ac?s=96&d=mm&r=g","caption":"Issouf Tapsoba"},"url":"https:\/\/www.latribunedufaso.net\/?author=5"}]}},"_links":{"self":[{"href":"https:\/\/www.latribunedufaso.net\/index.php?rest_route=\/wp\/v2\/posts\/18189","targetHints":{"allow":["GET"]}}],"collection":[{"href":"https:\/\/www.latribunedufaso.net\/index.php?rest_route=\/wp\/v2\/posts"}],"about":[{"href":"https:\/\/www.latribunedufaso.net\/index.php?rest_route=\/wp\/v2\/types\/post"}],"author":[{"embeddable":true,"href":"https:\/\/www.latribunedufaso.net\/index.php?rest_route=\/wp\/v2\/users\/5"}],"replies":[{"embeddable":true,"href":"https:\/\/www.latribunedufaso.net\/index.php?rest_route=%2Fwp%2Fv2%2Fcomments&post=18189"}],"version-history":[{"count":1,"href":"https:\/\/www.latribunedufaso.net\/index.php?rest_route=\/wp\/v2\/posts\/18189\/revisions"}],"predecessor-version":[{"id":18194,"href":"https:\/\/www.latribunedufaso.net\/index.php?rest_route=\/wp\/v2\/posts\/18189\/revisions\/18194"}],"wp:featuredmedia":[{"embeddable":true,"href":"https:\/\/www.latribunedufaso.net\/index.php?rest_route=\/wp\/v2\/media\/18190"}],"wp:attachment":[{"href":"https:\/\/www.latribunedufaso.net\/index.php?rest_route=%2Fwp%2Fv2%2Fmedia&parent=18189"}],"wp:term":[{"taxonomy":"category","embeddable":true,"href":"https:\/\/www.latribunedufaso.net\/index.php?rest_route=%2Fwp%2Fv2%2Fcategories&post=18189"},{"taxonomy":"post_tag","embeddable":true,"href":"https:\/\/www.latribunedufaso.net\/index.php?rest_route=%2Fwp%2Fv2%2Ftags&post=18189"}],"curies":[{"name":"wp","href":"https:\/\/api.w.org\/{rel}","templated":true}]}}