{"id":18118,"date":"2025-01-11T11:57:37","date_gmt":"2025-01-11T11:57:37","guid":{"rendered":"https:\/\/www.latribunedufaso.net\/?p=18118"},"modified":"2025-01-11T11:57:37","modified_gmt":"2025-01-11T11:57:37","slug":"burkina-faso-la-direction-generale-des-impots-vise-1-574-milliards-de-recettes-fiscales-en-2025","status":"publish","type":"post","link":"https:\/\/www.latribunedufaso.net\/?p=18118","title":{"rendered":"Burkina Faso : La Direction g\u00e9n\u00e9rale des imp\u00f4ts vise 1 574 milliards de recettes fiscales en 2025\u00a0\u00a0"},"content":{"rendered":"<p><strong><span style=\"font-size: 1.0625rem;\">La Direction g\u00e9n\u00e9rale des imp\u00f4ts (DGI) du Burkina Faso a lanc\u00e9, le vendredi 10 janvier 2025 \u00e0 Ouagadougou, la 10\u1d49 rentr\u00e9e fiscale sous le th\u00e8me <em>\u00ab Pour un Burkina Faso r\u00e9silient et souverain, je d\u00e9clare et je paie mes imp\u00f4ts \u00bb.<\/em><\/span><\/strong><!--more--><\/p>\n<p>Dans sa d\u00e9claration liminaire, la Directrice g\u00e9n\u00e9rale des imp\u00f4ts, Talato Eliane Djiguemd\u00e9\/Ou\u00e9draogo, a annonc\u00e9 un objectif de mobilisation de 1 574 milliards FCFA pour le budget de l\u2019\u00c9tat en 2025, soit une augmentation de 7,49 % par rapport aux objectifs fix\u00e9s en 2024. Ce montant repr\u00e9sente environ 49% des pr\u00e9visions globales de recettes de l\u2019\u00c9tat et plus de 51 % des pr\u00e9visions de ressources propres du budget pour l\u2019exercice 2025.\u00a0\u00a0<\/p>\n<figure id=\"attachment_18121\" aria-describedby=\"caption-attachment-18121\" style=\"width: 1280px\" class=\"wp-caption aligncenter\"><a href=\"https:\/\/www.latribunedufaso.net\/wp-content\/uploads\/2025\/01\/IMG-20250111-WA0075.jpg\"><img loading=\"lazy\" decoding=\"async\" class=\"size-full wp-image-18121\" src=\"https:\/\/www.latribunedufaso.net\/wp-content\/uploads\/2025\/01\/IMG-20250111-WA0075.jpg\" alt=\"C\u00e9r\u00e9monie d'ouverture de la 10\u1d49 rentr\u00e9e fiscale sous le th\u00e8me \u00ab Pour un Burkina Faso r\u00e9silient et souverain, je d\u00e9clare et je paie mes imp\u00f4ts \u00bb, 10 janvier 2025\" width=\"1280\" height=\"720\" srcset=\"https:\/\/www.latribunedufaso.net\/wp-content\/uploads\/2025\/01\/IMG-20250111-WA0075.jpg 1280w, https:\/\/www.latribunedufaso.net\/wp-content\/uploads\/2025\/01\/IMG-20250111-WA0075-300x169.jpg 300w, https:\/\/www.latribunedufaso.net\/wp-content\/uploads\/2025\/01\/IMG-20250111-WA0075-1024x576.jpg 1024w, https:\/\/www.latribunedufaso.net\/wp-content\/uploads\/2025\/01\/IMG-20250111-WA0075-768x432.jpg 768w\" sizes=\"auto, (max-width: 1280px) 100vw, 1280px\" \/><\/a><figcaption id=\"caption-attachment-18121\" class=\"wp-caption-text\">La Directrice g\u00e9n\u00e9rale des imp\u00f4ts, Talato Eliane Djiguemd\u00e9\/Ou\u00e9draogo &#8211; Ph. N. Ouattara<\/figcaption><\/figure>\n<p>Pour atteindre cet objectif ambitieux, la DGI mise sur la responsabilisation des citoyens et la promotion du civisme fiscal. <em><strong>\u00ab Il s\u2019agit d\u2019un appel \u00e0 la responsabilit\u00e9 citoyenne, \u00e0 la r\u00e9silience et \u00e0 la souverainet\u00e9 nationale \u00bb<\/strong><\/em>, a soulign\u00e9 la Directrice g\u00e9n\u00e9rale, rappelant l\u2019importance du th\u00e8me choisi, qui se veut inclusif et mobilisateur.\u00a0\u00a0<\/p>\n<blockquote>\n<p>Lire aussi &gt;&gt; <a href=\"https:\/\/www.latribunedufaso.net\/?p=17782\">Burkina : Les d\u00e9put\u00e9s adoptent le budget 2025 de l\u2019\u00c9tat, estim\u00e9 \u00e0 plus de 3 000 milliards de F CFA\u00a0<\/a><\/p>\n<\/blockquote>\n<p>Avant d\u2019aborder les initiatives pour 2025, Talato Eliane Djiguemd\u00e9\/Ou\u00e9draogo a rappel\u00e9 les avanc\u00e9es r\u00e9alis\u00e9es au cours de l\u2019ann\u00e9e fiscale \u00e9coul\u00e9e. Parmi celles-ci figurent la digitalisation accrue des proc\u00e9dures fiscales et l\u2019assainissement de la gestion fonci\u00e8re. Cela a contribu\u00e9 \u00e0 une meilleure transparence et \u00e9quit\u00e9, \u00e0 la mise en \u0153uvre d\u2019actions de promotion du civisme fiscal et aux ajustements l\u00e9gislatifs majeurs etc.<\/p>\n<figure id=\"attachment_18122\" aria-describedby=\"caption-attachment-18122\" style=\"width: 2560px\" class=\"wp-caption aligncenter\"><a href=\"https:\/\/www.latribunedufaso.net\/wp-content\/uploads\/2025\/01\/IMG-20250111-WA0072.jpg\"><img loading=\"lazy\" decoding=\"async\" class=\"size-full wp-image-18122\" src=\"https:\/\/www.latribunedufaso.net\/wp-content\/uploads\/2025\/01\/IMG-20250111-WA0072.jpg\" alt=\"C\u00e9r\u00e9monie d'ouverture de la 10\u1d49 rentr\u00e9e fiscale sous le th\u00e8me \u00ab Pour un Burkina Faso r\u00e9silient et souverain, je d\u00e9clare et je paie mes imp\u00f4ts \u00bb, 10 janvier 2025\" width=\"2560\" height=\"1440\" srcset=\"https:\/\/www.latribunedufaso.net\/wp-content\/uploads\/2025\/01\/IMG-20250111-WA0072.jpg 2560w, https:\/\/www.latribunedufaso.net\/wp-content\/uploads\/2025\/01\/IMG-20250111-WA0072-300x169.jpg 300w, https:\/\/www.latribunedufaso.net\/wp-content\/uploads\/2025\/01\/IMG-20250111-WA0072-1024x576.jpg 1024w, https:\/\/www.latribunedufaso.net\/wp-content\/uploads\/2025\/01\/IMG-20250111-WA0072-768x432.jpg 768w, https:\/\/www.latribunedufaso.net\/wp-content\/uploads\/2025\/01\/IMG-20250111-WA0072-1536x864.jpg 1536w, https:\/\/www.latribunedufaso.net\/wp-content\/uploads\/2025\/01\/IMG-20250111-WA0072-2048x1152.jpg 2048w\" sizes=\"auto, (max-width: 2560px) 100vw, 2560px\" \/><\/a><figcaption id=\"caption-attachment-18122\" class=\"wp-caption-text\">Vue sur les acteurs lors de la c\u00e9r\u00e9monie d&rsquo;ouverture des travaux &#8211; Ph. N. Ouattara<\/figcaption><\/figure>\n<p>Ces r\u00e9formes, associ\u00e9es \u00e0 un engagement collectif des citoyens et des partenaires \u00e9conomiques, constituent les piliers sur lesquels repose la strat\u00e9gie de mobilisation des ressources pour 2025. Pour l\u2019ann\u00e9e 2024, f<span style=\"font-size: 1.0625rem;\">aut il le rappeler, tous budgets confondus, la direction g\u00e9n\u00e9rale des imp\u00f4ts a enregistr\u00e9 une mobilisation de 1 480 milliards FCFA de recettes fiscales contre 1 368 milliards FCFA en 2023.<\/span><\/p>\n<p><strong>Nabintou OUATTARA\u00a0<\/strong><\/p>\n<p><strong><span style=\"font-size: 1.0625rem;\">Latribune<\/span><span style=\"font-size: 1.0625rem;\">dufaso.net<\/span><\/strong><\/p>\n","protected":false},"excerpt":{"rendered":"<p>La Direction g\u00e9n\u00e9rale des imp\u00f4ts (DGI) du Burkina Faso a lanc\u00e9, le vendredi 10 janvier 2025 \u00e0 Ouagadougou, la 10\u1d49 rentr\u00e9e fiscale sous le th\u00e8me \u00ab Pour un Burkina Faso r\u00e9silient et souverain, je d\u00e9clare et je paie mes imp\u00f4ts \u00bb.<\/p>\n","protected":false},"author":5,"featured_media":18123,"comment_status":"open","ping_status":"open","sticky":false,"template":"","format":"standard","meta":{"footnotes":""},"categories":[13,1,10],"tags":[39,613],"class_list":["post-18118","post","type-post","status-publish","format-standard","has-post-thumbnail","hentry","category-une","category-actu","category-eco","tag-latribunedufaso-net","tag-rentree-fiscale-2025"],"yoast_head":"<!-- This site is optimized with the Yoast SEO plugin v27.5 - https:\/\/yoast.com\/product\/yoast-seo-wordpress\/ -->\n<title>Burkina Faso : La Direction g\u00e9n\u00e9rale des imp\u00f4ts vise 1 574 milliards de recettes fiscales en 2025\u00a0\u00a0 - La Tribune du Faso<\/title>\n<meta name=\"robots\" content=\"index, follow, max-snippet:-1, max-image-preview:large, max-video-preview:-1\" \/>\n<link rel=\"canonical\" href=\"https:\/\/www.latribunedufaso.net\/?p=18118\" \/>\n<meta property=\"og:locale\" content=\"fr_FR\" \/>\n<meta property=\"og:type\" content=\"article\" \/>\n<meta property=\"og:title\" content=\"Burkina Faso : La Direction g\u00e9n\u00e9rale des imp\u00f4ts vise 1 574 milliards de recettes fiscales en 2025\u00a0\u00a0 - La Tribune du Faso\" \/>\n<meta property=\"og:description\" content=\"La Direction g\u00e9n\u00e9rale des imp\u00f4ts (DGI) du Burkina Faso a lanc\u00e9, le vendredi 10 janvier 2025 \u00e0 Ouagadougou, la 10\u1d49 rentr\u00e9e fiscale sous le th\u00e8me \u00ab Pour un Burkina Faso r\u00e9silient et souverain, je d\u00e9clare et je paie mes imp\u00f4ts \u00bb.\" \/>\n<meta property=\"og:url\" content=\"https:\/\/www.latribunedufaso.net\/?p=18118\" \/>\n<meta property=\"og:site_name\" content=\"La Tribune du Faso\" \/>\n<meta property=\"article:publisher\" content=\"https:\/\/www.facebook.com\/LatribuneduFaso\/\" \/>\n<meta property=\"article:published_time\" content=\"2025-01-11T11:57:37+00:00\" \/>\n<meta property=\"og:image\" content=\"https:\/\/www.latribunedufaso.net\/wp-content\/uploads\/2025\/01\/IMG-20250111-WA0070.jpg\" \/>\n\t<meta property=\"og:image:width\" content=\"2312\" \/>\n\t<meta property=\"og:image:height\" content=\"1736\" \/>\n\t<meta property=\"og:image:type\" content=\"image\/jpeg\" \/>\n<meta name=\"author\" content=\"Issouf Tapsoba\" \/>\n<meta name=\"twitter:label1\" content=\"\u00c9crit par\" \/>\n\t<meta name=\"twitter:data1\" content=\"Issouf Tapsoba\" \/>\n\t<meta name=\"twitter:label2\" content=\"Dur\u00e9e de lecture estim\u00e9e\" \/>\n\t<meta name=\"twitter:data2\" content=\"2 minutes\" \/>\n<script type=\"application\/ld+json\" class=\"yoast-schema-graph\">{\"@context\":\"https:\\\/\\\/schema.org\",\"@graph\":[{\"@type\":\"Article\",\"@id\":\"https:\\\/\\\/www.latribunedufaso.net\\\/?p=18118#article\",\"isPartOf\":{\"@id\":\"https:\\\/\\\/www.latribunedufaso.net\\\/?p=18118\"},\"author\":{\"name\":\"Issouf Tapsoba\",\"@id\":\"https:\\\/\\\/www.latribunedufaso.net\\\/#\\\/schema\\\/person\\\/e54e64c5778a7e72cf80a318b7a622b0\"},\"headline\":\"Burkina Faso : La Direction g\u00e9n\u00e9rale des imp\u00f4ts vise 1 574 milliards de recettes fiscales en 2025\u00a0\u00a0\",\"datePublished\":\"2025-01-11T11:57:37+00:00\",\"mainEntityOfPage\":{\"@id\":\"https:\\\/\\\/www.latribunedufaso.net\\\/?p=18118\"},\"wordCount\":396,\"commentCount\":0,\"publisher\":{\"@id\":\"https:\\\/\\\/www.latribunedufaso.net\\\/#organization\"},\"image\":{\"@id\":\"https:\\\/\\\/www.latribunedufaso.net\\\/?p=18118#primaryimage\"},\"thumbnailUrl\":\"https:\\\/\\\/www.latribunedufaso.net\\\/wp-content\\\/uploads\\\/2025\\\/01\\\/IMG-20250111-WA0070.jpg\",\"keywords\":[\"latribunedufaso.net\",\"Rentr\u00e9e fiscale 2025\"],\"articleSection\":[\"A la une\",\"Actualit\u00e9\",\"Economie\"],\"inLanguage\":\"fr-FR\",\"potentialAction\":[{\"@type\":\"CommentAction\",\"name\":\"Comment\",\"target\":[\"https:\\\/\\\/www.latribunedufaso.net\\\/?p=18118#respond\"]}]},{\"@type\":\"WebPage\",\"@id\":\"https:\\\/\\\/www.latribunedufaso.net\\\/?p=18118\",\"url\":\"https:\\\/\\\/www.latribunedufaso.net\\\/?p=18118\",\"name\":\"Burkina Faso : La Direction g\u00e9n\u00e9rale des imp\u00f4ts vise 1 574 milliards de recettes fiscales en 2025\u00a0\u00a0 - La Tribune du Faso\",\"isPartOf\":{\"@id\":\"https:\\\/\\\/www.latribunedufaso.net\\\/#website\"},\"primaryImageOfPage\":{\"@id\":\"https:\\\/\\\/www.latribunedufaso.net\\\/?p=18118#primaryimage\"},\"image\":{\"@id\":\"https:\\\/\\\/www.latribunedufaso.net\\\/?p=18118#primaryimage\"},\"thumbnailUrl\":\"https:\\\/\\\/www.latribunedufaso.net\\\/wp-content\\\/uploads\\\/2025\\\/01\\\/IMG-20250111-WA0070.jpg\",\"datePublished\":\"2025-01-11T11:57:37+00:00\",\"breadcrumb\":{\"@id\":\"https:\\\/\\\/www.latribunedufaso.net\\\/?p=18118#breadcrumb\"},\"inLanguage\":\"fr-FR\",\"potentialAction\":[{\"@type\":\"ReadAction\",\"target\":[\"https:\\\/\\\/www.latribunedufaso.net\\\/?p=18118\"]}]},{\"@type\":\"ImageObject\",\"inLanguage\":\"fr-FR\",\"@id\":\"https:\\\/\\\/www.latribunedufaso.net\\\/?p=18118#primaryimage\",\"url\":\"https:\\\/\\\/www.latribunedufaso.net\\\/wp-content\\\/uploads\\\/2025\\\/01\\\/IMG-20250111-WA0070.jpg\",\"contentUrl\":\"https:\\\/\\\/www.latribunedufaso.net\\\/wp-content\\\/uploads\\\/2025\\\/01\\\/IMG-20250111-WA0070.jpg\",\"width\":2312,\"height\":1736,\"caption\":\"C\u00e9r\u00e9monie d'ouverture de la 10\u1d49 rentr\u00e9e fiscale sous le th\u00e8me \u00ab Pour un Burkina Faso r\u00e9silient et souverain, je d\u00e9clare et je paie mes imp\u00f4ts \u00bb, 10 janvier 2025\"},{\"@type\":\"BreadcrumbList\",\"@id\":\"https:\\\/\\\/www.latribunedufaso.net\\\/?p=18118#breadcrumb\",\"itemListElement\":[{\"@type\":\"ListItem\",\"position\":1,\"name\":\"Accueil\",\"item\":\"https:\\\/\\\/www.latribunedufaso.net\\\/\"},{\"@type\":\"ListItem\",\"position\":2,\"name\":\"Burkina Faso : La Direction g\u00e9n\u00e9rale des imp\u00f4ts vise 1 574 milliards de recettes fiscales en 2025\u00a0\u00a0\"}]},{\"@type\":\"WebSite\",\"@id\":\"https:\\\/\\\/www.latribunedufaso.net\\\/#website\",\"url\":\"https:\\\/\\\/www.latribunedufaso.net\\\/\",\"name\":\"La Tribune du Faso\",\"description\":\"L&#039;information du monde rural en un clic\",\"publisher\":{\"@id\":\"https:\\\/\\\/www.latribunedufaso.net\\\/#organization\"},\"potentialAction\":[{\"@type\":\"SearchAction\",\"target\":{\"@type\":\"EntryPoint\",\"urlTemplate\":\"https:\\\/\\\/www.latribunedufaso.net\\\/?s={search_term_string}\"},\"query-input\":{\"@type\":\"PropertyValueSpecification\",\"valueRequired\":true,\"valueName\":\"search_term_string\"}}],\"inLanguage\":\"fr-FR\"},{\"@type\":\"Organization\",\"@id\":\"https:\\\/\\\/www.latribunedufaso.net\\\/#organization\",\"name\":\"La Tribune du Faso\",\"url\":\"https:\\\/\\\/www.latribunedufaso.net\\\/\",\"logo\":{\"@type\":\"ImageObject\",\"inLanguage\":\"fr-FR\",\"@id\":\"https:\\\/\\\/www.latribunedufaso.net\\\/#\\\/schema\\\/logo\\\/image\\\/\",\"url\":\"https:\\\/\\\/www.latribunedufaso.net\\\/wp-content\\\/uploads\\\/2020\\\/08\\\/Logo-Tribune-du-Faso-final-scaled.jpg\",\"contentUrl\":\"https:\\\/\\\/www.latribunedufaso.net\\\/wp-content\\\/uploads\\\/2020\\\/08\\\/Logo-Tribune-du-Faso-final-scaled.jpg\",\"width\":2560,\"height\":1856,\"caption\":\"La Tribune du Faso\"},\"image\":{\"@id\":\"https:\\\/\\\/www.latribunedufaso.net\\\/#\\\/schema\\\/logo\\\/image\\\/\"},\"sameAs\":[\"https:\\\/\\\/www.facebook.com\\\/LatribuneduFaso\\\/\"]},{\"@type\":\"Person\",\"@id\":\"https:\\\/\\\/www.latribunedufaso.net\\\/#\\\/schema\\\/person\\\/e54e64c5778a7e72cf80a318b7a622b0\",\"name\":\"Issouf Tapsoba\",\"image\":{\"@type\":\"ImageObject\",\"inLanguage\":\"fr-FR\",\"@id\":\"https:\\\/\\\/secure.gravatar.com\\\/avatar\\\/5e6c05150ce3230247d167f5b94d678eb05936197436d69b7921e3a95c9107ac?s=96&d=mm&r=g\",\"url\":\"https:\\\/\\\/secure.gravatar.com\\\/avatar\\\/5e6c05150ce3230247d167f5b94d678eb05936197436d69b7921e3a95c9107ac?s=96&d=mm&r=g\",\"contentUrl\":\"https:\\\/\\\/secure.gravatar.com\\\/avatar\\\/5e6c05150ce3230247d167f5b94d678eb05936197436d69b7921e3a95c9107ac?s=96&d=mm&r=g\",\"caption\":\"Issouf Tapsoba\"},\"url\":\"https:\\\/\\\/www.latribunedufaso.net\\\/?author=5\"}]}<\/script>\n<!-- \/ Yoast SEO plugin. -->","yoast_head_json":{"title":"Burkina Faso : La Direction g\u00e9n\u00e9rale des imp\u00f4ts vise 1 574 milliards de recettes fiscales en 2025\u00a0\u00a0 - La Tribune du Faso","robots":{"index":"index","follow":"follow","max-snippet":"max-snippet:-1","max-image-preview":"max-image-preview:large","max-video-preview":"max-video-preview:-1"},"canonical":"https:\/\/www.latribunedufaso.net\/?p=18118","og_locale":"fr_FR","og_type":"article","og_title":"Burkina Faso : La Direction g\u00e9n\u00e9rale des imp\u00f4ts vise 1 574 milliards de recettes fiscales en 2025\u00a0\u00a0 - La Tribune du Faso","og_description":"La Direction g\u00e9n\u00e9rale des imp\u00f4ts (DGI) du Burkina Faso a lanc\u00e9, le vendredi 10 janvier 2025 \u00e0 Ouagadougou, la 10\u1d49 rentr\u00e9e fiscale sous le th\u00e8me \u00ab Pour un Burkina Faso r\u00e9silient et souverain, je d\u00e9clare et je paie mes imp\u00f4ts \u00bb.","og_url":"https:\/\/www.latribunedufaso.net\/?p=18118","og_site_name":"La Tribune du Faso","article_publisher":"https:\/\/www.facebook.com\/LatribuneduFaso\/","article_published_time":"2025-01-11T11:57:37+00:00","og_image":[{"width":2312,"height":1736,"url":"https:\/\/www.latribunedufaso.net\/wp-content\/uploads\/2025\/01\/IMG-20250111-WA0070.jpg","type":"image\/jpeg"}],"author":"Issouf Tapsoba","twitter_misc":{"\u00c9crit par":"Issouf Tapsoba","Dur\u00e9e de lecture estim\u00e9e":"2 minutes"},"schema":{"@context":"https:\/\/schema.org","@graph":[{"@type":"Article","@id":"https:\/\/www.latribunedufaso.net\/?p=18118#article","isPartOf":{"@id":"https:\/\/www.latribunedufaso.net\/?p=18118"},"author":{"name":"Issouf Tapsoba","@id":"https:\/\/www.latribunedufaso.net\/#\/schema\/person\/e54e64c5778a7e72cf80a318b7a622b0"},"headline":"Burkina Faso : La Direction g\u00e9n\u00e9rale des imp\u00f4ts vise 1 574 milliards de recettes fiscales en 2025\u00a0\u00a0","datePublished":"2025-01-11T11:57:37+00:00","mainEntityOfPage":{"@id":"https:\/\/www.latribunedufaso.net\/?p=18118"},"wordCount":396,"commentCount":0,"publisher":{"@id":"https:\/\/www.latribunedufaso.net\/#organization"},"image":{"@id":"https:\/\/www.latribunedufaso.net\/?p=18118#primaryimage"},"thumbnailUrl":"https:\/\/www.latribunedufaso.net\/wp-content\/uploads\/2025\/01\/IMG-20250111-WA0070.jpg","keywords":["latribunedufaso.net","Rentr\u00e9e fiscale 2025"],"articleSection":["A la une","Actualit\u00e9","Economie"],"inLanguage":"fr-FR","potentialAction":[{"@type":"CommentAction","name":"Comment","target":["https:\/\/www.latribunedufaso.net\/?p=18118#respond"]}]},{"@type":"WebPage","@id":"https:\/\/www.latribunedufaso.net\/?p=18118","url":"https:\/\/www.latribunedufaso.net\/?p=18118","name":"Burkina Faso : La Direction g\u00e9n\u00e9rale des imp\u00f4ts vise 1 574 milliards de recettes fiscales en 2025\u00a0\u00a0 - La Tribune du Faso","isPartOf":{"@id":"https:\/\/www.latribunedufaso.net\/#website"},"primaryImageOfPage":{"@id":"https:\/\/www.latribunedufaso.net\/?p=18118#primaryimage"},"image":{"@id":"https:\/\/www.latribunedufaso.net\/?p=18118#primaryimage"},"thumbnailUrl":"https:\/\/www.latribunedufaso.net\/wp-content\/uploads\/2025\/01\/IMG-20250111-WA0070.jpg","datePublished":"2025-01-11T11:57:37+00:00","breadcrumb":{"@id":"https:\/\/www.latribunedufaso.net\/?p=18118#breadcrumb"},"inLanguage":"fr-FR","potentialAction":[{"@type":"ReadAction","target":["https:\/\/www.latribunedufaso.net\/?p=18118"]}]},{"@type":"ImageObject","inLanguage":"fr-FR","@id":"https:\/\/www.latribunedufaso.net\/?p=18118#primaryimage","url":"https:\/\/www.latribunedufaso.net\/wp-content\/uploads\/2025\/01\/IMG-20250111-WA0070.jpg","contentUrl":"https:\/\/www.latribunedufaso.net\/wp-content\/uploads\/2025\/01\/IMG-20250111-WA0070.jpg","width":2312,"height":1736,"caption":"C\u00e9r\u00e9monie d'ouverture de la 10\u1d49 rentr\u00e9e fiscale sous le th\u00e8me \u00ab Pour un Burkina Faso r\u00e9silient et souverain, je d\u00e9clare et je paie mes imp\u00f4ts \u00bb, 10 janvier 2025"},{"@type":"BreadcrumbList","@id":"https:\/\/www.latribunedufaso.net\/?p=18118#breadcrumb","itemListElement":[{"@type":"ListItem","position":1,"name":"Accueil","item":"https:\/\/www.latribunedufaso.net\/"},{"@type":"ListItem","position":2,"name":"Burkina Faso : La Direction g\u00e9n\u00e9rale des imp\u00f4ts vise 1 574 milliards de recettes fiscales en 2025\u00a0\u00a0"}]},{"@type":"WebSite","@id":"https:\/\/www.latribunedufaso.net\/#website","url":"https:\/\/www.latribunedufaso.net\/","name":"La Tribune du Faso","description":"L&#039;information du monde rural en un clic","publisher":{"@id":"https:\/\/www.latribunedufaso.net\/#organization"},"potentialAction":[{"@type":"SearchAction","target":{"@type":"EntryPoint","urlTemplate":"https:\/\/www.latribunedufaso.net\/?s={search_term_string}"},"query-input":{"@type":"PropertyValueSpecification","valueRequired":true,"valueName":"search_term_string"}}],"inLanguage":"fr-FR"},{"@type":"Organization","@id":"https:\/\/www.latribunedufaso.net\/#organization","name":"La Tribune du Faso","url":"https:\/\/www.latribunedufaso.net\/","logo":{"@type":"ImageObject","inLanguage":"fr-FR","@id":"https:\/\/www.latribunedufaso.net\/#\/schema\/logo\/image\/","url":"https:\/\/www.latribunedufaso.net\/wp-content\/uploads\/2020\/08\/Logo-Tribune-du-Faso-final-scaled.jpg","contentUrl":"https:\/\/www.latribunedufaso.net\/wp-content\/uploads\/2020\/08\/Logo-Tribune-du-Faso-final-scaled.jpg","width":2560,"height":1856,"caption":"La Tribune du Faso"},"image":{"@id":"https:\/\/www.latribunedufaso.net\/#\/schema\/logo\/image\/"},"sameAs":["https:\/\/www.facebook.com\/LatribuneduFaso\/"]},{"@type":"Person","@id":"https:\/\/www.latribunedufaso.net\/#\/schema\/person\/e54e64c5778a7e72cf80a318b7a622b0","name":"Issouf Tapsoba","image":{"@type":"ImageObject","inLanguage":"fr-FR","@id":"https:\/\/secure.gravatar.com\/avatar\/5e6c05150ce3230247d167f5b94d678eb05936197436d69b7921e3a95c9107ac?s=96&d=mm&r=g","url":"https:\/\/secure.gravatar.com\/avatar\/5e6c05150ce3230247d167f5b94d678eb05936197436d69b7921e3a95c9107ac?s=96&d=mm&r=g","contentUrl":"https:\/\/secure.gravatar.com\/avatar\/5e6c05150ce3230247d167f5b94d678eb05936197436d69b7921e3a95c9107ac?s=96&d=mm&r=g","caption":"Issouf Tapsoba"},"url":"https:\/\/www.latribunedufaso.net\/?author=5"}]}},"_links":{"self":[{"href":"https:\/\/www.latribunedufaso.net\/index.php?rest_route=\/wp\/v2\/posts\/18118","targetHints":{"allow":["GET"]}}],"collection":[{"href":"https:\/\/www.latribunedufaso.net\/index.php?rest_route=\/wp\/v2\/posts"}],"about":[{"href":"https:\/\/www.latribunedufaso.net\/index.php?rest_route=\/wp\/v2\/types\/post"}],"author":[{"embeddable":true,"href":"https:\/\/www.latribunedufaso.net\/index.php?rest_route=\/wp\/v2\/users\/5"}],"replies":[{"embeddable":true,"href":"https:\/\/www.latribunedufaso.net\/index.php?rest_route=%2Fwp%2Fv2%2Fcomments&post=18118"}],"version-history":[{"count":1,"href":"https:\/\/www.latribunedufaso.net\/index.php?rest_route=\/wp\/v2\/posts\/18118\/revisions"}],"predecessor-version":[{"id":18124,"href":"https:\/\/www.latribunedufaso.net\/index.php?rest_route=\/wp\/v2\/posts\/18118\/revisions\/18124"}],"wp:featuredmedia":[{"embeddable":true,"href":"https:\/\/www.latribunedufaso.net\/index.php?rest_route=\/wp\/v2\/media\/18123"}],"wp:attachment":[{"href":"https:\/\/www.latribunedufaso.net\/index.php?rest_route=%2Fwp%2Fv2%2Fmedia&parent=18118"}],"wp:term":[{"taxonomy":"category","embeddable":true,"href":"https:\/\/www.latribunedufaso.net\/index.php?rest_route=%2Fwp%2Fv2%2Fcategories&post=18118"},{"taxonomy":"post_tag","embeddable":true,"href":"https:\/\/www.latribunedufaso.net\/index.php?rest_route=%2Fwp%2Fv2%2Ftags&post=18118"}],"curies":[{"name":"wp","href":"https:\/\/api.w.org\/{rel}","templated":true}]}}