{"id":1807,"date":"2020-11-14T14:16:36","date_gmt":"2020-11-14T14:16:36","guid":{"rendered":"https:\/\/www.latribunedufaso.net\/?p=1807"},"modified":"2020-11-14T14:16:36","modified_gmt":"2020-11-14T14:16:36","slug":"elections-couplees-du-22-novembre-le-parti-sankariste-dresse-son-bilan-a-mi-parcours","status":"publish","type":"post","link":"https:\/\/www.latribunedufaso.net\/?p=1807","title":{"rendered":"\u00c9lections coupl\u00e9es du 22 novembre\u00a0: Le parti Sankariste dresse son bilan \u00e0 mi-parcours"},"content":{"rendered":"<p><strong>Le parti de l\u2019\u0153uf, l\u2019Union pour la renaissance \/ parti sankariste a, au cour d\u2019une conf\u00e9rence de presse, dress\u00e9 son bilan \u00e0 mi-parcours de la campagne \u00e9lectorale en vue du double scrutin du 22 novembre. C\u2019\u00e9tait mardi 10 novembre 2020, \u00e0 Ouagadougou, au si\u00e8ge national du parti.<\/strong><!--more--><\/p>\n<p><a href=\"https:\/\/latribunedufaso.net\/wp-content\/uploads\/2020\/11\/IMG-20201110-WA0005.jpg\"><img loading=\"lazy\" decoding=\"async\" class=\"size-medium wp-image-1809 aligncenter\" src=\"https:\/\/latribunedufaso.net\/wp-content\/uploads\/2020\/11\/IMG-20201110-WA0005-300x225.jpg\" alt=\"\" width=\"300\" height=\"225\" srcset=\"https:\/\/www.latribunedufaso.net\/wp-content\/uploads\/2020\/11\/IMG-20201110-WA0005-300x225.jpg 300w, https:\/\/www.latribunedufaso.net\/wp-content\/uploads\/2020\/11\/IMG-20201110-WA0005-1024x768.jpg 1024w, https:\/\/www.latribunedufaso.net\/wp-content\/uploads\/2020\/11\/IMG-20201110-WA0005-768x576.jpg 768w, https:\/\/www.latribunedufaso.net\/wp-content\/uploads\/2020\/11\/IMG-20201110-WA0005.jpg 1080w\" sizes=\"auto, (max-width: 300px) 100vw, 300px\" \/><\/a>Le 1er novembre 2020, du c\u00f4t\u00e9 de R\u00e9o, l\u2019Union pour la renaissance \/ parti sankariste (UNIR\/PS) s\u2019est engag\u00e9 dans la course \u00e0 l\u2019\u00e9lectorat en vue du double scrutin du 22 novembre. Depuis lors, le parti organise des meetings et va \u00e0 la rencontre de l\u2019\u00e9lectorat sur l\u2019ensemble du territoire national. Ainsi, sur les quarante-cinq (45) provinces que compte le pays, six (06) ont d\u00e9j\u00e0 \u00e9t\u00e9 couvertes par le parti, et la direction nationale de campagne s\u2019att\u00e8le \u00e0 couvrir toutes les provinces du Burkina Faso. C\u2019est ce qu\u2019Alidou Sanfo, directeur national de campagne du parti a souhait\u00e9 faire savoir avant d\u2019aller plus loin dans son propos. \u00ab A ce jour, six provinces (Sangui\u00e9, Nayala, Passor\u00e9, Kadiogo, Sissili et le gourma) ont \u00e9t\u00e9 couvertes depuis le meeting de lancement qui a eu lieu le 1er novembre \u00e0 R\u00e9o. Pour compter du 12 novembre, nous essayerons de couvrir le reste du pays \u00bb, a-t-il indiqu\u00e9.<\/p>\n<p>Il s\u2019est de m\u00eame agi pour le parti durant cet \u00e9change avec les Hommes de m\u00e9dia, de clarifier ses ambitions et ses objectifs pour le double scrutin \u00e0 venir. Et \u00e0 en croire le directeur national de campagne, faire \u00e9lire le candidat du Mouvement pour le peuple et le progr\u00e8s (MPP), Roch Kabor\u00e9, au premier tour de la pr\u00e9sidentielle et avoir un maximum de d\u00e9put\u00e9 \u00e0 l\u2019Assembl\u00e9e nationale afin d\u2019avoir un groupe parlementaire autonome \u00e0 l\u2019UNIR\/PS, sont les objectifs du parti pour les prochaines \u00e9lections. \u00ab L\u2019UNIR\/PS s\u2019est engag\u00e9 dans la bataille \u00e9lectorale pr\u00e9sidentielle et l\u00e9gislative avec pour ferme ambition de pouvoir s\u2019offrir pour la 8e l\u00e9gislature, un groupe parlementaire propre \u00e0 l\u2019UNIR\/PS qui a d\u00e9cid\u00e9 \u00e0 son dernier congr\u00e8s de soutenir le candidat Roch Kabor\u00e9 pour l\u2019\u00e9lection pr\u00e9sidentielle \u00bb, a laiss\u00e9 entendre M. Sanfo.<\/p>\n<p>\u00abLe Burkina Faso a plus que jamais besoin de paix, de r\u00e9silience et de s\u00e9curit\u00e9, et c\u2019est l\u2019objectif du programme du candidat du MPP auquel l\u2019UNIR\/PS a \u00e9t\u00e9 impliqu\u00e9 dans son \u00e9laboration et compte tout mettre en \u0153uvre pour accompagner le candidat du MPP \u00e0 la victoire et l\u2019aider dans la r\u00e9alisation de son programme\u00bb, a par ailleurs d\u00e9clar\u00e9 Alidou Sanfo.<br \/>\nEn ce qui concerne la tendance de la campagne \u00e9lectorale, il avance que leur candidat \u00e0 la pr\u00e9sidentielle serait en bonne position face \u00e0 ses challengeurs tant sur son discours que sur son programme de soci\u00e9t\u00e9 qui mobilisent. \u00ab\u00a0 Le constat que l\u2019on peut faire est qu\u2019au niveau de la pr\u00e9sidentielle, le candidat Roch Kabor\u00e9 a pris beaucoup d\u2019avance sur ses adversaires tant par le contenu de son discours qui d\u00e9fend un projet de soci\u00e9t\u00e9 que par la grande mobilisation des populations qui adh\u00e8rent de plus en plus au r\u00e9alisme et \u00e0 la temp\u00e9rance politique de Roch Kabor\u00e9 \u00bb affirme-t-il.<\/p>\n<p>Il dit cependant d\u00e9plorer le fait que certains candidats font usage de propos qu\u2019il juge arrogant pour se faire entendre et se faire de la visibilit\u00e9.<\/p>\n<p><strong>Tiba Kassamse Ou\u00e9draogo (Stagiaire)<\/strong><br \/>\n<strong>Latribunedufaso.net<\/strong><\/p>\n","protected":false},"excerpt":{"rendered":"<p>Le parti de l\u2019\u0153uf, l\u2019Union pour la renaissance \/ parti sankariste a, au cour d\u2019une conf\u00e9rence de presse, dress\u00e9 son bilan \u00e0 mi-parcours de la campagne \u00e9lectorale en vue du double scrutin du 22 novembre. C\u2019\u00e9tait mardi 10 novembre 2020, \u00e0 Ouagadougou, au si\u00e8ge national du parti.<\/p>\n","protected":false},"author":2,"featured_media":1808,"comment_status":"open","ping_status":"open","sticky":false,"template":"","format":"standard","meta":{"footnotes":""},"categories":[13,1,26],"tags":[],"class_list":["post-1807","post","type-post","status-publish","format-standard","has-post-thumbnail","hentry","category-une","category-actu","category-elections-couplees-novembre-2020"],"yoast_head":"<!-- This site is optimized with the Yoast SEO plugin v27.5 - https:\/\/yoast.com\/product\/yoast-seo-wordpress\/ -->\n<title>\u00c9lections coupl\u00e9es du 22 novembre\u00a0: Le parti Sankariste dresse son bilan \u00e0 mi-parcours - La Tribune du Faso<\/title>\n<meta name=\"robots\" content=\"index, follow, max-snippet:-1, max-image-preview:large, max-video-preview:-1\" \/>\n<link rel=\"canonical\" href=\"https:\/\/www.latribunedufaso.net\/?p=1807\" \/>\n<meta property=\"og:locale\" content=\"fr_FR\" \/>\n<meta property=\"og:type\" content=\"article\" \/>\n<meta property=\"og:title\" content=\"\u00c9lections coupl\u00e9es du 22 novembre\u00a0: Le parti Sankariste dresse son bilan \u00e0 mi-parcours - La Tribune du Faso\" \/>\n<meta property=\"og:description\" content=\"Le parti de l\u2019\u0153uf, l\u2019Union pour la renaissance \/ parti sankariste a, au cour d\u2019une conf\u00e9rence de presse, dress\u00e9 son bilan \u00e0 mi-parcours de la campagne \u00e9lectorale en vue du double scrutin du 22 novembre. C\u2019\u00e9tait mardi 10 novembre 2020, \u00e0 Ouagadougou, au si\u00e8ge national du parti.\" \/>\n<meta property=\"og:url\" content=\"https:\/\/www.latribunedufaso.net\/?p=1807\" \/>\n<meta property=\"og:site_name\" content=\"La Tribune du Faso\" \/>\n<meta property=\"article:publisher\" content=\"https:\/\/www.facebook.com\/LatribuneduFaso\/\" \/>\n<meta property=\"article:published_time\" content=\"2020-11-14T14:16:36+00:00\" \/>\n<meta property=\"og:image\" content=\"https:\/\/latribunedufaso.net\/wp-content\/uploads\/2020\/11\/IMG-20201110-WA0003.jpg\" \/>\n\t<meta property=\"og:image:width\" content=\"1080\" \/>\n\t<meta property=\"og:image:height\" content=\"810\" \/>\n\t<meta property=\"og:image:type\" content=\"image\/jpeg\" \/>\n<meta name=\"author\" content=\"Administrateur\" \/>\n<meta name=\"twitter:label1\" content=\"\u00c9crit par\" \/>\n\t<meta name=\"twitter:data1\" content=\"Administrateur\" \/>\n\t<meta name=\"twitter:label2\" content=\"Dur\u00e9e de lecture estim\u00e9e\" \/>\n\t<meta name=\"twitter:data2\" content=\"3 minutes\" \/>\n<script type=\"application\/ld+json\" class=\"yoast-schema-graph\">{\"@context\":\"https:\\\/\\\/schema.org\",\"@graph\":[{\"@type\":\"Article\",\"@id\":\"https:\\\/\\\/www.latribunedufaso.net\\\/?p=1807#article\",\"isPartOf\":{\"@id\":\"https:\\\/\\\/www.latribunedufaso.net\\\/?p=1807\"},\"author\":{\"name\":\"Administrateur\",\"@id\":\"https:\\\/\\\/www.latribunedufaso.net\\\/#\\\/schema\\\/person\\\/a380782d0605bb8aae27c40ea93b35b1\"},\"headline\":\"\u00c9lections coupl\u00e9es du 22 novembre\u00a0: Le parti Sankariste dresse son bilan \u00e0 mi-parcours\",\"datePublished\":\"2020-11-14T14:16:36+00:00\",\"mainEntityOfPage\":{\"@id\":\"https:\\\/\\\/www.latribunedufaso.net\\\/?p=1807\"},\"wordCount\":575,\"commentCount\":0,\"publisher\":{\"@id\":\"https:\\\/\\\/www.latribunedufaso.net\\\/#organization\"},\"image\":{\"@id\":\"https:\\\/\\\/www.latribunedufaso.net\\\/?p=1807#primaryimage\"},\"thumbnailUrl\":\"https:\\\/\\\/www.latribunedufaso.net\\\/wp-content\\\/uploads\\\/2020\\\/11\\\/IMG-20201110-WA0003.jpg\",\"articleSection\":[\"A la une\",\"Actualit\u00e9\",\"Elections coupl\u00e9es novembre 2020\"],\"inLanguage\":\"fr-FR\",\"potentialAction\":[{\"@type\":\"CommentAction\",\"name\":\"Comment\",\"target\":[\"https:\\\/\\\/www.latribunedufaso.net\\\/?p=1807#respond\"]}]},{\"@type\":\"WebPage\",\"@id\":\"https:\\\/\\\/www.latribunedufaso.net\\\/?p=1807\",\"url\":\"https:\\\/\\\/www.latribunedufaso.net\\\/?p=1807\",\"name\":\"\u00c9lections coupl\u00e9es du 22 novembre\u00a0: Le parti Sankariste dresse son bilan \u00e0 mi-parcours - La Tribune du Faso\",\"isPartOf\":{\"@id\":\"https:\\\/\\\/www.latribunedufaso.net\\\/#website\"},\"primaryImageOfPage\":{\"@id\":\"https:\\\/\\\/www.latribunedufaso.net\\\/?p=1807#primaryimage\"},\"image\":{\"@id\":\"https:\\\/\\\/www.latribunedufaso.net\\\/?p=1807#primaryimage\"},\"thumbnailUrl\":\"https:\\\/\\\/www.latribunedufaso.net\\\/wp-content\\\/uploads\\\/2020\\\/11\\\/IMG-20201110-WA0003.jpg\",\"datePublished\":\"2020-11-14T14:16:36+00:00\",\"breadcrumb\":{\"@id\":\"https:\\\/\\\/www.latribunedufaso.net\\\/?p=1807#breadcrumb\"},\"inLanguage\":\"fr-FR\",\"potentialAction\":[{\"@type\":\"ReadAction\",\"target\":[\"https:\\\/\\\/www.latribunedufaso.net\\\/?p=1807\"]}]},{\"@type\":\"ImageObject\",\"inLanguage\":\"fr-FR\",\"@id\":\"https:\\\/\\\/www.latribunedufaso.net\\\/?p=1807#primaryimage\",\"url\":\"https:\\\/\\\/www.latribunedufaso.net\\\/wp-content\\\/uploads\\\/2020\\\/11\\\/IMG-20201110-WA0003.jpg\",\"contentUrl\":\"https:\\\/\\\/www.latribunedufaso.net\\\/wp-content\\\/uploads\\\/2020\\\/11\\\/IMG-20201110-WA0003.jpg\",\"width\":1080,\"height\":810},{\"@type\":\"BreadcrumbList\",\"@id\":\"https:\\\/\\\/www.latribunedufaso.net\\\/?p=1807#breadcrumb\",\"itemListElement\":[{\"@type\":\"ListItem\",\"position\":1,\"name\":\"Accueil\",\"item\":\"https:\\\/\\\/www.latribunedufaso.net\\\/\"},{\"@type\":\"ListItem\",\"position\":2,\"name\":\"\u00c9lections coupl\u00e9es du 22 novembre\u00a0: Le parti Sankariste dresse son bilan \u00e0 mi-parcours\"}]},{\"@type\":\"WebSite\",\"@id\":\"https:\\\/\\\/www.latribunedufaso.net\\\/#website\",\"url\":\"https:\\\/\\\/www.latribunedufaso.net\\\/\",\"name\":\"La Tribune du Faso\",\"description\":\"L&#039;information du monde rural en un clic\",\"publisher\":{\"@id\":\"https:\\\/\\\/www.latribunedufaso.net\\\/#organization\"},\"potentialAction\":[{\"@type\":\"SearchAction\",\"target\":{\"@type\":\"EntryPoint\",\"urlTemplate\":\"https:\\\/\\\/www.latribunedufaso.net\\\/?s={search_term_string}\"},\"query-input\":{\"@type\":\"PropertyValueSpecification\",\"valueRequired\":true,\"valueName\":\"search_term_string\"}}],\"inLanguage\":\"fr-FR\"},{\"@type\":\"Organization\",\"@id\":\"https:\\\/\\\/www.latribunedufaso.net\\\/#organization\",\"name\":\"La Tribune du Faso\",\"url\":\"https:\\\/\\\/www.latribunedufaso.net\\\/\",\"logo\":{\"@type\":\"ImageObject\",\"inLanguage\":\"fr-FR\",\"@id\":\"https:\\\/\\\/www.latribunedufaso.net\\\/#\\\/schema\\\/logo\\\/image\\\/\",\"url\":\"https:\\\/\\\/www.latribunedufaso.net\\\/wp-content\\\/uploads\\\/2020\\\/08\\\/Logo-Tribune-du-Faso-final-scaled.jpg\",\"contentUrl\":\"https:\\\/\\\/www.latribunedufaso.net\\\/wp-content\\\/uploads\\\/2020\\\/08\\\/Logo-Tribune-du-Faso-final-scaled.jpg\",\"width\":2560,\"height\":1856,\"caption\":\"La Tribune du Faso\"},\"image\":{\"@id\":\"https:\\\/\\\/www.latribunedufaso.net\\\/#\\\/schema\\\/logo\\\/image\\\/\"},\"sameAs\":[\"https:\\\/\\\/www.facebook.com\\\/LatribuneduFaso\\\/\"]},{\"@type\":\"Person\",\"@id\":\"https:\\\/\\\/www.latribunedufaso.net\\\/#\\\/schema\\\/person\\\/a380782d0605bb8aae27c40ea93b35b1\",\"name\":\"Administrateur\",\"image\":{\"@type\":\"ImageObject\",\"inLanguage\":\"fr-FR\",\"@id\":\"https:\\\/\\\/secure.gravatar.com\\\/avatar\\\/e20266f97d741f0e80ba1f60283074a9b3317fd7bfb727e0d95b51dafbf854a1?s=96&d=mm&r=g\",\"url\":\"https:\\\/\\\/secure.gravatar.com\\\/avatar\\\/e20266f97d741f0e80ba1f60283074a9b3317fd7bfb727e0d95b51dafbf854a1?s=96&d=mm&r=g\",\"contentUrl\":\"https:\\\/\\\/secure.gravatar.com\\\/avatar\\\/e20266f97d741f0e80ba1f60283074a9b3317fd7bfb727e0d95b51dafbf854a1?s=96&d=mm&r=g\",\"caption\":\"Administrateur\"},\"url\":\"https:\\\/\\\/www.latribunedufaso.net\\\/?author=2\"}]}<\/script>\n<!-- \/ Yoast SEO plugin. -->","yoast_head_json":{"title":"\u00c9lections coupl\u00e9es du 22 novembre\u00a0: Le parti Sankariste dresse son bilan \u00e0 mi-parcours - La Tribune du Faso","robots":{"index":"index","follow":"follow","max-snippet":"max-snippet:-1","max-image-preview":"max-image-preview:large","max-video-preview":"max-video-preview:-1"},"canonical":"https:\/\/www.latribunedufaso.net\/?p=1807","og_locale":"fr_FR","og_type":"article","og_title":"\u00c9lections coupl\u00e9es du 22 novembre\u00a0: Le parti Sankariste dresse son bilan \u00e0 mi-parcours - La Tribune du Faso","og_description":"Le parti de l\u2019\u0153uf, l\u2019Union pour la renaissance \/ parti sankariste a, au cour d\u2019une conf\u00e9rence de presse, dress\u00e9 son bilan \u00e0 mi-parcours de la campagne \u00e9lectorale en vue du double scrutin du 22 novembre. C\u2019\u00e9tait mardi 10 novembre 2020, \u00e0 Ouagadougou, au si\u00e8ge national du parti.","og_url":"https:\/\/www.latribunedufaso.net\/?p=1807","og_site_name":"La Tribune du Faso","article_publisher":"https:\/\/www.facebook.com\/LatribuneduFaso\/","article_published_time":"2020-11-14T14:16:36+00:00","og_image":[{"width":1080,"height":810,"url":"https:\/\/latribunedufaso.net\/wp-content\/uploads\/2020\/11\/IMG-20201110-WA0003.jpg","type":"image\/jpeg"}],"author":"Administrateur","twitter_misc":{"\u00c9crit par":"Administrateur","Dur\u00e9e de lecture estim\u00e9e":"3 minutes"},"schema":{"@context":"https:\/\/schema.org","@graph":[{"@type":"Article","@id":"https:\/\/www.latribunedufaso.net\/?p=1807#article","isPartOf":{"@id":"https:\/\/www.latribunedufaso.net\/?p=1807"},"author":{"name":"Administrateur","@id":"https:\/\/www.latribunedufaso.net\/#\/schema\/person\/a380782d0605bb8aae27c40ea93b35b1"},"headline":"\u00c9lections coupl\u00e9es du 22 novembre\u00a0: Le parti Sankariste dresse son bilan \u00e0 mi-parcours","datePublished":"2020-11-14T14:16:36+00:00","mainEntityOfPage":{"@id":"https:\/\/www.latribunedufaso.net\/?p=1807"},"wordCount":575,"commentCount":0,"publisher":{"@id":"https:\/\/www.latribunedufaso.net\/#organization"},"image":{"@id":"https:\/\/www.latribunedufaso.net\/?p=1807#primaryimage"},"thumbnailUrl":"https:\/\/www.latribunedufaso.net\/wp-content\/uploads\/2020\/11\/IMG-20201110-WA0003.jpg","articleSection":["A la une","Actualit\u00e9","Elections coupl\u00e9es novembre 2020"],"inLanguage":"fr-FR","potentialAction":[{"@type":"CommentAction","name":"Comment","target":["https:\/\/www.latribunedufaso.net\/?p=1807#respond"]}]},{"@type":"WebPage","@id":"https:\/\/www.latribunedufaso.net\/?p=1807","url":"https:\/\/www.latribunedufaso.net\/?p=1807","name":"\u00c9lections coupl\u00e9es du 22 novembre\u00a0: Le parti Sankariste dresse son bilan \u00e0 mi-parcours - La Tribune du Faso","isPartOf":{"@id":"https:\/\/www.latribunedufaso.net\/#website"},"primaryImageOfPage":{"@id":"https:\/\/www.latribunedufaso.net\/?p=1807#primaryimage"},"image":{"@id":"https:\/\/www.latribunedufaso.net\/?p=1807#primaryimage"},"thumbnailUrl":"https:\/\/www.latribunedufaso.net\/wp-content\/uploads\/2020\/11\/IMG-20201110-WA0003.jpg","datePublished":"2020-11-14T14:16:36+00:00","breadcrumb":{"@id":"https:\/\/www.latribunedufaso.net\/?p=1807#breadcrumb"},"inLanguage":"fr-FR","potentialAction":[{"@type":"ReadAction","target":["https:\/\/www.latribunedufaso.net\/?p=1807"]}]},{"@type":"ImageObject","inLanguage":"fr-FR","@id":"https:\/\/www.latribunedufaso.net\/?p=1807#primaryimage","url":"https:\/\/www.latribunedufaso.net\/wp-content\/uploads\/2020\/11\/IMG-20201110-WA0003.jpg","contentUrl":"https:\/\/www.latribunedufaso.net\/wp-content\/uploads\/2020\/11\/IMG-20201110-WA0003.jpg","width":1080,"height":810},{"@type":"BreadcrumbList","@id":"https:\/\/www.latribunedufaso.net\/?p=1807#breadcrumb","itemListElement":[{"@type":"ListItem","position":1,"name":"Accueil","item":"https:\/\/www.latribunedufaso.net\/"},{"@type":"ListItem","position":2,"name":"\u00c9lections coupl\u00e9es du 22 novembre\u00a0: Le parti Sankariste dresse son bilan \u00e0 mi-parcours"}]},{"@type":"WebSite","@id":"https:\/\/www.latribunedufaso.net\/#website","url":"https:\/\/www.latribunedufaso.net\/","name":"La Tribune du Faso","description":"L&#039;information du monde rural en un clic","publisher":{"@id":"https:\/\/www.latribunedufaso.net\/#organization"},"potentialAction":[{"@type":"SearchAction","target":{"@type":"EntryPoint","urlTemplate":"https:\/\/www.latribunedufaso.net\/?s={search_term_string}"},"query-input":{"@type":"PropertyValueSpecification","valueRequired":true,"valueName":"search_term_string"}}],"inLanguage":"fr-FR"},{"@type":"Organization","@id":"https:\/\/www.latribunedufaso.net\/#organization","name":"La Tribune du Faso","url":"https:\/\/www.latribunedufaso.net\/","logo":{"@type":"ImageObject","inLanguage":"fr-FR","@id":"https:\/\/www.latribunedufaso.net\/#\/schema\/logo\/image\/","url":"https:\/\/www.latribunedufaso.net\/wp-content\/uploads\/2020\/08\/Logo-Tribune-du-Faso-final-scaled.jpg","contentUrl":"https:\/\/www.latribunedufaso.net\/wp-content\/uploads\/2020\/08\/Logo-Tribune-du-Faso-final-scaled.jpg","width":2560,"height":1856,"caption":"La Tribune du Faso"},"image":{"@id":"https:\/\/www.latribunedufaso.net\/#\/schema\/logo\/image\/"},"sameAs":["https:\/\/www.facebook.com\/LatribuneduFaso\/"]},{"@type":"Person","@id":"https:\/\/www.latribunedufaso.net\/#\/schema\/person\/a380782d0605bb8aae27c40ea93b35b1","name":"Administrateur","image":{"@type":"ImageObject","inLanguage":"fr-FR","@id":"https:\/\/secure.gravatar.com\/avatar\/e20266f97d741f0e80ba1f60283074a9b3317fd7bfb727e0d95b51dafbf854a1?s=96&d=mm&r=g","url":"https:\/\/secure.gravatar.com\/avatar\/e20266f97d741f0e80ba1f60283074a9b3317fd7bfb727e0d95b51dafbf854a1?s=96&d=mm&r=g","contentUrl":"https:\/\/secure.gravatar.com\/avatar\/e20266f97d741f0e80ba1f60283074a9b3317fd7bfb727e0d95b51dafbf854a1?s=96&d=mm&r=g","caption":"Administrateur"},"url":"https:\/\/www.latribunedufaso.net\/?author=2"}]}},"_links":{"self":[{"href":"https:\/\/www.latribunedufaso.net\/index.php?rest_route=\/wp\/v2\/posts\/1807","targetHints":{"allow":["GET"]}}],"collection":[{"href":"https:\/\/www.latribunedufaso.net\/index.php?rest_route=\/wp\/v2\/posts"}],"about":[{"href":"https:\/\/www.latribunedufaso.net\/index.php?rest_route=\/wp\/v2\/types\/post"}],"author":[{"embeddable":true,"href":"https:\/\/www.latribunedufaso.net\/index.php?rest_route=\/wp\/v2\/users\/2"}],"replies":[{"embeddable":true,"href":"https:\/\/www.latribunedufaso.net\/index.php?rest_route=%2Fwp%2Fv2%2Fcomments&post=1807"}],"version-history":[{"count":1,"href":"https:\/\/www.latribunedufaso.net\/index.php?rest_route=\/wp\/v2\/posts\/1807\/revisions"}],"predecessor-version":[{"id":1810,"href":"https:\/\/www.latribunedufaso.net\/index.php?rest_route=\/wp\/v2\/posts\/1807\/revisions\/1810"}],"wp:featuredmedia":[{"embeddable":true,"href":"https:\/\/www.latribunedufaso.net\/index.php?rest_route=\/wp\/v2\/media\/1808"}],"wp:attachment":[{"href":"https:\/\/www.latribunedufaso.net\/index.php?rest_route=%2Fwp%2Fv2%2Fmedia&parent=1807"}],"wp:term":[{"taxonomy":"category","embeddable":true,"href":"https:\/\/www.latribunedufaso.net\/index.php?rest_route=%2Fwp%2Fv2%2Fcategories&post=1807"},{"taxonomy":"post_tag","embeddable":true,"href":"https:\/\/www.latribunedufaso.net\/index.php?rest_route=%2Fwp%2Fv2%2Ftags&post=1807"}],"curies":[{"name":"wp","href":"https:\/\/api.w.org\/{rel}","templated":true}]}}