{"id":18069,"date":"2025-01-08T11:34:59","date_gmt":"2025-01-08T11:34:59","guid":{"rendered":"https:\/\/www.latribunedufaso.net\/?p=18069"},"modified":"2025-03-17T20:24:41","modified_gmt":"2025-03-17T20:24:41","slug":"fespaco-2025-installation-officielle-du-comite-national-dorganisation","status":"publish","type":"post","link":"https:\/\/www.latribunedufaso.net\/?p=18069","title":{"rendered":"FESPACO 2025 : Installation officielle du Comit\u00e9 National d\u2019Organisation"},"content":{"rendered":"<p><span style=\"font-size: 1.0625rem;\">C\u2019est officiel, le Comit\u00e9 national d\u2019organisation (CNO) de la 29e \u00e9dition du Festival panafricain du cin\u00e9ma et de la t\u00e9l\u00e9vision de Ouagadougou (FESPACO) est install\u00e9. C&rsquo;\u00e9tait \u00e0 l&rsquo;occasion d&rsquo;une c\u00e9r\u00e9monie tenue, le 8 janvier 2025 \u00e0 Ouagadougou.<\/span><\/p>\n<p>Le Secr\u00e9taire g\u00e9n\u00e9ral du minist\u00e8re en charge de la Culture, Fid\u00e8le Aymar Tamini est le pr\u00e9sident du Comit\u00e9 national d&rsquo;organisation de la 29e \u00e9dition du FESPACO. Ce comit\u00e9 a \u00e9t\u00e9 install\u00e9 le 8 janvier 2025 \u00e0 Ouagadougou.<\/p>\n<p><span style=\"font-size: 1.0625rem;\">Ce comit\u00e9 de 50 membres prendra en charge les pr\u00e9paratifs de cet \u00e9v\u00e9nement majeur du cin\u00e9ma africain. Il se tiendra du 22 f\u00e9vrier au 1er mars 2025 dans la capitale du pays des hommes int\u00e8gres.<\/span><\/p>\n<figure id=\"attachment_18070\" aria-describedby=\"caption-attachment-18070\" style=\"width: 2560px\" class=\"wp-caption aligncenter\"><a href=\"https:\/\/www.latribunedufaso.net\/wp-content\/uploads\/2025\/01\/IMG-20250109-WA0018.jpg\"><img loading=\"lazy\" decoding=\"async\" class=\"size-full wp-image-18070\" src=\"https:\/\/www.latribunedufaso.net\/wp-content\/uploads\/2025\/01\/IMG-20250109-WA0018.jpg\" alt=\"C\u00e9r\u00e9monie d'installation du comit\u00e9 d'installation de la 29e \u00e9dition du FESPACO, 8 Janvier 2025\" width=\"2560\" height=\"1440\" srcset=\"https:\/\/www.latribunedufaso.net\/wp-content\/uploads\/2025\/01\/IMG-20250109-WA0018.jpg 2560w, https:\/\/www.latribunedufaso.net\/wp-content\/uploads\/2025\/01\/IMG-20250109-WA0018-300x169.jpg 300w, https:\/\/www.latribunedufaso.net\/wp-content\/uploads\/2025\/01\/IMG-20250109-WA0018-1024x576.jpg 1024w, https:\/\/www.latribunedufaso.net\/wp-content\/uploads\/2025\/01\/IMG-20250109-WA0018-768x432.jpg 768w, https:\/\/www.latribunedufaso.net\/wp-content\/uploads\/2025\/01\/IMG-20250109-WA0018-1536x864.jpg 1536w, https:\/\/www.latribunedufaso.net\/wp-content\/uploads\/2025\/01\/IMG-20250109-WA0018-2048x1152.jpg 2048w\" sizes=\"auto, (max-width: 2560px) 100vw, 2560px\" \/><\/a><figcaption id=\"caption-attachment-18070\" class=\"wp-caption-text\">Le ministre en charge de la Culture, Gilbert Ou\u00e9draogo &#8211; Ph. N. Ouattara<\/figcaption><\/figure>\n<p>Le ministre de la Communication, de la Culture, des Arts et du Tourisme, Gilbert Ou\u00e9draogo, a pr\u00e9sid\u00e9 la c\u00e9r\u00e9monie d\u2019installation. Dans son discours, il a soulign\u00e9 l\u2019enthousiasme grandissant des acteurs du cin\u00e9ma et de l\u2019audiovisuel, avec d\u00e9j\u00e0 1 351 films inscrits pour la comp\u00e9tition officielle, contre 1 232 en 2023. Il a insist\u00e9 sur l\u2019importance d\u2019un engagement collectif pour assurer le succ\u00e8s de cette biennale.<\/p>\n<p>Le ministre a \u00e9galement rassur\u00e9 les festivaliers, affirmant que le gouvernement prendra toutes les mesures n\u00e9cessaires pour garantir la s\u00e9curit\u00e9 et la sant\u00e9 des participants, afin que l\u2019\u00e9v\u00e9nement se d\u00e9roule dans un environnement paisible et s\u00e9curis\u00e9.<\/p>\n<blockquote>\n<p>Lire aussi &gt;&gt; <a href=\"https:\/\/www.latribunedufaso.net\/?p=17327\">FESPACO 2025 : Rendez vous du 22 f\u00e9vrier au 1er mars 2025<\/a><\/p>\n<\/blockquote>\n<p>M. Ou\u00e9draogo a pr\u00e9cis\u00e9 que le CNO dispose d\u00e9sormais de six semaines de travail intensif pour finaliser tous les aspects pratiques et op\u00e9rationnels de l\u2019organisation. Il a insist\u00e9 sur l\u2019importance de la comp\u00e9tence et de l\u2019exp\u00e9rience des membres du comit\u00e9. <em><strong>\u00ab Vous avez \u00e9t\u00e9 retenus en raison de vos comp\u00e9tences av\u00e9r\u00e9es et de vos exp\u00e9riences individuelles et collectives, qui doivent nous permettre d\u2019aller plus vite et de faire les choses avec professionnalisme \u00bb<\/strong><\/em>, a-t-il d\u00e9clar\u00e9.\u00a0<\/p>\n<p><iframe loading=\"lazy\" width=\"560\" height=\"315\" src=\"https:\/\/www.youtube.com\/embed\/pi6Dm0Hgbwc?si=svUs5jZ9Le_zMc8X\" title=\"YouTube video player\" frameborder=\"0\" allow=\"accelerometer; autoplay; clipboard-write; encrypted-media; gyroscope; picture-in-picture; web-share\" referrerpolicy=\"strict-origin-when-cross-origin\" allowfullscreen><\/iframe><\/p>\n<p>Le pr\u00e9sident du CNO, Fid\u00e8le Aymar Tamini est assist\u00e9 par le d\u00e9l\u00e9gu\u00e9 g\u00e9n\u00e9ral du FESPACO, Moussa Sawadogo. Le comit\u00e9 compte 16 commissions qui sont entre autres, la commission communication et publication, la commission programmation des films, la commission s\u00e9curit\u00e9 etc.\u00a0<\/p>\n<figure id=\"attachment_18072\" aria-describedby=\"caption-attachment-18072\" style=\"width: 2560px\" class=\"wp-caption aligncenter\"><a href=\"https:\/\/www.latribunedufaso.net\/wp-content\/uploads\/2025\/01\/IMG-20250109-WA0016.jpg\"><img loading=\"lazy\" decoding=\"async\" class=\"size-full wp-image-18072\" src=\"https:\/\/www.latribunedufaso.net\/wp-content\/uploads\/2025\/01\/IMG-20250109-WA0016.jpg\" alt=\"C\u00e9r\u00e9monie d'installation du comit\u00e9 d'installation de la 29e \u00e9dition du FESPACO, 8 Janvier 2025\" width=\"2560\" height=\"1440\" srcset=\"https:\/\/www.latribunedufaso.net\/wp-content\/uploads\/2025\/01\/IMG-20250109-WA0016.jpg 2560w, https:\/\/www.latribunedufaso.net\/wp-content\/uploads\/2025\/01\/IMG-20250109-WA0016-300x169.jpg 300w, https:\/\/www.latribunedufaso.net\/wp-content\/uploads\/2025\/01\/IMG-20250109-WA0016-1024x576.jpg 1024w, https:\/\/www.latribunedufaso.net\/wp-content\/uploads\/2025\/01\/IMG-20250109-WA0016-768x432.jpg 768w, https:\/\/www.latribunedufaso.net\/wp-content\/uploads\/2025\/01\/IMG-20250109-WA0016-1536x864.jpg 1536w, https:\/\/www.latribunedufaso.net\/wp-content\/uploads\/2025\/01\/IMG-20250109-WA0016-2048x1152.jpg 2048w\" sizes=\"auto, (max-width: 2560px) 100vw, 2560px\" \/><\/a><figcaption id=\"caption-attachment-18072\" class=\"wp-caption-text\">Photo des membres du comit\u00e9 National d\u2019organisation de la 29\u00e8me \u00e9dition du FESPACO avec le ministre &#8211; Ph. N. Ouattara<\/figcaption><\/figure>\n<p>Avec ce comit\u00e9 d\u00e9sormais en place, les pr\u00e9paratifs de cette 29e \u00e9dition du FESPACO sont lanc\u00e9s, et l\u2019ensemble des parties prenantes est pleinement mobilis\u00e9 pour offrir une \u00e9dition m\u00e9morable qui renforcera encore l\u2019impact du FESPACO sur le cin\u00e9ma africain et international.<\/p>\n<p><strong>Nabintou OUATTARA\u00a0<\/strong><\/p>\n<p><strong><span style=\"font-size: 1.0625rem;\">Latribu<\/span><span style=\"font-size: 1.0625rem;\">nedufaso.net<\/span><\/strong><\/p>\n","protected":false},"excerpt":{"rendered":"<p>C\u2019est officiel, le Comit\u00e9 national d\u2019organisation (CNO) de la 29e \u00e9dition du Festival panafricain du cin\u00e9ma et de la t\u00e9l\u00e9vision de Ouagadougou (FESPACO) est install\u00e9. C&rsquo;\u00e9tait \u00e0 l&rsquo;occasion d&rsquo;une c\u00e9r\u00e9monie tenue, le 8 janvier 2025 \u00e0 Ouagadougou. Le Secr\u00e9taire g\u00e9n\u00e9ral du minist\u00e8re en charge de la Culture, Fid\u00e8le Aymar Tamini est le pr\u00e9sident du Comit\u00e9 national d&rsquo;organisation de la 29e \u00e9dition du FESPACO. Ce comit\u00e9 a \u00e9t\u00e9 install\u00e9 le 8 janvier 2025 \u00e0 Ouagadougou. Ce comit\u00e9 de 50 membres prendra en charge les pr\u00e9paratifs de cet \u00e9v\u00e9nement majeur du cin\u00e9ma africain. Il se tiendra du 22 f\u00e9vrier au 1er mars 2025 dans la capitale du pays des hommes int\u00e8gres. Le ministre de la Communication, de la Culture, des Arts et du Tourisme, Gilbert Ou\u00e9draogo, a pr\u00e9sid\u00e9 la c\u00e9r\u00e9monie d\u2019installation. Dans son discours, il a soulign\u00e9 l\u2019enthousiasme grandissant des acteurs du cin\u00e9ma et de l\u2019audiovisuel, avec d\u00e9j\u00e0 1 351 films inscrits pour la comp\u00e9tition officielle, contre 1 232 en 2023. Il a insist\u00e9 sur l\u2019importance d\u2019un engagement collectif pour assurer le succ\u00e8s de cette biennale. Le ministre a \u00e9galement rassur\u00e9 les festivaliers, affirmant que le gouvernement prendra toutes les mesures n\u00e9cessaires pour garantir la s\u00e9curit\u00e9 et la sant\u00e9 des participants, afin que l\u2019\u00e9v\u00e9nement se d\u00e9roule dans un environnement paisible et s\u00e9curis\u00e9. Lire aussi &gt;&gt; FESPACO 2025 : Rendez vous du 22 f\u00e9vrier au 1er mars 2025 M. Ou\u00e9draogo a pr\u00e9cis\u00e9 que le CNO dispose d\u00e9sormais de six semaines de travail intensif pour finaliser tous les aspects pratiques et op\u00e9rationnels de l\u2019organisation. Il a insist\u00e9 sur l\u2019importance de la comp\u00e9tence et de l\u2019exp\u00e9rience des membres du comit\u00e9. \u00ab Vous avez \u00e9t\u00e9 retenus en raison de vos comp\u00e9tences av\u00e9r\u00e9es et de vos exp\u00e9riences individuelles et collectives, qui doivent nous permettre d\u2019aller plus vite et de faire les choses avec professionnalisme \u00bb, a-t-il d\u00e9clar\u00e9.\u00a0 Le pr\u00e9sident du CNO, Fid\u00e8le Aymar Tamini est assist\u00e9 par le d\u00e9l\u00e9gu\u00e9 g\u00e9n\u00e9ral du FESPACO, Moussa Sawadogo. Le comit\u00e9 compte 16 commissions qui sont entre autres, la commission communication et publication, la commission programmation des films, la commission s\u00e9curit\u00e9 etc.\u00a0 Avec ce comit\u00e9 d\u00e9sormais en place, les pr\u00e9paratifs de cette 29e \u00e9dition du FESPACO sont lanc\u00e9s, et l\u2019ensemble des parties prenantes est pleinement mobilis\u00e9 pour offrir une \u00e9dition m\u00e9morable qui renforcera encore l\u2019impact du FESPACO sur le cin\u00e9ma africain et international. Nabintou OUATTARA\u00a0 Latribunedufaso.net<\/p>\n","protected":false},"author":5,"featured_media":18071,"comment_status":"open","ping_status":"open","sticky":false,"template":"","format":"standard","meta":{"footnotes":""},"categories":[13,1,30],"tags":[44,137,39],"class_list":["post-18069","post","type-post","status-publish","format-standard","has-post-thumbnail","hentry","category-une","category-actu","category-art-et-culture","tag-29eme-edition-du-fespaco","tag-culture","tag-latribunedufaso-net"],"yoast_head":"<!-- This site is optimized with the Yoast SEO plugin v27.4 - https:\/\/yoast.com\/product\/yoast-seo-wordpress\/ -->\n<title>FESPACO 2025 : Installation officielle du Comit\u00e9 National d\u2019Organisation - La Tribune du Faso<\/title>\n<meta name=\"robots\" content=\"index, follow, max-snippet:-1, max-image-preview:large, max-video-preview:-1\" \/>\n<link rel=\"canonical\" href=\"https:\/\/www.latribunedufaso.net\/?p=18069\" \/>\n<meta property=\"og:locale\" content=\"fr_FR\" \/>\n<meta property=\"og:type\" content=\"article\" \/>\n<meta property=\"og:title\" content=\"FESPACO 2025 : Installation officielle du Comit\u00e9 National d\u2019Organisation - La Tribune du Faso\" \/>\n<meta property=\"og:description\" content=\"C\u2019est officiel, le Comit\u00e9 national d\u2019organisation (CNO) de la 29e \u00e9dition du Festival panafricain du cin\u00e9ma et de la t\u00e9l\u00e9vision de Ouagadougou (FESPACO) est install\u00e9. C&rsquo;\u00e9tait \u00e0 l&rsquo;occasion d&rsquo;une c\u00e9r\u00e9monie tenue, le 8 janvier 2025 \u00e0 Ouagadougou. Le Secr\u00e9taire g\u00e9n\u00e9ral du minist\u00e8re en charge de la Culture, Fid\u00e8le Aymar Tamini est le pr\u00e9sident du Comit\u00e9 national d&rsquo;organisation de la 29e \u00e9dition du FESPACO. Ce comit\u00e9 a \u00e9t\u00e9 install\u00e9 le 8 janvier 2025 \u00e0 Ouagadougou. Ce comit\u00e9 de 50 membres prendra en charge les pr\u00e9paratifs de cet \u00e9v\u00e9nement majeur du cin\u00e9ma africain. Il se tiendra du 22 f\u00e9vrier au 1er mars 2025 dans la capitale du pays des hommes int\u00e8gres. Le ministre de la Communication, de la Culture, des Arts et du Tourisme, Gilbert Ou\u00e9draogo, a pr\u00e9sid\u00e9 la c\u00e9r\u00e9monie d\u2019installation. Dans son discours, il a soulign\u00e9 l\u2019enthousiasme grandissant des acteurs du cin\u00e9ma et de l\u2019audiovisuel, avec d\u00e9j\u00e0 1 351 films inscrits pour la comp\u00e9tition officielle, contre 1 232 en 2023. Il a insist\u00e9 sur l\u2019importance d\u2019un engagement collectif pour assurer le succ\u00e8s de cette biennale. Le ministre a \u00e9galement rassur\u00e9 les festivaliers, affirmant que le gouvernement prendra toutes les mesures n\u00e9cessaires pour garantir la s\u00e9curit\u00e9 et la sant\u00e9 des participants, afin que l\u2019\u00e9v\u00e9nement se d\u00e9roule dans un environnement paisible et s\u00e9curis\u00e9. Lire aussi &gt;&gt; FESPACO 2025 : Rendez vous du 22 f\u00e9vrier au 1er mars 2025 M. Ou\u00e9draogo a pr\u00e9cis\u00e9 que le CNO dispose d\u00e9sormais de six semaines de travail intensif pour finaliser tous les aspects pratiques et op\u00e9rationnels de l\u2019organisation. Il a insist\u00e9 sur l\u2019importance de la comp\u00e9tence et de l\u2019exp\u00e9rience des membres du comit\u00e9. \u00ab Vous avez \u00e9t\u00e9 retenus en raison de vos comp\u00e9tences av\u00e9r\u00e9es et de vos exp\u00e9riences individuelles et collectives, qui doivent nous permettre d\u2019aller plus vite et de faire les choses avec professionnalisme \u00bb, a-t-il d\u00e9clar\u00e9.\u00a0 Le pr\u00e9sident du CNO, Fid\u00e8le Aymar Tamini est assist\u00e9 par le d\u00e9l\u00e9gu\u00e9 g\u00e9n\u00e9ral du FESPACO, Moussa Sawadogo. Le comit\u00e9 compte 16 commissions qui sont entre autres, la commission communication et publication, la commission programmation des films, la commission s\u00e9curit\u00e9 etc.\u00a0 Avec ce comit\u00e9 d\u00e9sormais en place, les pr\u00e9paratifs de cette 29e \u00e9dition du FESPACO sont lanc\u00e9s, et l\u2019ensemble des parties prenantes est pleinement mobilis\u00e9 pour offrir une \u00e9dition m\u00e9morable qui renforcera encore l\u2019impact du FESPACO sur le cin\u00e9ma africain et international. Nabintou OUATTARA\u00a0 Latribunedufaso.net\" \/>\n<meta property=\"og:url\" content=\"https:\/\/www.latribunedufaso.net\/?p=18069\" \/>\n<meta property=\"og:site_name\" content=\"La Tribune du Faso\" \/>\n<meta property=\"article:publisher\" content=\"https:\/\/www.facebook.com\/LatribuneduFaso\/\" \/>\n<meta property=\"article:published_time\" content=\"2025-01-08T11:34:59+00:00\" \/>\n<meta property=\"article:modified_time\" content=\"2025-03-17T20:24:41+00:00\" \/>\n<meta property=\"og:image\" content=\"https:\/\/www.latribunedufaso.net\/wp-content\/uploads\/2025\/01\/IMG-20250109-WA0020.jpg\" \/>\n\t<meta property=\"og:image:width\" content=\"2560\" \/>\n\t<meta property=\"og:image:height\" content=\"1504\" \/>\n\t<meta property=\"og:image:type\" content=\"image\/jpeg\" \/>\n<meta name=\"author\" content=\"Issouf Tapsoba\" \/>\n<meta name=\"twitter:label1\" content=\"\u00c9crit par\" \/>\n\t<meta name=\"twitter:data1\" content=\"Issouf Tapsoba\" \/>\n\t<meta name=\"twitter:label2\" content=\"Dur\u00e9e de lecture estim\u00e9e\" \/>\n\t<meta name=\"twitter:data2\" content=\"2 minutes\" \/>\n<script type=\"application\/ld+json\" class=\"yoast-schema-graph\">{\"@context\":\"https:\\\/\\\/schema.org\",\"@graph\":[{\"@type\":\"Article\",\"@id\":\"https:\\\/\\\/www.latribunedufaso.net\\\/?p=18069#article\",\"isPartOf\":{\"@id\":\"https:\\\/\\\/www.latribunedufaso.net\\\/?p=18069\"},\"author\":{\"name\":\"Issouf Tapsoba\",\"@id\":\"https:\\\/\\\/www.latribunedufaso.net\\\/#\\\/schema\\\/person\\\/e54e64c5778a7e72cf80a318b7a622b0\"},\"headline\":\"FESPACO 2025 : Installation officielle du Comit\u00e9 National d\u2019Organisation\",\"datePublished\":\"2025-01-08T11:34:59+00:00\",\"dateModified\":\"2025-03-17T20:24:41+00:00\",\"mainEntityOfPage\":{\"@id\":\"https:\\\/\\\/www.latribunedufaso.net\\\/?p=18069\"},\"wordCount\":493,\"commentCount\":0,\"publisher\":{\"@id\":\"https:\\\/\\\/www.latribunedufaso.net\\\/#organization\"},\"image\":{\"@id\":\"https:\\\/\\\/www.latribunedufaso.net\\\/?p=18069#primaryimage\"},\"thumbnailUrl\":\"https:\\\/\\\/www.latribunedufaso.net\\\/wp-content\\\/uploads\\\/2025\\\/01\\\/IMG-20250109-WA0020.jpg\",\"keywords\":[\"29\u00e8me \u00e9dition du FESPACO\",\"culture\",\"latribunedufaso.net\"],\"articleSection\":[\"A la une\",\"Actualit\u00e9\",\"Art et Culture\"],\"inLanguage\":\"fr-FR\",\"potentialAction\":[{\"@type\":\"CommentAction\",\"name\":\"Comment\",\"target\":[\"https:\\\/\\\/www.latribunedufaso.net\\\/?p=18069#respond\"]}]},{\"@type\":\"WebPage\",\"@id\":\"https:\\\/\\\/www.latribunedufaso.net\\\/?p=18069\",\"url\":\"https:\\\/\\\/www.latribunedufaso.net\\\/?p=18069\",\"name\":\"FESPACO 2025 : Installation officielle du Comit\u00e9 National d\u2019Organisation - La Tribune du Faso\",\"isPartOf\":{\"@id\":\"https:\\\/\\\/www.latribunedufaso.net\\\/#website\"},\"primaryImageOfPage\":{\"@id\":\"https:\\\/\\\/www.latribunedufaso.net\\\/?p=18069#primaryimage\"},\"image\":{\"@id\":\"https:\\\/\\\/www.latribunedufaso.net\\\/?p=18069#primaryimage\"},\"thumbnailUrl\":\"https:\\\/\\\/www.latribunedufaso.net\\\/wp-content\\\/uploads\\\/2025\\\/01\\\/IMG-20250109-WA0020.jpg\",\"datePublished\":\"2025-01-08T11:34:59+00:00\",\"dateModified\":\"2025-03-17T20:24:41+00:00\",\"breadcrumb\":{\"@id\":\"https:\\\/\\\/www.latribunedufaso.net\\\/?p=18069#breadcrumb\"},\"inLanguage\":\"fr-FR\",\"potentialAction\":[{\"@type\":\"ReadAction\",\"target\":[\"https:\\\/\\\/www.latribunedufaso.net\\\/?p=18069\"]}]},{\"@type\":\"ImageObject\",\"inLanguage\":\"fr-FR\",\"@id\":\"https:\\\/\\\/www.latribunedufaso.net\\\/?p=18069#primaryimage\",\"url\":\"https:\\\/\\\/www.latribunedufaso.net\\\/wp-content\\\/uploads\\\/2025\\\/01\\\/IMG-20250109-WA0020.jpg\",\"contentUrl\":\"https:\\\/\\\/www.latribunedufaso.net\\\/wp-content\\\/uploads\\\/2025\\\/01\\\/IMG-20250109-WA0020.jpg\",\"width\":2560,\"height\":1504,\"caption\":\"C\u00e9r\u00e9monie d'installation du comit\u00e9 d'installation de la 29e \u00e9dition du FESPACO, 8 Janvier 2025\"},{\"@type\":\"BreadcrumbList\",\"@id\":\"https:\\\/\\\/www.latribunedufaso.net\\\/?p=18069#breadcrumb\",\"itemListElement\":[{\"@type\":\"ListItem\",\"position\":1,\"name\":\"Accueil\",\"item\":\"https:\\\/\\\/www.latribunedufaso.net\\\/\"},{\"@type\":\"ListItem\",\"position\":2,\"name\":\"FESPACO 2025 : Installation officielle du Comit\u00e9 National d\u2019Organisation\"}]},{\"@type\":\"WebSite\",\"@id\":\"https:\\\/\\\/www.latribunedufaso.net\\\/#website\",\"url\":\"https:\\\/\\\/www.latribunedufaso.net\\\/\",\"name\":\"La Tribune du Faso\",\"description\":\"L&#039;information du monde rural en un clic\",\"publisher\":{\"@id\":\"https:\\\/\\\/www.latribunedufaso.net\\\/#organization\"},\"potentialAction\":[{\"@type\":\"SearchAction\",\"target\":{\"@type\":\"EntryPoint\",\"urlTemplate\":\"https:\\\/\\\/www.latribunedufaso.net\\\/?s={search_term_string}\"},\"query-input\":{\"@type\":\"PropertyValueSpecification\",\"valueRequired\":true,\"valueName\":\"search_term_string\"}}],\"inLanguage\":\"fr-FR\"},{\"@type\":\"Organization\",\"@id\":\"https:\\\/\\\/www.latribunedufaso.net\\\/#organization\",\"name\":\"La Tribune du Faso\",\"url\":\"https:\\\/\\\/www.latribunedufaso.net\\\/\",\"logo\":{\"@type\":\"ImageObject\",\"inLanguage\":\"fr-FR\",\"@id\":\"https:\\\/\\\/www.latribunedufaso.net\\\/#\\\/schema\\\/logo\\\/image\\\/\",\"url\":\"https:\\\/\\\/www.latribunedufaso.net\\\/wp-content\\\/uploads\\\/2020\\\/08\\\/Logo-Tribune-du-Faso-final-scaled.jpg\",\"contentUrl\":\"https:\\\/\\\/www.latribunedufaso.net\\\/wp-content\\\/uploads\\\/2020\\\/08\\\/Logo-Tribune-du-Faso-final-scaled.jpg\",\"width\":2560,\"height\":1856,\"caption\":\"La Tribune du Faso\"},\"image\":{\"@id\":\"https:\\\/\\\/www.latribunedufaso.net\\\/#\\\/schema\\\/logo\\\/image\\\/\"},\"sameAs\":[\"https:\\\/\\\/www.facebook.com\\\/LatribuneduFaso\\\/\"]},{\"@type\":\"Person\",\"@id\":\"https:\\\/\\\/www.latribunedufaso.net\\\/#\\\/schema\\\/person\\\/e54e64c5778a7e72cf80a318b7a622b0\",\"name\":\"Issouf Tapsoba\",\"image\":{\"@type\":\"ImageObject\",\"inLanguage\":\"fr-FR\",\"@id\":\"https:\\\/\\\/secure.gravatar.com\\\/avatar\\\/5e6c05150ce3230247d167f5b94d678eb05936197436d69b7921e3a95c9107ac?s=96&d=mm&r=g\",\"url\":\"https:\\\/\\\/secure.gravatar.com\\\/avatar\\\/5e6c05150ce3230247d167f5b94d678eb05936197436d69b7921e3a95c9107ac?s=96&d=mm&r=g\",\"contentUrl\":\"https:\\\/\\\/secure.gravatar.com\\\/avatar\\\/5e6c05150ce3230247d167f5b94d678eb05936197436d69b7921e3a95c9107ac?s=96&d=mm&r=g\",\"caption\":\"Issouf Tapsoba\"},\"url\":\"https:\\\/\\\/www.latribunedufaso.net\\\/?author=5\"}]}<\/script>\n<!-- \/ Yoast SEO plugin. -->","yoast_head_json":{"title":"FESPACO 2025 : Installation officielle du Comit\u00e9 National d\u2019Organisation - La Tribune du Faso","robots":{"index":"index","follow":"follow","max-snippet":"max-snippet:-1","max-image-preview":"max-image-preview:large","max-video-preview":"max-video-preview:-1"},"canonical":"https:\/\/www.latribunedufaso.net\/?p=18069","og_locale":"fr_FR","og_type":"article","og_title":"FESPACO 2025 : Installation officielle du Comit\u00e9 National d\u2019Organisation - La Tribune du Faso","og_description":"C\u2019est officiel, le Comit\u00e9 national d\u2019organisation (CNO) de la 29e \u00e9dition du Festival panafricain du cin\u00e9ma et de la t\u00e9l\u00e9vision de Ouagadougou (FESPACO) est install\u00e9. C&rsquo;\u00e9tait \u00e0 l&rsquo;occasion d&rsquo;une c\u00e9r\u00e9monie tenue, le 8 janvier 2025 \u00e0 Ouagadougou. Le Secr\u00e9taire g\u00e9n\u00e9ral du minist\u00e8re en charge de la Culture, Fid\u00e8le Aymar Tamini est le pr\u00e9sident du Comit\u00e9 national d&rsquo;organisation de la 29e \u00e9dition du FESPACO. Ce comit\u00e9 a \u00e9t\u00e9 install\u00e9 le 8 janvier 2025 \u00e0 Ouagadougou. Ce comit\u00e9 de 50 membres prendra en charge les pr\u00e9paratifs de cet \u00e9v\u00e9nement majeur du cin\u00e9ma africain. Il se tiendra du 22 f\u00e9vrier au 1er mars 2025 dans la capitale du pays des hommes int\u00e8gres. Le ministre de la Communication, de la Culture, des Arts et du Tourisme, Gilbert Ou\u00e9draogo, a pr\u00e9sid\u00e9 la c\u00e9r\u00e9monie d\u2019installation. Dans son discours, il a soulign\u00e9 l\u2019enthousiasme grandissant des acteurs du cin\u00e9ma et de l\u2019audiovisuel, avec d\u00e9j\u00e0 1 351 films inscrits pour la comp\u00e9tition officielle, contre 1 232 en 2023. Il a insist\u00e9 sur l\u2019importance d\u2019un engagement collectif pour assurer le succ\u00e8s de cette biennale. Le ministre a \u00e9galement rassur\u00e9 les festivaliers, affirmant que le gouvernement prendra toutes les mesures n\u00e9cessaires pour garantir la s\u00e9curit\u00e9 et la sant\u00e9 des participants, afin que l\u2019\u00e9v\u00e9nement se d\u00e9roule dans un environnement paisible et s\u00e9curis\u00e9. Lire aussi &gt;&gt; FESPACO 2025 : Rendez vous du 22 f\u00e9vrier au 1er mars 2025 M. Ou\u00e9draogo a pr\u00e9cis\u00e9 que le CNO dispose d\u00e9sormais de six semaines de travail intensif pour finaliser tous les aspects pratiques et op\u00e9rationnels de l\u2019organisation. Il a insist\u00e9 sur l\u2019importance de la comp\u00e9tence et de l\u2019exp\u00e9rience des membres du comit\u00e9. \u00ab Vous avez \u00e9t\u00e9 retenus en raison de vos comp\u00e9tences av\u00e9r\u00e9es et de vos exp\u00e9riences individuelles et collectives, qui doivent nous permettre d\u2019aller plus vite et de faire les choses avec professionnalisme \u00bb, a-t-il d\u00e9clar\u00e9.\u00a0 Le pr\u00e9sident du CNO, Fid\u00e8le Aymar Tamini est assist\u00e9 par le d\u00e9l\u00e9gu\u00e9 g\u00e9n\u00e9ral du FESPACO, Moussa Sawadogo. Le comit\u00e9 compte 16 commissions qui sont entre autres, la commission communication et publication, la commission programmation des films, la commission s\u00e9curit\u00e9 etc.\u00a0 Avec ce comit\u00e9 d\u00e9sormais en place, les pr\u00e9paratifs de cette 29e \u00e9dition du FESPACO sont lanc\u00e9s, et l\u2019ensemble des parties prenantes est pleinement mobilis\u00e9 pour offrir une \u00e9dition m\u00e9morable qui renforcera encore l\u2019impact du FESPACO sur le cin\u00e9ma africain et international. Nabintou OUATTARA\u00a0 Latribunedufaso.net","og_url":"https:\/\/www.latribunedufaso.net\/?p=18069","og_site_name":"La Tribune du Faso","article_publisher":"https:\/\/www.facebook.com\/LatribuneduFaso\/","article_published_time":"2025-01-08T11:34:59+00:00","article_modified_time":"2025-03-17T20:24:41+00:00","og_image":[{"width":2560,"height":1504,"url":"https:\/\/www.latribunedufaso.net\/wp-content\/uploads\/2025\/01\/IMG-20250109-WA0020.jpg","type":"image\/jpeg"}],"author":"Issouf Tapsoba","twitter_misc":{"\u00c9crit par":"Issouf Tapsoba","Dur\u00e9e de lecture estim\u00e9e":"2 minutes"},"schema":{"@context":"https:\/\/schema.org","@graph":[{"@type":"Article","@id":"https:\/\/www.latribunedufaso.net\/?p=18069#article","isPartOf":{"@id":"https:\/\/www.latribunedufaso.net\/?p=18069"},"author":{"name":"Issouf Tapsoba","@id":"https:\/\/www.latribunedufaso.net\/#\/schema\/person\/e54e64c5778a7e72cf80a318b7a622b0"},"headline":"FESPACO 2025 : Installation officielle du Comit\u00e9 National d\u2019Organisation","datePublished":"2025-01-08T11:34:59+00:00","dateModified":"2025-03-17T20:24:41+00:00","mainEntityOfPage":{"@id":"https:\/\/www.latribunedufaso.net\/?p=18069"},"wordCount":493,"commentCount":0,"publisher":{"@id":"https:\/\/www.latribunedufaso.net\/#organization"},"image":{"@id":"https:\/\/www.latribunedufaso.net\/?p=18069#primaryimage"},"thumbnailUrl":"https:\/\/www.latribunedufaso.net\/wp-content\/uploads\/2025\/01\/IMG-20250109-WA0020.jpg","keywords":["29\u00e8me \u00e9dition du FESPACO","culture","latribunedufaso.net"],"articleSection":["A la une","Actualit\u00e9","Art et Culture"],"inLanguage":"fr-FR","potentialAction":[{"@type":"CommentAction","name":"Comment","target":["https:\/\/www.latribunedufaso.net\/?p=18069#respond"]}]},{"@type":"WebPage","@id":"https:\/\/www.latribunedufaso.net\/?p=18069","url":"https:\/\/www.latribunedufaso.net\/?p=18069","name":"FESPACO 2025 : Installation officielle du Comit\u00e9 National d\u2019Organisation - La Tribune du Faso","isPartOf":{"@id":"https:\/\/www.latribunedufaso.net\/#website"},"primaryImageOfPage":{"@id":"https:\/\/www.latribunedufaso.net\/?p=18069#primaryimage"},"image":{"@id":"https:\/\/www.latribunedufaso.net\/?p=18069#primaryimage"},"thumbnailUrl":"https:\/\/www.latribunedufaso.net\/wp-content\/uploads\/2025\/01\/IMG-20250109-WA0020.jpg","datePublished":"2025-01-08T11:34:59+00:00","dateModified":"2025-03-17T20:24:41+00:00","breadcrumb":{"@id":"https:\/\/www.latribunedufaso.net\/?p=18069#breadcrumb"},"inLanguage":"fr-FR","potentialAction":[{"@type":"ReadAction","target":["https:\/\/www.latribunedufaso.net\/?p=18069"]}]},{"@type":"ImageObject","inLanguage":"fr-FR","@id":"https:\/\/www.latribunedufaso.net\/?p=18069#primaryimage","url":"https:\/\/www.latribunedufaso.net\/wp-content\/uploads\/2025\/01\/IMG-20250109-WA0020.jpg","contentUrl":"https:\/\/www.latribunedufaso.net\/wp-content\/uploads\/2025\/01\/IMG-20250109-WA0020.jpg","width":2560,"height":1504,"caption":"C\u00e9r\u00e9monie d'installation du comit\u00e9 d'installation de la 29e \u00e9dition du FESPACO, 8 Janvier 2025"},{"@type":"BreadcrumbList","@id":"https:\/\/www.latribunedufaso.net\/?p=18069#breadcrumb","itemListElement":[{"@type":"ListItem","position":1,"name":"Accueil","item":"https:\/\/www.latribunedufaso.net\/"},{"@type":"ListItem","position":2,"name":"FESPACO 2025 : Installation officielle du Comit\u00e9 National d\u2019Organisation"}]},{"@type":"WebSite","@id":"https:\/\/www.latribunedufaso.net\/#website","url":"https:\/\/www.latribunedufaso.net\/","name":"La Tribune du Faso","description":"L&#039;information du monde rural en un clic","publisher":{"@id":"https:\/\/www.latribunedufaso.net\/#organization"},"potentialAction":[{"@type":"SearchAction","target":{"@type":"EntryPoint","urlTemplate":"https:\/\/www.latribunedufaso.net\/?s={search_term_string}"},"query-input":{"@type":"PropertyValueSpecification","valueRequired":true,"valueName":"search_term_string"}}],"inLanguage":"fr-FR"},{"@type":"Organization","@id":"https:\/\/www.latribunedufaso.net\/#organization","name":"La Tribune du Faso","url":"https:\/\/www.latribunedufaso.net\/","logo":{"@type":"ImageObject","inLanguage":"fr-FR","@id":"https:\/\/www.latribunedufaso.net\/#\/schema\/logo\/image\/","url":"https:\/\/www.latribunedufaso.net\/wp-content\/uploads\/2020\/08\/Logo-Tribune-du-Faso-final-scaled.jpg","contentUrl":"https:\/\/www.latribunedufaso.net\/wp-content\/uploads\/2020\/08\/Logo-Tribune-du-Faso-final-scaled.jpg","width":2560,"height":1856,"caption":"La Tribune du Faso"},"image":{"@id":"https:\/\/www.latribunedufaso.net\/#\/schema\/logo\/image\/"},"sameAs":["https:\/\/www.facebook.com\/LatribuneduFaso\/"]},{"@type":"Person","@id":"https:\/\/www.latribunedufaso.net\/#\/schema\/person\/e54e64c5778a7e72cf80a318b7a622b0","name":"Issouf Tapsoba","image":{"@type":"ImageObject","inLanguage":"fr-FR","@id":"https:\/\/secure.gravatar.com\/avatar\/5e6c05150ce3230247d167f5b94d678eb05936197436d69b7921e3a95c9107ac?s=96&d=mm&r=g","url":"https:\/\/secure.gravatar.com\/avatar\/5e6c05150ce3230247d167f5b94d678eb05936197436d69b7921e3a95c9107ac?s=96&d=mm&r=g","contentUrl":"https:\/\/secure.gravatar.com\/avatar\/5e6c05150ce3230247d167f5b94d678eb05936197436d69b7921e3a95c9107ac?s=96&d=mm&r=g","caption":"Issouf Tapsoba"},"url":"https:\/\/www.latribunedufaso.net\/?author=5"}]}},"_links":{"self":[{"href":"https:\/\/www.latribunedufaso.net\/index.php?rest_route=\/wp\/v2\/posts\/18069","targetHints":{"allow":["GET"]}}],"collection":[{"href":"https:\/\/www.latribunedufaso.net\/index.php?rest_route=\/wp\/v2\/posts"}],"about":[{"href":"https:\/\/www.latribunedufaso.net\/index.php?rest_route=\/wp\/v2\/types\/post"}],"author":[{"embeddable":true,"href":"https:\/\/www.latribunedufaso.net\/index.php?rest_route=\/wp\/v2\/users\/5"}],"replies":[{"embeddable":true,"href":"https:\/\/www.latribunedufaso.net\/index.php?rest_route=%2Fwp%2Fv2%2Fcomments&post=18069"}],"version-history":[{"count":2,"href":"https:\/\/www.latribunedufaso.net\/index.php?rest_route=\/wp\/v2\/posts\/18069\/revisions"}],"predecessor-version":[{"id":19463,"href":"https:\/\/www.latribunedufaso.net\/index.php?rest_route=\/wp\/v2\/posts\/18069\/revisions\/19463"}],"wp:featuredmedia":[{"embeddable":true,"href":"https:\/\/www.latribunedufaso.net\/index.php?rest_route=\/wp\/v2\/media\/18071"}],"wp:attachment":[{"href":"https:\/\/www.latribunedufaso.net\/index.php?rest_route=%2Fwp%2Fv2%2Fmedia&parent=18069"}],"wp:term":[{"taxonomy":"category","embeddable":true,"href":"https:\/\/www.latribunedufaso.net\/index.php?rest_route=%2Fwp%2Fv2%2Fcategories&post=18069"},{"taxonomy":"post_tag","embeddable":true,"href":"https:\/\/www.latribunedufaso.net\/index.php?rest_route=%2Fwp%2Fv2%2Ftags&post=18069"}],"curies":[{"name":"wp","href":"https:\/\/api.w.org\/{rel}","templated":true}]}}