{"id":18032,"date":"2025-01-06T21:36:47","date_gmt":"2025-01-06T21:36:47","guid":{"rendered":"https:\/\/www.latribunedufaso.net\/?p=18032"},"modified":"2025-01-06T21:36:47","modified_gmt":"2025-01-06T21:36:47","slug":"investiture-du-president-du-ghana-le-capitaine-ibrahim-traore-attendu-a-accra","status":"publish","type":"post","link":"https:\/\/www.latribunedufaso.net\/?p=18032","title":{"rendered":"Investiture du Pr\u00e9sident du Ghana : Le Capitaine Ibrahim TRAOR\u00c9 attendu \u00e0 Accra"},"content":{"rendered":"<p>Investiture du Pr\u00e9sident du Ghana : Le Capitaine Ibrahim TRAOR\u00c9 attendu \u00e0 Accra<\/p>\n<p><strong>Dans un communiqu\u00e9 en date du 6 janvier 2025, la Pr\u00e9sidence du Faso annonce que le Chef de l\u2019\u00c9tat, le Capitaine Ibrahim Traor\u00e9, assistera ce mardi 7 janvier 2024 \u00e0 Accra dans la capitale ghan\u00e9enne, \u00e0 l\u2019investiture du nouveau Pr\u00e9sident de la R\u00e9publique du Ghana, John Dramani Mahama.\u00a0<\/strong><!--more--><\/p>\n<p><em><strong>\u00ab Invit\u00e9 par les autorit\u00e9s ghan\u00e9ennes \u00e0 la c\u00e9r\u00e9monie d\u2019investiture de son homologue John Dramani Mahama, \u00e9lu le 7 d\u00e9cembre 2024, Pr\u00e9sident de la R\u00e9publique du Ghana, le Pr\u00e9sident du Faso, le Capitaine Ibrahim Traor\u00e9 y prendra part aux c\u00f4t\u00e9s de ses homologues africains \u00bb<\/strong><\/em>, peut-on lire dans le communiqu\u00e9.<\/p>\n<p>Au cours de son s\u00e9jour, le Pr\u00e9sident du Faso va rencontrer ses compatriotes vivant au Ghana, dont le nombre est estim\u00e9 \u00e0 plus de trois millions de Burkinab\u00e8.<\/p>\n<p>Le Burkina Faso et la R\u00e9publique du Ghana entretiennent des liens historiques au-del\u00e0 du bon voisinage. Dans le cadre de la coop\u00e9ration, plusieurs actions sont en cours et d\u2019autres en gestation dans la dynamique du renforcement des relations pour l\u2019\u00e9panouissement des peuples ghan\u00e9en et burkinab\u00e8.<\/p>\n<p><strong>Latribunedufaso.net<\/strong><\/p>\n<p><strong>Source : Direction de la communication de la Pr\u00e9sidence du Faso<\/strong><\/p>\n","protected":false},"excerpt":{"rendered":"<p>Investiture du Pr\u00e9sident du Ghana : Le Capitaine Ibrahim TRAOR\u00c9 attendu \u00e0 Accra Dans un communiqu\u00e9 en date du 6 janvier 2025, la Pr\u00e9sidence du Faso annonce que le Chef de l\u2019\u00c9tat, le Capitaine Ibrahim Traor\u00e9, assistera ce mardi 7 janvier 2024 \u00e0 Accra dans la capitale ghan\u00e9enne, \u00e0 l\u2019investiture du nouveau Pr\u00e9sident de la R\u00e9publique du Ghana, John Dramani Mahama.\u00a0<\/p>\n","protected":false},"author":5,"featured_media":18033,"comment_status":"open","ping_status":"open","sticky":false,"template":"","format":"standard","meta":{"footnotes":""},"categories":[13,1,8],"tags":[603,604,39],"class_list":["post-18032","post","type-post","status-publish","format-standard","has-post-thumbnail","hentry","category-une","category-actu","category-societe","tag-investiture-du-president-du-ghana","tag-john-dramani-mahama","tag-latribunedufaso-net"],"yoast_head":"<!-- This site is optimized with the Yoast SEO plugin v27.4 - https:\/\/yoast.com\/product\/yoast-seo-wordpress\/ -->\n<title>Investiture du Pr\u00e9sident du Ghana : Le Capitaine Ibrahim TRAOR\u00c9 attendu \u00e0 Accra - La Tribune du Faso<\/title>\n<meta name=\"robots\" content=\"index, follow, max-snippet:-1, max-image-preview:large, max-video-preview:-1\" \/>\n<link rel=\"canonical\" href=\"https:\/\/www.latribunedufaso.net\/?p=18032\" \/>\n<meta property=\"og:locale\" content=\"fr_FR\" \/>\n<meta property=\"og:type\" content=\"article\" \/>\n<meta property=\"og:title\" content=\"Investiture du Pr\u00e9sident du Ghana : Le Capitaine Ibrahim TRAOR\u00c9 attendu \u00e0 Accra - La Tribune du Faso\" \/>\n<meta property=\"og:description\" content=\"Investiture du Pr\u00e9sident du Ghana : Le Capitaine Ibrahim TRAOR\u00c9 attendu \u00e0 Accra Dans un communiqu\u00e9 en date du 6 janvier 2025, la Pr\u00e9sidence du Faso annonce que le Chef de l\u2019\u00c9tat, le Capitaine Ibrahim Traor\u00e9, assistera ce mardi 7 janvier 2024 \u00e0 Accra dans la capitale ghan\u00e9enne, \u00e0 l\u2019investiture du nouveau Pr\u00e9sident de la R\u00e9publique du Ghana, John Dramani Mahama.\u00a0\" \/>\n<meta property=\"og:url\" content=\"https:\/\/www.latribunedufaso.net\/?p=18032\" \/>\n<meta property=\"og:site_name\" content=\"La Tribune du Faso\" \/>\n<meta property=\"article:publisher\" content=\"https:\/\/www.facebook.com\/LatribuneduFaso\/\" \/>\n<meta property=\"article:published_time\" content=\"2025-01-06T21:36:47+00:00\" \/>\n<meta property=\"og:image\" content=\"https:\/\/www.latribunedufaso.net\/wp-content\/uploads\/2025\/01\/IMG-20250106-WA0045.jpg\" \/>\n\t<meta property=\"og:image:width\" content=\"1600\" \/>\n\t<meta property=\"og:image:height\" content=\"1545\" \/>\n\t<meta property=\"og:image:type\" content=\"image\/jpeg\" \/>\n<meta name=\"author\" content=\"Issouf Tapsoba\" \/>\n<meta name=\"twitter:label1\" content=\"\u00c9crit par\" \/>\n\t<meta name=\"twitter:data1\" content=\"Issouf Tapsoba\" \/>\n\t<meta name=\"twitter:label2\" content=\"Dur\u00e9e de lecture estim\u00e9e\" \/>\n\t<meta name=\"twitter:data2\" content=\"1 minute\" \/>\n<script type=\"application\/ld+json\" class=\"yoast-schema-graph\">{\"@context\":\"https:\\\/\\\/schema.org\",\"@graph\":[{\"@type\":\"Article\",\"@id\":\"https:\\\/\\\/www.latribunedufaso.net\\\/?p=18032#article\",\"isPartOf\":{\"@id\":\"https:\\\/\\\/www.latribunedufaso.net\\\/?p=18032\"},\"author\":{\"name\":\"Issouf Tapsoba\",\"@id\":\"https:\\\/\\\/www.latribunedufaso.net\\\/#\\\/schema\\\/person\\\/e54e64c5778a7e72cf80a318b7a622b0\"},\"headline\":\"Investiture du Pr\u00e9sident du Ghana : Le Capitaine Ibrahim TRAOR\u00c9 attendu \u00e0 Accra\",\"datePublished\":\"2025-01-06T21:36:47+00:00\",\"mainEntityOfPage\":{\"@id\":\"https:\\\/\\\/www.latribunedufaso.net\\\/?p=18032\"},\"wordCount\":220,\"commentCount\":0,\"publisher\":{\"@id\":\"https:\\\/\\\/www.latribunedufaso.net\\\/#organization\"},\"image\":{\"@id\":\"https:\\\/\\\/www.latribunedufaso.net\\\/?p=18032#primaryimage\"},\"thumbnailUrl\":\"https:\\\/\\\/www.latribunedufaso.net\\\/wp-content\\\/uploads\\\/2025\\\/01\\\/IMG-20250106-WA0045.jpg\",\"keywords\":[\"Investiture du pr\u00e9sident du Ghana\",\"John Dramani Mahama\",\"latribunedufaso.net\"],\"articleSection\":[\"A la une\",\"Actualit\u00e9\",\"Soci\u00e9t\u00e9\"],\"inLanguage\":\"fr-FR\",\"potentialAction\":[{\"@type\":\"CommentAction\",\"name\":\"Comment\",\"target\":[\"https:\\\/\\\/www.latribunedufaso.net\\\/?p=18032#respond\"]}]},{\"@type\":\"WebPage\",\"@id\":\"https:\\\/\\\/www.latribunedufaso.net\\\/?p=18032\",\"url\":\"https:\\\/\\\/www.latribunedufaso.net\\\/?p=18032\",\"name\":\"Investiture du Pr\u00e9sident du Ghana : Le Capitaine Ibrahim TRAOR\u00c9 attendu \u00e0 Accra - La Tribune du Faso\",\"isPartOf\":{\"@id\":\"https:\\\/\\\/www.latribunedufaso.net\\\/#website\"},\"primaryImageOfPage\":{\"@id\":\"https:\\\/\\\/www.latribunedufaso.net\\\/?p=18032#primaryimage\"},\"image\":{\"@id\":\"https:\\\/\\\/www.latribunedufaso.net\\\/?p=18032#primaryimage\"},\"thumbnailUrl\":\"https:\\\/\\\/www.latribunedufaso.net\\\/wp-content\\\/uploads\\\/2025\\\/01\\\/IMG-20250106-WA0045.jpg\",\"datePublished\":\"2025-01-06T21:36:47+00:00\",\"breadcrumb\":{\"@id\":\"https:\\\/\\\/www.latribunedufaso.net\\\/?p=18032#breadcrumb\"},\"inLanguage\":\"fr-FR\",\"potentialAction\":[{\"@type\":\"ReadAction\",\"target\":[\"https:\\\/\\\/www.latribunedufaso.net\\\/?p=18032\"]}]},{\"@type\":\"ImageObject\",\"inLanguage\":\"fr-FR\",\"@id\":\"https:\\\/\\\/www.latribunedufaso.net\\\/?p=18032#primaryimage\",\"url\":\"https:\\\/\\\/www.latribunedufaso.net\\\/wp-content\\\/uploads\\\/2025\\\/01\\\/IMG-20250106-WA0045.jpg\",\"contentUrl\":\"https:\\\/\\\/www.latribunedufaso.net\\\/wp-content\\\/uploads\\\/2025\\\/01\\\/IMG-20250106-WA0045.jpg\",\"width\":1600,\"height\":1545,\"caption\":\"Photo d'illustration du Pr\u00e9sident du Faso\"},{\"@type\":\"BreadcrumbList\",\"@id\":\"https:\\\/\\\/www.latribunedufaso.net\\\/?p=18032#breadcrumb\",\"itemListElement\":[{\"@type\":\"ListItem\",\"position\":1,\"name\":\"Accueil\",\"item\":\"https:\\\/\\\/www.latribunedufaso.net\\\/\"},{\"@type\":\"ListItem\",\"position\":2,\"name\":\"Investiture du Pr\u00e9sident du Ghana : Le Capitaine Ibrahim TRAOR\u00c9 attendu \u00e0 Accra\"}]},{\"@type\":\"WebSite\",\"@id\":\"https:\\\/\\\/www.latribunedufaso.net\\\/#website\",\"url\":\"https:\\\/\\\/www.latribunedufaso.net\\\/\",\"name\":\"La Tribune du Faso\",\"description\":\"L&#039;information du monde rural en un clic\",\"publisher\":{\"@id\":\"https:\\\/\\\/www.latribunedufaso.net\\\/#organization\"},\"potentialAction\":[{\"@type\":\"SearchAction\",\"target\":{\"@type\":\"EntryPoint\",\"urlTemplate\":\"https:\\\/\\\/www.latribunedufaso.net\\\/?s={search_term_string}\"},\"query-input\":{\"@type\":\"PropertyValueSpecification\",\"valueRequired\":true,\"valueName\":\"search_term_string\"}}],\"inLanguage\":\"fr-FR\"},{\"@type\":\"Organization\",\"@id\":\"https:\\\/\\\/www.latribunedufaso.net\\\/#organization\",\"name\":\"La Tribune du Faso\",\"url\":\"https:\\\/\\\/www.latribunedufaso.net\\\/\",\"logo\":{\"@type\":\"ImageObject\",\"inLanguage\":\"fr-FR\",\"@id\":\"https:\\\/\\\/www.latribunedufaso.net\\\/#\\\/schema\\\/logo\\\/image\\\/\",\"url\":\"https:\\\/\\\/www.latribunedufaso.net\\\/wp-content\\\/uploads\\\/2020\\\/08\\\/Logo-Tribune-du-Faso-final-scaled.jpg\",\"contentUrl\":\"https:\\\/\\\/www.latribunedufaso.net\\\/wp-content\\\/uploads\\\/2020\\\/08\\\/Logo-Tribune-du-Faso-final-scaled.jpg\",\"width\":2560,\"height\":1856,\"caption\":\"La Tribune du Faso\"},\"image\":{\"@id\":\"https:\\\/\\\/www.latribunedufaso.net\\\/#\\\/schema\\\/logo\\\/image\\\/\"},\"sameAs\":[\"https:\\\/\\\/www.facebook.com\\\/LatribuneduFaso\\\/\"]},{\"@type\":\"Person\",\"@id\":\"https:\\\/\\\/www.latribunedufaso.net\\\/#\\\/schema\\\/person\\\/e54e64c5778a7e72cf80a318b7a622b0\",\"name\":\"Issouf Tapsoba\",\"image\":{\"@type\":\"ImageObject\",\"inLanguage\":\"fr-FR\",\"@id\":\"https:\\\/\\\/secure.gravatar.com\\\/avatar\\\/5e6c05150ce3230247d167f5b94d678eb05936197436d69b7921e3a95c9107ac?s=96&d=mm&r=g\",\"url\":\"https:\\\/\\\/secure.gravatar.com\\\/avatar\\\/5e6c05150ce3230247d167f5b94d678eb05936197436d69b7921e3a95c9107ac?s=96&d=mm&r=g\",\"contentUrl\":\"https:\\\/\\\/secure.gravatar.com\\\/avatar\\\/5e6c05150ce3230247d167f5b94d678eb05936197436d69b7921e3a95c9107ac?s=96&d=mm&r=g\",\"caption\":\"Issouf Tapsoba\"},\"url\":\"https:\\\/\\\/www.latribunedufaso.net\\\/?author=5\"}]}<\/script>\n<!-- \/ Yoast SEO plugin. -->","yoast_head_json":{"title":"Investiture du Pr\u00e9sident du Ghana : Le Capitaine Ibrahim TRAOR\u00c9 attendu \u00e0 Accra - La Tribune du Faso","robots":{"index":"index","follow":"follow","max-snippet":"max-snippet:-1","max-image-preview":"max-image-preview:large","max-video-preview":"max-video-preview:-1"},"canonical":"https:\/\/www.latribunedufaso.net\/?p=18032","og_locale":"fr_FR","og_type":"article","og_title":"Investiture du Pr\u00e9sident du Ghana : Le Capitaine Ibrahim TRAOR\u00c9 attendu \u00e0 Accra - La Tribune du Faso","og_description":"Investiture du Pr\u00e9sident du Ghana : Le Capitaine Ibrahim TRAOR\u00c9 attendu \u00e0 Accra Dans un communiqu\u00e9 en date du 6 janvier 2025, la Pr\u00e9sidence du Faso annonce que le Chef de l\u2019\u00c9tat, le Capitaine Ibrahim Traor\u00e9, assistera ce mardi 7 janvier 2024 \u00e0 Accra dans la capitale ghan\u00e9enne, \u00e0 l\u2019investiture du nouveau Pr\u00e9sident de la R\u00e9publique du Ghana, John Dramani Mahama.\u00a0","og_url":"https:\/\/www.latribunedufaso.net\/?p=18032","og_site_name":"La Tribune du Faso","article_publisher":"https:\/\/www.facebook.com\/LatribuneduFaso\/","article_published_time":"2025-01-06T21:36:47+00:00","og_image":[{"width":1600,"height":1545,"url":"https:\/\/www.latribunedufaso.net\/wp-content\/uploads\/2025\/01\/IMG-20250106-WA0045.jpg","type":"image\/jpeg"}],"author":"Issouf Tapsoba","twitter_misc":{"\u00c9crit par":"Issouf Tapsoba","Dur\u00e9e de lecture estim\u00e9e":"1 minute"},"schema":{"@context":"https:\/\/schema.org","@graph":[{"@type":"Article","@id":"https:\/\/www.latribunedufaso.net\/?p=18032#article","isPartOf":{"@id":"https:\/\/www.latribunedufaso.net\/?p=18032"},"author":{"name":"Issouf Tapsoba","@id":"https:\/\/www.latribunedufaso.net\/#\/schema\/person\/e54e64c5778a7e72cf80a318b7a622b0"},"headline":"Investiture du Pr\u00e9sident du Ghana : Le Capitaine Ibrahim TRAOR\u00c9 attendu \u00e0 Accra","datePublished":"2025-01-06T21:36:47+00:00","mainEntityOfPage":{"@id":"https:\/\/www.latribunedufaso.net\/?p=18032"},"wordCount":220,"commentCount":0,"publisher":{"@id":"https:\/\/www.latribunedufaso.net\/#organization"},"image":{"@id":"https:\/\/www.latribunedufaso.net\/?p=18032#primaryimage"},"thumbnailUrl":"https:\/\/www.latribunedufaso.net\/wp-content\/uploads\/2025\/01\/IMG-20250106-WA0045.jpg","keywords":["Investiture du pr\u00e9sident du Ghana","John Dramani Mahama","latribunedufaso.net"],"articleSection":["A la une","Actualit\u00e9","Soci\u00e9t\u00e9"],"inLanguage":"fr-FR","potentialAction":[{"@type":"CommentAction","name":"Comment","target":["https:\/\/www.latribunedufaso.net\/?p=18032#respond"]}]},{"@type":"WebPage","@id":"https:\/\/www.latribunedufaso.net\/?p=18032","url":"https:\/\/www.latribunedufaso.net\/?p=18032","name":"Investiture du Pr\u00e9sident du Ghana : Le Capitaine Ibrahim TRAOR\u00c9 attendu \u00e0 Accra - La Tribune du Faso","isPartOf":{"@id":"https:\/\/www.latribunedufaso.net\/#website"},"primaryImageOfPage":{"@id":"https:\/\/www.latribunedufaso.net\/?p=18032#primaryimage"},"image":{"@id":"https:\/\/www.latribunedufaso.net\/?p=18032#primaryimage"},"thumbnailUrl":"https:\/\/www.latribunedufaso.net\/wp-content\/uploads\/2025\/01\/IMG-20250106-WA0045.jpg","datePublished":"2025-01-06T21:36:47+00:00","breadcrumb":{"@id":"https:\/\/www.latribunedufaso.net\/?p=18032#breadcrumb"},"inLanguage":"fr-FR","potentialAction":[{"@type":"ReadAction","target":["https:\/\/www.latribunedufaso.net\/?p=18032"]}]},{"@type":"ImageObject","inLanguage":"fr-FR","@id":"https:\/\/www.latribunedufaso.net\/?p=18032#primaryimage","url":"https:\/\/www.latribunedufaso.net\/wp-content\/uploads\/2025\/01\/IMG-20250106-WA0045.jpg","contentUrl":"https:\/\/www.latribunedufaso.net\/wp-content\/uploads\/2025\/01\/IMG-20250106-WA0045.jpg","width":1600,"height":1545,"caption":"Photo d'illustration du Pr\u00e9sident du Faso"},{"@type":"BreadcrumbList","@id":"https:\/\/www.latribunedufaso.net\/?p=18032#breadcrumb","itemListElement":[{"@type":"ListItem","position":1,"name":"Accueil","item":"https:\/\/www.latribunedufaso.net\/"},{"@type":"ListItem","position":2,"name":"Investiture du Pr\u00e9sident du Ghana : Le Capitaine Ibrahim TRAOR\u00c9 attendu \u00e0 Accra"}]},{"@type":"WebSite","@id":"https:\/\/www.latribunedufaso.net\/#website","url":"https:\/\/www.latribunedufaso.net\/","name":"La Tribune du Faso","description":"L&#039;information du monde rural en un clic","publisher":{"@id":"https:\/\/www.latribunedufaso.net\/#organization"},"potentialAction":[{"@type":"SearchAction","target":{"@type":"EntryPoint","urlTemplate":"https:\/\/www.latribunedufaso.net\/?s={search_term_string}"},"query-input":{"@type":"PropertyValueSpecification","valueRequired":true,"valueName":"search_term_string"}}],"inLanguage":"fr-FR"},{"@type":"Organization","@id":"https:\/\/www.latribunedufaso.net\/#organization","name":"La Tribune du Faso","url":"https:\/\/www.latribunedufaso.net\/","logo":{"@type":"ImageObject","inLanguage":"fr-FR","@id":"https:\/\/www.latribunedufaso.net\/#\/schema\/logo\/image\/","url":"https:\/\/www.latribunedufaso.net\/wp-content\/uploads\/2020\/08\/Logo-Tribune-du-Faso-final-scaled.jpg","contentUrl":"https:\/\/www.latribunedufaso.net\/wp-content\/uploads\/2020\/08\/Logo-Tribune-du-Faso-final-scaled.jpg","width":2560,"height":1856,"caption":"La Tribune du Faso"},"image":{"@id":"https:\/\/www.latribunedufaso.net\/#\/schema\/logo\/image\/"},"sameAs":["https:\/\/www.facebook.com\/LatribuneduFaso\/"]},{"@type":"Person","@id":"https:\/\/www.latribunedufaso.net\/#\/schema\/person\/e54e64c5778a7e72cf80a318b7a622b0","name":"Issouf Tapsoba","image":{"@type":"ImageObject","inLanguage":"fr-FR","@id":"https:\/\/secure.gravatar.com\/avatar\/5e6c05150ce3230247d167f5b94d678eb05936197436d69b7921e3a95c9107ac?s=96&d=mm&r=g","url":"https:\/\/secure.gravatar.com\/avatar\/5e6c05150ce3230247d167f5b94d678eb05936197436d69b7921e3a95c9107ac?s=96&d=mm&r=g","contentUrl":"https:\/\/secure.gravatar.com\/avatar\/5e6c05150ce3230247d167f5b94d678eb05936197436d69b7921e3a95c9107ac?s=96&d=mm&r=g","caption":"Issouf Tapsoba"},"url":"https:\/\/www.latribunedufaso.net\/?author=5"}]}},"_links":{"self":[{"href":"https:\/\/www.latribunedufaso.net\/index.php?rest_route=\/wp\/v2\/posts\/18032","targetHints":{"allow":["GET"]}}],"collection":[{"href":"https:\/\/www.latribunedufaso.net\/index.php?rest_route=\/wp\/v2\/posts"}],"about":[{"href":"https:\/\/www.latribunedufaso.net\/index.php?rest_route=\/wp\/v2\/types\/post"}],"author":[{"embeddable":true,"href":"https:\/\/www.latribunedufaso.net\/index.php?rest_route=\/wp\/v2\/users\/5"}],"replies":[{"embeddable":true,"href":"https:\/\/www.latribunedufaso.net\/index.php?rest_route=%2Fwp%2Fv2%2Fcomments&post=18032"}],"version-history":[{"count":1,"href":"https:\/\/www.latribunedufaso.net\/index.php?rest_route=\/wp\/v2\/posts\/18032\/revisions"}],"predecessor-version":[{"id":18034,"href":"https:\/\/www.latribunedufaso.net\/index.php?rest_route=\/wp\/v2\/posts\/18032\/revisions\/18034"}],"wp:featuredmedia":[{"embeddable":true,"href":"https:\/\/www.latribunedufaso.net\/index.php?rest_route=\/wp\/v2\/media\/18033"}],"wp:attachment":[{"href":"https:\/\/www.latribunedufaso.net\/index.php?rest_route=%2Fwp%2Fv2%2Fmedia&parent=18032"}],"wp:term":[{"taxonomy":"category","embeddable":true,"href":"https:\/\/www.latribunedufaso.net\/index.php?rest_route=%2Fwp%2Fv2%2Fcategories&post=18032"},{"taxonomy":"post_tag","embeddable":true,"href":"https:\/\/www.latribunedufaso.net\/index.php?rest_route=%2Fwp%2Fv2%2Ftags&post=18032"}],"curies":[{"name":"wp","href":"https:\/\/api.w.org\/{rel}","templated":true}]}}