{"id":17963,"date":"2025-01-03T00:31:14","date_gmt":"2025-01-03T00:31:14","guid":{"rendered":"https:\/\/www.latribunedufaso.net\/?p=17963"},"modified":"2025-01-03T00:31:14","modified_gmt":"2025-01-03T00:31:14","slug":"festival-de-la-culture-kaltamasheq-la-premiere-edition-referme-ses-portes-sur-une-note-de-satisfaction-selon-les-organisateurs","status":"publish","type":"post","link":"https:\/\/www.latribunedufaso.net\/?p=17963","title":{"rendered":"Festival de la culture Kaltamash\u00e8q : La premi\u00e8re \u00e9dition referme ses portes sur une note de satisfaction selon les organisateurs\u00a0"},"content":{"rendered":"<p><strong><span style=\"font-size: 1.0625rem;\">La premi\u00e8re \u00e9dition du Festival Kaltamash\u00e8q a referm\u00e9 ses portes dans l\u2019apr\u00e8s midi de ce 29 d\u00e9cembre 2024 \u00e0 Ouagadougou. Selon les organisateurs, cette premi\u00e8re \u00e9dition a \u00e9t\u00e9 une satisfaction.<\/span><\/strong><!--more--><\/p>\n<p>Du 27 au 29 d\u00e9cembre 2024 s\u2019est tenue dans la cours du mus\u00e9e national \u00e0 Ouagadougou, la premi\u00e8re \u00e9dition du Festival de la culture Kaltamash\u00e8q. L\u2019\u00e9dition a \u00e9t\u00e9 plac\u00e9e sous le patronage du ministre de la Communication, de la Culture, des Arts et du Tourisme, Pingdwend\u00e9 Gilbert Ou\u00e9draogo et sous le th\u00e8me <em><strong>\u00ab Promotion de la culture Kaltamash\u00e8q : enjeux, d\u00e9fis et perspectives \u00bb.<\/strong><\/em><\/p>\n<figure id=\"attachment_17964\" aria-describedby=\"caption-attachment-17964\" style=\"width: 2560px\" class=\"wp-caption aligncenter\"><a href=\"https:\/\/www.latribunedufaso.net\/wp-content\/uploads\/2025\/01\/IMG-20250103-WA0009.jpg\"><img loading=\"lazy\" decoding=\"async\" class=\"size-full wp-image-17964\" src=\"https:\/\/www.latribunedufaso.net\/wp-content\/uploads\/2025\/01\/IMG-20250103-WA0009.jpg\" alt=\"La premi\u00e8re \u00e9dition du Festival Kaltamash\u00e8q a referm\u00e9 ses portes dans l\u2019apr\u00e8s midi de ce 29 d\u00e9cembre 2024 \u00e0 Ouagadougou\" width=\"2560\" height=\"1927\" srcset=\"https:\/\/www.latribunedufaso.net\/wp-content\/uploads\/2025\/01\/IMG-20250103-WA0009.jpg 2560w, https:\/\/www.latribunedufaso.net\/wp-content\/uploads\/2025\/01\/IMG-20250103-WA0009-300x226.jpg 300w, https:\/\/www.latribunedufaso.net\/wp-content\/uploads\/2025\/01\/IMG-20250103-WA0009-1024x771.jpg 1024w, https:\/\/www.latribunedufaso.net\/wp-content\/uploads\/2025\/01\/IMG-20250103-WA0009-768x578.jpg 768w, https:\/\/www.latribunedufaso.net\/wp-content\/uploads\/2025\/01\/IMG-20250103-WA0009-1536x1156.jpg 1536w, https:\/\/www.latribunedufaso.net\/wp-content\/uploads\/2025\/01\/IMG-20250103-WA0009-2048x1542.jpg 2048w\" sizes=\"auto, (max-width: 2560px) 100vw, 2560px\" \/><\/a><figcaption id=\"caption-attachment-17964\" class=\"wp-caption-text\">Le pr\u00e9sident du comit\u00e9 d\u2019organisation du festival, Issoufa Mouzerata Dicko &#8211; Ph. A. Kiendrebeogo<\/figcaption><\/figure>\n<p>Apr\u00e8s 72 heures de travaux et de festivit\u00e9s, l\u2019\u00e9v\u00e9nement referme ses rideaux dans l\u2019apr\u00e8s midi du 29 d\u00e9cembre 2024. Selon le pr\u00e9sident du comit\u00e9 d\u2019organisation du festival, Issoufa Mouzerata Dicko, cette premi\u00e8re \u00e9dition a \u00e9t\u00e9 une satisfaction.\u00a0<\/p>\n<p><em><strong>\u00ab En mati\u00e8re de mobilisation humaine, nous somme tr\u00e8s contents. Nous avions estim\u00e9 5 050 chaises mais aujourd\u2019hui, il n\u2019y a m\u00eame pas de places assises. Si on nous disait qu&rsquo;on allait \u00eatre ce nombre \u00e0 Ouagadougou, on allait se demander comment ? Aujourd\u2019hui, nous avons mobilis\u00e9 plus de 5 000 participants \u00bb,<\/strong><\/em> s\u2019est-il r\u00e9joui. On a eu, ajoute t-il, des \u00e9trangers qui sont venus de l\u2019Oudalan, Dori, Mali, C\u00f4te d\u2019Ivoire, Arabie saoudite, Ghana pour vivre ce festival avec nous.\u00a0 \u00a0<\/p>\n<figure id=\"attachment_17966\" aria-describedby=\"caption-attachment-17966\" style=\"width: 2560px\" class=\"wp-caption aligncenter\"><a href=\"https:\/\/www.latribunedufaso.net\/wp-content\/uploads\/2025\/01\/IMG-20250103-WA0005.jpg\"><img loading=\"lazy\" decoding=\"async\" class=\"size-full wp-image-17966\" src=\"https:\/\/www.latribunedufaso.net\/wp-content\/uploads\/2025\/01\/IMG-20250103-WA0005.jpg\" alt=\"La premi\u00e8re \u00e9dition du Festival Kaltamash\u00e8q a referm\u00e9 ses portes dans l\u2019apr\u00e8s midi de ce 29 d\u00e9cembre 2024 \u00e0 Ouagadougou\" width=\"2560\" height=\"1927\" srcset=\"https:\/\/www.latribunedufaso.net\/wp-content\/uploads\/2025\/01\/IMG-20250103-WA0005.jpg 2560w, https:\/\/www.latribunedufaso.net\/wp-content\/uploads\/2025\/01\/IMG-20250103-WA0005-300x226.jpg 300w, https:\/\/www.latribunedufaso.net\/wp-content\/uploads\/2025\/01\/IMG-20250103-WA0005-1024x771.jpg 1024w, https:\/\/www.latribunedufaso.net\/wp-content\/uploads\/2025\/01\/IMG-20250103-WA0005-768x578.jpg 768w, https:\/\/www.latribunedufaso.net\/wp-content\/uploads\/2025\/01\/IMG-20250103-WA0005-1536x1156.jpg 1536w, https:\/\/www.latribunedufaso.net\/wp-content\/uploads\/2025\/01\/IMG-20250103-WA0005-2048x1542.jpg 2048w\" sizes=\"auto, (max-width: 2560px) 100vw, 2560px\" \/><\/a><figcaption id=\"caption-attachment-17966\" class=\"wp-caption-text\">Le festival a connu la participation de plusieurs membres de la communaut\u00e9 Kaltamash\u00e8q &#8211; Ph. A. Kiendrebeogo<\/figcaption><\/figure>\n<p>A la cl\u00f4ture de l\u2019\u00e9v\u00e9nement, la communaut\u00e9 Kaltamash\u00e8q a pu mobilis\u00e9 un million de F CFA pour le Fond de soutien patriotique et des v\u00eatements au profit des d\u00e9plac\u00e9s internes, a indiqu\u00e9 le promoteur du festival, El Hadj Ouffen Ag Tiwara.<\/p>\n<p>En prenant la parole, le repr\u00e9sentant du Directeur g\u00e9n\u00e9ral du mus\u00e9e national, Sinali Djibo s\u2019est r\u00e9joui du festival qui, selon lui, a permis de se frotter \u00e0 la communaut\u00e9 Kaltamash\u00e8q et de conna\u00eetre davantage leur culture. <em><strong>\u00ab Lorsqu\u2019on voyait quelqu\u2019un dans la rue qui portait le turban, tout de suite il y a la peur et la m\u00e9fiance parce que tout simplement on a tendance \u00e0 coller cette image \u00e0 autre chose que nous voyons et qui n\u2019est pas une r\u00e9alit\u00e9 \u00bb,<\/strong><\/em> a-t-il signifi\u00e9.<\/p>\n<figure id=\"attachment_17965\" aria-describedby=\"caption-attachment-17965\" style=\"width: 2560px\" class=\"wp-caption aligncenter\"><a href=\"https:\/\/www.latribunedufaso.net\/wp-content\/uploads\/2025\/01\/IMG-20250103-WA0007.jpg\"><img loading=\"lazy\" decoding=\"async\" class=\"size-full wp-image-17965\" src=\"https:\/\/www.latribunedufaso.net\/wp-content\/uploads\/2025\/01\/IMG-20250103-WA0007.jpg\" alt=\"La premi\u00e8re \u00e9dition du Festival Kaltamash\u00e8q a referm\u00e9 ses portes dans l\u2019apr\u00e8s midi de ce 29 d\u00e9cembre 2024 \u00e0 Ouagadougou\" width=\"2560\" height=\"1927\" srcset=\"https:\/\/www.latribunedufaso.net\/wp-content\/uploads\/2025\/01\/IMG-20250103-WA0007.jpg 2560w, https:\/\/www.latribunedufaso.net\/wp-content\/uploads\/2025\/01\/IMG-20250103-WA0007-300x226.jpg 300w, https:\/\/www.latribunedufaso.net\/wp-content\/uploads\/2025\/01\/IMG-20250103-WA0007-1024x771.jpg 1024w, https:\/\/www.latribunedufaso.net\/wp-content\/uploads\/2025\/01\/IMG-20250103-WA0007-768x578.jpg 768w, https:\/\/www.latribunedufaso.net\/wp-content\/uploads\/2025\/01\/IMG-20250103-WA0007-1536x1156.jpg 1536w, https:\/\/www.latribunedufaso.net\/wp-content\/uploads\/2025\/01\/IMG-20250103-WA0007-2048x1542.jpg 2048w\" sizes=\"auto, (max-width: 2560px) 100vw, 2560px\" \/><\/a><figcaption id=\"caption-attachment-17965\" class=\"wp-caption-text\">Le promoteur du festival, El Hadj Ouffen Ag Tiwara &#8211; Ph. A. Kiendrebeogo<\/figcaption><\/figure>\n<p>Dans sa politique, poursuit-il, le mus\u00e9e fait en sorte que les communaut\u00e9s soient au centre des activit\u00e9s. Nous ouvrons les portes du mus\u00e9e \u00e0 chaque communaut\u00e9 pour exprimer les diff\u00e9rentes phases de sa culture et permettre aux autres communaut\u00e9s de venir d\u00e9couvrir ce qu\u2019elle a de plus ch\u00e8re comme valeur a partager avec les autres.<\/p>\n<p>L\u2019objectif du <a href=\"https:\/\/www.latribunedufaso.net\/?p=13528\">Festival Kaltamash\u00e8q<\/a>, faut-il le rappeler, est de faire conna\u00eetre la communaut\u00e9 Kaltamash\u00e8q et de contribuer \u00e0 la coh\u00e9sion sociale. Dans ce sens, les 72 heures ont \u00e9t\u00e9 marqu\u00e9es par des conf\u00e9rences publiques, des prestations artistiques et des expositions de produits artisanaux. Le Festival a connu la pr\u00e9sence des autorit\u00e9s de ladite communaut\u00e9.<\/p>\n<p><strong>Rosana Astride KIENDREBEOGO\u00a0<\/strong><\/p>\n<p><strong>Latribuneduf<span style=\"font-size: 1.0625rem;\">aso.net<\/span><\/strong><\/p>\n","protected":false},"excerpt":{"rendered":"<p>La premi\u00e8re \u00e9dition du Festival Kaltamash\u00e8q a referm\u00e9 ses portes dans l\u2019apr\u00e8s midi de ce 29 d\u00e9cembre 2024 \u00e0 Ouagadougou. Selon les organisateurs, cette premi\u00e8re \u00e9dition a \u00e9t\u00e9 une satisfaction.<\/p>\n","protected":false},"author":5,"featured_media":17967,"comment_status":"open","ping_status":"open","sticky":false,"template":"","format":"standard","meta":{"footnotes":""},"categories":[13,1,30],"tags":[137,601,39],"class_list":["post-17963","post","type-post","status-publish","format-standard","has-post-thumbnail","hentry","category-une","category-actu","category-art-et-culture","tag-culture","tag-festival-kaltamasheq","tag-latribunedufaso-net"],"yoast_head":"<!-- This site is optimized with the Yoast SEO plugin v27.5 - https:\/\/yoast.com\/product\/yoast-seo-wordpress\/ -->\n<title>Festival de la culture Kaltamash\u00e8q : La premi\u00e8re \u00e9dition referme ses portes sur une note de satisfaction selon les organisateurs\u00a0 - La Tribune du Faso<\/title>\n<meta name=\"robots\" content=\"index, follow, max-snippet:-1, max-image-preview:large, max-video-preview:-1\" \/>\n<link rel=\"canonical\" href=\"https:\/\/www.latribunedufaso.net\/?p=17963\" \/>\n<meta property=\"og:locale\" content=\"fr_FR\" \/>\n<meta property=\"og:type\" content=\"article\" \/>\n<meta property=\"og:title\" content=\"Festival de la culture Kaltamash\u00e8q : La premi\u00e8re \u00e9dition referme ses portes sur une note de satisfaction selon les organisateurs\u00a0 - La Tribune du Faso\" \/>\n<meta property=\"og:description\" content=\"La premi\u00e8re \u00e9dition du Festival Kaltamash\u00e8q a referm\u00e9 ses portes dans l\u2019apr\u00e8s midi de ce 29 d\u00e9cembre 2024 \u00e0 Ouagadougou. Selon les organisateurs, cette premi\u00e8re \u00e9dition a \u00e9t\u00e9 une satisfaction.\" \/>\n<meta property=\"og:url\" content=\"https:\/\/www.latribunedufaso.net\/?p=17963\" \/>\n<meta property=\"og:site_name\" content=\"La Tribune du Faso\" \/>\n<meta property=\"article:publisher\" content=\"https:\/\/www.facebook.com\/LatribuneduFaso\/\" \/>\n<meta property=\"article:published_time\" content=\"2025-01-03T00:31:14+00:00\" \/>\n<meta property=\"og:image\" content=\"https:\/\/www.latribunedufaso.net\/wp-content\/uploads\/2025\/01\/IMG-20250103-WA0003.jpg\" \/>\n\t<meta property=\"og:image:width\" content=\"2560\" \/>\n\t<meta property=\"og:image:height\" content=\"1927\" \/>\n\t<meta property=\"og:image:type\" content=\"image\/jpeg\" \/>\n<meta name=\"author\" content=\"Issouf Tapsoba\" \/>\n<meta name=\"twitter:label1\" content=\"\u00c9crit par\" \/>\n\t<meta name=\"twitter:data1\" content=\"Issouf Tapsoba\" \/>\n\t<meta name=\"twitter:label2\" content=\"Dur\u00e9e de lecture estim\u00e9e\" \/>\n\t<meta name=\"twitter:data2\" content=\"3 minutes\" \/>\n<script type=\"application\/ld+json\" class=\"yoast-schema-graph\">{\"@context\":\"https:\\\/\\\/schema.org\",\"@graph\":[{\"@type\":\"Article\",\"@id\":\"https:\\\/\\\/www.latribunedufaso.net\\\/?p=17963#article\",\"isPartOf\":{\"@id\":\"https:\\\/\\\/www.latribunedufaso.net\\\/?p=17963\"},\"author\":{\"name\":\"Issouf Tapsoba\",\"@id\":\"https:\\\/\\\/www.latribunedufaso.net\\\/#\\\/schema\\\/person\\\/e54e64c5778a7e72cf80a318b7a622b0\"},\"headline\":\"Festival de la culture Kaltamash\u00e8q : La premi\u00e8re \u00e9dition referme ses portes sur une note de satisfaction selon les organisateurs\u00a0\",\"datePublished\":\"2025-01-03T00:31:14+00:00\",\"mainEntityOfPage\":{\"@id\":\"https:\\\/\\\/www.latribunedufaso.net\\\/?p=17963\"},\"wordCount\":587,\"commentCount\":0,\"publisher\":{\"@id\":\"https:\\\/\\\/www.latribunedufaso.net\\\/#organization\"},\"image\":{\"@id\":\"https:\\\/\\\/www.latribunedufaso.net\\\/?p=17963#primaryimage\"},\"thumbnailUrl\":\"https:\\\/\\\/www.latribunedufaso.net\\\/wp-content\\\/uploads\\\/2025\\\/01\\\/IMG-20250103-WA0003.jpg\",\"keywords\":[\"culture\",\"Festival Kaltamash\u00e8q\",\"latribunedufaso.net\"],\"articleSection\":[\"A la une\",\"Actualit\u00e9\",\"Art et Culture\"],\"inLanguage\":\"fr-FR\",\"potentialAction\":[{\"@type\":\"CommentAction\",\"name\":\"Comment\",\"target\":[\"https:\\\/\\\/www.latribunedufaso.net\\\/?p=17963#respond\"]}]},{\"@type\":\"WebPage\",\"@id\":\"https:\\\/\\\/www.latribunedufaso.net\\\/?p=17963\",\"url\":\"https:\\\/\\\/www.latribunedufaso.net\\\/?p=17963\",\"name\":\"Festival de la culture Kaltamash\u00e8q : La premi\u00e8re \u00e9dition referme ses portes sur une note de satisfaction selon les organisateurs\u00a0 - La Tribune du Faso\",\"isPartOf\":{\"@id\":\"https:\\\/\\\/www.latribunedufaso.net\\\/#website\"},\"primaryImageOfPage\":{\"@id\":\"https:\\\/\\\/www.latribunedufaso.net\\\/?p=17963#primaryimage\"},\"image\":{\"@id\":\"https:\\\/\\\/www.latribunedufaso.net\\\/?p=17963#primaryimage\"},\"thumbnailUrl\":\"https:\\\/\\\/www.latribunedufaso.net\\\/wp-content\\\/uploads\\\/2025\\\/01\\\/IMG-20250103-WA0003.jpg\",\"datePublished\":\"2025-01-03T00:31:14+00:00\",\"breadcrumb\":{\"@id\":\"https:\\\/\\\/www.latribunedufaso.net\\\/?p=17963#breadcrumb\"},\"inLanguage\":\"fr-FR\",\"potentialAction\":[{\"@type\":\"ReadAction\",\"target\":[\"https:\\\/\\\/www.latribunedufaso.net\\\/?p=17963\"]}]},{\"@type\":\"ImageObject\",\"inLanguage\":\"fr-FR\",\"@id\":\"https:\\\/\\\/www.latribunedufaso.net\\\/?p=17963#primaryimage\",\"url\":\"https:\\\/\\\/www.latribunedufaso.net\\\/wp-content\\\/uploads\\\/2025\\\/01\\\/IMG-20250103-WA0003.jpg\",\"contentUrl\":\"https:\\\/\\\/www.latribunedufaso.net\\\/wp-content\\\/uploads\\\/2025\\\/01\\\/IMG-20250103-WA0003.jpg\",\"width\":2560,\"height\":1927,\"caption\":\"Des jeunes filles Kaltamash\u00e8q entrain de chanter et danser au rythme des chansons Kaltamash\u00e8q - Ph. A. Kiendrebeogo\"},{\"@type\":\"BreadcrumbList\",\"@id\":\"https:\\\/\\\/www.latribunedufaso.net\\\/?p=17963#breadcrumb\",\"itemListElement\":[{\"@type\":\"ListItem\",\"position\":1,\"name\":\"Accueil\",\"item\":\"https:\\\/\\\/www.latribunedufaso.net\\\/\"},{\"@type\":\"ListItem\",\"position\":2,\"name\":\"Festival de la culture Kaltamash\u00e8q : La premi\u00e8re \u00e9dition referme ses portes sur une note de satisfaction selon les organisateurs\u00a0\"}]},{\"@type\":\"WebSite\",\"@id\":\"https:\\\/\\\/www.latribunedufaso.net\\\/#website\",\"url\":\"https:\\\/\\\/www.latribunedufaso.net\\\/\",\"name\":\"La Tribune du Faso\",\"description\":\"L&#039;information du monde rural en un clic\",\"publisher\":{\"@id\":\"https:\\\/\\\/www.latribunedufaso.net\\\/#organization\"},\"potentialAction\":[{\"@type\":\"SearchAction\",\"target\":{\"@type\":\"EntryPoint\",\"urlTemplate\":\"https:\\\/\\\/www.latribunedufaso.net\\\/?s={search_term_string}\"},\"query-input\":{\"@type\":\"PropertyValueSpecification\",\"valueRequired\":true,\"valueName\":\"search_term_string\"}}],\"inLanguage\":\"fr-FR\"},{\"@type\":\"Organization\",\"@id\":\"https:\\\/\\\/www.latribunedufaso.net\\\/#organization\",\"name\":\"La Tribune du Faso\",\"url\":\"https:\\\/\\\/www.latribunedufaso.net\\\/\",\"logo\":{\"@type\":\"ImageObject\",\"inLanguage\":\"fr-FR\",\"@id\":\"https:\\\/\\\/www.latribunedufaso.net\\\/#\\\/schema\\\/logo\\\/image\\\/\",\"url\":\"https:\\\/\\\/www.latribunedufaso.net\\\/wp-content\\\/uploads\\\/2020\\\/08\\\/Logo-Tribune-du-Faso-final-scaled.jpg\",\"contentUrl\":\"https:\\\/\\\/www.latribunedufaso.net\\\/wp-content\\\/uploads\\\/2020\\\/08\\\/Logo-Tribune-du-Faso-final-scaled.jpg\",\"width\":2560,\"height\":1856,\"caption\":\"La Tribune du Faso\"},\"image\":{\"@id\":\"https:\\\/\\\/www.latribunedufaso.net\\\/#\\\/schema\\\/logo\\\/image\\\/\"},\"sameAs\":[\"https:\\\/\\\/www.facebook.com\\\/LatribuneduFaso\\\/\"]},{\"@type\":\"Person\",\"@id\":\"https:\\\/\\\/www.latribunedufaso.net\\\/#\\\/schema\\\/person\\\/e54e64c5778a7e72cf80a318b7a622b0\",\"name\":\"Issouf Tapsoba\",\"image\":{\"@type\":\"ImageObject\",\"inLanguage\":\"fr-FR\",\"@id\":\"https:\\\/\\\/secure.gravatar.com\\\/avatar\\\/5e6c05150ce3230247d167f5b94d678eb05936197436d69b7921e3a95c9107ac?s=96&d=mm&r=g\",\"url\":\"https:\\\/\\\/secure.gravatar.com\\\/avatar\\\/5e6c05150ce3230247d167f5b94d678eb05936197436d69b7921e3a95c9107ac?s=96&d=mm&r=g\",\"contentUrl\":\"https:\\\/\\\/secure.gravatar.com\\\/avatar\\\/5e6c05150ce3230247d167f5b94d678eb05936197436d69b7921e3a95c9107ac?s=96&d=mm&r=g\",\"caption\":\"Issouf Tapsoba\"},\"url\":\"https:\\\/\\\/www.latribunedufaso.net\\\/?author=5\"}]}<\/script>\n<!-- \/ Yoast SEO plugin. -->","yoast_head_json":{"title":"Festival de la culture Kaltamash\u00e8q : La premi\u00e8re \u00e9dition referme ses portes sur une note de satisfaction selon les organisateurs\u00a0 - La Tribune du Faso","robots":{"index":"index","follow":"follow","max-snippet":"max-snippet:-1","max-image-preview":"max-image-preview:large","max-video-preview":"max-video-preview:-1"},"canonical":"https:\/\/www.latribunedufaso.net\/?p=17963","og_locale":"fr_FR","og_type":"article","og_title":"Festival de la culture Kaltamash\u00e8q : La premi\u00e8re \u00e9dition referme ses portes sur une note de satisfaction selon les organisateurs\u00a0 - La Tribune du Faso","og_description":"La premi\u00e8re \u00e9dition du Festival Kaltamash\u00e8q a referm\u00e9 ses portes dans l\u2019apr\u00e8s midi de ce 29 d\u00e9cembre 2024 \u00e0 Ouagadougou. Selon les organisateurs, cette premi\u00e8re \u00e9dition a \u00e9t\u00e9 une satisfaction.","og_url":"https:\/\/www.latribunedufaso.net\/?p=17963","og_site_name":"La Tribune du Faso","article_publisher":"https:\/\/www.facebook.com\/LatribuneduFaso\/","article_published_time":"2025-01-03T00:31:14+00:00","og_image":[{"width":2560,"height":1927,"url":"https:\/\/www.latribunedufaso.net\/wp-content\/uploads\/2025\/01\/IMG-20250103-WA0003.jpg","type":"image\/jpeg"}],"author":"Issouf Tapsoba","twitter_misc":{"\u00c9crit par":"Issouf Tapsoba","Dur\u00e9e de lecture estim\u00e9e":"3 minutes"},"schema":{"@context":"https:\/\/schema.org","@graph":[{"@type":"Article","@id":"https:\/\/www.latribunedufaso.net\/?p=17963#article","isPartOf":{"@id":"https:\/\/www.latribunedufaso.net\/?p=17963"},"author":{"name":"Issouf Tapsoba","@id":"https:\/\/www.latribunedufaso.net\/#\/schema\/person\/e54e64c5778a7e72cf80a318b7a622b0"},"headline":"Festival de la culture Kaltamash\u00e8q : La premi\u00e8re \u00e9dition referme ses portes sur une note de satisfaction selon les organisateurs\u00a0","datePublished":"2025-01-03T00:31:14+00:00","mainEntityOfPage":{"@id":"https:\/\/www.latribunedufaso.net\/?p=17963"},"wordCount":587,"commentCount":0,"publisher":{"@id":"https:\/\/www.latribunedufaso.net\/#organization"},"image":{"@id":"https:\/\/www.latribunedufaso.net\/?p=17963#primaryimage"},"thumbnailUrl":"https:\/\/www.latribunedufaso.net\/wp-content\/uploads\/2025\/01\/IMG-20250103-WA0003.jpg","keywords":["culture","Festival Kaltamash\u00e8q","latribunedufaso.net"],"articleSection":["A la une","Actualit\u00e9","Art et Culture"],"inLanguage":"fr-FR","potentialAction":[{"@type":"CommentAction","name":"Comment","target":["https:\/\/www.latribunedufaso.net\/?p=17963#respond"]}]},{"@type":"WebPage","@id":"https:\/\/www.latribunedufaso.net\/?p=17963","url":"https:\/\/www.latribunedufaso.net\/?p=17963","name":"Festival de la culture Kaltamash\u00e8q : La premi\u00e8re \u00e9dition referme ses portes sur une note de satisfaction selon les organisateurs\u00a0 - La Tribune du Faso","isPartOf":{"@id":"https:\/\/www.latribunedufaso.net\/#website"},"primaryImageOfPage":{"@id":"https:\/\/www.latribunedufaso.net\/?p=17963#primaryimage"},"image":{"@id":"https:\/\/www.latribunedufaso.net\/?p=17963#primaryimage"},"thumbnailUrl":"https:\/\/www.latribunedufaso.net\/wp-content\/uploads\/2025\/01\/IMG-20250103-WA0003.jpg","datePublished":"2025-01-03T00:31:14+00:00","breadcrumb":{"@id":"https:\/\/www.latribunedufaso.net\/?p=17963#breadcrumb"},"inLanguage":"fr-FR","potentialAction":[{"@type":"ReadAction","target":["https:\/\/www.latribunedufaso.net\/?p=17963"]}]},{"@type":"ImageObject","inLanguage":"fr-FR","@id":"https:\/\/www.latribunedufaso.net\/?p=17963#primaryimage","url":"https:\/\/www.latribunedufaso.net\/wp-content\/uploads\/2025\/01\/IMG-20250103-WA0003.jpg","contentUrl":"https:\/\/www.latribunedufaso.net\/wp-content\/uploads\/2025\/01\/IMG-20250103-WA0003.jpg","width":2560,"height":1927,"caption":"Des jeunes filles Kaltamash\u00e8q entrain de chanter et danser au rythme des chansons Kaltamash\u00e8q - Ph. A. Kiendrebeogo"},{"@type":"BreadcrumbList","@id":"https:\/\/www.latribunedufaso.net\/?p=17963#breadcrumb","itemListElement":[{"@type":"ListItem","position":1,"name":"Accueil","item":"https:\/\/www.latribunedufaso.net\/"},{"@type":"ListItem","position":2,"name":"Festival de la culture Kaltamash\u00e8q : La premi\u00e8re \u00e9dition referme ses portes sur une note de satisfaction selon les organisateurs\u00a0"}]},{"@type":"WebSite","@id":"https:\/\/www.latribunedufaso.net\/#website","url":"https:\/\/www.latribunedufaso.net\/","name":"La Tribune du Faso","description":"L&#039;information du monde rural en un clic","publisher":{"@id":"https:\/\/www.latribunedufaso.net\/#organization"},"potentialAction":[{"@type":"SearchAction","target":{"@type":"EntryPoint","urlTemplate":"https:\/\/www.latribunedufaso.net\/?s={search_term_string}"},"query-input":{"@type":"PropertyValueSpecification","valueRequired":true,"valueName":"search_term_string"}}],"inLanguage":"fr-FR"},{"@type":"Organization","@id":"https:\/\/www.latribunedufaso.net\/#organization","name":"La Tribune du Faso","url":"https:\/\/www.latribunedufaso.net\/","logo":{"@type":"ImageObject","inLanguage":"fr-FR","@id":"https:\/\/www.latribunedufaso.net\/#\/schema\/logo\/image\/","url":"https:\/\/www.latribunedufaso.net\/wp-content\/uploads\/2020\/08\/Logo-Tribune-du-Faso-final-scaled.jpg","contentUrl":"https:\/\/www.latribunedufaso.net\/wp-content\/uploads\/2020\/08\/Logo-Tribune-du-Faso-final-scaled.jpg","width":2560,"height":1856,"caption":"La Tribune du Faso"},"image":{"@id":"https:\/\/www.latribunedufaso.net\/#\/schema\/logo\/image\/"},"sameAs":["https:\/\/www.facebook.com\/LatribuneduFaso\/"]},{"@type":"Person","@id":"https:\/\/www.latribunedufaso.net\/#\/schema\/person\/e54e64c5778a7e72cf80a318b7a622b0","name":"Issouf Tapsoba","image":{"@type":"ImageObject","inLanguage":"fr-FR","@id":"https:\/\/secure.gravatar.com\/avatar\/5e6c05150ce3230247d167f5b94d678eb05936197436d69b7921e3a95c9107ac?s=96&d=mm&r=g","url":"https:\/\/secure.gravatar.com\/avatar\/5e6c05150ce3230247d167f5b94d678eb05936197436d69b7921e3a95c9107ac?s=96&d=mm&r=g","contentUrl":"https:\/\/secure.gravatar.com\/avatar\/5e6c05150ce3230247d167f5b94d678eb05936197436d69b7921e3a95c9107ac?s=96&d=mm&r=g","caption":"Issouf Tapsoba"},"url":"https:\/\/www.latribunedufaso.net\/?author=5"}]}},"_links":{"self":[{"href":"https:\/\/www.latribunedufaso.net\/index.php?rest_route=\/wp\/v2\/posts\/17963","targetHints":{"allow":["GET"]}}],"collection":[{"href":"https:\/\/www.latribunedufaso.net\/index.php?rest_route=\/wp\/v2\/posts"}],"about":[{"href":"https:\/\/www.latribunedufaso.net\/index.php?rest_route=\/wp\/v2\/types\/post"}],"author":[{"embeddable":true,"href":"https:\/\/www.latribunedufaso.net\/index.php?rest_route=\/wp\/v2\/users\/5"}],"replies":[{"embeddable":true,"href":"https:\/\/www.latribunedufaso.net\/index.php?rest_route=%2Fwp%2Fv2%2Fcomments&post=17963"}],"version-history":[{"count":1,"href":"https:\/\/www.latribunedufaso.net\/index.php?rest_route=\/wp\/v2\/posts\/17963\/revisions"}],"predecessor-version":[{"id":17968,"href":"https:\/\/www.latribunedufaso.net\/index.php?rest_route=\/wp\/v2\/posts\/17963\/revisions\/17968"}],"wp:featuredmedia":[{"embeddable":true,"href":"https:\/\/www.latribunedufaso.net\/index.php?rest_route=\/wp\/v2\/media\/17967"}],"wp:attachment":[{"href":"https:\/\/www.latribunedufaso.net\/index.php?rest_route=%2Fwp%2Fv2%2Fmedia&parent=17963"}],"wp:term":[{"taxonomy":"category","embeddable":true,"href":"https:\/\/www.latribunedufaso.net\/index.php?rest_route=%2Fwp%2Fv2%2Fcategories&post=17963"},{"taxonomy":"post_tag","embeddable":true,"href":"https:\/\/www.latribunedufaso.net\/index.php?rest_route=%2Fwp%2Fv2%2Ftags&post=17963"}],"curies":[{"name":"wp","href":"https:\/\/api.w.org\/{rel}","templated":true}]}}