{"id":17938,"date":"2025-01-01T10:17:37","date_gmt":"2025-01-01T10:17:37","guid":{"rendered":"https:\/\/www.latribunedufaso.net\/?p=17938"},"modified":"2025-01-02T12:00:44","modified_gmt":"2025-01-02T12:00:44","slug":"contenus-des-reseaux-sociaux-leducation-aux-medias-pour-contrer-les-discours-nocifs","status":"publish","type":"post","link":"https:\/\/www.latribunedufaso.net\/?p=17938","title":{"rendered":"Contenus des r\u00e9seaux sociaux : L\u2019\u00e9ducation aux m\u00e9dias pour contrer les discours nocifs"},"content":{"rendered":"<p><strong style=\"font-size: 1.0625rem;\">L\u2019Association des blogueurs du Burkina (ABB) a produit un rapport d\u2019observation des contenus des r\u00e9seaux sociaux. Apr\u00e8s validation dudit rapport par les acteurs du num\u00e9rique, elle a anim\u00e9, le 30 d\u00e9cembre 2024 \u00e0 Ouagadougou, une conf\u00e9rence de presse pour pr\u00e9senter son contenu.<\/strong><\/p>\n<p><!--more--><\/p>\n<p>L&rsquo;ABB a produit ce rapport, <span style=\"font-size: 1.0625rem;\">en collaboration avec 5 autres structures. Il s&rsquo;agit de l&rsquo;Observatoire national des faits religieux (ONAFAR), de la Brigade centrale de lutte contre la cybercriminalit\u00e9 (BCLCC), de FasoCheck, de EducommuniK et du Centre d&rsquo;information et de formation en mati\u00e8re de Droits <\/span><span style=\"font-size: 1.0625rem;\">Humains en Afrique (CIFDHA).<\/span><\/p>\n<p>Pour le PCA de l\u2019Association des blogueurs du Burkina (ABB), Koundjoro Gabriel Kambou, les r\u00e9seaux sociaux permettent aujourd\u2019hui \u00e0 chaque individu de devenir un acteur m\u00e9diatique et soci\u00e9tal. Cependant, cette influence s\u2019accompagne de risques importants, notamment la propagation de discours de haine, de la d\u00e9sinformation et l\u2019effritement de la coh\u00e9sion sociale.<\/p>\n<p>C\u2019est en vue de rem\u00e9dier \u00e0 cette situation, que l\u2019ABB, dans le cadre de son projet <em><strong>\u00ab Promotion de la d\u00e9mocratie participative et inclusive par les TIC au Burkina Faso \u00bb,<\/strong><\/em> a d\u00e9cid\u00e9 de produire un rapport commun d\u2019observation devant permettre de f\u00e9d\u00e9rer, de promouvoir et de capitaliser les r\u00e9sultats des diff\u00e9rents m\u00e9canismes de monitoring.<\/p>\n<figure id=\"attachment_17939\" aria-describedby=\"caption-attachment-17939\" style=\"width: 1280px\" class=\"wp-caption aligncenter\"><a href=\"https:\/\/www.latribunedufaso.net\/wp-content\/uploads\/2025\/01\/IMG-20250102-WA0017.jpg\"><img loading=\"lazy\" decoding=\"async\" class=\"size-full wp-image-17939\" src=\"https:\/\/www.latribunedufaso.net\/wp-content\/uploads\/2025\/01\/IMG-20250102-WA0017.jpg\" alt=\"La conf\u00e9rence de presse de l'ABB pour pr\u00e9senter le contenu du rapport d\u2019observation des contenus des r\u00e9seaux sociaux , 30 d\u00e9cembre 2024\" width=\"1280\" height=\"960\" srcset=\"https:\/\/www.latribunedufaso.net\/wp-content\/uploads\/2025\/01\/IMG-20250102-WA0017.jpg 1280w, https:\/\/www.latribunedufaso.net\/wp-content\/uploads\/2025\/01\/IMG-20250102-WA0017-300x225.jpg 300w, https:\/\/www.latribunedufaso.net\/wp-content\/uploads\/2025\/01\/IMG-20250102-WA0017-1024x768.jpg 1024w, https:\/\/www.latribunedufaso.net\/wp-content\/uploads\/2025\/01\/IMG-20250102-WA0017-768x576.jpg 768w\" sizes=\"auto, (max-width: 1280px) 100vw, 1280px\" \/><\/a><figcaption id=\"caption-attachment-17939\" class=\"wp-caption-text\">Le PCA de l&rsquo;ABB, Koundjoro Gabriel Kambou (au milieu) &#8211; Ph. I. Tougma<\/figcaption><\/figure>\n<p>Ce rapport a pour objectif principal d\u2019harmoniser les efforts de monitoring en vue d\u2019apporter des r\u00e9ponses aussi bien strat\u00e9giques qu\u2019op\u00e9rationnelles.\u00a0<\/p>\n<p>En termes de contenus et enseignements cl\u00e9s du rapport, il ressort, en premier lieu, que les r\u00e9seaux sociaux amplifient certaines crises en diffusant des discours de haine, des incitations \u00e0 la violence et des fausses informations, alors que les m\u00e9dias traditionnels, mieux encadr\u00e9s, jouent un r\u00f4le stabilisateur.\u00a0<\/p>\n<p>Il ressort aussi du rapport que les principales cibles des discours nocifs incluent les groupes ethniques, religieux, politiques, les femmes et les populations vuln\u00e9rables.\u00a0<\/p>\n<blockquote>\n<p>Lire aussi &gt;&gt; <a href=\"https:\/\/www.latribunedufaso.net\/?p=15260\">R\u00e9seaux sociaux et traitement de l\u2019information : Une centaine de journalistes catholiques en partage d\u2019exp\u00e9riences au Burkina Faso\u00a0<\/a><\/p>\n<\/blockquote>\n<p>Le rapport note \u00e9galement que des solutions strat\u00e9giques, p\u00e9dagogiques et collaboratives sont n\u00e9cessaires pour r\u00e9pondre \u00e0 ces d\u00e9fis, notamment en \u00e9ducation aux m\u00e9dias et en promotion de contre-discours positifs.<\/p>\n<p>A \u00e9couter le PCA, ce rapport commun repr\u00e9sente un outil strat\u00e9gique pour renforcer les efforts de monitoring et promouvoir un usage responsable des r\u00e9seaux sociaux. Il se veut un t\u00e9moignage de l\u2019engagement des organisations partenaires et des acteurs institutionnels \u00e0 pr\u00e9server la coh\u00e9sion sociale et \u00e0 promouvoir une gouvernance transparente et inclusive.<\/p>\n<p>Il a, par ailleurs, appel\u00e9 \u00e0 une mobilisation collective pour valoriser les r\u00e9sultats de ce rapport et \u00e0 encourager des actions concr\u00e8tes pour r\u00e9guler les contenus en ligne tout en pr\u00e9servant la libert\u00e9 d\u2019expression.<\/p>\n<p>In\u00e8s TOUGMA\u00a0<\/p>\n<p>Latri<span style=\"font-size: 1.0625rem;\">bunedufaso.net<\/span><\/p>\n","protected":false},"excerpt":{"rendered":"<p>L\u2019Association des blogueurs du Burkina (ABB) a produit un rapport d\u2019observation des contenus des r\u00e9seaux sociaux. Apr\u00e8s validation dudit rapport par les acteurs du num\u00e9rique, elle a anim\u00e9, le 30 d\u00e9cembre 2024 \u00e0 Ouagadougou, une conf\u00e9rence de presse pour pr\u00e9senter son contenu.<\/p>\n","protected":false},"author":5,"featured_media":17939,"comment_status":"open","ping_status":"open","sticky":false,"template":"","format":"standard","meta":{"footnotes":""},"categories":[13,1,8],"tags":[39,65],"class_list":["post-17938","post","type-post","status-publish","format-standard","has-post-thumbnail","hentry","category-une","category-actu","category-societe","tag-latribunedufaso-net","tag-reseaux-sociaux"],"yoast_head":"<!-- This site is optimized with the Yoast SEO plugin v27.5 - https:\/\/yoast.com\/product\/yoast-seo-wordpress\/ -->\n<title>Contenus des r\u00e9seaux sociaux : L\u2019\u00e9ducation aux m\u00e9dias pour contrer les discours nocifs - La Tribune du Faso<\/title>\n<meta name=\"robots\" content=\"index, follow, max-snippet:-1, max-image-preview:large, max-video-preview:-1\" \/>\n<link rel=\"canonical\" href=\"https:\/\/www.latribunedufaso.net\/?p=17938\" \/>\n<meta property=\"og:locale\" content=\"fr_FR\" \/>\n<meta property=\"og:type\" content=\"article\" \/>\n<meta property=\"og:title\" content=\"Contenus des r\u00e9seaux sociaux : L\u2019\u00e9ducation aux m\u00e9dias pour contrer les discours nocifs - La Tribune du Faso\" \/>\n<meta property=\"og:description\" content=\"L\u2019Association des blogueurs du Burkina (ABB) a produit un rapport d\u2019observation des contenus des r\u00e9seaux sociaux. Apr\u00e8s validation dudit rapport par les acteurs du num\u00e9rique, elle a anim\u00e9, le 30 d\u00e9cembre 2024 \u00e0 Ouagadougou, une conf\u00e9rence de presse pour pr\u00e9senter son contenu.\" \/>\n<meta property=\"og:url\" content=\"https:\/\/www.latribunedufaso.net\/?p=17938\" \/>\n<meta property=\"og:site_name\" content=\"La Tribune du Faso\" \/>\n<meta property=\"article:publisher\" content=\"https:\/\/www.facebook.com\/LatribuneduFaso\/\" \/>\n<meta property=\"article:published_time\" content=\"2025-01-01T10:17:37+00:00\" \/>\n<meta property=\"article:modified_time\" content=\"2025-01-02T12:00:44+00:00\" \/>\n<meta property=\"og:image\" content=\"https:\/\/www.latribunedufaso.net\/wp-content\/uploads\/2025\/01\/IMG-20250102-WA0017.jpg\" \/>\n\t<meta property=\"og:image:width\" content=\"1280\" \/>\n\t<meta property=\"og:image:height\" content=\"960\" \/>\n\t<meta property=\"og:image:type\" content=\"image\/jpeg\" \/>\n<meta name=\"author\" content=\"Issouf Tapsoba\" \/>\n<meta name=\"twitter:label1\" content=\"\u00c9crit par\" \/>\n\t<meta name=\"twitter:data1\" content=\"Issouf Tapsoba\" \/>\n\t<meta name=\"twitter:label2\" content=\"Dur\u00e9e de lecture estim\u00e9e\" \/>\n\t<meta name=\"twitter:data2\" content=\"2 minutes\" \/>\n<script type=\"application\/ld+json\" class=\"yoast-schema-graph\">{\"@context\":\"https:\\\/\\\/schema.org\",\"@graph\":[{\"@type\":\"Article\",\"@id\":\"https:\\\/\\\/www.latribunedufaso.net\\\/?p=17938#article\",\"isPartOf\":{\"@id\":\"https:\\\/\\\/www.latribunedufaso.net\\\/?p=17938\"},\"author\":{\"name\":\"Issouf Tapsoba\",\"@id\":\"https:\\\/\\\/www.latribunedufaso.net\\\/#\\\/schema\\\/person\\\/e54e64c5778a7e72cf80a318b7a622b0\"},\"headline\":\"Contenus des r\u00e9seaux sociaux : L\u2019\u00e9ducation aux m\u00e9dias pour contrer les discours nocifs\",\"datePublished\":\"2025-01-01T10:17:37+00:00\",\"dateModified\":\"2025-01-02T12:00:44+00:00\",\"mainEntityOfPage\":{\"@id\":\"https:\\\/\\\/www.latribunedufaso.net\\\/?p=17938\"},\"wordCount\":518,\"commentCount\":0,\"publisher\":{\"@id\":\"https:\\\/\\\/www.latribunedufaso.net\\\/#organization\"},\"image\":{\"@id\":\"https:\\\/\\\/www.latribunedufaso.net\\\/?p=17938#primaryimage\"},\"thumbnailUrl\":\"https:\\\/\\\/www.latribunedufaso.net\\\/wp-content\\\/uploads\\\/2025\\\/01\\\/IMG-20250102-WA0017.jpg\",\"keywords\":[\"latribunedufaso.net\",\"R\u00e9seaux sociaux\"],\"articleSection\":[\"A la une\",\"Actualit\u00e9\",\"Soci\u00e9t\u00e9\"],\"inLanguage\":\"fr-FR\",\"potentialAction\":[{\"@type\":\"CommentAction\",\"name\":\"Comment\",\"target\":[\"https:\\\/\\\/www.latribunedufaso.net\\\/?p=17938#respond\"]}]},{\"@type\":\"WebPage\",\"@id\":\"https:\\\/\\\/www.latribunedufaso.net\\\/?p=17938\",\"url\":\"https:\\\/\\\/www.latribunedufaso.net\\\/?p=17938\",\"name\":\"Contenus des r\u00e9seaux sociaux : L\u2019\u00e9ducation aux m\u00e9dias pour contrer les discours nocifs - La Tribune du Faso\",\"isPartOf\":{\"@id\":\"https:\\\/\\\/www.latribunedufaso.net\\\/#website\"},\"primaryImageOfPage\":{\"@id\":\"https:\\\/\\\/www.latribunedufaso.net\\\/?p=17938#primaryimage\"},\"image\":{\"@id\":\"https:\\\/\\\/www.latribunedufaso.net\\\/?p=17938#primaryimage\"},\"thumbnailUrl\":\"https:\\\/\\\/www.latribunedufaso.net\\\/wp-content\\\/uploads\\\/2025\\\/01\\\/IMG-20250102-WA0017.jpg\",\"datePublished\":\"2025-01-01T10:17:37+00:00\",\"dateModified\":\"2025-01-02T12:00:44+00:00\",\"breadcrumb\":{\"@id\":\"https:\\\/\\\/www.latribunedufaso.net\\\/?p=17938#breadcrumb\"},\"inLanguage\":\"fr-FR\",\"potentialAction\":[{\"@type\":\"ReadAction\",\"target\":[\"https:\\\/\\\/www.latribunedufaso.net\\\/?p=17938\"]}]},{\"@type\":\"ImageObject\",\"inLanguage\":\"fr-FR\",\"@id\":\"https:\\\/\\\/www.latribunedufaso.net\\\/?p=17938#primaryimage\",\"url\":\"https:\\\/\\\/www.latribunedufaso.net\\\/wp-content\\\/uploads\\\/2025\\\/01\\\/IMG-20250102-WA0017.jpg\",\"contentUrl\":\"https:\\\/\\\/www.latribunedufaso.net\\\/wp-content\\\/uploads\\\/2025\\\/01\\\/IMG-20250102-WA0017.jpg\",\"width\":1280,\"height\":960,\"caption\":\"Le PCA de l'ABB, Koundjoro Gabriel Kambou (au milieu) - Ph. I. Tougma\"},{\"@type\":\"BreadcrumbList\",\"@id\":\"https:\\\/\\\/www.latribunedufaso.net\\\/?p=17938#breadcrumb\",\"itemListElement\":[{\"@type\":\"ListItem\",\"position\":1,\"name\":\"Accueil\",\"item\":\"https:\\\/\\\/www.latribunedufaso.net\\\/\"},{\"@type\":\"ListItem\",\"position\":2,\"name\":\"Contenus des r\u00e9seaux sociaux : L\u2019\u00e9ducation aux m\u00e9dias pour contrer les discours nocifs\"}]},{\"@type\":\"WebSite\",\"@id\":\"https:\\\/\\\/www.latribunedufaso.net\\\/#website\",\"url\":\"https:\\\/\\\/www.latribunedufaso.net\\\/\",\"name\":\"La Tribune du Faso\",\"description\":\"L&#039;information du monde rural en un clic\",\"publisher\":{\"@id\":\"https:\\\/\\\/www.latribunedufaso.net\\\/#organization\"},\"potentialAction\":[{\"@type\":\"SearchAction\",\"target\":{\"@type\":\"EntryPoint\",\"urlTemplate\":\"https:\\\/\\\/www.latribunedufaso.net\\\/?s={search_term_string}\"},\"query-input\":{\"@type\":\"PropertyValueSpecification\",\"valueRequired\":true,\"valueName\":\"search_term_string\"}}],\"inLanguage\":\"fr-FR\"},{\"@type\":\"Organization\",\"@id\":\"https:\\\/\\\/www.latribunedufaso.net\\\/#organization\",\"name\":\"La Tribune du Faso\",\"url\":\"https:\\\/\\\/www.latribunedufaso.net\\\/\",\"logo\":{\"@type\":\"ImageObject\",\"inLanguage\":\"fr-FR\",\"@id\":\"https:\\\/\\\/www.latribunedufaso.net\\\/#\\\/schema\\\/logo\\\/image\\\/\",\"url\":\"https:\\\/\\\/www.latribunedufaso.net\\\/wp-content\\\/uploads\\\/2020\\\/08\\\/Logo-Tribune-du-Faso-final-scaled.jpg\",\"contentUrl\":\"https:\\\/\\\/www.latribunedufaso.net\\\/wp-content\\\/uploads\\\/2020\\\/08\\\/Logo-Tribune-du-Faso-final-scaled.jpg\",\"width\":2560,\"height\":1856,\"caption\":\"La Tribune du Faso\"},\"image\":{\"@id\":\"https:\\\/\\\/www.latribunedufaso.net\\\/#\\\/schema\\\/logo\\\/image\\\/\"},\"sameAs\":[\"https:\\\/\\\/www.facebook.com\\\/LatribuneduFaso\\\/\"]},{\"@type\":\"Person\",\"@id\":\"https:\\\/\\\/www.latribunedufaso.net\\\/#\\\/schema\\\/person\\\/e54e64c5778a7e72cf80a318b7a622b0\",\"name\":\"Issouf Tapsoba\",\"image\":{\"@type\":\"ImageObject\",\"inLanguage\":\"fr-FR\",\"@id\":\"https:\\\/\\\/secure.gravatar.com\\\/avatar\\\/5e6c05150ce3230247d167f5b94d678eb05936197436d69b7921e3a95c9107ac?s=96&d=mm&r=g\",\"url\":\"https:\\\/\\\/secure.gravatar.com\\\/avatar\\\/5e6c05150ce3230247d167f5b94d678eb05936197436d69b7921e3a95c9107ac?s=96&d=mm&r=g\",\"contentUrl\":\"https:\\\/\\\/secure.gravatar.com\\\/avatar\\\/5e6c05150ce3230247d167f5b94d678eb05936197436d69b7921e3a95c9107ac?s=96&d=mm&r=g\",\"caption\":\"Issouf Tapsoba\"},\"url\":\"https:\\\/\\\/www.latribunedufaso.net\\\/?author=5\"}]}<\/script>\n<!-- \/ Yoast SEO plugin. -->","yoast_head_json":{"title":"Contenus des r\u00e9seaux sociaux : L\u2019\u00e9ducation aux m\u00e9dias pour contrer les discours nocifs - La Tribune du Faso","robots":{"index":"index","follow":"follow","max-snippet":"max-snippet:-1","max-image-preview":"max-image-preview:large","max-video-preview":"max-video-preview:-1"},"canonical":"https:\/\/www.latribunedufaso.net\/?p=17938","og_locale":"fr_FR","og_type":"article","og_title":"Contenus des r\u00e9seaux sociaux : L\u2019\u00e9ducation aux m\u00e9dias pour contrer les discours nocifs - La Tribune du Faso","og_description":"L\u2019Association des blogueurs du Burkina (ABB) a produit un rapport d\u2019observation des contenus des r\u00e9seaux sociaux. Apr\u00e8s validation dudit rapport par les acteurs du num\u00e9rique, elle a anim\u00e9, le 30 d\u00e9cembre 2024 \u00e0 Ouagadougou, une conf\u00e9rence de presse pour pr\u00e9senter son contenu.","og_url":"https:\/\/www.latribunedufaso.net\/?p=17938","og_site_name":"La Tribune du Faso","article_publisher":"https:\/\/www.facebook.com\/LatribuneduFaso\/","article_published_time":"2025-01-01T10:17:37+00:00","article_modified_time":"2025-01-02T12:00:44+00:00","og_image":[{"width":1280,"height":960,"url":"https:\/\/www.latribunedufaso.net\/wp-content\/uploads\/2025\/01\/IMG-20250102-WA0017.jpg","type":"image\/jpeg"}],"author":"Issouf Tapsoba","twitter_misc":{"\u00c9crit par":"Issouf Tapsoba","Dur\u00e9e de lecture estim\u00e9e":"2 minutes"},"schema":{"@context":"https:\/\/schema.org","@graph":[{"@type":"Article","@id":"https:\/\/www.latribunedufaso.net\/?p=17938#article","isPartOf":{"@id":"https:\/\/www.latribunedufaso.net\/?p=17938"},"author":{"name":"Issouf Tapsoba","@id":"https:\/\/www.latribunedufaso.net\/#\/schema\/person\/e54e64c5778a7e72cf80a318b7a622b0"},"headline":"Contenus des r\u00e9seaux sociaux : L\u2019\u00e9ducation aux m\u00e9dias pour contrer les discours nocifs","datePublished":"2025-01-01T10:17:37+00:00","dateModified":"2025-01-02T12:00:44+00:00","mainEntityOfPage":{"@id":"https:\/\/www.latribunedufaso.net\/?p=17938"},"wordCount":518,"commentCount":0,"publisher":{"@id":"https:\/\/www.latribunedufaso.net\/#organization"},"image":{"@id":"https:\/\/www.latribunedufaso.net\/?p=17938#primaryimage"},"thumbnailUrl":"https:\/\/www.latribunedufaso.net\/wp-content\/uploads\/2025\/01\/IMG-20250102-WA0017.jpg","keywords":["latribunedufaso.net","R\u00e9seaux sociaux"],"articleSection":["A la une","Actualit\u00e9","Soci\u00e9t\u00e9"],"inLanguage":"fr-FR","potentialAction":[{"@type":"CommentAction","name":"Comment","target":["https:\/\/www.latribunedufaso.net\/?p=17938#respond"]}]},{"@type":"WebPage","@id":"https:\/\/www.latribunedufaso.net\/?p=17938","url":"https:\/\/www.latribunedufaso.net\/?p=17938","name":"Contenus des r\u00e9seaux sociaux : L\u2019\u00e9ducation aux m\u00e9dias pour contrer les discours nocifs - La Tribune du Faso","isPartOf":{"@id":"https:\/\/www.latribunedufaso.net\/#website"},"primaryImageOfPage":{"@id":"https:\/\/www.latribunedufaso.net\/?p=17938#primaryimage"},"image":{"@id":"https:\/\/www.latribunedufaso.net\/?p=17938#primaryimage"},"thumbnailUrl":"https:\/\/www.latribunedufaso.net\/wp-content\/uploads\/2025\/01\/IMG-20250102-WA0017.jpg","datePublished":"2025-01-01T10:17:37+00:00","dateModified":"2025-01-02T12:00:44+00:00","breadcrumb":{"@id":"https:\/\/www.latribunedufaso.net\/?p=17938#breadcrumb"},"inLanguage":"fr-FR","potentialAction":[{"@type":"ReadAction","target":["https:\/\/www.latribunedufaso.net\/?p=17938"]}]},{"@type":"ImageObject","inLanguage":"fr-FR","@id":"https:\/\/www.latribunedufaso.net\/?p=17938#primaryimage","url":"https:\/\/www.latribunedufaso.net\/wp-content\/uploads\/2025\/01\/IMG-20250102-WA0017.jpg","contentUrl":"https:\/\/www.latribunedufaso.net\/wp-content\/uploads\/2025\/01\/IMG-20250102-WA0017.jpg","width":1280,"height":960,"caption":"Le PCA de l'ABB, Koundjoro Gabriel Kambou (au milieu) - Ph. I. Tougma"},{"@type":"BreadcrumbList","@id":"https:\/\/www.latribunedufaso.net\/?p=17938#breadcrumb","itemListElement":[{"@type":"ListItem","position":1,"name":"Accueil","item":"https:\/\/www.latribunedufaso.net\/"},{"@type":"ListItem","position":2,"name":"Contenus des r\u00e9seaux sociaux : L\u2019\u00e9ducation aux m\u00e9dias pour contrer les discours nocifs"}]},{"@type":"WebSite","@id":"https:\/\/www.latribunedufaso.net\/#website","url":"https:\/\/www.latribunedufaso.net\/","name":"La Tribune du Faso","description":"L&#039;information du monde rural en un clic","publisher":{"@id":"https:\/\/www.latribunedufaso.net\/#organization"},"potentialAction":[{"@type":"SearchAction","target":{"@type":"EntryPoint","urlTemplate":"https:\/\/www.latribunedufaso.net\/?s={search_term_string}"},"query-input":{"@type":"PropertyValueSpecification","valueRequired":true,"valueName":"search_term_string"}}],"inLanguage":"fr-FR"},{"@type":"Organization","@id":"https:\/\/www.latribunedufaso.net\/#organization","name":"La Tribune du Faso","url":"https:\/\/www.latribunedufaso.net\/","logo":{"@type":"ImageObject","inLanguage":"fr-FR","@id":"https:\/\/www.latribunedufaso.net\/#\/schema\/logo\/image\/","url":"https:\/\/www.latribunedufaso.net\/wp-content\/uploads\/2020\/08\/Logo-Tribune-du-Faso-final-scaled.jpg","contentUrl":"https:\/\/www.latribunedufaso.net\/wp-content\/uploads\/2020\/08\/Logo-Tribune-du-Faso-final-scaled.jpg","width":2560,"height":1856,"caption":"La Tribune du Faso"},"image":{"@id":"https:\/\/www.latribunedufaso.net\/#\/schema\/logo\/image\/"},"sameAs":["https:\/\/www.facebook.com\/LatribuneduFaso\/"]},{"@type":"Person","@id":"https:\/\/www.latribunedufaso.net\/#\/schema\/person\/e54e64c5778a7e72cf80a318b7a622b0","name":"Issouf Tapsoba","image":{"@type":"ImageObject","inLanguage":"fr-FR","@id":"https:\/\/secure.gravatar.com\/avatar\/5e6c05150ce3230247d167f5b94d678eb05936197436d69b7921e3a95c9107ac?s=96&d=mm&r=g","url":"https:\/\/secure.gravatar.com\/avatar\/5e6c05150ce3230247d167f5b94d678eb05936197436d69b7921e3a95c9107ac?s=96&d=mm&r=g","contentUrl":"https:\/\/secure.gravatar.com\/avatar\/5e6c05150ce3230247d167f5b94d678eb05936197436d69b7921e3a95c9107ac?s=96&d=mm&r=g","caption":"Issouf Tapsoba"},"url":"https:\/\/www.latribunedufaso.net\/?author=5"}]}},"_links":{"self":[{"href":"https:\/\/www.latribunedufaso.net\/index.php?rest_route=\/wp\/v2\/posts\/17938","targetHints":{"allow":["GET"]}}],"collection":[{"href":"https:\/\/www.latribunedufaso.net\/index.php?rest_route=\/wp\/v2\/posts"}],"about":[{"href":"https:\/\/www.latribunedufaso.net\/index.php?rest_route=\/wp\/v2\/types\/post"}],"author":[{"embeddable":true,"href":"https:\/\/www.latribunedufaso.net\/index.php?rest_route=\/wp\/v2\/users\/5"}],"replies":[{"embeddable":true,"href":"https:\/\/www.latribunedufaso.net\/index.php?rest_route=%2Fwp%2Fv2%2Fcomments&post=17938"}],"version-history":[{"count":1,"href":"https:\/\/www.latribunedufaso.net\/index.php?rest_route=\/wp\/v2\/posts\/17938\/revisions"}],"predecessor-version":[{"id":17940,"href":"https:\/\/www.latribunedufaso.net\/index.php?rest_route=\/wp\/v2\/posts\/17938\/revisions\/17940"}],"wp:featuredmedia":[{"embeddable":true,"href":"https:\/\/www.latribunedufaso.net\/index.php?rest_route=\/wp\/v2\/media\/17939"}],"wp:attachment":[{"href":"https:\/\/www.latribunedufaso.net\/index.php?rest_route=%2Fwp%2Fv2%2Fmedia&parent=17938"}],"wp:term":[{"taxonomy":"category","embeddable":true,"href":"https:\/\/www.latribunedufaso.net\/index.php?rest_route=%2Fwp%2Fv2%2Fcategories&post=17938"},{"taxonomy":"post_tag","embeddable":true,"href":"https:\/\/www.latribunedufaso.net\/index.php?rest_route=%2Fwp%2Fv2%2Ftags&post=17938"}],"curies":[{"name":"wp","href":"https:\/\/api.w.org\/{rel}","templated":true}]}}