{"id":17896,"date":"2024-12-30T10:28:45","date_gmt":"2024-12-30T10:28:45","guid":{"rendered":"https:\/\/www.latribunedufaso.net\/?p=17896"},"modified":"2025-01-06T19:48:34","modified_gmt":"2025-01-06T19:48:34","slug":"noel-2024-la-communaute-santegidio-festoie-avec-les-personnes-agees-du-centre-delwende-de-sakoula","status":"publish","type":"post","link":"https:\/\/www.latribunedufaso.net\/?p=17896","title":{"rendered":"No\u00ebl 2024 : La Communaut\u00e9 Sant\u2019Egidio festoie avec les personnes \u00e2g\u00e9es du Centre Delwend\u00e9 de Sakoula\u00a0"},"content":{"rendered":"<p><strong><span style=\"font-size: 1.0625rem;\">La Communaut\u00e9 Sant\u2019Egidio a partag\u00e9 un repas communautaire avec les personnes \u00e2g\u00e9es du Centre Delwend\u00e9 de Sakoula \u00e0 Ouagadougou, dans l\u2019apr\u00e8s-midi de ce 29 d\u00e9cembre 2024.<\/span><\/strong><!--more--><\/p>\n<p>Dans le cadre de son initiative d\u00e9nomm\u00e9e <em><strong>\u00ab No\u00ebl pour tous \u00bb<\/strong><\/em>, la Communaut\u00e9 Sant\u2019Egidio a partag\u00e9 un repas communautaire avec les personnes \u00e2g\u00e9es du Centre Delwend\u00e9 de Sakoula \u00e0 Ouagadougou, dans l\u2019apr\u00e8s midi du 29 d\u00e9cembre 2024.\u00a0<\/p>\n<figure id=\"attachment_17899\" aria-describedby=\"caption-attachment-17899\" style=\"width: 1079px\" class=\"wp-caption aligncenter\"><a href=\"https:\/\/www.latribunedufaso.net\/wp-content\/uploads\/2024\/12\/IMG-20241230-WA0012.jpg\"><img loading=\"lazy\" decoding=\"async\" class=\"size-full wp-image-17899\" src=\"https:\/\/www.latribunedufaso.net\/wp-content\/uploads\/2024\/12\/IMG-20241230-WA0012.jpg\" alt=\"Organisation d'un repas communautaire au profit des personnes \u00e2g\u00e9es du Centre Delwend\u00e9 de Sakoula par la Communaut\u00e9 Sant'Egidio, 29 d\u00e9cembre 2024\" width=\"1079\" height=\"628\" srcset=\"https:\/\/www.latribunedufaso.net\/wp-content\/uploads\/2024\/12\/IMG-20241230-WA0012.jpg 1079w, https:\/\/www.latribunedufaso.net\/wp-content\/uploads\/2024\/12\/IMG-20241230-WA0012-300x175.jpg 300w, https:\/\/www.latribunedufaso.net\/wp-content\/uploads\/2024\/12\/IMG-20241230-WA0012-1024x596.jpg 1024w, https:\/\/www.latribunedufaso.net\/wp-content\/uploads\/2024\/12\/IMG-20241230-WA0012-768x447.jpg 768w\" sizes=\"auto, (max-width: 1079px) 100vw, 1079px\" \/><\/a><figcaption id=\"caption-attachment-17899\" class=\"wp-caption-text\">Cela fait une quinzaine d\u2019ann\u00e9es que la communaut\u00e9 Sant\u2019Egidio partage des repas de No\u00ebl avec les pensionnaires du Centre Delwend\u00e9 de Sakoula, selon la responsable de la Communaut\u00e9 au Burkina Faso, Solange Guigma &#8211; Ph. A. Kiendrebeogo<\/figcaption><\/figure>\n<p>Cette activit\u00e9 se tient le dimanche suivant No\u00ebl o\u00f9 l\u2019Eglise Catholique c\u00e9l\u00e8bre la f\u00eate de la Sainte Famille. En choisissant cette date, <em><strong>\u00ab C\u2019est pour montrer que ces mamans qui ont perdu leurs familles, souvent dans des circonstances dramatiques ont retrouv\u00e9 une nouvelle famille dans la Communaut\u00e9 Sant\u2019Egidio \u00bb<\/strong><\/em>, a expliqu\u00e9 la responsable de la Communaut\u00e9 Sant\u2019Egidio au Burkina Faso, Solange Guigma.<\/p>\n<p><iframe loading=\"lazy\" width=\"560\" height=\"315\" src=\"https:\/\/www.youtube.com\/embed\/yKdZPrxwYzU?si=j2TMw0JYcIApGCMC\" title=\"YouTube video player\" frameborder=\"0\" allow=\"accelerometer; autoplay; clipboard-write; encrypted-media; gyroscope; picture-in-picture; web-share\" referrerpolicy=\"strict-origin-when-cross-origin\" allowfullscreen><\/iframe><\/p>\n<p>Ce sont au total 250 plats qui ont \u00e9t\u00e9 servis \u00e0 table.<em><strong> \u00ab Mais il y a encore pour les mamans tr\u00e8s fatigu\u00e9es et malades qui n\u2019ont pas pu se d\u00e9placer. Elles auront leur part dans leurs chambres \u00bb,<\/strong><\/em> a indiqu\u00e9 Solange Guigma. Chaque plat, poursuit-elle, est compos\u00e9 de riz, des l\u00e9gumes <em><strong>\u00ab haricot vert \u00bb,<\/strong><\/em> de la viande, de la banane.<\/p>\n<blockquote>\n<p>Lire aussi &gt;&gt; <a href=\"https:\/\/www.latribunedufaso.net\/?p=17818\">F\u00eate de No\u00ebl 2024 : La Communaut\u00e9 Sant\u2019Egidio partage un repas avec des PDI \u00e0 Pazani<\/a><\/p>\n<\/blockquote>\n<p>A entendre Solange Guigma, cela fait une quinzaine d\u2019ann\u00e9es que la Communaut\u00e9 Sant\u2019Egidio partage des repas de No\u00ebl avec les pensionnaires du centre. <em><strong>\u00ab Ce sont des moments d\u2019amiti\u00e9 et de partage \u00bb,<\/strong><\/em> se r\u00e9jouit-elle. <span style=\"font-size: 1.0625rem;\">Les mamans, ajoute t-elle, nous apprennent \u00e9norm\u00e9ment sur des gestes de paix et d\u2019amiti\u00e9, c\u2019est ce que nous venons cherch\u00e9 aupr\u00e8s d\u2019elles. En leur donnant, nous recevons \u00e9galement en \u00e9tant \u00e0 leurs c\u00f4t\u00e9s.\u00a0<\/span><\/p>\n<p>En plus du partage de repas, la Communaut\u00e9 Sant\u2019Egidio a offert des v\u00eatements de froid (couverture, pulls over) et une demi tonne de riz au Centre.<\/p>\n<figure id=\"attachment_17898\" aria-describedby=\"caption-attachment-17898\" style=\"width: 901px\" class=\"wp-caption aligncenter\"><a href=\"https:\/\/www.latribunedufaso.net\/wp-content\/uploads\/2024\/12\/IMG-20241230-WA0013.jpg\"><img loading=\"lazy\" decoding=\"async\" class=\"size-full wp-image-17898\" src=\"https:\/\/www.latribunedufaso.net\/wp-content\/uploads\/2024\/12\/IMG-20241230-WA0013.jpg\" alt=\"Organisation d'un repas communautaire au profit des personnes \u00e2g\u00e9es du Centre Delwend\u00e9 de Sakoula par la Communaut\u00e9 Sant'Egidio, 29 d\u00e9cembre 2024\" width=\"901\" height=\"608\" srcset=\"https:\/\/www.latribunedufaso.net\/wp-content\/uploads\/2024\/12\/IMG-20241230-WA0013.jpg 901w, https:\/\/www.latribunedufaso.net\/wp-content\/uploads\/2024\/12\/IMG-20241230-WA0013-300x202.jpg 300w, https:\/\/www.latribunedufaso.net\/wp-content\/uploads\/2024\/12\/IMG-20241230-WA0013-768x518.jpg 768w, https:\/\/www.latribunedufaso.net\/wp-content\/uploads\/2024\/12\/IMG-20241230-WA0013-120x80.jpg 120w\" sizes=\"auto, (max-width: 901px) 100vw, 901px\" \/><\/a><figcaption id=\"caption-attachment-17898\" class=\"wp-caption-text\">L\u2019assistante pastorale du Centre Delwend\u00e9 de Sakoula, S\u0153ur Germaine Sawadogo lance un cris de c\u0153ur \u00e0 toutes les bonnes volont\u00e9s pour venir en aide aux pensionnaire du Centre &#8211; Ph. A. Kiendrebeogo<\/figcaption><\/figure>\n<p>En prenant la parole, l\u2019Assistante pastorale du Centre, la s\u0153ur Germaine Sawadogo, a traduit au nom de la Direction du Centre, ses remerciements \u00e0 la Communaut\u00e9 et \u00e0 toutes les personnes qui leur ont permis d\u2019offrir ce repas aux pensionnaires. <em><strong>\u00ab Nous profitons de l\u2019occasion pour lancer un cris de c\u0153ur \u00e0 toute personne de bonne volont\u00e9. Aujourd\u2019hui le Centre compte 181 pensionnaires , dont 176 femmes et 5 hommes. Nous avons besoin de tout don, des vivres, des m\u00e9dicaments, de l\u2019argent, des habits . Tout ce que nous recevrons leur sera profitable \u00bb,<\/strong><\/em> a-t-elle lanc\u00e9.<\/p>\n<figure id=\"attachment_17897\" aria-describedby=\"caption-attachment-17897\" style=\"width: 525px\" class=\"wp-caption aligncenter\"><a href=\"https:\/\/www.latribunedufaso.net\/wp-content\/uploads\/2024\/12\/IMG-20241230-WA0014.jpg\"><img loading=\"lazy\" decoding=\"async\" class=\"size-full wp-image-17897\" src=\"https:\/\/www.latribunedufaso.net\/wp-content\/uploads\/2024\/12\/IMG-20241230-WA0014.jpg\" alt=\"Organisation d'un repas communautaire au profit des personnes \u00e2g\u00e9es du Centre Delwend\u00e9 de Sakoula par la Communaut\u00e9 Sant'Egidio, 29 d\u00e9cembre 2024\" width=\"525\" height=\"454\" srcset=\"https:\/\/www.latribunedufaso.net\/wp-content\/uploads\/2024\/12\/IMG-20241230-WA0014.jpg 525w, https:\/\/www.latribunedufaso.net\/wp-content\/uploads\/2024\/12\/IMG-20241230-WA0014-300x259.jpg 300w\" sizes=\"auto, (max-width: 525px) 100vw, 525px\" \/><\/a><figcaption id=\"caption-attachment-17897\" class=\"wp-caption-text\">La responsable des femmes du centre, Julienne Pogr\u00e9, est \u00ab tr\u00e8s heureuse \u00bb du geste de la Communaut\u00e9 Sant\u2019Egidio &#8211; Ph. A. Kiendrebeogo<\/figcaption><\/figure>\n<p>Les <em><strong>\u00ab mamans \u00bb<\/strong><\/em> ont \u00e9galement manifest\u00e9 leur joie \u00e0 l\u2019endroit de la Communaut\u00e9 Sant\u2019Egidio. <em><strong>\u00ab Nous sommes tr\u00e8s heureuses de leur pr\u00e9sence et de ces dons qu\u2019ils nous ont fait. Nous leur disons merci et demandons \u00e0 Dieu de les b\u00e9nir davantage afin qu\u2019ils puissent toujours se souvenir de nous \u00bb,<\/strong><\/em> a signifi\u00e9 la responsable des femmes du centre, Julienne Pogr\u00e9.<\/p>\n<p>Le moment de partage a pris fin sur des pas de danse des pensionnaires et des membres de la Communaut\u00e9 Sant\u2019Egidio.<\/p>\n<figure id=\"attachment_17901\" aria-describedby=\"caption-attachment-17901\" style=\"width: 1020px\" class=\"wp-caption aligncenter\"><a href=\"https:\/\/www.latribunedufaso.net\/wp-content\/uploads\/2024\/12\/IMG-20241230-WA0011.jpg\"><img loading=\"lazy\" decoding=\"async\" class=\"size-full wp-image-17901\" src=\"https:\/\/www.latribunedufaso.net\/wp-content\/uploads\/2024\/12\/IMG-20241230-WA0011.jpg\" alt=\"Organisation d'un repas communautaire au profit des personnes \u00e2g\u00e9es du Centre Delwend\u00e9 de Sakoula par la Communaut\u00e9 Sant'Egidio, 29 d\u00e9cembre 2024\" width=\"1020\" height=\"768\" srcset=\"https:\/\/www.latribunedufaso.net\/wp-content\/uploads\/2024\/12\/IMG-20241230-WA0011.jpg 1020w, https:\/\/www.latribunedufaso.net\/wp-content\/uploads\/2024\/12\/IMG-20241230-WA0011-300x226.jpg 300w, https:\/\/www.latribunedufaso.net\/wp-content\/uploads\/2024\/12\/IMG-20241230-WA0011-768x578.jpg 768w\" sizes=\"auto, (max-width: 1020px) 100vw, 1020px\" \/><\/a><figcaption id=\"caption-attachment-17901\" class=\"wp-caption-text\">Les pensionnaires et les membres de la Communaut\u00e9 Sant\u2019Egidio esquissent des pas de danse &#8211; Ph. A. Kiendrebeogo<\/figcaption><\/figure>\n<p>La Communaut\u00e9 Sant\u2019Egidio, faut-il le rappeler, est un mouvement catholique qui existe au Burkina Faso depuis 1998 et dans le monde depuis 1968. Elle vient en aide aux personnes n\u00e9cessiteuses, notamment les personnes \u00e2g\u00e9es, les enfants de la rue, les d\u00e9tenus des maisons d\u2019arr\u00eats et de correction et les personnes d\u00e9plac\u00e9es internes. En plus de Ouagadougou, le mouvement est pr\u00e9sent \u00e0 Koupela, \u00e0 Fada N\u2019Gourma, Ouahigouya et \u00e0 Koudougou.\u00a0<\/p>\n<p><strong>Rosana Astride KIENDREBEOGO\u00a0<\/strong><\/p>\n<p><strong>Latribunedufaso.net<\/strong><\/p>\n","protected":false},"excerpt":{"rendered":"<p>La Communaut\u00e9 Sant\u2019Egidio a partag\u00e9 un repas communautaire avec les personnes \u00e2g\u00e9es du Centre Delwend\u00e9 de Sakoula \u00e0 Ouagadougou, dans l\u2019apr\u00e8s-midi de ce 29 d\u00e9cembre 2024.<\/p>\n","protected":false},"author":5,"featured_media":17900,"comment_status":"open","ping_status":"open","sticky":false,"template":"","format":"standard","meta":{"footnotes":""},"categories":[13,1,8],"tags":[480,589,590,39],"class_list":["post-17896","post","type-post","status-publish","format-standard","has-post-thumbnail","hentry","category-une","category-actu","category-societe","tag-aide-humanitaire","tag-communaute-santegidio","tag-fete-de-noel","tag-latribunedufaso-net"],"yoast_head":"<!-- This site is optimized with the Yoast SEO plugin v27.5 - https:\/\/yoast.com\/product\/yoast-seo-wordpress\/ -->\n<title>No\u00ebl 2024 : La Communaut\u00e9 Sant\u2019Egidio festoie avec les personnes \u00e2g\u00e9es du Centre Delwend\u00e9 de Sakoula\u00a0 - La Tribune du Faso<\/title>\n<meta name=\"robots\" content=\"index, follow, max-snippet:-1, max-image-preview:large, max-video-preview:-1\" \/>\n<link rel=\"canonical\" href=\"https:\/\/www.latribunedufaso.net\/?p=17896\" \/>\n<meta property=\"og:locale\" content=\"fr_FR\" \/>\n<meta property=\"og:type\" content=\"article\" \/>\n<meta property=\"og:title\" content=\"No\u00ebl 2024 : La Communaut\u00e9 Sant\u2019Egidio festoie avec les personnes \u00e2g\u00e9es du Centre Delwend\u00e9 de Sakoula\u00a0 - La Tribune du Faso\" \/>\n<meta property=\"og:description\" content=\"La Communaut\u00e9 Sant\u2019Egidio a partag\u00e9 un repas communautaire avec les personnes \u00e2g\u00e9es du Centre Delwend\u00e9 de Sakoula \u00e0 Ouagadougou, dans l\u2019apr\u00e8s-midi de ce 29 d\u00e9cembre 2024.\" \/>\n<meta property=\"og:url\" content=\"https:\/\/www.latribunedufaso.net\/?p=17896\" \/>\n<meta property=\"og:site_name\" content=\"La Tribune du Faso\" \/>\n<meta property=\"article:publisher\" content=\"https:\/\/www.facebook.com\/LatribuneduFaso\/\" \/>\n<meta property=\"article:published_time\" content=\"2024-12-30T10:28:45+00:00\" \/>\n<meta property=\"article:modified_time\" content=\"2025-01-06T19:48:34+00:00\" \/>\n<meta property=\"og:image\" content=\"https:\/\/www.latribunedufaso.net\/wp-content\/uploads\/2024\/12\/IMG-20241230-WA0015.jpg\" \/>\n\t<meta property=\"og:image:width\" content=\"1020\" \/>\n\t<meta property=\"og:image:height\" content=\"768\" \/>\n\t<meta property=\"og:image:type\" content=\"image\/jpeg\" \/>\n<meta name=\"author\" content=\"Issouf Tapsoba\" \/>\n<meta name=\"twitter:label1\" content=\"\u00c9crit par\" \/>\n\t<meta name=\"twitter:data1\" content=\"Issouf Tapsoba\" \/>\n\t<meta name=\"twitter:label2\" content=\"Dur\u00e9e de lecture estim\u00e9e\" \/>\n\t<meta name=\"twitter:data2\" content=\"4 minutes\" \/>\n<script type=\"application\/ld+json\" class=\"yoast-schema-graph\">{\"@context\":\"https:\\\/\\\/schema.org\",\"@graph\":[{\"@type\":\"Article\",\"@id\":\"https:\\\/\\\/www.latribunedufaso.net\\\/?p=17896#article\",\"isPartOf\":{\"@id\":\"https:\\\/\\\/www.latribunedufaso.net\\\/?p=17896\"},\"author\":{\"name\":\"Issouf Tapsoba\",\"@id\":\"https:\\\/\\\/www.latribunedufaso.net\\\/#\\\/schema\\\/person\\\/e54e64c5778a7e72cf80a318b7a622b0\"},\"headline\":\"No\u00ebl 2024 : La Communaut\u00e9 Sant\u2019Egidio festoie avec les personnes \u00e2g\u00e9es du Centre Delwend\u00e9 de Sakoula\u00a0\",\"datePublished\":\"2024-12-30T10:28:45+00:00\",\"dateModified\":\"2025-01-06T19:48:34+00:00\",\"mainEntityOfPage\":{\"@id\":\"https:\\\/\\\/www.latribunedufaso.net\\\/?p=17896\"},\"wordCount\":745,\"commentCount\":0,\"publisher\":{\"@id\":\"https:\\\/\\\/www.latribunedufaso.net\\\/#organization\"},\"image\":{\"@id\":\"https:\\\/\\\/www.latribunedufaso.net\\\/?p=17896#primaryimage\"},\"thumbnailUrl\":\"https:\\\/\\\/www.latribunedufaso.net\\\/wp-content\\\/uploads\\\/2024\\\/12\\\/IMG-20241230-WA0015.jpg\",\"keywords\":[\"aide humanitaire\",\"Communaut\u00e9 Sant'Egidio\",\"F\u00eate de No\u00ebl\",\"latribunedufaso.net\"],\"articleSection\":[\"A la une\",\"Actualit\u00e9\",\"Soci\u00e9t\u00e9\"],\"inLanguage\":\"fr-FR\",\"potentialAction\":[{\"@type\":\"CommentAction\",\"name\":\"Comment\",\"target\":[\"https:\\\/\\\/www.latribunedufaso.net\\\/?p=17896#respond\"]}]},{\"@type\":\"WebPage\",\"@id\":\"https:\\\/\\\/www.latribunedufaso.net\\\/?p=17896\",\"url\":\"https:\\\/\\\/www.latribunedufaso.net\\\/?p=17896\",\"name\":\"No\u00ebl 2024 : La Communaut\u00e9 Sant\u2019Egidio festoie avec les personnes \u00e2g\u00e9es du Centre Delwend\u00e9 de Sakoula\u00a0 - La Tribune du Faso\",\"isPartOf\":{\"@id\":\"https:\\\/\\\/www.latribunedufaso.net\\\/#website\"},\"primaryImageOfPage\":{\"@id\":\"https:\\\/\\\/www.latribunedufaso.net\\\/?p=17896#primaryimage\"},\"image\":{\"@id\":\"https:\\\/\\\/www.latribunedufaso.net\\\/?p=17896#primaryimage\"},\"thumbnailUrl\":\"https:\\\/\\\/www.latribunedufaso.net\\\/wp-content\\\/uploads\\\/2024\\\/12\\\/IMG-20241230-WA0015.jpg\",\"datePublished\":\"2024-12-30T10:28:45+00:00\",\"dateModified\":\"2025-01-06T19:48:34+00:00\",\"breadcrumb\":{\"@id\":\"https:\\\/\\\/www.latribunedufaso.net\\\/?p=17896#breadcrumb\"},\"inLanguage\":\"fr-FR\",\"potentialAction\":[{\"@type\":\"ReadAction\",\"target\":[\"https:\\\/\\\/www.latribunedufaso.net\\\/?p=17896\"]}]},{\"@type\":\"ImageObject\",\"inLanguage\":\"fr-FR\",\"@id\":\"https:\\\/\\\/www.latribunedufaso.net\\\/?p=17896#primaryimage\",\"url\":\"https:\\\/\\\/www.latribunedufaso.net\\\/wp-content\\\/uploads\\\/2024\\\/12\\\/IMG-20241230-WA0015.jpg\",\"contentUrl\":\"https:\\\/\\\/www.latribunedufaso.net\\\/wp-content\\\/uploads\\\/2024\\\/12\\\/IMG-20241230-WA0015.jpg\",\"width\":1020,\"height\":768,\"caption\":\"Organisation d'un repas communautaire au profit des personnes \u00e2g\u00e9es du Centre Delwend\u00e9 de Sakoula par la Communaut\u00e9 Sant'Egidio, 29 d\u00e9cembre 2024\"},{\"@type\":\"BreadcrumbList\",\"@id\":\"https:\\\/\\\/www.latribunedufaso.net\\\/?p=17896#breadcrumb\",\"itemListElement\":[{\"@type\":\"ListItem\",\"position\":1,\"name\":\"Accueil\",\"item\":\"https:\\\/\\\/www.latribunedufaso.net\\\/\"},{\"@type\":\"ListItem\",\"position\":2,\"name\":\"No\u00ebl 2024 : La Communaut\u00e9 Sant\u2019Egidio festoie avec les personnes \u00e2g\u00e9es du Centre Delwend\u00e9 de Sakoula\u00a0\"}]},{\"@type\":\"WebSite\",\"@id\":\"https:\\\/\\\/www.latribunedufaso.net\\\/#website\",\"url\":\"https:\\\/\\\/www.latribunedufaso.net\\\/\",\"name\":\"La Tribune du Faso\",\"description\":\"L&#039;information du monde rural en un clic\",\"publisher\":{\"@id\":\"https:\\\/\\\/www.latribunedufaso.net\\\/#organization\"},\"potentialAction\":[{\"@type\":\"SearchAction\",\"target\":{\"@type\":\"EntryPoint\",\"urlTemplate\":\"https:\\\/\\\/www.latribunedufaso.net\\\/?s={search_term_string}\"},\"query-input\":{\"@type\":\"PropertyValueSpecification\",\"valueRequired\":true,\"valueName\":\"search_term_string\"}}],\"inLanguage\":\"fr-FR\"},{\"@type\":\"Organization\",\"@id\":\"https:\\\/\\\/www.latribunedufaso.net\\\/#organization\",\"name\":\"La Tribune du Faso\",\"url\":\"https:\\\/\\\/www.latribunedufaso.net\\\/\",\"logo\":{\"@type\":\"ImageObject\",\"inLanguage\":\"fr-FR\",\"@id\":\"https:\\\/\\\/www.latribunedufaso.net\\\/#\\\/schema\\\/logo\\\/image\\\/\",\"url\":\"https:\\\/\\\/www.latribunedufaso.net\\\/wp-content\\\/uploads\\\/2020\\\/08\\\/Logo-Tribune-du-Faso-final-scaled.jpg\",\"contentUrl\":\"https:\\\/\\\/www.latribunedufaso.net\\\/wp-content\\\/uploads\\\/2020\\\/08\\\/Logo-Tribune-du-Faso-final-scaled.jpg\",\"width\":2560,\"height\":1856,\"caption\":\"La Tribune du Faso\"},\"image\":{\"@id\":\"https:\\\/\\\/www.latribunedufaso.net\\\/#\\\/schema\\\/logo\\\/image\\\/\"},\"sameAs\":[\"https:\\\/\\\/www.facebook.com\\\/LatribuneduFaso\\\/\"]},{\"@type\":\"Person\",\"@id\":\"https:\\\/\\\/www.latribunedufaso.net\\\/#\\\/schema\\\/person\\\/e54e64c5778a7e72cf80a318b7a622b0\",\"name\":\"Issouf Tapsoba\",\"image\":{\"@type\":\"ImageObject\",\"inLanguage\":\"fr-FR\",\"@id\":\"https:\\\/\\\/secure.gravatar.com\\\/avatar\\\/5e6c05150ce3230247d167f5b94d678eb05936197436d69b7921e3a95c9107ac?s=96&d=mm&r=g\",\"url\":\"https:\\\/\\\/secure.gravatar.com\\\/avatar\\\/5e6c05150ce3230247d167f5b94d678eb05936197436d69b7921e3a95c9107ac?s=96&d=mm&r=g\",\"contentUrl\":\"https:\\\/\\\/secure.gravatar.com\\\/avatar\\\/5e6c05150ce3230247d167f5b94d678eb05936197436d69b7921e3a95c9107ac?s=96&d=mm&r=g\",\"caption\":\"Issouf Tapsoba\"},\"url\":\"https:\\\/\\\/www.latribunedufaso.net\\\/?author=5\"}]}<\/script>\n<!-- \/ Yoast SEO plugin. -->","yoast_head_json":{"title":"No\u00ebl 2024 : La Communaut\u00e9 Sant\u2019Egidio festoie avec les personnes \u00e2g\u00e9es du Centre Delwend\u00e9 de Sakoula\u00a0 - La Tribune du Faso","robots":{"index":"index","follow":"follow","max-snippet":"max-snippet:-1","max-image-preview":"max-image-preview:large","max-video-preview":"max-video-preview:-1"},"canonical":"https:\/\/www.latribunedufaso.net\/?p=17896","og_locale":"fr_FR","og_type":"article","og_title":"No\u00ebl 2024 : La Communaut\u00e9 Sant\u2019Egidio festoie avec les personnes \u00e2g\u00e9es du Centre Delwend\u00e9 de Sakoula\u00a0 - La Tribune du Faso","og_description":"La Communaut\u00e9 Sant\u2019Egidio a partag\u00e9 un repas communautaire avec les personnes \u00e2g\u00e9es du Centre Delwend\u00e9 de Sakoula \u00e0 Ouagadougou, dans l\u2019apr\u00e8s-midi de ce 29 d\u00e9cembre 2024.","og_url":"https:\/\/www.latribunedufaso.net\/?p=17896","og_site_name":"La Tribune du Faso","article_publisher":"https:\/\/www.facebook.com\/LatribuneduFaso\/","article_published_time":"2024-12-30T10:28:45+00:00","article_modified_time":"2025-01-06T19:48:34+00:00","og_image":[{"width":1020,"height":768,"url":"https:\/\/www.latribunedufaso.net\/wp-content\/uploads\/2024\/12\/IMG-20241230-WA0015.jpg","type":"image\/jpeg"}],"author":"Issouf Tapsoba","twitter_misc":{"\u00c9crit par":"Issouf Tapsoba","Dur\u00e9e de lecture estim\u00e9e":"4 minutes"},"schema":{"@context":"https:\/\/schema.org","@graph":[{"@type":"Article","@id":"https:\/\/www.latribunedufaso.net\/?p=17896#article","isPartOf":{"@id":"https:\/\/www.latribunedufaso.net\/?p=17896"},"author":{"name":"Issouf Tapsoba","@id":"https:\/\/www.latribunedufaso.net\/#\/schema\/person\/e54e64c5778a7e72cf80a318b7a622b0"},"headline":"No\u00ebl 2024 : La Communaut\u00e9 Sant\u2019Egidio festoie avec les personnes \u00e2g\u00e9es du Centre Delwend\u00e9 de Sakoula\u00a0","datePublished":"2024-12-30T10:28:45+00:00","dateModified":"2025-01-06T19:48:34+00:00","mainEntityOfPage":{"@id":"https:\/\/www.latribunedufaso.net\/?p=17896"},"wordCount":745,"commentCount":0,"publisher":{"@id":"https:\/\/www.latribunedufaso.net\/#organization"},"image":{"@id":"https:\/\/www.latribunedufaso.net\/?p=17896#primaryimage"},"thumbnailUrl":"https:\/\/www.latribunedufaso.net\/wp-content\/uploads\/2024\/12\/IMG-20241230-WA0015.jpg","keywords":["aide humanitaire","Communaut\u00e9 Sant'Egidio","F\u00eate de No\u00ebl","latribunedufaso.net"],"articleSection":["A la une","Actualit\u00e9","Soci\u00e9t\u00e9"],"inLanguage":"fr-FR","potentialAction":[{"@type":"CommentAction","name":"Comment","target":["https:\/\/www.latribunedufaso.net\/?p=17896#respond"]}]},{"@type":"WebPage","@id":"https:\/\/www.latribunedufaso.net\/?p=17896","url":"https:\/\/www.latribunedufaso.net\/?p=17896","name":"No\u00ebl 2024 : La Communaut\u00e9 Sant\u2019Egidio festoie avec les personnes \u00e2g\u00e9es du Centre Delwend\u00e9 de Sakoula\u00a0 - La Tribune du Faso","isPartOf":{"@id":"https:\/\/www.latribunedufaso.net\/#website"},"primaryImageOfPage":{"@id":"https:\/\/www.latribunedufaso.net\/?p=17896#primaryimage"},"image":{"@id":"https:\/\/www.latribunedufaso.net\/?p=17896#primaryimage"},"thumbnailUrl":"https:\/\/www.latribunedufaso.net\/wp-content\/uploads\/2024\/12\/IMG-20241230-WA0015.jpg","datePublished":"2024-12-30T10:28:45+00:00","dateModified":"2025-01-06T19:48:34+00:00","breadcrumb":{"@id":"https:\/\/www.latribunedufaso.net\/?p=17896#breadcrumb"},"inLanguage":"fr-FR","potentialAction":[{"@type":"ReadAction","target":["https:\/\/www.latribunedufaso.net\/?p=17896"]}]},{"@type":"ImageObject","inLanguage":"fr-FR","@id":"https:\/\/www.latribunedufaso.net\/?p=17896#primaryimage","url":"https:\/\/www.latribunedufaso.net\/wp-content\/uploads\/2024\/12\/IMG-20241230-WA0015.jpg","contentUrl":"https:\/\/www.latribunedufaso.net\/wp-content\/uploads\/2024\/12\/IMG-20241230-WA0015.jpg","width":1020,"height":768,"caption":"Organisation d'un repas communautaire au profit des personnes \u00e2g\u00e9es du Centre Delwend\u00e9 de Sakoula par la Communaut\u00e9 Sant'Egidio, 29 d\u00e9cembre 2024"},{"@type":"BreadcrumbList","@id":"https:\/\/www.latribunedufaso.net\/?p=17896#breadcrumb","itemListElement":[{"@type":"ListItem","position":1,"name":"Accueil","item":"https:\/\/www.latribunedufaso.net\/"},{"@type":"ListItem","position":2,"name":"No\u00ebl 2024 : La Communaut\u00e9 Sant\u2019Egidio festoie avec les personnes \u00e2g\u00e9es du Centre Delwend\u00e9 de Sakoula\u00a0"}]},{"@type":"WebSite","@id":"https:\/\/www.latribunedufaso.net\/#website","url":"https:\/\/www.latribunedufaso.net\/","name":"La Tribune du Faso","description":"L&#039;information du monde rural en un clic","publisher":{"@id":"https:\/\/www.latribunedufaso.net\/#organization"},"potentialAction":[{"@type":"SearchAction","target":{"@type":"EntryPoint","urlTemplate":"https:\/\/www.latribunedufaso.net\/?s={search_term_string}"},"query-input":{"@type":"PropertyValueSpecification","valueRequired":true,"valueName":"search_term_string"}}],"inLanguage":"fr-FR"},{"@type":"Organization","@id":"https:\/\/www.latribunedufaso.net\/#organization","name":"La Tribune du Faso","url":"https:\/\/www.latribunedufaso.net\/","logo":{"@type":"ImageObject","inLanguage":"fr-FR","@id":"https:\/\/www.latribunedufaso.net\/#\/schema\/logo\/image\/","url":"https:\/\/www.latribunedufaso.net\/wp-content\/uploads\/2020\/08\/Logo-Tribune-du-Faso-final-scaled.jpg","contentUrl":"https:\/\/www.latribunedufaso.net\/wp-content\/uploads\/2020\/08\/Logo-Tribune-du-Faso-final-scaled.jpg","width":2560,"height":1856,"caption":"La Tribune du Faso"},"image":{"@id":"https:\/\/www.latribunedufaso.net\/#\/schema\/logo\/image\/"},"sameAs":["https:\/\/www.facebook.com\/LatribuneduFaso\/"]},{"@type":"Person","@id":"https:\/\/www.latribunedufaso.net\/#\/schema\/person\/e54e64c5778a7e72cf80a318b7a622b0","name":"Issouf Tapsoba","image":{"@type":"ImageObject","inLanguage":"fr-FR","@id":"https:\/\/secure.gravatar.com\/avatar\/5e6c05150ce3230247d167f5b94d678eb05936197436d69b7921e3a95c9107ac?s=96&d=mm&r=g","url":"https:\/\/secure.gravatar.com\/avatar\/5e6c05150ce3230247d167f5b94d678eb05936197436d69b7921e3a95c9107ac?s=96&d=mm&r=g","contentUrl":"https:\/\/secure.gravatar.com\/avatar\/5e6c05150ce3230247d167f5b94d678eb05936197436d69b7921e3a95c9107ac?s=96&d=mm&r=g","caption":"Issouf Tapsoba"},"url":"https:\/\/www.latribunedufaso.net\/?author=5"}]}},"_links":{"self":[{"href":"https:\/\/www.latribunedufaso.net\/index.php?rest_route=\/wp\/v2\/posts\/17896","targetHints":{"allow":["GET"]}}],"collection":[{"href":"https:\/\/www.latribunedufaso.net\/index.php?rest_route=\/wp\/v2\/posts"}],"about":[{"href":"https:\/\/www.latribunedufaso.net\/index.php?rest_route=\/wp\/v2\/types\/post"}],"author":[{"embeddable":true,"href":"https:\/\/www.latribunedufaso.net\/index.php?rest_route=\/wp\/v2\/users\/5"}],"replies":[{"embeddable":true,"href":"https:\/\/www.latribunedufaso.net\/index.php?rest_route=%2Fwp%2Fv2%2Fcomments&post=17896"}],"version-history":[{"count":4,"href":"https:\/\/www.latribunedufaso.net\/index.php?rest_route=\/wp\/v2\/posts\/17896\/revisions"}],"predecessor-version":[{"id":18028,"href":"https:\/\/www.latribunedufaso.net\/index.php?rest_route=\/wp\/v2\/posts\/17896\/revisions\/18028"}],"wp:featuredmedia":[{"embeddable":true,"href":"https:\/\/www.latribunedufaso.net\/index.php?rest_route=\/wp\/v2\/media\/17900"}],"wp:attachment":[{"href":"https:\/\/www.latribunedufaso.net\/index.php?rest_route=%2Fwp%2Fv2%2Fmedia&parent=17896"}],"wp:term":[{"taxonomy":"category","embeddable":true,"href":"https:\/\/www.latribunedufaso.net\/index.php?rest_route=%2Fwp%2Fv2%2Fcategories&post=17896"},{"taxonomy":"post_tag","embeddable":true,"href":"https:\/\/www.latribunedufaso.net\/index.php?rest_route=%2Fwp%2Fv2%2Ftags&post=17896"}],"curies":[{"name":"wp","href":"https:\/\/api.w.org\/{rel}","templated":true}]}}