{"id":17881,"date":"2024-12-29T02:00:46","date_gmt":"2024-12-29T02:00:46","guid":{"rendered":"https:\/\/www.latribunedufaso.net\/?p=17881"},"modified":"2024-12-29T02:00:46","modified_gmt":"2024-12-29T02:00:46","slug":"1er-casem-du-ministere-de-lenseignement-secondaire-lexamen-et-ladoption-des-documents-de-planification-des-activites-a-lordre-du-jour","status":"publish","type":"post","link":"https:\/\/www.latribunedufaso.net\/?p=17881","title":{"rendered":"1er CASEM du minist\u00e8re de l\u2019Enseignement secondaire : L&rsquo;examen et l&rsquo;adoption des documents de planification des activit\u00e9s \u00e0 l&rsquo;ordre du jour\u00a0"},"content":{"rendered":"<p><strong style=\"font-size: 1.0625rem;\">Le 28 d\u00e9cembre 2024 \u00e0 Ouagadougou, le minist\u00e8re de l\u2019Enseignement secondaire, de la Formation professionnelle et technique, n\u00e9 du remaniement du gouvernement du 1er ao\u00fbt 2024, a cl\u00f4tur\u00e9 son tout premier Conseil d\u2019administration du secteur minist\u00e9riel (CASEM). La c\u00e9r\u00e9monie de cl\u00f4ture, pr\u00e9sid\u00e9e par le ministre Dr Boubakar Savadogo, a permis d&rsquo;\u00e9valuer les objectifs atteints et de degager les perspectives pour l\u2019ann\u00e9e 2025.<\/strong><\/p>\n<p><!--more--><\/p>\n<p>Dans son discours, le ministre Savadogo a soulign\u00e9 que, bien que le minist\u00e8re ait fonctionn\u00e9 dans des conditions difficiles depuis sa cr\u00e9ation, les efforts entrepris ont permis de poser les bases solides pour une gestion autonome \u00e0 partir de 2025. En effet, l\u2019une des principales missions de ce CASEM est l\u2019adoption des documents strat\u00e9giques pour l\u2019ann\u00e9e 2025.<\/p>\n<figure id=\"attachment_17883\" aria-describedby=\"caption-attachment-17883\" style=\"width: 1270px\" class=\"wp-caption aligncenter\"><a href=\"https:\/\/www.latribunedufaso.net\/wp-content\/uploads\/2024\/12\/IMG-20241229-WA0016.jpg\"><img loading=\"lazy\" decoding=\"async\" class=\"size-full wp-image-17883\" src=\"https:\/\/www.latribunedufaso.net\/wp-content\/uploads\/2024\/12\/IMG-20241229-WA0016.jpg\" alt=\"Le 1er CASEM du minist\u00e8re de l\u2019Enseignement secondaire, de la Formation professionnelle et technique, 28 novembre 2024\" width=\"1270\" height=\"1109\" srcset=\"https:\/\/www.latribunedufaso.net\/wp-content\/uploads\/2024\/12\/IMG-20241229-WA0016.jpg 1270w, https:\/\/www.latribunedufaso.net\/wp-content\/uploads\/2024\/12\/IMG-20241229-WA0016-300x262.jpg 300w, https:\/\/www.latribunedufaso.net\/wp-content\/uploads\/2024\/12\/IMG-20241229-WA0016-1024x894.jpg 1024w, https:\/\/www.latribunedufaso.net\/wp-content\/uploads\/2024\/12\/IMG-20241229-WA0016-768x671.jpg 768w\" sizes=\"auto, (max-width: 1270px) 100vw, 1270px\" \/><\/a><figcaption id=\"caption-attachment-17883\" class=\"wp-caption-text\">Le ministre de l\u2019Enseignement secondaire, de la Formation professionnelle et technique, Dr Aboubacar Savadogo &#8211; Ph. N. Ouattara<\/figcaption><\/figure>\n<p>Le ministre a expliqu\u00e9 que les participants ont examin\u00e9 et adopt\u00e9 trois documents majeurs ayant fait l\u2019objet d\u2019une pr\u00e9sentation d\u00e9taill\u00e9e et d\u2019amendements pour mieux les adapter aux priorit\u00e9s du minist\u00e8re. Il s\u2019agit du programme d\u2019action 2025, le programme triennal 2025-2027 et le budget 2025 du minist\u00e8re.<\/p>\n<blockquote>\n<p>Lire aussi &gt;&gt; <a href=\"https:\/\/www.latribunedufaso.net\/?p=8762\">Enseignement sup\u00e9rieur : Ouverture du premier Espace num\u00e9rique ouvert de l\u2019Universit\u00e9 virtuelle du Burkina<\/a><\/p>\n<\/blockquote>\n<p>Le pr\u00e9sident de la c\u00e9r\u00e9monie a \u00e9galement insist\u00e9 sur l\u2019importance de la mobilisation des \u00e9quipes pour r\u00e9ussir la mise en place du minist\u00e8re et atteindre les objectifs fix\u00e9s<em><strong>. \u00ab Nous devons \u00eatre au service de nos usagers, c\u2019est-\u00e0-dire les \u00e9l\u00e8ves, les parents d\u2019\u00e9l\u00e8ves et les entreprises. Tout le travail que nous faisons au niveau central est important, mais c\u2019est ce qui est fait pour l\u2019usager dans les \u00e9tablissements qui compte r\u00e9ellement \u00bb,<\/strong> <\/em>a-t-il ajout\u00e9.<\/p>\n<figure id=\"attachment_17882\" aria-describedby=\"caption-attachment-17882\" style=\"width: 2560px\" class=\"wp-caption aligncenter\"><a href=\"https:\/\/www.latribunedufaso.net\/wp-content\/uploads\/2024\/12\/IMG-20241229-WA0018.jpg\"><img loading=\"lazy\" decoding=\"async\" class=\"size-full wp-image-17882\" src=\"https:\/\/www.latribunedufaso.net\/wp-content\/uploads\/2024\/12\/IMG-20241229-WA0018.jpg\" alt=\"Le 1er CASEM du minist\u00e8re de l\u2019Enseignement secondaire, de la Formation professionnelle et technique, 28 novembre 2024\" width=\"2560\" height=\"1440\" srcset=\"https:\/\/www.latribunedufaso.net\/wp-content\/uploads\/2024\/12\/IMG-20241229-WA0018.jpg 2560w, https:\/\/www.latribunedufaso.net\/wp-content\/uploads\/2024\/12\/IMG-20241229-WA0018-300x169.jpg 300w, https:\/\/www.latribunedufaso.net\/wp-content\/uploads\/2024\/12\/IMG-20241229-WA0018-1024x576.jpg 1024w, https:\/\/www.latribunedufaso.net\/wp-content\/uploads\/2024\/12\/IMG-20241229-WA0018-768x432.jpg 768w, https:\/\/www.latribunedufaso.net\/wp-content\/uploads\/2024\/12\/IMG-20241229-WA0018-1536x864.jpg 1536w, https:\/\/www.latribunedufaso.net\/wp-content\/uploads\/2024\/12\/IMG-20241229-WA0018-2048x1152.jpg 2048w\" sizes=\"auto, (max-width: 2560px) 100vw, 2560px\" \/><\/a><figcaption id=\"caption-attachment-17882\" class=\"wp-caption-text\">Les participants ont examin\u00e9 et adopt\u00e9 les documents strat\u00e9giques pour l\u2019ann\u00e9e 2025 &#8211; Ph. N. Ouattara<\/figcaption><\/figure>\n<p>Dr Boubakar Savadogo a remerci\u00e9 et f\u00e9licit\u00e9 l\u2019ensemble des collaborateurs du minist\u00e8re pour leur engagement et leur travail acharn\u00e9 depuis la cr\u00e9ation du minist\u00e8re en ao\u00fbt 2024. <em><strong>\u00ab Je voudrais que l\u2019on r\u00e9fl\u00e9chisse pour pouvoir instaurer une journ\u00e9e de la reconnaissance des \u00e9l\u00e8ves envers les enseignants \u00e0 travers des r\u00e9cits, th\u00e9\u00e2tres, des t\u00e9moignages, des petits repas qu\u2019ils feront pour eux \u00bb,<\/strong><\/em> a-t-il d\u00e9clar\u00e9 pr\u00e9cisant vouloir concr\u00e9tiser cela le 1er mai 2025 au plutard.<\/p>\n<p><strong>Nabintou OUATTARA<\/strong><\/p>\n<p><strong><span style=\"font-size: 1.0625rem;\">Latribunedufaso.<\/span><span style=\"font-size: 1.0625rem;\">net<\/span><\/strong><\/p>\n","protected":false},"excerpt":{"rendered":"<p>Le 28 d\u00e9cembre 2024 \u00e0 Ouagadougou, le minist\u00e8re de l\u2019Enseignement secondaire, de la Formation professionnelle et technique, n\u00e9 du remaniement du gouvernement du 1er ao\u00fbt 2024, a cl\u00f4tur\u00e9 son tout premier Conseil d\u2019administration du secteur minist\u00e9riel (CASEM). La c\u00e9r\u00e9monie de cl\u00f4ture, pr\u00e9sid\u00e9e par le ministre Dr Boubakar Savadogo, a permis d&rsquo;\u00e9valuer les objectifs atteints et de degager les perspectives pour l\u2019ann\u00e9e 2025.<\/p>\n","protected":false},"author":5,"featured_media":17884,"comment_status":"open","ping_status":"open","sticky":false,"template":"","format":"standard","meta":{"footnotes":""},"categories":[13,1,8],"tags":[598,597,39],"class_list":["post-17881","post","type-post","status-publish","format-standard","has-post-thumbnail","hentry","category-une","category-actu","category-societe","tag-casem-ministere-enseignement-professionnel","tag-enseignement-technique","tag-latribunedufaso-net"],"yoast_head":"<!-- This site is optimized with the Yoast SEO plugin v27.4 - https:\/\/yoast.com\/product\/yoast-seo-wordpress\/ -->\n<title>1er CASEM du minist\u00e8re de l\u2019Enseignement secondaire : L&#039;examen et l&#039;adoption des documents de planification des activit\u00e9s \u00e0 l&#039;ordre du jour\u00a0 - La Tribune du Faso<\/title>\n<meta name=\"robots\" content=\"index, follow, max-snippet:-1, max-image-preview:large, max-video-preview:-1\" \/>\n<link rel=\"canonical\" href=\"https:\/\/www.latribunedufaso.net\/?p=17881\" \/>\n<meta property=\"og:locale\" content=\"fr_FR\" \/>\n<meta property=\"og:type\" content=\"article\" \/>\n<meta property=\"og:title\" content=\"1er CASEM du minist\u00e8re de l\u2019Enseignement secondaire : L&#039;examen et l&#039;adoption des documents de planification des activit\u00e9s \u00e0 l&#039;ordre du jour\u00a0 - La Tribune du Faso\" \/>\n<meta property=\"og:description\" content=\"Le 28 d\u00e9cembre 2024 \u00e0 Ouagadougou, le minist\u00e8re de l\u2019Enseignement secondaire, de la Formation professionnelle et technique, n\u00e9 du remaniement du gouvernement du 1er ao\u00fbt 2024, a cl\u00f4tur\u00e9 son tout premier Conseil d\u2019administration du secteur minist\u00e9riel (CASEM). La c\u00e9r\u00e9monie de cl\u00f4ture, pr\u00e9sid\u00e9e par le ministre Dr Boubakar Savadogo, a permis d&rsquo;\u00e9valuer les objectifs atteints et de degager les perspectives pour l\u2019ann\u00e9e 2025.\" \/>\n<meta property=\"og:url\" content=\"https:\/\/www.latribunedufaso.net\/?p=17881\" \/>\n<meta property=\"og:site_name\" content=\"La Tribune du Faso\" \/>\n<meta property=\"article:publisher\" content=\"https:\/\/www.facebook.com\/LatribuneduFaso\/\" \/>\n<meta property=\"article:published_time\" content=\"2024-12-29T02:00:46+00:00\" \/>\n<meta property=\"og:image\" content=\"https:\/\/www.latribunedufaso.net\/wp-content\/uploads\/2024\/12\/IMG-20241229-WA0015.jpg\" \/>\n\t<meta property=\"og:image:width\" content=\"1188\" \/>\n\t<meta property=\"og:image:height\" content=\"542\" \/>\n\t<meta property=\"og:image:type\" content=\"image\/jpeg\" \/>\n<meta name=\"author\" content=\"Issouf Tapsoba\" \/>\n<meta name=\"twitter:label1\" content=\"\u00c9crit par\" \/>\n\t<meta name=\"twitter:data1\" content=\"Issouf Tapsoba\" \/>\n\t<meta name=\"twitter:label2\" content=\"Dur\u00e9e de lecture estim\u00e9e\" \/>\n\t<meta name=\"twitter:data2\" content=\"2 minutes\" \/>\n<script type=\"application\/ld+json\" class=\"yoast-schema-graph\">{\"@context\":\"https:\\\/\\\/schema.org\",\"@graph\":[{\"@type\":\"Article\",\"@id\":\"https:\\\/\\\/www.latribunedufaso.net\\\/?p=17881#article\",\"isPartOf\":{\"@id\":\"https:\\\/\\\/www.latribunedufaso.net\\\/?p=17881\"},\"author\":{\"name\":\"Issouf Tapsoba\",\"@id\":\"https:\\\/\\\/www.latribunedufaso.net\\\/#\\\/schema\\\/person\\\/e54e64c5778a7e72cf80a318b7a622b0\"},\"headline\":\"1er CASEM du minist\u00e8re de l\u2019Enseignement secondaire : L&rsquo;examen et l&rsquo;adoption des documents de planification des activit\u00e9s \u00e0 l&rsquo;ordre du jour\u00a0\",\"datePublished\":\"2024-12-29T02:00:46+00:00\",\"mainEntityOfPage\":{\"@id\":\"https:\\\/\\\/www.latribunedufaso.net\\\/?p=17881\"},\"wordCount\":461,\"commentCount\":0,\"publisher\":{\"@id\":\"https:\\\/\\\/www.latribunedufaso.net\\\/#organization\"},\"image\":{\"@id\":\"https:\\\/\\\/www.latribunedufaso.net\\\/?p=17881#primaryimage\"},\"thumbnailUrl\":\"https:\\\/\\\/www.latribunedufaso.net\\\/wp-content\\\/uploads\\\/2024\\\/12\\\/IMG-20241229-WA0015.jpg\",\"keywords\":[\"CASEM minist\u00e8re enseignement professionnel\",\"Enseignement technique\",\"latribunedufaso.net\"],\"articleSection\":[\"A la une\",\"Actualit\u00e9\",\"Soci\u00e9t\u00e9\"],\"inLanguage\":\"fr-FR\",\"potentialAction\":[{\"@type\":\"CommentAction\",\"name\":\"Comment\",\"target\":[\"https:\\\/\\\/www.latribunedufaso.net\\\/?p=17881#respond\"]}]},{\"@type\":\"WebPage\",\"@id\":\"https:\\\/\\\/www.latribunedufaso.net\\\/?p=17881\",\"url\":\"https:\\\/\\\/www.latribunedufaso.net\\\/?p=17881\",\"name\":\"1er CASEM du minist\u00e8re de l\u2019Enseignement secondaire : L'examen et l'adoption des documents de planification des activit\u00e9s \u00e0 l'ordre du jour\u00a0 - La Tribune du Faso\",\"isPartOf\":{\"@id\":\"https:\\\/\\\/www.latribunedufaso.net\\\/#website\"},\"primaryImageOfPage\":{\"@id\":\"https:\\\/\\\/www.latribunedufaso.net\\\/?p=17881#primaryimage\"},\"image\":{\"@id\":\"https:\\\/\\\/www.latribunedufaso.net\\\/?p=17881#primaryimage\"},\"thumbnailUrl\":\"https:\\\/\\\/www.latribunedufaso.net\\\/wp-content\\\/uploads\\\/2024\\\/12\\\/IMG-20241229-WA0015.jpg\",\"datePublished\":\"2024-12-29T02:00:46+00:00\",\"breadcrumb\":{\"@id\":\"https:\\\/\\\/www.latribunedufaso.net\\\/?p=17881#breadcrumb\"},\"inLanguage\":\"fr-FR\",\"potentialAction\":[{\"@type\":\"ReadAction\",\"target\":[\"https:\\\/\\\/www.latribunedufaso.net\\\/?p=17881\"]}]},{\"@type\":\"ImageObject\",\"inLanguage\":\"fr-FR\",\"@id\":\"https:\\\/\\\/www.latribunedufaso.net\\\/?p=17881#primaryimage\",\"url\":\"https:\\\/\\\/www.latribunedufaso.net\\\/wp-content\\\/uploads\\\/2024\\\/12\\\/IMG-20241229-WA0015.jpg\",\"contentUrl\":\"https:\\\/\\\/www.latribunedufaso.net\\\/wp-content\\\/uploads\\\/2024\\\/12\\\/IMG-20241229-WA0015.jpg\",\"width\":1188,\"height\":542,\"caption\":\"Le 1er CASEM du minist\u00e8re de l\u2019Enseignement secondaire, de la Formation professionnelle et technique, 28 novembre 2024\"},{\"@type\":\"BreadcrumbList\",\"@id\":\"https:\\\/\\\/www.latribunedufaso.net\\\/?p=17881#breadcrumb\",\"itemListElement\":[{\"@type\":\"ListItem\",\"position\":1,\"name\":\"Accueil\",\"item\":\"https:\\\/\\\/www.latribunedufaso.net\\\/\"},{\"@type\":\"ListItem\",\"position\":2,\"name\":\"1er CASEM du minist\u00e8re de l\u2019Enseignement secondaire : L&rsquo;examen et l&rsquo;adoption des documents de planification des activit\u00e9s \u00e0 l&rsquo;ordre du jour\u00a0\"}]},{\"@type\":\"WebSite\",\"@id\":\"https:\\\/\\\/www.latribunedufaso.net\\\/#website\",\"url\":\"https:\\\/\\\/www.latribunedufaso.net\\\/\",\"name\":\"La Tribune du Faso\",\"description\":\"L&#039;information du monde rural en un clic\",\"publisher\":{\"@id\":\"https:\\\/\\\/www.latribunedufaso.net\\\/#organization\"},\"potentialAction\":[{\"@type\":\"SearchAction\",\"target\":{\"@type\":\"EntryPoint\",\"urlTemplate\":\"https:\\\/\\\/www.latribunedufaso.net\\\/?s={search_term_string}\"},\"query-input\":{\"@type\":\"PropertyValueSpecification\",\"valueRequired\":true,\"valueName\":\"search_term_string\"}}],\"inLanguage\":\"fr-FR\"},{\"@type\":\"Organization\",\"@id\":\"https:\\\/\\\/www.latribunedufaso.net\\\/#organization\",\"name\":\"La Tribune du Faso\",\"url\":\"https:\\\/\\\/www.latribunedufaso.net\\\/\",\"logo\":{\"@type\":\"ImageObject\",\"inLanguage\":\"fr-FR\",\"@id\":\"https:\\\/\\\/www.latribunedufaso.net\\\/#\\\/schema\\\/logo\\\/image\\\/\",\"url\":\"https:\\\/\\\/www.latribunedufaso.net\\\/wp-content\\\/uploads\\\/2020\\\/08\\\/Logo-Tribune-du-Faso-final-scaled.jpg\",\"contentUrl\":\"https:\\\/\\\/www.latribunedufaso.net\\\/wp-content\\\/uploads\\\/2020\\\/08\\\/Logo-Tribune-du-Faso-final-scaled.jpg\",\"width\":2560,\"height\":1856,\"caption\":\"La Tribune du Faso\"},\"image\":{\"@id\":\"https:\\\/\\\/www.latribunedufaso.net\\\/#\\\/schema\\\/logo\\\/image\\\/\"},\"sameAs\":[\"https:\\\/\\\/www.facebook.com\\\/LatribuneduFaso\\\/\"]},{\"@type\":\"Person\",\"@id\":\"https:\\\/\\\/www.latribunedufaso.net\\\/#\\\/schema\\\/person\\\/e54e64c5778a7e72cf80a318b7a622b0\",\"name\":\"Issouf Tapsoba\",\"image\":{\"@type\":\"ImageObject\",\"inLanguage\":\"fr-FR\",\"@id\":\"https:\\\/\\\/secure.gravatar.com\\\/avatar\\\/5e6c05150ce3230247d167f5b94d678eb05936197436d69b7921e3a95c9107ac?s=96&d=mm&r=g\",\"url\":\"https:\\\/\\\/secure.gravatar.com\\\/avatar\\\/5e6c05150ce3230247d167f5b94d678eb05936197436d69b7921e3a95c9107ac?s=96&d=mm&r=g\",\"contentUrl\":\"https:\\\/\\\/secure.gravatar.com\\\/avatar\\\/5e6c05150ce3230247d167f5b94d678eb05936197436d69b7921e3a95c9107ac?s=96&d=mm&r=g\",\"caption\":\"Issouf Tapsoba\"},\"url\":\"https:\\\/\\\/www.latribunedufaso.net\\\/?author=5\"}]}<\/script>\n<!-- \/ Yoast SEO plugin. -->","yoast_head_json":{"title":"1er CASEM du minist\u00e8re de l\u2019Enseignement secondaire : L'examen et l'adoption des documents de planification des activit\u00e9s \u00e0 l'ordre du jour\u00a0 - La Tribune du Faso","robots":{"index":"index","follow":"follow","max-snippet":"max-snippet:-1","max-image-preview":"max-image-preview:large","max-video-preview":"max-video-preview:-1"},"canonical":"https:\/\/www.latribunedufaso.net\/?p=17881","og_locale":"fr_FR","og_type":"article","og_title":"1er CASEM du minist\u00e8re de l\u2019Enseignement secondaire : L'examen et l'adoption des documents de planification des activit\u00e9s \u00e0 l'ordre du jour\u00a0 - La Tribune du Faso","og_description":"Le 28 d\u00e9cembre 2024 \u00e0 Ouagadougou, le minist\u00e8re de l\u2019Enseignement secondaire, de la Formation professionnelle et technique, n\u00e9 du remaniement du gouvernement du 1er ao\u00fbt 2024, a cl\u00f4tur\u00e9 son tout premier Conseil d\u2019administration du secteur minist\u00e9riel (CASEM). La c\u00e9r\u00e9monie de cl\u00f4ture, pr\u00e9sid\u00e9e par le ministre Dr Boubakar Savadogo, a permis d&rsquo;\u00e9valuer les objectifs atteints et de degager les perspectives pour l\u2019ann\u00e9e 2025.","og_url":"https:\/\/www.latribunedufaso.net\/?p=17881","og_site_name":"La Tribune du Faso","article_publisher":"https:\/\/www.facebook.com\/LatribuneduFaso\/","article_published_time":"2024-12-29T02:00:46+00:00","og_image":[{"width":1188,"height":542,"url":"https:\/\/www.latribunedufaso.net\/wp-content\/uploads\/2024\/12\/IMG-20241229-WA0015.jpg","type":"image\/jpeg"}],"author":"Issouf Tapsoba","twitter_misc":{"\u00c9crit par":"Issouf Tapsoba","Dur\u00e9e de lecture estim\u00e9e":"2 minutes"},"schema":{"@context":"https:\/\/schema.org","@graph":[{"@type":"Article","@id":"https:\/\/www.latribunedufaso.net\/?p=17881#article","isPartOf":{"@id":"https:\/\/www.latribunedufaso.net\/?p=17881"},"author":{"name":"Issouf Tapsoba","@id":"https:\/\/www.latribunedufaso.net\/#\/schema\/person\/e54e64c5778a7e72cf80a318b7a622b0"},"headline":"1er CASEM du minist\u00e8re de l\u2019Enseignement secondaire : L&rsquo;examen et l&rsquo;adoption des documents de planification des activit\u00e9s \u00e0 l&rsquo;ordre du jour\u00a0","datePublished":"2024-12-29T02:00:46+00:00","mainEntityOfPage":{"@id":"https:\/\/www.latribunedufaso.net\/?p=17881"},"wordCount":461,"commentCount":0,"publisher":{"@id":"https:\/\/www.latribunedufaso.net\/#organization"},"image":{"@id":"https:\/\/www.latribunedufaso.net\/?p=17881#primaryimage"},"thumbnailUrl":"https:\/\/www.latribunedufaso.net\/wp-content\/uploads\/2024\/12\/IMG-20241229-WA0015.jpg","keywords":["CASEM minist\u00e8re enseignement professionnel","Enseignement technique","latribunedufaso.net"],"articleSection":["A la une","Actualit\u00e9","Soci\u00e9t\u00e9"],"inLanguage":"fr-FR","potentialAction":[{"@type":"CommentAction","name":"Comment","target":["https:\/\/www.latribunedufaso.net\/?p=17881#respond"]}]},{"@type":"WebPage","@id":"https:\/\/www.latribunedufaso.net\/?p=17881","url":"https:\/\/www.latribunedufaso.net\/?p=17881","name":"1er CASEM du minist\u00e8re de l\u2019Enseignement secondaire : L'examen et l'adoption des documents de planification des activit\u00e9s \u00e0 l'ordre du jour\u00a0 - La Tribune du Faso","isPartOf":{"@id":"https:\/\/www.latribunedufaso.net\/#website"},"primaryImageOfPage":{"@id":"https:\/\/www.latribunedufaso.net\/?p=17881#primaryimage"},"image":{"@id":"https:\/\/www.latribunedufaso.net\/?p=17881#primaryimage"},"thumbnailUrl":"https:\/\/www.latribunedufaso.net\/wp-content\/uploads\/2024\/12\/IMG-20241229-WA0015.jpg","datePublished":"2024-12-29T02:00:46+00:00","breadcrumb":{"@id":"https:\/\/www.latribunedufaso.net\/?p=17881#breadcrumb"},"inLanguage":"fr-FR","potentialAction":[{"@type":"ReadAction","target":["https:\/\/www.latribunedufaso.net\/?p=17881"]}]},{"@type":"ImageObject","inLanguage":"fr-FR","@id":"https:\/\/www.latribunedufaso.net\/?p=17881#primaryimage","url":"https:\/\/www.latribunedufaso.net\/wp-content\/uploads\/2024\/12\/IMG-20241229-WA0015.jpg","contentUrl":"https:\/\/www.latribunedufaso.net\/wp-content\/uploads\/2024\/12\/IMG-20241229-WA0015.jpg","width":1188,"height":542,"caption":"Le 1er CASEM du minist\u00e8re de l\u2019Enseignement secondaire, de la Formation professionnelle et technique, 28 novembre 2024"},{"@type":"BreadcrumbList","@id":"https:\/\/www.latribunedufaso.net\/?p=17881#breadcrumb","itemListElement":[{"@type":"ListItem","position":1,"name":"Accueil","item":"https:\/\/www.latribunedufaso.net\/"},{"@type":"ListItem","position":2,"name":"1er CASEM du minist\u00e8re de l\u2019Enseignement secondaire : L&rsquo;examen et l&rsquo;adoption des documents de planification des activit\u00e9s \u00e0 l&rsquo;ordre du jour\u00a0"}]},{"@type":"WebSite","@id":"https:\/\/www.latribunedufaso.net\/#website","url":"https:\/\/www.latribunedufaso.net\/","name":"La Tribune du Faso","description":"L&#039;information du monde rural en un clic","publisher":{"@id":"https:\/\/www.latribunedufaso.net\/#organization"},"potentialAction":[{"@type":"SearchAction","target":{"@type":"EntryPoint","urlTemplate":"https:\/\/www.latribunedufaso.net\/?s={search_term_string}"},"query-input":{"@type":"PropertyValueSpecification","valueRequired":true,"valueName":"search_term_string"}}],"inLanguage":"fr-FR"},{"@type":"Organization","@id":"https:\/\/www.latribunedufaso.net\/#organization","name":"La Tribune du Faso","url":"https:\/\/www.latribunedufaso.net\/","logo":{"@type":"ImageObject","inLanguage":"fr-FR","@id":"https:\/\/www.latribunedufaso.net\/#\/schema\/logo\/image\/","url":"https:\/\/www.latribunedufaso.net\/wp-content\/uploads\/2020\/08\/Logo-Tribune-du-Faso-final-scaled.jpg","contentUrl":"https:\/\/www.latribunedufaso.net\/wp-content\/uploads\/2020\/08\/Logo-Tribune-du-Faso-final-scaled.jpg","width":2560,"height":1856,"caption":"La Tribune du Faso"},"image":{"@id":"https:\/\/www.latribunedufaso.net\/#\/schema\/logo\/image\/"},"sameAs":["https:\/\/www.facebook.com\/LatribuneduFaso\/"]},{"@type":"Person","@id":"https:\/\/www.latribunedufaso.net\/#\/schema\/person\/e54e64c5778a7e72cf80a318b7a622b0","name":"Issouf Tapsoba","image":{"@type":"ImageObject","inLanguage":"fr-FR","@id":"https:\/\/secure.gravatar.com\/avatar\/5e6c05150ce3230247d167f5b94d678eb05936197436d69b7921e3a95c9107ac?s=96&d=mm&r=g","url":"https:\/\/secure.gravatar.com\/avatar\/5e6c05150ce3230247d167f5b94d678eb05936197436d69b7921e3a95c9107ac?s=96&d=mm&r=g","contentUrl":"https:\/\/secure.gravatar.com\/avatar\/5e6c05150ce3230247d167f5b94d678eb05936197436d69b7921e3a95c9107ac?s=96&d=mm&r=g","caption":"Issouf Tapsoba"},"url":"https:\/\/www.latribunedufaso.net\/?author=5"}]}},"_links":{"self":[{"href":"https:\/\/www.latribunedufaso.net\/index.php?rest_route=\/wp\/v2\/posts\/17881","targetHints":{"allow":["GET"]}}],"collection":[{"href":"https:\/\/www.latribunedufaso.net\/index.php?rest_route=\/wp\/v2\/posts"}],"about":[{"href":"https:\/\/www.latribunedufaso.net\/index.php?rest_route=\/wp\/v2\/types\/post"}],"author":[{"embeddable":true,"href":"https:\/\/www.latribunedufaso.net\/index.php?rest_route=\/wp\/v2\/users\/5"}],"replies":[{"embeddable":true,"href":"https:\/\/www.latribunedufaso.net\/index.php?rest_route=%2Fwp%2Fv2%2Fcomments&post=17881"}],"version-history":[{"count":1,"href":"https:\/\/www.latribunedufaso.net\/index.php?rest_route=\/wp\/v2\/posts\/17881\/revisions"}],"predecessor-version":[{"id":17886,"href":"https:\/\/www.latribunedufaso.net\/index.php?rest_route=\/wp\/v2\/posts\/17881\/revisions\/17886"}],"wp:featuredmedia":[{"embeddable":true,"href":"https:\/\/www.latribunedufaso.net\/index.php?rest_route=\/wp\/v2\/media\/17884"}],"wp:attachment":[{"href":"https:\/\/www.latribunedufaso.net\/index.php?rest_route=%2Fwp%2Fv2%2Fmedia&parent=17881"}],"wp:term":[{"taxonomy":"category","embeddable":true,"href":"https:\/\/www.latribunedufaso.net\/index.php?rest_route=%2Fwp%2Fv2%2Fcategories&post=17881"},{"taxonomy":"post_tag","embeddable":true,"href":"https:\/\/www.latribunedufaso.net\/index.php?rest_route=%2Fwp%2Fv2%2Ftags&post=17881"}],"curies":[{"name":"wp","href":"https:\/\/api.w.org\/{rel}","templated":true}]}}