{"id":17839,"date":"2024-12-26T14:15:12","date_gmt":"2024-12-26T14:15:12","guid":{"rendered":"https:\/\/www.latribunedufaso.net\/?p=17839"},"modified":"2024-12-26T14:15:12","modified_gmt":"2024-12-26T14:15:12","slug":"migration-22-burkinabe-victimes-de-trafic-en-republique-federale-du-nigeria-de-retour-au-bercail","status":"publish","type":"post","link":"https:\/\/www.latribunedufaso.net\/?p=17839","title":{"rendered":"Migration : 22 burkinab\u00e8 victimes de trafic en R\u00e9publique F\u00e9d\u00e9rale du Nig\u00e9ria de retour au bercail"},"content":{"rendered":"<p><strong><span style=\"font-size: 1.0625rem;\">22 burkinab\u00e8 qui \u00e9taient victimes de trafic en R\u00e9publique F\u00e9d\u00e9rale du Nigeria ont pu rejoindre la m\u00e8re Patrie dans la nuit du 23 au 24 d\u00e9cembre 2024.<\/span><\/strong><!--more--><\/p>\n<p>La Direction g\u00e9n\u00e9rale des burkinab\u00e8 de l\u2019Ext\u00e9rieur (DGBE) en collaboration avec l\u2019ambassade du Burkina Faso \u00e0 Abuja au Nig\u00e9ria, a accueilli \u00e0 Ouagadougou dans la nuit du 23 au 24 d\u00e9cembre 2024, 22 burkinab\u00e8 et un malien, victimes de trafic en R\u00e9publique F\u00e9d\u00e9rale du Nig\u00e9ria, apr\u00e8s plus de 2 mois pass\u00e9s \u00e0 la mission permanente du Burkina.<\/p>\n<figure id=\"attachment_17841\" aria-describedby=\"caption-attachment-17841\" style=\"width: 720px\" class=\"wp-caption aligncenter\"><a href=\"https:\/\/www.latribunedufaso.net\/wp-content\/uploads\/2024\/12\/FB_IMG_1735221943930.jpg\"><img loading=\"lazy\" decoding=\"async\" class=\"size-full wp-image-17841\" src=\"https:\/\/www.latribunedufaso.net\/wp-content\/uploads\/2024\/12\/FB_IMG_1735221943930.jpg\" alt=\"22 burkinab\u00e8 qui \u00e9taient victimes de trafic en R\u00e9publique F\u00e9d\u00e9rale du Nigeria ont pu rejoindre la m\u00e8re Patrie dans la nuit du 23 au 24 d\u00e9cembre 2024\" width=\"720\" height=\"405\" srcset=\"https:\/\/www.latribunedufaso.net\/wp-content\/uploads\/2024\/12\/FB_IMG_1735221943930.jpg 720w, https:\/\/www.latribunedufaso.net\/wp-content\/uploads\/2024\/12\/FB_IMG_1735221943930-300x169.jpg 300w\" sizes=\"auto, (max-width: 720px) 100vw, 720px\" \/><\/a><figcaption id=\"caption-attachment-17841\" class=\"wp-caption-text\">Les migrants ont exprim\u00e9 leur reconnaissance et leur gratitude aux autorit\u00e9s de la Mission permanente du Burkina Faso \u00e0 Abuja pour l\u2019accompagnement dont ils ont b\u00e9n\u00e9fici\u00e9 &#8211; Ph. DR<\/figcaption><\/figure>\n<p>Victimes majoritairement d\u2019arnaques, leur porte-parole, Aboul Karim Ou\u00e9draogo relate les conditions de vie tr\u00e8s difficile endur\u00e9es par lui et ses camarades au Nig\u00e9ria.\u00a0<\/p>\n<p><strong>\u00ab Une fois que tu as investi, ils ne te laissent plus le choix, il est difficile de retourner chez soi ; ils nous obligent \u00e0 poser des actes que nous regrettons \u00bb, explique M. Ou\u00e9draogo.<\/strong><\/p>\n<p>Tr\u00e8s heureux de retourner au bercail, ces migrants ont exprim\u00e9 leur reconnaissance et leur gratitude aux autorit\u00e9s de la Mission permanente du Burkina Faso \u00e0 Abuja pour l\u2019accompagnement dont ils ont b\u00e9n\u00e9fici\u00e9 en termes de prise en charge.\u00a0<\/p>\n<p>Le Directeur de la Migration et de la R\u00e9insertion, Claver Bationo, dans son intervention, les a rassur\u00e9s que des actions sont en cours afin de d\u00e9manteler le r\u00e9seau, responsable de ce ph\u00e9nom\u00e8ne.\u00a0<\/p>\n<figure id=\"attachment_17840\" aria-describedby=\"caption-attachment-17840\" style=\"width: 720px\" class=\"wp-caption aligncenter\"><a href=\"https:\/\/www.latribunedufaso.net\/wp-content\/uploads\/2024\/12\/FB_IMG_1735221956889.jpg\"><img loading=\"lazy\" decoding=\"async\" class=\"size-full wp-image-17840\" src=\"https:\/\/www.latribunedufaso.net\/wp-content\/uploads\/2024\/12\/FB_IMG_1735221956889.jpg\" alt=\"22 burkinab\u00e8 qui \u00e9taient victimes de trafic en R\u00e9publique F\u00e9d\u00e9rale du Nigeria ont pu rejoindre la m\u00e8re Patrie dans la nuit du 23 au 24 d\u00e9cembre 2024\" width=\"720\" height=\"405\" srcset=\"https:\/\/www.latribunedufaso.net\/wp-content\/uploads\/2024\/12\/FB_IMG_1735221956889.jpg 720w, https:\/\/www.latribunedufaso.net\/wp-content\/uploads\/2024\/12\/FB_IMG_1735221956889-300x169.jpg 300w\" sizes=\"auto, (max-width: 720px) 100vw, 720px\" \/><\/a><figcaption id=\"caption-attachment-17840\" class=\"wp-caption-text\">Le Directeur de la Migration et de la R\u00e9insertion, Claver Bationo (en rouge) &#8211; Ph. DR<\/figcaption><\/figure>\n<p>Il a par ailleurs invit\u00e9 les compatriotes \u00e0 mener une sensibilisation autour d\u2019eux sur la question de la migration irr\u00e9guli\u00e8re, tout en appelant la population \u00e0 plus vigilance.<\/p>\n<p><strong>Latribunedufaso.net<\/strong><\/p>\n<p><strong>Source : DCRP\/<span style=\"font-size: 1.0625rem;\">MAECR-BE<\/span><\/strong><\/p>\n","protected":false},"excerpt":{"rendered":"<p>22 burkinab\u00e8 qui \u00e9taient victimes de trafic en R\u00e9publique F\u00e9d\u00e9rale du Nigeria ont pu rejoindre la m\u00e8re Patrie dans la nuit du 23 au 24 d\u00e9cembre 2024.<\/p>\n","protected":false},"author":5,"featured_media":17842,"comment_status":"open","ping_status":"open","sticky":false,"template":"","format":"standard","meta":{"footnotes":""},"categories":[13,1,8],"tags":[595,39,594],"class_list":["post-17839","post","type-post","status-publish","format-standard","has-post-thumbnail","hentry","category-une","category-actu","category-societe","tag-arnaque-migration","tag-latribunedufaso-net","tag-migration-clandestine"],"yoast_head":"<!-- This site is optimized with the Yoast SEO plugin v27.4 - https:\/\/yoast.com\/product\/yoast-seo-wordpress\/ -->\n<title>Migration : 22 burkinab\u00e8 victimes de trafic en R\u00e9publique F\u00e9d\u00e9rale du Nig\u00e9ria de retour au bercail - La Tribune du Faso<\/title>\n<meta name=\"robots\" content=\"index, follow, max-snippet:-1, max-image-preview:large, max-video-preview:-1\" \/>\n<link rel=\"canonical\" href=\"https:\/\/www.latribunedufaso.net\/?p=17839\" \/>\n<meta property=\"og:locale\" content=\"fr_FR\" \/>\n<meta property=\"og:type\" content=\"article\" \/>\n<meta property=\"og:title\" content=\"Migration : 22 burkinab\u00e8 victimes de trafic en R\u00e9publique F\u00e9d\u00e9rale du Nig\u00e9ria de retour au bercail - La Tribune du Faso\" \/>\n<meta property=\"og:description\" content=\"22 burkinab\u00e8 qui \u00e9taient victimes de trafic en R\u00e9publique F\u00e9d\u00e9rale du Nigeria ont pu rejoindre la m\u00e8re Patrie dans la nuit du 23 au 24 d\u00e9cembre 2024.\" \/>\n<meta property=\"og:url\" content=\"https:\/\/www.latribunedufaso.net\/?p=17839\" \/>\n<meta property=\"og:site_name\" content=\"La Tribune du Faso\" \/>\n<meta property=\"article:publisher\" content=\"https:\/\/www.facebook.com\/LatribuneduFaso\/\" \/>\n<meta property=\"article:published_time\" content=\"2024-12-26T14:15:12+00:00\" \/>\n<meta property=\"og:image\" content=\"https:\/\/www.latribunedufaso.net\/wp-content\/uploads\/2024\/12\/FB_IMG_1735221931255.jpg\" \/>\n\t<meta property=\"og:image:width\" content=\"720\" \/>\n\t<meta property=\"og:image:height\" content=\"405\" \/>\n\t<meta property=\"og:image:type\" content=\"image\/jpeg\" \/>\n<meta name=\"author\" content=\"Issouf Tapsoba\" \/>\n<meta name=\"twitter:label1\" content=\"\u00c9crit par\" \/>\n\t<meta name=\"twitter:data1\" content=\"Issouf Tapsoba\" \/>\n\t<meta name=\"twitter:label2\" content=\"Dur\u00e9e de lecture estim\u00e9e\" \/>\n\t<meta name=\"twitter:data2\" content=\"2 minutes\" \/>\n<script type=\"application\/ld+json\" class=\"yoast-schema-graph\">{\"@context\":\"https:\\\/\\\/schema.org\",\"@graph\":[{\"@type\":\"Article\",\"@id\":\"https:\\\/\\\/www.latribunedufaso.net\\\/?p=17839#article\",\"isPartOf\":{\"@id\":\"https:\\\/\\\/www.latribunedufaso.net\\\/?p=17839\"},\"author\":{\"name\":\"Issouf Tapsoba\",\"@id\":\"https:\\\/\\\/www.latribunedufaso.net\\\/#\\\/schema\\\/person\\\/e54e64c5778a7e72cf80a318b7a622b0\"},\"headline\":\"Migration : 22 burkinab\u00e8 victimes de trafic en R\u00e9publique F\u00e9d\u00e9rale du Nig\u00e9ria de retour au bercail\",\"datePublished\":\"2024-12-26T14:15:12+00:00\",\"mainEntityOfPage\":{\"@id\":\"https:\\\/\\\/www.latribunedufaso.net\\\/?p=17839\"},\"wordCount\":346,\"commentCount\":0,\"publisher\":{\"@id\":\"https:\\\/\\\/www.latribunedufaso.net\\\/#organization\"},\"image\":{\"@id\":\"https:\\\/\\\/www.latribunedufaso.net\\\/?p=17839#primaryimage\"},\"thumbnailUrl\":\"https:\\\/\\\/www.latribunedufaso.net\\\/wp-content\\\/uploads\\\/2024\\\/12\\\/FB_IMG_1735221931255.jpg\",\"keywords\":[\"arnaque migration\",\"latribunedufaso.net\",\"Migration clandestine\"],\"articleSection\":[\"A la une\",\"Actualit\u00e9\",\"Soci\u00e9t\u00e9\"],\"inLanguage\":\"fr-FR\",\"potentialAction\":[{\"@type\":\"CommentAction\",\"name\":\"Comment\",\"target\":[\"https:\\\/\\\/www.latribunedufaso.net\\\/?p=17839#respond\"]}]},{\"@type\":\"WebPage\",\"@id\":\"https:\\\/\\\/www.latribunedufaso.net\\\/?p=17839\",\"url\":\"https:\\\/\\\/www.latribunedufaso.net\\\/?p=17839\",\"name\":\"Migration : 22 burkinab\u00e8 victimes de trafic en R\u00e9publique F\u00e9d\u00e9rale du Nig\u00e9ria de retour au bercail - La Tribune du Faso\",\"isPartOf\":{\"@id\":\"https:\\\/\\\/www.latribunedufaso.net\\\/#website\"},\"primaryImageOfPage\":{\"@id\":\"https:\\\/\\\/www.latribunedufaso.net\\\/?p=17839#primaryimage\"},\"image\":{\"@id\":\"https:\\\/\\\/www.latribunedufaso.net\\\/?p=17839#primaryimage\"},\"thumbnailUrl\":\"https:\\\/\\\/www.latribunedufaso.net\\\/wp-content\\\/uploads\\\/2024\\\/12\\\/FB_IMG_1735221931255.jpg\",\"datePublished\":\"2024-12-26T14:15:12+00:00\",\"breadcrumb\":{\"@id\":\"https:\\\/\\\/www.latribunedufaso.net\\\/?p=17839#breadcrumb\"},\"inLanguage\":\"fr-FR\",\"potentialAction\":[{\"@type\":\"ReadAction\",\"target\":[\"https:\\\/\\\/www.latribunedufaso.net\\\/?p=17839\"]}]},{\"@type\":\"ImageObject\",\"inLanguage\":\"fr-FR\",\"@id\":\"https:\\\/\\\/www.latribunedufaso.net\\\/?p=17839#primaryimage\",\"url\":\"https:\\\/\\\/www.latribunedufaso.net\\\/wp-content\\\/uploads\\\/2024\\\/12\\\/FB_IMG_1735221931255.jpg\",\"contentUrl\":\"https:\\\/\\\/www.latribunedufaso.net\\\/wp-content\\\/uploads\\\/2024\\\/12\\\/FB_IMG_1735221931255.jpg\",\"width\":720,\"height\":405,\"caption\":\"22 burkinab\u00e8 qui \u00e9taient victimes de trafic en R\u00e9publique F\u00e9d\u00e9rale du Nigeria ont pu rejoindre la m\u00e8re Patrie dans la nuit du 23 au 24 d\u00e9cembre 2024\"},{\"@type\":\"BreadcrumbList\",\"@id\":\"https:\\\/\\\/www.latribunedufaso.net\\\/?p=17839#breadcrumb\",\"itemListElement\":[{\"@type\":\"ListItem\",\"position\":1,\"name\":\"Accueil\",\"item\":\"https:\\\/\\\/www.latribunedufaso.net\\\/\"},{\"@type\":\"ListItem\",\"position\":2,\"name\":\"Migration : 22 burkinab\u00e8 victimes de trafic en R\u00e9publique F\u00e9d\u00e9rale du Nig\u00e9ria de retour au bercail\"}]},{\"@type\":\"WebSite\",\"@id\":\"https:\\\/\\\/www.latribunedufaso.net\\\/#website\",\"url\":\"https:\\\/\\\/www.latribunedufaso.net\\\/\",\"name\":\"La Tribune du Faso\",\"description\":\"L&#039;information du monde rural en un clic\",\"publisher\":{\"@id\":\"https:\\\/\\\/www.latribunedufaso.net\\\/#organization\"},\"potentialAction\":[{\"@type\":\"SearchAction\",\"target\":{\"@type\":\"EntryPoint\",\"urlTemplate\":\"https:\\\/\\\/www.latribunedufaso.net\\\/?s={search_term_string}\"},\"query-input\":{\"@type\":\"PropertyValueSpecification\",\"valueRequired\":true,\"valueName\":\"search_term_string\"}}],\"inLanguage\":\"fr-FR\"},{\"@type\":\"Organization\",\"@id\":\"https:\\\/\\\/www.latribunedufaso.net\\\/#organization\",\"name\":\"La Tribune du Faso\",\"url\":\"https:\\\/\\\/www.latribunedufaso.net\\\/\",\"logo\":{\"@type\":\"ImageObject\",\"inLanguage\":\"fr-FR\",\"@id\":\"https:\\\/\\\/www.latribunedufaso.net\\\/#\\\/schema\\\/logo\\\/image\\\/\",\"url\":\"https:\\\/\\\/www.latribunedufaso.net\\\/wp-content\\\/uploads\\\/2020\\\/08\\\/Logo-Tribune-du-Faso-final-scaled.jpg\",\"contentUrl\":\"https:\\\/\\\/www.latribunedufaso.net\\\/wp-content\\\/uploads\\\/2020\\\/08\\\/Logo-Tribune-du-Faso-final-scaled.jpg\",\"width\":2560,\"height\":1856,\"caption\":\"La Tribune du Faso\"},\"image\":{\"@id\":\"https:\\\/\\\/www.latribunedufaso.net\\\/#\\\/schema\\\/logo\\\/image\\\/\"},\"sameAs\":[\"https:\\\/\\\/www.facebook.com\\\/LatribuneduFaso\\\/\"]},{\"@type\":\"Person\",\"@id\":\"https:\\\/\\\/www.latribunedufaso.net\\\/#\\\/schema\\\/person\\\/e54e64c5778a7e72cf80a318b7a622b0\",\"name\":\"Issouf Tapsoba\",\"image\":{\"@type\":\"ImageObject\",\"inLanguage\":\"fr-FR\",\"@id\":\"https:\\\/\\\/secure.gravatar.com\\\/avatar\\\/5e6c05150ce3230247d167f5b94d678eb05936197436d69b7921e3a95c9107ac?s=96&d=mm&r=g\",\"url\":\"https:\\\/\\\/secure.gravatar.com\\\/avatar\\\/5e6c05150ce3230247d167f5b94d678eb05936197436d69b7921e3a95c9107ac?s=96&d=mm&r=g\",\"contentUrl\":\"https:\\\/\\\/secure.gravatar.com\\\/avatar\\\/5e6c05150ce3230247d167f5b94d678eb05936197436d69b7921e3a95c9107ac?s=96&d=mm&r=g\",\"caption\":\"Issouf Tapsoba\"},\"url\":\"https:\\\/\\\/www.latribunedufaso.net\\\/?author=5\"}]}<\/script>\n<!-- \/ Yoast SEO plugin. -->","yoast_head_json":{"title":"Migration : 22 burkinab\u00e8 victimes de trafic en R\u00e9publique F\u00e9d\u00e9rale du Nig\u00e9ria de retour au bercail - La Tribune du Faso","robots":{"index":"index","follow":"follow","max-snippet":"max-snippet:-1","max-image-preview":"max-image-preview:large","max-video-preview":"max-video-preview:-1"},"canonical":"https:\/\/www.latribunedufaso.net\/?p=17839","og_locale":"fr_FR","og_type":"article","og_title":"Migration : 22 burkinab\u00e8 victimes de trafic en R\u00e9publique F\u00e9d\u00e9rale du Nig\u00e9ria de retour au bercail - La Tribune du Faso","og_description":"22 burkinab\u00e8 qui \u00e9taient victimes de trafic en R\u00e9publique F\u00e9d\u00e9rale du Nigeria ont pu rejoindre la m\u00e8re Patrie dans la nuit du 23 au 24 d\u00e9cembre 2024.","og_url":"https:\/\/www.latribunedufaso.net\/?p=17839","og_site_name":"La Tribune du Faso","article_publisher":"https:\/\/www.facebook.com\/LatribuneduFaso\/","article_published_time":"2024-12-26T14:15:12+00:00","og_image":[{"width":720,"height":405,"url":"https:\/\/www.latribunedufaso.net\/wp-content\/uploads\/2024\/12\/FB_IMG_1735221931255.jpg","type":"image\/jpeg"}],"author":"Issouf Tapsoba","twitter_misc":{"\u00c9crit par":"Issouf Tapsoba","Dur\u00e9e de lecture estim\u00e9e":"2 minutes"},"schema":{"@context":"https:\/\/schema.org","@graph":[{"@type":"Article","@id":"https:\/\/www.latribunedufaso.net\/?p=17839#article","isPartOf":{"@id":"https:\/\/www.latribunedufaso.net\/?p=17839"},"author":{"name":"Issouf Tapsoba","@id":"https:\/\/www.latribunedufaso.net\/#\/schema\/person\/e54e64c5778a7e72cf80a318b7a622b0"},"headline":"Migration : 22 burkinab\u00e8 victimes de trafic en R\u00e9publique F\u00e9d\u00e9rale du Nig\u00e9ria de retour au bercail","datePublished":"2024-12-26T14:15:12+00:00","mainEntityOfPage":{"@id":"https:\/\/www.latribunedufaso.net\/?p=17839"},"wordCount":346,"commentCount":0,"publisher":{"@id":"https:\/\/www.latribunedufaso.net\/#organization"},"image":{"@id":"https:\/\/www.latribunedufaso.net\/?p=17839#primaryimage"},"thumbnailUrl":"https:\/\/www.latribunedufaso.net\/wp-content\/uploads\/2024\/12\/FB_IMG_1735221931255.jpg","keywords":["arnaque migration","latribunedufaso.net","Migration clandestine"],"articleSection":["A la une","Actualit\u00e9","Soci\u00e9t\u00e9"],"inLanguage":"fr-FR","potentialAction":[{"@type":"CommentAction","name":"Comment","target":["https:\/\/www.latribunedufaso.net\/?p=17839#respond"]}]},{"@type":"WebPage","@id":"https:\/\/www.latribunedufaso.net\/?p=17839","url":"https:\/\/www.latribunedufaso.net\/?p=17839","name":"Migration : 22 burkinab\u00e8 victimes de trafic en R\u00e9publique F\u00e9d\u00e9rale du Nig\u00e9ria de retour au bercail - La Tribune du Faso","isPartOf":{"@id":"https:\/\/www.latribunedufaso.net\/#website"},"primaryImageOfPage":{"@id":"https:\/\/www.latribunedufaso.net\/?p=17839#primaryimage"},"image":{"@id":"https:\/\/www.latribunedufaso.net\/?p=17839#primaryimage"},"thumbnailUrl":"https:\/\/www.latribunedufaso.net\/wp-content\/uploads\/2024\/12\/FB_IMG_1735221931255.jpg","datePublished":"2024-12-26T14:15:12+00:00","breadcrumb":{"@id":"https:\/\/www.latribunedufaso.net\/?p=17839#breadcrumb"},"inLanguage":"fr-FR","potentialAction":[{"@type":"ReadAction","target":["https:\/\/www.latribunedufaso.net\/?p=17839"]}]},{"@type":"ImageObject","inLanguage":"fr-FR","@id":"https:\/\/www.latribunedufaso.net\/?p=17839#primaryimage","url":"https:\/\/www.latribunedufaso.net\/wp-content\/uploads\/2024\/12\/FB_IMG_1735221931255.jpg","contentUrl":"https:\/\/www.latribunedufaso.net\/wp-content\/uploads\/2024\/12\/FB_IMG_1735221931255.jpg","width":720,"height":405,"caption":"22 burkinab\u00e8 qui \u00e9taient victimes de trafic en R\u00e9publique F\u00e9d\u00e9rale du Nigeria ont pu rejoindre la m\u00e8re Patrie dans la nuit du 23 au 24 d\u00e9cembre 2024"},{"@type":"BreadcrumbList","@id":"https:\/\/www.latribunedufaso.net\/?p=17839#breadcrumb","itemListElement":[{"@type":"ListItem","position":1,"name":"Accueil","item":"https:\/\/www.latribunedufaso.net\/"},{"@type":"ListItem","position":2,"name":"Migration : 22 burkinab\u00e8 victimes de trafic en R\u00e9publique F\u00e9d\u00e9rale du Nig\u00e9ria de retour au bercail"}]},{"@type":"WebSite","@id":"https:\/\/www.latribunedufaso.net\/#website","url":"https:\/\/www.latribunedufaso.net\/","name":"La Tribune du Faso","description":"L&#039;information du monde rural en un clic","publisher":{"@id":"https:\/\/www.latribunedufaso.net\/#organization"},"potentialAction":[{"@type":"SearchAction","target":{"@type":"EntryPoint","urlTemplate":"https:\/\/www.latribunedufaso.net\/?s={search_term_string}"},"query-input":{"@type":"PropertyValueSpecification","valueRequired":true,"valueName":"search_term_string"}}],"inLanguage":"fr-FR"},{"@type":"Organization","@id":"https:\/\/www.latribunedufaso.net\/#organization","name":"La Tribune du Faso","url":"https:\/\/www.latribunedufaso.net\/","logo":{"@type":"ImageObject","inLanguage":"fr-FR","@id":"https:\/\/www.latribunedufaso.net\/#\/schema\/logo\/image\/","url":"https:\/\/www.latribunedufaso.net\/wp-content\/uploads\/2020\/08\/Logo-Tribune-du-Faso-final-scaled.jpg","contentUrl":"https:\/\/www.latribunedufaso.net\/wp-content\/uploads\/2020\/08\/Logo-Tribune-du-Faso-final-scaled.jpg","width":2560,"height":1856,"caption":"La Tribune du Faso"},"image":{"@id":"https:\/\/www.latribunedufaso.net\/#\/schema\/logo\/image\/"},"sameAs":["https:\/\/www.facebook.com\/LatribuneduFaso\/"]},{"@type":"Person","@id":"https:\/\/www.latribunedufaso.net\/#\/schema\/person\/e54e64c5778a7e72cf80a318b7a622b0","name":"Issouf Tapsoba","image":{"@type":"ImageObject","inLanguage":"fr-FR","@id":"https:\/\/secure.gravatar.com\/avatar\/5e6c05150ce3230247d167f5b94d678eb05936197436d69b7921e3a95c9107ac?s=96&d=mm&r=g","url":"https:\/\/secure.gravatar.com\/avatar\/5e6c05150ce3230247d167f5b94d678eb05936197436d69b7921e3a95c9107ac?s=96&d=mm&r=g","contentUrl":"https:\/\/secure.gravatar.com\/avatar\/5e6c05150ce3230247d167f5b94d678eb05936197436d69b7921e3a95c9107ac?s=96&d=mm&r=g","caption":"Issouf Tapsoba"},"url":"https:\/\/www.latribunedufaso.net\/?author=5"}]}},"_links":{"self":[{"href":"https:\/\/www.latribunedufaso.net\/index.php?rest_route=\/wp\/v2\/posts\/17839","targetHints":{"allow":["GET"]}}],"collection":[{"href":"https:\/\/www.latribunedufaso.net\/index.php?rest_route=\/wp\/v2\/posts"}],"about":[{"href":"https:\/\/www.latribunedufaso.net\/index.php?rest_route=\/wp\/v2\/types\/post"}],"author":[{"embeddable":true,"href":"https:\/\/www.latribunedufaso.net\/index.php?rest_route=\/wp\/v2\/users\/5"}],"replies":[{"embeddable":true,"href":"https:\/\/www.latribunedufaso.net\/index.php?rest_route=%2Fwp%2Fv2%2Fcomments&post=17839"}],"version-history":[{"count":1,"href":"https:\/\/www.latribunedufaso.net\/index.php?rest_route=\/wp\/v2\/posts\/17839\/revisions"}],"predecessor-version":[{"id":17843,"href":"https:\/\/www.latribunedufaso.net\/index.php?rest_route=\/wp\/v2\/posts\/17839\/revisions\/17843"}],"wp:featuredmedia":[{"embeddable":true,"href":"https:\/\/www.latribunedufaso.net\/index.php?rest_route=\/wp\/v2\/media\/17842"}],"wp:attachment":[{"href":"https:\/\/www.latribunedufaso.net\/index.php?rest_route=%2Fwp%2Fv2%2Fmedia&parent=17839"}],"wp:term":[{"taxonomy":"category","embeddable":true,"href":"https:\/\/www.latribunedufaso.net\/index.php?rest_route=%2Fwp%2Fv2%2Fcategories&post=17839"},{"taxonomy":"post_tag","embeddable":true,"href":"https:\/\/www.latribunedufaso.net\/index.php?rest_route=%2Fwp%2Fv2%2Ftags&post=17839"}],"curies":[{"name":"wp","href":"https:\/\/api.w.org\/{rel}","templated":true}]}}