{"id":17832,"date":"2024-12-26T12:26:27","date_gmt":"2024-12-26T12:26:27","guid":{"rendered":"https:\/\/www.latribunedufaso.net\/?p=17832"},"modified":"2024-12-26T12:26:27","modified_gmt":"2024-12-26T12:26:27","slug":"burkina-le-premier-ministre-presentera-sa-declaration-de-politique-generale-ce-27-decembre-2024-devant-lalt","status":"publish","type":"post","link":"https:\/\/www.latribunedufaso.net\/?p=17832","title":{"rendered":"Burkina : Le Premier ministre pr\u00e9sentera sa D\u00e9claration de politique g\u00e9n\u00e9rale ce 27 d\u00e9cembre 2024 devant l\u2019ALT\u00a0"},"content":{"rendered":"<p><strong><span style=\"font-size: 1.0625rem;\">Le Premier ministre, Rimtalba Jean Emmanuel Ou\u00e9draogo pr\u00e9sentera sa D\u00e9claration de politique g\u00e9n\u00e9rale (DPG), ce vendredi 27 d\u00e9cembre 2024, \u00e0 partir de 09 heures, devant l\u2019Assembl\u00e9e l\u00e9gislative de Transition (ALT). Le Premier minist\u00e8re a fait l\u2019annonce ce 26 d\u00e9cembre 2024 \u00e0 travers un communiqu\u00e9 de presse.<\/span><\/strong><!--more--><\/p>\n<p><em><strong>\u00ab \u00c0 cette occasion, le Chef du Gouvernement d\u00e9voilera sa feuille de route pour la mise en \u0153uvre des chantiers prioritaires \u00bb,<\/strong><\/em> pr\u00e9cise le communiqu\u00e9.<\/p>\n<p>Cette d\u00e9claration permettra \u00e9galement au Premier ministre de disposer de la pleine l\u00e9gitimit\u00e9 pour exercer ses fonctions gr\u00e2ce \u00e0 l\u2019approbation de l\u2019ALT.<\/p>\n<p>En rappel, cet exercice s\u2019inscrit dans le respect des dispositions de l\u2019article 63 de la Constitution burkinab\u00e8, qui stipule : <em><strong>\u00ab Dans les trente jours qui suivent sa nomination, le Premier ministre fait une d\u00e9claration de politique g\u00e9n\u00e9rale devant l\u2019Assembl\u00e9e nationale. Cette d\u00e9claration est suivie de d\u00e9bats et donne lieu \u00e0 un vote. L\u2019adoption de cette d\u00e9claration vaut investiture \u00bb.<\/strong><\/em><\/p>\n<p>La DPG sera retransmise en direct sur les antennes de la RTB et sur l\u2019ensemble de son r\u00e9seau synchronis\u00e9, ainsi que sur les m\u00e9dias partenaires et la page Facebook officielle de la Primature.<\/p>\n<p><strong><span style=\"font-size: 1.0625rem;\">Latribunedufaso.net<\/span><\/strong><\/p>\n<p><strong>Source : DCRP\/Prim<span style=\"font-size: 1.0625rem;\">ature<\/span><\/strong><\/p>\n","protected":false},"excerpt":{"rendered":"<p>Le Premier ministre, Rimtalba Jean Emmanuel Ou\u00e9draogo pr\u00e9sentera sa D\u00e9claration de politique g\u00e9n\u00e9rale (DPG), ce vendredi 27 d\u00e9cembre 2024, \u00e0 partir de 09 heures, devant l\u2019Assembl\u00e9e l\u00e9gislative de Transition (ALT). Le Premier minist\u00e8re a fait l\u2019annonce ce 26 d\u00e9cembre 2024 \u00e0 travers un communiqu\u00e9 de presse.<\/p>\n","protected":false},"author":5,"featured_media":17833,"comment_status":"open","ping_status":"open","sticky":false,"template":"","format":"standard","meta":{"footnotes":""},"categories":[13,1,8],"tags":[593,39],"class_list":["post-17832","post","type-post","status-publish","format-standard","has-post-thumbnail","hentry","category-une","category-actu","category-societe","tag-declaration-de-politique-generale-du-premier-ministre","tag-latribunedufaso-net"],"yoast_head":"<!-- This site is optimized with the Yoast SEO plugin v27.4 - https:\/\/yoast.com\/product\/yoast-seo-wordpress\/ -->\n<title>Burkina : Le Premier ministre pr\u00e9sentera sa D\u00e9claration de politique g\u00e9n\u00e9rale ce 27 d\u00e9cembre 2024 devant l\u2019ALT\u00a0 - La Tribune du Faso<\/title>\n<meta name=\"robots\" content=\"index, follow, max-snippet:-1, max-image-preview:large, max-video-preview:-1\" \/>\n<link rel=\"canonical\" href=\"https:\/\/www.latribunedufaso.net\/?p=17832\" \/>\n<meta property=\"og:locale\" content=\"fr_FR\" \/>\n<meta property=\"og:type\" content=\"article\" \/>\n<meta property=\"og:title\" content=\"Burkina : Le Premier ministre pr\u00e9sentera sa D\u00e9claration de politique g\u00e9n\u00e9rale ce 27 d\u00e9cembre 2024 devant l\u2019ALT\u00a0 - La Tribune du Faso\" \/>\n<meta property=\"og:description\" content=\"Le Premier ministre, Rimtalba Jean Emmanuel Ou\u00e9draogo pr\u00e9sentera sa D\u00e9claration de politique g\u00e9n\u00e9rale (DPG), ce vendredi 27 d\u00e9cembre 2024, \u00e0 partir de 09 heures, devant l\u2019Assembl\u00e9e l\u00e9gislative de Transition (ALT). Le Premier minist\u00e8re a fait l\u2019annonce ce 26 d\u00e9cembre 2024 \u00e0 travers un communiqu\u00e9 de presse.\" \/>\n<meta property=\"og:url\" content=\"https:\/\/www.latribunedufaso.net\/?p=17832\" \/>\n<meta property=\"og:site_name\" content=\"La Tribune du Faso\" \/>\n<meta property=\"article:publisher\" content=\"https:\/\/www.facebook.com\/LatribuneduFaso\/\" \/>\n<meta property=\"article:published_time\" content=\"2024-12-26T12:26:27+00:00\" \/>\n<meta property=\"og:image\" content=\"https:\/\/www.latribunedufaso.net\/wp-content\/uploads\/2024\/12\/FB_IMG_1735215865603.jpg\" \/>\n\t<meta property=\"og:image:width\" content=\"720\" \/>\n\t<meta property=\"og:image:height\" content=\"688\" \/>\n\t<meta property=\"og:image:type\" content=\"image\/jpeg\" \/>\n<meta name=\"author\" content=\"Issouf Tapsoba\" \/>\n<meta name=\"twitter:label1\" content=\"\u00c9crit par\" \/>\n\t<meta name=\"twitter:data1\" content=\"Issouf Tapsoba\" \/>\n\t<meta name=\"twitter:label2\" content=\"Dur\u00e9e de lecture estim\u00e9e\" \/>\n\t<meta name=\"twitter:data2\" content=\"1 minute\" \/>\n<script type=\"application\/ld+json\" class=\"yoast-schema-graph\">{\"@context\":\"https:\\\/\\\/schema.org\",\"@graph\":[{\"@type\":\"Article\",\"@id\":\"https:\\\/\\\/www.latribunedufaso.net\\\/?p=17832#article\",\"isPartOf\":{\"@id\":\"https:\\\/\\\/www.latribunedufaso.net\\\/?p=17832\"},\"author\":{\"name\":\"Issouf Tapsoba\",\"@id\":\"https:\\\/\\\/www.latribunedufaso.net\\\/#\\\/schema\\\/person\\\/e54e64c5778a7e72cf80a318b7a622b0\"},\"headline\":\"Burkina : Le Premier ministre pr\u00e9sentera sa D\u00e9claration de politique g\u00e9n\u00e9rale ce 27 d\u00e9cembre 2024 devant l\u2019ALT\u00a0\",\"datePublished\":\"2024-12-26T12:26:27+00:00\",\"mainEntityOfPage\":{\"@id\":\"https:\\\/\\\/www.latribunedufaso.net\\\/?p=17832\"},\"wordCount\":228,\"commentCount\":0,\"publisher\":{\"@id\":\"https:\\\/\\\/www.latribunedufaso.net\\\/#organization\"},\"image\":{\"@id\":\"https:\\\/\\\/www.latribunedufaso.net\\\/?p=17832#primaryimage\"},\"thumbnailUrl\":\"https:\\\/\\\/www.latribunedufaso.net\\\/wp-content\\\/uploads\\\/2024\\\/12\\\/FB_IMG_1735215865603.jpg\",\"keywords\":[\"D\u00e9claration de politique g\u00e9n\u00e9rale du Premier ministre\",\"latribunedufaso.net\"],\"articleSection\":[\"A la une\",\"Actualit\u00e9\",\"Soci\u00e9t\u00e9\"],\"inLanguage\":\"fr-FR\",\"potentialAction\":[{\"@type\":\"CommentAction\",\"name\":\"Comment\",\"target\":[\"https:\\\/\\\/www.latribunedufaso.net\\\/?p=17832#respond\"]}]},{\"@type\":\"WebPage\",\"@id\":\"https:\\\/\\\/www.latribunedufaso.net\\\/?p=17832\",\"url\":\"https:\\\/\\\/www.latribunedufaso.net\\\/?p=17832\",\"name\":\"Burkina : Le Premier ministre pr\u00e9sentera sa D\u00e9claration de politique g\u00e9n\u00e9rale ce 27 d\u00e9cembre 2024 devant l\u2019ALT\u00a0 - La Tribune du Faso\",\"isPartOf\":{\"@id\":\"https:\\\/\\\/www.latribunedufaso.net\\\/#website\"},\"primaryImageOfPage\":{\"@id\":\"https:\\\/\\\/www.latribunedufaso.net\\\/?p=17832#primaryimage\"},\"image\":{\"@id\":\"https:\\\/\\\/www.latribunedufaso.net\\\/?p=17832#primaryimage\"},\"thumbnailUrl\":\"https:\\\/\\\/www.latribunedufaso.net\\\/wp-content\\\/uploads\\\/2024\\\/12\\\/FB_IMG_1735215865603.jpg\",\"datePublished\":\"2024-12-26T12:26:27+00:00\",\"breadcrumb\":{\"@id\":\"https:\\\/\\\/www.latribunedufaso.net\\\/?p=17832#breadcrumb\"},\"inLanguage\":\"fr-FR\",\"potentialAction\":[{\"@type\":\"ReadAction\",\"target\":[\"https:\\\/\\\/www.latribunedufaso.net\\\/?p=17832\"]}]},{\"@type\":\"ImageObject\",\"inLanguage\":\"fr-FR\",\"@id\":\"https:\\\/\\\/www.latribunedufaso.net\\\/?p=17832#primaryimage\",\"url\":\"https:\\\/\\\/www.latribunedufaso.net\\\/wp-content\\\/uploads\\\/2024\\\/12\\\/FB_IMG_1735215865603.jpg\",\"contentUrl\":\"https:\\\/\\\/www.latribunedufaso.net\\\/wp-content\\\/uploads\\\/2024\\\/12\\\/FB_IMG_1735215865603.jpg\",\"width\":720,\"height\":688,\"caption\":\"Photo illustrative de l'annonce de la DPG du Premier ministre Jean Emmanuel Ou\u00e9draogo\"},{\"@type\":\"BreadcrumbList\",\"@id\":\"https:\\\/\\\/www.latribunedufaso.net\\\/?p=17832#breadcrumb\",\"itemListElement\":[{\"@type\":\"ListItem\",\"position\":1,\"name\":\"Accueil\",\"item\":\"https:\\\/\\\/www.latribunedufaso.net\\\/\"},{\"@type\":\"ListItem\",\"position\":2,\"name\":\"Burkina : Le Premier ministre pr\u00e9sentera sa D\u00e9claration de politique g\u00e9n\u00e9rale ce 27 d\u00e9cembre 2024 devant l\u2019ALT\u00a0\"}]},{\"@type\":\"WebSite\",\"@id\":\"https:\\\/\\\/www.latribunedufaso.net\\\/#website\",\"url\":\"https:\\\/\\\/www.latribunedufaso.net\\\/\",\"name\":\"La Tribune du Faso\",\"description\":\"L&#039;information du monde rural en un clic\",\"publisher\":{\"@id\":\"https:\\\/\\\/www.latribunedufaso.net\\\/#organization\"},\"potentialAction\":[{\"@type\":\"SearchAction\",\"target\":{\"@type\":\"EntryPoint\",\"urlTemplate\":\"https:\\\/\\\/www.latribunedufaso.net\\\/?s={search_term_string}\"},\"query-input\":{\"@type\":\"PropertyValueSpecification\",\"valueRequired\":true,\"valueName\":\"search_term_string\"}}],\"inLanguage\":\"fr-FR\"},{\"@type\":\"Organization\",\"@id\":\"https:\\\/\\\/www.latribunedufaso.net\\\/#organization\",\"name\":\"La Tribune du Faso\",\"url\":\"https:\\\/\\\/www.latribunedufaso.net\\\/\",\"logo\":{\"@type\":\"ImageObject\",\"inLanguage\":\"fr-FR\",\"@id\":\"https:\\\/\\\/www.latribunedufaso.net\\\/#\\\/schema\\\/logo\\\/image\\\/\",\"url\":\"https:\\\/\\\/www.latribunedufaso.net\\\/wp-content\\\/uploads\\\/2020\\\/08\\\/Logo-Tribune-du-Faso-final-scaled.jpg\",\"contentUrl\":\"https:\\\/\\\/www.latribunedufaso.net\\\/wp-content\\\/uploads\\\/2020\\\/08\\\/Logo-Tribune-du-Faso-final-scaled.jpg\",\"width\":2560,\"height\":1856,\"caption\":\"La Tribune du Faso\"},\"image\":{\"@id\":\"https:\\\/\\\/www.latribunedufaso.net\\\/#\\\/schema\\\/logo\\\/image\\\/\"},\"sameAs\":[\"https:\\\/\\\/www.facebook.com\\\/LatribuneduFaso\\\/\"]},{\"@type\":\"Person\",\"@id\":\"https:\\\/\\\/www.latribunedufaso.net\\\/#\\\/schema\\\/person\\\/e54e64c5778a7e72cf80a318b7a622b0\",\"name\":\"Issouf Tapsoba\",\"image\":{\"@type\":\"ImageObject\",\"inLanguage\":\"fr-FR\",\"@id\":\"https:\\\/\\\/secure.gravatar.com\\\/avatar\\\/5e6c05150ce3230247d167f5b94d678eb05936197436d69b7921e3a95c9107ac?s=96&d=mm&r=g\",\"url\":\"https:\\\/\\\/secure.gravatar.com\\\/avatar\\\/5e6c05150ce3230247d167f5b94d678eb05936197436d69b7921e3a95c9107ac?s=96&d=mm&r=g\",\"contentUrl\":\"https:\\\/\\\/secure.gravatar.com\\\/avatar\\\/5e6c05150ce3230247d167f5b94d678eb05936197436d69b7921e3a95c9107ac?s=96&d=mm&r=g\",\"caption\":\"Issouf Tapsoba\"},\"url\":\"https:\\\/\\\/www.latribunedufaso.net\\\/?author=5\"}]}<\/script>\n<!-- \/ Yoast SEO plugin. -->","yoast_head_json":{"title":"Burkina : Le Premier ministre pr\u00e9sentera sa D\u00e9claration de politique g\u00e9n\u00e9rale ce 27 d\u00e9cembre 2024 devant l\u2019ALT\u00a0 - La Tribune du Faso","robots":{"index":"index","follow":"follow","max-snippet":"max-snippet:-1","max-image-preview":"max-image-preview:large","max-video-preview":"max-video-preview:-1"},"canonical":"https:\/\/www.latribunedufaso.net\/?p=17832","og_locale":"fr_FR","og_type":"article","og_title":"Burkina : Le Premier ministre pr\u00e9sentera sa D\u00e9claration de politique g\u00e9n\u00e9rale ce 27 d\u00e9cembre 2024 devant l\u2019ALT\u00a0 - La Tribune du Faso","og_description":"Le Premier ministre, Rimtalba Jean Emmanuel Ou\u00e9draogo pr\u00e9sentera sa D\u00e9claration de politique g\u00e9n\u00e9rale (DPG), ce vendredi 27 d\u00e9cembre 2024, \u00e0 partir de 09 heures, devant l\u2019Assembl\u00e9e l\u00e9gislative de Transition (ALT). Le Premier minist\u00e8re a fait l\u2019annonce ce 26 d\u00e9cembre 2024 \u00e0 travers un communiqu\u00e9 de presse.","og_url":"https:\/\/www.latribunedufaso.net\/?p=17832","og_site_name":"La Tribune du Faso","article_publisher":"https:\/\/www.facebook.com\/LatribuneduFaso\/","article_published_time":"2024-12-26T12:26:27+00:00","og_image":[{"width":720,"height":688,"url":"https:\/\/www.latribunedufaso.net\/wp-content\/uploads\/2024\/12\/FB_IMG_1735215865603.jpg","type":"image\/jpeg"}],"author":"Issouf Tapsoba","twitter_misc":{"\u00c9crit par":"Issouf Tapsoba","Dur\u00e9e de lecture estim\u00e9e":"1 minute"},"schema":{"@context":"https:\/\/schema.org","@graph":[{"@type":"Article","@id":"https:\/\/www.latribunedufaso.net\/?p=17832#article","isPartOf":{"@id":"https:\/\/www.latribunedufaso.net\/?p=17832"},"author":{"name":"Issouf Tapsoba","@id":"https:\/\/www.latribunedufaso.net\/#\/schema\/person\/e54e64c5778a7e72cf80a318b7a622b0"},"headline":"Burkina : Le Premier ministre pr\u00e9sentera sa D\u00e9claration de politique g\u00e9n\u00e9rale ce 27 d\u00e9cembre 2024 devant l\u2019ALT\u00a0","datePublished":"2024-12-26T12:26:27+00:00","mainEntityOfPage":{"@id":"https:\/\/www.latribunedufaso.net\/?p=17832"},"wordCount":228,"commentCount":0,"publisher":{"@id":"https:\/\/www.latribunedufaso.net\/#organization"},"image":{"@id":"https:\/\/www.latribunedufaso.net\/?p=17832#primaryimage"},"thumbnailUrl":"https:\/\/www.latribunedufaso.net\/wp-content\/uploads\/2024\/12\/FB_IMG_1735215865603.jpg","keywords":["D\u00e9claration de politique g\u00e9n\u00e9rale du Premier ministre","latribunedufaso.net"],"articleSection":["A la une","Actualit\u00e9","Soci\u00e9t\u00e9"],"inLanguage":"fr-FR","potentialAction":[{"@type":"CommentAction","name":"Comment","target":["https:\/\/www.latribunedufaso.net\/?p=17832#respond"]}]},{"@type":"WebPage","@id":"https:\/\/www.latribunedufaso.net\/?p=17832","url":"https:\/\/www.latribunedufaso.net\/?p=17832","name":"Burkina : Le Premier ministre pr\u00e9sentera sa D\u00e9claration de politique g\u00e9n\u00e9rale ce 27 d\u00e9cembre 2024 devant l\u2019ALT\u00a0 - La Tribune du Faso","isPartOf":{"@id":"https:\/\/www.latribunedufaso.net\/#website"},"primaryImageOfPage":{"@id":"https:\/\/www.latribunedufaso.net\/?p=17832#primaryimage"},"image":{"@id":"https:\/\/www.latribunedufaso.net\/?p=17832#primaryimage"},"thumbnailUrl":"https:\/\/www.latribunedufaso.net\/wp-content\/uploads\/2024\/12\/FB_IMG_1735215865603.jpg","datePublished":"2024-12-26T12:26:27+00:00","breadcrumb":{"@id":"https:\/\/www.latribunedufaso.net\/?p=17832#breadcrumb"},"inLanguage":"fr-FR","potentialAction":[{"@type":"ReadAction","target":["https:\/\/www.latribunedufaso.net\/?p=17832"]}]},{"@type":"ImageObject","inLanguage":"fr-FR","@id":"https:\/\/www.latribunedufaso.net\/?p=17832#primaryimage","url":"https:\/\/www.latribunedufaso.net\/wp-content\/uploads\/2024\/12\/FB_IMG_1735215865603.jpg","contentUrl":"https:\/\/www.latribunedufaso.net\/wp-content\/uploads\/2024\/12\/FB_IMG_1735215865603.jpg","width":720,"height":688,"caption":"Photo illustrative de l'annonce de la DPG du Premier ministre Jean Emmanuel Ou\u00e9draogo"},{"@type":"BreadcrumbList","@id":"https:\/\/www.latribunedufaso.net\/?p=17832#breadcrumb","itemListElement":[{"@type":"ListItem","position":1,"name":"Accueil","item":"https:\/\/www.latribunedufaso.net\/"},{"@type":"ListItem","position":2,"name":"Burkina : Le Premier ministre pr\u00e9sentera sa D\u00e9claration de politique g\u00e9n\u00e9rale ce 27 d\u00e9cembre 2024 devant l\u2019ALT\u00a0"}]},{"@type":"WebSite","@id":"https:\/\/www.latribunedufaso.net\/#website","url":"https:\/\/www.latribunedufaso.net\/","name":"La Tribune du Faso","description":"L&#039;information du monde rural en un clic","publisher":{"@id":"https:\/\/www.latribunedufaso.net\/#organization"},"potentialAction":[{"@type":"SearchAction","target":{"@type":"EntryPoint","urlTemplate":"https:\/\/www.latribunedufaso.net\/?s={search_term_string}"},"query-input":{"@type":"PropertyValueSpecification","valueRequired":true,"valueName":"search_term_string"}}],"inLanguage":"fr-FR"},{"@type":"Organization","@id":"https:\/\/www.latribunedufaso.net\/#organization","name":"La Tribune du Faso","url":"https:\/\/www.latribunedufaso.net\/","logo":{"@type":"ImageObject","inLanguage":"fr-FR","@id":"https:\/\/www.latribunedufaso.net\/#\/schema\/logo\/image\/","url":"https:\/\/www.latribunedufaso.net\/wp-content\/uploads\/2020\/08\/Logo-Tribune-du-Faso-final-scaled.jpg","contentUrl":"https:\/\/www.latribunedufaso.net\/wp-content\/uploads\/2020\/08\/Logo-Tribune-du-Faso-final-scaled.jpg","width":2560,"height":1856,"caption":"La Tribune du Faso"},"image":{"@id":"https:\/\/www.latribunedufaso.net\/#\/schema\/logo\/image\/"},"sameAs":["https:\/\/www.facebook.com\/LatribuneduFaso\/"]},{"@type":"Person","@id":"https:\/\/www.latribunedufaso.net\/#\/schema\/person\/e54e64c5778a7e72cf80a318b7a622b0","name":"Issouf Tapsoba","image":{"@type":"ImageObject","inLanguage":"fr-FR","@id":"https:\/\/secure.gravatar.com\/avatar\/5e6c05150ce3230247d167f5b94d678eb05936197436d69b7921e3a95c9107ac?s=96&d=mm&r=g","url":"https:\/\/secure.gravatar.com\/avatar\/5e6c05150ce3230247d167f5b94d678eb05936197436d69b7921e3a95c9107ac?s=96&d=mm&r=g","contentUrl":"https:\/\/secure.gravatar.com\/avatar\/5e6c05150ce3230247d167f5b94d678eb05936197436d69b7921e3a95c9107ac?s=96&d=mm&r=g","caption":"Issouf Tapsoba"},"url":"https:\/\/www.latribunedufaso.net\/?author=5"}]}},"_links":{"self":[{"href":"https:\/\/www.latribunedufaso.net\/index.php?rest_route=\/wp\/v2\/posts\/17832","targetHints":{"allow":["GET"]}}],"collection":[{"href":"https:\/\/www.latribunedufaso.net\/index.php?rest_route=\/wp\/v2\/posts"}],"about":[{"href":"https:\/\/www.latribunedufaso.net\/index.php?rest_route=\/wp\/v2\/types\/post"}],"author":[{"embeddable":true,"href":"https:\/\/www.latribunedufaso.net\/index.php?rest_route=\/wp\/v2\/users\/5"}],"replies":[{"embeddable":true,"href":"https:\/\/www.latribunedufaso.net\/index.php?rest_route=%2Fwp%2Fv2%2Fcomments&post=17832"}],"version-history":[{"count":1,"href":"https:\/\/www.latribunedufaso.net\/index.php?rest_route=\/wp\/v2\/posts\/17832\/revisions"}],"predecessor-version":[{"id":17834,"href":"https:\/\/www.latribunedufaso.net\/index.php?rest_route=\/wp\/v2\/posts\/17832\/revisions\/17834"}],"wp:featuredmedia":[{"embeddable":true,"href":"https:\/\/www.latribunedufaso.net\/index.php?rest_route=\/wp\/v2\/media\/17833"}],"wp:attachment":[{"href":"https:\/\/www.latribunedufaso.net\/index.php?rest_route=%2Fwp%2Fv2%2Fmedia&parent=17832"}],"wp:term":[{"taxonomy":"category","embeddable":true,"href":"https:\/\/www.latribunedufaso.net\/index.php?rest_route=%2Fwp%2Fv2%2Fcategories&post=17832"},{"taxonomy":"post_tag","embeddable":true,"href":"https:\/\/www.latribunedufaso.net\/index.php?rest_route=%2Fwp%2Fv2%2Ftags&post=17832"}],"curies":[{"name":"wp","href":"https:\/\/api.w.org\/{rel}","templated":true}]}}