{"id":17799,"date":"2024-12-25T00:09:51","date_gmt":"2024-12-25T00:09:51","guid":{"rendered":"https:\/\/www.latribunedufaso.net\/?p=17799"},"modified":"2025-01-06T19:45:27","modified_gmt":"2025-01-06T19:45:27","slug":"police-nationale-voici-les-mesures-prises-pour-garantir-la-securite-pendant-les-fetes-de-fin-dannee","status":"publish","type":"post","link":"https:\/\/www.latribunedufaso.net\/?p=17799","title":{"rendered":"Police Nationale : Voici les mesures prises pour garantir la s\u00e9curit\u00e9 pendant les f\u00eates de fin d\u2019ann\u00e9e"},"content":{"rendered":"<p><strong style=\"font-size: 1.0625rem;\">Le 24 d\u00e9cembre 2024 \u00e0 Ouagadougou, la Police nationale a tenu une conf\u00e9rence de presse pour d\u00e9voiler son dispositif de s\u00e9curit\u00e9 destin\u00e9 \u00e0 assurer la tranquillit\u00e9 publique pendant les f\u00eates de fin d\u2019ann\u00e9e. Dirig\u00e9e par le Commissaire Principal de Police, Hamado Tassembedo, la conf\u00e9rence de presse visait \u00e0 informer les citoyens des mesures prises pour garantir leur s\u00e9curit\u00e9 et leur bien-\u00eatre tout au long de cette p\u00e9riode festive.<\/strong><\/p>\n<p><!--more--><\/p>\n<p>Lors de cette rencontre avec les m\u00e9dias, le Commissaire Tassembedo a pr\u00e9cis\u00e9 que plusieurs mesures ont \u00e9t\u00e9 mises en place pour renforcer la s\u00e9curit\u00e9 des citoyens et pr\u00e9venir les risques pendant les f\u00eates. Parmi les actions phares du dispositif, on note le renforcement des patrouilles dans les zones sensibles de la capitale, ainsi que l\u2019installation de points de contr\u00f4le strat\u00e9giques pour surveiller la circulation et pr\u00e9venir les exc\u00e8s de vitesse. Une attention particuli\u00e8re sera \u00e9galement accord\u00e9e \u00e0 la consommation excessive d\u2019alcool, qui peut entra\u00eener des comportements \u00e0 risque et des accidents.<\/p>\n<figure id=\"attachment_17800\" aria-describedby=\"caption-attachment-17800\" style=\"width: 2560px\" class=\"wp-caption aligncenter\"><a href=\"https:\/\/www.latribunedufaso.net\/wp-content\/uploads\/2024\/12\/IMG-20241224-WA0085.jpg\"><img loading=\"lazy\" decoding=\"async\" class=\"size-full wp-image-17800\" src=\"https:\/\/www.latribunedufaso.net\/wp-content\/uploads\/2024\/12\/IMG-20241224-WA0085.jpg\" alt=\"Conf\u00e9rence de presse de la Police nationale sur les dispositifs s\u00e9curitaires mis en place pour garantir la s\u00e9curit\u00e9 pendant les f\u00eates de fin d'ann\u00e9e, 24 d\u00e9cembre 2024 \u00e0 Ouaga\" width=\"2560\" height=\"1537\" srcset=\"https:\/\/www.latribunedufaso.net\/wp-content\/uploads\/2024\/12\/IMG-20241224-WA0085.jpg 2560w, https:\/\/www.latribunedufaso.net\/wp-content\/uploads\/2024\/12\/IMG-20241224-WA0085-300x180.jpg 300w, https:\/\/www.latribunedufaso.net\/wp-content\/uploads\/2024\/12\/IMG-20241224-WA0085-1024x615.jpg 1024w, https:\/\/www.latribunedufaso.net\/wp-content\/uploads\/2024\/12\/IMG-20241224-WA0085-768x461.jpg 768w, https:\/\/www.latribunedufaso.net\/wp-content\/uploads\/2024\/12\/IMG-20241224-WA0085-1536x922.jpg 1536w, https:\/\/www.latribunedufaso.net\/wp-content\/uploads\/2024\/12\/IMG-20241224-WA0085-2048x1230.jpg 2048w\" sizes=\"auto, (max-width: 2560px) 100vw, 2560px\" \/><\/a><figcaption id=\"caption-attachment-17800\" class=\"wp-caption-text\">Le Commissaire Principal de Police, Hamado Tassembedo (au milieu) &#8211; Ph. N. Ouattara<\/figcaption><\/figure>\n<p>Le Commissaire Tassembedo a \u00e9galement insist\u00e9 sur l\u2019importance de la vigilance collective et de la coop\u00e9ration entre la Police et la population. <em><strong>\u00ab La s\u00e9curit\u00e9 des personnes et des biens et la reconqu\u00eate de l\u2019int\u00e9grit\u00e9 territoriale sont les priorit\u00e9s actuelles et est l\u2019affaire de tous \u00bb,<\/strong><\/em> a-t-il soulign\u00e9.<\/p>\n<p>Il a ainsi encourag\u00e9 les Burkinab\u00e8 \u00e0 signaler toute activit\u00e9 suspecte et \u00e0 respecter les consignes de s\u00e9curit\u00e9, notamment en mati\u00e8re de comportement sur la voie publique et dans les lieux de rassemblement.<\/p>\n<h3>Consignes de s\u00e9curit\u00e9 et pr\u00e9vention des risques<\/h3>\n<p>En plus des mesures de surveillance, les autorit\u00e9s ont rappel\u00e9 l\u2019importance de la pr\u00e9vention des risques. Le Commissaire Tassembedo a, notamment \u00e9voqu\u00e9 la n\u00e9cessit\u00e9 de sensibiliser la population sur les comportements \u00e0 adopter pour \u00e9viter les accidents, tant sur la route qu\u2019en milieu urbain. Il a aussi mis en avant la protection des biens personnels, en encourageant les citoyens \u00e0 \u00eatre particuli\u00e8rement vigilants lors des achats de fin d\u2019ann\u00e9e et des sorties nocturnes.<\/p>\n<p><iframe loading=\"lazy\" width=\"560\" height=\"315\" src=\"https:\/\/www.youtube.com\/embed\/pJpS6Q8v7v0?si=QC7YEKWuZvRqm6Xu\" title=\"YouTube video player\" frameborder=\"0\" allow=\"accelerometer; autoplay; clipboard-write; encrypted-media; gyroscope; picture-in-picture; web-share\" referrerpolicy=\"strict-origin-when-cross-origin\" allowfullscreen><\/iframe><\/p>\n<p>Le dispositif de s\u00e9curit\u00e9 ne se limite pas aux seules zones urbaines, mais s\u2019\u00e9tend \u00e9galement aux axes routiers, o\u00f9 des contr\u00f4les renforc\u00e9s seront op\u00e9r\u00e9s pour pr\u00e9venir les accidents li\u00e9s aux d\u00e9placements massifs de fin d\u2019ann\u00e9e. <em><strong>\u00ab Nous mettons en place un dispositif adapt\u00e9 pour chaque situation, que ce soit en ville ou sur les routes \u00bb<\/strong><\/em>, a ajout\u00e9 M. Tassembedo.<\/p>\n<blockquote>\n<p>Lire aussi &gt;&gt; <a href=\"https:\/\/www.latribunedufaso.net\/?p=17597\">Criminalit\u00e9 urbaine : 03 r\u00e9seaux de pr\u00e9sum\u00e9s malfrats d\u00e9mantel\u00e9s par la police nationale \u00e0 Ouagadougou<\/a><\/p>\n<\/blockquote>\n<p>Avec ce dispositif, la Police Nationale entend offrir aux citoyens burkinab\u00e8 une fin d\u2019ann\u00e9e sans incident majeur, en assurant un environnement s\u00e9curis\u00e9. Les mesures mises en place visent \u00e0 prot\u00e9ger les vies humaines, garantir la s\u00e9curit\u00e9 des biens, et permettre \u00e0 chacun de profiter des festivit\u00e9s dans la tranquillit\u00e9 et la s\u00e9r\u00e9nit\u00e9.<\/p>\n<p><strong>Nabintou OUATTARA\u00a0<\/strong><\/p>\n<p><strong><span style=\"font-size: 1.0625rem;\">Latribune<\/span><span style=\"font-size: 1.0625rem;\">dufaso.net\u00a0<\/span><\/strong><\/p>\n","protected":false},"excerpt":{"rendered":"<p>Le 24 d\u00e9cembre 2024 \u00e0 Ouagadougou, la Police nationale a tenu une conf\u00e9rence de presse pour d\u00e9voiler son dispositif de s\u00e9curit\u00e9 destin\u00e9 \u00e0 assurer la tranquillit\u00e9 publique pendant les f\u00eates de fin d\u2019ann\u00e9e. Dirig\u00e9e par le Commissaire Principal de Police, Hamado Tassembedo, la conf\u00e9rence de presse visait \u00e0 informer les citoyens des mesures prises pour garantir leur s\u00e9curit\u00e9 et leur bien-\u00eatre tout au long de cette p\u00e9riode festive.<\/p>\n","protected":false},"author":5,"featured_media":17800,"comment_status":"open","ping_status":"open","sticky":false,"template":"","format":"standard","meta":{"footnotes":""},"categories":[13,1,8],"tags":[586,39,78],"class_list":["post-17799","post","type-post","status-publish","format-standard","has-post-thumbnail","hentry","category-une","category-actu","category-societe","tag-dispositif-securitaire-fete-de-fin-dannee","tag-latribunedufaso-net","tag-police-nationale"],"yoast_head":"<!-- This site is optimized with the Yoast SEO plugin v27.5 - https:\/\/yoast.com\/product\/yoast-seo-wordpress\/ -->\n<title>Police Nationale : Voici les mesures prises pour garantir la s\u00e9curit\u00e9 pendant les f\u00eates de fin d\u2019ann\u00e9e - La Tribune du Faso<\/title>\n<meta name=\"robots\" content=\"index, follow, max-snippet:-1, max-image-preview:large, max-video-preview:-1\" \/>\n<link rel=\"canonical\" href=\"https:\/\/www.latribunedufaso.net\/?p=17799\" \/>\n<meta property=\"og:locale\" content=\"fr_FR\" \/>\n<meta property=\"og:type\" content=\"article\" \/>\n<meta property=\"og:title\" content=\"Police Nationale : Voici les mesures prises pour garantir la s\u00e9curit\u00e9 pendant les f\u00eates de fin d\u2019ann\u00e9e - La Tribune du Faso\" \/>\n<meta property=\"og:description\" content=\"Le 24 d\u00e9cembre 2024 \u00e0 Ouagadougou, la Police nationale a tenu une conf\u00e9rence de presse pour d\u00e9voiler son dispositif de s\u00e9curit\u00e9 destin\u00e9 \u00e0 assurer la tranquillit\u00e9 publique pendant les f\u00eates de fin d\u2019ann\u00e9e. Dirig\u00e9e par le Commissaire Principal de Police, Hamado Tassembedo, la conf\u00e9rence de presse visait \u00e0 informer les citoyens des mesures prises pour garantir leur s\u00e9curit\u00e9 et leur bien-\u00eatre tout au long de cette p\u00e9riode festive.\" \/>\n<meta property=\"og:url\" content=\"https:\/\/www.latribunedufaso.net\/?p=17799\" \/>\n<meta property=\"og:site_name\" content=\"La Tribune du Faso\" \/>\n<meta property=\"article:publisher\" content=\"https:\/\/www.facebook.com\/LatribuneduFaso\/\" \/>\n<meta property=\"article:published_time\" content=\"2024-12-25T00:09:51+00:00\" \/>\n<meta property=\"article:modified_time\" content=\"2025-01-06T19:45:27+00:00\" \/>\n<meta property=\"og:image\" content=\"https:\/\/www.latribunedufaso.net\/wp-content\/uploads\/2024\/12\/IMG-20241224-WA0085.jpg\" \/>\n\t<meta property=\"og:image:width\" content=\"2560\" \/>\n\t<meta property=\"og:image:height\" content=\"1537\" \/>\n\t<meta property=\"og:image:type\" content=\"image\/jpeg\" \/>\n<meta name=\"author\" content=\"Issouf Tapsoba\" \/>\n<meta name=\"twitter:label1\" content=\"\u00c9crit par\" \/>\n\t<meta name=\"twitter:data1\" content=\"Issouf Tapsoba\" \/>\n\t<meta name=\"twitter:label2\" content=\"Dur\u00e9e de lecture estim\u00e9e\" \/>\n\t<meta name=\"twitter:data2\" content=\"3 minutes\" \/>\n<script type=\"application\/ld+json\" class=\"yoast-schema-graph\">{\"@context\":\"https:\\\/\\\/schema.org\",\"@graph\":[{\"@type\":\"Article\",\"@id\":\"https:\\\/\\\/www.latribunedufaso.net\\\/?p=17799#article\",\"isPartOf\":{\"@id\":\"https:\\\/\\\/www.latribunedufaso.net\\\/?p=17799\"},\"author\":{\"name\":\"Issouf Tapsoba\",\"@id\":\"https:\\\/\\\/www.latribunedufaso.net\\\/#\\\/schema\\\/person\\\/e54e64c5778a7e72cf80a318b7a622b0\"},\"headline\":\"Police Nationale : Voici les mesures prises pour garantir la s\u00e9curit\u00e9 pendant les f\u00eates de fin d\u2019ann\u00e9e\",\"datePublished\":\"2024-12-25T00:09:51+00:00\",\"dateModified\":\"2025-01-06T19:45:27+00:00\",\"mainEntityOfPage\":{\"@id\":\"https:\\\/\\\/www.latribunedufaso.net\\\/?p=17799\"},\"wordCount\":546,\"commentCount\":0,\"publisher\":{\"@id\":\"https:\\\/\\\/www.latribunedufaso.net\\\/#organization\"},\"image\":{\"@id\":\"https:\\\/\\\/www.latribunedufaso.net\\\/?p=17799#primaryimage\"},\"thumbnailUrl\":\"https:\\\/\\\/www.latribunedufaso.net\\\/wp-content\\\/uploads\\\/2024\\\/12\\\/IMG-20241224-WA0085.jpg\",\"keywords\":[\"Dispositif s\u00e9curitaire f\u00eate de fin d'ann\u00e9e\",\"latribunedufaso.net\",\"Police nationale\"],\"articleSection\":[\"A la une\",\"Actualit\u00e9\",\"Soci\u00e9t\u00e9\"],\"inLanguage\":\"fr-FR\",\"potentialAction\":[{\"@type\":\"CommentAction\",\"name\":\"Comment\",\"target\":[\"https:\\\/\\\/www.latribunedufaso.net\\\/?p=17799#respond\"]}]},{\"@type\":\"WebPage\",\"@id\":\"https:\\\/\\\/www.latribunedufaso.net\\\/?p=17799\",\"url\":\"https:\\\/\\\/www.latribunedufaso.net\\\/?p=17799\",\"name\":\"Police Nationale : Voici les mesures prises pour garantir la s\u00e9curit\u00e9 pendant les f\u00eates de fin d\u2019ann\u00e9e - La Tribune du Faso\",\"isPartOf\":{\"@id\":\"https:\\\/\\\/www.latribunedufaso.net\\\/#website\"},\"primaryImageOfPage\":{\"@id\":\"https:\\\/\\\/www.latribunedufaso.net\\\/?p=17799#primaryimage\"},\"image\":{\"@id\":\"https:\\\/\\\/www.latribunedufaso.net\\\/?p=17799#primaryimage\"},\"thumbnailUrl\":\"https:\\\/\\\/www.latribunedufaso.net\\\/wp-content\\\/uploads\\\/2024\\\/12\\\/IMG-20241224-WA0085.jpg\",\"datePublished\":\"2024-12-25T00:09:51+00:00\",\"dateModified\":\"2025-01-06T19:45:27+00:00\",\"breadcrumb\":{\"@id\":\"https:\\\/\\\/www.latribunedufaso.net\\\/?p=17799#breadcrumb\"},\"inLanguage\":\"fr-FR\",\"potentialAction\":[{\"@type\":\"ReadAction\",\"target\":[\"https:\\\/\\\/www.latribunedufaso.net\\\/?p=17799\"]}]},{\"@type\":\"ImageObject\",\"inLanguage\":\"fr-FR\",\"@id\":\"https:\\\/\\\/www.latribunedufaso.net\\\/?p=17799#primaryimage\",\"url\":\"https:\\\/\\\/www.latribunedufaso.net\\\/wp-content\\\/uploads\\\/2024\\\/12\\\/IMG-20241224-WA0085.jpg\",\"contentUrl\":\"https:\\\/\\\/www.latribunedufaso.net\\\/wp-content\\\/uploads\\\/2024\\\/12\\\/IMG-20241224-WA0085.jpg\",\"width\":2560,\"height\":1537,\"caption\":\"Le Commissaire Principal de Police, Hamado Tassembedo (au milieu) - Ph. N. Ouattara\"},{\"@type\":\"BreadcrumbList\",\"@id\":\"https:\\\/\\\/www.latribunedufaso.net\\\/?p=17799#breadcrumb\",\"itemListElement\":[{\"@type\":\"ListItem\",\"position\":1,\"name\":\"Accueil\",\"item\":\"https:\\\/\\\/www.latribunedufaso.net\\\/\"},{\"@type\":\"ListItem\",\"position\":2,\"name\":\"Police Nationale : Voici les mesures prises pour garantir la s\u00e9curit\u00e9 pendant les f\u00eates de fin d\u2019ann\u00e9e\"}]},{\"@type\":\"WebSite\",\"@id\":\"https:\\\/\\\/www.latribunedufaso.net\\\/#website\",\"url\":\"https:\\\/\\\/www.latribunedufaso.net\\\/\",\"name\":\"La Tribune du Faso\",\"description\":\"L&#039;information du monde rural en un clic\",\"publisher\":{\"@id\":\"https:\\\/\\\/www.latribunedufaso.net\\\/#organization\"},\"potentialAction\":[{\"@type\":\"SearchAction\",\"target\":{\"@type\":\"EntryPoint\",\"urlTemplate\":\"https:\\\/\\\/www.latribunedufaso.net\\\/?s={search_term_string}\"},\"query-input\":{\"@type\":\"PropertyValueSpecification\",\"valueRequired\":true,\"valueName\":\"search_term_string\"}}],\"inLanguage\":\"fr-FR\"},{\"@type\":\"Organization\",\"@id\":\"https:\\\/\\\/www.latribunedufaso.net\\\/#organization\",\"name\":\"La Tribune du Faso\",\"url\":\"https:\\\/\\\/www.latribunedufaso.net\\\/\",\"logo\":{\"@type\":\"ImageObject\",\"inLanguage\":\"fr-FR\",\"@id\":\"https:\\\/\\\/www.latribunedufaso.net\\\/#\\\/schema\\\/logo\\\/image\\\/\",\"url\":\"https:\\\/\\\/www.latribunedufaso.net\\\/wp-content\\\/uploads\\\/2020\\\/08\\\/Logo-Tribune-du-Faso-final-scaled.jpg\",\"contentUrl\":\"https:\\\/\\\/www.latribunedufaso.net\\\/wp-content\\\/uploads\\\/2020\\\/08\\\/Logo-Tribune-du-Faso-final-scaled.jpg\",\"width\":2560,\"height\":1856,\"caption\":\"La Tribune du Faso\"},\"image\":{\"@id\":\"https:\\\/\\\/www.latribunedufaso.net\\\/#\\\/schema\\\/logo\\\/image\\\/\"},\"sameAs\":[\"https:\\\/\\\/www.facebook.com\\\/LatribuneduFaso\\\/\"]},{\"@type\":\"Person\",\"@id\":\"https:\\\/\\\/www.latribunedufaso.net\\\/#\\\/schema\\\/person\\\/e54e64c5778a7e72cf80a318b7a622b0\",\"name\":\"Issouf Tapsoba\",\"image\":{\"@type\":\"ImageObject\",\"inLanguage\":\"fr-FR\",\"@id\":\"https:\\\/\\\/secure.gravatar.com\\\/avatar\\\/5e6c05150ce3230247d167f5b94d678eb05936197436d69b7921e3a95c9107ac?s=96&d=mm&r=g\",\"url\":\"https:\\\/\\\/secure.gravatar.com\\\/avatar\\\/5e6c05150ce3230247d167f5b94d678eb05936197436d69b7921e3a95c9107ac?s=96&d=mm&r=g\",\"contentUrl\":\"https:\\\/\\\/secure.gravatar.com\\\/avatar\\\/5e6c05150ce3230247d167f5b94d678eb05936197436d69b7921e3a95c9107ac?s=96&d=mm&r=g\",\"caption\":\"Issouf Tapsoba\"},\"url\":\"https:\\\/\\\/www.latribunedufaso.net\\\/?author=5\"}]}<\/script>\n<!-- \/ Yoast SEO plugin. -->","yoast_head_json":{"title":"Police Nationale : Voici les mesures prises pour garantir la s\u00e9curit\u00e9 pendant les f\u00eates de fin d\u2019ann\u00e9e - La Tribune du Faso","robots":{"index":"index","follow":"follow","max-snippet":"max-snippet:-1","max-image-preview":"max-image-preview:large","max-video-preview":"max-video-preview:-1"},"canonical":"https:\/\/www.latribunedufaso.net\/?p=17799","og_locale":"fr_FR","og_type":"article","og_title":"Police Nationale : Voici les mesures prises pour garantir la s\u00e9curit\u00e9 pendant les f\u00eates de fin d\u2019ann\u00e9e - La Tribune du Faso","og_description":"Le 24 d\u00e9cembre 2024 \u00e0 Ouagadougou, la Police nationale a tenu une conf\u00e9rence de presse pour d\u00e9voiler son dispositif de s\u00e9curit\u00e9 destin\u00e9 \u00e0 assurer la tranquillit\u00e9 publique pendant les f\u00eates de fin d\u2019ann\u00e9e. Dirig\u00e9e par le Commissaire Principal de Police, Hamado Tassembedo, la conf\u00e9rence de presse visait \u00e0 informer les citoyens des mesures prises pour garantir leur s\u00e9curit\u00e9 et leur bien-\u00eatre tout au long de cette p\u00e9riode festive.","og_url":"https:\/\/www.latribunedufaso.net\/?p=17799","og_site_name":"La Tribune du Faso","article_publisher":"https:\/\/www.facebook.com\/LatribuneduFaso\/","article_published_time":"2024-12-25T00:09:51+00:00","article_modified_time":"2025-01-06T19:45:27+00:00","og_image":[{"width":2560,"height":1537,"url":"https:\/\/www.latribunedufaso.net\/wp-content\/uploads\/2024\/12\/IMG-20241224-WA0085.jpg","type":"image\/jpeg"}],"author":"Issouf Tapsoba","twitter_misc":{"\u00c9crit par":"Issouf Tapsoba","Dur\u00e9e de lecture estim\u00e9e":"3 minutes"},"schema":{"@context":"https:\/\/schema.org","@graph":[{"@type":"Article","@id":"https:\/\/www.latribunedufaso.net\/?p=17799#article","isPartOf":{"@id":"https:\/\/www.latribunedufaso.net\/?p=17799"},"author":{"name":"Issouf Tapsoba","@id":"https:\/\/www.latribunedufaso.net\/#\/schema\/person\/e54e64c5778a7e72cf80a318b7a622b0"},"headline":"Police Nationale : Voici les mesures prises pour garantir la s\u00e9curit\u00e9 pendant les f\u00eates de fin d\u2019ann\u00e9e","datePublished":"2024-12-25T00:09:51+00:00","dateModified":"2025-01-06T19:45:27+00:00","mainEntityOfPage":{"@id":"https:\/\/www.latribunedufaso.net\/?p=17799"},"wordCount":546,"commentCount":0,"publisher":{"@id":"https:\/\/www.latribunedufaso.net\/#organization"},"image":{"@id":"https:\/\/www.latribunedufaso.net\/?p=17799#primaryimage"},"thumbnailUrl":"https:\/\/www.latribunedufaso.net\/wp-content\/uploads\/2024\/12\/IMG-20241224-WA0085.jpg","keywords":["Dispositif s\u00e9curitaire f\u00eate de fin d'ann\u00e9e","latribunedufaso.net","Police nationale"],"articleSection":["A la une","Actualit\u00e9","Soci\u00e9t\u00e9"],"inLanguage":"fr-FR","potentialAction":[{"@type":"CommentAction","name":"Comment","target":["https:\/\/www.latribunedufaso.net\/?p=17799#respond"]}]},{"@type":"WebPage","@id":"https:\/\/www.latribunedufaso.net\/?p=17799","url":"https:\/\/www.latribunedufaso.net\/?p=17799","name":"Police Nationale : Voici les mesures prises pour garantir la s\u00e9curit\u00e9 pendant les f\u00eates de fin d\u2019ann\u00e9e - La Tribune du Faso","isPartOf":{"@id":"https:\/\/www.latribunedufaso.net\/#website"},"primaryImageOfPage":{"@id":"https:\/\/www.latribunedufaso.net\/?p=17799#primaryimage"},"image":{"@id":"https:\/\/www.latribunedufaso.net\/?p=17799#primaryimage"},"thumbnailUrl":"https:\/\/www.latribunedufaso.net\/wp-content\/uploads\/2024\/12\/IMG-20241224-WA0085.jpg","datePublished":"2024-12-25T00:09:51+00:00","dateModified":"2025-01-06T19:45:27+00:00","breadcrumb":{"@id":"https:\/\/www.latribunedufaso.net\/?p=17799#breadcrumb"},"inLanguage":"fr-FR","potentialAction":[{"@type":"ReadAction","target":["https:\/\/www.latribunedufaso.net\/?p=17799"]}]},{"@type":"ImageObject","inLanguage":"fr-FR","@id":"https:\/\/www.latribunedufaso.net\/?p=17799#primaryimage","url":"https:\/\/www.latribunedufaso.net\/wp-content\/uploads\/2024\/12\/IMG-20241224-WA0085.jpg","contentUrl":"https:\/\/www.latribunedufaso.net\/wp-content\/uploads\/2024\/12\/IMG-20241224-WA0085.jpg","width":2560,"height":1537,"caption":"Le Commissaire Principal de Police, Hamado Tassembedo (au milieu) - Ph. N. Ouattara"},{"@type":"BreadcrumbList","@id":"https:\/\/www.latribunedufaso.net\/?p=17799#breadcrumb","itemListElement":[{"@type":"ListItem","position":1,"name":"Accueil","item":"https:\/\/www.latribunedufaso.net\/"},{"@type":"ListItem","position":2,"name":"Police Nationale : Voici les mesures prises pour garantir la s\u00e9curit\u00e9 pendant les f\u00eates de fin d\u2019ann\u00e9e"}]},{"@type":"WebSite","@id":"https:\/\/www.latribunedufaso.net\/#website","url":"https:\/\/www.latribunedufaso.net\/","name":"La Tribune du Faso","description":"L&#039;information du monde rural en un clic","publisher":{"@id":"https:\/\/www.latribunedufaso.net\/#organization"},"potentialAction":[{"@type":"SearchAction","target":{"@type":"EntryPoint","urlTemplate":"https:\/\/www.latribunedufaso.net\/?s={search_term_string}"},"query-input":{"@type":"PropertyValueSpecification","valueRequired":true,"valueName":"search_term_string"}}],"inLanguage":"fr-FR"},{"@type":"Organization","@id":"https:\/\/www.latribunedufaso.net\/#organization","name":"La Tribune du Faso","url":"https:\/\/www.latribunedufaso.net\/","logo":{"@type":"ImageObject","inLanguage":"fr-FR","@id":"https:\/\/www.latribunedufaso.net\/#\/schema\/logo\/image\/","url":"https:\/\/www.latribunedufaso.net\/wp-content\/uploads\/2020\/08\/Logo-Tribune-du-Faso-final-scaled.jpg","contentUrl":"https:\/\/www.latribunedufaso.net\/wp-content\/uploads\/2020\/08\/Logo-Tribune-du-Faso-final-scaled.jpg","width":2560,"height":1856,"caption":"La Tribune du Faso"},"image":{"@id":"https:\/\/www.latribunedufaso.net\/#\/schema\/logo\/image\/"},"sameAs":["https:\/\/www.facebook.com\/LatribuneduFaso\/"]},{"@type":"Person","@id":"https:\/\/www.latribunedufaso.net\/#\/schema\/person\/e54e64c5778a7e72cf80a318b7a622b0","name":"Issouf Tapsoba","image":{"@type":"ImageObject","inLanguage":"fr-FR","@id":"https:\/\/secure.gravatar.com\/avatar\/5e6c05150ce3230247d167f5b94d678eb05936197436d69b7921e3a95c9107ac?s=96&d=mm&r=g","url":"https:\/\/secure.gravatar.com\/avatar\/5e6c05150ce3230247d167f5b94d678eb05936197436d69b7921e3a95c9107ac?s=96&d=mm&r=g","contentUrl":"https:\/\/secure.gravatar.com\/avatar\/5e6c05150ce3230247d167f5b94d678eb05936197436d69b7921e3a95c9107ac?s=96&d=mm&r=g","caption":"Issouf Tapsoba"},"url":"https:\/\/www.latribunedufaso.net\/?author=5"}]}},"_links":{"self":[{"href":"https:\/\/www.latribunedufaso.net\/index.php?rest_route=\/wp\/v2\/posts\/17799","targetHints":{"allow":["GET"]}}],"collection":[{"href":"https:\/\/www.latribunedufaso.net\/index.php?rest_route=\/wp\/v2\/posts"}],"about":[{"href":"https:\/\/www.latribunedufaso.net\/index.php?rest_route=\/wp\/v2\/types\/post"}],"author":[{"embeddable":true,"href":"https:\/\/www.latribunedufaso.net\/index.php?rest_route=\/wp\/v2\/users\/5"}],"replies":[{"embeddable":true,"href":"https:\/\/www.latribunedufaso.net\/index.php?rest_route=%2Fwp%2Fv2%2Fcomments&post=17799"}],"version-history":[{"count":2,"href":"https:\/\/www.latribunedufaso.net\/index.php?rest_route=\/wp\/v2\/posts\/17799\/revisions"}],"predecessor-version":[{"id":18026,"href":"https:\/\/www.latribunedufaso.net\/index.php?rest_route=\/wp\/v2\/posts\/17799\/revisions\/18026"}],"wp:featuredmedia":[{"embeddable":true,"href":"https:\/\/www.latribunedufaso.net\/index.php?rest_route=\/wp\/v2\/media\/17800"}],"wp:attachment":[{"href":"https:\/\/www.latribunedufaso.net\/index.php?rest_route=%2Fwp%2Fv2%2Fmedia&parent=17799"}],"wp:term":[{"taxonomy":"category","embeddable":true,"href":"https:\/\/www.latribunedufaso.net\/index.php?rest_route=%2Fwp%2Fv2%2Fcategories&post=17799"},{"taxonomy":"post_tag","embeddable":true,"href":"https:\/\/www.latribunedufaso.net\/index.php?rest_route=%2Fwp%2Fv2%2Ftags&post=17799"}],"curies":[{"name":"wp","href":"https:\/\/api.w.org\/{rel}","templated":true}]}}