{"id":1779,"date":"2020-11-09T19:10:33","date_gmt":"2020-11-09T19:10:33","guid":{"rendered":"https:\/\/www.latribunedufaso.net\/?p=1779"},"modified":"2020-11-09T19:10:33","modified_gmt":"2020-11-09T19:10:33","slug":"presidentielle-2020-je-suis-le-mieux-place-parmi-tous-les-candidats-au-moins-pour-atteindre-lautosuffisance-alimentaire-abdoulaye-soma","status":"publish","type":"post","link":"https:\/\/www.latribunedufaso.net\/?p=1779","title":{"rendered":"Pr\u00e9sidentielle 2020\u00a0: \u00ab\u00a0Je suis le mieux plac\u00e9 parmi tous les candidats au moins pour atteindre l\u2019autosuffisance alimentaire \u00bb, Abdoulaye Soma"},"content":{"rendered":"<p><strong>Pr Abdoulaye Soma, candidat du mouvement Soleil d\u2019Avenir, a sillonn\u00e9 la gare routi\u00e8re et les rues de la ville de Boromo, province des Bal\u00e9, dans la Boucle du Mouhoun le samedi 7 novembre 2020, afin d\u2019\u00eatre plus proche des populations et de mieux faire connaitre son programme de soci\u00e9t\u00e9. <\/strong><!--more--><\/p>\n<p><a href=\"https:\/\/latribunedufaso.net\/wp-content\/uploads\/2020\/11\/IMG-20201107-WA0005.jpg\"><img loading=\"lazy\" decoding=\"async\" class=\" wp-image-1787 aligncenter\" src=\"https:\/\/latribunedufaso.net\/wp-content\/uploads\/2020\/11\/IMG-20201107-WA0005-300x150.jpg\" alt=\"\" width=\"480\" height=\"240\" srcset=\"https:\/\/www.latribunedufaso.net\/wp-content\/uploads\/2020\/11\/IMG-20201107-WA0005-300x150.jpg 300w, https:\/\/www.latribunedufaso.net\/wp-content\/uploads\/2020\/11\/IMG-20201107-WA0005-1024x512.jpg 1024w, https:\/\/www.latribunedufaso.net\/wp-content\/uploads\/2020\/11\/IMG-20201107-WA0005-768x384.jpg 768w, https:\/\/www.latribunedufaso.net\/wp-content\/uploads\/2020\/11\/IMG-20201107-WA0005-840x420.jpg 840w, https:\/\/www.latribunedufaso.net\/wp-content\/uploads\/2020\/11\/IMG-20201107-WA0005.jpg 1040w\" sizes=\"auto, (max-width: 480px) 100vw, 480px\" \/><\/a><\/p>\n<p>En langue moor\u00e9, dioula et fran\u00e7aise, Pr Abdoulaye Soma s\u2019est voulu plus proche des populations de Boromo. En effet, dans cette course \u00e0 la pr\u00e9sidentielle, le candidat du mouvement Soleil d\u2019avenir privil\u00e9gie les sorties de proximit\u00e9. C\u2019est ainsi qu\u2019il s\u2019est invit\u00e9 au sein de la gare routi\u00e8re et dans les rues de la commune de Boromo pour partager sa vision du Burkina Faso pour les cinq prochaines ann\u00e9es. \u00ab\u00a0Les gens ont besoin de contact humain. Ils ont besoin de voir leurs dirigeants. Ils ont besoin de voir ceux qui pr\u00e9tendre au tr\u00f4ne national. J\u2019ai parl\u00e9 avec les gens dans leur langue\u00a0\u00bb, a indiqu\u00e9 le professeur tout en qualifiant de favorable cette sortie de proximit\u00e9.<\/p>\n<p>\u00ab\u00a0J\u2019ai pr\u00e9vu pour les jeunes qui ont fini les \u00e9tudes et qui sont au ch\u00f4mage, et qui cherchent de l\u2019emploi, d\u2019utiliser dans mon programme 2\u00a0milliards francs CFA par an pour donner un million \u00e0 tout jeune homme, femme qui a pu d\u00e9velopper une id\u00e9e qui lui permet de cr\u00e9er un emploi occupant cinq personnes\u00a0\u00bb, a fait savoir Abdoulaye Soma en ce qui concerne l\u2019emploi des jeunes s\u2019il est \u00e9lu pr\u00e9sident du Faso au soir du 22 novembre. Avec cette somme, explique-t-il, je peux donner 2\u00a0000 fois un million, donc 2\u00a0000 activit\u00e9s. Ainsi, d\u2019apr\u00e8s ses estimations, chaque activit\u00e9 engageant cinq personnes permettra de cr\u00e9er 10\u00a0000 emplois par an, c\u2019est-\u00e0-dire 50 000 emplois sur cinq ans qui ne sont pas connect\u00e9s au budget de l\u2019Etat, parce que dans le secteur informel priv\u00e9. \u00ab\u00a0Les mesures de ce type, j\u2019en ai quinze dans mon programme qui est publi\u00e9. Je veux g\u00e9rer ce pays pour le r\u00e9volutionner, le changer avec int\u00e9grit\u00e9. J\u2019ai fait le v\u0153u de l\u2019int\u00e9grit\u00e9 dans la gestion de l\u2019Etat, et je veux maintenir ce cap-l\u00e0. Le jour o\u00f9 il faut mentir, voler pour gagner les \u00e9lections, je ne serai pas en politique\u00a0\u00bb, a ajout\u00e9 le juriste de formation.<\/p>\n<p>&nbsp;<\/p>\n<p>Le candidat du mouvement Soleil d\u2019avenir (SA) promet \u00e9galement de soutenir les personnes \u00e2g\u00e9es durant les cinq ans de son mandat. \u00ab\u00a0Quand je serai pr\u00e9sident du Faso, les cinq mille personnes les plus \u00e2g\u00e9es du Burkina Faso vont recevoir une rente viag\u00e8re mensuelle de 30\u00a0000 francs CFA. \u00c7a ne rend pas riche, mais \u00e7a permet \u00e0 nos personnes \u00e2g\u00e9es d\u2019\u00eatre dans un minimum vital\u00a0\u00bb, a laiss\u00e9 entendre Pr Soma. Pour lui, ce que va co\u00fbter une telle initiative ne vaut en rien les b\u00e9n\u00e9dictions qu\u2019elle va susciter chez les b\u00e9n\u00e9ficiaires pour le Burkina Faso. \u00ab\u00a0Cela repr\u00e9sente 150 millions par mois. Ce n\u2019est pas beaucoup, mais les b\u00e9n\u00e9dictions de \u00e7a pour le pays c\u2019est beaucoup, et c\u2019est ce que je cherche pour ce pays. Je veux que le Burkina Faso soit un pays b\u00e9ni sous ma gouvernance\u00a0\u00bb, a-t-il d\u00e9clar\u00e9. En ce qui concerne la s\u00e9lection des personnes, il avance\u00a0:\u00a0\u00ab\u00a0On va faire d\u00e9poser les dossiers des personnes \u00e2g\u00e9es dans les diff\u00e9rentes mairies. Ces derni\u00e8res vont centraliser \u00e7\u00e0 au niveau central et on va classer par \u00e2ge, puisque le crit\u00e8re c\u2019est l\u2019\u00e2ge et on boucle au cinq milli\u00e8me et on donne. Chaque ann\u00e9e, on fait le point\u00a0; si quelqu\u2019un est d\u00e9c\u00e9d\u00e9, on prend l\u2019autre qui suit. Donc, chaque ann\u00e9e, il y a 5\u00a0000 personnes \u00e2g\u00e9es qui touchent 30\u00a0000 francs CFA par mois de l\u2019Etat Burkinab\u00e8\u00a0\u00bb.<\/p>\n<p><a href=\"https:\/\/latribunedufaso.net\/wp-content\/uploads\/2020\/11\/IMG-20201107-WA0004.jpg\"><img loading=\"lazy\" decoding=\"async\" class=\" wp-image-1781 aligncenter\" src=\"https:\/\/latribunedufaso.net\/wp-content\/uploads\/2020\/11\/IMG-20201107-WA0004-300x150.jpg\" alt=\"\" width=\"480\" height=\"240\" srcset=\"https:\/\/www.latribunedufaso.net\/wp-content\/uploads\/2020\/11\/IMG-20201107-WA0004-300x150.jpg 300w, https:\/\/www.latribunedufaso.net\/wp-content\/uploads\/2020\/11\/IMG-20201107-WA0004-1024x512.jpg 1024w, https:\/\/www.latribunedufaso.net\/wp-content\/uploads\/2020\/11\/IMG-20201107-WA0004-768x384.jpg 768w, https:\/\/www.latribunedufaso.net\/wp-content\/uploads\/2020\/11\/IMG-20201107-WA0004-840x420.jpg 840w, https:\/\/www.latribunedufaso.net\/wp-content\/uploads\/2020\/11\/IMG-20201107-WA0004.jpg 1040w\" sizes=\"auto, (max-width: 480px) 100vw, 480px\" \/><\/a><\/p>\n<p>Le candidat du SA (Soleil d\u2019avenir) veut faire davantage profiter le Burkina Faso de son or.\u00a0\u00ab Je pr\u00e9vois dans mon programme la cr\u00e9ation d\u2019une soci\u00e9t\u00e9 mini\u00e8re d\u2019Etat afin de permettre au Burkina Faso d\u2019exploiter et b\u00e9n\u00e9ficier de son or\u00a0\u00bb, a-t-il affirm\u00e9 avant de montrer son d\u00e9saccord avec ce que per\u00e7oit le pays sur la dizaine de mines en exploitation sur son territoire. \u00ab\u00a0Actuellement, avec les soci\u00e9t\u00e9s commerciales, le Burkina Faso n\u2019a que 10% des b\u00e9n\u00e9fices net d\u00e9clar\u00e9s par les soci\u00e9t\u00e9s, ce qui est insignifiant. Alors qu\u2019il y a actuellement une dizaine de soci\u00e9t\u00e9s mini\u00e8res en activit\u00e9\u00a0\u00bb, a not\u00e9 M. Soma.<\/p>\n<p>L\u2019atteinte de l\u2019autosuffisance alimentaire sera l\u2019une des batailles du candidat au lendemain de son \u00e9lection \u00e0 la magistrature supr\u00eame. En effet, dans son programme, il y est nomm\u00e9 le projet de \u00ab\u00a0un champ d\u2019Etat par province\u00a0\u00bb. \u00ab\u00a0Dans chaque province, on a un champ de l\u2019Etat dont la production est faite par l\u2019Etat et les denr\u00e9es reviennent \u00e0 l\u2019Etat. Ces 45 champs sont destin\u00e9s \u00e0 atteindre l\u2019autosuffisance alimentaire. C\u2019est pour produire les denr\u00e9es alimentaires de base et de grande consommation au Burkina Faso\u00a0\u00bb, a-t-il d\u00e9taill\u00e9. Pour ce qu\u2019il est fils de paysan et pour avoir effectu\u00e9 des ann\u00e9es de recherches sur l\u2019Etat et l\u2019alimentation de son peuple, il s\u2019estime, de tous les candidats en comp\u00e9tition pour le fauteuil pr\u00e9sidentiel, le plus indiqu\u00e9 pour pr\u00e9tendre \u00e0 une autosuffisance alimentaire au Burkina Faso, comme l\u2019avait presqu\u2019atteint Thomas Sankara. \u00ab\u00a0Je suis un fils de paysan, et j\u2019ai fait ma th\u00e8se de doctorat sur la fa\u00e7on dont un Etat doit nourrir son peuple. Je suis le mieux plac\u00e9 parmi tous les candidats au moins pour atteindre l\u2019autosuffisance alimentaire\u00a0\u00bb, argue-t-il.<\/p>\n<p><strong>Tambi Serge Pac\u00f4me Zongo<\/strong><\/p>\n<p><strong>Latribunedufaso.net<\/strong><\/p>\n","protected":false},"excerpt":{"rendered":"<p>Pr Abdoulaye Soma, candidat du mouvement Soleil d\u2019Avenir, a sillonn\u00e9 la gare routi\u00e8re et les rues de la ville de Boromo, province des Bal\u00e9, dans la Boucle du Mouhoun le samedi 7 novembre 2020, afin d\u2019\u00eatre plus proche des populations et de mieux faire connaitre son programme de soci\u00e9t\u00e9.<\/p>\n","protected":false},"author":2,"featured_media":1790,"comment_status":"open","ping_status":"open","sticky":false,"template":"","format":"standard","meta":{"footnotes":""},"categories":[13,1,26],"tags":[],"class_list":["post-1779","post","type-post","status-publish","format-standard","has-post-thumbnail","hentry","category-une","category-actu","category-elections-couplees-novembre-2020"],"yoast_head":"<!-- This site is optimized with the Yoast SEO plugin v27.5 - https:\/\/yoast.com\/product\/yoast-seo-wordpress\/ -->\n<title>Pr\u00e9sidentielle 2020\u00a0: \u00ab\u00a0Je suis le mieux plac\u00e9 parmi tous les candidats au moins pour atteindre l\u2019autosuffisance alimentaire \u00bb, Abdoulaye Soma - La Tribune du Faso<\/title>\n<meta name=\"robots\" content=\"index, follow, max-snippet:-1, max-image-preview:large, max-video-preview:-1\" \/>\n<link rel=\"canonical\" href=\"https:\/\/www.latribunedufaso.net\/?p=1779\" \/>\n<meta property=\"og:locale\" content=\"fr_FR\" \/>\n<meta property=\"og:type\" content=\"article\" \/>\n<meta property=\"og:title\" content=\"Pr\u00e9sidentielle 2020\u00a0: \u00ab\u00a0Je suis le mieux plac\u00e9 parmi tous les candidats au moins pour atteindre l\u2019autosuffisance alimentaire \u00bb, Abdoulaye Soma - La Tribune du Faso\" \/>\n<meta property=\"og:description\" content=\"Pr Abdoulaye Soma, candidat du mouvement Soleil d\u2019Avenir, a sillonn\u00e9 la gare routi\u00e8re et les rues de la ville de Boromo, province des Bal\u00e9, dans la Boucle du Mouhoun le samedi 7 novembre 2020, afin d\u2019\u00eatre plus proche des populations et de mieux faire connaitre son programme de soci\u00e9t\u00e9.\" \/>\n<meta property=\"og:url\" content=\"https:\/\/www.latribunedufaso.net\/?p=1779\" \/>\n<meta property=\"og:site_name\" content=\"La Tribune du Faso\" \/>\n<meta property=\"article:publisher\" content=\"https:\/\/www.facebook.com\/LatribuneduFaso\/\" \/>\n<meta property=\"article:published_time\" content=\"2020-11-09T19:10:33+00:00\" \/>\n<meta property=\"og:image\" content=\"https:\/\/latribunedufaso.net\/wp-content\/uploads\/2020\/11\/IMG_20201107_101201_5-scaled.jpg\" \/>\n\t<meta property=\"og:image:width\" content=\"2560\" \/>\n\t<meta property=\"og:image:height\" content=\"1920\" \/>\n\t<meta property=\"og:image:type\" content=\"image\/jpeg\" \/>\n<meta name=\"author\" content=\"Administrateur\" \/>\n<meta name=\"twitter:label1\" content=\"\u00c9crit par\" \/>\n\t<meta name=\"twitter:data1\" content=\"Administrateur\" \/>\n\t<meta name=\"twitter:label2\" content=\"Dur\u00e9e de lecture estim\u00e9e\" \/>\n\t<meta name=\"twitter:data2\" content=\"5 minutes\" \/>\n<script type=\"application\/ld+json\" class=\"yoast-schema-graph\">{\"@context\":\"https:\\\/\\\/schema.org\",\"@graph\":[{\"@type\":\"Article\",\"@id\":\"https:\\\/\\\/www.latribunedufaso.net\\\/?p=1779#article\",\"isPartOf\":{\"@id\":\"https:\\\/\\\/www.latribunedufaso.net\\\/?p=1779\"},\"author\":{\"name\":\"Administrateur\",\"@id\":\"https:\\\/\\\/www.latribunedufaso.net\\\/#\\\/schema\\\/person\\\/a380782d0605bb8aae27c40ea93b35b1\"},\"headline\":\"Pr\u00e9sidentielle 2020\u00a0: \u00ab\u00a0Je suis le mieux plac\u00e9 parmi tous les candidats au moins pour atteindre l\u2019autosuffisance alimentaire \u00bb, Abdoulaye Soma\",\"datePublished\":\"2020-11-09T19:10:33+00:00\",\"mainEntityOfPage\":{\"@id\":\"https:\\\/\\\/www.latribunedufaso.net\\\/?p=1779\"},\"wordCount\":998,\"commentCount\":0,\"publisher\":{\"@id\":\"https:\\\/\\\/www.latribunedufaso.net\\\/#organization\"},\"image\":{\"@id\":\"https:\\\/\\\/www.latribunedufaso.net\\\/?p=1779#primaryimage\"},\"thumbnailUrl\":\"https:\\\/\\\/www.latribunedufaso.net\\\/wp-content\\\/uploads\\\/2020\\\/11\\\/IMG_20201107_101201_5-scaled.jpg\",\"articleSection\":[\"A la une\",\"Actualit\u00e9\",\"Elections coupl\u00e9es novembre 2020\"],\"inLanguage\":\"fr-FR\",\"potentialAction\":[{\"@type\":\"CommentAction\",\"name\":\"Comment\",\"target\":[\"https:\\\/\\\/www.latribunedufaso.net\\\/?p=1779#respond\"]}]},{\"@type\":\"WebPage\",\"@id\":\"https:\\\/\\\/www.latribunedufaso.net\\\/?p=1779\",\"url\":\"https:\\\/\\\/www.latribunedufaso.net\\\/?p=1779\",\"name\":\"Pr\u00e9sidentielle 2020\u00a0: \u00ab\u00a0Je suis le mieux plac\u00e9 parmi tous les candidats au moins pour atteindre l\u2019autosuffisance alimentaire \u00bb, Abdoulaye Soma - La Tribune du Faso\",\"isPartOf\":{\"@id\":\"https:\\\/\\\/www.latribunedufaso.net\\\/#website\"},\"primaryImageOfPage\":{\"@id\":\"https:\\\/\\\/www.latribunedufaso.net\\\/?p=1779#primaryimage\"},\"image\":{\"@id\":\"https:\\\/\\\/www.latribunedufaso.net\\\/?p=1779#primaryimage\"},\"thumbnailUrl\":\"https:\\\/\\\/www.latribunedufaso.net\\\/wp-content\\\/uploads\\\/2020\\\/11\\\/IMG_20201107_101201_5-scaled.jpg\",\"datePublished\":\"2020-11-09T19:10:33+00:00\",\"breadcrumb\":{\"@id\":\"https:\\\/\\\/www.latribunedufaso.net\\\/?p=1779#breadcrumb\"},\"inLanguage\":\"fr-FR\",\"potentialAction\":[{\"@type\":\"ReadAction\",\"target\":[\"https:\\\/\\\/www.latribunedufaso.net\\\/?p=1779\"]}]},{\"@type\":\"ImageObject\",\"inLanguage\":\"fr-FR\",\"@id\":\"https:\\\/\\\/www.latribunedufaso.net\\\/?p=1779#primaryimage\",\"url\":\"https:\\\/\\\/www.latribunedufaso.net\\\/wp-content\\\/uploads\\\/2020\\\/11\\\/IMG_20201107_101201_5-scaled.jpg\",\"contentUrl\":\"https:\\\/\\\/www.latribunedufaso.net\\\/wp-content\\\/uploads\\\/2020\\\/11\\\/IMG_20201107_101201_5-scaled.jpg\",\"width\":2560,\"height\":1920},{\"@type\":\"BreadcrumbList\",\"@id\":\"https:\\\/\\\/www.latribunedufaso.net\\\/?p=1779#breadcrumb\",\"itemListElement\":[{\"@type\":\"ListItem\",\"position\":1,\"name\":\"Accueil\",\"item\":\"https:\\\/\\\/www.latribunedufaso.net\\\/\"},{\"@type\":\"ListItem\",\"position\":2,\"name\":\"Pr\u00e9sidentielle 2020\u00a0: \u00ab\u00a0Je suis le mieux plac\u00e9 parmi tous les candidats au moins pour atteindre l\u2019autosuffisance alimentaire \u00bb, Abdoulaye Soma\"}]},{\"@type\":\"WebSite\",\"@id\":\"https:\\\/\\\/www.latribunedufaso.net\\\/#website\",\"url\":\"https:\\\/\\\/www.latribunedufaso.net\\\/\",\"name\":\"La Tribune du Faso\",\"description\":\"L&#039;information du monde rural en un clic\",\"publisher\":{\"@id\":\"https:\\\/\\\/www.latribunedufaso.net\\\/#organization\"},\"potentialAction\":[{\"@type\":\"SearchAction\",\"target\":{\"@type\":\"EntryPoint\",\"urlTemplate\":\"https:\\\/\\\/www.latribunedufaso.net\\\/?s={search_term_string}\"},\"query-input\":{\"@type\":\"PropertyValueSpecification\",\"valueRequired\":true,\"valueName\":\"search_term_string\"}}],\"inLanguage\":\"fr-FR\"},{\"@type\":\"Organization\",\"@id\":\"https:\\\/\\\/www.latribunedufaso.net\\\/#organization\",\"name\":\"La Tribune du Faso\",\"url\":\"https:\\\/\\\/www.latribunedufaso.net\\\/\",\"logo\":{\"@type\":\"ImageObject\",\"inLanguage\":\"fr-FR\",\"@id\":\"https:\\\/\\\/www.latribunedufaso.net\\\/#\\\/schema\\\/logo\\\/image\\\/\",\"url\":\"https:\\\/\\\/www.latribunedufaso.net\\\/wp-content\\\/uploads\\\/2020\\\/08\\\/Logo-Tribune-du-Faso-final-scaled.jpg\",\"contentUrl\":\"https:\\\/\\\/www.latribunedufaso.net\\\/wp-content\\\/uploads\\\/2020\\\/08\\\/Logo-Tribune-du-Faso-final-scaled.jpg\",\"width\":2560,\"height\":1856,\"caption\":\"La Tribune du Faso\"},\"image\":{\"@id\":\"https:\\\/\\\/www.latribunedufaso.net\\\/#\\\/schema\\\/logo\\\/image\\\/\"},\"sameAs\":[\"https:\\\/\\\/www.facebook.com\\\/LatribuneduFaso\\\/\"]},{\"@type\":\"Person\",\"@id\":\"https:\\\/\\\/www.latribunedufaso.net\\\/#\\\/schema\\\/person\\\/a380782d0605bb8aae27c40ea93b35b1\",\"name\":\"Administrateur\",\"image\":{\"@type\":\"ImageObject\",\"inLanguage\":\"fr-FR\",\"@id\":\"https:\\\/\\\/secure.gravatar.com\\\/avatar\\\/e20266f97d741f0e80ba1f60283074a9b3317fd7bfb727e0d95b51dafbf854a1?s=96&d=mm&r=g\",\"url\":\"https:\\\/\\\/secure.gravatar.com\\\/avatar\\\/e20266f97d741f0e80ba1f60283074a9b3317fd7bfb727e0d95b51dafbf854a1?s=96&d=mm&r=g\",\"contentUrl\":\"https:\\\/\\\/secure.gravatar.com\\\/avatar\\\/e20266f97d741f0e80ba1f60283074a9b3317fd7bfb727e0d95b51dafbf854a1?s=96&d=mm&r=g\",\"caption\":\"Administrateur\"},\"url\":\"https:\\\/\\\/www.latribunedufaso.net\\\/?author=2\"}]}<\/script>\n<!-- \/ Yoast SEO plugin. -->","yoast_head_json":{"title":"Pr\u00e9sidentielle 2020\u00a0: \u00ab\u00a0Je suis le mieux plac\u00e9 parmi tous les candidats au moins pour atteindre l\u2019autosuffisance alimentaire \u00bb, Abdoulaye Soma - La Tribune du Faso","robots":{"index":"index","follow":"follow","max-snippet":"max-snippet:-1","max-image-preview":"max-image-preview:large","max-video-preview":"max-video-preview:-1"},"canonical":"https:\/\/www.latribunedufaso.net\/?p=1779","og_locale":"fr_FR","og_type":"article","og_title":"Pr\u00e9sidentielle 2020\u00a0: \u00ab\u00a0Je suis le mieux plac\u00e9 parmi tous les candidats au moins pour atteindre l\u2019autosuffisance alimentaire \u00bb, Abdoulaye Soma - La Tribune du Faso","og_description":"Pr Abdoulaye Soma, candidat du mouvement Soleil d\u2019Avenir, a sillonn\u00e9 la gare routi\u00e8re et les rues de la ville de Boromo, province des Bal\u00e9, dans la Boucle du Mouhoun le samedi 7 novembre 2020, afin d\u2019\u00eatre plus proche des populations et de mieux faire connaitre son programme de soci\u00e9t\u00e9.","og_url":"https:\/\/www.latribunedufaso.net\/?p=1779","og_site_name":"La Tribune du Faso","article_publisher":"https:\/\/www.facebook.com\/LatribuneduFaso\/","article_published_time":"2020-11-09T19:10:33+00:00","og_image":[{"width":2560,"height":1920,"url":"https:\/\/latribunedufaso.net\/wp-content\/uploads\/2020\/11\/IMG_20201107_101201_5-scaled.jpg","type":"image\/jpeg"}],"author":"Administrateur","twitter_misc":{"\u00c9crit par":"Administrateur","Dur\u00e9e de lecture estim\u00e9e":"5 minutes"},"schema":{"@context":"https:\/\/schema.org","@graph":[{"@type":"Article","@id":"https:\/\/www.latribunedufaso.net\/?p=1779#article","isPartOf":{"@id":"https:\/\/www.latribunedufaso.net\/?p=1779"},"author":{"name":"Administrateur","@id":"https:\/\/www.latribunedufaso.net\/#\/schema\/person\/a380782d0605bb8aae27c40ea93b35b1"},"headline":"Pr\u00e9sidentielle 2020\u00a0: \u00ab\u00a0Je suis le mieux plac\u00e9 parmi tous les candidats au moins pour atteindre l\u2019autosuffisance alimentaire \u00bb, Abdoulaye Soma","datePublished":"2020-11-09T19:10:33+00:00","mainEntityOfPage":{"@id":"https:\/\/www.latribunedufaso.net\/?p=1779"},"wordCount":998,"commentCount":0,"publisher":{"@id":"https:\/\/www.latribunedufaso.net\/#organization"},"image":{"@id":"https:\/\/www.latribunedufaso.net\/?p=1779#primaryimage"},"thumbnailUrl":"https:\/\/www.latribunedufaso.net\/wp-content\/uploads\/2020\/11\/IMG_20201107_101201_5-scaled.jpg","articleSection":["A la une","Actualit\u00e9","Elections coupl\u00e9es novembre 2020"],"inLanguage":"fr-FR","potentialAction":[{"@type":"CommentAction","name":"Comment","target":["https:\/\/www.latribunedufaso.net\/?p=1779#respond"]}]},{"@type":"WebPage","@id":"https:\/\/www.latribunedufaso.net\/?p=1779","url":"https:\/\/www.latribunedufaso.net\/?p=1779","name":"Pr\u00e9sidentielle 2020\u00a0: \u00ab\u00a0Je suis le mieux plac\u00e9 parmi tous les candidats au moins pour atteindre l\u2019autosuffisance alimentaire \u00bb, Abdoulaye Soma - La Tribune du Faso","isPartOf":{"@id":"https:\/\/www.latribunedufaso.net\/#website"},"primaryImageOfPage":{"@id":"https:\/\/www.latribunedufaso.net\/?p=1779#primaryimage"},"image":{"@id":"https:\/\/www.latribunedufaso.net\/?p=1779#primaryimage"},"thumbnailUrl":"https:\/\/www.latribunedufaso.net\/wp-content\/uploads\/2020\/11\/IMG_20201107_101201_5-scaled.jpg","datePublished":"2020-11-09T19:10:33+00:00","breadcrumb":{"@id":"https:\/\/www.latribunedufaso.net\/?p=1779#breadcrumb"},"inLanguage":"fr-FR","potentialAction":[{"@type":"ReadAction","target":["https:\/\/www.latribunedufaso.net\/?p=1779"]}]},{"@type":"ImageObject","inLanguage":"fr-FR","@id":"https:\/\/www.latribunedufaso.net\/?p=1779#primaryimage","url":"https:\/\/www.latribunedufaso.net\/wp-content\/uploads\/2020\/11\/IMG_20201107_101201_5-scaled.jpg","contentUrl":"https:\/\/www.latribunedufaso.net\/wp-content\/uploads\/2020\/11\/IMG_20201107_101201_5-scaled.jpg","width":2560,"height":1920},{"@type":"BreadcrumbList","@id":"https:\/\/www.latribunedufaso.net\/?p=1779#breadcrumb","itemListElement":[{"@type":"ListItem","position":1,"name":"Accueil","item":"https:\/\/www.latribunedufaso.net\/"},{"@type":"ListItem","position":2,"name":"Pr\u00e9sidentielle 2020\u00a0: \u00ab\u00a0Je suis le mieux plac\u00e9 parmi tous les candidats au moins pour atteindre l\u2019autosuffisance alimentaire \u00bb, Abdoulaye Soma"}]},{"@type":"WebSite","@id":"https:\/\/www.latribunedufaso.net\/#website","url":"https:\/\/www.latribunedufaso.net\/","name":"La Tribune du Faso","description":"L&#039;information du monde rural en un clic","publisher":{"@id":"https:\/\/www.latribunedufaso.net\/#organization"},"potentialAction":[{"@type":"SearchAction","target":{"@type":"EntryPoint","urlTemplate":"https:\/\/www.latribunedufaso.net\/?s={search_term_string}"},"query-input":{"@type":"PropertyValueSpecification","valueRequired":true,"valueName":"search_term_string"}}],"inLanguage":"fr-FR"},{"@type":"Organization","@id":"https:\/\/www.latribunedufaso.net\/#organization","name":"La Tribune du Faso","url":"https:\/\/www.latribunedufaso.net\/","logo":{"@type":"ImageObject","inLanguage":"fr-FR","@id":"https:\/\/www.latribunedufaso.net\/#\/schema\/logo\/image\/","url":"https:\/\/www.latribunedufaso.net\/wp-content\/uploads\/2020\/08\/Logo-Tribune-du-Faso-final-scaled.jpg","contentUrl":"https:\/\/www.latribunedufaso.net\/wp-content\/uploads\/2020\/08\/Logo-Tribune-du-Faso-final-scaled.jpg","width":2560,"height":1856,"caption":"La Tribune du Faso"},"image":{"@id":"https:\/\/www.latribunedufaso.net\/#\/schema\/logo\/image\/"},"sameAs":["https:\/\/www.facebook.com\/LatribuneduFaso\/"]},{"@type":"Person","@id":"https:\/\/www.latribunedufaso.net\/#\/schema\/person\/a380782d0605bb8aae27c40ea93b35b1","name":"Administrateur","image":{"@type":"ImageObject","inLanguage":"fr-FR","@id":"https:\/\/secure.gravatar.com\/avatar\/e20266f97d741f0e80ba1f60283074a9b3317fd7bfb727e0d95b51dafbf854a1?s=96&d=mm&r=g","url":"https:\/\/secure.gravatar.com\/avatar\/e20266f97d741f0e80ba1f60283074a9b3317fd7bfb727e0d95b51dafbf854a1?s=96&d=mm&r=g","contentUrl":"https:\/\/secure.gravatar.com\/avatar\/e20266f97d741f0e80ba1f60283074a9b3317fd7bfb727e0d95b51dafbf854a1?s=96&d=mm&r=g","caption":"Administrateur"},"url":"https:\/\/www.latribunedufaso.net\/?author=2"}]}},"_links":{"self":[{"href":"https:\/\/www.latribunedufaso.net\/index.php?rest_route=\/wp\/v2\/posts\/1779","targetHints":{"allow":["GET"]}}],"collection":[{"href":"https:\/\/www.latribunedufaso.net\/index.php?rest_route=\/wp\/v2\/posts"}],"about":[{"href":"https:\/\/www.latribunedufaso.net\/index.php?rest_route=\/wp\/v2\/types\/post"}],"author":[{"embeddable":true,"href":"https:\/\/www.latribunedufaso.net\/index.php?rest_route=\/wp\/v2\/users\/2"}],"replies":[{"embeddable":true,"href":"https:\/\/www.latribunedufaso.net\/index.php?rest_route=%2Fwp%2Fv2%2Fcomments&post=1779"}],"version-history":[{"count":1,"href":"https:\/\/www.latribunedufaso.net\/index.php?rest_route=\/wp\/v2\/posts\/1779\/revisions"}],"predecessor-version":[{"id":1791,"href":"https:\/\/www.latribunedufaso.net\/index.php?rest_route=\/wp\/v2\/posts\/1779\/revisions\/1791"}],"wp:featuredmedia":[{"embeddable":true,"href":"https:\/\/www.latribunedufaso.net\/index.php?rest_route=\/wp\/v2\/media\/1790"}],"wp:attachment":[{"href":"https:\/\/www.latribunedufaso.net\/index.php?rest_route=%2Fwp%2Fv2%2Fmedia&parent=1779"}],"wp:term":[{"taxonomy":"category","embeddable":true,"href":"https:\/\/www.latribunedufaso.net\/index.php?rest_route=%2Fwp%2Fv2%2Fcategories&post=1779"},{"taxonomy":"post_tag","embeddable":true,"href":"https:\/\/www.latribunedufaso.net\/index.php?rest_route=%2Fwp%2Fv2%2Ftags&post=1779"}],"curies":[{"name":"wp","href":"https:\/\/api.w.org\/{rel}","templated":true}]}}