{"id":17789,"date":"2024-12-25T00:05:12","date_gmt":"2024-12-25T00:05:12","guid":{"rendered":"https:\/\/www.latribunedufaso.net\/?p=17789"},"modified":"2024-12-24T22:58:46","modified_gmt":"2024-12-24T22:58:46","slug":"inauguration-dun-systeme-de-traitement-sans-mercure-a-reo-vers-un-orpaillage-responsable","status":"publish","type":"post","link":"https:\/\/www.latribunedufaso.net\/?p=17789","title":{"rendered":"Inauguration d\u2019un syst\u00e8me de traitement sans mercure \u00e0 R\u00e9o : Vers un orpaillage responsable"},"content":{"rendered":"<p><strong><span style=\"font-size: 1.0625rem;\">Le vendredi 20 d\u00e9cembre 2024, le site d\u2019orpaillage de Guido, dans la commune de R\u00e9o, a \u00e9t\u00e9 le th\u00e9\u00e2tre d\u2019une avanc\u00e9e majeure pour l\u2019exploitation artisanale de l\u2019or au Burkina Faso. Le consortium CAS, compos\u00e9 de Caritas Suisse, Artisanal Gold Council (AGC) et Solidar Suisse, a inaugur\u00e9 un Syst\u00e8me de Traitement du Minerai Sans Mercure (STSM). Ce projet, soutenu par la Direction du D\u00e9veloppement et de la Coop\u00e9ration (DDC) via le Bureau de coop\u00e9ration suisse et agence consulaire au Burkina Faso, s\u2019inscrit dans le cadre du Projet de Promotion de l\u2019Orpaillage Responsable (Projet OR).<\/span><\/strong><!--more--><\/p>\n<p>Face aux enjeux environnementaux et sanitaires li\u00e9s \u00e0 l\u2019utilisation du mercure dans l\u2019exploitation aurif\u00e8re artisanale, le Projet OR vise \u00e0 proposer des alternatives durables.<\/p>\n<figure id=\"attachment_17793\" aria-describedby=\"caption-attachment-17793\" style=\"width: 2560px\" class=\"wp-caption aligncenter\"><a href=\"https:\/\/www.latribunedufaso.net\/wp-content\/uploads\/2024\/12\/IMG-20241224-WA0079.jpg\"><img loading=\"lazy\" decoding=\"async\" class=\"size-full wp-image-17793\" src=\"https:\/\/www.latribunedufaso.net\/wp-content\/uploads\/2024\/12\/IMG-20241224-WA0079.jpg\" alt=\"C\u00e9r\u00e9monie d'inauguration d'un Syst\u00e8me de Traitement du Minerai Sans Mercure (STSM) \u00e0 Guido, dans la commune de R\u00e9o, 20 d\u00e9cembre 2024\" width=\"2560\" height=\"1960\" srcset=\"https:\/\/www.latribunedufaso.net\/wp-content\/uploads\/2024\/12\/IMG-20241224-WA0079.jpg 2560w, https:\/\/www.latribunedufaso.net\/wp-content\/uploads\/2024\/12\/IMG-20241224-WA0079-300x230.jpg 300w, https:\/\/www.latribunedufaso.net\/wp-content\/uploads\/2024\/12\/IMG-20241224-WA0079-1024x784.jpg 1024w, https:\/\/www.latribunedufaso.net\/wp-content\/uploads\/2024\/12\/IMG-20241224-WA0079-768x588.jpg 768w, https:\/\/www.latribunedufaso.net\/wp-content\/uploads\/2024\/12\/IMG-20241224-WA0079-1536x1176.jpg 1536w, https:\/\/www.latribunedufaso.net\/wp-content\/uploads\/2024\/12\/IMG-20241224-WA0079-2048x1568.jpg 2048w\" sizes=\"auto, (max-width: 2560px) 100vw, 2560px\" \/><\/a><figcaption id=\"caption-attachment-17793\" class=\"wp-caption-text\">\u00ab ce syst\u00e8me innovant permettra de bannir progressivement le mercure de la cha\u00eene de production aurif\u00e8re, tout en pr\u00e9servant l\u2019environnement \u00bb, le coordonnateur du projet, Seydou Kabr\u00e9 &#8211; Ph. DR<\/figcaption><\/figure>\n<p>Selon <span style=\"font-size: 1.0625rem;\">Seydou Kabr\u00e9, coordonnateur du projet, ce syst\u00e8me innovant permettra de bannir progressivement le mercure de la cha\u00eene de production aurif\u00e8re, tout en pr\u00e9servant l\u2019environnement.<\/span><\/p>\n<h3>Des acquis significatifs dans une phase pilote<\/h3>\n<p>La Haut-commissaire de la province du Sangui\u00e9, Talari Germaine Ouoba, pr\u00e9sente \u00e0 la c\u00e9r\u00e9monie, a salu\u00e9 l\u2019initiative et soulign\u00e9 les progr\u00e8s d\u00e9j\u00e0 r\u00e9alis\u00e9s.<\/p>\n<figure id=\"attachment_17795\" aria-describedby=\"caption-attachment-17795\" style=\"width: 2560px\" class=\"wp-caption aligncenter\"><a href=\"https:\/\/www.latribunedufaso.net\/wp-content\/uploads\/2024\/12\/IMG-20241224-WA0076.jpg\"><img loading=\"lazy\" decoding=\"async\" class=\"size-full wp-image-17795\" src=\"https:\/\/www.latribunedufaso.net\/wp-content\/uploads\/2024\/12\/IMG-20241224-WA0076.jpg\" alt=\"C\u00e9r\u00e9monie d'inauguration d'un Syst\u00e8me de Traitement du Minerai Sans Mercure (STSM) \u00e0 Guido, dans la commune de R\u00e9o, 20 d\u00e9cembre 2024\" width=\"2560\" height=\"1706\" srcset=\"https:\/\/www.latribunedufaso.net\/wp-content\/uploads\/2024\/12\/IMG-20241224-WA0076.jpg 2560w, https:\/\/www.latribunedufaso.net\/wp-content\/uploads\/2024\/12\/IMG-20241224-WA0076-300x200.jpg 300w, https:\/\/www.latribunedufaso.net\/wp-content\/uploads\/2024\/12\/IMG-20241224-WA0076-1024x682.jpg 1024w, https:\/\/www.latribunedufaso.net\/wp-content\/uploads\/2024\/12\/IMG-20241224-WA0076-768x512.jpg 768w, https:\/\/www.latribunedufaso.net\/wp-content\/uploads\/2024\/12\/IMG-20241224-WA0076-1536x1024.jpg 1536w, https:\/\/www.latribunedufaso.net\/wp-content\/uploads\/2024\/12\/IMG-20241224-WA0076-2048x1365.jpg 2048w, https:\/\/www.latribunedufaso.net\/wp-content\/uploads\/2024\/12\/IMG-20241224-WA0076-840x560.jpg 840w, https:\/\/www.latribunedufaso.net\/wp-content\/uploads\/2024\/12\/IMG-20241224-WA0076-120x80.jpg 120w, https:\/\/www.latribunedufaso.net\/wp-content\/uploads\/2024\/12\/IMG-20241224-WA0076-360x240.jpg 360w, https:\/\/www.latribunedufaso.net\/wp-content\/uploads\/2024\/12\/IMG-20241224-WA0076-600x400.jpg 600w\" sizes=\"auto, (max-width: 2560px) 100vw, 2560px\" \/><\/a><figcaption id=\"caption-attachment-17795\" class=\"wp-caption-text\">La Haut-commissaire de la province du Sangui\u00e9, Talari Germaine Ouoba &#8211; Ph. DR<\/figcaption><\/figure>\n<p><em><strong>\u00ab Le projet a permis de renforcer les capacit\u00e9s des acteurs sur plusieurs fronts : sant\u00e9 et s\u00e9curit\u00e9 au travail, exploitation des donn\u00e9es g\u00e9ologiques, m\u00e9canisation et gestion des coop\u00e9ratives. Il promeut \u00e9galement des pratiques respectueuses de l\u2019environnement et des droits humains sur les sites d\u2019orpaillage \u00bb,<\/strong><\/em> a-t-elle affirm\u00e9.<\/p>\n<h3>Les b\u00e9n\u00e9ficiaires enthousiastes<\/h3>\n<p>Pour les b\u00e9n\u00e9ficiaires, l\u2019installation de ce syst\u00e8me est une avanc\u00e9e significative. Daouda Bayala, repr\u00e9sentant des b\u00e9n\u00e9ficiaires, a exprim\u00e9 sa satisfaction : <em><strong>\u00ab En termes de rendement, c\u2019est un progr\u00e8s important pour nous. Sur les plans \u00e9conomique et environnemental, nous constatons d\u00e9j\u00e0 un grand changement \u00bb.<\/strong><\/em><\/p>\n<h3>Une approche globale pour un orpaillage durable<\/h3>\n<p>Dans le cadre du Projet OR, le consortium pr\u00e9voit l\u2019installation de six syst\u00e8mes similaires sur diff\u00e9rents sites des r\u00e9gions du Centre-Ouest et du Plateau-Central. Ces initiatives visent \u00e0 encourager les acteurs de la Mine artisanale \u00e0 petite \u00e9chelle (MAPE) \u00e0 adopter des pratiques respectueuses de l\u2019environnement, tout en am\u00e9liorant la sant\u00e9 et la s\u00e9curit\u00e9 des travailleurs.<\/p>\n<figure id=\"attachment_17796\" aria-describedby=\"caption-attachment-17796\" style=\"width: 2560px\" class=\"wp-caption aligncenter\"><a href=\"https:\/\/www.latribunedufaso.net\/wp-content\/uploads\/2024\/12\/IMG-20241224-WA0075.jpg\"><img loading=\"lazy\" decoding=\"async\" class=\"size-full wp-image-17796\" src=\"https:\/\/www.latribunedufaso.net\/wp-content\/uploads\/2024\/12\/IMG-20241224-WA0075.jpg\" alt=\"C\u00e9r\u00e9monie d'inauguration d'un Syst\u00e8me de Traitement du Minerai Sans Mercure (STSM) \u00e0 Guido, dans la commune de R\u00e9o, 20 d\u00e9cembre 2024\" width=\"2560\" height=\"1706\" srcset=\"https:\/\/www.latribunedufaso.net\/wp-content\/uploads\/2024\/12\/IMG-20241224-WA0075.jpg 2560w, https:\/\/www.latribunedufaso.net\/wp-content\/uploads\/2024\/12\/IMG-20241224-WA0075-300x200.jpg 300w, https:\/\/www.latribunedufaso.net\/wp-content\/uploads\/2024\/12\/IMG-20241224-WA0075-1024x682.jpg 1024w, https:\/\/www.latribunedufaso.net\/wp-content\/uploads\/2024\/12\/IMG-20241224-WA0075-768x512.jpg 768w, https:\/\/www.latribunedufaso.net\/wp-content\/uploads\/2024\/12\/IMG-20241224-WA0075-1536x1024.jpg 1536w, https:\/\/www.latribunedufaso.net\/wp-content\/uploads\/2024\/12\/IMG-20241224-WA0075-2048x1365.jpg 2048w, https:\/\/www.latribunedufaso.net\/wp-content\/uploads\/2024\/12\/IMG-20241224-WA0075-840x560.jpg 840w, https:\/\/www.latribunedufaso.net\/wp-content\/uploads\/2024\/12\/IMG-20241224-WA0075-120x80.jpg 120w, https:\/\/www.latribunedufaso.net\/wp-content\/uploads\/2024\/12\/IMG-20241224-WA0075-360x240.jpg 360w, https:\/\/www.latribunedufaso.net\/wp-content\/uploads\/2024\/12\/IMG-20241224-WA0075-600x400.jpg 600w\" sizes=\"auto, (max-width: 2560px) 100vw, 2560px\" \/><\/a><figcaption id=\"caption-attachment-17796\" class=\"wp-caption-text\">Dans le cadre du projet, il est pr\u00e9vu l&rsquo;installation de 6 syst\u00e8mes similaires sur diff\u00e9rents sites des r\u00e9gions du Centre-Ouest et du Plateau-Central &#8211; Ph. DR<\/figcaption><\/figure>\n<p>Cette premi\u00e8re installation marque une \u00e9tape cruciale dans la transition vers un orpaillage plus responsable, conciliant rentabilit\u00e9 \u00e9conomique, pr\u00e9servation de l\u2019environnement et protection des droits humains. Le succ\u00e8s de ce projet pilote pourrait servir de mod\u00e8le pour d\u2019autres r\u00e9gions du Burkina Faso et au-del\u00e0.<\/p>\n<p><strong>Julien SAWADOGO\u00a0<\/strong><\/p>\n<p><strong>latribunedufaso.net<\/strong><\/p>\n<p>Lire aussi &gt;&gt; <a href=\"https:\/\/www.latribunedufaso.net\/?p=12333\">Formalisation du secteur de l\u2019artisanat minier : Le centre de traitement mutualis\u00e9 d\u2019or de M\u00e9guet inaugur\u00e9\u00a0<\/a><\/p>\n<figure id=\"attachment_17797\" aria-describedby=\"caption-attachment-17797\" style=\"width: 2560px\" class=\"wp-caption aligncenter\"><a href=\"https:\/\/www.latribunedufaso.net\/wp-content\/uploads\/2024\/12\/IMG-20241224-WA0074.jpg\"><img loading=\"lazy\" decoding=\"async\" class=\"size-full wp-image-17797\" src=\"https:\/\/www.latribunedufaso.net\/wp-content\/uploads\/2024\/12\/IMG-20241224-WA0074.jpg\" alt=\"C\u00e9r\u00e9monie d'inauguration d'un Syst\u00e8me de Traitement du Minerai Sans Mercure (STSM) \u00e0 Guido, dans la commune de R\u00e9o, 20 d\u00e9cembre 2024\" width=\"2560\" height=\"1706\" srcset=\"https:\/\/www.latribunedufaso.net\/wp-content\/uploads\/2024\/12\/IMG-20241224-WA0074.jpg 2560w, https:\/\/www.latribunedufaso.net\/wp-content\/uploads\/2024\/12\/IMG-20241224-WA0074-300x200.jpg 300w, https:\/\/www.latribunedufaso.net\/wp-content\/uploads\/2024\/12\/IMG-20241224-WA0074-1024x682.jpg 1024w, https:\/\/www.latribunedufaso.net\/wp-content\/uploads\/2024\/12\/IMG-20241224-WA0074-768x512.jpg 768w, https:\/\/www.latribunedufaso.net\/wp-content\/uploads\/2024\/12\/IMG-20241224-WA0074-1536x1024.jpg 1536w, https:\/\/www.latribunedufaso.net\/wp-content\/uploads\/2024\/12\/IMG-20241224-WA0074-2048x1365.jpg 2048w, https:\/\/www.latribunedufaso.net\/wp-content\/uploads\/2024\/12\/IMG-20241224-WA0074-840x560.jpg 840w, https:\/\/www.latribunedufaso.net\/wp-content\/uploads\/2024\/12\/IMG-20241224-WA0074-120x80.jpg 120w, https:\/\/www.latribunedufaso.net\/wp-content\/uploads\/2024\/12\/IMG-20241224-WA0074-360x240.jpg 360w, https:\/\/www.latribunedufaso.net\/wp-content\/uploads\/2024\/12\/IMG-20241224-WA0074-600x400.jpg 600w\" sizes=\"auto, (max-width: 2560px) 100vw, 2560px\" \/><\/a><figcaption id=\"caption-attachment-17797\" class=\"wp-caption-text\">Les acteurs de l&rsquo;artisanat minier se sont mobilis\u00e9s pour l&rsquo;occasion &#8211; Ph. DR<\/figcaption><\/figure>\n","protected":false},"excerpt":{"rendered":"<p>Le vendredi 20 d\u00e9cembre 2024, le site d\u2019orpaillage de Guido, dans la commune de R\u00e9o, a \u00e9t\u00e9 le th\u00e9\u00e2tre d\u2019une avanc\u00e9e majeure pour l\u2019exploitation artisanale de l\u2019or au Burkina Faso. Le consortium CAS, compos\u00e9 de Caritas Suisse, Artisanal Gold Council (AGC) et Solidar Suisse, a inaugur\u00e9 un Syst\u00e8me de Traitement du Minerai Sans Mercure (STSM). Ce projet, soutenu par la Direction du D\u00e9veloppement et de la Coop\u00e9ration (DDC) via le Bureau de coop\u00e9ration suisse et agence consulaire au Burkina Faso, s\u2019inscrit dans le cadre du Projet de Promotion de l\u2019Orpaillage Responsable (Projet OR).<\/p>\n","protected":false},"author":5,"featured_media":17794,"comment_status":"open","ping_status":"open","sticky":false,"template":"","format":"standard","meta":{"footnotes":""},"categories":[13,1,19],"tags":[39,52,585],"class_list":["post-17789","post","type-post","status-publish","format-standard","has-post-thumbnail","hentry","category-une","category-actu","category-mines-et-carrieres","tag-latribunedufaso-net","tag-mines-et-carrieres","tag-systeme-de-traitement-du-minerais-sans-mercure"],"yoast_head":"<!-- This site is optimized with the Yoast SEO plugin v27.4 - https:\/\/yoast.com\/product\/yoast-seo-wordpress\/ -->\n<title>Inauguration d\u2019un syst\u00e8me de traitement sans mercure \u00e0 R\u00e9o : Vers un orpaillage responsable - La Tribune du Faso<\/title>\n<meta name=\"robots\" content=\"index, follow, max-snippet:-1, max-image-preview:large, max-video-preview:-1\" \/>\n<link rel=\"canonical\" href=\"https:\/\/www.latribunedufaso.net\/?p=17789\" \/>\n<meta property=\"og:locale\" content=\"fr_FR\" \/>\n<meta property=\"og:type\" content=\"article\" \/>\n<meta property=\"og:title\" content=\"Inauguration d\u2019un syst\u00e8me de traitement sans mercure \u00e0 R\u00e9o : Vers un orpaillage responsable - La Tribune du Faso\" \/>\n<meta property=\"og:description\" content=\"Le vendredi 20 d\u00e9cembre 2024, le site d\u2019orpaillage de Guido, dans la commune de R\u00e9o, a \u00e9t\u00e9 le th\u00e9\u00e2tre d\u2019une avanc\u00e9e majeure pour l\u2019exploitation artisanale de l\u2019or au Burkina Faso. Le consortium CAS, compos\u00e9 de Caritas Suisse, Artisanal Gold Council (AGC) et Solidar Suisse, a inaugur\u00e9 un Syst\u00e8me de Traitement du Minerai Sans Mercure (STSM). Ce projet, soutenu par la Direction du D\u00e9veloppement et de la Coop\u00e9ration (DDC) via le Bureau de coop\u00e9ration suisse et agence consulaire au Burkina Faso, s\u2019inscrit dans le cadre du Projet de Promotion de l\u2019Orpaillage Responsable (Projet OR).\" \/>\n<meta property=\"og:url\" content=\"https:\/\/www.latribunedufaso.net\/?p=17789\" \/>\n<meta property=\"og:site_name\" content=\"La Tribune du Faso\" \/>\n<meta property=\"article:publisher\" content=\"https:\/\/www.facebook.com\/LatribuneduFaso\/\" \/>\n<meta property=\"article:published_time\" content=\"2024-12-25T00:05:12+00:00\" \/>\n<meta property=\"og:image\" content=\"https:\/\/www.latribunedufaso.net\/wp-content\/uploads\/2024\/12\/IMG-20241224-WA0078.jpg\" \/>\n\t<meta property=\"og:image:width\" content=\"2560\" \/>\n\t<meta property=\"og:image:height\" content=\"1706\" \/>\n\t<meta property=\"og:image:type\" content=\"image\/jpeg\" \/>\n<meta name=\"author\" content=\"Issouf Tapsoba\" \/>\n<meta name=\"twitter:label1\" content=\"\u00c9crit par\" \/>\n\t<meta name=\"twitter:data1\" content=\"Issouf Tapsoba\" \/>\n\t<meta name=\"twitter:label2\" content=\"Dur\u00e9e de lecture estim\u00e9e\" \/>\n\t<meta name=\"twitter:data2\" content=\"3 minutes\" \/>\n<script type=\"application\/ld+json\" class=\"yoast-schema-graph\">{\"@context\":\"https:\\\/\\\/schema.org\",\"@graph\":[{\"@type\":\"Article\",\"@id\":\"https:\\\/\\\/www.latribunedufaso.net\\\/?p=17789#article\",\"isPartOf\":{\"@id\":\"https:\\\/\\\/www.latribunedufaso.net\\\/?p=17789\"},\"author\":{\"name\":\"Issouf Tapsoba\",\"@id\":\"https:\\\/\\\/www.latribunedufaso.net\\\/#\\\/schema\\\/person\\\/e54e64c5778a7e72cf80a318b7a622b0\"},\"headline\":\"Inauguration d\u2019un syst\u00e8me de traitement sans mercure \u00e0 R\u00e9o : Vers un orpaillage responsable\",\"datePublished\":\"2024-12-25T00:05:12+00:00\",\"mainEntityOfPage\":{\"@id\":\"https:\\\/\\\/www.latribunedufaso.net\\\/?p=17789\"},\"wordCount\":589,\"commentCount\":0,\"publisher\":{\"@id\":\"https:\\\/\\\/www.latribunedufaso.net\\\/#organization\"},\"image\":{\"@id\":\"https:\\\/\\\/www.latribunedufaso.net\\\/?p=17789#primaryimage\"},\"thumbnailUrl\":\"https:\\\/\\\/www.latribunedufaso.net\\\/wp-content\\\/uploads\\\/2024\\\/12\\\/IMG-20241224-WA0078.jpg\",\"keywords\":[\"latribunedufaso.net\",\"mines et carri\u00e8res\",\"Syst\u00e8me de traitement du minerais sans mercure\"],\"articleSection\":[\"A la une\",\"Actualit\u00e9\",\"Mines et Carri\u00e8res\"],\"inLanguage\":\"fr-FR\",\"potentialAction\":[{\"@type\":\"CommentAction\",\"name\":\"Comment\",\"target\":[\"https:\\\/\\\/www.latribunedufaso.net\\\/?p=17789#respond\"]}]},{\"@type\":\"WebPage\",\"@id\":\"https:\\\/\\\/www.latribunedufaso.net\\\/?p=17789\",\"url\":\"https:\\\/\\\/www.latribunedufaso.net\\\/?p=17789\",\"name\":\"Inauguration d\u2019un syst\u00e8me de traitement sans mercure \u00e0 R\u00e9o : Vers un orpaillage responsable - La Tribune du Faso\",\"isPartOf\":{\"@id\":\"https:\\\/\\\/www.latribunedufaso.net\\\/#website\"},\"primaryImageOfPage\":{\"@id\":\"https:\\\/\\\/www.latribunedufaso.net\\\/?p=17789#primaryimage\"},\"image\":{\"@id\":\"https:\\\/\\\/www.latribunedufaso.net\\\/?p=17789#primaryimage\"},\"thumbnailUrl\":\"https:\\\/\\\/www.latribunedufaso.net\\\/wp-content\\\/uploads\\\/2024\\\/12\\\/IMG-20241224-WA0078.jpg\",\"datePublished\":\"2024-12-25T00:05:12+00:00\",\"breadcrumb\":{\"@id\":\"https:\\\/\\\/www.latribunedufaso.net\\\/?p=17789#breadcrumb\"},\"inLanguage\":\"fr-FR\",\"potentialAction\":[{\"@type\":\"ReadAction\",\"target\":[\"https:\\\/\\\/www.latribunedufaso.net\\\/?p=17789\"]}]},{\"@type\":\"ImageObject\",\"inLanguage\":\"fr-FR\",\"@id\":\"https:\\\/\\\/www.latribunedufaso.net\\\/?p=17789#primaryimage\",\"url\":\"https:\\\/\\\/www.latribunedufaso.net\\\/wp-content\\\/uploads\\\/2024\\\/12\\\/IMG-20241224-WA0078.jpg\",\"contentUrl\":\"https:\\\/\\\/www.latribunedufaso.net\\\/wp-content\\\/uploads\\\/2024\\\/12\\\/IMG-20241224-WA0078.jpg\",\"width\":2560,\"height\":1706,\"caption\":\"C\u00e9r\u00e9monie d'inauguration d'un Syst\u00e8me de Traitement du Minerai Sans Mercure (STSM) \u00e0 Guido, dans la commune de R\u00e9o, 20 d\u00e9cembre 2024\"},{\"@type\":\"BreadcrumbList\",\"@id\":\"https:\\\/\\\/www.latribunedufaso.net\\\/?p=17789#breadcrumb\",\"itemListElement\":[{\"@type\":\"ListItem\",\"position\":1,\"name\":\"Accueil\",\"item\":\"https:\\\/\\\/www.latribunedufaso.net\\\/\"},{\"@type\":\"ListItem\",\"position\":2,\"name\":\"Inauguration d\u2019un syst\u00e8me de traitement sans mercure \u00e0 R\u00e9o : Vers un orpaillage responsable\"}]},{\"@type\":\"WebSite\",\"@id\":\"https:\\\/\\\/www.latribunedufaso.net\\\/#website\",\"url\":\"https:\\\/\\\/www.latribunedufaso.net\\\/\",\"name\":\"La Tribune du Faso\",\"description\":\"L&#039;information du monde rural en un clic\",\"publisher\":{\"@id\":\"https:\\\/\\\/www.latribunedufaso.net\\\/#organization\"},\"potentialAction\":[{\"@type\":\"SearchAction\",\"target\":{\"@type\":\"EntryPoint\",\"urlTemplate\":\"https:\\\/\\\/www.latribunedufaso.net\\\/?s={search_term_string}\"},\"query-input\":{\"@type\":\"PropertyValueSpecification\",\"valueRequired\":true,\"valueName\":\"search_term_string\"}}],\"inLanguage\":\"fr-FR\"},{\"@type\":\"Organization\",\"@id\":\"https:\\\/\\\/www.latribunedufaso.net\\\/#organization\",\"name\":\"La Tribune du Faso\",\"url\":\"https:\\\/\\\/www.latribunedufaso.net\\\/\",\"logo\":{\"@type\":\"ImageObject\",\"inLanguage\":\"fr-FR\",\"@id\":\"https:\\\/\\\/www.latribunedufaso.net\\\/#\\\/schema\\\/logo\\\/image\\\/\",\"url\":\"https:\\\/\\\/www.latribunedufaso.net\\\/wp-content\\\/uploads\\\/2020\\\/08\\\/Logo-Tribune-du-Faso-final-scaled.jpg\",\"contentUrl\":\"https:\\\/\\\/www.latribunedufaso.net\\\/wp-content\\\/uploads\\\/2020\\\/08\\\/Logo-Tribune-du-Faso-final-scaled.jpg\",\"width\":2560,\"height\":1856,\"caption\":\"La Tribune du Faso\"},\"image\":{\"@id\":\"https:\\\/\\\/www.latribunedufaso.net\\\/#\\\/schema\\\/logo\\\/image\\\/\"},\"sameAs\":[\"https:\\\/\\\/www.facebook.com\\\/LatribuneduFaso\\\/\"]},{\"@type\":\"Person\",\"@id\":\"https:\\\/\\\/www.latribunedufaso.net\\\/#\\\/schema\\\/person\\\/e54e64c5778a7e72cf80a318b7a622b0\",\"name\":\"Issouf Tapsoba\",\"image\":{\"@type\":\"ImageObject\",\"inLanguage\":\"fr-FR\",\"@id\":\"https:\\\/\\\/secure.gravatar.com\\\/avatar\\\/5e6c05150ce3230247d167f5b94d678eb05936197436d69b7921e3a95c9107ac?s=96&d=mm&r=g\",\"url\":\"https:\\\/\\\/secure.gravatar.com\\\/avatar\\\/5e6c05150ce3230247d167f5b94d678eb05936197436d69b7921e3a95c9107ac?s=96&d=mm&r=g\",\"contentUrl\":\"https:\\\/\\\/secure.gravatar.com\\\/avatar\\\/5e6c05150ce3230247d167f5b94d678eb05936197436d69b7921e3a95c9107ac?s=96&d=mm&r=g\",\"caption\":\"Issouf Tapsoba\"},\"url\":\"https:\\\/\\\/www.latribunedufaso.net\\\/?author=5\"}]}<\/script>\n<!-- \/ Yoast SEO plugin. -->","yoast_head_json":{"title":"Inauguration d\u2019un syst\u00e8me de traitement sans mercure \u00e0 R\u00e9o : Vers un orpaillage responsable - La Tribune du Faso","robots":{"index":"index","follow":"follow","max-snippet":"max-snippet:-1","max-image-preview":"max-image-preview:large","max-video-preview":"max-video-preview:-1"},"canonical":"https:\/\/www.latribunedufaso.net\/?p=17789","og_locale":"fr_FR","og_type":"article","og_title":"Inauguration d\u2019un syst\u00e8me de traitement sans mercure \u00e0 R\u00e9o : Vers un orpaillage responsable - La Tribune du Faso","og_description":"Le vendredi 20 d\u00e9cembre 2024, le site d\u2019orpaillage de Guido, dans la commune de R\u00e9o, a \u00e9t\u00e9 le th\u00e9\u00e2tre d\u2019une avanc\u00e9e majeure pour l\u2019exploitation artisanale de l\u2019or au Burkina Faso. Le consortium CAS, compos\u00e9 de Caritas Suisse, Artisanal Gold Council (AGC) et Solidar Suisse, a inaugur\u00e9 un Syst\u00e8me de Traitement du Minerai Sans Mercure (STSM). Ce projet, soutenu par la Direction du D\u00e9veloppement et de la Coop\u00e9ration (DDC) via le Bureau de coop\u00e9ration suisse et agence consulaire au Burkina Faso, s\u2019inscrit dans le cadre du Projet de Promotion de l\u2019Orpaillage Responsable (Projet OR).","og_url":"https:\/\/www.latribunedufaso.net\/?p=17789","og_site_name":"La Tribune du Faso","article_publisher":"https:\/\/www.facebook.com\/LatribuneduFaso\/","article_published_time":"2024-12-25T00:05:12+00:00","og_image":[{"width":2560,"height":1706,"url":"https:\/\/www.latribunedufaso.net\/wp-content\/uploads\/2024\/12\/IMG-20241224-WA0078.jpg","type":"image\/jpeg"}],"author":"Issouf Tapsoba","twitter_misc":{"\u00c9crit par":"Issouf Tapsoba","Dur\u00e9e de lecture estim\u00e9e":"3 minutes"},"schema":{"@context":"https:\/\/schema.org","@graph":[{"@type":"Article","@id":"https:\/\/www.latribunedufaso.net\/?p=17789#article","isPartOf":{"@id":"https:\/\/www.latribunedufaso.net\/?p=17789"},"author":{"name":"Issouf Tapsoba","@id":"https:\/\/www.latribunedufaso.net\/#\/schema\/person\/e54e64c5778a7e72cf80a318b7a622b0"},"headline":"Inauguration d\u2019un syst\u00e8me de traitement sans mercure \u00e0 R\u00e9o : Vers un orpaillage responsable","datePublished":"2024-12-25T00:05:12+00:00","mainEntityOfPage":{"@id":"https:\/\/www.latribunedufaso.net\/?p=17789"},"wordCount":589,"commentCount":0,"publisher":{"@id":"https:\/\/www.latribunedufaso.net\/#organization"},"image":{"@id":"https:\/\/www.latribunedufaso.net\/?p=17789#primaryimage"},"thumbnailUrl":"https:\/\/www.latribunedufaso.net\/wp-content\/uploads\/2024\/12\/IMG-20241224-WA0078.jpg","keywords":["latribunedufaso.net","mines et carri\u00e8res","Syst\u00e8me de traitement du minerais sans mercure"],"articleSection":["A la une","Actualit\u00e9","Mines et Carri\u00e8res"],"inLanguage":"fr-FR","potentialAction":[{"@type":"CommentAction","name":"Comment","target":["https:\/\/www.latribunedufaso.net\/?p=17789#respond"]}]},{"@type":"WebPage","@id":"https:\/\/www.latribunedufaso.net\/?p=17789","url":"https:\/\/www.latribunedufaso.net\/?p=17789","name":"Inauguration d\u2019un syst\u00e8me de traitement sans mercure \u00e0 R\u00e9o : Vers un orpaillage responsable - La Tribune du Faso","isPartOf":{"@id":"https:\/\/www.latribunedufaso.net\/#website"},"primaryImageOfPage":{"@id":"https:\/\/www.latribunedufaso.net\/?p=17789#primaryimage"},"image":{"@id":"https:\/\/www.latribunedufaso.net\/?p=17789#primaryimage"},"thumbnailUrl":"https:\/\/www.latribunedufaso.net\/wp-content\/uploads\/2024\/12\/IMG-20241224-WA0078.jpg","datePublished":"2024-12-25T00:05:12+00:00","breadcrumb":{"@id":"https:\/\/www.latribunedufaso.net\/?p=17789#breadcrumb"},"inLanguage":"fr-FR","potentialAction":[{"@type":"ReadAction","target":["https:\/\/www.latribunedufaso.net\/?p=17789"]}]},{"@type":"ImageObject","inLanguage":"fr-FR","@id":"https:\/\/www.latribunedufaso.net\/?p=17789#primaryimage","url":"https:\/\/www.latribunedufaso.net\/wp-content\/uploads\/2024\/12\/IMG-20241224-WA0078.jpg","contentUrl":"https:\/\/www.latribunedufaso.net\/wp-content\/uploads\/2024\/12\/IMG-20241224-WA0078.jpg","width":2560,"height":1706,"caption":"C\u00e9r\u00e9monie d'inauguration d'un Syst\u00e8me de Traitement du Minerai Sans Mercure (STSM) \u00e0 Guido, dans la commune de R\u00e9o, 20 d\u00e9cembre 2024"},{"@type":"BreadcrumbList","@id":"https:\/\/www.latribunedufaso.net\/?p=17789#breadcrumb","itemListElement":[{"@type":"ListItem","position":1,"name":"Accueil","item":"https:\/\/www.latribunedufaso.net\/"},{"@type":"ListItem","position":2,"name":"Inauguration d\u2019un syst\u00e8me de traitement sans mercure \u00e0 R\u00e9o : Vers un orpaillage responsable"}]},{"@type":"WebSite","@id":"https:\/\/www.latribunedufaso.net\/#website","url":"https:\/\/www.latribunedufaso.net\/","name":"La Tribune du Faso","description":"L&#039;information du monde rural en un clic","publisher":{"@id":"https:\/\/www.latribunedufaso.net\/#organization"},"potentialAction":[{"@type":"SearchAction","target":{"@type":"EntryPoint","urlTemplate":"https:\/\/www.latribunedufaso.net\/?s={search_term_string}"},"query-input":{"@type":"PropertyValueSpecification","valueRequired":true,"valueName":"search_term_string"}}],"inLanguage":"fr-FR"},{"@type":"Organization","@id":"https:\/\/www.latribunedufaso.net\/#organization","name":"La Tribune du Faso","url":"https:\/\/www.latribunedufaso.net\/","logo":{"@type":"ImageObject","inLanguage":"fr-FR","@id":"https:\/\/www.latribunedufaso.net\/#\/schema\/logo\/image\/","url":"https:\/\/www.latribunedufaso.net\/wp-content\/uploads\/2020\/08\/Logo-Tribune-du-Faso-final-scaled.jpg","contentUrl":"https:\/\/www.latribunedufaso.net\/wp-content\/uploads\/2020\/08\/Logo-Tribune-du-Faso-final-scaled.jpg","width":2560,"height":1856,"caption":"La Tribune du Faso"},"image":{"@id":"https:\/\/www.latribunedufaso.net\/#\/schema\/logo\/image\/"},"sameAs":["https:\/\/www.facebook.com\/LatribuneduFaso\/"]},{"@type":"Person","@id":"https:\/\/www.latribunedufaso.net\/#\/schema\/person\/e54e64c5778a7e72cf80a318b7a622b0","name":"Issouf Tapsoba","image":{"@type":"ImageObject","inLanguage":"fr-FR","@id":"https:\/\/secure.gravatar.com\/avatar\/5e6c05150ce3230247d167f5b94d678eb05936197436d69b7921e3a95c9107ac?s=96&d=mm&r=g","url":"https:\/\/secure.gravatar.com\/avatar\/5e6c05150ce3230247d167f5b94d678eb05936197436d69b7921e3a95c9107ac?s=96&d=mm&r=g","contentUrl":"https:\/\/secure.gravatar.com\/avatar\/5e6c05150ce3230247d167f5b94d678eb05936197436d69b7921e3a95c9107ac?s=96&d=mm&r=g","caption":"Issouf Tapsoba"},"url":"https:\/\/www.latribunedufaso.net\/?author=5"}]}},"_links":{"self":[{"href":"https:\/\/www.latribunedufaso.net\/index.php?rest_route=\/wp\/v2\/posts\/17789","targetHints":{"allow":["GET"]}}],"collection":[{"href":"https:\/\/www.latribunedufaso.net\/index.php?rest_route=\/wp\/v2\/posts"}],"about":[{"href":"https:\/\/www.latribunedufaso.net\/index.php?rest_route=\/wp\/v2\/types\/post"}],"author":[{"embeddable":true,"href":"https:\/\/www.latribunedufaso.net\/index.php?rest_route=\/wp\/v2\/users\/5"}],"replies":[{"embeddable":true,"href":"https:\/\/www.latribunedufaso.net\/index.php?rest_route=%2Fwp%2Fv2%2Fcomments&post=17789"}],"version-history":[{"count":2,"href":"https:\/\/www.latribunedufaso.net\/index.php?rest_route=\/wp\/v2\/posts\/17789\/revisions"}],"predecessor-version":[{"id":17798,"href":"https:\/\/www.latribunedufaso.net\/index.php?rest_route=\/wp\/v2\/posts\/17789\/revisions\/17798"}],"wp:featuredmedia":[{"embeddable":true,"href":"https:\/\/www.latribunedufaso.net\/index.php?rest_route=\/wp\/v2\/media\/17794"}],"wp:attachment":[{"href":"https:\/\/www.latribunedufaso.net\/index.php?rest_route=%2Fwp%2Fv2%2Fmedia&parent=17789"}],"wp:term":[{"taxonomy":"category","embeddable":true,"href":"https:\/\/www.latribunedufaso.net\/index.php?rest_route=%2Fwp%2Fv2%2Fcategories&post=17789"},{"taxonomy":"post_tag","embeddable":true,"href":"https:\/\/www.latribunedufaso.net\/index.php?rest_route=%2Fwp%2Fv2%2Ftags&post=17789"}],"curies":[{"name":"wp","href":"https:\/\/api.w.org\/{rel}","templated":true}]}}