{"id":17726,"date":"2024-12-21T08:40:18","date_gmt":"2024-12-21T08:40:18","guid":{"rendered":"https:\/\/www.latribunedufaso.net\/?p=17726"},"modified":"2024-12-23T09:48:03","modified_gmt":"2024-12-23T09:48:03","slug":"ministere-en-charge-de-lindustrie-et-du-commerce-le-merite-de-151-acteurs-de-la-region-du-centre-celebre","status":"publish","type":"post","link":"https:\/\/www.latribunedufaso.net\/?p=17726","title":{"rendered":"Minist\u00e8re en charge de l\u2019industrie et du Commerce : Le m\u00e9rite de 151 acteurs de la r\u00e9gion du centre c\u00e9l\u00e9br\u00e9\u00a0"},"content":{"rendered":"<p><strong><span style=\"font-size: 1.0625rem;\">Le minist\u00e8re de l\u2019Industrie, du Commerce et de l\u2019Artisanat a proc\u00e9d\u00e9 \u00e0 la d\u00e9coration de 151 acteurs relevant de son d\u00e9partement et r\u00e9sidant dans la r\u00e9gion du Centre, le 20 d\u00e9cembre 2024 \u00e0 Ouagadougou.<\/span><\/strong><!--more--><\/p>\n<p>Dans le cadre de la c\u00e9l\u00e9bration du 64e anniversaire de l\u2019ind\u00e9pendance du Burkina Faso, le minist\u00e8re de l\u2019Industrie, du Commerce et de l\u2019Artisanat (MICA) a proc\u00e9d\u00e9 \u00e0 la d\u00e9coration de 151 acteurs relevant de son d\u00e9partement et r\u00e9sidant dans la r\u00e9gion du Centre. C&rsquo;\u00e9tait le 20 d\u00e9cembre 2024 \u00e0 Ouagadougou.<\/p>\n<p>En plus des d\u00e9cor\u00e9s du jour, 97 acteurs avaient d\u00e9j\u00e0 re\u00e7u leurs distinctions le 11 d\u00e9cembre dernier dans les 12 autres r\u00e9gions du Burkina Faso. Ainsi, le MICA enregistre au total 248 r\u00e9cipiendaires au titre de l\u2019ann\u00e9e 2024.<\/p>\n<p>Il s&rsquo;agit de 96 op\u00e9rateurs \u00e9conomiques, 56 agents de l\u2019administration publique, 47 artisans, 33 agents des soci\u00e9t\u00e9s d\u2019Etat et 16 personnes physiques ou morales.<\/p>\n<figure id=\"attachment_17728\" aria-describedby=\"caption-attachment-17728\" style=\"width: 2080px\" class=\"wp-caption aligncenter\"><a href=\"https:\/\/www.latribunedufaso.net\/wp-content\/uploads\/2024\/12\/IMG-20241221-WA0081.jpg\"><img loading=\"lazy\" decoding=\"async\" class=\"size-full wp-image-17728\" src=\"https:\/\/www.latribunedufaso.net\/wp-content\/uploads\/2024\/12\/IMG-20241221-WA0081.jpg\" alt=\"C\u00e9r\u00e9monie de d\u00e9coration au titre de l'ann\u00e9e 2024 au minist\u00e8re de l'Industrie, du Commerce et de l'Artisanat, 20 d\u00e9cembre 2024\" width=\"2080\" height=\"1560\" srcset=\"https:\/\/www.latribunedufaso.net\/wp-content\/uploads\/2024\/12\/IMG-20241221-WA0081.jpg 2080w, https:\/\/www.latribunedufaso.net\/wp-content\/uploads\/2024\/12\/IMG-20241221-WA0081-300x225.jpg 300w, https:\/\/www.latribunedufaso.net\/wp-content\/uploads\/2024\/12\/IMG-20241221-WA0081-1024x768.jpg 1024w, https:\/\/www.latribunedufaso.net\/wp-content\/uploads\/2024\/12\/IMG-20241221-WA0081-768x576.jpg 768w, https:\/\/www.latribunedufaso.net\/wp-content\/uploads\/2024\/12\/IMG-20241221-WA0081-1536x1152.jpg 1536w, https:\/\/www.latribunedufaso.net\/wp-content\/uploads\/2024\/12\/IMG-20241221-WA0081-2048x1536.jpg 2048w\" sizes=\"auto, (max-width: 2080px) 100vw, 2080px\" \/><\/a><figcaption id=\"caption-attachment-17728\" class=\"wp-caption-text\">Ils sont 151 acteurs a recevoir leur distinction ce jour &#8211; Ph. A. Kiendrebeogo<\/figcaption><\/figure>\n<p>Les distinctions se r\u00e9partissent comme suit : Ordre de l\u2019Etalon, 11 personnes dont 01 Grand Officier et 10 Chevaliers ; Ordre du M\u00e9rite burkinab\u00e8, 17 personnes dont 01 Officier et 16 Chevaliers ; Ordre du M\u00e9rite du Commerce et de l\u2019Industrie, 93 personnes dont 02 Commandeurs avec Agrafe commerce, 10 Officiers avec Agrafe Commerce, 01 Officier avec Agrafe Industrie et 80 Chevaliers comprenant 75 avec Agrafe Commerce et 05 avec Agrafe Industrie ; Ordre du M\u00e9rite du D\u00e9veloppement Rural, 30 Chevaliers dont 22 avec agrafe Artisanat et 08 avec Agrafe Agriculture.<\/p>\n<figure id=\"attachment_17729\" aria-describedby=\"caption-attachment-17729\" style=\"width: 2080px\" class=\"wp-caption aligncenter\"><a href=\"https:\/\/www.latribunedufaso.net\/wp-content\/uploads\/2024\/12\/IMG-20241221-WA0080.jpg\"><img loading=\"lazy\" decoding=\"async\" class=\"size-full wp-image-17729\" src=\"https:\/\/www.latribunedufaso.net\/wp-content\/uploads\/2024\/12\/IMG-20241221-WA0080.jpg\" alt=\"C\u00e9r\u00e9monie de d\u00e9coration au titre de l'ann\u00e9e 2024 au minist\u00e8re de l'Industrie, du Commerce et de l'Artisanat, 20 d\u00e9cembre 2024\" width=\"2080\" height=\"1560\" srcset=\"https:\/\/www.latribunedufaso.net\/wp-content\/uploads\/2024\/12\/IMG-20241221-WA0080.jpg 2080w, https:\/\/www.latribunedufaso.net\/wp-content\/uploads\/2024\/12\/IMG-20241221-WA0080-300x225.jpg 300w, https:\/\/www.latribunedufaso.net\/wp-content\/uploads\/2024\/12\/IMG-20241221-WA0080-1024x768.jpg 1024w, https:\/\/www.latribunedufaso.net\/wp-content\/uploads\/2024\/12\/IMG-20241221-WA0080-768x576.jpg 768w, https:\/\/www.latribunedufaso.net\/wp-content\/uploads\/2024\/12\/IMG-20241221-WA0080-1536x1152.jpg 1536w, https:\/\/www.latribunedufaso.net\/wp-content\/uploads\/2024\/12\/IMG-20241221-WA0080-2048x1536.jpg 2048w\" sizes=\"auto, (max-width: 2080px) 100vw, 2080px\" \/><\/a><figcaption id=\"caption-attachment-17729\" class=\"wp-caption-text\">Des membres du gouvernement et aux autres personnalit\u00e9s pr\u00e9sents \u00e0 la c\u00e9r\u00e9monie de d\u00e9coration du minist\u00e8re de l\u2019Industrie, du Commerce et de l\u2019Artisanat &#8211; Ph. A. Kiendrebeogo<\/figcaption><\/figure>\n<p>En leur d\u00e9cernant les distinctions, le ministre a f\u00e9licit\u00e9 les r\u00e9cipiendaires. Il leur a, par ailleurs,\u00a0 invit\u00e9 \u00e0 maintenir le cap. <em><strong>\u00ab C\u2019est pour quoi, loin d\u2019\u00eatre un aboutissement, ces m\u00e9dailles qui vous seront d\u00e9cern\u00e9es sont une invite \u00e0 plus d\u2019ardeur et de d\u00e9vouement au travail. Elles ne doivent pas \u00eatre de simples m\u00e9dailles accroch\u00e9es \u00e0 des Faso Dafani, des k\u00f4k\u00f4 dunda ou des vestes, mais plut\u00f4t le symbole des valeurs que vous incarnez \u00bb<\/strong> <\/em>, a-t-il signifi\u00e9.<\/p>\n<blockquote>\n<p>Lire aussi &gt;&gt; <a href=\"https:\/\/www.latribunedufaso.net\/?p=17668\">CSC\/D\u00e9coration 2024 : Le m\u00e9rite de 40 agents et acteurs des m\u00e9dias reconnu\u00a0<\/a><\/p>\n<\/blockquote>\n<p>Par la voix de leur repr\u00e9sentant, Alassane Ou\u00e9draogo, les r\u00e9cipiendaires ont traduit leur gratitude au Pr\u00e9sident du Faso, le Capitaine Ibrahim Traor\u00e9 et au ministre en charge de l\u2019Industrie, Serge Poda, par qui, cette c\u00e9r\u00e9monie de d\u00e9coration a \u00e9t\u00e9 possible.<\/p>\n<figure id=\"attachment_17730\" aria-describedby=\"caption-attachment-17730\" style=\"width: 2080px\" class=\"wp-caption aligncenter\"><a href=\"https:\/\/www.latribunedufaso.net\/wp-content\/uploads\/2024\/12\/IMG-20241221-WA0079.jpg\"><img loading=\"lazy\" decoding=\"async\" class=\"size-full wp-image-17730\" src=\"https:\/\/www.latribunedufaso.net\/wp-content\/uploads\/2024\/12\/IMG-20241221-WA0079.jpg\" alt=\"C\u00e9r\u00e9monie de d\u00e9coration au titre de l'ann\u00e9e 2024 au minist\u00e8re de l'Industrie, du Commerce et de l'Artisanat, 20 d\u00e9cembre 2024\" width=\"2080\" height=\"1560\" srcset=\"https:\/\/www.latribunedufaso.net\/wp-content\/uploads\/2024\/12\/IMG-20241221-WA0079.jpg 2080w, https:\/\/www.latribunedufaso.net\/wp-content\/uploads\/2024\/12\/IMG-20241221-WA0079-300x225.jpg 300w, https:\/\/www.latribunedufaso.net\/wp-content\/uploads\/2024\/12\/IMG-20241221-WA0079-1024x768.jpg 1024w, https:\/\/www.latribunedufaso.net\/wp-content\/uploads\/2024\/12\/IMG-20241221-WA0079-768x576.jpg 768w, https:\/\/www.latribunedufaso.net\/wp-content\/uploads\/2024\/12\/IMG-20241221-WA0079-1536x1152.jpg 1536w, https:\/\/www.latribunedufaso.net\/wp-content\/uploads\/2024\/12\/IMG-20241221-WA0079-2048x1536.jpg 2048w\" sizes=\"auto, (max-width: 2080px) 100vw, 2080px\" \/><\/a><figcaption id=\"caption-attachment-17730\" class=\"wp-caption-text\">Le repr\u00e9sentant des r\u00e9cipiendaires, Alassane Ou\u00e9draogo traduit la reconnaissance des r\u00e9cipiendaires au Pr\u00e9sident du Faso et au ministre en charge de l\u2019Industrie &#8211; Ph. A. Kiendrebeogo<\/figcaption><\/figure>\n<p><em><strong>\u00ab En d\u00e9pit du contexte s\u00e9curitaire difficile, vous avez tenu \u00e0 faire des heureux r\u00e9cipiendaires \u00e0 l\u2019occasion du 64e anniversaire marquant l\u2019ind\u00e9pendance de notre cher pays le Burkina Faso (\u2026) Nous recevons cette d\u00e9coration avec beaucoup d\u2019humilit\u00e9, nous mesurons le degr\u00e9 de responsabilit\u00e9 que cela engendre et nous nous engageons \u00e0 relever les d\u00e9fis futurs \u00e0 vos c\u00f4t\u00e9s \u00bb,<\/strong><\/em> a-t-il indiqu\u00e9.<\/p>\n<p><strong>Rosana Astride KIENDREBEOGO\u00a0<\/strong><\/p>\n<p><strong>Latribunedufaso.<span style=\"font-size: 1.0625rem;\">net<\/span><\/strong><\/p>\n","protected":false},"excerpt":{"rendered":"<p>Le minist\u00e8re de l\u2019Industrie, du Commerce et de l\u2019Artisanat a proc\u00e9d\u00e9 \u00e0 la d\u00e9coration de 151 acteurs relevant de son d\u00e9partement et r\u00e9sidant dans la r\u00e9gion du Centre, le 20 d\u00e9cembre 2024 \u00e0 Ouagadougou.<\/p>\n","protected":false},"author":5,"featured_media":17727,"comment_status":"open","ping_status":"open","sticky":false,"template":"","format":"standard","meta":{"footnotes":""},"categories":[13,1,10],"tags":[56,524,250,39],"class_list":["post-17726","post","type-post","status-publish","format-standard","has-post-thumbnail","hentry","category-une","category-actu","category-eco","tag-commerce","tag-decoration","tag-developpement-industriel","tag-latribunedufaso-net"],"yoast_head":"<!-- This site is optimized with the Yoast SEO plugin v27.5 - https:\/\/yoast.com\/product\/yoast-seo-wordpress\/ -->\n<title>Minist\u00e8re en charge de l\u2019industrie et du Commerce : Le m\u00e9rite de 151 acteurs de la r\u00e9gion du centre c\u00e9l\u00e9br\u00e9\u00a0 - La Tribune du Faso<\/title>\n<meta name=\"robots\" content=\"index, follow, max-snippet:-1, max-image-preview:large, max-video-preview:-1\" \/>\n<link rel=\"canonical\" href=\"https:\/\/www.latribunedufaso.net\/?p=17726\" \/>\n<meta property=\"og:locale\" content=\"fr_FR\" \/>\n<meta property=\"og:type\" content=\"article\" \/>\n<meta property=\"og:title\" content=\"Minist\u00e8re en charge de l\u2019industrie et du Commerce : Le m\u00e9rite de 151 acteurs de la r\u00e9gion du centre c\u00e9l\u00e9br\u00e9\u00a0 - La Tribune du Faso\" \/>\n<meta property=\"og:description\" content=\"Le minist\u00e8re de l\u2019Industrie, du Commerce et de l\u2019Artisanat a proc\u00e9d\u00e9 \u00e0 la d\u00e9coration de 151 acteurs relevant de son d\u00e9partement et r\u00e9sidant dans la r\u00e9gion du Centre, le 20 d\u00e9cembre 2024 \u00e0 Ouagadougou.\" \/>\n<meta property=\"og:url\" content=\"https:\/\/www.latribunedufaso.net\/?p=17726\" \/>\n<meta property=\"og:site_name\" content=\"La Tribune du Faso\" \/>\n<meta property=\"article:publisher\" content=\"https:\/\/www.facebook.com\/LatribuneduFaso\/\" \/>\n<meta property=\"article:published_time\" content=\"2024-12-21T08:40:18+00:00\" \/>\n<meta property=\"article:modified_time\" content=\"2024-12-23T09:48:03+00:00\" \/>\n<meta property=\"og:image\" content=\"https:\/\/www.latribunedufaso.net\/wp-content\/uploads\/2024\/12\/IMG-20241221-WA0082.jpg\" \/>\n\t<meta property=\"og:image:width\" content=\"2080\" \/>\n\t<meta property=\"og:image:height\" content=\"1560\" \/>\n\t<meta property=\"og:image:type\" content=\"image\/jpeg\" \/>\n<meta name=\"author\" content=\"Issouf Tapsoba\" \/>\n<meta name=\"twitter:label1\" content=\"\u00c9crit par\" \/>\n\t<meta name=\"twitter:data1\" content=\"Issouf Tapsoba\" \/>\n\t<meta name=\"twitter:label2\" content=\"Dur\u00e9e de lecture estim\u00e9e\" \/>\n\t<meta name=\"twitter:data2\" content=\"3 minutes\" \/>\n<script type=\"application\/ld+json\" class=\"yoast-schema-graph\">{\"@context\":\"https:\\\/\\\/schema.org\",\"@graph\":[{\"@type\":\"Article\",\"@id\":\"https:\\\/\\\/www.latribunedufaso.net\\\/?p=17726#article\",\"isPartOf\":{\"@id\":\"https:\\\/\\\/www.latribunedufaso.net\\\/?p=17726\"},\"author\":{\"name\":\"Issouf Tapsoba\",\"@id\":\"https:\\\/\\\/www.latribunedufaso.net\\\/#\\\/schema\\\/person\\\/e54e64c5778a7e72cf80a318b7a622b0\"},\"headline\":\"Minist\u00e8re en charge de l\u2019industrie et du Commerce : Le m\u00e9rite de 151 acteurs de la r\u00e9gion du centre c\u00e9l\u00e9br\u00e9\u00a0\",\"datePublished\":\"2024-12-21T08:40:18+00:00\",\"dateModified\":\"2024-12-23T09:48:03+00:00\",\"mainEntityOfPage\":{\"@id\":\"https:\\\/\\\/www.latribunedufaso.net\\\/?p=17726\"},\"wordCount\":588,\"commentCount\":0,\"publisher\":{\"@id\":\"https:\\\/\\\/www.latribunedufaso.net\\\/#organization\"},\"image\":{\"@id\":\"https:\\\/\\\/www.latribunedufaso.net\\\/?p=17726#primaryimage\"},\"thumbnailUrl\":\"https:\\\/\\\/www.latribunedufaso.net\\\/wp-content\\\/uploads\\\/2024\\\/12\\\/IMG-20241221-WA0082.jpg\",\"keywords\":[\"Commerce\",\"D\u00e9coration\",\"D\u00e9veloppement industriel\",\"latribunedufaso.net\"],\"articleSection\":[\"A la une\",\"Actualit\u00e9\",\"Economie\"],\"inLanguage\":\"fr-FR\",\"potentialAction\":[{\"@type\":\"CommentAction\",\"name\":\"Comment\",\"target\":[\"https:\\\/\\\/www.latribunedufaso.net\\\/?p=17726#respond\"]}]},{\"@type\":\"WebPage\",\"@id\":\"https:\\\/\\\/www.latribunedufaso.net\\\/?p=17726\",\"url\":\"https:\\\/\\\/www.latribunedufaso.net\\\/?p=17726\",\"name\":\"Minist\u00e8re en charge de l\u2019industrie et du Commerce : Le m\u00e9rite de 151 acteurs de la r\u00e9gion du centre c\u00e9l\u00e9br\u00e9\u00a0 - La Tribune du Faso\",\"isPartOf\":{\"@id\":\"https:\\\/\\\/www.latribunedufaso.net\\\/#website\"},\"primaryImageOfPage\":{\"@id\":\"https:\\\/\\\/www.latribunedufaso.net\\\/?p=17726#primaryimage\"},\"image\":{\"@id\":\"https:\\\/\\\/www.latribunedufaso.net\\\/?p=17726#primaryimage\"},\"thumbnailUrl\":\"https:\\\/\\\/www.latribunedufaso.net\\\/wp-content\\\/uploads\\\/2024\\\/12\\\/IMG-20241221-WA0082.jpg\",\"datePublished\":\"2024-12-21T08:40:18+00:00\",\"dateModified\":\"2024-12-23T09:48:03+00:00\",\"breadcrumb\":{\"@id\":\"https:\\\/\\\/www.latribunedufaso.net\\\/?p=17726#breadcrumb\"},\"inLanguage\":\"fr-FR\",\"potentialAction\":[{\"@type\":\"ReadAction\",\"target\":[\"https:\\\/\\\/www.latribunedufaso.net\\\/?p=17726\"]}]},{\"@type\":\"ImageObject\",\"inLanguage\":\"fr-FR\",\"@id\":\"https:\\\/\\\/www.latribunedufaso.net\\\/?p=17726#primaryimage\",\"url\":\"https:\\\/\\\/www.latribunedufaso.net\\\/wp-content\\\/uploads\\\/2024\\\/12\\\/IMG-20241221-WA0082.jpg\",\"contentUrl\":\"https:\\\/\\\/www.latribunedufaso.net\\\/wp-content\\\/uploads\\\/2024\\\/12\\\/IMG-20241221-WA0082.jpg\",\"width\":2080,\"height\":1560,\"caption\":\"C\u00e9r\u00e9monie de d\u00e9coration au titre de l'ann\u00e9e 2024 au minist\u00e8re de l'Industrie, du Commerce et de l'Artisanat, 20 d\u00e9cembre 2024\"},{\"@type\":\"BreadcrumbList\",\"@id\":\"https:\\\/\\\/www.latribunedufaso.net\\\/?p=17726#breadcrumb\",\"itemListElement\":[{\"@type\":\"ListItem\",\"position\":1,\"name\":\"Accueil\",\"item\":\"https:\\\/\\\/www.latribunedufaso.net\\\/\"},{\"@type\":\"ListItem\",\"position\":2,\"name\":\"Minist\u00e8re en charge de l\u2019industrie et du Commerce : Le m\u00e9rite de 151 acteurs de la r\u00e9gion du centre c\u00e9l\u00e9br\u00e9\u00a0\"}]},{\"@type\":\"WebSite\",\"@id\":\"https:\\\/\\\/www.latribunedufaso.net\\\/#website\",\"url\":\"https:\\\/\\\/www.latribunedufaso.net\\\/\",\"name\":\"La Tribune du Faso\",\"description\":\"L&#039;information du monde rural en un clic\",\"publisher\":{\"@id\":\"https:\\\/\\\/www.latribunedufaso.net\\\/#organization\"},\"potentialAction\":[{\"@type\":\"SearchAction\",\"target\":{\"@type\":\"EntryPoint\",\"urlTemplate\":\"https:\\\/\\\/www.latribunedufaso.net\\\/?s={search_term_string}\"},\"query-input\":{\"@type\":\"PropertyValueSpecification\",\"valueRequired\":true,\"valueName\":\"search_term_string\"}}],\"inLanguage\":\"fr-FR\"},{\"@type\":\"Organization\",\"@id\":\"https:\\\/\\\/www.latribunedufaso.net\\\/#organization\",\"name\":\"La Tribune du Faso\",\"url\":\"https:\\\/\\\/www.latribunedufaso.net\\\/\",\"logo\":{\"@type\":\"ImageObject\",\"inLanguage\":\"fr-FR\",\"@id\":\"https:\\\/\\\/www.latribunedufaso.net\\\/#\\\/schema\\\/logo\\\/image\\\/\",\"url\":\"https:\\\/\\\/www.latribunedufaso.net\\\/wp-content\\\/uploads\\\/2020\\\/08\\\/Logo-Tribune-du-Faso-final-scaled.jpg\",\"contentUrl\":\"https:\\\/\\\/www.latribunedufaso.net\\\/wp-content\\\/uploads\\\/2020\\\/08\\\/Logo-Tribune-du-Faso-final-scaled.jpg\",\"width\":2560,\"height\":1856,\"caption\":\"La Tribune du Faso\"},\"image\":{\"@id\":\"https:\\\/\\\/www.latribunedufaso.net\\\/#\\\/schema\\\/logo\\\/image\\\/\"},\"sameAs\":[\"https:\\\/\\\/www.facebook.com\\\/LatribuneduFaso\\\/\"]},{\"@type\":\"Person\",\"@id\":\"https:\\\/\\\/www.latribunedufaso.net\\\/#\\\/schema\\\/person\\\/e54e64c5778a7e72cf80a318b7a622b0\",\"name\":\"Issouf Tapsoba\",\"image\":{\"@type\":\"ImageObject\",\"inLanguage\":\"fr-FR\",\"@id\":\"https:\\\/\\\/secure.gravatar.com\\\/avatar\\\/5e6c05150ce3230247d167f5b94d678eb05936197436d69b7921e3a95c9107ac?s=96&d=mm&r=g\",\"url\":\"https:\\\/\\\/secure.gravatar.com\\\/avatar\\\/5e6c05150ce3230247d167f5b94d678eb05936197436d69b7921e3a95c9107ac?s=96&d=mm&r=g\",\"contentUrl\":\"https:\\\/\\\/secure.gravatar.com\\\/avatar\\\/5e6c05150ce3230247d167f5b94d678eb05936197436d69b7921e3a95c9107ac?s=96&d=mm&r=g\",\"caption\":\"Issouf Tapsoba\"},\"url\":\"https:\\\/\\\/www.latribunedufaso.net\\\/?author=5\"}]}<\/script>\n<!-- \/ Yoast SEO plugin. -->","yoast_head_json":{"title":"Minist\u00e8re en charge de l\u2019industrie et du Commerce : Le m\u00e9rite de 151 acteurs de la r\u00e9gion du centre c\u00e9l\u00e9br\u00e9\u00a0 - La Tribune du Faso","robots":{"index":"index","follow":"follow","max-snippet":"max-snippet:-1","max-image-preview":"max-image-preview:large","max-video-preview":"max-video-preview:-1"},"canonical":"https:\/\/www.latribunedufaso.net\/?p=17726","og_locale":"fr_FR","og_type":"article","og_title":"Minist\u00e8re en charge de l\u2019industrie et du Commerce : Le m\u00e9rite de 151 acteurs de la r\u00e9gion du centre c\u00e9l\u00e9br\u00e9\u00a0 - La Tribune du Faso","og_description":"Le minist\u00e8re de l\u2019Industrie, du Commerce et de l\u2019Artisanat a proc\u00e9d\u00e9 \u00e0 la d\u00e9coration de 151 acteurs relevant de son d\u00e9partement et r\u00e9sidant dans la r\u00e9gion du Centre, le 20 d\u00e9cembre 2024 \u00e0 Ouagadougou.","og_url":"https:\/\/www.latribunedufaso.net\/?p=17726","og_site_name":"La Tribune du Faso","article_publisher":"https:\/\/www.facebook.com\/LatribuneduFaso\/","article_published_time":"2024-12-21T08:40:18+00:00","article_modified_time":"2024-12-23T09:48:03+00:00","og_image":[{"width":2080,"height":1560,"url":"https:\/\/www.latribunedufaso.net\/wp-content\/uploads\/2024\/12\/IMG-20241221-WA0082.jpg","type":"image\/jpeg"}],"author":"Issouf Tapsoba","twitter_misc":{"\u00c9crit par":"Issouf Tapsoba","Dur\u00e9e de lecture estim\u00e9e":"3 minutes"},"schema":{"@context":"https:\/\/schema.org","@graph":[{"@type":"Article","@id":"https:\/\/www.latribunedufaso.net\/?p=17726#article","isPartOf":{"@id":"https:\/\/www.latribunedufaso.net\/?p=17726"},"author":{"name":"Issouf Tapsoba","@id":"https:\/\/www.latribunedufaso.net\/#\/schema\/person\/e54e64c5778a7e72cf80a318b7a622b0"},"headline":"Minist\u00e8re en charge de l\u2019industrie et du Commerce : Le m\u00e9rite de 151 acteurs de la r\u00e9gion du centre c\u00e9l\u00e9br\u00e9\u00a0","datePublished":"2024-12-21T08:40:18+00:00","dateModified":"2024-12-23T09:48:03+00:00","mainEntityOfPage":{"@id":"https:\/\/www.latribunedufaso.net\/?p=17726"},"wordCount":588,"commentCount":0,"publisher":{"@id":"https:\/\/www.latribunedufaso.net\/#organization"},"image":{"@id":"https:\/\/www.latribunedufaso.net\/?p=17726#primaryimage"},"thumbnailUrl":"https:\/\/www.latribunedufaso.net\/wp-content\/uploads\/2024\/12\/IMG-20241221-WA0082.jpg","keywords":["Commerce","D\u00e9coration","D\u00e9veloppement industriel","latribunedufaso.net"],"articleSection":["A la une","Actualit\u00e9","Economie"],"inLanguage":"fr-FR","potentialAction":[{"@type":"CommentAction","name":"Comment","target":["https:\/\/www.latribunedufaso.net\/?p=17726#respond"]}]},{"@type":"WebPage","@id":"https:\/\/www.latribunedufaso.net\/?p=17726","url":"https:\/\/www.latribunedufaso.net\/?p=17726","name":"Minist\u00e8re en charge de l\u2019industrie et du Commerce : Le m\u00e9rite de 151 acteurs de la r\u00e9gion du centre c\u00e9l\u00e9br\u00e9\u00a0 - La Tribune du Faso","isPartOf":{"@id":"https:\/\/www.latribunedufaso.net\/#website"},"primaryImageOfPage":{"@id":"https:\/\/www.latribunedufaso.net\/?p=17726#primaryimage"},"image":{"@id":"https:\/\/www.latribunedufaso.net\/?p=17726#primaryimage"},"thumbnailUrl":"https:\/\/www.latribunedufaso.net\/wp-content\/uploads\/2024\/12\/IMG-20241221-WA0082.jpg","datePublished":"2024-12-21T08:40:18+00:00","dateModified":"2024-12-23T09:48:03+00:00","breadcrumb":{"@id":"https:\/\/www.latribunedufaso.net\/?p=17726#breadcrumb"},"inLanguage":"fr-FR","potentialAction":[{"@type":"ReadAction","target":["https:\/\/www.latribunedufaso.net\/?p=17726"]}]},{"@type":"ImageObject","inLanguage":"fr-FR","@id":"https:\/\/www.latribunedufaso.net\/?p=17726#primaryimage","url":"https:\/\/www.latribunedufaso.net\/wp-content\/uploads\/2024\/12\/IMG-20241221-WA0082.jpg","contentUrl":"https:\/\/www.latribunedufaso.net\/wp-content\/uploads\/2024\/12\/IMG-20241221-WA0082.jpg","width":2080,"height":1560,"caption":"C\u00e9r\u00e9monie de d\u00e9coration au titre de l'ann\u00e9e 2024 au minist\u00e8re de l'Industrie, du Commerce et de l'Artisanat, 20 d\u00e9cembre 2024"},{"@type":"BreadcrumbList","@id":"https:\/\/www.latribunedufaso.net\/?p=17726#breadcrumb","itemListElement":[{"@type":"ListItem","position":1,"name":"Accueil","item":"https:\/\/www.latribunedufaso.net\/"},{"@type":"ListItem","position":2,"name":"Minist\u00e8re en charge de l\u2019industrie et du Commerce : Le m\u00e9rite de 151 acteurs de la r\u00e9gion du centre c\u00e9l\u00e9br\u00e9\u00a0"}]},{"@type":"WebSite","@id":"https:\/\/www.latribunedufaso.net\/#website","url":"https:\/\/www.latribunedufaso.net\/","name":"La Tribune du Faso","description":"L&#039;information du monde rural en un clic","publisher":{"@id":"https:\/\/www.latribunedufaso.net\/#organization"},"potentialAction":[{"@type":"SearchAction","target":{"@type":"EntryPoint","urlTemplate":"https:\/\/www.latribunedufaso.net\/?s={search_term_string}"},"query-input":{"@type":"PropertyValueSpecification","valueRequired":true,"valueName":"search_term_string"}}],"inLanguage":"fr-FR"},{"@type":"Organization","@id":"https:\/\/www.latribunedufaso.net\/#organization","name":"La Tribune du Faso","url":"https:\/\/www.latribunedufaso.net\/","logo":{"@type":"ImageObject","inLanguage":"fr-FR","@id":"https:\/\/www.latribunedufaso.net\/#\/schema\/logo\/image\/","url":"https:\/\/www.latribunedufaso.net\/wp-content\/uploads\/2020\/08\/Logo-Tribune-du-Faso-final-scaled.jpg","contentUrl":"https:\/\/www.latribunedufaso.net\/wp-content\/uploads\/2020\/08\/Logo-Tribune-du-Faso-final-scaled.jpg","width":2560,"height":1856,"caption":"La Tribune du Faso"},"image":{"@id":"https:\/\/www.latribunedufaso.net\/#\/schema\/logo\/image\/"},"sameAs":["https:\/\/www.facebook.com\/LatribuneduFaso\/"]},{"@type":"Person","@id":"https:\/\/www.latribunedufaso.net\/#\/schema\/person\/e54e64c5778a7e72cf80a318b7a622b0","name":"Issouf Tapsoba","image":{"@type":"ImageObject","inLanguage":"fr-FR","@id":"https:\/\/secure.gravatar.com\/avatar\/5e6c05150ce3230247d167f5b94d678eb05936197436d69b7921e3a95c9107ac?s=96&d=mm&r=g","url":"https:\/\/secure.gravatar.com\/avatar\/5e6c05150ce3230247d167f5b94d678eb05936197436d69b7921e3a95c9107ac?s=96&d=mm&r=g","contentUrl":"https:\/\/secure.gravatar.com\/avatar\/5e6c05150ce3230247d167f5b94d678eb05936197436d69b7921e3a95c9107ac?s=96&d=mm&r=g","caption":"Issouf Tapsoba"},"url":"https:\/\/www.latribunedufaso.net\/?author=5"}]}},"_links":{"self":[{"href":"https:\/\/www.latribunedufaso.net\/index.php?rest_route=\/wp\/v2\/posts\/17726","targetHints":{"allow":["GET"]}}],"collection":[{"href":"https:\/\/www.latribunedufaso.net\/index.php?rest_route=\/wp\/v2\/posts"}],"about":[{"href":"https:\/\/www.latribunedufaso.net\/index.php?rest_route=\/wp\/v2\/types\/post"}],"author":[{"embeddable":true,"href":"https:\/\/www.latribunedufaso.net\/index.php?rest_route=\/wp\/v2\/users\/5"}],"replies":[{"embeddable":true,"href":"https:\/\/www.latribunedufaso.net\/index.php?rest_route=%2Fwp%2Fv2%2Fcomments&post=17726"}],"version-history":[{"count":1,"href":"https:\/\/www.latribunedufaso.net\/index.php?rest_route=\/wp\/v2\/posts\/17726\/revisions"}],"predecessor-version":[{"id":17731,"href":"https:\/\/www.latribunedufaso.net\/index.php?rest_route=\/wp\/v2\/posts\/17726\/revisions\/17731"}],"wp:featuredmedia":[{"embeddable":true,"href":"https:\/\/www.latribunedufaso.net\/index.php?rest_route=\/wp\/v2\/media\/17727"}],"wp:attachment":[{"href":"https:\/\/www.latribunedufaso.net\/index.php?rest_route=%2Fwp%2Fv2%2Fmedia&parent=17726"}],"wp:term":[{"taxonomy":"category","embeddable":true,"href":"https:\/\/www.latribunedufaso.net\/index.php?rest_route=%2Fwp%2Fv2%2Fcategories&post=17726"},{"taxonomy":"post_tag","embeddable":true,"href":"https:\/\/www.latribunedufaso.net\/index.php?rest_route=%2Fwp%2Fv2%2Ftags&post=17726"}],"curies":[{"name":"wp","href":"https:\/\/api.w.org\/{rel}","templated":true}]}}