{"id":17692,"date":"2024-12-20T00:45:52","date_gmt":"2024-12-20T00:45:52","guid":{"rendered":"https:\/\/www.latribunedufaso.net\/?p=17692"},"modified":"2024-12-20T00:47:21","modified_gmt":"2024-12-20T00:47:21","slug":"conseil-national-de-lutte-contre-le-sida-et-les-ist-le-burkina-faso-enregistre-une-prevalence-de-moins-de-1-en-2023","status":"publish","type":"post","link":"https:\/\/www.latribunedufaso.net\/?p=17692","title":{"rendered":"Conseil national de lutte contre le Sida et les IST : Le Burkina Faso enregistre une pr\u00e9valence de moins de 1% en 2023"},"content":{"rendered":"<p><strong><span style=\"font-size: 1.0625rem;\">Le Conseil national de lutte contre le Sida et les IST (CNLS-IST) a tenu le 19 d\u00e9cembre 2024 \u00e0 Ouagadougou, sa 21\u00e8me session ordinaire. Elle \u00e9tait plac\u00e9e sous le tr\u00e8s haut patronage du Pr\u00e9sident du Faso, pr\u00e9sident du CNLS-IST, le Capitaine Ibrahim Traor\u00e9, repr\u00e9sent\u00e9 par son Directeur de cabinet, Anderson Medah. <\/span><\/strong><!--more--><\/p>\n<p><span style=\"font-size: 1.0625rem;\">Cette c\u00e9r\u00e9monie a \u00e9galement connue la pr\u00e9sence du ministre en charge de la Sant\u00e9, Robert Kargougou, du secr\u00e9taire permanent du CNLS-IST, Seydou Ouattara et de la repr\u00e9sentante de la coordonnatrice r\u00e9sidente du Syst\u00e8me des Nations unies au Burkina, A\u00efssatou Guiss\u00e9\/Caspar.<\/span><\/p>\n<figure id=\"attachment_17696\" aria-describedby=\"caption-attachment-17696\" style=\"width: 1000px\" class=\"wp-caption aligncenter\"><a href=\"https:\/\/www.latribunedufaso.net\/wp-content\/uploads\/2024\/12\/IMG-20241220-WA0005.jpg\"><img loading=\"lazy\" decoding=\"async\" class=\"size-full wp-image-17696\" src=\"https:\/\/www.latribunedufaso.net\/wp-content\/uploads\/2024\/12\/IMG-20241220-WA0005.jpg\" alt=\"La 21\u00e8me session ordinaire du Conseil national de lutte contre le Sida et les IST (CNLS-IST), 19 d\u00e9cembre 2024\" width=\"1000\" height=\"750\" srcset=\"https:\/\/www.latribunedufaso.net\/wp-content\/uploads\/2024\/12\/IMG-20241220-WA0005.jpg 1000w, https:\/\/www.latribunedufaso.net\/wp-content\/uploads\/2024\/12\/IMG-20241220-WA0005-300x225.jpg 300w, https:\/\/www.latribunedufaso.net\/wp-content\/uploads\/2024\/12\/IMG-20241220-WA0005-768x576.jpg 768w\" sizes=\"auto, (max-width: 1000px) 100vw, 1000px\" \/><\/a><figcaption id=\"caption-attachment-17696\" class=\"wp-caption-text\">Le secr\u00e9taire permanent du CNLS-IST, Seydou Ouattara (\u00e0 gauche) et le ministre en charge de la Sant\u00e9, Robert Kargougou &#8211; Ph. I. Tougma<\/figcaption><\/figure>\n<p>L\u2019objectif g\u00e9n\u00e9ral de cette session du CNLS-IST est d\u2019orienter les interventions en mati\u00e8re de lutte contre le Sida. Il s\u2019est agi sp\u00e9cifiquement, d\u2019appr\u00e9cier la mise en \u0153uvre des recommandations de la derni\u00e8re session du CNLS-IST, de valider les r\u00e9sultats obtenus de la mise en \u0153uvre du plan national multisectoriel (PNM) 2023 et d\u2019approuver les r\u00e9sultats programmatiques ainsi que les strat\u00e9gies \u00e0 d\u00e9velopper pour la mise en \u0153uvre du PNM 2025.\u00a0<\/p>\n<h2>Situation \u00e9pid\u00e9miologique du VIH en 2023<\/h2>\n<p>L\u2019analyse \u00e9pid\u00e9miologique place le Burkina Faso parmi les pays a \u00e9pid\u00e9mie mixte caract\u00e9ris\u00e9e par une pr\u00e9valence de moins de 1% en populations g\u00e9n\u00e9rale avec des poches de concentration au sein de certains groupes sp\u00e9cifiques. Chez les 15 \u00e0 49 ans, la pr\u00e9valence est de 0,6% avec un nombre estim\u00e9 de PVVIH de 95 000 dont 9 500 enfants. <span style=\"font-size: 1.0625rem;\">Les r\u00e9gions les plus touch\u00e9s sont les Hauts Bassins avec une pr\u00e9valence de 2,7%, le Centre avec 2,3%, le Sud-Ouest avec 1,83% et le Centre-Est avec une pr\u00e9valence de 1, 2%.<\/span><\/p>\n<figure id=\"attachment_17695\" aria-describedby=\"caption-attachment-17695\" style=\"width: 1000px\" class=\"wp-caption aligncenter\"><a href=\"https:\/\/www.latribunedufaso.net\/wp-content\/uploads\/2024\/12\/IMG-20241220-WA0000.jpg\"><img loading=\"lazy\" decoding=\"async\" class=\"size-full wp-image-17695\" src=\"https:\/\/www.latribunedufaso.net\/wp-content\/uploads\/2024\/12\/IMG-20241220-WA0000.jpg\" alt=\"La 21\u00e8me session ordinaire du Conseil national de lutte contre le Sida et les IST (CNLS-IST), 19 d\u00e9cembre 2024\" width=\"1000\" height=\"750\" srcset=\"https:\/\/www.latribunedufaso.net\/wp-content\/uploads\/2024\/12\/IMG-20241220-WA0000.jpg 1000w, https:\/\/www.latribunedufaso.net\/wp-content\/uploads\/2024\/12\/IMG-20241220-WA0000-300x225.jpg 300w, https:\/\/www.latribunedufaso.net\/wp-content\/uploads\/2024\/12\/IMG-20241220-WA0000-768x576.jpg 768w\" sizes=\"auto, (max-width: 1000px) 100vw, 1000px\" \/><\/a><figcaption id=\"caption-attachment-17695\" class=\"wp-caption-text\">Le Directeur de cabinet de la Pr\u00e9sidence du Faso, le Capitaine Anderson Medah, repr\u00e9sentant le Chef de l&rsquo;Etat &#8211; Ph. I. Tougma<\/figcaption><\/figure>\n<p>En d\u00e9pit des r\u00e9sultats obtenus, le Directeur de cabinet de la Pr\u00e9sidence du Faso, pr\u00e9sident de la c\u00e9r\u00e9monie, Anderson Medah, a signifi\u00e9 qu\u2019il est imp\u00e9ratif d\u2019impulser une nouvelle dynamique dans le renforcement des mesures de pr\u00e9ventions, combin\u00e9s de traitement des PVVIH et de l&rsquo;am\u00e9lioration des droits humains au Burkina Faso.<\/p>\n<p>Les discussions du jour ont port\u00e9es sur plusieurs points. Il s\u2019agit des actions \u00e0 consid\u00e9rer pour r\u00e9duire la stigmatisation et la discrimination dans les formations sanitaire, du plaidoyer pour une sensibilisation en faveur des populations a hauts risques et du plaidoyer pour les financements durables en faveur de la lutte contre le VIH, le sida et les IST.<\/p>\n<h2>Recommandations\u00a0<\/h2>\n<p>Plusieurs recommandations sont sorties des \u00e9changes du jour. On peut noter le fait de maintenir la r\u00e9ponse au VIH Sida au niveau multisectoriel et sous le plus haut leadership national et d\u2019acc\u00e9l\u00e9rer les travaux de groupes techniques pour le renforcement de la pr\u00e9vention et la prise en charge p\u00e9diatrique du VIH \u00e9largie aux mentors et aux responsables r\u00e9gionaux de la sant\u00e9 de la reproduction.<\/p>\n<blockquote>\n<p>Lire aussi &gt;&gt; <a href=\"https:\/\/www.latribunedufaso.net\/?p=17406\">Lutte contre le VIH SIDA : La Grande foire z\u00e9ro SIDA respecte le rendez-vous de la 2e \u00e9dition\u00a0<\/a><\/p>\n<\/blockquote>\n<p>A cela s&rsquo;ajoutent la poursuite de l<span style=\"font-size: 1.0625rem;\">\u2019innovation pour assurer les services de pr\u00e9vention, la promotion et la p<\/span><span style=\"font-size: 1.0625rem;\">rise en charge surtout aupr\u00e8s des populations a haut risque, les jeunes et adolescents, les PDI et les personnes retourn\u00e9es dans leurs localit\u00e9s etc.<\/span><\/p>\n<figure id=\"attachment_17694\" aria-describedby=\"caption-attachment-17694\" style=\"width: 1000px\" class=\"wp-caption aligncenter\"><a href=\"https:\/\/www.latribunedufaso.net\/wp-content\/uploads\/2024\/12\/IMG-20241220-WA0001.jpg\"><img loading=\"lazy\" decoding=\"async\" class=\"size-full wp-image-17694\" src=\"https:\/\/www.latribunedufaso.net\/wp-content\/uploads\/2024\/12\/IMG-20241220-WA0001.jpg\" alt=\"La 21\u00e8me session ordinaire du Conseil national de lutte contre le Sida et les IST (CNLS-IST), 19 d\u00e9cembre 2024\" width=\"1000\" height=\"750\" srcset=\"https:\/\/www.latribunedufaso.net\/wp-content\/uploads\/2024\/12\/IMG-20241220-WA0001.jpg 1000w, https:\/\/www.latribunedufaso.net\/wp-content\/uploads\/2024\/12\/IMG-20241220-WA0001-300x225.jpg 300w, https:\/\/www.latribunedufaso.net\/wp-content\/uploads\/2024\/12\/IMG-20241220-WA0001-768x576.jpg 768w\" sizes=\"auto, (max-width: 1000px) 100vw, 1000px\" \/><\/a><figcaption id=\"caption-attachment-17694\" class=\"wp-caption-text\">La session a connue la pr\u00e9sence d\u2019une centaine de participants &#8211; Ph. A. Kiendrebeogo<\/figcaption><\/figure>\n<p>Tenant compte de l\u2019\u00e9ch\u00e9ance de 2030 pour l\u2019\u00e9limination de l\u2019\u00e9pid\u00e9mie du Sida, le Pr\u00e9sident du Faso, le Capitaine Ibrahim Traor\u00e9, dans son discours, lu par le Directeur de cabinet, Anderson Medah, a insist\u00e9 sur le fait que les prochaines ann\u00e9es devront \u00eatre marqu\u00e9es par une mobilisation plus accrue des acteurs en vue de relever le d\u00e9fi de l\u2019atteinte des objectifs ambitieux de l\u2019ONUSIDA. Pour lui, 95% des personnes vivant avec le VIH devront conna\u00eetre leur statut s\u00e9rologique, 95 % des personnes connaissant leur statut s\u00e9rologique devront avoir acc\u00e8s au traitement VIH et 95% des personnes sous traitement devront avoir une charge virale ind\u00e9tectable.<\/p>\n<figure id=\"attachment_17697\" aria-describedby=\"caption-attachment-17697\" style=\"width: 1000px\" class=\"wp-caption aligncenter\"><a href=\"https:\/\/www.latribunedufaso.net\/wp-content\/uploads\/2024\/12\/IMG-20241219-WA0114.jpg\"><img loading=\"lazy\" decoding=\"async\" class=\"size-full wp-image-17697\" src=\"https:\/\/www.latribunedufaso.net\/wp-content\/uploads\/2024\/12\/IMG-20241219-WA0114.jpg\" alt=\"La 21\u00e8me session ordinaire du Conseil national de lutte contre le Sida et les IST (CNLS-IST), 19 d\u00e9cembre 2024\" width=\"1000\" height=\"750\" srcset=\"https:\/\/www.latribunedufaso.net\/wp-content\/uploads\/2024\/12\/IMG-20241219-WA0114.jpg 1000w, https:\/\/www.latribunedufaso.net\/wp-content\/uploads\/2024\/12\/IMG-20241219-WA0114-300x225.jpg 300w, https:\/\/www.latribunedufaso.net\/wp-content\/uploads\/2024\/12\/IMG-20241219-WA0114-768x576.jpg 768w\" sizes=\"auto, (max-width: 1000px) 100vw, 1000px\" \/><\/a><figcaption id=\"caption-attachment-17697\" class=\"wp-caption-text\">Photo de famille des participants avec le Chef de l&rsquo;Etat, le Capitaine Ibrahim Traor\u00e9 &#8211; Ph. I. Tougma<\/figcaption><\/figure>\n<p>Pour clore, le Directeur de cabinet Anderson Medah, a remerci\u00e9 les acteurs nationaux et les partenaires techniques et financiers pour leur engagement aux c\u00f4t\u00e9s du gouvernement dans la lutte contre la maladie. <em><strong>\u00ab Je demeure convaincu que c\u2019est dans une telle synergie d\u2019actions que nous mettrons fin \u00e0 l\u2019\u00e9pid\u00e9mie du Sida dans notre pays \u00e0 l\u2019horizon 2030 \u00bb<\/strong><\/em> a-t-il indiqu\u00e9. La pr\u00e9sente session a connue la pr\u00e9sence d\u2019une centaine de participants.<\/p>\n<p><strong>Ines TOUGMA<\/strong><\/p>\n<p><strong>Latri<span style=\"font-size: 1.0625rem;\">bunedufaso.net<\/span><\/strong><\/p>\n","protected":false},"excerpt":{"rendered":"<p>Le Conseil national de lutte contre le Sida et les IST (CNLS-IST) a tenu le 19 d\u00e9cembre 2024 \u00e0 Ouagadougou, sa 21\u00e8me session ordinaire. Elle \u00e9tait plac\u00e9e sous le tr\u00e8s haut patronage du Pr\u00e9sident du Faso, pr\u00e9sident du CNLS-IST, le Capitaine Ibrahim Traor\u00e9, repr\u00e9sent\u00e9 par son Directeur de cabinet, Anderson Medah.<\/p>\n","protected":false},"author":5,"featured_media":17696,"comment_status":"open","ping_status":"open","sticky":false,"template":"","format":"standard","meta":{"footnotes":""},"categories":[13,1,7],"tags":[39,188,515],"class_list":["post-17692","post","type-post","status-publish","format-standard","has-post-thumbnail","hentry","category-une","category-actu","category-sante","tag-latribunedufaso-net","tag-lutte-contre-le-vih-sida","tag-sp-cnls-ist"],"yoast_head":"<!-- This site is optimized with the Yoast SEO plugin v27.5 - https:\/\/yoast.com\/product\/yoast-seo-wordpress\/ -->\n<title>Conseil national de lutte contre le Sida et les IST : Le Burkina Faso enregistre une pr\u00e9valence de moins de 1% en 2023 - La Tribune du Faso<\/title>\n<meta name=\"robots\" content=\"index, follow, max-snippet:-1, max-image-preview:large, max-video-preview:-1\" \/>\n<link rel=\"canonical\" href=\"https:\/\/www.latribunedufaso.net\/?p=17692\" \/>\n<meta property=\"og:locale\" content=\"fr_FR\" \/>\n<meta property=\"og:type\" content=\"article\" \/>\n<meta property=\"og:title\" content=\"Conseil national de lutte contre le Sida et les IST : Le Burkina Faso enregistre une pr\u00e9valence de moins de 1% en 2023 - La Tribune du Faso\" \/>\n<meta property=\"og:description\" content=\"Le Conseil national de lutte contre le Sida et les IST (CNLS-IST) a tenu le 19 d\u00e9cembre 2024 \u00e0 Ouagadougou, sa 21\u00e8me session ordinaire. Elle \u00e9tait plac\u00e9e sous le tr\u00e8s haut patronage du Pr\u00e9sident du Faso, pr\u00e9sident du CNLS-IST, le Capitaine Ibrahim Traor\u00e9, repr\u00e9sent\u00e9 par son Directeur de cabinet, Anderson Medah.\" \/>\n<meta property=\"og:url\" content=\"https:\/\/www.latribunedufaso.net\/?p=17692\" \/>\n<meta property=\"og:site_name\" content=\"La Tribune du Faso\" \/>\n<meta property=\"article:publisher\" content=\"https:\/\/www.facebook.com\/LatribuneduFaso\/\" \/>\n<meta property=\"article:published_time\" content=\"2024-12-20T00:45:52+00:00\" \/>\n<meta property=\"article:modified_time\" content=\"2024-12-20T00:47:21+00:00\" \/>\n<meta property=\"og:image\" content=\"https:\/\/www.latribunedufaso.net\/wp-content\/uploads\/2024\/12\/IMG-20241220-WA0005.jpg\" \/>\n\t<meta property=\"og:image:width\" content=\"1000\" \/>\n\t<meta property=\"og:image:height\" content=\"750\" \/>\n\t<meta property=\"og:image:type\" content=\"image\/jpeg\" \/>\n<meta name=\"author\" content=\"Issouf Tapsoba\" \/>\n<meta name=\"twitter:label1\" content=\"\u00c9crit par\" \/>\n\t<meta name=\"twitter:data1\" content=\"Issouf Tapsoba\" \/>\n\t<meta name=\"twitter:label2\" content=\"Dur\u00e9e de lecture estim\u00e9e\" \/>\n\t<meta name=\"twitter:data2\" content=\"4 minutes\" \/>\n<script type=\"application\/ld+json\" class=\"yoast-schema-graph\">{\"@context\":\"https:\\\/\\\/schema.org\",\"@graph\":[{\"@type\":\"Article\",\"@id\":\"https:\\\/\\\/www.latribunedufaso.net\\\/?p=17692#article\",\"isPartOf\":{\"@id\":\"https:\\\/\\\/www.latribunedufaso.net\\\/?p=17692\"},\"author\":{\"name\":\"Issouf Tapsoba\",\"@id\":\"https:\\\/\\\/www.latribunedufaso.net\\\/#\\\/schema\\\/person\\\/e54e64c5778a7e72cf80a318b7a622b0\"},\"headline\":\"Conseil national de lutte contre le Sida et les IST : Le Burkina Faso enregistre une pr\u00e9valence de moins de 1% en 2023\",\"datePublished\":\"2024-12-20T00:45:52+00:00\",\"dateModified\":\"2024-12-20T00:47:21+00:00\",\"mainEntityOfPage\":{\"@id\":\"https:\\\/\\\/www.latribunedufaso.net\\\/?p=17692\"},\"wordCount\":872,\"commentCount\":0,\"publisher\":{\"@id\":\"https:\\\/\\\/www.latribunedufaso.net\\\/#organization\"},\"image\":{\"@id\":\"https:\\\/\\\/www.latribunedufaso.net\\\/?p=17692#primaryimage\"},\"thumbnailUrl\":\"https:\\\/\\\/www.latribunedufaso.net\\\/wp-content\\\/uploads\\\/2024\\\/12\\\/IMG-20241220-WA0005.jpg\",\"keywords\":[\"latribunedufaso.net\",\"lutte contre le VIH\\\/SIDA\",\"SP\\\/CNLS-IST\"],\"articleSection\":[\"A la une\",\"Actualit\u00e9\",\"Sant\u00e9\"],\"inLanguage\":\"fr-FR\",\"potentialAction\":[{\"@type\":\"CommentAction\",\"name\":\"Comment\",\"target\":[\"https:\\\/\\\/www.latribunedufaso.net\\\/?p=17692#respond\"]}]},{\"@type\":\"WebPage\",\"@id\":\"https:\\\/\\\/www.latribunedufaso.net\\\/?p=17692\",\"url\":\"https:\\\/\\\/www.latribunedufaso.net\\\/?p=17692\",\"name\":\"Conseil national de lutte contre le Sida et les IST : Le Burkina Faso enregistre une pr\u00e9valence de moins de 1% en 2023 - La Tribune du Faso\",\"isPartOf\":{\"@id\":\"https:\\\/\\\/www.latribunedufaso.net\\\/#website\"},\"primaryImageOfPage\":{\"@id\":\"https:\\\/\\\/www.latribunedufaso.net\\\/?p=17692#primaryimage\"},\"image\":{\"@id\":\"https:\\\/\\\/www.latribunedufaso.net\\\/?p=17692#primaryimage\"},\"thumbnailUrl\":\"https:\\\/\\\/www.latribunedufaso.net\\\/wp-content\\\/uploads\\\/2024\\\/12\\\/IMG-20241220-WA0005.jpg\",\"datePublished\":\"2024-12-20T00:45:52+00:00\",\"dateModified\":\"2024-12-20T00:47:21+00:00\",\"breadcrumb\":{\"@id\":\"https:\\\/\\\/www.latribunedufaso.net\\\/?p=17692#breadcrumb\"},\"inLanguage\":\"fr-FR\",\"potentialAction\":[{\"@type\":\"ReadAction\",\"target\":[\"https:\\\/\\\/www.latribunedufaso.net\\\/?p=17692\"]}]},{\"@type\":\"ImageObject\",\"inLanguage\":\"fr-FR\",\"@id\":\"https:\\\/\\\/www.latribunedufaso.net\\\/?p=17692#primaryimage\",\"url\":\"https:\\\/\\\/www.latribunedufaso.net\\\/wp-content\\\/uploads\\\/2024\\\/12\\\/IMG-20241220-WA0005.jpg\",\"contentUrl\":\"https:\\\/\\\/www.latribunedufaso.net\\\/wp-content\\\/uploads\\\/2024\\\/12\\\/IMG-20241220-WA0005.jpg\",\"width\":1000,\"height\":750,\"caption\":\"Le secr\u00e9taire permanent du CNLS-IST, Seydou Ouattara (\u00e0 gauche) et le ministre en charge de la Sant\u00e9, Robert Kargougou - Ph. I. Tougma\"},{\"@type\":\"BreadcrumbList\",\"@id\":\"https:\\\/\\\/www.latribunedufaso.net\\\/?p=17692#breadcrumb\",\"itemListElement\":[{\"@type\":\"ListItem\",\"position\":1,\"name\":\"Accueil\",\"item\":\"https:\\\/\\\/www.latribunedufaso.net\\\/\"},{\"@type\":\"ListItem\",\"position\":2,\"name\":\"Conseil national de lutte contre le Sida et les IST : Le Burkina Faso enregistre une pr\u00e9valence de moins de 1% en 2023\"}]},{\"@type\":\"WebSite\",\"@id\":\"https:\\\/\\\/www.latribunedufaso.net\\\/#website\",\"url\":\"https:\\\/\\\/www.latribunedufaso.net\\\/\",\"name\":\"La Tribune du Faso\",\"description\":\"L&#039;information du monde rural en un clic\",\"publisher\":{\"@id\":\"https:\\\/\\\/www.latribunedufaso.net\\\/#organization\"},\"potentialAction\":[{\"@type\":\"SearchAction\",\"target\":{\"@type\":\"EntryPoint\",\"urlTemplate\":\"https:\\\/\\\/www.latribunedufaso.net\\\/?s={search_term_string}\"},\"query-input\":{\"@type\":\"PropertyValueSpecification\",\"valueRequired\":true,\"valueName\":\"search_term_string\"}}],\"inLanguage\":\"fr-FR\"},{\"@type\":\"Organization\",\"@id\":\"https:\\\/\\\/www.latribunedufaso.net\\\/#organization\",\"name\":\"La Tribune du Faso\",\"url\":\"https:\\\/\\\/www.latribunedufaso.net\\\/\",\"logo\":{\"@type\":\"ImageObject\",\"inLanguage\":\"fr-FR\",\"@id\":\"https:\\\/\\\/www.latribunedufaso.net\\\/#\\\/schema\\\/logo\\\/image\\\/\",\"url\":\"https:\\\/\\\/www.latribunedufaso.net\\\/wp-content\\\/uploads\\\/2020\\\/08\\\/Logo-Tribune-du-Faso-final-scaled.jpg\",\"contentUrl\":\"https:\\\/\\\/www.latribunedufaso.net\\\/wp-content\\\/uploads\\\/2020\\\/08\\\/Logo-Tribune-du-Faso-final-scaled.jpg\",\"width\":2560,\"height\":1856,\"caption\":\"La Tribune du Faso\"},\"image\":{\"@id\":\"https:\\\/\\\/www.latribunedufaso.net\\\/#\\\/schema\\\/logo\\\/image\\\/\"},\"sameAs\":[\"https:\\\/\\\/www.facebook.com\\\/LatribuneduFaso\\\/\"]},{\"@type\":\"Person\",\"@id\":\"https:\\\/\\\/www.latribunedufaso.net\\\/#\\\/schema\\\/person\\\/e54e64c5778a7e72cf80a318b7a622b0\",\"name\":\"Issouf Tapsoba\",\"image\":{\"@type\":\"ImageObject\",\"inLanguage\":\"fr-FR\",\"@id\":\"https:\\\/\\\/secure.gravatar.com\\\/avatar\\\/5e6c05150ce3230247d167f5b94d678eb05936197436d69b7921e3a95c9107ac?s=96&d=mm&r=g\",\"url\":\"https:\\\/\\\/secure.gravatar.com\\\/avatar\\\/5e6c05150ce3230247d167f5b94d678eb05936197436d69b7921e3a95c9107ac?s=96&d=mm&r=g\",\"contentUrl\":\"https:\\\/\\\/secure.gravatar.com\\\/avatar\\\/5e6c05150ce3230247d167f5b94d678eb05936197436d69b7921e3a95c9107ac?s=96&d=mm&r=g\",\"caption\":\"Issouf Tapsoba\"},\"url\":\"https:\\\/\\\/www.latribunedufaso.net\\\/?author=5\"}]}<\/script>\n<!-- \/ Yoast SEO plugin. -->","yoast_head_json":{"title":"Conseil national de lutte contre le Sida et les IST : Le Burkina Faso enregistre une pr\u00e9valence de moins de 1% en 2023 - La Tribune du Faso","robots":{"index":"index","follow":"follow","max-snippet":"max-snippet:-1","max-image-preview":"max-image-preview:large","max-video-preview":"max-video-preview:-1"},"canonical":"https:\/\/www.latribunedufaso.net\/?p=17692","og_locale":"fr_FR","og_type":"article","og_title":"Conseil national de lutte contre le Sida et les IST : Le Burkina Faso enregistre une pr\u00e9valence de moins de 1% en 2023 - La Tribune du Faso","og_description":"Le Conseil national de lutte contre le Sida et les IST (CNLS-IST) a tenu le 19 d\u00e9cembre 2024 \u00e0 Ouagadougou, sa 21\u00e8me session ordinaire. Elle \u00e9tait plac\u00e9e sous le tr\u00e8s haut patronage du Pr\u00e9sident du Faso, pr\u00e9sident du CNLS-IST, le Capitaine Ibrahim Traor\u00e9, repr\u00e9sent\u00e9 par son Directeur de cabinet, Anderson Medah.","og_url":"https:\/\/www.latribunedufaso.net\/?p=17692","og_site_name":"La Tribune du Faso","article_publisher":"https:\/\/www.facebook.com\/LatribuneduFaso\/","article_published_time":"2024-12-20T00:45:52+00:00","article_modified_time":"2024-12-20T00:47:21+00:00","og_image":[{"width":1000,"height":750,"url":"https:\/\/www.latribunedufaso.net\/wp-content\/uploads\/2024\/12\/IMG-20241220-WA0005.jpg","type":"image\/jpeg"}],"author":"Issouf Tapsoba","twitter_misc":{"\u00c9crit par":"Issouf Tapsoba","Dur\u00e9e de lecture estim\u00e9e":"4 minutes"},"schema":{"@context":"https:\/\/schema.org","@graph":[{"@type":"Article","@id":"https:\/\/www.latribunedufaso.net\/?p=17692#article","isPartOf":{"@id":"https:\/\/www.latribunedufaso.net\/?p=17692"},"author":{"name":"Issouf Tapsoba","@id":"https:\/\/www.latribunedufaso.net\/#\/schema\/person\/e54e64c5778a7e72cf80a318b7a622b0"},"headline":"Conseil national de lutte contre le Sida et les IST : Le Burkina Faso enregistre une pr\u00e9valence de moins de 1% en 2023","datePublished":"2024-12-20T00:45:52+00:00","dateModified":"2024-12-20T00:47:21+00:00","mainEntityOfPage":{"@id":"https:\/\/www.latribunedufaso.net\/?p=17692"},"wordCount":872,"commentCount":0,"publisher":{"@id":"https:\/\/www.latribunedufaso.net\/#organization"},"image":{"@id":"https:\/\/www.latribunedufaso.net\/?p=17692#primaryimage"},"thumbnailUrl":"https:\/\/www.latribunedufaso.net\/wp-content\/uploads\/2024\/12\/IMG-20241220-WA0005.jpg","keywords":["latribunedufaso.net","lutte contre le VIH\/SIDA","SP\/CNLS-IST"],"articleSection":["A la une","Actualit\u00e9","Sant\u00e9"],"inLanguage":"fr-FR","potentialAction":[{"@type":"CommentAction","name":"Comment","target":["https:\/\/www.latribunedufaso.net\/?p=17692#respond"]}]},{"@type":"WebPage","@id":"https:\/\/www.latribunedufaso.net\/?p=17692","url":"https:\/\/www.latribunedufaso.net\/?p=17692","name":"Conseil national de lutte contre le Sida et les IST : Le Burkina Faso enregistre une pr\u00e9valence de moins de 1% en 2023 - La Tribune du Faso","isPartOf":{"@id":"https:\/\/www.latribunedufaso.net\/#website"},"primaryImageOfPage":{"@id":"https:\/\/www.latribunedufaso.net\/?p=17692#primaryimage"},"image":{"@id":"https:\/\/www.latribunedufaso.net\/?p=17692#primaryimage"},"thumbnailUrl":"https:\/\/www.latribunedufaso.net\/wp-content\/uploads\/2024\/12\/IMG-20241220-WA0005.jpg","datePublished":"2024-12-20T00:45:52+00:00","dateModified":"2024-12-20T00:47:21+00:00","breadcrumb":{"@id":"https:\/\/www.latribunedufaso.net\/?p=17692#breadcrumb"},"inLanguage":"fr-FR","potentialAction":[{"@type":"ReadAction","target":["https:\/\/www.latribunedufaso.net\/?p=17692"]}]},{"@type":"ImageObject","inLanguage":"fr-FR","@id":"https:\/\/www.latribunedufaso.net\/?p=17692#primaryimage","url":"https:\/\/www.latribunedufaso.net\/wp-content\/uploads\/2024\/12\/IMG-20241220-WA0005.jpg","contentUrl":"https:\/\/www.latribunedufaso.net\/wp-content\/uploads\/2024\/12\/IMG-20241220-WA0005.jpg","width":1000,"height":750,"caption":"Le secr\u00e9taire permanent du CNLS-IST, Seydou Ouattara (\u00e0 gauche) et le ministre en charge de la Sant\u00e9, Robert Kargougou - Ph. I. Tougma"},{"@type":"BreadcrumbList","@id":"https:\/\/www.latribunedufaso.net\/?p=17692#breadcrumb","itemListElement":[{"@type":"ListItem","position":1,"name":"Accueil","item":"https:\/\/www.latribunedufaso.net\/"},{"@type":"ListItem","position":2,"name":"Conseil national de lutte contre le Sida et les IST : Le Burkina Faso enregistre une pr\u00e9valence de moins de 1% en 2023"}]},{"@type":"WebSite","@id":"https:\/\/www.latribunedufaso.net\/#website","url":"https:\/\/www.latribunedufaso.net\/","name":"La Tribune du Faso","description":"L&#039;information du monde rural en un clic","publisher":{"@id":"https:\/\/www.latribunedufaso.net\/#organization"},"potentialAction":[{"@type":"SearchAction","target":{"@type":"EntryPoint","urlTemplate":"https:\/\/www.latribunedufaso.net\/?s={search_term_string}"},"query-input":{"@type":"PropertyValueSpecification","valueRequired":true,"valueName":"search_term_string"}}],"inLanguage":"fr-FR"},{"@type":"Organization","@id":"https:\/\/www.latribunedufaso.net\/#organization","name":"La Tribune du Faso","url":"https:\/\/www.latribunedufaso.net\/","logo":{"@type":"ImageObject","inLanguage":"fr-FR","@id":"https:\/\/www.latribunedufaso.net\/#\/schema\/logo\/image\/","url":"https:\/\/www.latribunedufaso.net\/wp-content\/uploads\/2020\/08\/Logo-Tribune-du-Faso-final-scaled.jpg","contentUrl":"https:\/\/www.latribunedufaso.net\/wp-content\/uploads\/2020\/08\/Logo-Tribune-du-Faso-final-scaled.jpg","width":2560,"height":1856,"caption":"La Tribune du Faso"},"image":{"@id":"https:\/\/www.latribunedufaso.net\/#\/schema\/logo\/image\/"},"sameAs":["https:\/\/www.facebook.com\/LatribuneduFaso\/"]},{"@type":"Person","@id":"https:\/\/www.latribunedufaso.net\/#\/schema\/person\/e54e64c5778a7e72cf80a318b7a622b0","name":"Issouf Tapsoba","image":{"@type":"ImageObject","inLanguage":"fr-FR","@id":"https:\/\/secure.gravatar.com\/avatar\/5e6c05150ce3230247d167f5b94d678eb05936197436d69b7921e3a95c9107ac?s=96&d=mm&r=g","url":"https:\/\/secure.gravatar.com\/avatar\/5e6c05150ce3230247d167f5b94d678eb05936197436d69b7921e3a95c9107ac?s=96&d=mm&r=g","contentUrl":"https:\/\/secure.gravatar.com\/avatar\/5e6c05150ce3230247d167f5b94d678eb05936197436d69b7921e3a95c9107ac?s=96&d=mm&r=g","caption":"Issouf Tapsoba"},"url":"https:\/\/www.latribunedufaso.net\/?author=5"}]}},"_links":{"self":[{"href":"https:\/\/www.latribunedufaso.net\/index.php?rest_route=\/wp\/v2\/posts\/17692","targetHints":{"allow":["GET"]}}],"collection":[{"href":"https:\/\/www.latribunedufaso.net\/index.php?rest_route=\/wp\/v2\/posts"}],"about":[{"href":"https:\/\/www.latribunedufaso.net\/index.php?rest_route=\/wp\/v2\/types\/post"}],"author":[{"embeddable":true,"href":"https:\/\/www.latribunedufaso.net\/index.php?rest_route=\/wp\/v2\/users\/5"}],"replies":[{"embeddable":true,"href":"https:\/\/www.latribunedufaso.net\/index.php?rest_route=%2Fwp%2Fv2%2Fcomments&post=17692"}],"version-history":[{"count":3,"href":"https:\/\/www.latribunedufaso.net\/index.php?rest_route=\/wp\/v2\/posts\/17692\/revisions"}],"predecessor-version":[{"id":17700,"href":"https:\/\/www.latribunedufaso.net\/index.php?rest_route=\/wp\/v2\/posts\/17692\/revisions\/17700"}],"wp:featuredmedia":[{"embeddable":true,"href":"https:\/\/www.latribunedufaso.net\/index.php?rest_route=\/wp\/v2\/media\/17696"}],"wp:attachment":[{"href":"https:\/\/www.latribunedufaso.net\/index.php?rest_route=%2Fwp%2Fv2%2Fmedia&parent=17692"}],"wp:term":[{"taxonomy":"category","embeddable":true,"href":"https:\/\/www.latribunedufaso.net\/index.php?rest_route=%2Fwp%2Fv2%2Fcategories&post=17692"},{"taxonomy":"post_tag","embeddable":true,"href":"https:\/\/www.latribunedufaso.net\/index.php?rest_route=%2Fwp%2Fv2%2Ftags&post=17692"}],"curies":[{"name":"wp","href":"https:\/\/api.w.org\/{rel}","templated":true}]}}