{"id":17684,"date":"2024-12-20T00:02:55","date_gmt":"2024-12-20T00:02:55","guid":{"rendered":"https:\/\/www.latribunedufaso.net\/?p=17684"},"modified":"2024-12-19T22:31:23","modified_gmt":"2024-12-19T22:31:23","slug":"ministere-en-charge-des-mines-134-acteurs-decores-pour-leur-contribution-au-developpement-du-burkina-faso","status":"publish","type":"post","link":"https:\/\/www.latribunedufaso.net\/?p=17684","title":{"rendered":"Minist\u00e8re en charge des Mines : 134 acteurs d\u00e9cor\u00e9s pour leur contribution au d\u00e9veloppement du Burkina Faso\u00a0\u00a0"},"content":{"rendered":"<p><strong><span style=\"font-size: 1.0625rem;\">Ce 19 d\u00e9cembre 2024, le minist\u00e8re de l\u2019\u00c9nergie, des Mines et des Carri\u00e8res a organis\u00e9 \u00e0 Ouagadougou une c\u00e9r\u00e9monie de d\u00e9coration au profit de son personnel et de ses partenaires.\u00a0<\/span><\/strong><!--more--><\/p>\n<p>Au total, 134 distinctions ont \u00e9t\u00e9 attribu\u00e9es, dont 34 dans les Ordres nationaux et 100 dans l\u2019Ordre du M\u00e9rite du Commerce et de l\u2019Industrie. Ces distinctions mettent en lumi\u00e8re l\u2019apport <em><strong>\u00ab inestimable \u00bb<\/strong><\/em> de ces acteurs dans la qu\u00eate de r\u00e9silience et de souverainet\u00e9 \u00e9nerg\u00e9tique.\u00a0\u00a0<\/p>\n<figure id=\"attachment_17688\" aria-describedby=\"caption-attachment-17688\" style=\"width: 2560px\" class=\"wp-caption aligncenter\"><a href=\"https:\/\/www.latribunedufaso.net\/wp-content\/uploads\/2024\/12\/IMG-20241219-WA0100.jpg\"><img loading=\"lazy\" decoding=\"async\" class=\"size-full wp-image-17688\" src=\"https:\/\/www.latribunedufaso.net\/wp-content\/uploads\/2024\/12\/IMG-20241219-WA0100.jpg\" alt=\"C\u00e9r\u00e9monie de d\u00e9coration de l'ann\u00e9e 2024 du minist\u00e8re en charge des Mines, 19 d\u00e9cembre 2024\" width=\"2560\" height=\"1440\" srcset=\"https:\/\/www.latribunedufaso.net\/wp-content\/uploads\/2024\/12\/IMG-20241219-WA0100.jpg 2560w, https:\/\/www.latribunedufaso.net\/wp-content\/uploads\/2024\/12\/IMG-20241219-WA0100-300x169.jpg 300w, https:\/\/www.latribunedufaso.net\/wp-content\/uploads\/2024\/12\/IMG-20241219-WA0100-1024x576.jpg 1024w, https:\/\/www.latribunedufaso.net\/wp-content\/uploads\/2024\/12\/IMG-20241219-WA0100-768x432.jpg 768w, https:\/\/www.latribunedufaso.net\/wp-content\/uploads\/2024\/12\/IMG-20241219-WA0100-1536x864.jpg 1536w, https:\/\/www.latribunedufaso.net\/wp-content\/uploads\/2024\/12\/IMG-20241219-WA0100-2048x1152.jpg 2048w\" sizes=\"auto, (max-width: 2560px) 100vw, 2560px\" \/><\/a><figcaption id=\"caption-attachment-17688\" class=\"wp-caption-text\">Le ministre en charge des Mines, Yacouba Zabr\u00e9 Gouba &#8211; Ph. N. Ouattara<\/figcaption><\/figure>\n<p>Le ministre Yacouba Zabr\u00e9 Gouba a profit\u00e9 de l\u2019occasion pour appeler les r\u00e9cipiendaires \u00e0 intensifier leurs efforts. <em><strong>\u00ab \u00c0 l\u2019instar des combattants sur le terrain, aucun sacrifice ne doit \u00eatre de trop \u00e0 quelque niveau que ce soit pour la souverainet\u00e9 totale du Burkina \u00bb<\/strong><\/em>, a-t-il d\u00e9clar\u00e9, tout en les invitant \u00e0 conjuguer leurs actions avec celles des Volontaires pour la d\u00e9fense de la Patrie (VDP) et des Forces de d\u00e9fense et de s\u00e9curit\u00e9 (FDS).\u00a0\u00a0<\/p>\n<h2>Des distinctions porteuses de fiert\u00e9 et de responsabilit\u00e9s<\/h2>\n<p>Pour Dr Blanche Kantiono, Directrice ex\u00e9cutive d\u2019Essakane Solar, cette reconnaissance est une source de motivation.<\/p>\n<figure id=\"attachment_17685\" aria-describedby=\"caption-attachment-17685\" style=\"width: 2560px\" class=\"wp-caption aligncenter\"><a href=\"https:\/\/www.latribunedufaso.net\/wp-content\/uploads\/2024\/12\/IMG-20241219-WA0103.jpg\"><img loading=\"lazy\" decoding=\"async\" class=\"size-full wp-image-17685\" src=\"https:\/\/www.latribunedufaso.net\/wp-content\/uploads\/2024\/12\/IMG-20241219-WA0103.jpg\" alt=\"C\u00e9r\u00e9monie de d\u00e9coration de l'ann\u00e9e 2024 du minist\u00e8re en charge des Mines, 19 d\u00e9cembre 2024\" width=\"2560\" height=\"1739\" srcset=\"https:\/\/www.latribunedufaso.net\/wp-content\/uploads\/2024\/12\/IMG-20241219-WA0103.jpg 2560w, https:\/\/www.latribunedufaso.net\/wp-content\/uploads\/2024\/12\/IMG-20241219-WA0103-300x204.jpg 300w, https:\/\/www.latribunedufaso.net\/wp-content\/uploads\/2024\/12\/IMG-20241219-WA0103-1024x696.jpg 1024w, https:\/\/www.latribunedufaso.net\/wp-content\/uploads\/2024\/12\/IMG-20241219-WA0103-768x522.jpg 768w, https:\/\/www.latribunedufaso.net\/wp-content\/uploads\/2024\/12\/IMG-20241219-WA0103-1536x1043.jpg 1536w, https:\/\/www.latribunedufaso.net\/wp-content\/uploads\/2024\/12\/IMG-20241219-WA0103-2048x1391.jpg 2048w\" sizes=\"auto, (max-width: 2560px) 100vw, 2560px\" \/><\/a><figcaption id=\"caption-attachment-17685\" class=\"wp-caption-text\">La Directrice ex\u00e9cutive d\u2019Essakane Solar, Blanche Kantiono &#8211; Ph. N. Ouattara<\/figcaption><\/figure>\n<p><em><strong>\u00ab J\u2019ai \u00e9t\u00e9 \u00e9lev\u00e9e au grade d\u2019Officier de l\u2019Ordre du M\u00e9rite avec agrafe \u00c9nergie. C\u2019est une grande fiert\u00e9 pour moi. Un sentiment de reconnaissance m\u2019anime vis-\u00e0-vis du chef de l\u2019\u00c9tat et de mon minist\u00e8re de tutelle, le minist\u00e8re de l\u2019\u00c9nergie, des Mines et des Carri\u00e8res. Je d\u00e9die cette m\u00e9daille \u00e0 ma famille et \u00e0 toutes les parties prenantes avec lesquelles j\u2019ai interagi dans le cadre de ma mission \u00bb<\/strong><\/em>, a-t-elle confi\u00e9.<\/p>\n<p>Forte de plus de quinze ans d\u2019exp\u00e9rience dans le secteur minier, dont sept dans le domaine de l\u2019\u00e9nergie, elle consid\u00e8re cette distinction comme le couronnement de nombreux sacrifices consentis au service de son pays.\u00a0\u00a0<\/p>\n<figure id=\"attachment_17687\" aria-describedby=\"caption-attachment-17687\" style=\"width: 2560px\" class=\"wp-caption aligncenter\"><a href=\"https:\/\/www.latribunedufaso.net\/wp-content\/uploads\/2024\/12\/IMG-20241219-WA0101.jpg\"><img loading=\"lazy\" decoding=\"async\" class=\"size-full wp-image-17687\" src=\"https:\/\/www.latribunedufaso.net\/wp-content\/uploads\/2024\/12\/IMG-20241219-WA0101.jpg\" alt=\"C\u00e9r\u00e9monie de d\u00e9coration de l'ann\u00e9e 2024 du minist\u00e8re en charge des Mines, 19 d\u00e9cembre 2024\" width=\"2560\" height=\"1927\" srcset=\"https:\/\/www.latribunedufaso.net\/wp-content\/uploads\/2024\/12\/IMG-20241219-WA0101.jpg 2560w, https:\/\/www.latribunedufaso.net\/wp-content\/uploads\/2024\/12\/IMG-20241219-WA0101-300x226.jpg 300w, https:\/\/www.latribunedufaso.net\/wp-content\/uploads\/2024\/12\/IMG-20241219-WA0101-1024x771.jpg 1024w, https:\/\/www.latribunedufaso.net\/wp-content\/uploads\/2024\/12\/IMG-20241219-WA0101-768x578.jpg 768w, https:\/\/www.latribunedufaso.net\/wp-content\/uploads\/2024\/12\/IMG-20241219-WA0101-1536x1156.jpg 1536w, https:\/\/www.latribunedufaso.net\/wp-content\/uploads\/2024\/12\/IMG-20241219-WA0101-2048x1542.jpg 2048w\" sizes=\"auto, (max-width: 2560px) 100vw, 2560px\" \/><\/a><figcaption id=\"caption-attachment-17687\" class=\"wp-caption-text\">Le responsable technique d\u2019Africa Reine Burkina, Lassina Sanou &#8211; Ph. N. Ouattara<\/figcaption><\/figure>\n<p>Lassina Sanou, responsable technique d\u2019Africa Reine Burkina, partage des sentiments similaires. <em><strong>\u00ab Nous avons des sentiments de joie et d\u2019\u00e9motions vives. Que l\u2019\u00c9tat burkinab\u00e8 reconnaisse notre travail au quotidien nous r\u00e9jouis et nous pousse \u00e0 redoubler d\u2019abn\u00e9gation. Cela nous encourage \u00e0 continuer et \u00e0 m\u00e9riter encore plus la confiance de l\u2019\u00c9tat \u00bb,<\/strong><\/em> a-t-il affirm\u00e9.<\/p>\n<p>Africa Reine Burkina, entreprise sp\u00e9cialis\u00e9e dans les \u00e9nergies renouvelables, a notamment construit la centrale solaire de Matroukou, une installation de 38 m\u00e9gawatts-cr\u00eate qui alimente le r\u00e9seau national depuis 2023.\u00a0<\/p>\n<figure id=\"attachment_17686\" aria-describedby=\"caption-attachment-17686\" style=\"width: 2560px\" class=\"wp-caption aligncenter\"><a href=\"https:\/\/www.latribunedufaso.net\/wp-content\/uploads\/2024\/12\/IMG-20241219-WA0105.jpg\"><img loading=\"lazy\" decoding=\"async\" class=\"size-full wp-image-17686\" src=\"https:\/\/www.latribunedufaso.net\/wp-content\/uploads\/2024\/12\/IMG-20241219-WA0105.jpg\" alt=\"C\u00e9r\u00e9monie de d\u00e9coration de l'ann\u00e9e 2024 du minist\u00e8re en charge des Mines, 19 d\u00e9cembre 2024\" width=\"2560\" height=\"1440\" srcset=\"https:\/\/www.latribunedufaso.net\/wp-content\/uploads\/2024\/12\/IMG-20241219-WA0105.jpg 2560w, https:\/\/www.latribunedufaso.net\/wp-content\/uploads\/2024\/12\/IMG-20241219-WA0105-300x169.jpg 300w, https:\/\/www.latribunedufaso.net\/wp-content\/uploads\/2024\/12\/IMG-20241219-WA0105-1024x576.jpg 1024w, https:\/\/www.latribunedufaso.net\/wp-content\/uploads\/2024\/12\/IMG-20241219-WA0105-768x432.jpg 768w, https:\/\/www.latribunedufaso.net\/wp-content\/uploads\/2024\/12\/IMG-20241219-WA0105-1536x864.jpg 1536w, https:\/\/www.latribunedufaso.net\/wp-content\/uploads\/2024\/12\/IMG-20241219-WA0105-2048x1152.jpg 2048w\" sizes=\"auto, (max-width: 2560px) 100vw, 2560px\" \/><\/a><figcaption id=\"caption-attachment-17686\" class=\"wp-caption-text\">Asseta Yam\u00e9ogo, agent \u00e0 la Soci\u00e9t\u00e9 nationale d\u2019\u00e9lectricit\u00e9 du Burkina (SONABEL) &#8211; Ph. N. Ouattara<\/figcaption><\/figure>\n<p>Pour Asseta Yam\u00e9ogo, employ\u00e9e de la Soci\u00e9t\u00e9 nationale d\u2019\u00e9lectricit\u00e9 du Burkina (SONABEL), cette distinction symbolise une reconnaissance collective. <em><strong>\u00ab Ce matin, j\u2019ai \u00e9t\u00e9 \u00e9lev\u00e9e au rang de chevalier de l\u2019Ordre de l\u2019\u00c9talon pour le compte du minist\u00e8re des Mines et des Carri\u00e8res. Cette d\u00e9coration est la reconnaissance du m\u00e9rite du travail, et Je profite de cette occasion pour remercier les plus hautes autorit\u00e9s de notre pays pour avoir reconnu ma modeste contribution \u00e0 l\u2019\u00e9dification de la nation \u00bb,<\/strong> <\/em>a-t-elle d\u00e9clar\u00e9.<\/p>\n<blockquote>\n<p>Lire aussi &gt;&gt; <a href=\"https:\/\/www.latribunedufaso.net\/?p=17603\">Burkina\/Mines : La production industrielle d\u2019or au 30 septembre 2024 estim\u00e9e \u00e0 39 248, 575 Kg<\/a><\/p>\n<\/blockquote>\n<p>Elle a \u00e9galement tenu \u00e0 exprimer sa gratitude envers sa hi\u00e9rarchie pour la confiance plac\u00e9e en elle et \u00e0 ses coll\u00e8gues.<em><strong> \u00ab Je d\u00e9die cette m\u00e9daille \u00e0 mes collaborateurs, qui accomplissent un travail formidable au quotidien. C\u2019est une invitation \u00e0 mieux faire, et je m\u2019engage \u00e0 relever les d\u00e9fis professionnels \u00e0 venir \u00bb.<\/strong><\/em><\/p>\n<p>Cette c\u00e9r\u00e9monie illustre l\u2019importance des secteurs minier et \u00e9nerg\u00e9tique dans le processus de d\u00e9veloppement du Burkina Faso et la reconnaissance des efforts individuels et collectifs pour une souverainet\u00e9 nationale renforc\u00e9e.<\/p>\n<p><strong>Nabintou OUATTARA\u00a0<\/strong><\/p>\n<p><strong><span style=\"font-size: 1.0625rem;\">Latri<\/span><span style=\"font-size: 1.0625rem;\">bunedufaso.net<\/span><\/strong><\/p>\n","protected":false},"excerpt":{"rendered":"<p>Ce 19 d\u00e9cembre 2024, le minist\u00e8re de l\u2019\u00c9nergie, des Mines et des Carri\u00e8res a organis\u00e9 \u00e0 Ouagadougou une c\u00e9r\u00e9monie de d\u00e9coration au profit de son personnel et de ses partenaires.\u00a0<\/p>\n","protected":false},"author":5,"featured_media":17689,"comment_status":"open","ping_status":"open","sticky":false,"template":"","format":"standard","meta":{"footnotes":""},"categories":[13,1,19],"tags":[524,39,52],"class_list":["post-17684","post","type-post","status-publish","format-standard","has-post-thumbnail","hentry","category-une","category-actu","category-mines-et-carrieres","tag-decoration","tag-latribunedufaso-net","tag-mines-et-carrieres"],"yoast_head":"<!-- This site is optimized with the Yoast SEO plugin v27.5 - https:\/\/yoast.com\/product\/yoast-seo-wordpress\/ -->\n<title>Minist\u00e8re en charge des Mines : 134 acteurs d\u00e9cor\u00e9s pour leur contribution au d\u00e9veloppement du Burkina Faso\u00a0\u00a0 - La Tribune du Faso<\/title>\n<meta name=\"robots\" content=\"index, follow, max-snippet:-1, max-image-preview:large, max-video-preview:-1\" \/>\n<link rel=\"canonical\" href=\"https:\/\/www.latribunedufaso.net\/?p=17684\" \/>\n<meta property=\"og:locale\" content=\"fr_FR\" \/>\n<meta property=\"og:type\" content=\"article\" \/>\n<meta property=\"og:title\" content=\"Minist\u00e8re en charge des Mines : 134 acteurs d\u00e9cor\u00e9s pour leur contribution au d\u00e9veloppement du Burkina Faso\u00a0\u00a0 - La Tribune du Faso\" \/>\n<meta property=\"og:description\" content=\"Ce 19 d\u00e9cembre 2024, le minist\u00e8re de l\u2019\u00c9nergie, des Mines et des Carri\u00e8res a organis\u00e9 \u00e0 Ouagadougou une c\u00e9r\u00e9monie de d\u00e9coration au profit de son personnel et de ses partenaires.\u00a0\" \/>\n<meta property=\"og:url\" content=\"https:\/\/www.latribunedufaso.net\/?p=17684\" \/>\n<meta property=\"og:site_name\" content=\"La Tribune du Faso\" \/>\n<meta property=\"article:publisher\" content=\"https:\/\/www.facebook.com\/LatribuneduFaso\/\" \/>\n<meta property=\"article:published_time\" content=\"2024-12-20T00:02:55+00:00\" \/>\n<meta property=\"og:image\" content=\"https:\/\/www.latribunedufaso.net\/wp-content\/uploads\/2024\/12\/FB_IMG_1734647133342.jpg\" \/>\n\t<meta property=\"og:image:width\" content=\"720\" \/>\n\t<meta property=\"og:image:height\" content=\"480\" \/>\n\t<meta property=\"og:image:type\" content=\"image\/jpeg\" \/>\n<meta name=\"author\" content=\"Issouf Tapsoba\" \/>\n<meta name=\"twitter:label1\" content=\"\u00c9crit par\" \/>\n\t<meta name=\"twitter:data1\" content=\"Issouf Tapsoba\" \/>\n\t<meta name=\"twitter:label2\" content=\"Dur\u00e9e de lecture estim\u00e9e\" \/>\n\t<meta name=\"twitter:data2\" content=\"3 minutes\" \/>\n<script type=\"application\/ld+json\" class=\"yoast-schema-graph\">{\"@context\":\"https:\\\/\\\/schema.org\",\"@graph\":[{\"@type\":\"Article\",\"@id\":\"https:\\\/\\\/www.latribunedufaso.net\\\/?p=17684#article\",\"isPartOf\":{\"@id\":\"https:\\\/\\\/www.latribunedufaso.net\\\/?p=17684\"},\"author\":{\"name\":\"Issouf Tapsoba\",\"@id\":\"https:\\\/\\\/www.latribunedufaso.net\\\/#\\\/schema\\\/person\\\/e54e64c5778a7e72cf80a318b7a622b0\"},\"headline\":\"Minist\u00e8re en charge des Mines : 134 acteurs d\u00e9cor\u00e9s pour leur contribution au d\u00e9veloppement du Burkina Faso\u00a0\u00a0\",\"datePublished\":\"2024-12-20T00:02:55+00:00\",\"mainEntityOfPage\":{\"@id\":\"https:\\\/\\\/www.latribunedufaso.net\\\/?p=17684\"},\"wordCount\":700,\"commentCount\":0,\"publisher\":{\"@id\":\"https:\\\/\\\/www.latribunedufaso.net\\\/#organization\"},\"image\":{\"@id\":\"https:\\\/\\\/www.latribunedufaso.net\\\/?p=17684#primaryimage\"},\"thumbnailUrl\":\"https:\\\/\\\/www.latribunedufaso.net\\\/wp-content\\\/uploads\\\/2024\\\/12\\\/FB_IMG_1734647133342.jpg\",\"keywords\":[\"D\u00e9coration\",\"latribunedufaso.net\",\"mines et carri\u00e8res\"],\"articleSection\":[\"A la une\",\"Actualit\u00e9\",\"Mines et Carri\u00e8res\"],\"inLanguage\":\"fr-FR\",\"potentialAction\":[{\"@type\":\"CommentAction\",\"name\":\"Comment\",\"target\":[\"https:\\\/\\\/www.latribunedufaso.net\\\/?p=17684#respond\"]}]},{\"@type\":\"WebPage\",\"@id\":\"https:\\\/\\\/www.latribunedufaso.net\\\/?p=17684\",\"url\":\"https:\\\/\\\/www.latribunedufaso.net\\\/?p=17684\",\"name\":\"Minist\u00e8re en charge des Mines : 134 acteurs d\u00e9cor\u00e9s pour leur contribution au d\u00e9veloppement du Burkina Faso\u00a0\u00a0 - La Tribune du Faso\",\"isPartOf\":{\"@id\":\"https:\\\/\\\/www.latribunedufaso.net\\\/#website\"},\"primaryImageOfPage\":{\"@id\":\"https:\\\/\\\/www.latribunedufaso.net\\\/?p=17684#primaryimage\"},\"image\":{\"@id\":\"https:\\\/\\\/www.latribunedufaso.net\\\/?p=17684#primaryimage\"},\"thumbnailUrl\":\"https:\\\/\\\/www.latribunedufaso.net\\\/wp-content\\\/uploads\\\/2024\\\/12\\\/FB_IMG_1734647133342.jpg\",\"datePublished\":\"2024-12-20T00:02:55+00:00\",\"breadcrumb\":{\"@id\":\"https:\\\/\\\/www.latribunedufaso.net\\\/?p=17684#breadcrumb\"},\"inLanguage\":\"fr-FR\",\"potentialAction\":[{\"@type\":\"ReadAction\",\"target\":[\"https:\\\/\\\/www.latribunedufaso.net\\\/?p=17684\"]}]},{\"@type\":\"ImageObject\",\"inLanguage\":\"fr-FR\",\"@id\":\"https:\\\/\\\/www.latribunedufaso.net\\\/?p=17684#primaryimage\",\"url\":\"https:\\\/\\\/www.latribunedufaso.net\\\/wp-content\\\/uploads\\\/2024\\\/12\\\/FB_IMG_1734647133342.jpg\",\"contentUrl\":\"https:\\\/\\\/www.latribunedufaso.net\\\/wp-content\\\/uploads\\\/2024\\\/12\\\/FB_IMG_1734647133342.jpg\",\"width\":720,\"height\":480,\"caption\":\"C\u00e9r\u00e9monie de d\u00e9coration de l'ann\u00e9e 2024 du minist\u00e8re en charge des Mines, 19 d\u00e9cembre 2024\"},{\"@type\":\"BreadcrumbList\",\"@id\":\"https:\\\/\\\/www.latribunedufaso.net\\\/?p=17684#breadcrumb\",\"itemListElement\":[{\"@type\":\"ListItem\",\"position\":1,\"name\":\"Accueil\",\"item\":\"https:\\\/\\\/www.latribunedufaso.net\\\/\"},{\"@type\":\"ListItem\",\"position\":2,\"name\":\"Minist\u00e8re en charge des Mines : 134 acteurs d\u00e9cor\u00e9s pour leur contribution au d\u00e9veloppement du Burkina Faso\u00a0\u00a0\"}]},{\"@type\":\"WebSite\",\"@id\":\"https:\\\/\\\/www.latribunedufaso.net\\\/#website\",\"url\":\"https:\\\/\\\/www.latribunedufaso.net\\\/\",\"name\":\"La Tribune du Faso\",\"description\":\"L&#039;information du monde rural en un clic\",\"publisher\":{\"@id\":\"https:\\\/\\\/www.latribunedufaso.net\\\/#organization\"},\"potentialAction\":[{\"@type\":\"SearchAction\",\"target\":{\"@type\":\"EntryPoint\",\"urlTemplate\":\"https:\\\/\\\/www.latribunedufaso.net\\\/?s={search_term_string}\"},\"query-input\":{\"@type\":\"PropertyValueSpecification\",\"valueRequired\":true,\"valueName\":\"search_term_string\"}}],\"inLanguage\":\"fr-FR\"},{\"@type\":\"Organization\",\"@id\":\"https:\\\/\\\/www.latribunedufaso.net\\\/#organization\",\"name\":\"La Tribune du Faso\",\"url\":\"https:\\\/\\\/www.latribunedufaso.net\\\/\",\"logo\":{\"@type\":\"ImageObject\",\"inLanguage\":\"fr-FR\",\"@id\":\"https:\\\/\\\/www.latribunedufaso.net\\\/#\\\/schema\\\/logo\\\/image\\\/\",\"url\":\"https:\\\/\\\/www.latribunedufaso.net\\\/wp-content\\\/uploads\\\/2020\\\/08\\\/Logo-Tribune-du-Faso-final-scaled.jpg\",\"contentUrl\":\"https:\\\/\\\/www.latribunedufaso.net\\\/wp-content\\\/uploads\\\/2020\\\/08\\\/Logo-Tribune-du-Faso-final-scaled.jpg\",\"width\":2560,\"height\":1856,\"caption\":\"La Tribune du Faso\"},\"image\":{\"@id\":\"https:\\\/\\\/www.latribunedufaso.net\\\/#\\\/schema\\\/logo\\\/image\\\/\"},\"sameAs\":[\"https:\\\/\\\/www.facebook.com\\\/LatribuneduFaso\\\/\"]},{\"@type\":\"Person\",\"@id\":\"https:\\\/\\\/www.latribunedufaso.net\\\/#\\\/schema\\\/person\\\/e54e64c5778a7e72cf80a318b7a622b0\",\"name\":\"Issouf Tapsoba\",\"image\":{\"@type\":\"ImageObject\",\"inLanguage\":\"fr-FR\",\"@id\":\"https:\\\/\\\/secure.gravatar.com\\\/avatar\\\/5e6c05150ce3230247d167f5b94d678eb05936197436d69b7921e3a95c9107ac?s=96&d=mm&r=g\",\"url\":\"https:\\\/\\\/secure.gravatar.com\\\/avatar\\\/5e6c05150ce3230247d167f5b94d678eb05936197436d69b7921e3a95c9107ac?s=96&d=mm&r=g\",\"contentUrl\":\"https:\\\/\\\/secure.gravatar.com\\\/avatar\\\/5e6c05150ce3230247d167f5b94d678eb05936197436d69b7921e3a95c9107ac?s=96&d=mm&r=g\",\"caption\":\"Issouf Tapsoba\"},\"url\":\"https:\\\/\\\/www.latribunedufaso.net\\\/?author=5\"}]}<\/script>\n<!-- \/ Yoast SEO plugin. -->","yoast_head_json":{"title":"Minist\u00e8re en charge des Mines : 134 acteurs d\u00e9cor\u00e9s pour leur contribution au d\u00e9veloppement du Burkina Faso\u00a0\u00a0 - La Tribune du Faso","robots":{"index":"index","follow":"follow","max-snippet":"max-snippet:-1","max-image-preview":"max-image-preview:large","max-video-preview":"max-video-preview:-1"},"canonical":"https:\/\/www.latribunedufaso.net\/?p=17684","og_locale":"fr_FR","og_type":"article","og_title":"Minist\u00e8re en charge des Mines : 134 acteurs d\u00e9cor\u00e9s pour leur contribution au d\u00e9veloppement du Burkina Faso\u00a0\u00a0 - La Tribune du Faso","og_description":"Ce 19 d\u00e9cembre 2024, le minist\u00e8re de l\u2019\u00c9nergie, des Mines et des Carri\u00e8res a organis\u00e9 \u00e0 Ouagadougou une c\u00e9r\u00e9monie de d\u00e9coration au profit de son personnel et de ses partenaires.\u00a0","og_url":"https:\/\/www.latribunedufaso.net\/?p=17684","og_site_name":"La Tribune du Faso","article_publisher":"https:\/\/www.facebook.com\/LatribuneduFaso\/","article_published_time":"2024-12-20T00:02:55+00:00","og_image":[{"width":720,"height":480,"url":"https:\/\/www.latribunedufaso.net\/wp-content\/uploads\/2024\/12\/FB_IMG_1734647133342.jpg","type":"image\/jpeg"}],"author":"Issouf Tapsoba","twitter_misc":{"\u00c9crit par":"Issouf Tapsoba","Dur\u00e9e de lecture estim\u00e9e":"3 minutes"},"schema":{"@context":"https:\/\/schema.org","@graph":[{"@type":"Article","@id":"https:\/\/www.latribunedufaso.net\/?p=17684#article","isPartOf":{"@id":"https:\/\/www.latribunedufaso.net\/?p=17684"},"author":{"name":"Issouf Tapsoba","@id":"https:\/\/www.latribunedufaso.net\/#\/schema\/person\/e54e64c5778a7e72cf80a318b7a622b0"},"headline":"Minist\u00e8re en charge des Mines : 134 acteurs d\u00e9cor\u00e9s pour leur contribution au d\u00e9veloppement du Burkina Faso\u00a0\u00a0","datePublished":"2024-12-20T00:02:55+00:00","mainEntityOfPage":{"@id":"https:\/\/www.latribunedufaso.net\/?p=17684"},"wordCount":700,"commentCount":0,"publisher":{"@id":"https:\/\/www.latribunedufaso.net\/#organization"},"image":{"@id":"https:\/\/www.latribunedufaso.net\/?p=17684#primaryimage"},"thumbnailUrl":"https:\/\/www.latribunedufaso.net\/wp-content\/uploads\/2024\/12\/FB_IMG_1734647133342.jpg","keywords":["D\u00e9coration","latribunedufaso.net","mines et carri\u00e8res"],"articleSection":["A la une","Actualit\u00e9","Mines et Carri\u00e8res"],"inLanguage":"fr-FR","potentialAction":[{"@type":"CommentAction","name":"Comment","target":["https:\/\/www.latribunedufaso.net\/?p=17684#respond"]}]},{"@type":"WebPage","@id":"https:\/\/www.latribunedufaso.net\/?p=17684","url":"https:\/\/www.latribunedufaso.net\/?p=17684","name":"Minist\u00e8re en charge des Mines : 134 acteurs d\u00e9cor\u00e9s pour leur contribution au d\u00e9veloppement du Burkina Faso\u00a0\u00a0 - La Tribune du Faso","isPartOf":{"@id":"https:\/\/www.latribunedufaso.net\/#website"},"primaryImageOfPage":{"@id":"https:\/\/www.latribunedufaso.net\/?p=17684#primaryimage"},"image":{"@id":"https:\/\/www.latribunedufaso.net\/?p=17684#primaryimage"},"thumbnailUrl":"https:\/\/www.latribunedufaso.net\/wp-content\/uploads\/2024\/12\/FB_IMG_1734647133342.jpg","datePublished":"2024-12-20T00:02:55+00:00","breadcrumb":{"@id":"https:\/\/www.latribunedufaso.net\/?p=17684#breadcrumb"},"inLanguage":"fr-FR","potentialAction":[{"@type":"ReadAction","target":["https:\/\/www.latribunedufaso.net\/?p=17684"]}]},{"@type":"ImageObject","inLanguage":"fr-FR","@id":"https:\/\/www.latribunedufaso.net\/?p=17684#primaryimage","url":"https:\/\/www.latribunedufaso.net\/wp-content\/uploads\/2024\/12\/FB_IMG_1734647133342.jpg","contentUrl":"https:\/\/www.latribunedufaso.net\/wp-content\/uploads\/2024\/12\/FB_IMG_1734647133342.jpg","width":720,"height":480,"caption":"C\u00e9r\u00e9monie de d\u00e9coration de l'ann\u00e9e 2024 du minist\u00e8re en charge des Mines, 19 d\u00e9cembre 2024"},{"@type":"BreadcrumbList","@id":"https:\/\/www.latribunedufaso.net\/?p=17684#breadcrumb","itemListElement":[{"@type":"ListItem","position":1,"name":"Accueil","item":"https:\/\/www.latribunedufaso.net\/"},{"@type":"ListItem","position":2,"name":"Minist\u00e8re en charge des Mines : 134 acteurs d\u00e9cor\u00e9s pour leur contribution au d\u00e9veloppement du Burkina Faso\u00a0\u00a0"}]},{"@type":"WebSite","@id":"https:\/\/www.latribunedufaso.net\/#website","url":"https:\/\/www.latribunedufaso.net\/","name":"La Tribune du Faso","description":"L&#039;information du monde rural en un clic","publisher":{"@id":"https:\/\/www.latribunedufaso.net\/#organization"},"potentialAction":[{"@type":"SearchAction","target":{"@type":"EntryPoint","urlTemplate":"https:\/\/www.latribunedufaso.net\/?s={search_term_string}"},"query-input":{"@type":"PropertyValueSpecification","valueRequired":true,"valueName":"search_term_string"}}],"inLanguage":"fr-FR"},{"@type":"Organization","@id":"https:\/\/www.latribunedufaso.net\/#organization","name":"La Tribune du Faso","url":"https:\/\/www.latribunedufaso.net\/","logo":{"@type":"ImageObject","inLanguage":"fr-FR","@id":"https:\/\/www.latribunedufaso.net\/#\/schema\/logo\/image\/","url":"https:\/\/www.latribunedufaso.net\/wp-content\/uploads\/2020\/08\/Logo-Tribune-du-Faso-final-scaled.jpg","contentUrl":"https:\/\/www.latribunedufaso.net\/wp-content\/uploads\/2020\/08\/Logo-Tribune-du-Faso-final-scaled.jpg","width":2560,"height":1856,"caption":"La Tribune du Faso"},"image":{"@id":"https:\/\/www.latribunedufaso.net\/#\/schema\/logo\/image\/"},"sameAs":["https:\/\/www.facebook.com\/LatribuneduFaso\/"]},{"@type":"Person","@id":"https:\/\/www.latribunedufaso.net\/#\/schema\/person\/e54e64c5778a7e72cf80a318b7a622b0","name":"Issouf Tapsoba","image":{"@type":"ImageObject","inLanguage":"fr-FR","@id":"https:\/\/secure.gravatar.com\/avatar\/5e6c05150ce3230247d167f5b94d678eb05936197436d69b7921e3a95c9107ac?s=96&d=mm&r=g","url":"https:\/\/secure.gravatar.com\/avatar\/5e6c05150ce3230247d167f5b94d678eb05936197436d69b7921e3a95c9107ac?s=96&d=mm&r=g","contentUrl":"https:\/\/secure.gravatar.com\/avatar\/5e6c05150ce3230247d167f5b94d678eb05936197436d69b7921e3a95c9107ac?s=96&d=mm&r=g","caption":"Issouf Tapsoba"},"url":"https:\/\/www.latribunedufaso.net\/?author=5"}]}},"_links":{"self":[{"href":"https:\/\/www.latribunedufaso.net\/index.php?rest_route=\/wp\/v2\/posts\/17684","targetHints":{"allow":["GET"]}}],"collection":[{"href":"https:\/\/www.latribunedufaso.net\/index.php?rest_route=\/wp\/v2\/posts"}],"about":[{"href":"https:\/\/www.latribunedufaso.net\/index.php?rest_route=\/wp\/v2\/types\/post"}],"author":[{"embeddable":true,"href":"https:\/\/www.latribunedufaso.net\/index.php?rest_route=\/wp\/v2\/users\/5"}],"replies":[{"embeddable":true,"href":"https:\/\/www.latribunedufaso.net\/index.php?rest_route=%2Fwp%2Fv2%2Fcomments&post=17684"}],"version-history":[{"count":2,"href":"https:\/\/www.latribunedufaso.net\/index.php?rest_route=\/wp\/v2\/posts\/17684\/revisions"}],"predecessor-version":[{"id":17691,"href":"https:\/\/www.latribunedufaso.net\/index.php?rest_route=\/wp\/v2\/posts\/17684\/revisions\/17691"}],"wp:featuredmedia":[{"embeddable":true,"href":"https:\/\/www.latribunedufaso.net\/index.php?rest_route=\/wp\/v2\/media\/17689"}],"wp:attachment":[{"href":"https:\/\/www.latribunedufaso.net\/index.php?rest_route=%2Fwp%2Fv2%2Fmedia&parent=17684"}],"wp:term":[{"taxonomy":"category","embeddable":true,"href":"https:\/\/www.latribunedufaso.net\/index.php?rest_route=%2Fwp%2Fv2%2Fcategories&post=17684"},{"taxonomy":"post_tag","embeddable":true,"href":"https:\/\/www.latribunedufaso.net\/index.php?rest_route=%2Fwp%2Fv2%2Ftags&post=17684"}],"curies":[{"name":"wp","href":"https:\/\/api.w.org\/{rel}","templated":true}]}}