{"id":17660,"date":"2024-12-19T12:35:02","date_gmt":"2024-12-19T12:35:02","guid":{"rendered":"https:\/\/www.latribunedufaso.net\/?p=17660"},"modified":"2025-01-06T19:30:11","modified_gmt":"2025-01-06T19:30:11","slug":"2e-casem-2024-du-ministere-en-charge-de-lindustrie-519-activites-a-realiser-en-2025","status":"publish","type":"post","link":"https:\/\/www.latribunedufaso.net\/?p=17660","title":{"rendered":"2e CASEM 2024 du minist\u00e8re en charge de l\u2019Industrie : 519 activit\u00e9s \u00e0 r\u00e9aliser en 2025"},"content":{"rendered":"<p><strong><span style=\"font-size: 1.0625rem;\">Le minist\u00e8re de l\u2019Industrie, du Commerce et de l\u2019Artisanat (MICA) tient ce 19 d\u00e9cembre 2024 \u00e0 Ouagadougou, la 2e session ordinaire de l\u2019ann\u00e9e 2024 du Conseil d\u2019administration du secteur minist\u00e9riel (CASEM). Cette rencontre vise \u00e0 examiner et valider les documents de planification du d\u00e9partement.<\/span><\/strong><!--more--><\/p>\n<p>La c\u00e9r\u00e9monie d\u2019ouverture des travaux est pr\u00e9sid\u00e9e par le Directeur de cabinet du minist\u00e8re, Zakaria Gyengani, repr\u00e9sentant le ministre. Selon lui, deux documents feront l\u2019objet des travaux de ce CASEM. Il s\u2019agit du Plan d\u2019action prioritaire 2025-2027 et du projet de Plan de travail annuel 2025 du d\u00e9partement.<em><strong> \u00ab La mise en \u0153uvre de ces actions nous permettra de contribuer significativement \u00e0 l\u2019atteinte des objectifs du Plan d\u2019action de stabilisation et de d\u00e9veloppement adopt\u00e9 par le gouvernement \u00bb<\/strong><\/em>, a-t-il ajout\u00e9.<\/p>\n<figure id=\"attachment_17664\" aria-describedby=\"caption-attachment-17664\" style=\"width: 2560px\" class=\"wp-caption aligncenter\"><a href=\"https:\/\/www.latribunedufaso.net\/wp-content\/uploads\/2024\/12\/IMG_20241219_093415_404-scaled.jpg\"><img loading=\"lazy\" decoding=\"async\" class=\"size-full wp-image-17664\" src=\"https:\/\/www.latribunedufaso.net\/wp-content\/uploads\/2024\/12\/IMG_20241219_093415_404-scaled.jpg\" alt=\"La 2e session ordinaire de l\u2019ann\u00e9e 2024 du Conseil d\u2019administration du secteur minist\u00e9riel (CASEM) du minist\u00e8re en charge de l'Industrie, 19 de d\u00e9cembre 2024\" width=\"2560\" height=\"1920\" srcset=\"https:\/\/www.latribunedufaso.net\/wp-content\/uploads\/2024\/12\/IMG_20241219_093415_404-scaled.jpg 2560w, https:\/\/www.latribunedufaso.net\/wp-content\/uploads\/2024\/12\/IMG_20241219_093415_404-300x225.jpg 300w, https:\/\/www.latribunedufaso.net\/wp-content\/uploads\/2024\/12\/IMG_20241219_093415_404-1024x768.jpg 1024w, https:\/\/www.latribunedufaso.net\/wp-content\/uploads\/2024\/12\/IMG_20241219_093415_404-768x576.jpg 768w, https:\/\/www.latribunedufaso.net\/wp-content\/uploads\/2024\/12\/IMG_20241219_093415_404-1536x1152.jpg 1536w, https:\/\/www.latribunedufaso.net\/wp-content\/uploads\/2024\/12\/IMG_20241219_093415_404-2048x1536.jpg 2048w\" sizes=\"auto, (max-width: 2560px) 100vw, 2560px\" \/><\/a><figcaption id=\"caption-attachment-17664\" class=\"wp-caption-text\">Le Directeur de cabinet du minist\u00e8re, Zakaria Gyengani, repr\u00e9sentant le ministre \u00e0 la c\u00e9r\u00e9monie d&rsquo;ouverture &#8211; Ph. I. Tapsoba<\/figcaption><\/figure>\n<p>Pour l\u2019ann\u00e9e 2025, les interventions du minist\u00e8re seront orient\u00e9es dans le sens de la dynamique enclench\u00e9e en 2024. Selon le Secr\u00e9taire g\u00e9n\u00e9ral du minist\u00e8re, Oumarou Barro, les pr\u00e9visions font \u00e9tat de 519 activit\u00e9s \u00e0 r\u00e9aliser l\u2019ann\u00e9e prochaine.<\/p>\n<blockquote>\n<p>Lire aussi &gt;&gt; <a href=\"https:\/\/www.latribunedufaso.net\/?p=15243\">Minist\u00e8re en charge du Commerce : Un taux d\u2019ex\u00e9cution de 62,05% du contrat d\u2019objectifs enregistr\u00e9<\/a><\/p>\n<\/blockquote>\n<p>Il s\u2019agit notamment de la promotion du commerce, de l\u2019am\u00e9lioration de la productivit\u00e9 de l\u2019artisanat et de la poursuite de l\u2019am\u00e9lioration du climat des affaires. A \u00e9couter Oumarou Barro, comme action phare, il y a la poursuite de la relance des activit\u00e9s individuelles.<br \/>\n<iframe loading=\"lazy\" width=\"560\" height=\"315\" src=\"https:\/\/www.youtube.com\/embed\/wBdHIjV0Blk?si=cOr9drQ8C_EiNrEx\" title=\"YouTube video player\" frameborder=\"0\" allow=\"accelerometer; autoplay; clipboard-write; encrypted-media; gyroscope; picture-in-picture; web-share\" referrerpolicy=\"strict-origin-when-cross-origin\" allowfullscreen><\/iframe><br \/>\n<em><strong>\u00ab Nous allons cr\u00e9er la Soci\u00e9t\u00e9 nouvelle brasserie du Faso (SN BRAFASO), intensifier le contr\u00f4le des prix des produits de grande consommation, operationaliser et \u00e9quiper le centre national d\u2019appui \u00e0 la transformation du coton&#8230;\u00bb,<\/strong><\/em>\u00a0a-t-il cit\u00e9.<\/p>\n<figure id=\"attachment_17665\" aria-describedby=\"caption-attachment-17665\" style=\"width: 2560px\" class=\"wp-caption aligncenter\"><a href=\"https:\/\/www.latribunedufaso.net\/wp-content\/uploads\/2024\/12\/IMG_20241219_093423_955-scaled.jpg\"><img loading=\"lazy\" decoding=\"async\" class=\"size-full wp-image-17665\" src=\"https:\/\/www.latribunedufaso.net\/wp-content\/uploads\/2024\/12\/IMG_20241219_093423_955-scaled.jpg\" alt=\"La 2e session ordinaire de l\u2019ann\u00e9e 2024 du Conseil d\u2019administration du secteur minist\u00e9riel (CASEM) du minist\u00e8re en charge de l'Industrie, 19 de d\u00e9cembre 2024\" width=\"2560\" height=\"1920\" srcset=\"https:\/\/www.latribunedufaso.net\/wp-content\/uploads\/2024\/12\/IMG_20241219_093423_955-scaled.jpg 2560w, https:\/\/www.latribunedufaso.net\/wp-content\/uploads\/2024\/12\/IMG_20241219_093423_955-300x225.jpg 300w, https:\/\/www.latribunedufaso.net\/wp-content\/uploads\/2024\/12\/IMG_20241219_093423_955-1024x768.jpg 1024w, https:\/\/www.latribunedufaso.net\/wp-content\/uploads\/2024\/12\/IMG_20241219_093423_955-768x576.jpg 768w, https:\/\/www.latribunedufaso.net\/wp-content\/uploads\/2024\/12\/IMG_20241219_093423_955-1536x1152.jpg 1536w, https:\/\/www.latribunedufaso.net\/wp-content\/uploads\/2024\/12\/IMG_20241219_093423_955-2048x1536.jpg 2048w\" sizes=\"auto, (max-width: 2560px) 100vw, 2560px\" \/><\/a><figcaption id=\"caption-attachment-17665\" class=\"wp-caption-text\">Selon le Secr\u00e9taire g\u00e9n\u00e9ral du MICA, Oumarou Barro, 519 activit\u00e9s seront r\u00e9alis\u00e9es en 2025 &#8211; Ph. I. Tapsoba<\/figcaption><\/figure>\n<p>Toujours au titre des activit\u00e9s \u00e0 r\u00e9aliser, il y a aussi l&rsquo;<span style=\"font-size: 1.0625rem;\">am\u00e9nagement et la cr\u00e9ation d&rsquo;espaces d\u00e9di\u00e9s aux cr\u00e9ateurs d&rsquo;entreprises, le renforcement du capital productif des PME et la poursuite du processus de construction d&rsquo;un march\u00e9 des produits du frais \u00e0 vocation sous r\u00e9gionale \u00e0 Bobo-Dioulasso.<\/span><\/p>\n<figure id=\"attachment_17666\" aria-describedby=\"caption-attachment-17666\" style=\"width: 2560px\" class=\"wp-caption aligncenter\"><a href=\"https:\/\/www.latribunedufaso.net\/wp-content\/uploads\/2024\/12\/IMG_20241219_093404_641-scaled.jpg\"><img loading=\"lazy\" decoding=\"async\" class=\"size-full wp-image-17666\" src=\"https:\/\/www.latribunedufaso.net\/wp-content\/uploads\/2024\/12\/IMG_20241219_093404_641-scaled.jpg\" alt=\"La 2e session ordinaire de l\u2019ann\u00e9e 2024 du Conseil d\u2019administration du secteur minist\u00e9riel (CASEM) du minist\u00e8re en charge de l'Industrie, 19 de d\u00e9cembre 2024\" width=\"2560\" height=\"1920\" srcset=\"https:\/\/www.latribunedufaso.net\/wp-content\/uploads\/2024\/12\/IMG_20241219_093404_641-scaled.jpg 2560w, https:\/\/www.latribunedufaso.net\/wp-content\/uploads\/2024\/12\/IMG_20241219_093404_641-300x225.jpg 300w, https:\/\/www.latribunedufaso.net\/wp-content\/uploads\/2024\/12\/IMG_20241219_093404_641-1024x768.jpg 1024w, https:\/\/www.latribunedufaso.net\/wp-content\/uploads\/2024\/12\/IMG_20241219_093404_641-768x576.jpg 768w, https:\/\/www.latribunedufaso.net\/wp-content\/uploads\/2024\/12\/IMG_20241219_093404_641-1536x1152.jpg 1536w, https:\/\/www.latribunedufaso.net\/wp-content\/uploads\/2024\/12\/IMG_20241219_093404_641-2048x1536.jpg 2048w\" sizes=\"auto, (max-width: 2560px) 100vw, 2560px\" \/><\/a><figcaption id=\"caption-attachment-17666\" class=\"wp-caption-text\">Les participants vont examiner et valider les documents de planification du d\u00e9partement &#8211; Ph. I. Tapsoba<\/figcaption><\/figure>\n<p>Le Directeur de cabinet du minist\u00e8re, Zakaria Gyengani a invit\u00e9 les participants \u00e0 <span style=\"font-size: 1.0625rem;\">examiner objectivement les activit\u00e9s programm\u00e9es et \u00e0 y apporter des contributions constructives \u00e0 m\u00eame d&rsquo;aboutir \u00e0 des recommandations pour la mise en \u0153uvre r\u00e9ussie des actions.\u00a0<\/span><\/p>\n<p><strong>Issouf TAPSOBA <\/strong><\/p>\n<p><strong>Latribunedufaso.net<\/strong><\/p>\n","protected":false},"excerpt":{"rendered":"<p>Le minist\u00e8re de l\u2019Industrie, du Commerce et de l\u2019Artisanat (MICA) tient ce 19 d\u00e9cembre 2024 \u00e0 Ouagadougou, la 2e session ordinaire de l\u2019ann\u00e9e 2024 du Conseil d\u2019administration du secteur minist\u00e9riel (CASEM). Cette rencontre vise \u00e0 examiner et valider les documents de planification du d\u00e9partement.<\/p>\n","protected":false},"author":5,"featured_media":17661,"comment_status":"open","ping_status":"open","sticky":false,"template":"","format":"standard","meta":{"footnotes":""},"categories":[13,1,10],"tags":[561,250,39],"class_list":["post-17660","post","type-post","status-publish","format-standard","has-post-thumbnail","hentry","category-une","category-actu","category-eco","tag-casem-mica","tag-developpement-industriel","tag-latribunedufaso-net"],"yoast_head":"<!-- This site is optimized with the Yoast SEO plugin v27.5 - https:\/\/yoast.com\/product\/yoast-seo-wordpress\/ -->\n<title>2e CASEM 2024 du minist\u00e8re en charge de l\u2019Industrie : 519 activit\u00e9s \u00e0 r\u00e9aliser en 2025 - La Tribune du Faso<\/title>\n<meta name=\"robots\" content=\"index, follow, max-snippet:-1, max-image-preview:large, max-video-preview:-1\" \/>\n<link rel=\"canonical\" href=\"https:\/\/www.latribunedufaso.net\/?p=17660\" \/>\n<meta property=\"og:locale\" content=\"fr_FR\" \/>\n<meta property=\"og:type\" content=\"article\" \/>\n<meta property=\"og:title\" content=\"2e CASEM 2024 du minist\u00e8re en charge de l\u2019Industrie : 519 activit\u00e9s \u00e0 r\u00e9aliser en 2025 - La Tribune du Faso\" \/>\n<meta property=\"og:description\" content=\"Le minist\u00e8re de l\u2019Industrie, du Commerce et de l\u2019Artisanat (MICA) tient ce 19 d\u00e9cembre 2024 \u00e0 Ouagadougou, la 2e session ordinaire de l\u2019ann\u00e9e 2024 du Conseil d\u2019administration du secteur minist\u00e9riel (CASEM). Cette rencontre vise \u00e0 examiner et valider les documents de planification du d\u00e9partement.\" \/>\n<meta property=\"og:url\" content=\"https:\/\/www.latribunedufaso.net\/?p=17660\" \/>\n<meta property=\"og:site_name\" content=\"La Tribune du Faso\" \/>\n<meta property=\"article:publisher\" content=\"https:\/\/www.facebook.com\/LatribuneduFaso\/\" \/>\n<meta property=\"article:published_time\" content=\"2024-12-19T12:35:02+00:00\" \/>\n<meta property=\"article:modified_time\" content=\"2025-01-06T19:30:11+00:00\" \/>\n<meta property=\"og:image\" content=\"https:\/\/www.latribunedufaso.net\/wp-content\/uploads\/2024\/12\/IMG-20241219-WA0031.jpg\" \/>\n\t<meta property=\"og:image:width\" content=\"960\" \/>\n\t<meta property=\"og:image:height\" content=\"540\" \/>\n\t<meta property=\"og:image:type\" content=\"image\/jpeg\" \/>\n<meta name=\"author\" content=\"Issouf Tapsoba\" \/>\n<meta name=\"twitter:label1\" content=\"\u00c9crit par\" \/>\n\t<meta name=\"twitter:data1\" content=\"Issouf Tapsoba\" \/>\n\t<meta name=\"twitter:label2\" content=\"Dur\u00e9e de lecture estim\u00e9e\" \/>\n\t<meta name=\"twitter:data2\" content=\"2 minutes\" \/>\n<script type=\"application\/ld+json\" class=\"yoast-schema-graph\">{\"@context\":\"https:\\\/\\\/schema.org\",\"@graph\":[{\"@type\":\"Article\",\"@id\":\"https:\\\/\\\/www.latribunedufaso.net\\\/?p=17660#article\",\"isPartOf\":{\"@id\":\"https:\\\/\\\/www.latribunedufaso.net\\\/?p=17660\"},\"author\":{\"name\":\"Issouf Tapsoba\",\"@id\":\"https:\\\/\\\/www.latribunedufaso.net\\\/#\\\/schema\\\/person\\\/e54e64c5778a7e72cf80a318b7a622b0\"},\"headline\":\"2e CASEM 2024 du minist\u00e8re en charge de l\u2019Industrie : 519 activit\u00e9s \u00e0 r\u00e9aliser en 2025\",\"datePublished\":\"2024-12-19T12:35:02+00:00\",\"dateModified\":\"2025-01-06T19:30:11+00:00\",\"mainEntityOfPage\":{\"@id\":\"https:\\\/\\\/www.latribunedufaso.net\\\/?p=17660\"},\"wordCount\":492,\"commentCount\":0,\"publisher\":{\"@id\":\"https:\\\/\\\/www.latribunedufaso.net\\\/#organization\"},\"image\":{\"@id\":\"https:\\\/\\\/www.latribunedufaso.net\\\/?p=17660#primaryimage\"},\"thumbnailUrl\":\"https:\\\/\\\/www.latribunedufaso.net\\\/wp-content\\\/uploads\\\/2024\\\/12\\\/IMG-20241219-WA0031.jpg\",\"keywords\":[\"CASEM MICA\",\"D\u00e9veloppement industriel\",\"latribunedufaso.net\"],\"articleSection\":[\"A la une\",\"Actualit\u00e9\",\"Economie\"],\"inLanguage\":\"fr-FR\",\"potentialAction\":[{\"@type\":\"CommentAction\",\"name\":\"Comment\",\"target\":[\"https:\\\/\\\/www.latribunedufaso.net\\\/?p=17660#respond\"]}]},{\"@type\":\"WebPage\",\"@id\":\"https:\\\/\\\/www.latribunedufaso.net\\\/?p=17660\",\"url\":\"https:\\\/\\\/www.latribunedufaso.net\\\/?p=17660\",\"name\":\"2e CASEM 2024 du minist\u00e8re en charge de l\u2019Industrie : 519 activit\u00e9s \u00e0 r\u00e9aliser en 2025 - La Tribune du Faso\",\"isPartOf\":{\"@id\":\"https:\\\/\\\/www.latribunedufaso.net\\\/#website\"},\"primaryImageOfPage\":{\"@id\":\"https:\\\/\\\/www.latribunedufaso.net\\\/?p=17660#primaryimage\"},\"image\":{\"@id\":\"https:\\\/\\\/www.latribunedufaso.net\\\/?p=17660#primaryimage\"},\"thumbnailUrl\":\"https:\\\/\\\/www.latribunedufaso.net\\\/wp-content\\\/uploads\\\/2024\\\/12\\\/IMG-20241219-WA0031.jpg\",\"datePublished\":\"2024-12-19T12:35:02+00:00\",\"dateModified\":\"2025-01-06T19:30:11+00:00\",\"breadcrumb\":{\"@id\":\"https:\\\/\\\/www.latribunedufaso.net\\\/?p=17660#breadcrumb\"},\"inLanguage\":\"fr-FR\",\"potentialAction\":[{\"@type\":\"ReadAction\",\"target\":[\"https:\\\/\\\/www.latribunedufaso.net\\\/?p=17660\"]}]},{\"@type\":\"ImageObject\",\"inLanguage\":\"fr-FR\",\"@id\":\"https:\\\/\\\/www.latribunedufaso.net\\\/?p=17660#primaryimage\",\"url\":\"https:\\\/\\\/www.latribunedufaso.net\\\/wp-content\\\/uploads\\\/2024\\\/12\\\/IMG-20241219-WA0031.jpg\",\"contentUrl\":\"https:\\\/\\\/www.latribunedufaso.net\\\/wp-content\\\/uploads\\\/2024\\\/12\\\/IMG-20241219-WA0031.jpg\",\"width\":960,\"height\":540,\"caption\":\"La 2e session ordinaire de l\u2019ann\u00e9e 2024 du Conseil d\u2019administration du secteur minist\u00e9riel (CASEM) du minist\u00e8re en charge de l'Industrie, 19 de d\u00e9cembre 2024\"},{\"@type\":\"BreadcrumbList\",\"@id\":\"https:\\\/\\\/www.latribunedufaso.net\\\/?p=17660#breadcrumb\",\"itemListElement\":[{\"@type\":\"ListItem\",\"position\":1,\"name\":\"Accueil\",\"item\":\"https:\\\/\\\/www.latribunedufaso.net\\\/\"},{\"@type\":\"ListItem\",\"position\":2,\"name\":\"2e CASEM 2024 du minist\u00e8re en charge de l\u2019Industrie : 519 activit\u00e9s \u00e0 r\u00e9aliser en 2025\"}]},{\"@type\":\"WebSite\",\"@id\":\"https:\\\/\\\/www.latribunedufaso.net\\\/#website\",\"url\":\"https:\\\/\\\/www.latribunedufaso.net\\\/\",\"name\":\"La Tribune du Faso\",\"description\":\"L&#039;information du monde rural en un clic\",\"publisher\":{\"@id\":\"https:\\\/\\\/www.latribunedufaso.net\\\/#organization\"},\"potentialAction\":[{\"@type\":\"SearchAction\",\"target\":{\"@type\":\"EntryPoint\",\"urlTemplate\":\"https:\\\/\\\/www.latribunedufaso.net\\\/?s={search_term_string}\"},\"query-input\":{\"@type\":\"PropertyValueSpecification\",\"valueRequired\":true,\"valueName\":\"search_term_string\"}}],\"inLanguage\":\"fr-FR\"},{\"@type\":\"Organization\",\"@id\":\"https:\\\/\\\/www.latribunedufaso.net\\\/#organization\",\"name\":\"La Tribune du Faso\",\"url\":\"https:\\\/\\\/www.latribunedufaso.net\\\/\",\"logo\":{\"@type\":\"ImageObject\",\"inLanguage\":\"fr-FR\",\"@id\":\"https:\\\/\\\/www.latribunedufaso.net\\\/#\\\/schema\\\/logo\\\/image\\\/\",\"url\":\"https:\\\/\\\/www.latribunedufaso.net\\\/wp-content\\\/uploads\\\/2020\\\/08\\\/Logo-Tribune-du-Faso-final-scaled.jpg\",\"contentUrl\":\"https:\\\/\\\/www.latribunedufaso.net\\\/wp-content\\\/uploads\\\/2020\\\/08\\\/Logo-Tribune-du-Faso-final-scaled.jpg\",\"width\":2560,\"height\":1856,\"caption\":\"La Tribune du Faso\"},\"image\":{\"@id\":\"https:\\\/\\\/www.latribunedufaso.net\\\/#\\\/schema\\\/logo\\\/image\\\/\"},\"sameAs\":[\"https:\\\/\\\/www.facebook.com\\\/LatribuneduFaso\\\/\"]},{\"@type\":\"Person\",\"@id\":\"https:\\\/\\\/www.latribunedufaso.net\\\/#\\\/schema\\\/person\\\/e54e64c5778a7e72cf80a318b7a622b0\",\"name\":\"Issouf Tapsoba\",\"image\":{\"@type\":\"ImageObject\",\"inLanguage\":\"fr-FR\",\"@id\":\"https:\\\/\\\/secure.gravatar.com\\\/avatar\\\/5e6c05150ce3230247d167f5b94d678eb05936197436d69b7921e3a95c9107ac?s=96&d=mm&r=g\",\"url\":\"https:\\\/\\\/secure.gravatar.com\\\/avatar\\\/5e6c05150ce3230247d167f5b94d678eb05936197436d69b7921e3a95c9107ac?s=96&d=mm&r=g\",\"contentUrl\":\"https:\\\/\\\/secure.gravatar.com\\\/avatar\\\/5e6c05150ce3230247d167f5b94d678eb05936197436d69b7921e3a95c9107ac?s=96&d=mm&r=g\",\"caption\":\"Issouf Tapsoba\"},\"url\":\"https:\\\/\\\/www.latribunedufaso.net\\\/?author=5\"}]}<\/script>\n<!-- \/ Yoast SEO plugin. -->","yoast_head_json":{"title":"2e CASEM 2024 du minist\u00e8re en charge de l\u2019Industrie : 519 activit\u00e9s \u00e0 r\u00e9aliser en 2025 - La Tribune du Faso","robots":{"index":"index","follow":"follow","max-snippet":"max-snippet:-1","max-image-preview":"max-image-preview:large","max-video-preview":"max-video-preview:-1"},"canonical":"https:\/\/www.latribunedufaso.net\/?p=17660","og_locale":"fr_FR","og_type":"article","og_title":"2e CASEM 2024 du minist\u00e8re en charge de l\u2019Industrie : 519 activit\u00e9s \u00e0 r\u00e9aliser en 2025 - La Tribune du Faso","og_description":"Le minist\u00e8re de l\u2019Industrie, du Commerce et de l\u2019Artisanat (MICA) tient ce 19 d\u00e9cembre 2024 \u00e0 Ouagadougou, la 2e session ordinaire de l\u2019ann\u00e9e 2024 du Conseil d\u2019administration du secteur minist\u00e9riel (CASEM). Cette rencontre vise \u00e0 examiner et valider les documents de planification du d\u00e9partement.","og_url":"https:\/\/www.latribunedufaso.net\/?p=17660","og_site_name":"La Tribune du Faso","article_publisher":"https:\/\/www.facebook.com\/LatribuneduFaso\/","article_published_time":"2024-12-19T12:35:02+00:00","article_modified_time":"2025-01-06T19:30:11+00:00","og_image":[{"width":960,"height":540,"url":"https:\/\/www.latribunedufaso.net\/wp-content\/uploads\/2024\/12\/IMG-20241219-WA0031.jpg","type":"image\/jpeg"}],"author":"Issouf Tapsoba","twitter_misc":{"\u00c9crit par":"Issouf Tapsoba","Dur\u00e9e de lecture estim\u00e9e":"2 minutes"},"schema":{"@context":"https:\/\/schema.org","@graph":[{"@type":"Article","@id":"https:\/\/www.latribunedufaso.net\/?p=17660#article","isPartOf":{"@id":"https:\/\/www.latribunedufaso.net\/?p=17660"},"author":{"name":"Issouf Tapsoba","@id":"https:\/\/www.latribunedufaso.net\/#\/schema\/person\/e54e64c5778a7e72cf80a318b7a622b0"},"headline":"2e CASEM 2024 du minist\u00e8re en charge de l\u2019Industrie : 519 activit\u00e9s \u00e0 r\u00e9aliser en 2025","datePublished":"2024-12-19T12:35:02+00:00","dateModified":"2025-01-06T19:30:11+00:00","mainEntityOfPage":{"@id":"https:\/\/www.latribunedufaso.net\/?p=17660"},"wordCount":492,"commentCount":0,"publisher":{"@id":"https:\/\/www.latribunedufaso.net\/#organization"},"image":{"@id":"https:\/\/www.latribunedufaso.net\/?p=17660#primaryimage"},"thumbnailUrl":"https:\/\/www.latribunedufaso.net\/wp-content\/uploads\/2024\/12\/IMG-20241219-WA0031.jpg","keywords":["CASEM MICA","D\u00e9veloppement industriel","latribunedufaso.net"],"articleSection":["A la une","Actualit\u00e9","Economie"],"inLanguage":"fr-FR","potentialAction":[{"@type":"CommentAction","name":"Comment","target":["https:\/\/www.latribunedufaso.net\/?p=17660#respond"]}]},{"@type":"WebPage","@id":"https:\/\/www.latribunedufaso.net\/?p=17660","url":"https:\/\/www.latribunedufaso.net\/?p=17660","name":"2e CASEM 2024 du minist\u00e8re en charge de l\u2019Industrie : 519 activit\u00e9s \u00e0 r\u00e9aliser en 2025 - La Tribune du Faso","isPartOf":{"@id":"https:\/\/www.latribunedufaso.net\/#website"},"primaryImageOfPage":{"@id":"https:\/\/www.latribunedufaso.net\/?p=17660#primaryimage"},"image":{"@id":"https:\/\/www.latribunedufaso.net\/?p=17660#primaryimage"},"thumbnailUrl":"https:\/\/www.latribunedufaso.net\/wp-content\/uploads\/2024\/12\/IMG-20241219-WA0031.jpg","datePublished":"2024-12-19T12:35:02+00:00","dateModified":"2025-01-06T19:30:11+00:00","breadcrumb":{"@id":"https:\/\/www.latribunedufaso.net\/?p=17660#breadcrumb"},"inLanguage":"fr-FR","potentialAction":[{"@type":"ReadAction","target":["https:\/\/www.latribunedufaso.net\/?p=17660"]}]},{"@type":"ImageObject","inLanguage":"fr-FR","@id":"https:\/\/www.latribunedufaso.net\/?p=17660#primaryimage","url":"https:\/\/www.latribunedufaso.net\/wp-content\/uploads\/2024\/12\/IMG-20241219-WA0031.jpg","contentUrl":"https:\/\/www.latribunedufaso.net\/wp-content\/uploads\/2024\/12\/IMG-20241219-WA0031.jpg","width":960,"height":540,"caption":"La 2e session ordinaire de l\u2019ann\u00e9e 2024 du Conseil d\u2019administration du secteur minist\u00e9riel (CASEM) du minist\u00e8re en charge de l'Industrie, 19 de d\u00e9cembre 2024"},{"@type":"BreadcrumbList","@id":"https:\/\/www.latribunedufaso.net\/?p=17660#breadcrumb","itemListElement":[{"@type":"ListItem","position":1,"name":"Accueil","item":"https:\/\/www.latribunedufaso.net\/"},{"@type":"ListItem","position":2,"name":"2e CASEM 2024 du minist\u00e8re en charge de l\u2019Industrie : 519 activit\u00e9s \u00e0 r\u00e9aliser en 2025"}]},{"@type":"WebSite","@id":"https:\/\/www.latribunedufaso.net\/#website","url":"https:\/\/www.latribunedufaso.net\/","name":"La Tribune du Faso","description":"L&#039;information du monde rural en un clic","publisher":{"@id":"https:\/\/www.latribunedufaso.net\/#organization"},"potentialAction":[{"@type":"SearchAction","target":{"@type":"EntryPoint","urlTemplate":"https:\/\/www.latribunedufaso.net\/?s={search_term_string}"},"query-input":{"@type":"PropertyValueSpecification","valueRequired":true,"valueName":"search_term_string"}}],"inLanguage":"fr-FR"},{"@type":"Organization","@id":"https:\/\/www.latribunedufaso.net\/#organization","name":"La Tribune du Faso","url":"https:\/\/www.latribunedufaso.net\/","logo":{"@type":"ImageObject","inLanguage":"fr-FR","@id":"https:\/\/www.latribunedufaso.net\/#\/schema\/logo\/image\/","url":"https:\/\/www.latribunedufaso.net\/wp-content\/uploads\/2020\/08\/Logo-Tribune-du-Faso-final-scaled.jpg","contentUrl":"https:\/\/www.latribunedufaso.net\/wp-content\/uploads\/2020\/08\/Logo-Tribune-du-Faso-final-scaled.jpg","width":2560,"height":1856,"caption":"La Tribune du Faso"},"image":{"@id":"https:\/\/www.latribunedufaso.net\/#\/schema\/logo\/image\/"},"sameAs":["https:\/\/www.facebook.com\/LatribuneduFaso\/"]},{"@type":"Person","@id":"https:\/\/www.latribunedufaso.net\/#\/schema\/person\/e54e64c5778a7e72cf80a318b7a622b0","name":"Issouf Tapsoba","image":{"@type":"ImageObject","inLanguage":"fr-FR","@id":"https:\/\/secure.gravatar.com\/avatar\/5e6c05150ce3230247d167f5b94d678eb05936197436d69b7921e3a95c9107ac?s=96&d=mm&r=g","url":"https:\/\/secure.gravatar.com\/avatar\/5e6c05150ce3230247d167f5b94d678eb05936197436d69b7921e3a95c9107ac?s=96&d=mm&r=g","contentUrl":"https:\/\/secure.gravatar.com\/avatar\/5e6c05150ce3230247d167f5b94d678eb05936197436d69b7921e3a95c9107ac?s=96&d=mm&r=g","caption":"Issouf Tapsoba"},"url":"https:\/\/www.latribunedufaso.net\/?author=5"}]}},"_links":{"self":[{"href":"https:\/\/www.latribunedufaso.net\/index.php?rest_route=\/wp\/v2\/posts\/17660","targetHints":{"allow":["GET"]}}],"collection":[{"href":"https:\/\/www.latribunedufaso.net\/index.php?rest_route=\/wp\/v2\/posts"}],"about":[{"href":"https:\/\/www.latribunedufaso.net\/index.php?rest_route=\/wp\/v2\/types\/post"}],"author":[{"embeddable":true,"href":"https:\/\/www.latribunedufaso.net\/index.php?rest_route=\/wp\/v2\/users\/5"}],"replies":[{"embeddable":true,"href":"https:\/\/www.latribunedufaso.net\/index.php?rest_route=%2Fwp%2Fv2%2Fcomments&post=17660"}],"version-history":[{"count":2,"href":"https:\/\/www.latribunedufaso.net\/index.php?rest_route=\/wp\/v2\/posts\/17660\/revisions"}],"predecessor-version":[{"id":18019,"href":"https:\/\/www.latribunedufaso.net\/index.php?rest_route=\/wp\/v2\/posts\/17660\/revisions\/18019"}],"wp:featuredmedia":[{"embeddable":true,"href":"https:\/\/www.latribunedufaso.net\/index.php?rest_route=\/wp\/v2\/media\/17661"}],"wp:attachment":[{"href":"https:\/\/www.latribunedufaso.net\/index.php?rest_route=%2Fwp%2Fv2%2Fmedia&parent=17660"}],"wp:term":[{"taxonomy":"category","embeddable":true,"href":"https:\/\/www.latribunedufaso.net\/index.php?rest_route=%2Fwp%2Fv2%2Fcategories&post=17660"},{"taxonomy":"post_tag","embeddable":true,"href":"https:\/\/www.latribunedufaso.net\/index.php?rest_route=%2Fwp%2Fv2%2Ftags&post=17660"}],"curies":[{"name":"wp","href":"https:\/\/api.w.org\/{rel}","templated":true}]}}