{"id":17603,"date":"2024-12-17T14:52:32","date_gmt":"2024-12-17T14:52:32","guid":{"rendered":"https:\/\/www.latribunedufaso.net\/?p=17603"},"modified":"2024-12-17T14:52:32","modified_gmt":"2024-12-17T14:52:32","slug":"burkina-mines-la-production-industrielle-dor-au-30-septembre-2024-estimee-a-39-248-575-kg","status":"publish","type":"post","link":"https:\/\/www.latribunedufaso.net\/?p=17603","title":{"rendered":"Burkina\/Mines : La production industrielle d\u2019or au 30 septembre 2024 estim\u00e9e \u00e0 39 248, 575 Kg"},"content":{"rendered":"<p><strong><span style=\"font-size: 1.0625rem;\">Le minist\u00e8re de l\u2019Energie, des Mines et des Carri\u00e8res tient ce 17 d\u00e9cembre 2024 \u00e0 Ouagadougou, la 2\u00e8me session ordinaire de l&rsquo;ann\u00e9e 2024 du Conseil d\u2019administration du secteur minist\u00e9riel (CASEM). La c\u00e9r\u00e9monie d\u2019ouverture a \u00e9t\u00e9 pr\u00e9sid\u00e9e par le ministre en charge des Mines, Yacouba Zabr\u00e9 Gouba.<\/span><\/strong><!--more--><\/p>\n<p>Le pr\u00e9sent CASEM se tient sous le th\u00e8me,<em><strong> \u00ab nexus \u00e9nergie et d\u00e9veloppement durable : quelles opportunit\u00e9s pour le monde rural ? \u00bb<\/strong><\/em>. A \u00e9couter le ministre en charge des Mines, cette rencontre est un cadre privil\u00e9gi\u00e9 pour mener des d\u00e9bats francs et constructifs autour de ce th\u00e8me et de proposer des r\u00e9solutions et recommandations pour am\u00e9liorer la performance du minist\u00e8re en lien avec le th\u00e8me de la pr\u00e9sente session.<\/p>\n<figure id=\"attachment_17606\" aria-describedby=\"caption-attachment-17606\" style=\"width: 1280px\" class=\"wp-caption aligncenter\"><a href=\"https:\/\/www.latribunedufaso.net\/wp-content\/uploads\/2024\/12\/IMG-20241217-WA0002-1.jpg\"><img loading=\"lazy\" decoding=\"async\" class=\"size-full wp-image-17606\" src=\"https:\/\/www.latribunedufaso.net\/wp-content\/uploads\/2024\/12\/IMG-20241217-WA0002-1.jpg\" alt=\"La 2\u00e8me session ordinaire de l'ann\u00e9e 2024 du Conseil d\u2019administration du secteur minist\u00e9riel (CASEM) du minist\u00e8re de l\u2019Energie, des Mines et des Carri\u00e8res, 17 d\u00e9cembre 2024\" width=\"1280\" height=\"960\" srcset=\"https:\/\/www.latribunedufaso.net\/wp-content\/uploads\/2024\/12\/IMG-20241217-WA0002-1.jpg 1280w, https:\/\/www.latribunedufaso.net\/wp-content\/uploads\/2024\/12\/IMG-20241217-WA0002-1-300x225.jpg 300w, https:\/\/www.latribunedufaso.net\/wp-content\/uploads\/2024\/12\/IMG-20241217-WA0002-1-1024x768.jpg 1024w, https:\/\/www.latribunedufaso.net\/wp-content\/uploads\/2024\/12\/IMG-20241217-WA0002-1-768x576.jpg 768w\" sizes=\"auto, (max-width: 1280px) 100vw, 1280px\" \/><\/a><figcaption id=\"caption-attachment-17606\" class=\"wp-caption-text\">Le ministre en charge des Mines, Yacouba Zabr\u00e9 Gouba &#8211; Ph. I. Tougma<\/figcaption><\/figure>\n<p>Cette 2\u00e8me session sera consacr\u00e9e \u00e0 l\u2019examen du rapport d\u2019activit\u00e9s au 30 septembre 2024 et le projet de programme d\u2019activit\u00e9s de l\u2019ann\u00e9e 2025. Il sera \u00e9galement question d\u2019examiner le projet de rapport introductif en lien avec le th\u00e8me de la session.<\/p>\n<p>Du bilan \u00e9tabli au titre de l\u2019ann\u00e9e 2024 dans le domaine des mines, il ressort que la production industrielle d\u2019or est estim\u00e9e \u00e0 39 248,575 Kg au 30 septembre 2024. La quantit\u00e9 d\u2019or de production artisanale et semi-m\u00e9canis\u00e9e collect\u00e9e par la Soci\u00e9t\u00e9 nationale des substances pr\u00e9cieuses (SONASP) est de 5 578 kg. Pour ce qui est du domaine des substances de carri\u00e8res, la production toute substance confondue a atteint 620 697 m3 au 30 juin 2024.<\/p>\n<blockquote>\n<p>Lire aussi &gt;&gt; <a href=\"https:\/\/www.latribunedufaso.net\/?p=15234\">Contrat d\u2019objectifs du minist\u00e8re en charge des Mines : Un taux d\u2019ex\u00e9cution de 61,07 % enregistr\u00e9<\/a><\/p>\n<\/blockquote>\n<p>La contribution du secteur minier au recettes de l\u2019Etat s\u2019\u00e9l\u00e8vent \u00e0 252 539 723 087 FCFA \u00e0 la date du 30 juin 2024. Quant \u00e0 la part des industries extractives dans le Produit int\u00e9rieur brut, elle est estim\u00e9e \u00e0 14,8% en 2023 contre 14,5% en 2022. Cette part est projet\u00e9e \u00e0 environ 15% en 2024.<\/p>\n<figure id=\"attachment_17605\" aria-describedby=\"caption-attachment-17605\" style=\"width: 1280px\" class=\"wp-caption aligncenter\"><a href=\"https:\/\/www.latribunedufaso.net\/wp-content\/uploads\/2024\/12\/IMG-20241217-WA0003.jpg\"><img loading=\"lazy\" decoding=\"async\" class=\"size-full wp-image-17605\" src=\"https:\/\/www.latribunedufaso.net\/wp-content\/uploads\/2024\/12\/IMG-20241217-WA0003.jpg\" alt=\"La 2\u00e8me session ordinaire de l'ann\u00e9e 2024 du Conseil d\u2019administration du secteur minist\u00e9riel (CASEM) du minist\u00e8re de l\u2019Energie, des Mines et des Carri\u00e8res, 17 d\u00e9cembre 2024\" width=\"1280\" height=\"960\" srcset=\"https:\/\/www.latribunedufaso.net\/wp-content\/uploads\/2024\/12\/IMG-20241217-WA0003.jpg 1280w, https:\/\/www.latribunedufaso.net\/wp-content\/uploads\/2024\/12\/IMG-20241217-WA0003-300x225.jpg 300w, https:\/\/www.latribunedufaso.net\/wp-content\/uploads\/2024\/12\/IMG-20241217-WA0003-1024x768.jpg 1024w, https:\/\/www.latribunedufaso.net\/wp-content\/uploads\/2024\/12\/IMG-20241217-WA0003-768x576.jpg 768w\" sizes=\"auto, (max-width: 1280px) 100vw, 1280px\" \/><\/a><figcaption id=\"caption-attachment-17605\" class=\"wp-caption-text\">les participants \u00e0 la 2\u00e8me session du conseil d\u2019administration du secteur minist\u00e9riel (CASEM) &#8211; Ph. I. Tougma<\/figcaption><\/figure>\n<p>En plus de ces r\u00e9sultats, on note l\u2019inauguration des sites pilotes de M\u00e9guet et de Djikando pour le traitement mutualis\u00e9 de minerai, l\u2019op\u00e9rationnalisation de 5 actifs miniers de l\u2019Etat, l\u2019adoption des projets de loi portant code minier et contenu local etc.<\/p>\n<p>Dans le domaine de l\u2019\u00e9nergie, en d\u00e9pit des difficult\u00e9s li\u00e9es au contexte actuel, des r\u00e9sultats majeurs ont \u00e9t\u00e9 \u00e9galement atteints au 30 septembre 2024. Il s\u2019agit, entre autres, de la construction de 116 km de lignes de distribution d\u2019\u00e9lectricit\u00e9, de l\u2019inspection de 662 Stations-services, du raccordement de 105 708 abonn\u00e9s \u00e0 l\u2019\u00e9lectricit\u00e9, du r\u00e9tablissement de l\u2019\u00e9lectricit\u00e9s dans plusieurs localit\u00e9s reconquises.<\/p>\n<figure id=\"attachment_17607\" aria-describedby=\"caption-attachment-17607\" style=\"width: 1280px\" class=\"wp-caption aligncenter\"><a href=\"https:\/\/www.latribunedufaso.net\/wp-content\/uploads\/2024\/12\/IMG-20241217-WA0001-1.jpg\"><img loading=\"lazy\" decoding=\"async\" class=\"size-full wp-image-17607\" src=\"https:\/\/www.latribunedufaso.net\/wp-content\/uploads\/2024\/12\/IMG-20241217-WA0001-1.jpg\" alt=\"La 2\u00e8me session ordinaire de l'ann\u00e9e 2024 du Conseil d\u2019administration du secteur minist\u00e9riel (CASEM) du minist\u00e8re de l\u2019Energie, des Mines et des Carri\u00e8res, 17 d\u00e9cembre 2024\" width=\"1280\" height=\"960\" srcset=\"https:\/\/www.latribunedufaso.net\/wp-content\/uploads\/2024\/12\/IMG-20241217-WA0001-1.jpg 1280w, https:\/\/www.latribunedufaso.net\/wp-content\/uploads\/2024\/12\/IMG-20241217-WA0001-1-300x225.jpg 300w, https:\/\/www.latribunedufaso.net\/wp-content\/uploads\/2024\/12\/IMG-20241217-WA0001-1-1024x768.jpg 1024w, https:\/\/www.latribunedufaso.net\/wp-content\/uploads\/2024\/12\/IMG-20241217-WA0001-1-768x576.jpg 768w\" sizes=\"auto, (max-width: 1280px) 100vw, 1280px\" \/><\/a><figcaption id=\"caption-attachment-17607\" class=\"wp-caption-text\">Photo de famille des participants \u00e0 l&rsquo;issue de la c\u00e9r\u00e9monie d&rsquo;ouverture des travaux &#8211; Ph. I. Tougma<\/figcaption><\/figure>\n<p>Le ministre en charge des Mines a, par ailleurs, souhait\u00e9 que ces travaux fortifient davantage leurs actions et activit\u00e9s afin que cela participe \u00e0 <em><strong>\u00ab garantir l\u2019acc\u00e8s de tous \u00e0 des services \u00e9nerg\u00e9tiques fiables, durables et modernes, \u00e0 un co\u00fbt abordable \u00bb<\/strong><\/em> d\u2019ici \u00e0 2030.<\/p>\n<p><strong>In\u00e8s TOUGMA<\/strong><\/p>\n<p><strong>Latribunedufaso.net<\/strong><\/p>\n","protected":false},"excerpt":{"rendered":"<p>Le minist\u00e8re de l\u2019Energie, des Mines et des Carri\u00e8res tient ce 17 d\u00e9cembre 2024 \u00e0 Ouagadougou, la 2\u00e8me session ordinaire de l&rsquo;ann\u00e9e 2024 du Conseil d\u2019administration du secteur minist\u00e9riel (CASEM). La c\u00e9r\u00e9monie d\u2019ouverture a \u00e9t\u00e9 pr\u00e9sid\u00e9e par le ministre en charge des Mines, Yacouba Zabr\u00e9 Gouba.<\/p>\n","protected":false},"author":5,"featured_media":17604,"comment_status":"open","ping_status":"open","sticky":false,"template":"","format":"standard","meta":{"footnotes":""},"categories":[13,1,19],"tags":[555,39,52],"class_list":["post-17603","post","type-post","status-publish","format-standard","has-post-thumbnail","hentry","category-une","category-actu","category-mines-et-carrieres","tag-casem-mines-et-energie","tag-latribunedufaso-net","tag-mines-et-carrieres"],"yoast_head":"<!-- This site is optimized with the Yoast SEO plugin v27.4 - https:\/\/yoast.com\/product\/yoast-seo-wordpress\/ -->\n<title>Burkina\/Mines : La production industrielle d\u2019or au 30 septembre 2024 estim\u00e9e \u00e0 39 248, 575 Kg - La Tribune du Faso<\/title>\n<meta name=\"robots\" content=\"index, follow, max-snippet:-1, max-image-preview:large, max-video-preview:-1\" \/>\n<link rel=\"canonical\" href=\"https:\/\/www.latribunedufaso.net\/?p=17603\" \/>\n<meta property=\"og:locale\" content=\"fr_FR\" \/>\n<meta property=\"og:type\" content=\"article\" \/>\n<meta property=\"og:title\" content=\"Burkina\/Mines : La production industrielle d\u2019or au 30 septembre 2024 estim\u00e9e \u00e0 39 248, 575 Kg - La Tribune du Faso\" \/>\n<meta property=\"og:description\" content=\"Le minist\u00e8re de l\u2019Energie, des Mines et des Carri\u00e8res tient ce 17 d\u00e9cembre 2024 \u00e0 Ouagadougou, la 2\u00e8me session ordinaire de l&rsquo;ann\u00e9e 2024 du Conseil d\u2019administration du secteur minist\u00e9riel (CASEM). La c\u00e9r\u00e9monie d\u2019ouverture a \u00e9t\u00e9 pr\u00e9sid\u00e9e par le ministre en charge des Mines, Yacouba Zabr\u00e9 Gouba.\" \/>\n<meta property=\"og:url\" content=\"https:\/\/www.latribunedufaso.net\/?p=17603\" \/>\n<meta property=\"og:site_name\" content=\"La Tribune du Faso\" \/>\n<meta property=\"article:publisher\" content=\"https:\/\/www.facebook.com\/LatribuneduFaso\/\" \/>\n<meta property=\"article:published_time\" content=\"2024-12-17T14:52:32+00:00\" \/>\n<meta property=\"og:image\" content=\"https:\/\/www.latribunedufaso.net\/wp-content\/uploads\/2024\/12\/IMG-20241217-WA0004-1.jpg\" \/>\n\t<meta property=\"og:image:width\" content=\"1280\" \/>\n\t<meta property=\"og:image:height\" content=\"960\" \/>\n\t<meta property=\"og:image:type\" content=\"image\/jpeg\" \/>\n<meta name=\"author\" content=\"Issouf Tapsoba\" \/>\n<meta name=\"twitter:label1\" content=\"\u00c9crit par\" \/>\n\t<meta name=\"twitter:data1\" content=\"Issouf Tapsoba\" \/>\n\t<meta name=\"twitter:label2\" content=\"Dur\u00e9e de lecture estim\u00e9e\" \/>\n\t<meta name=\"twitter:data2\" content=\"3 minutes\" \/>\n<script type=\"application\/ld+json\" class=\"yoast-schema-graph\">{\"@context\":\"https:\\\/\\\/schema.org\",\"@graph\":[{\"@type\":\"Article\",\"@id\":\"https:\\\/\\\/www.latribunedufaso.net\\\/?p=17603#article\",\"isPartOf\":{\"@id\":\"https:\\\/\\\/www.latribunedufaso.net\\\/?p=17603\"},\"author\":{\"name\":\"Issouf Tapsoba\",\"@id\":\"https:\\\/\\\/www.latribunedufaso.net\\\/#\\\/schema\\\/person\\\/e54e64c5778a7e72cf80a318b7a622b0\"},\"headline\":\"Burkina\\\/Mines : La production industrielle d\u2019or au 30 septembre 2024 estim\u00e9e \u00e0 39 248, 575 Kg\",\"datePublished\":\"2024-12-17T14:52:32+00:00\",\"mainEntityOfPage\":{\"@id\":\"https:\\\/\\\/www.latribunedufaso.net\\\/?p=17603\"},\"wordCount\":567,\"commentCount\":0,\"publisher\":{\"@id\":\"https:\\\/\\\/www.latribunedufaso.net\\\/#organization\"},\"image\":{\"@id\":\"https:\\\/\\\/www.latribunedufaso.net\\\/?p=17603#primaryimage\"},\"thumbnailUrl\":\"https:\\\/\\\/www.latribunedufaso.net\\\/wp-content\\\/uploads\\\/2024\\\/12\\\/IMG-20241217-WA0004-1.jpg\",\"keywords\":[\"CASEM mines et \u00e9nergie\",\"latribunedufaso.net\",\"mines et carri\u00e8res\"],\"articleSection\":[\"A la une\",\"Actualit\u00e9\",\"Mines et Carri\u00e8res\"],\"inLanguage\":\"fr-FR\",\"potentialAction\":[{\"@type\":\"CommentAction\",\"name\":\"Comment\",\"target\":[\"https:\\\/\\\/www.latribunedufaso.net\\\/?p=17603#respond\"]}]},{\"@type\":\"WebPage\",\"@id\":\"https:\\\/\\\/www.latribunedufaso.net\\\/?p=17603\",\"url\":\"https:\\\/\\\/www.latribunedufaso.net\\\/?p=17603\",\"name\":\"Burkina\\\/Mines : La production industrielle d\u2019or au 30 septembre 2024 estim\u00e9e \u00e0 39 248, 575 Kg - La Tribune du Faso\",\"isPartOf\":{\"@id\":\"https:\\\/\\\/www.latribunedufaso.net\\\/#website\"},\"primaryImageOfPage\":{\"@id\":\"https:\\\/\\\/www.latribunedufaso.net\\\/?p=17603#primaryimage\"},\"image\":{\"@id\":\"https:\\\/\\\/www.latribunedufaso.net\\\/?p=17603#primaryimage\"},\"thumbnailUrl\":\"https:\\\/\\\/www.latribunedufaso.net\\\/wp-content\\\/uploads\\\/2024\\\/12\\\/IMG-20241217-WA0004-1.jpg\",\"datePublished\":\"2024-12-17T14:52:32+00:00\",\"breadcrumb\":{\"@id\":\"https:\\\/\\\/www.latribunedufaso.net\\\/?p=17603#breadcrumb\"},\"inLanguage\":\"fr-FR\",\"potentialAction\":[{\"@type\":\"ReadAction\",\"target\":[\"https:\\\/\\\/www.latribunedufaso.net\\\/?p=17603\"]}]},{\"@type\":\"ImageObject\",\"inLanguage\":\"fr-FR\",\"@id\":\"https:\\\/\\\/www.latribunedufaso.net\\\/?p=17603#primaryimage\",\"url\":\"https:\\\/\\\/www.latribunedufaso.net\\\/wp-content\\\/uploads\\\/2024\\\/12\\\/IMG-20241217-WA0004-1.jpg\",\"contentUrl\":\"https:\\\/\\\/www.latribunedufaso.net\\\/wp-content\\\/uploads\\\/2024\\\/12\\\/IMG-20241217-WA0004-1.jpg\",\"width\":1280,\"height\":960,\"caption\":\"La 2\u00e8me session ordinaire de l'ann\u00e9e 2024 du Conseil d\u2019administration du secteur minist\u00e9riel (CASEM) du minist\u00e8re de l\u2019Energie, des Mines et des Carri\u00e8res, 17 d\u00e9cembre 2024\"},{\"@type\":\"BreadcrumbList\",\"@id\":\"https:\\\/\\\/www.latribunedufaso.net\\\/?p=17603#breadcrumb\",\"itemListElement\":[{\"@type\":\"ListItem\",\"position\":1,\"name\":\"Accueil\",\"item\":\"https:\\\/\\\/www.latribunedufaso.net\\\/\"},{\"@type\":\"ListItem\",\"position\":2,\"name\":\"Burkina\\\/Mines : La production industrielle d\u2019or au 30 septembre 2024 estim\u00e9e \u00e0 39 248, 575 Kg\"}]},{\"@type\":\"WebSite\",\"@id\":\"https:\\\/\\\/www.latribunedufaso.net\\\/#website\",\"url\":\"https:\\\/\\\/www.latribunedufaso.net\\\/\",\"name\":\"La Tribune du Faso\",\"description\":\"L&#039;information du monde rural en un clic\",\"publisher\":{\"@id\":\"https:\\\/\\\/www.latribunedufaso.net\\\/#organization\"},\"potentialAction\":[{\"@type\":\"SearchAction\",\"target\":{\"@type\":\"EntryPoint\",\"urlTemplate\":\"https:\\\/\\\/www.latribunedufaso.net\\\/?s={search_term_string}\"},\"query-input\":{\"@type\":\"PropertyValueSpecification\",\"valueRequired\":true,\"valueName\":\"search_term_string\"}}],\"inLanguage\":\"fr-FR\"},{\"@type\":\"Organization\",\"@id\":\"https:\\\/\\\/www.latribunedufaso.net\\\/#organization\",\"name\":\"La Tribune du Faso\",\"url\":\"https:\\\/\\\/www.latribunedufaso.net\\\/\",\"logo\":{\"@type\":\"ImageObject\",\"inLanguage\":\"fr-FR\",\"@id\":\"https:\\\/\\\/www.latribunedufaso.net\\\/#\\\/schema\\\/logo\\\/image\\\/\",\"url\":\"https:\\\/\\\/www.latribunedufaso.net\\\/wp-content\\\/uploads\\\/2020\\\/08\\\/Logo-Tribune-du-Faso-final-scaled.jpg\",\"contentUrl\":\"https:\\\/\\\/www.latribunedufaso.net\\\/wp-content\\\/uploads\\\/2020\\\/08\\\/Logo-Tribune-du-Faso-final-scaled.jpg\",\"width\":2560,\"height\":1856,\"caption\":\"La Tribune du Faso\"},\"image\":{\"@id\":\"https:\\\/\\\/www.latribunedufaso.net\\\/#\\\/schema\\\/logo\\\/image\\\/\"},\"sameAs\":[\"https:\\\/\\\/www.facebook.com\\\/LatribuneduFaso\\\/\"]},{\"@type\":\"Person\",\"@id\":\"https:\\\/\\\/www.latribunedufaso.net\\\/#\\\/schema\\\/person\\\/e54e64c5778a7e72cf80a318b7a622b0\",\"name\":\"Issouf Tapsoba\",\"image\":{\"@type\":\"ImageObject\",\"inLanguage\":\"fr-FR\",\"@id\":\"https:\\\/\\\/secure.gravatar.com\\\/avatar\\\/5e6c05150ce3230247d167f5b94d678eb05936197436d69b7921e3a95c9107ac?s=96&d=mm&r=g\",\"url\":\"https:\\\/\\\/secure.gravatar.com\\\/avatar\\\/5e6c05150ce3230247d167f5b94d678eb05936197436d69b7921e3a95c9107ac?s=96&d=mm&r=g\",\"contentUrl\":\"https:\\\/\\\/secure.gravatar.com\\\/avatar\\\/5e6c05150ce3230247d167f5b94d678eb05936197436d69b7921e3a95c9107ac?s=96&d=mm&r=g\",\"caption\":\"Issouf Tapsoba\"},\"url\":\"https:\\\/\\\/www.latribunedufaso.net\\\/?author=5\"}]}<\/script>\n<!-- \/ Yoast SEO plugin. -->","yoast_head_json":{"title":"Burkina\/Mines : La production industrielle d\u2019or au 30 septembre 2024 estim\u00e9e \u00e0 39 248, 575 Kg - La Tribune du Faso","robots":{"index":"index","follow":"follow","max-snippet":"max-snippet:-1","max-image-preview":"max-image-preview:large","max-video-preview":"max-video-preview:-1"},"canonical":"https:\/\/www.latribunedufaso.net\/?p=17603","og_locale":"fr_FR","og_type":"article","og_title":"Burkina\/Mines : La production industrielle d\u2019or au 30 septembre 2024 estim\u00e9e \u00e0 39 248, 575 Kg - La Tribune du Faso","og_description":"Le minist\u00e8re de l\u2019Energie, des Mines et des Carri\u00e8res tient ce 17 d\u00e9cembre 2024 \u00e0 Ouagadougou, la 2\u00e8me session ordinaire de l&rsquo;ann\u00e9e 2024 du Conseil d\u2019administration du secteur minist\u00e9riel (CASEM). La c\u00e9r\u00e9monie d\u2019ouverture a \u00e9t\u00e9 pr\u00e9sid\u00e9e par le ministre en charge des Mines, Yacouba Zabr\u00e9 Gouba.","og_url":"https:\/\/www.latribunedufaso.net\/?p=17603","og_site_name":"La Tribune du Faso","article_publisher":"https:\/\/www.facebook.com\/LatribuneduFaso\/","article_published_time":"2024-12-17T14:52:32+00:00","og_image":[{"width":1280,"height":960,"url":"https:\/\/www.latribunedufaso.net\/wp-content\/uploads\/2024\/12\/IMG-20241217-WA0004-1.jpg","type":"image\/jpeg"}],"author":"Issouf Tapsoba","twitter_misc":{"\u00c9crit par":"Issouf Tapsoba","Dur\u00e9e de lecture estim\u00e9e":"3 minutes"},"schema":{"@context":"https:\/\/schema.org","@graph":[{"@type":"Article","@id":"https:\/\/www.latribunedufaso.net\/?p=17603#article","isPartOf":{"@id":"https:\/\/www.latribunedufaso.net\/?p=17603"},"author":{"name":"Issouf Tapsoba","@id":"https:\/\/www.latribunedufaso.net\/#\/schema\/person\/e54e64c5778a7e72cf80a318b7a622b0"},"headline":"Burkina\/Mines : La production industrielle d\u2019or au 30 septembre 2024 estim\u00e9e \u00e0 39 248, 575 Kg","datePublished":"2024-12-17T14:52:32+00:00","mainEntityOfPage":{"@id":"https:\/\/www.latribunedufaso.net\/?p=17603"},"wordCount":567,"commentCount":0,"publisher":{"@id":"https:\/\/www.latribunedufaso.net\/#organization"},"image":{"@id":"https:\/\/www.latribunedufaso.net\/?p=17603#primaryimage"},"thumbnailUrl":"https:\/\/www.latribunedufaso.net\/wp-content\/uploads\/2024\/12\/IMG-20241217-WA0004-1.jpg","keywords":["CASEM mines et \u00e9nergie","latribunedufaso.net","mines et carri\u00e8res"],"articleSection":["A la une","Actualit\u00e9","Mines et Carri\u00e8res"],"inLanguage":"fr-FR","potentialAction":[{"@type":"CommentAction","name":"Comment","target":["https:\/\/www.latribunedufaso.net\/?p=17603#respond"]}]},{"@type":"WebPage","@id":"https:\/\/www.latribunedufaso.net\/?p=17603","url":"https:\/\/www.latribunedufaso.net\/?p=17603","name":"Burkina\/Mines : La production industrielle d\u2019or au 30 septembre 2024 estim\u00e9e \u00e0 39 248, 575 Kg - La Tribune du Faso","isPartOf":{"@id":"https:\/\/www.latribunedufaso.net\/#website"},"primaryImageOfPage":{"@id":"https:\/\/www.latribunedufaso.net\/?p=17603#primaryimage"},"image":{"@id":"https:\/\/www.latribunedufaso.net\/?p=17603#primaryimage"},"thumbnailUrl":"https:\/\/www.latribunedufaso.net\/wp-content\/uploads\/2024\/12\/IMG-20241217-WA0004-1.jpg","datePublished":"2024-12-17T14:52:32+00:00","breadcrumb":{"@id":"https:\/\/www.latribunedufaso.net\/?p=17603#breadcrumb"},"inLanguage":"fr-FR","potentialAction":[{"@type":"ReadAction","target":["https:\/\/www.latribunedufaso.net\/?p=17603"]}]},{"@type":"ImageObject","inLanguage":"fr-FR","@id":"https:\/\/www.latribunedufaso.net\/?p=17603#primaryimage","url":"https:\/\/www.latribunedufaso.net\/wp-content\/uploads\/2024\/12\/IMG-20241217-WA0004-1.jpg","contentUrl":"https:\/\/www.latribunedufaso.net\/wp-content\/uploads\/2024\/12\/IMG-20241217-WA0004-1.jpg","width":1280,"height":960,"caption":"La 2\u00e8me session ordinaire de l'ann\u00e9e 2024 du Conseil d\u2019administration du secteur minist\u00e9riel (CASEM) du minist\u00e8re de l\u2019Energie, des Mines et des Carri\u00e8res, 17 d\u00e9cembre 2024"},{"@type":"BreadcrumbList","@id":"https:\/\/www.latribunedufaso.net\/?p=17603#breadcrumb","itemListElement":[{"@type":"ListItem","position":1,"name":"Accueil","item":"https:\/\/www.latribunedufaso.net\/"},{"@type":"ListItem","position":2,"name":"Burkina\/Mines : La production industrielle d\u2019or au 30 septembre 2024 estim\u00e9e \u00e0 39 248, 575 Kg"}]},{"@type":"WebSite","@id":"https:\/\/www.latribunedufaso.net\/#website","url":"https:\/\/www.latribunedufaso.net\/","name":"La Tribune du Faso","description":"L&#039;information du monde rural en un clic","publisher":{"@id":"https:\/\/www.latribunedufaso.net\/#organization"},"potentialAction":[{"@type":"SearchAction","target":{"@type":"EntryPoint","urlTemplate":"https:\/\/www.latribunedufaso.net\/?s={search_term_string}"},"query-input":{"@type":"PropertyValueSpecification","valueRequired":true,"valueName":"search_term_string"}}],"inLanguage":"fr-FR"},{"@type":"Organization","@id":"https:\/\/www.latribunedufaso.net\/#organization","name":"La Tribune du Faso","url":"https:\/\/www.latribunedufaso.net\/","logo":{"@type":"ImageObject","inLanguage":"fr-FR","@id":"https:\/\/www.latribunedufaso.net\/#\/schema\/logo\/image\/","url":"https:\/\/www.latribunedufaso.net\/wp-content\/uploads\/2020\/08\/Logo-Tribune-du-Faso-final-scaled.jpg","contentUrl":"https:\/\/www.latribunedufaso.net\/wp-content\/uploads\/2020\/08\/Logo-Tribune-du-Faso-final-scaled.jpg","width":2560,"height":1856,"caption":"La Tribune du Faso"},"image":{"@id":"https:\/\/www.latribunedufaso.net\/#\/schema\/logo\/image\/"},"sameAs":["https:\/\/www.facebook.com\/LatribuneduFaso\/"]},{"@type":"Person","@id":"https:\/\/www.latribunedufaso.net\/#\/schema\/person\/e54e64c5778a7e72cf80a318b7a622b0","name":"Issouf Tapsoba","image":{"@type":"ImageObject","inLanguage":"fr-FR","@id":"https:\/\/secure.gravatar.com\/avatar\/5e6c05150ce3230247d167f5b94d678eb05936197436d69b7921e3a95c9107ac?s=96&d=mm&r=g","url":"https:\/\/secure.gravatar.com\/avatar\/5e6c05150ce3230247d167f5b94d678eb05936197436d69b7921e3a95c9107ac?s=96&d=mm&r=g","contentUrl":"https:\/\/secure.gravatar.com\/avatar\/5e6c05150ce3230247d167f5b94d678eb05936197436d69b7921e3a95c9107ac?s=96&d=mm&r=g","caption":"Issouf Tapsoba"},"url":"https:\/\/www.latribunedufaso.net\/?author=5"}]}},"_links":{"self":[{"href":"https:\/\/www.latribunedufaso.net\/index.php?rest_route=\/wp\/v2\/posts\/17603","targetHints":{"allow":["GET"]}}],"collection":[{"href":"https:\/\/www.latribunedufaso.net\/index.php?rest_route=\/wp\/v2\/posts"}],"about":[{"href":"https:\/\/www.latribunedufaso.net\/index.php?rest_route=\/wp\/v2\/types\/post"}],"author":[{"embeddable":true,"href":"https:\/\/www.latribunedufaso.net\/index.php?rest_route=\/wp\/v2\/users\/5"}],"replies":[{"embeddable":true,"href":"https:\/\/www.latribunedufaso.net\/index.php?rest_route=%2Fwp%2Fv2%2Fcomments&post=17603"}],"version-history":[{"count":1,"href":"https:\/\/www.latribunedufaso.net\/index.php?rest_route=\/wp\/v2\/posts\/17603\/revisions"}],"predecessor-version":[{"id":17608,"href":"https:\/\/www.latribunedufaso.net\/index.php?rest_route=\/wp\/v2\/posts\/17603\/revisions\/17608"}],"wp:featuredmedia":[{"embeddable":true,"href":"https:\/\/www.latribunedufaso.net\/index.php?rest_route=\/wp\/v2\/media\/17604"}],"wp:attachment":[{"href":"https:\/\/www.latribunedufaso.net\/index.php?rest_route=%2Fwp%2Fv2%2Fmedia&parent=17603"}],"wp:term":[{"taxonomy":"category","embeddable":true,"href":"https:\/\/www.latribunedufaso.net\/index.php?rest_route=%2Fwp%2Fv2%2Fcategories&post=17603"},{"taxonomy":"post_tag","embeddable":true,"href":"https:\/\/www.latribunedufaso.net\/index.php?rest_route=%2Fwp%2Fv2%2Ftags&post=17603"}],"curies":[{"name":"wp","href":"https:\/\/api.w.org\/{rel}","templated":true}]}}