{"id":17574,"date":"2024-12-16T17:37:44","date_gmt":"2024-12-16T17:37:44","guid":{"rendered":"https:\/\/www.latribunedufaso.net\/?p=17574"},"modified":"2024-12-16T17:41:44","modified_gmt":"2024-12-16T17:41:44","slug":"region-des-hauts-bassins-le-ministre-kargougou-inaugure-le-csps-de-dankari","status":"publish","type":"post","link":"https:\/\/www.latribunedufaso.net\/?p=17574","title":{"rendered":"R\u00e9gion des Hauts-Bassins : Le ministre Kargougou inaugure le CSPS de Dankari"},"content":{"rendered":"<p><strong style=\"font-size: 1.0625rem;\">Ce 15 d\u00e9cembre 2024, le ministre de la Sant\u00e9, Dr Robert Kargougou, a proc\u00e9d\u00e9 \u00e0 Dankari, dans la r\u00e9gion des Hauts-Bassins, \u00e0 l\u2019inauguration officielle du Centre de sant\u00e9 et de promotion sociale (CSPS) de Dankari. D&rsquo;un coup global de 90 millions FCFA, il est financ\u00e9 par Hound\u00e9 Gold dans le cadre du Fonds minier de d\u00e9veloppement.<\/strong><!--more--><\/p>\n<p>La c\u00e9r\u00e9monie a \u00e9galement connu la pr\u00e9sence du<span style=\"font-size: 1.0625rem;\"> ministre de l\u2019Administration territoriale et de la Mobilit\u00e9, \u00c9mile Zerbo, celui en charge de l\u2019Environnement, Roger Baro et du Gouverneur de la r\u00e9gion, Mariama Konat\u00e9\/Gnanou.<\/span><\/p>\n<p><span style=\"font-size: 1.0625rem;\">La r\u00e9alisation du CSPS s\u2019inscrit dans le cadre de la politique sanitaire nationale d\u2019acc\u00e8s des soins de sant\u00e9 de qualit\u00e9 \u00e0 chaque Burkinab\u00e8.<\/span><\/p>\n<figure id=\"attachment_17579\" aria-describedby=\"caption-attachment-17579\" style=\"width: 720px\" class=\"wp-caption aligncenter\"><a href=\"https:\/\/www.latribunedufaso.net\/wp-content\/uploads\/2024\/12\/FB_IMG_1734370465914.jpg\"><img loading=\"lazy\" decoding=\"async\" class=\"size-full wp-image-17579\" src=\"https:\/\/www.latribunedufaso.net\/wp-content\/uploads\/2024\/12\/FB_IMG_1734370465914.jpg\" alt=\"C\u00e9r\u00e9monie d'inauguration d'un CSPS \u00e0 Dankari, dans la r\u00e9gion des Hauts-Bassins par le ministre de la Sant\u00e9, Dr Robert Kargougou, 15 d\u00e9cembre 2024\" width=\"720\" height=\"480\" srcset=\"https:\/\/www.latribunedufaso.net\/wp-content\/uploads\/2024\/12\/FB_IMG_1734370465914.jpg 720w, https:\/\/www.latribunedufaso.net\/wp-content\/uploads\/2024\/12\/FB_IMG_1734370465914-300x200.jpg 300w, https:\/\/www.latribunedufaso.net\/wp-content\/uploads\/2024\/12\/FB_IMG_1734370465914-120x80.jpg 120w, https:\/\/www.latribunedufaso.net\/wp-content\/uploads\/2024\/12\/FB_IMG_1734370465914-360x240.jpg 360w, https:\/\/www.latribunedufaso.net\/wp-content\/uploads\/2024\/12\/FB_IMG_1734370465914-600x400.jpg 600w\" sizes=\"auto, (max-width: 720px) 100vw, 720px\" \/><\/a><figcaption id=\"caption-attachment-17579\" class=\"wp-caption-text\">Les officiels lors de la visite du CSPS &#8211; Ph. MS<\/figcaption><\/figure>\n<p>Le ministre de l\u2019Administration territoriale et de la Mobilit\u00e9, \u00c9mile Zerbo s\u2019est dit honor\u00e9 de participer \u00e0 cette inauguration. Il s\u2019est r\u00e9joui de l\u2019enthousiasme des populations b\u00e9n\u00e9ficiaires et a salu\u00e9 l\u2019inauguration du CSPS de Dankari qui vient, selon lui, accro\u00eetre l\u2019offre de soins de sant\u00e9 dans la r\u00e9gion.<\/p>\n<p>Le ministre d\u2019\u00c9tat a, par ailleurs, saisi l\u2019occasion pour saluer tous les acteurs, notamment la commune \u00e0 travers le Pr\u00e9sident de la d\u00e9l\u00e9gation sp\u00e9ciale (PDS) pour avoir \u0153uvr\u00e9 \u00e0 la r\u00e9alisation de cette infrastructure.\u00a0<\/p>\n<figure id=\"attachment_17576\" aria-describedby=\"caption-attachment-17576\" style=\"width: 662px\" class=\"wp-caption aligncenter\"><a href=\"https:\/\/www.latribunedufaso.net\/wp-content\/uploads\/2024\/12\/FB_IMG_1734358724669.jpg\"><img loading=\"lazy\" decoding=\"async\" class=\"size-full wp-image-17576\" src=\"https:\/\/www.latribunedufaso.net\/wp-content\/uploads\/2024\/12\/FB_IMG_1734358724669.jpg\" alt=\"C\u00e9r\u00e9monie d'inauguration d'un CSPS \u00e0 Dankari, dans la r\u00e9gion des Hauts-Bassins par le ministre de la Sant\u00e9, Dr Robert Kargougou, 15 d\u00e9cembre 2024\" width=\"662\" height=\"903\" srcset=\"https:\/\/www.latribunedufaso.net\/wp-content\/uploads\/2024\/12\/FB_IMG_1734358724669.jpg 662w, https:\/\/www.latribunedufaso.net\/wp-content\/uploads\/2024\/12\/FB_IMG_1734358724669-220x300.jpg 220w\" sizes=\"auto, (max-width: 662px) 100vw, 662px\" \/><\/a><figcaption id=\"caption-attachment-17576\" class=\"wp-caption-text\">Le ministre de la Sant\u00e9, Dr Robert Kargougou &#8211; Ph. DCRP MS<\/figcaption><\/figure>\n<p>Le ministre Kargougou, pour sa part, a rappel\u00e9 que l\u2019offre de soins des services de sant\u00e9 et de nutrition de qualit\u00e9 aux populations est un pilier essentiel du plan d\u2019action pour la stabilisation et le d\u00e9veloppement, et constitue une haute priorit\u00e9 strat\u00e9gique pour le Pr\u00e9sident du Faso. C\u2019est ainsi qu\u2019apr\u00e8s avoir traduit sa reconnaissance \u00e0 l\u2019ensemble des acteurs pour la r\u00e9alisation de ce joyau, il a salu\u00e9 l\u2019investissement de bonne qualit\u00e9. Il a \u00e9galement promis de renforcer tr\u00e8s prochainement en moyen logistique le CSPS et en ressources humaines.<\/p>\n<blockquote>\n<p>Lire aussi &gt;&gt; <a href=\"https:\/\/www.latribunedufaso.net\/?p=14631\">Am\u00e9lioration de l\u2019offre de sant\u00e9 : l\u2019Initiative pr\u00e9sidentielle pour la sant\u00e9 adopt\u00e9e<\/a><\/p>\n<\/blockquote>\n<p>Le premier responsable du d\u00e9partement de la Sant\u00e9 a invit\u00e9 les b\u00e9n\u00e9ficiaires \u00e0 entretenir les infrastructures. <em><strong>\u00ab Je voudrais exhorter les populations de Dankari \u00e0 utiliser de fa\u00e7on rationnelle ce CSPS. J&rsquo;exhorte aussi les agents de sant\u00e9 \u00e0 \u00eatre v\u00e9ritablement des professionnels de sant\u00e9, \u00e0 servir jour et nuit les populations de Dankari de fa\u00e7on consciencieuse \u00bb,<\/strong><\/em> a-t-il conclu.<\/p>\n<figure id=\"attachment_17578\" aria-describedby=\"caption-attachment-17578\" style=\"width: 720px\" class=\"wp-caption aligncenter\"><a href=\"https:\/\/www.latribunedufaso.net\/wp-content\/uploads\/2024\/12\/FB_IMG_1734358759322.jpg\"><img loading=\"lazy\" decoding=\"async\" class=\"size-full wp-image-17578\" src=\"https:\/\/www.latribunedufaso.net\/wp-content\/uploads\/2024\/12\/FB_IMG_1734358759322.jpg\" alt=\"C\u00e9r\u00e9monie d'inauguration d'un CSPS \u00e0 Dankari, dans la r\u00e9gion des Hauts-Bassins par le ministre de la Sant\u00e9, Dr Robert Kargougou, 15 d\u00e9cembre 2024\" width=\"720\" height=\"297\" srcset=\"https:\/\/www.latribunedufaso.net\/wp-content\/uploads\/2024\/12\/FB_IMG_1734358759322.jpg 720w, https:\/\/www.latribunedufaso.net\/wp-content\/uploads\/2024\/12\/FB_IMG_1734358759322-300x124.jpg 300w\" sizes=\"auto, (max-width: 720px) 100vw, 720px\" \/><\/a><figcaption id=\"caption-attachment-17578\" class=\"wp-caption-text\">Le CSPS est compos\u00e9 notamment d\u2019un dispensaire, d\u2019une maternit\u00e9, d\u2019un d\u00e9p\u00f4t MEG, d\u2019une cuisine, de 12 latrines et d\u2019un incin\u00e9rateur pour un co\u00fbt global de 90 millions de francs CFA &#8211; Ph. DCRP MS<\/figcaption><\/figure>\n<p>Compos\u00e9 d\u2019un dispensaire, d\u2019une maternit\u00e9, d\u2019un d\u00e9p\u00f4t MEG, d\u2019une cuisine, de 12 latrines et d\u2019un incin\u00e9rateur pour un co\u00fbt global de 90 millions de francs CFA, la r\u00e9alisation du CSPS de Dankari, dont la pose de la premi\u00e8re pierre est intervenue en 2022, est \u00e0 mettre au compte de Hound\u00e9 Gold qui a financ\u00e9 la construction de cette infrastructure dans le cadre du Fonds minier de d\u00e9veloppement.<\/p>\n<p><strong>Latribunedufaso.net<\/strong><\/p>\n<p><strong>Source : MS<\/strong><\/p>\n","protected":false},"excerpt":{"rendered":"<p>Ce 15 d\u00e9cembre 2024, le ministre de la Sant\u00e9, Dr Robert Kargougou, a proc\u00e9d\u00e9 \u00e0 Dankari, dans la r\u00e9gion des Hauts-Bassins, \u00e0 l\u2019inauguration officielle du Centre de sant\u00e9 et de promotion sociale (CSPS) de Dankari. D&rsquo;un coup global de 90 millions FCFA, il est financ\u00e9 par Hound\u00e9 Gold dans le cadre du Fonds minier de d\u00e9veloppement.<\/p>\n","protected":false},"author":5,"featured_media":17577,"comment_status":"open","ping_status":"open","sticky":false,"template":"","format":"standard","meta":{"footnotes":""},"categories":[13,1,7],"tags":[551,39,322,191],"class_list":["post-17574","post","type-post","status-publish","format-standard","has-post-thumbnail","hentry","category-une","category-actu","category-sante","tag-csps-de-dankari","tag-latribunedufaso-net","tag-region-des-hauts-bassins","tag-sante"],"yoast_head":"<!-- This site is optimized with the Yoast SEO plugin v27.5 - https:\/\/yoast.com\/product\/yoast-seo-wordpress\/ -->\n<title>R\u00e9gion des Hauts-Bassins : Le ministre Kargougou inaugure le CSPS de Dankari - La Tribune du Faso<\/title>\n<meta name=\"robots\" content=\"index, follow, max-snippet:-1, max-image-preview:large, max-video-preview:-1\" \/>\n<link rel=\"canonical\" href=\"https:\/\/www.latribunedufaso.net\/?p=17574\" \/>\n<meta property=\"og:locale\" content=\"fr_FR\" \/>\n<meta property=\"og:type\" content=\"article\" \/>\n<meta property=\"og:title\" content=\"R\u00e9gion des Hauts-Bassins : Le ministre Kargougou inaugure le CSPS de Dankari - La Tribune du Faso\" \/>\n<meta property=\"og:description\" content=\"Ce 15 d\u00e9cembre 2024, le ministre de la Sant\u00e9, Dr Robert Kargougou, a proc\u00e9d\u00e9 \u00e0 Dankari, dans la r\u00e9gion des Hauts-Bassins, \u00e0 l\u2019inauguration officielle du Centre de sant\u00e9 et de promotion sociale (CSPS) de Dankari. D&rsquo;un coup global de 90 millions FCFA, il est financ\u00e9 par Hound\u00e9 Gold dans le cadre du Fonds minier de d\u00e9veloppement.\" \/>\n<meta property=\"og:url\" content=\"https:\/\/www.latribunedufaso.net\/?p=17574\" \/>\n<meta property=\"og:site_name\" content=\"La Tribune du Faso\" \/>\n<meta property=\"article:publisher\" content=\"https:\/\/www.facebook.com\/LatribuneduFaso\/\" \/>\n<meta property=\"article:published_time\" content=\"2024-12-16T17:37:44+00:00\" \/>\n<meta property=\"article:modified_time\" content=\"2024-12-16T17:41:44+00:00\" \/>\n<meta property=\"og:image\" content=\"https:\/\/www.latribunedufaso.net\/wp-content\/uploads\/2024\/12\/FB_IMG_1734358731509.jpg\" \/>\n\t<meta property=\"og:image:width\" content=\"720\" \/>\n\t<meta property=\"og:image:height\" content=\"426\" \/>\n\t<meta property=\"og:image:type\" content=\"image\/jpeg\" \/>\n<meta name=\"author\" content=\"Issouf Tapsoba\" \/>\n<meta name=\"twitter:label1\" content=\"\u00c9crit par\" \/>\n\t<meta name=\"twitter:data1\" content=\"Issouf Tapsoba\" \/>\n\t<meta name=\"twitter:label2\" content=\"Dur\u00e9e de lecture estim\u00e9e\" \/>\n\t<meta name=\"twitter:data2\" content=\"3 minutes\" \/>\n<script type=\"application\/ld+json\" class=\"yoast-schema-graph\">{\"@context\":\"https:\\\/\\\/schema.org\",\"@graph\":[{\"@type\":\"Article\",\"@id\":\"https:\\\/\\\/www.latribunedufaso.net\\\/?p=17574#article\",\"isPartOf\":{\"@id\":\"https:\\\/\\\/www.latribunedufaso.net\\\/?p=17574\"},\"author\":{\"name\":\"Issouf Tapsoba\",\"@id\":\"https:\\\/\\\/www.latribunedufaso.net\\\/#\\\/schema\\\/person\\\/e54e64c5778a7e72cf80a318b7a622b0\"},\"headline\":\"R\u00e9gion des Hauts-Bassins : Le ministre Kargougou inaugure le CSPS de Dankari\",\"datePublished\":\"2024-12-16T17:37:44+00:00\",\"dateModified\":\"2024-12-16T17:41:44+00:00\",\"mainEntityOfPage\":{\"@id\":\"https:\\\/\\\/www.latribunedufaso.net\\\/?p=17574\"},\"wordCount\":575,\"commentCount\":0,\"publisher\":{\"@id\":\"https:\\\/\\\/www.latribunedufaso.net\\\/#organization\"},\"image\":{\"@id\":\"https:\\\/\\\/www.latribunedufaso.net\\\/?p=17574#primaryimage\"},\"thumbnailUrl\":\"https:\\\/\\\/www.latribunedufaso.net\\\/wp-content\\\/uploads\\\/2024\\\/12\\\/FB_IMG_1734358731509.jpg\",\"keywords\":[\"CSPS de Dankari\",\"latribunedufaso.net\",\"r\u00e9gion des Hauts-Bassins\",\"Sant\u00e9\"],\"articleSection\":[\"A la une\",\"Actualit\u00e9\",\"Sant\u00e9\"],\"inLanguage\":\"fr-FR\",\"potentialAction\":[{\"@type\":\"CommentAction\",\"name\":\"Comment\",\"target\":[\"https:\\\/\\\/www.latribunedufaso.net\\\/?p=17574#respond\"]}]},{\"@type\":\"WebPage\",\"@id\":\"https:\\\/\\\/www.latribunedufaso.net\\\/?p=17574\",\"url\":\"https:\\\/\\\/www.latribunedufaso.net\\\/?p=17574\",\"name\":\"R\u00e9gion des Hauts-Bassins : Le ministre Kargougou inaugure le CSPS de Dankari - La Tribune du Faso\",\"isPartOf\":{\"@id\":\"https:\\\/\\\/www.latribunedufaso.net\\\/#website\"},\"primaryImageOfPage\":{\"@id\":\"https:\\\/\\\/www.latribunedufaso.net\\\/?p=17574#primaryimage\"},\"image\":{\"@id\":\"https:\\\/\\\/www.latribunedufaso.net\\\/?p=17574#primaryimage\"},\"thumbnailUrl\":\"https:\\\/\\\/www.latribunedufaso.net\\\/wp-content\\\/uploads\\\/2024\\\/12\\\/FB_IMG_1734358731509.jpg\",\"datePublished\":\"2024-12-16T17:37:44+00:00\",\"dateModified\":\"2024-12-16T17:41:44+00:00\",\"breadcrumb\":{\"@id\":\"https:\\\/\\\/www.latribunedufaso.net\\\/?p=17574#breadcrumb\"},\"inLanguage\":\"fr-FR\",\"potentialAction\":[{\"@type\":\"ReadAction\",\"target\":[\"https:\\\/\\\/www.latribunedufaso.net\\\/?p=17574\"]}]},{\"@type\":\"ImageObject\",\"inLanguage\":\"fr-FR\",\"@id\":\"https:\\\/\\\/www.latribunedufaso.net\\\/?p=17574#primaryimage\",\"url\":\"https:\\\/\\\/www.latribunedufaso.net\\\/wp-content\\\/uploads\\\/2024\\\/12\\\/FB_IMG_1734358731509.jpg\",\"contentUrl\":\"https:\\\/\\\/www.latribunedufaso.net\\\/wp-content\\\/uploads\\\/2024\\\/12\\\/FB_IMG_1734358731509.jpg\",\"width\":720,\"height\":426,\"caption\":\"C\u00e9r\u00e9monie d'inauguration d'un CSPS \u00e0 Dankari, dans la r\u00e9gion des Hauts-Bassins par le ministre de la Sant\u00e9, Dr Robert Kargougou, 15 d\u00e9cembre 2024\"},{\"@type\":\"BreadcrumbList\",\"@id\":\"https:\\\/\\\/www.latribunedufaso.net\\\/?p=17574#breadcrumb\",\"itemListElement\":[{\"@type\":\"ListItem\",\"position\":1,\"name\":\"Accueil\",\"item\":\"https:\\\/\\\/www.latribunedufaso.net\\\/\"},{\"@type\":\"ListItem\",\"position\":2,\"name\":\"R\u00e9gion des Hauts-Bassins : Le ministre Kargougou inaugure le CSPS de Dankari\"}]},{\"@type\":\"WebSite\",\"@id\":\"https:\\\/\\\/www.latribunedufaso.net\\\/#website\",\"url\":\"https:\\\/\\\/www.latribunedufaso.net\\\/\",\"name\":\"La Tribune du Faso\",\"description\":\"L&#039;information du monde rural en un clic\",\"publisher\":{\"@id\":\"https:\\\/\\\/www.latribunedufaso.net\\\/#organization\"},\"potentialAction\":[{\"@type\":\"SearchAction\",\"target\":{\"@type\":\"EntryPoint\",\"urlTemplate\":\"https:\\\/\\\/www.latribunedufaso.net\\\/?s={search_term_string}\"},\"query-input\":{\"@type\":\"PropertyValueSpecification\",\"valueRequired\":true,\"valueName\":\"search_term_string\"}}],\"inLanguage\":\"fr-FR\"},{\"@type\":\"Organization\",\"@id\":\"https:\\\/\\\/www.latribunedufaso.net\\\/#organization\",\"name\":\"La Tribune du Faso\",\"url\":\"https:\\\/\\\/www.latribunedufaso.net\\\/\",\"logo\":{\"@type\":\"ImageObject\",\"inLanguage\":\"fr-FR\",\"@id\":\"https:\\\/\\\/www.latribunedufaso.net\\\/#\\\/schema\\\/logo\\\/image\\\/\",\"url\":\"https:\\\/\\\/www.latribunedufaso.net\\\/wp-content\\\/uploads\\\/2020\\\/08\\\/Logo-Tribune-du-Faso-final-scaled.jpg\",\"contentUrl\":\"https:\\\/\\\/www.latribunedufaso.net\\\/wp-content\\\/uploads\\\/2020\\\/08\\\/Logo-Tribune-du-Faso-final-scaled.jpg\",\"width\":2560,\"height\":1856,\"caption\":\"La Tribune du Faso\"},\"image\":{\"@id\":\"https:\\\/\\\/www.latribunedufaso.net\\\/#\\\/schema\\\/logo\\\/image\\\/\"},\"sameAs\":[\"https:\\\/\\\/www.facebook.com\\\/LatribuneduFaso\\\/\"]},{\"@type\":\"Person\",\"@id\":\"https:\\\/\\\/www.latribunedufaso.net\\\/#\\\/schema\\\/person\\\/e54e64c5778a7e72cf80a318b7a622b0\",\"name\":\"Issouf Tapsoba\",\"image\":{\"@type\":\"ImageObject\",\"inLanguage\":\"fr-FR\",\"@id\":\"https:\\\/\\\/secure.gravatar.com\\\/avatar\\\/5e6c05150ce3230247d167f5b94d678eb05936197436d69b7921e3a95c9107ac?s=96&d=mm&r=g\",\"url\":\"https:\\\/\\\/secure.gravatar.com\\\/avatar\\\/5e6c05150ce3230247d167f5b94d678eb05936197436d69b7921e3a95c9107ac?s=96&d=mm&r=g\",\"contentUrl\":\"https:\\\/\\\/secure.gravatar.com\\\/avatar\\\/5e6c05150ce3230247d167f5b94d678eb05936197436d69b7921e3a95c9107ac?s=96&d=mm&r=g\",\"caption\":\"Issouf Tapsoba\"},\"url\":\"https:\\\/\\\/www.latribunedufaso.net\\\/?author=5\"}]}<\/script>\n<!-- \/ Yoast SEO plugin. -->","yoast_head_json":{"title":"R\u00e9gion des Hauts-Bassins : Le ministre Kargougou inaugure le CSPS de Dankari - La Tribune du Faso","robots":{"index":"index","follow":"follow","max-snippet":"max-snippet:-1","max-image-preview":"max-image-preview:large","max-video-preview":"max-video-preview:-1"},"canonical":"https:\/\/www.latribunedufaso.net\/?p=17574","og_locale":"fr_FR","og_type":"article","og_title":"R\u00e9gion des Hauts-Bassins : Le ministre Kargougou inaugure le CSPS de Dankari - La Tribune du Faso","og_description":"Ce 15 d\u00e9cembre 2024, le ministre de la Sant\u00e9, Dr Robert Kargougou, a proc\u00e9d\u00e9 \u00e0 Dankari, dans la r\u00e9gion des Hauts-Bassins, \u00e0 l\u2019inauguration officielle du Centre de sant\u00e9 et de promotion sociale (CSPS) de Dankari. D&rsquo;un coup global de 90 millions FCFA, il est financ\u00e9 par Hound\u00e9 Gold dans le cadre du Fonds minier de d\u00e9veloppement.","og_url":"https:\/\/www.latribunedufaso.net\/?p=17574","og_site_name":"La Tribune du Faso","article_publisher":"https:\/\/www.facebook.com\/LatribuneduFaso\/","article_published_time":"2024-12-16T17:37:44+00:00","article_modified_time":"2024-12-16T17:41:44+00:00","og_image":[{"width":720,"height":426,"url":"https:\/\/www.latribunedufaso.net\/wp-content\/uploads\/2024\/12\/FB_IMG_1734358731509.jpg","type":"image\/jpeg"}],"author":"Issouf Tapsoba","twitter_misc":{"\u00c9crit par":"Issouf Tapsoba","Dur\u00e9e de lecture estim\u00e9e":"3 minutes"},"schema":{"@context":"https:\/\/schema.org","@graph":[{"@type":"Article","@id":"https:\/\/www.latribunedufaso.net\/?p=17574#article","isPartOf":{"@id":"https:\/\/www.latribunedufaso.net\/?p=17574"},"author":{"name":"Issouf Tapsoba","@id":"https:\/\/www.latribunedufaso.net\/#\/schema\/person\/e54e64c5778a7e72cf80a318b7a622b0"},"headline":"R\u00e9gion des Hauts-Bassins : Le ministre Kargougou inaugure le CSPS de Dankari","datePublished":"2024-12-16T17:37:44+00:00","dateModified":"2024-12-16T17:41:44+00:00","mainEntityOfPage":{"@id":"https:\/\/www.latribunedufaso.net\/?p=17574"},"wordCount":575,"commentCount":0,"publisher":{"@id":"https:\/\/www.latribunedufaso.net\/#organization"},"image":{"@id":"https:\/\/www.latribunedufaso.net\/?p=17574#primaryimage"},"thumbnailUrl":"https:\/\/www.latribunedufaso.net\/wp-content\/uploads\/2024\/12\/FB_IMG_1734358731509.jpg","keywords":["CSPS de Dankari","latribunedufaso.net","r\u00e9gion des Hauts-Bassins","Sant\u00e9"],"articleSection":["A la une","Actualit\u00e9","Sant\u00e9"],"inLanguage":"fr-FR","potentialAction":[{"@type":"CommentAction","name":"Comment","target":["https:\/\/www.latribunedufaso.net\/?p=17574#respond"]}]},{"@type":"WebPage","@id":"https:\/\/www.latribunedufaso.net\/?p=17574","url":"https:\/\/www.latribunedufaso.net\/?p=17574","name":"R\u00e9gion des Hauts-Bassins : Le ministre Kargougou inaugure le CSPS de Dankari - La Tribune du Faso","isPartOf":{"@id":"https:\/\/www.latribunedufaso.net\/#website"},"primaryImageOfPage":{"@id":"https:\/\/www.latribunedufaso.net\/?p=17574#primaryimage"},"image":{"@id":"https:\/\/www.latribunedufaso.net\/?p=17574#primaryimage"},"thumbnailUrl":"https:\/\/www.latribunedufaso.net\/wp-content\/uploads\/2024\/12\/FB_IMG_1734358731509.jpg","datePublished":"2024-12-16T17:37:44+00:00","dateModified":"2024-12-16T17:41:44+00:00","breadcrumb":{"@id":"https:\/\/www.latribunedufaso.net\/?p=17574#breadcrumb"},"inLanguage":"fr-FR","potentialAction":[{"@type":"ReadAction","target":["https:\/\/www.latribunedufaso.net\/?p=17574"]}]},{"@type":"ImageObject","inLanguage":"fr-FR","@id":"https:\/\/www.latribunedufaso.net\/?p=17574#primaryimage","url":"https:\/\/www.latribunedufaso.net\/wp-content\/uploads\/2024\/12\/FB_IMG_1734358731509.jpg","contentUrl":"https:\/\/www.latribunedufaso.net\/wp-content\/uploads\/2024\/12\/FB_IMG_1734358731509.jpg","width":720,"height":426,"caption":"C\u00e9r\u00e9monie d'inauguration d'un CSPS \u00e0 Dankari, dans la r\u00e9gion des Hauts-Bassins par le ministre de la Sant\u00e9, Dr Robert Kargougou, 15 d\u00e9cembre 2024"},{"@type":"BreadcrumbList","@id":"https:\/\/www.latribunedufaso.net\/?p=17574#breadcrumb","itemListElement":[{"@type":"ListItem","position":1,"name":"Accueil","item":"https:\/\/www.latribunedufaso.net\/"},{"@type":"ListItem","position":2,"name":"R\u00e9gion des Hauts-Bassins : Le ministre Kargougou inaugure le CSPS de Dankari"}]},{"@type":"WebSite","@id":"https:\/\/www.latribunedufaso.net\/#website","url":"https:\/\/www.latribunedufaso.net\/","name":"La Tribune du Faso","description":"L&#039;information du monde rural en un clic","publisher":{"@id":"https:\/\/www.latribunedufaso.net\/#organization"},"potentialAction":[{"@type":"SearchAction","target":{"@type":"EntryPoint","urlTemplate":"https:\/\/www.latribunedufaso.net\/?s={search_term_string}"},"query-input":{"@type":"PropertyValueSpecification","valueRequired":true,"valueName":"search_term_string"}}],"inLanguage":"fr-FR"},{"@type":"Organization","@id":"https:\/\/www.latribunedufaso.net\/#organization","name":"La Tribune du Faso","url":"https:\/\/www.latribunedufaso.net\/","logo":{"@type":"ImageObject","inLanguage":"fr-FR","@id":"https:\/\/www.latribunedufaso.net\/#\/schema\/logo\/image\/","url":"https:\/\/www.latribunedufaso.net\/wp-content\/uploads\/2020\/08\/Logo-Tribune-du-Faso-final-scaled.jpg","contentUrl":"https:\/\/www.latribunedufaso.net\/wp-content\/uploads\/2020\/08\/Logo-Tribune-du-Faso-final-scaled.jpg","width":2560,"height":1856,"caption":"La Tribune du Faso"},"image":{"@id":"https:\/\/www.latribunedufaso.net\/#\/schema\/logo\/image\/"},"sameAs":["https:\/\/www.facebook.com\/LatribuneduFaso\/"]},{"@type":"Person","@id":"https:\/\/www.latribunedufaso.net\/#\/schema\/person\/e54e64c5778a7e72cf80a318b7a622b0","name":"Issouf Tapsoba","image":{"@type":"ImageObject","inLanguage":"fr-FR","@id":"https:\/\/secure.gravatar.com\/avatar\/5e6c05150ce3230247d167f5b94d678eb05936197436d69b7921e3a95c9107ac?s=96&d=mm&r=g","url":"https:\/\/secure.gravatar.com\/avatar\/5e6c05150ce3230247d167f5b94d678eb05936197436d69b7921e3a95c9107ac?s=96&d=mm&r=g","contentUrl":"https:\/\/secure.gravatar.com\/avatar\/5e6c05150ce3230247d167f5b94d678eb05936197436d69b7921e3a95c9107ac?s=96&d=mm&r=g","caption":"Issouf Tapsoba"},"url":"https:\/\/www.latribunedufaso.net\/?author=5"}]}},"_links":{"self":[{"href":"https:\/\/www.latribunedufaso.net\/index.php?rest_route=\/wp\/v2\/posts\/17574","targetHints":{"allow":["GET"]}}],"collection":[{"href":"https:\/\/www.latribunedufaso.net\/index.php?rest_route=\/wp\/v2\/posts"}],"about":[{"href":"https:\/\/www.latribunedufaso.net\/index.php?rest_route=\/wp\/v2\/types\/post"}],"author":[{"embeddable":true,"href":"https:\/\/www.latribunedufaso.net\/index.php?rest_route=\/wp\/v2\/users\/5"}],"replies":[{"embeddable":true,"href":"https:\/\/www.latribunedufaso.net\/index.php?rest_route=%2Fwp%2Fv2%2Fcomments&post=17574"}],"version-history":[{"count":3,"href":"https:\/\/www.latribunedufaso.net\/index.php?rest_route=\/wp\/v2\/posts\/17574\/revisions"}],"predecessor-version":[{"id":17582,"href":"https:\/\/www.latribunedufaso.net\/index.php?rest_route=\/wp\/v2\/posts\/17574\/revisions\/17582"}],"wp:featuredmedia":[{"embeddable":true,"href":"https:\/\/www.latribunedufaso.net\/index.php?rest_route=\/wp\/v2\/media\/17577"}],"wp:attachment":[{"href":"https:\/\/www.latribunedufaso.net\/index.php?rest_route=%2Fwp%2Fv2%2Fmedia&parent=17574"}],"wp:term":[{"taxonomy":"category","embeddable":true,"href":"https:\/\/www.latribunedufaso.net\/index.php?rest_route=%2Fwp%2Fv2%2Fcategories&post=17574"},{"taxonomy":"post_tag","embeddable":true,"href":"https:\/\/www.latribunedufaso.net\/index.php?rest_route=%2Fwp%2Fv2%2Ftags&post=17574"}],"curies":[{"name":"wp","href":"https:\/\/api.w.org\/{rel}","templated":true}]}}