{"id":17552,"date":"2024-12-15T12:18:20","date_gmt":"2024-12-15T12:18:20","guid":{"rendered":"https:\/\/www.latribunedufaso.net\/?p=17552"},"modified":"2024-12-17T15:36:36","modified_gmt":"2024-12-17T15:36:36","slug":"justice-climatique-wep-burkina-renforce-les-capacites-dune-vingtaine-de-journalistes-sur-la-question","status":"publish","type":"post","link":"https:\/\/www.latribunedufaso.net\/?p=17552","title":{"rendered":"Justice climatique : WEP Burkina renforce les capacit\u00e9s d&rsquo;une vingtaine de journalistes sur la question\u00a0"},"content":{"rendered":"<p><strong><span style=\"font-size: 1.0625rem;\">L\u2019association Women environmental programme Burkina (WEP Burkina) a organis\u00e9, le 14 d\u00e9cembre 2024 \u00e0 Ouagadougou, un atelier de renforcement de capacit\u00e9s au profit des journalistes sur les questions de changements climatiques et de justice climatique.<\/span><\/strong><!--more--><\/p>\n<p><span style=\"font-size: 1.0625rem;\">Dans le cadre de ses activit\u00e9s, Women environmental programme Burkina (WEP Burkina) sensibilise les acteurs sur la lutte contre les changements climatiques. Le 14 d\u00e9cembre 2024 \u00e0 Ouagadougou, elle a organis\u00e9 un atelier de renforcement de capacit\u00e9s aux profits des hommes de m\u00e9dias sur la question. Objectif, susciter leur participation \u00e0 la sensibilisation des communaut\u00e9s sur les changements climatiques.<\/span><\/p>\n<figure id=\"attachment_17555\" aria-describedby=\"caption-attachment-17555\" style=\"width: 2560px\" class=\"wp-caption aligncenter\"><a href=\"https:\/\/www.latribunedufaso.net\/wp-content\/uploads\/2024\/12\/IMG_20241214_150115_968-scaled.jpg\"><img loading=\"lazy\" decoding=\"async\" class=\"size-full wp-image-17555\" src=\"https:\/\/www.latribunedufaso.net\/wp-content\/uploads\/2024\/12\/IMG_20241214_150115_968-scaled.jpg\" alt=\"L\u2019association Women environmental programme Burkina (WEP Burkina) a organis\u00e9 un atelier de renforcement de capacit\u00e9s au profit des journalistes sur les questions de changements climatiques et de justice climatique, 14 d\u00e9cembre 2024 \u00e0 Ouagadougou \" width=\"2560\" height=\"1920\" srcset=\"https:\/\/www.latribunedufaso.net\/wp-content\/uploads\/2024\/12\/IMG_20241214_150115_968-scaled.jpg 2560w, https:\/\/www.latribunedufaso.net\/wp-content\/uploads\/2024\/12\/IMG_20241214_150115_968-300x225.jpg 300w, https:\/\/www.latribunedufaso.net\/wp-content\/uploads\/2024\/12\/IMG_20241214_150115_968-1024x768.jpg 1024w, https:\/\/www.latribunedufaso.net\/wp-content\/uploads\/2024\/12\/IMG_20241214_150115_968-768x576.jpg 768w, https:\/\/www.latribunedufaso.net\/wp-content\/uploads\/2024\/12\/IMG_20241214_150115_968-1536x1152.jpg 1536w, https:\/\/www.latribunedufaso.net\/wp-content\/uploads\/2024\/12\/IMG_20241214_150115_968-2048x1536.jpg 2048w\" sizes=\"auto, (max-width: 2560px) 100vw, 2560px\" \/><\/a><figcaption id=\"caption-attachment-17555\" class=\"wp-caption-text\">La Pr\u00e9sidente du conseil d&rsquo;administration de WEP Burkina, Zenabou Segda &#8211; Ph. I. Tapsoba<\/figcaption><\/figure>\n<p>Zenabou Segda est la Pr\u00e9sidente du conseil d&rsquo;administration de WEP Burkina. A l&rsquo;\u00e9couter, l&rsquo;association attend des journalistes, un accompagnement dans la lutte contre les changements climatiques.<em><strong> \u00ab Nous avons pens\u00e9 les r\u00e9unir pour qu&rsquo;ils puissent \u00eatre des relais d&rsquo;information, d\u00e9noncer et participer \u00e0 des activit\u00e9s de plaidoyer aupr\u00e8s des autorit\u00e9s pour que des mesures plus strictes puissent \u00eatre prises dans le cadre de la lutte contre les changements climatiques \u00bb,<\/strong> <\/em>a-t-elle indiqu\u00e9.<\/p>\n<p>Pendant 24 h, les journalistes ont renforc\u00e9 leurs capacit\u00e9s sur les questions li\u00e9es aux changements climatiques. Il s&rsquo;agit notamment des causes du ph\u00e9nom\u00e8ne, sa manifestation et les conventions de lutte. A cela s&rsquo;ajoute le renforcement de capacit\u00e9s sur la notion de justice climatique.<\/p>\n<figure id=\"attachment_17553\" aria-describedby=\"caption-attachment-17553\" style=\"width: 960px\" class=\"wp-caption aligncenter\"><a href=\"https:\/\/www.latribunedufaso.net\/wp-content\/uploads\/2024\/12\/IMG-20241215-WA0029.jpg\"><img loading=\"lazy\" decoding=\"async\" class=\"size-full wp-image-17553\" src=\"https:\/\/www.latribunedufaso.net\/wp-content\/uploads\/2024\/12\/IMG-20241215-WA0029.jpg\" alt=\"L\u2019association Women environmental programme Burkina (WEP Burkina) a organis\u00e9 un atelier de renforcement de capacit\u00e9s au profit des journalistes sur les questions de changements climatiques et de justice climatique, 14 d\u00e9cembre 2024 \u00e0 Ouagadougou \" width=\"960\" height=\"540\" srcset=\"https:\/\/www.latribunedufaso.net\/wp-content\/uploads\/2024\/12\/IMG-20241215-WA0029.jpg 960w, https:\/\/www.latribunedufaso.net\/wp-content\/uploads\/2024\/12\/IMG-20241215-WA0029-300x169.jpg 300w, https:\/\/www.latribunedufaso.net\/wp-content\/uploads\/2024\/12\/IMG-20241215-WA0029-768x432.jpg 768w\" sizes=\"auto, (max-width: 960px) 100vw, 960px\" \/><\/a><figcaption id=\"caption-attachment-17553\" class=\"wp-caption-text\">Une vingtaine de journalistes ont particip\u00e9 \u00e0 la formation &#8211; Ph. I. Tapsoba<\/figcaption><\/figure>\n<p>Selon la PCA de WEP Burkina, Zenabou Segda, la justice climatique est n\u00e9e du processus mondial de lutte contre les changements climatiques. En effet, un d\u00e9s\u00e9quilibre a \u00e9t\u00e9 remarqu\u00e9 entre les pouvoirs au niveau de l&rsquo;action climatique. Les pays d\u00e9velopp\u00e9s qui sont des pollueurs doivent payer normalement leur pollution.\u00a0<\/p>\n<p>Cela inclut la mobilisation des ressources au profit des pays en d\u00e9veloppement afin qu&rsquo;ils puissent s&rsquo;adapter aux cons\u00e9quences des changements climatiques qu&rsquo;ils ont cr\u00e9\u00e9. Mais ce n&rsquo;est pas fait. <em><strong>\u00ab Cela est injuste, donc il faut les interpeller pour qu&rsquo;ils remplissent leur part de responsabilit\u00e9. Nous, soci\u00e9t\u00e9 civile discutons de cela au niveau international \u00bb,<\/strong><\/em> a-t-elle expliqu\u00e9.<\/p>\n<blockquote>\n<p>Lire aussi &gt;&gt; <a href=\"https:\/\/www.latribunedufaso.net\/?p=15722\">Changements climatiques : La CPF \u00e9change sur son impact sur l\u2019Offensive agropastorale et halieutique<\/a><\/p>\n<\/blockquote>\n<p>Au niveau national, a-t-elle poursuivi, nous travaillons \u00e0 ce que tous les projets qui doivent \u00eatre mis en \u0153uvre puissent b\u00e9n\u00e9ficier aux personnes cibl\u00e9es en priorit\u00e9. <em><strong>\u00ab Parce que des fonds sont mobilis\u00e9s pour les populations vuln\u00e9rables. Mais il ressort souvent des constats qu&rsquo;elles ne b\u00e9n\u00e9ficient pas des r\u00e9alisations de ces financements. Ce n&rsquo;est pas juste \u00bb,<\/strong><\/em> a-t-elle fait savoir.<\/p>\n<figure id=\"attachment_17554\" aria-describedby=\"caption-attachment-17554\" style=\"width: 960px\" class=\"wp-caption aligncenter\"><a href=\"https:\/\/www.latribunedufaso.net\/wp-content\/uploads\/2024\/12\/IMG-20241215-WA0030.jpg\"><img loading=\"lazy\" decoding=\"async\" class=\"size-full wp-image-17554\" src=\"https:\/\/www.latribunedufaso.net\/wp-content\/uploads\/2024\/12\/IMG-20241215-WA0030.jpg\" alt=\"L\u2019association Women environmental programme Burkina (WEP Burkina) a organis\u00e9 un atelier de renforcement de capacit\u00e9s au profit des journalistes sur les questions de changements climatiques et de justice climatique, 14 d\u00e9cembre 2024 \u00e0 Ouagadougou \" width=\"960\" height=\"540\" srcset=\"https:\/\/www.latribunedufaso.net\/wp-content\/uploads\/2024\/12\/IMG-20241215-WA0030.jpg 960w, https:\/\/www.latribunedufaso.net\/wp-content\/uploads\/2024\/12\/IMG-20241215-WA0030-300x169.jpg 300w, https:\/\/www.latribunedufaso.net\/wp-content\/uploads\/2024\/12\/IMG-20241215-WA0030-768x432.jpg 768w\" sizes=\"auto, (max-width: 960px) 100vw, 960px\" \/><\/a><figcaption id=\"caption-attachment-17554\" class=\"wp-caption-text\">Bienvenue Taonsa, journaliste \u00e0 la RTBF t\u00e9l\u00e9 est un b\u00e9n\u00e9ficiaire de la formation &#8211; Ph. I. Tapsoba<\/figcaption><\/figure>\n<p>Une vingtaine de journalistes ont particip\u00e9 \u00e0 l&rsquo;atelier dont Bienvenue Taonsa, journaliste \u00e0 la RTB t\u00e9l\u00e9. Il a salu\u00e9 cette initiative de WEP Burkina qui a permis aux hommes de m\u00e9dias de renforcer leur connaissance sur les questions de changements climatiques. A l&rsquo;\u00e9couter, il s&rsquo;int\u00e9ressait d\u00e9j\u00e0 aux questions environnementales dans le cadre de ses productions. La formation va lui permettre d&rsquo;am\u00e9liorer son travail.<\/p>\n<p><iframe loading=\"lazy\" width=\"560\" height=\"315\" src=\"https:\/\/www.youtube.com\/embed\/_9KC7EvklTY?si=0WPB9WAuQcZ6ktGI\" title=\"YouTube video player\" frameborder=\"0\" allow=\"accelerometer; autoplay; clipboard-write; encrypted-media; gyroscope; picture-in-picture; web-share\" referrerpolicy=\"strict-origin-when-cross-origin\" allowfullscreen><\/iframe><\/p>\n<p>WEP Burkina est une association cr\u00e9\u00e9e depuis 2011. Sa mission est la protection de l&rsquo;environnement. Elle contribue \u00e0 la r\u00e9duction du r\u00e9chauffement climatique. Pour ce faire, elle fait du plaidoyer et organise des renforcement de capacit\u00e9s au profit des acteurs. Au Burkina Faso, l&rsquo;association a d\u00e9j\u00e0 form\u00e9 pr\u00e8s de 300 organisations de la soci\u00e9t\u00e9 civile sur le financement climatique.\u00a0<\/p>\n<p><strong>Issouf TAPSOBA\u00a0<\/strong><\/p>\n<p><strong>Latribundufaso.net<\/strong><\/p>\n","protected":false},"excerpt":{"rendered":"<p>L\u2019association Women environmental programme Burkina (WEP Burkina) a organis\u00e9, le 14 d\u00e9cembre 2024 \u00e0 Ouagadougou, un atelier de renforcement de capacit\u00e9s au profit des journalistes sur les questions de changements climatiques et de justice climatique.<\/p>\n","protected":false},"author":5,"featured_media":17556,"comment_status":"open","ping_status":"open","sticky":false,"template":"","format":"standard","meta":{"footnotes":""},"categories":[13,1,5],"tags":[194,548,39,549],"class_list":["post-17552","post","type-post","status-publish","format-standard","has-post-thumbnail","hentry","category-une","category-actu","category-envir","tag-changement-climatique","tag-justice-climatique","tag-latribunedufaso-net","tag-wep-burkina"],"yoast_head":"<!-- This site is optimized with the Yoast SEO plugin v27.4 - https:\/\/yoast.com\/product\/yoast-seo-wordpress\/ -->\n<title>Justice climatique : WEP Burkina renforce les capacit\u00e9s d&#039;une vingtaine de journalistes sur la question\u00a0 - La Tribune du Faso<\/title>\n<meta name=\"robots\" content=\"index, follow, max-snippet:-1, max-image-preview:large, max-video-preview:-1\" \/>\n<link rel=\"canonical\" href=\"https:\/\/www.latribunedufaso.net\/?p=17552\" \/>\n<meta property=\"og:locale\" content=\"fr_FR\" \/>\n<meta property=\"og:type\" content=\"article\" \/>\n<meta property=\"og:title\" content=\"Justice climatique : WEP Burkina renforce les capacit\u00e9s d&#039;une vingtaine de journalistes sur la question\u00a0 - La Tribune du Faso\" \/>\n<meta property=\"og:description\" content=\"L\u2019association Women environmental programme Burkina (WEP Burkina) a organis\u00e9, le 14 d\u00e9cembre 2024 \u00e0 Ouagadougou, un atelier de renforcement de capacit\u00e9s au profit des journalistes sur les questions de changements climatiques et de justice climatique.\" \/>\n<meta property=\"og:url\" content=\"https:\/\/www.latribunedufaso.net\/?p=17552\" \/>\n<meta property=\"og:site_name\" content=\"La Tribune du Faso\" \/>\n<meta property=\"article:publisher\" content=\"https:\/\/www.facebook.com\/LatribuneduFaso\/\" \/>\n<meta property=\"article:published_time\" content=\"2024-12-15T12:18:20+00:00\" \/>\n<meta property=\"article:modified_time\" content=\"2024-12-17T15:36:36+00:00\" \/>\n<meta property=\"og:image\" content=\"https:\/\/www.latribunedufaso.net\/wp-content\/uploads\/2024\/12\/IMG_20241214_092944_862-scaled.jpg\" \/>\n\t<meta property=\"og:image:width\" content=\"2560\" \/>\n\t<meta property=\"og:image:height\" content=\"1920\" \/>\n\t<meta property=\"og:image:type\" content=\"image\/jpeg\" \/>\n<meta name=\"author\" content=\"Issouf Tapsoba\" \/>\n<meta name=\"twitter:label1\" content=\"\u00c9crit par\" \/>\n\t<meta name=\"twitter:data1\" content=\"Issouf Tapsoba\" \/>\n\t<meta name=\"twitter:label2\" content=\"Dur\u00e9e de lecture estim\u00e9e\" \/>\n\t<meta name=\"twitter:data2\" content=\"3 minutes\" \/>\n<script type=\"application\/ld+json\" class=\"yoast-schema-graph\">{\"@context\":\"https:\\\/\\\/schema.org\",\"@graph\":[{\"@type\":\"Article\",\"@id\":\"https:\\\/\\\/www.latribunedufaso.net\\\/?p=17552#article\",\"isPartOf\":{\"@id\":\"https:\\\/\\\/www.latribunedufaso.net\\\/?p=17552\"},\"author\":{\"name\":\"Issouf Tapsoba\",\"@id\":\"https:\\\/\\\/www.latribunedufaso.net\\\/#\\\/schema\\\/person\\\/e54e64c5778a7e72cf80a318b7a622b0\"},\"headline\":\"Justice climatique : WEP Burkina renforce les capacit\u00e9s d&rsquo;une vingtaine de journalistes sur la question\u00a0\",\"datePublished\":\"2024-12-15T12:18:20+00:00\",\"dateModified\":\"2024-12-17T15:36:36+00:00\",\"mainEntityOfPage\":{\"@id\":\"https:\\\/\\\/www.latribunedufaso.net\\\/?p=17552\"},\"wordCount\":650,\"commentCount\":0,\"publisher\":{\"@id\":\"https:\\\/\\\/www.latribunedufaso.net\\\/#organization\"},\"image\":{\"@id\":\"https:\\\/\\\/www.latribunedufaso.net\\\/?p=17552#primaryimage\"},\"thumbnailUrl\":\"https:\\\/\\\/www.latribunedufaso.net\\\/wp-content\\\/uploads\\\/2024\\\/12\\\/IMG_20241214_092944_862-scaled.jpg\",\"keywords\":[\"changement climatique\",\"justice climatique\",\"latribunedufaso.net\",\"WEP Burkina\"],\"articleSection\":[\"A la une\",\"Actualit\u00e9\",\"Environnement\"],\"inLanguage\":\"fr-FR\",\"potentialAction\":[{\"@type\":\"CommentAction\",\"name\":\"Comment\",\"target\":[\"https:\\\/\\\/www.latribunedufaso.net\\\/?p=17552#respond\"]}]},{\"@type\":\"WebPage\",\"@id\":\"https:\\\/\\\/www.latribunedufaso.net\\\/?p=17552\",\"url\":\"https:\\\/\\\/www.latribunedufaso.net\\\/?p=17552\",\"name\":\"Justice climatique : WEP Burkina renforce les capacit\u00e9s d'une vingtaine de journalistes sur la question\u00a0 - La Tribune du Faso\",\"isPartOf\":{\"@id\":\"https:\\\/\\\/www.latribunedufaso.net\\\/#website\"},\"primaryImageOfPage\":{\"@id\":\"https:\\\/\\\/www.latribunedufaso.net\\\/?p=17552#primaryimage\"},\"image\":{\"@id\":\"https:\\\/\\\/www.latribunedufaso.net\\\/?p=17552#primaryimage\"},\"thumbnailUrl\":\"https:\\\/\\\/www.latribunedufaso.net\\\/wp-content\\\/uploads\\\/2024\\\/12\\\/IMG_20241214_092944_862-scaled.jpg\",\"datePublished\":\"2024-12-15T12:18:20+00:00\",\"dateModified\":\"2024-12-17T15:36:36+00:00\",\"breadcrumb\":{\"@id\":\"https:\\\/\\\/www.latribunedufaso.net\\\/?p=17552#breadcrumb\"},\"inLanguage\":\"fr-FR\",\"potentialAction\":[{\"@type\":\"ReadAction\",\"target\":[\"https:\\\/\\\/www.latribunedufaso.net\\\/?p=17552\"]}]},{\"@type\":\"ImageObject\",\"inLanguage\":\"fr-FR\",\"@id\":\"https:\\\/\\\/www.latribunedufaso.net\\\/?p=17552#primaryimage\",\"url\":\"https:\\\/\\\/www.latribunedufaso.net\\\/wp-content\\\/uploads\\\/2024\\\/12\\\/IMG_20241214_092944_862-scaled.jpg\",\"contentUrl\":\"https:\\\/\\\/www.latribunedufaso.net\\\/wp-content\\\/uploads\\\/2024\\\/12\\\/IMG_20241214_092944_862-scaled.jpg\",\"width\":2560,\"height\":1920,\"caption\":\"L\u2019association Women environmental programme Burkina (WEP Burkina) a organis\u00e9 un atelier de renforcement de capacit\u00e9s au profit des journalistes sur les questions de changements climatiques et de justice climatique, 14 d\u00e9cembre 2024 \u00e0 Ouagadougou\"},{\"@type\":\"BreadcrumbList\",\"@id\":\"https:\\\/\\\/www.latribunedufaso.net\\\/?p=17552#breadcrumb\",\"itemListElement\":[{\"@type\":\"ListItem\",\"position\":1,\"name\":\"Accueil\",\"item\":\"https:\\\/\\\/www.latribunedufaso.net\\\/\"},{\"@type\":\"ListItem\",\"position\":2,\"name\":\"Justice climatique : WEP Burkina renforce les capacit\u00e9s d&rsquo;une vingtaine de journalistes sur la question\u00a0\"}]},{\"@type\":\"WebSite\",\"@id\":\"https:\\\/\\\/www.latribunedufaso.net\\\/#website\",\"url\":\"https:\\\/\\\/www.latribunedufaso.net\\\/\",\"name\":\"La Tribune du Faso\",\"description\":\"L&#039;information du monde rural en un clic\",\"publisher\":{\"@id\":\"https:\\\/\\\/www.latribunedufaso.net\\\/#organization\"},\"potentialAction\":[{\"@type\":\"SearchAction\",\"target\":{\"@type\":\"EntryPoint\",\"urlTemplate\":\"https:\\\/\\\/www.latribunedufaso.net\\\/?s={search_term_string}\"},\"query-input\":{\"@type\":\"PropertyValueSpecification\",\"valueRequired\":true,\"valueName\":\"search_term_string\"}}],\"inLanguage\":\"fr-FR\"},{\"@type\":\"Organization\",\"@id\":\"https:\\\/\\\/www.latribunedufaso.net\\\/#organization\",\"name\":\"La Tribune du Faso\",\"url\":\"https:\\\/\\\/www.latribunedufaso.net\\\/\",\"logo\":{\"@type\":\"ImageObject\",\"inLanguage\":\"fr-FR\",\"@id\":\"https:\\\/\\\/www.latribunedufaso.net\\\/#\\\/schema\\\/logo\\\/image\\\/\",\"url\":\"https:\\\/\\\/www.latribunedufaso.net\\\/wp-content\\\/uploads\\\/2020\\\/08\\\/Logo-Tribune-du-Faso-final-scaled.jpg\",\"contentUrl\":\"https:\\\/\\\/www.latribunedufaso.net\\\/wp-content\\\/uploads\\\/2020\\\/08\\\/Logo-Tribune-du-Faso-final-scaled.jpg\",\"width\":2560,\"height\":1856,\"caption\":\"La Tribune du Faso\"},\"image\":{\"@id\":\"https:\\\/\\\/www.latribunedufaso.net\\\/#\\\/schema\\\/logo\\\/image\\\/\"},\"sameAs\":[\"https:\\\/\\\/www.facebook.com\\\/LatribuneduFaso\\\/\"]},{\"@type\":\"Person\",\"@id\":\"https:\\\/\\\/www.latribunedufaso.net\\\/#\\\/schema\\\/person\\\/e54e64c5778a7e72cf80a318b7a622b0\",\"name\":\"Issouf Tapsoba\",\"image\":{\"@type\":\"ImageObject\",\"inLanguage\":\"fr-FR\",\"@id\":\"https:\\\/\\\/secure.gravatar.com\\\/avatar\\\/5e6c05150ce3230247d167f5b94d678eb05936197436d69b7921e3a95c9107ac?s=96&d=mm&r=g\",\"url\":\"https:\\\/\\\/secure.gravatar.com\\\/avatar\\\/5e6c05150ce3230247d167f5b94d678eb05936197436d69b7921e3a95c9107ac?s=96&d=mm&r=g\",\"contentUrl\":\"https:\\\/\\\/secure.gravatar.com\\\/avatar\\\/5e6c05150ce3230247d167f5b94d678eb05936197436d69b7921e3a95c9107ac?s=96&d=mm&r=g\",\"caption\":\"Issouf Tapsoba\"},\"url\":\"https:\\\/\\\/www.latribunedufaso.net\\\/?author=5\"}]}<\/script>\n<!-- \/ Yoast SEO plugin. -->","yoast_head_json":{"title":"Justice climatique : WEP Burkina renforce les capacit\u00e9s d'une vingtaine de journalistes sur la question\u00a0 - La Tribune du Faso","robots":{"index":"index","follow":"follow","max-snippet":"max-snippet:-1","max-image-preview":"max-image-preview:large","max-video-preview":"max-video-preview:-1"},"canonical":"https:\/\/www.latribunedufaso.net\/?p=17552","og_locale":"fr_FR","og_type":"article","og_title":"Justice climatique : WEP Burkina renforce les capacit\u00e9s d'une vingtaine de journalistes sur la question\u00a0 - La Tribune du Faso","og_description":"L\u2019association Women environmental programme Burkina (WEP Burkina) a organis\u00e9, le 14 d\u00e9cembre 2024 \u00e0 Ouagadougou, un atelier de renforcement de capacit\u00e9s au profit des journalistes sur les questions de changements climatiques et de justice climatique.","og_url":"https:\/\/www.latribunedufaso.net\/?p=17552","og_site_name":"La Tribune du Faso","article_publisher":"https:\/\/www.facebook.com\/LatribuneduFaso\/","article_published_time":"2024-12-15T12:18:20+00:00","article_modified_time":"2024-12-17T15:36:36+00:00","og_image":[{"width":2560,"height":1920,"url":"https:\/\/www.latribunedufaso.net\/wp-content\/uploads\/2024\/12\/IMG_20241214_092944_862-scaled.jpg","type":"image\/jpeg"}],"author":"Issouf Tapsoba","twitter_misc":{"\u00c9crit par":"Issouf Tapsoba","Dur\u00e9e de lecture estim\u00e9e":"3 minutes"},"schema":{"@context":"https:\/\/schema.org","@graph":[{"@type":"Article","@id":"https:\/\/www.latribunedufaso.net\/?p=17552#article","isPartOf":{"@id":"https:\/\/www.latribunedufaso.net\/?p=17552"},"author":{"name":"Issouf Tapsoba","@id":"https:\/\/www.latribunedufaso.net\/#\/schema\/person\/e54e64c5778a7e72cf80a318b7a622b0"},"headline":"Justice climatique : WEP Burkina renforce les capacit\u00e9s d&rsquo;une vingtaine de journalistes sur la question\u00a0","datePublished":"2024-12-15T12:18:20+00:00","dateModified":"2024-12-17T15:36:36+00:00","mainEntityOfPage":{"@id":"https:\/\/www.latribunedufaso.net\/?p=17552"},"wordCount":650,"commentCount":0,"publisher":{"@id":"https:\/\/www.latribunedufaso.net\/#organization"},"image":{"@id":"https:\/\/www.latribunedufaso.net\/?p=17552#primaryimage"},"thumbnailUrl":"https:\/\/www.latribunedufaso.net\/wp-content\/uploads\/2024\/12\/IMG_20241214_092944_862-scaled.jpg","keywords":["changement climatique","justice climatique","latribunedufaso.net","WEP Burkina"],"articleSection":["A la une","Actualit\u00e9","Environnement"],"inLanguage":"fr-FR","potentialAction":[{"@type":"CommentAction","name":"Comment","target":["https:\/\/www.latribunedufaso.net\/?p=17552#respond"]}]},{"@type":"WebPage","@id":"https:\/\/www.latribunedufaso.net\/?p=17552","url":"https:\/\/www.latribunedufaso.net\/?p=17552","name":"Justice climatique : WEP Burkina renforce les capacit\u00e9s d'une vingtaine de journalistes sur la question\u00a0 - La Tribune du Faso","isPartOf":{"@id":"https:\/\/www.latribunedufaso.net\/#website"},"primaryImageOfPage":{"@id":"https:\/\/www.latribunedufaso.net\/?p=17552#primaryimage"},"image":{"@id":"https:\/\/www.latribunedufaso.net\/?p=17552#primaryimage"},"thumbnailUrl":"https:\/\/www.latribunedufaso.net\/wp-content\/uploads\/2024\/12\/IMG_20241214_092944_862-scaled.jpg","datePublished":"2024-12-15T12:18:20+00:00","dateModified":"2024-12-17T15:36:36+00:00","breadcrumb":{"@id":"https:\/\/www.latribunedufaso.net\/?p=17552#breadcrumb"},"inLanguage":"fr-FR","potentialAction":[{"@type":"ReadAction","target":["https:\/\/www.latribunedufaso.net\/?p=17552"]}]},{"@type":"ImageObject","inLanguage":"fr-FR","@id":"https:\/\/www.latribunedufaso.net\/?p=17552#primaryimage","url":"https:\/\/www.latribunedufaso.net\/wp-content\/uploads\/2024\/12\/IMG_20241214_092944_862-scaled.jpg","contentUrl":"https:\/\/www.latribunedufaso.net\/wp-content\/uploads\/2024\/12\/IMG_20241214_092944_862-scaled.jpg","width":2560,"height":1920,"caption":"L\u2019association Women environmental programme Burkina (WEP Burkina) a organis\u00e9 un atelier de renforcement de capacit\u00e9s au profit des journalistes sur les questions de changements climatiques et de justice climatique, 14 d\u00e9cembre 2024 \u00e0 Ouagadougou"},{"@type":"BreadcrumbList","@id":"https:\/\/www.latribunedufaso.net\/?p=17552#breadcrumb","itemListElement":[{"@type":"ListItem","position":1,"name":"Accueil","item":"https:\/\/www.latribunedufaso.net\/"},{"@type":"ListItem","position":2,"name":"Justice climatique : WEP Burkina renforce les capacit\u00e9s d&rsquo;une vingtaine de journalistes sur la question\u00a0"}]},{"@type":"WebSite","@id":"https:\/\/www.latribunedufaso.net\/#website","url":"https:\/\/www.latribunedufaso.net\/","name":"La Tribune du Faso","description":"L&#039;information du monde rural en un clic","publisher":{"@id":"https:\/\/www.latribunedufaso.net\/#organization"},"potentialAction":[{"@type":"SearchAction","target":{"@type":"EntryPoint","urlTemplate":"https:\/\/www.latribunedufaso.net\/?s={search_term_string}"},"query-input":{"@type":"PropertyValueSpecification","valueRequired":true,"valueName":"search_term_string"}}],"inLanguage":"fr-FR"},{"@type":"Organization","@id":"https:\/\/www.latribunedufaso.net\/#organization","name":"La Tribune du Faso","url":"https:\/\/www.latribunedufaso.net\/","logo":{"@type":"ImageObject","inLanguage":"fr-FR","@id":"https:\/\/www.latribunedufaso.net\/#\/schema\/logo\/image\/","url":"https:\/\/www.latribunedufaso.net\/wp-content\/uploads\/2020\/08\/Logo-Tribune-du-Faso-final-scaled.jpg","contentUrl":"https:\/\/www.latribunedufaso.net\/wp-content\/uploads\/2020\/08\/Logo-Tribune-du-Faso-final-scaled.jpg","width":2560,"height":1856,"caption":"La Tribune du Faso"},"image":{"@id":"https:\/\/www.latribunedufaso.net\/#\/schema\/logo\/image\/"},"sameAs":["https:\/\/www.facebook.com\/LatribuneduFaso\/"]},{"@type":"Person","@id":"https:\/\/www.latribunedufaso.net\/#\/schema\/person\/e54e64c5778a7e72cf80a318b7a622b0","name":"Issouf Tapsoba","image":{"@type":"ImageObject","inLanguage":"fr-FR","@id":"https:\/\/secure.gravatar.com\/avatar\/5e6c05150ce3230247d167f5b94d678eb05936197436d69b7921e3a95c9107ac?s=96&d=mm&r=g","url":"https:\/\/secure.gravatar.com\/avatar\/5e6c05150ce3230247d167f5b94d678eb05936197436d69b7921e3a95c9107ac?s=96&d=mm&r=g","contentUrl":"https:\/\/secure.gravatar.com\/avatar\/5e6c05150ce3230247d167f5b94d678eb05936197436d69b7921e3a95c9107ac?s=96&d=mm&r=g","caption":"Issouf Tapsoba"},"url":"https:\/\/www.latribunedufaso.net\/?author=5"}]}},"_links":{"self":[{"href":"https:\/\/www.latribunedufaso.net\/index.php?rest_route=\/wp\/v2\/posts\/17552","targetHints":{"allow":["GET"]}}],"collection":[{"href":"https:\/\/www.latribunedufaso.net\/index.php?rest_route=\/wp\/v2\/posts"}],"about":[{"href":"https:\/\/www.latribunedufaso.net\/index.php?rest_route=\/wp\/v2\/types\/post"}],"author":[{"embeddable":true,"href":"https:\/\/www.latribunedufaso.net\/index.php?rest_route=\/wp\/v2\/users\/5"}],"replies":[{"embeddable":true,"href":"https:\/\/www.latribunedufaso.net\/index.php?rest_route=%2Fwp%2Fv2%2Fcomments&post=17552"}],"version-history":[{"count":4,"href":"https:\/\/www.latribunedufaso.net\/index.php?rest_route=\/wp\/v2\/posts\/17552\/revisions"}],"predecessor-version":[{"id":17617,"href":"https:\/\/www.latribunedufaso.net\/index.php?rest_route=\/wp\/v2\/posts\/17552\/revisions\/17617"}],"wp:featuredmedia":[{"embeddable":true,"href":"https:\/\/www.latribunedufaso.net\/index.php?rest_route=\/wp\/v2\/media\/17556"}],"wp:attachment":[{"href":"https:\/\/www.latribunedufaso.net\/index.php?rest_route=%2Fwp%2Fv2%2Fmedia&parent=17552"}],"wp:term":[{"taxonomy":"category","embeddable":true,"href":"https:\/\/www.latribunedufaso.net\/index.php?rest_route=%2Fwp%2Fv2%2Fcategories&post=17552"},{"taxonomy":"post_tag","embeddable":true,"href":"https:\/\/www.latribunedufaso.net\/index.php?rest_route=%2Fwp%2Fv2%2Ftags&post=17552"}],"curies":[{"name":"wp","href":"https:\/\/api.w.org\/{rel}","templated":true}]}}