{"id":17534,"date":"2024-12-14T19:11:21","date_gmt":"2024-12-14T19:11:21","guid":{"rendered":"https:\/\/www.latribunedufaso.net\/?p=17534"},"modified":"2024-12-14T19:11:21","modified_gmt":"2024-12-14T19:11:21","slug":"iamgold-essakane-sa-la-mine-offre-2000-kits-alimentaires-a-des-menages-vulnerables-du-burkina","status":"publish","type":"post","link":"https:\/\/www.latribunedufaso.net\/?p=17534","title":{"rendered":"IAMGOLD Essakane SA : La mine offre 2000 kits alimentaires \u00e0 des m\u00e9nages vuln\u00e9rables du Burkina"},"content":{"rendered":"<p><strong style=\"font-size: 1.0625rem;\">La soci\u00e9t\u00e9 mini\u00e8re IAMGOLD ESSAKANE SA a organis\u00e9 ce samedi, 14 d\u00e9cembre 2024 au gouvernorat de Dori, une op\u00e9ration de don de 2000 kits alimentaires au profit des m\u00e9nages vuln\u00e9rables. La c\u00e9r\u00e9monie de remise du don \u00e9tait pr\u00e9sid\u00e9e par le Gouverneur de la R\u00e9gion du Sahel, le Lieutenant-colonel Rodolphe Fabien SORGHO. Une d\u00e9l\u00e9gation du service des relations communautaires de la mine Essakane, conduite par Franck NAPON, directeur sant\u00e9 s\u00e9curit\u00e9 &amp; d\u00e9veloppement durable, \u00e9tait mobilis\u00e9e sur le terrain.<\/strong><\/p>\n<p><!--more--><\/p>\n<p><span style=\"font-size: 1.0625rem;\">L\u2019op\u00e9ration de don concerne particuli\u00e8rement les m\u00e9nages des Personnes d\u00e9plac\u00e9es internes (PDI). Les kits alimentaires remis \u00e0 Dori sont compos\u00e9s de 2000 sacs de riz et 2000 bidons d\u2019huile. Le co\u00fbt total du don est d\u2019environ 70 millions de francs CFA et les vivres seront distribu\u00e9s dans plusieurs localit\u00e9s du pays. La r\u00e9partition de ce don est faite comme suit : 1000 kits au profit des villages environnants de la mine, 500 kits au profit des personnes vuln\u00e9rables de la commune de Dori et 500 autres pour le niveau national.\u00a0<\/span><\/p>\n<figure id=\"attachment_17538\" aria-describedby=\"caption-attachment-17538\" style=\"width: 1600px\" class=\"wp-caption aligncenter\"><a href=\"https:\/\/www.latribunedufaso.net\/wp-content\/uploads\/2024\/12\/IMG-20241214-WA0081.jpg\"><img loading=\"lazy\" decoding=\"async\" class=\"size-full wp-image-17538\" src=\"https:\/\/www.latribunedufaso.net\/wp-content\/uploads\/2024\/12\/IMG-20241214-WA0081.jpg\" alt=\"La soci\u00e9t\u00e9 mini\u00e8re IAMGOLD ESSAKANE SA a organis\u00e9 une op\u00e9ration de don de 2000 kits alimentaires au profit des m\u00e9nages vuln\u00e9rables, 14 d\u00e9cembre 2024 \u00e0 Dori\" width=\"1600\" height=\"900\" srcset=\"https:\/\/www.latribunedufaso.net\/wp-content\/uploads\/2024\/12\/IMG-20241214-WA0081.jpg 1600w, https:\/\/www.latribunedufaso.net\/wp-content\/uploads\/2024\/12\/IMG-20241214-WA0081-300x169.jpg 300w, https:\/\/www.latribunedufaso.net\/wp-content\/uploads\/2024\/12\/IMG-20241214-WA0081-1024x576.jpg 1024w, https:\/\/www.latribunedufaso.net\/wp-content\/uploads\/2024\/12\/IMG-20241214-WA0081-768x432.jpg 768w, https:\/\/www.latribunedufaso.net\/wp-content\/uploads\/2024\/12\/IMG-20241214-WA0081-1536x864.jpg 1536w\" sizes=\"auto, (max-width: 1600px) 100vw, 1600px\" \/><\/a><figcaption id=\"caption-attachment-17538\" class=\"wp-caption-text\">Remise symbolique du don par le repr\u00e9sentant du DG de Essakane, Franck Napon (\u00e0 gauche) au gouverneur de la r\u00e9gion du Sahel, le Lieutenant-colonel Rodolphe Fabien SORGHO (\u00e0 droite) &#8211; Ph. DR<\/figcaption><\/figure>\n<p>Le don des kits a \u00e9t\u00e9 salu\u00e9 par les autorit\u00e9s locales. L\u2019initiative de la mine Essakane est qualifi\u00e9e par le pr\u00e9fet, Pr\u00e9sident de la d\u00e9l\u00e9gation sp\u00e9ciale (PDS) de Dori de geste salvateur. <em><strong>\u00ab La d\u00e9l\u00e9gation sp\u00e9ciale de Dori par ma voix, tient \u00e0 t\u00e9moigner \u00e0 cette mine citoyenne, \u00e0 l\u2019\u00e9coute des enfants, des jeunes, des femmes, des personnes \u00e2g\u00e9es, des leaders coutumiers, religieux toute sa gratitude \u00bb,<\/strong><\/em> a mentionn\u00e9 Abdrahaman\u00e9 MANDE.<\/p>\n<blockquote>\n<p>Lire aussi &gt;&gt; <a href=\"https:\/\/www.latribunedufaso.net\/?p=17305\">Journ\u00e9es de sant\u00e9, s\u00e9curit\u00e9, environnement (JSSE) : La mine Essakane c\u00e9l\u00e8bre sur fond \u00ab d\u2019inspiration par l\u2019exemple<\/a><\/p>\n<\/blockquote>\n<p>Le Gouverneur du Sahel a remerci\u00e9 Essakane pour son soutien constant depuis plus d\u2019une dizaine d\u2019ann\u00e9es. <em><strong>\u00ab Par ce geste, vous faites d\u2019une pierre plusieurs coups et vous faites \u0153uvre utile car il vient apporter de la joie de vivre aux b\u00e9n\u00e9ficiaires \u00e0 l\u2019or\u00e9e des festivit\u00e9s du nouvel an. Cela leur permettra de c\u00e9l\u00e9brer comme les autres avec plus de dignit\u00e9 \u00bb,<\/strong><\/em> a poursuivi le Lieutenant-colonel Rodolphe Fabien SORGHO.<\/p>\n<h2 style=\"text-align: left;\"><span style=\"font-size: 1.0625rem;\">T\u00e9moigner sa solidarit\u00e9 aux m\u00e9nages vuln\u00e9rables<\/span><\/h2>\n<p>Franck NAPON, repr\u00e9sentant du vice-pr\u00e9sident et Directeur g\u00e9n\u00e9ral de IAMGOLD ESSAKANE SA, Tidiane BARRY, a soulign\u00e9 que l\u2019approche de la mine <em><strong>\u00ab repose sur un mod\u00e8le d\u2019exploitation mini\u00e8re responsable \u00e0 travers le partage des ressources g\u00e9n\u00e9r\u00e9es par son exploitation mini\u00e8re \u00bb<\/strong><\/em>.<\/p>\n<figure id=\"attachment_17536\" aria-describedby=\"caption-attachment-17536\" style=\"width: 1600px\" class=\"wp-caption aligncenter\"><a href=\"https:\/\/www.latribunedufaso.net\/wp-content\/uploads\/2024\/12\/IMG-20241214-WA0083.jpg\"><img loading=\"lazy\" decoding=\"async\" class=\"size-full wp-image-17536\" src=\"https:\/\/www.latribunedufaso.net\/wp-content\/uploads\/2024\/12\/IMG-20241214-WA0083.jpg\" alt=\"La soci\u00e9t\u00e9 mini\u00e8re IAMGOLD ESSAKANE SA a organis\u00e9 une op\u00e9ration de don de 2000 kits alimentaires au profit des m\u00e9nages vuln\u00e9rables, 14 d\u00e9cembre 2024 \u00e0 Dori\" width=\"1600\" height=\"900\" srcset=\"https:\/\/www.latribunedufaso.net\/wp-content\/uploads\/2024\/12\/IMG-20241214-WA0083.jpg 1600w, https:\/\/www.latribunedufaso.net\/wp-content\/uploads\/2024\/12\/IMG-20241214-WA0083-300x169.jpg 300w, https:\/\/www.latribunedufaso.net\/wp-content\/uploads\/2024\/12\/IMG-20241214-WA0083-1024x576.jpg 1024w, https:\/\/www.latribunedufaso.net\/wp-content\/uploads\/2024\/12\/IMG-20241214-WA0083-768x432.jpg 768w, https:\/\/www.latribunedufaso.net\/wp-content\/uploads\/2024\/12\/IMG-20241214-WA0083-1536x864.jpg 1536w\" sizes=\"auto, (max-width: 1600px) 100vw, 1600px\" \/><\/a><figcaption id=\"caption-attachment-17536\" class=\"wp-caption-text\">Le directeur sant\u00e9 s\u00e9curit\u00e9 &amp; d\u00e9veloppement durable de Essakane, Franck NAPON, repr\u00e9sentant le Directeur g\u00e9n\u00e9ral \u00e0 la c\u00e9r\u00e9monie &#8211; Ph. DR<\/figcaption><\/figure>\n<p><em><strong>\u00ab Par cette donation, IAMGOLD Essakane SA esp\u00e8re apaiser un tant soit peu la souffrance de ses communaut\u00e9s h\u00f4tes et des personnes vuln\u00e9rables du pays dans le contexte national marqu\u00e9 par les d\u00e9fi s\u00e9curitaire et humanitaire \u00bb,<\/strong><\/em> a d\u00e9clar\u00e9 le Directeur en charge du d\u00e9veloppement durable de la mine Essakane.\u00a0<\/p>\n<p>Le repr\u00e9sentant des b\u00e9n\u00e9ficiaires Saidou CISSE a traduit sa reconnaissance au donateur Essakane en ces termes : <em><strong>\u00ab Notre joie est immense, nos familles recevront des vivres en cette fin d\u2019ann\u00e9e. Nous sommes des n\u00e9cessiteux et je remercie la mine pour leur geste \u00e0 notre endroit. Nous traversons des moments difficiles et ce Don va beaucoup nous aider \u00bb.<\/strong><\/em><\/p>\n<figure id=\"attachment_17535\" aria-describedby=\"caption-attachment-17535\" style=\"width: 1600px\" class=\"wp-caption aligncenter\"><a href=\"https:\/\/www.latribunedufaso.net\/wp-content\/uploads\/2024\/12\/IMG-20241214-WA0084.jpg\"><img loading=\"lazy\" decoding=\"async\" class=\"size-full wp-image-17535\" src=\"https:\/\/www.latribunedufaso.net\/wp-content\/uploads\/2024\/12\/IMG-20241214-WA0084.jpg\" alt=\"La soci\u00e9t\u00e9 mini\u00e8re IAMGOLD ESSAKANE SA a organis\u00e9 une op\u00e9ration de don de 2000 kits alimentaires au profit des m\u00e9nages vuln\u00e9rables, 14 d\u00e9cembre 2024 \u00e0 Dori\" width=\"1600\" height=\"900\" srcset=\"https:\/\/www.latribunedufaso.net\/wp-content\/uploads\/2024\/12\/IMG-20241214-WA0084.jpg 1600w, https:\/\/www.latribunedufaso.net\/wp-content\/uploads\/2024\/12\/IMG-20241214-WA0084-300x169.jpg 300w, https:\/\/www.latribunedufaso.net\/wp-content\/uploads\/2024\/12\/IMG-20241214-WA0084-1024x576.jpg 1024w, https:\/\/www.latribunedufaso.net\/wp-content\/uploads\/2024\/12\/IMG-20241214-WA0084-768x432.jpg 768w, https:\/\/www.latribunedufaso.net\/wp-content\/uploads\/2024\/12\/IMG-20241214-WA0084-1536x864.jpg 1536w\" sizes=\"auto, (max-width: 1600px) 100vw, 1600px\" \/><\/a><figcaption id=\"caption-attachment-17535\" class=\"wp-caption-text\">Un \u00e9chantillon du don offert aux personnes vuln\u00e9rables &#8211; Ph. DR<\/figcaption><\/figure>\n<p>Mariam Dicko, une b\u00e9n\u00e9ficiaire, m\u00e8re de famille de cinq enfants a affirm\u00e9 que : <em><strong>\u00ab La vie est si dure, nos besoins sont urgents, vous ne pouvez pas imaginer le sourire que vous nous donnez. Chaque kit est un bonheur car il change notre quotidien \u00bb.<\/strong><\/em><\/p>\n<figure id=\"attachment_17537\" aria-describedby=\"caption-attachment-17537\" style=\"width: 1600px\" class=\"wp-caption aligncenter\"><a href=\"https:\/\/www.latribunedufaso.net\/wp-content\/uploads\/2024\/12\/IMG-20241214-WA0082.jpg\"><img loading=\"lazy\" decoding=\"async\" class=\"size-full wp-image-17537\" src=\"https:\/\/www.latribunedufaso.net\/wp-content\/uploads\/2024\/12\/IMG-20241214-WA0082.jpg\" alt=\"La soci\u00e9t\u00e9 mini\u00e8re IAMGOLD ESSAKANE SA a organis\u00e9 une op\u00e9ration de don de 2000 kits alimentaires au profit des m\u00e9nages vuln\u00e9rables, 14 d\u00e9cembre 2024 \u00e0 Dori\" width=\"1600\" height=\"900\" srcset=\"https:\/\/www.latribunedufaso.net\/wp-content\/uploads\/2024\/12\/IMG-20241214-WA0082.jpg 1600w, https:\/\/www.latribunedufaso.net\/wp-content\/uploads\/2024\/12\/IMG-20241214-WA0082-300x169.jpg 300w, https:\/\/www.latribunedufaso.net\/wp-content\/uploads\/2024\/12\/IMG-20241214-WA0082-1024x576.jpg 1024w, https:\/\/www.latribunedufaso.net\/wp-content\/uploads\/2024\/12\/IMG-20241214-WA0082-768x432.jpg 768w, https:\/\/www.latribunedufaso.net\/wp-content\/uploads\/2024\/12\/IMG-20241214-WA0082-1536x864.jpg 1536w\" sizes=\"auto, (max-width: 1600px) 100vw, 1600px\" \/><\/a><figcaption id=\"caption-attachment-17537\" class=\"wp-caption-text\">Photo de famille des participants \u00e0 la c\u00e9r\u00e9monie de remise avec le gouverneur de la r\u00e9gion du Sahel &#8211; Ph. DR<\/figcaption><\/figure>\n<p>Dans le cadre de sa politique de d\u00e9veloppement des actions et programmes \u00e0 impacts positifs et durables, IAMGOLD Essakane SA accompagne le gouvernement burkinab\u00e8 dans sa strat\u00e9gie de d\u00e9veloppement. Sur le volet social, la mine Essakane contribue \u00e0 la lutte contre l\u2019ins\u00e9curit\u00e9 alimentaire par l\u2019approvisionnement de nourriture pour les plus d<span style=\"font-size: 1.0625rem;\">\u00e9munis.\u00a0<\/span><\/p>\n<p><strong>Correspondance particuli\u00e8re\u00a0<\/strong><\/p>\n<p><strong>Latribunedufaso.net<\/strong><\/p>\n","protected":false},"excerpt":{"rendered":"<p>La soci\u00e9t\u00e9 mini\u00e8re IAMGOLD ESSAKANE SA a organis\u00e9 ce samedi, 14 d\u00e9cembre 2024 au gouvernorat de Dori, une op\u00e9ration de don de 2000 kits alimentaires au profit des m\u00e9nages vuln\u00e9rables. La c\u00e9r\u00e9monie de remise du don \u00e9tait pr\u00e9sid\u00e9e par le Gouverneur de la R\u00e9gion du Sahel, le Lieutenant-colonel Rodolphe Fabien SORGHO. Une d\u00e9l\u00e9gation du service des relations communautaires de la mine Essakane, conduite par Franck NAPON, directeur sant\u00e9 s\u00e9curit\u00e9 &amp; d\u00e9veloppement durable, \u00e9tait mobilis\u00e9e sur le terrain.<\/p>\n","protected":false},"author":5,"featured_media":17538,"comment_status":"open","ping_status":"open","sticky":false,"template":"","format":"standard","meta":{"footnotes":""},"categories":[13,1,19],"tags":[546,166,39,52],"class_list":["post-17534","post","type-post","status-publish","format-standard","has-post-thumbnail","hentry","category-une","category-actu","category-mines-et-carrieres","tag-don-de-kit-aux-personnes-vulnerables","tag-essakane-sa","tag-latribunedufaso-net","tag-mines-et-carrieres"],"yoast_head":"<!-- This site is optimized with the Yoast SEO plugin v27.5 - https:\/\/yoast.com\/product\/yoast-seo-wordpress\/ -->\n<title>IAMGOLD Essakane SA : La mine offre 2000 kits alimentaires \u00e0 des m\u00e9nages vuln\u00e9rables du Burkina - La Tribune du Faso<\/title>\n<meta name=\"robots\" content=\"index, follow, max-snippet:-1, max-image-preview:large, max-video-preview:-1\" \/>\n<link rel=\"canonical\" href=\"https:\/\/www.latribunedufaso.net\/?p=17534\" \/>\n<meta property=\"og:locale\" content=\"fr_FR\" \/>\n<meta property=\"og:type\" content=\"article\" \/>\n<meta property=\"og:title\" content=\"IAMGOLD Essakane SA : La mine offre 2000 kits alimentaires \u00e0 des m\u00e9nages vuln\u00e9rables du Burkina - La Tribune du Faso\" \/>\n<meta property=\"og:description\" content=\"La soci\u00e9t\u00e9 mini\u00e8re IAMGOLD ESSAKANE SA a organis\u00e9 ce samedi, 14 d\u00e9cembre 2024 au gouvernorat de Dori, une op\u00e9ration de don de 2000 kits alimentaires au profit des m\u00e9nages vuln\u00e9rables. La c\u00e9r\u00e9monie de remise du don \u00e9tait pr\u00e9sid\u00e9e par le Gouverneur de la R\u00e9gion du Sahel, le Lieutenant-colonel Rodolphe Fabien SORGHO. Une d\u00e9l\u00e9gation du service des relations communautaires de la mine Essakane, conduite par Franck NAPON, directeur sant\u00e9 s\u00e9curit\u00e9 &amp; d\u00e9veloppement durable, \u00e9tait mobilis\u00e9e sur le terrain.\" \/>\n<meta property=\"og:url\" content=\"https:\/\/www.latribunedufaso.net\/?p=17534\" \/>\n<meta property=\"og:site_name\" content=\"La Tribune du Faso\" \/>\n<meta property=\"article:publisher\" content=\"https:\/\/www.facebook.com\/LatribuneduFaso\/\" \/>\n<meta property=\"article:published_time\" content=\"2024-12-14T19:11:21+00:00\" \/>\n<meta property=\"og:image\" content=\"https:\/\/www.latribunedufaso.net\/wp-content\/uploads\/2024\/12\/IMG-20241214-WA0081.jpg\" \/>\n\t<meta property=\"og:image:width\" content=\"1600\" \/>\n\t<meta property=\"og:image:height\" content=\"900\" \/>\n\t<meta property=\"og:image:type\" content=\"image\/jpeg\" \/>\n<meta name=\"author\" content=\"Issouf Tapsoba\" \/>\n<meta name=\"twitter:label1\" content=\"\u00c9crit par\" \/>\n\t<meta name=\"twitter:data1\" content=\"Issouf Tapsoba\" \/>\n\t<meta name=\"twitter:label2\" content=\"Dur\u00e9e de lecture estim\u00e9e\" \/>\n\t<meta name=\"twitter:data2\" content=\"4 minutes\" \/>\n<script type=\"application\/ld+json\" class=\"yoast-schema-graph\">{\"@context\":\"https:\\\/\\\/schema.org\",\"@graph\":[{\"@type\":\"Article\",\"@id\":\"https:\\\/\\\/www.latribunedufaso.net\\\/?p=17534#article\",\"isPartOf\":{\"@id\":\"https:\\\/\\\/www.latribunedufaso.net\\\/?p=17534\"},\"author\":{\"name\":\"Issouf Tapsoba\",\"@id\":\"https:\\\/\\\/www.latribunedufaso.net\\\/#\\\/schema\\\/person\\\/e54e64c5778a7e72cf80a318b7a622b0\"},\"headline\":\"IAMGOLD Essakane SA : La mine offre 2000 kits alimentaires \u00e0 des m\u00e9nages vuln\u00e9rables du Burkina\",\"datePublished\":\"2024-12-14T19:11:21+00:00\",\"mainEntityOfPage\":{\"@id\":\"https:\\\/\\\/www.latribunedufaso.net\\\/?p=17534\"},\"wordCount\":788,\"commentCount\":0,\"publisher\":{\"@id\":\"https:\\\/\\\/www.latribunedufaso.net\\\/#organization\"},\"image\":{\"@id\":\"https:\\\/\\\/www.latribunedufaso.net\\\/?p=17534#primaryimage\"},\"thumbnailUrl\":\"https:\\\/\\\/www.latribunedufaso.net\\\/wp-content\\\/uploads\\\/2024\\\/12\\\/IMG-20241214-WA0081.jpg\",\"keywords\":[\"Don de kit aux personnes vuln\u00e9rables\",\"Essakane SA\",\"latribunedufaso.net\",\"mines et carri\u00e8res\"],\"articleSection\":[\"A la une\",\"Actualit\u00e9\",\"Mines et Carri\u00e8res\"],\"inLanguage\":\"fr-FR\",\"potentialAction\":[{\"@type\":\"CommentAction\",\"name\":\"Comment\",\"target\":[\"https:\\\/\\\/www.latribunedufaso.net\\\/?p=17534#respond\"]}]},{\"@type\":\"WebPage\",\"@id\":\"https:\\\/\\\/www.latribunedufaso.net\\\/?p=17534\",\"url\":\"https:\\\/\\\/www.latribunedufaso.net\\\/?p=17534\",\"name\":\"IAMGOLD Essakane SA : La mine offre 2000 kits alimentaires \u00e0 des m\u00e9nages vuln\u00e9rables du Burkina - La Tribune du Faso\",\"isPartOf\":{\"@id\":\"https:\\\/\\\/www.latribunedufaso.net\\\/#website\"},\"primaryImageOfPage\":{\"@id\":\"https:\\\/\\\/www.latribunedufaso.net\\\/?p=17534#primaryimage\"},\"image\":{\"@id\":\"https:\\\/\\\/www.latribunedufaso.net\\\/?p=17534#primaryimage\"},\"thumbnailUrl\":\"https:\\\/\\\/www.latribunedufaso.net\\\/wp-content\\\/uploads\\\/2024\\\/12\\\/IMG-20241214-WA0081.jpg\",\"datePublished\":\"2024-12-14T19:11:21+00:00\",\"breadcrumb\":{\"@id\":\"https:\\\/\\\/www.latribunedufaso.net\\\/?p=17534#breadcrumb\"},\"inLanguage\":\"fr-FR\",\"potentialAction\":[{\"@type\":\"ReadAction\",\"target\":[\"https:\\\/\\\/www.latribunedufaso.net\\\/?p=17534\"]}]},{\"@type\":\"ImageObject\",\"inLanguage\":\"fr-FR\",\"@id\":\"https:\\\/\\\/www.latribunedufaso.net\\\/?p=17534#primaryimage\",\"url\":\"https:\\\/\\\/www.latribunedufaso.net\\\/wp-content\\\/uploads\\\/2024\\\/12\\\/IMG-20241214-WA0081.jpg\",\"contentUrl\":\"https:\\\/\\\/www.latribunedufaso.net\\\/wp-content\\\/uploads\\\/2024\\\/12\\\/IMG-20241214-WA0081.jpg\",\"width\":1600,\"height\":900,\"caption\":\"Remise symbolique du don par le repr\u00e9sentant du DG de Essakane, Franck Napon (\u00e0 gauche) au gouverneur de la r\u00e9gion du Sahel, le Lieutenant-colonel Rodolphe Fabien SORGHO (\u00e0 droite) - Ph. DR\"},{\"@type\":\"BreadcrumbList\",\"@id\":\"https:\\\/\\\/www.latribunedufaso.net\\\/?p=17534#breadcrumb\",\"itemListElement\":[{\"@type\":\"ListItem\",\"position\":1,\"name\":\"Accueil\",\"item\":\"https:\\\/\\\/www.latribunedufaso.net\\\/\"},{\"@type\":\"ListItem\",\"position\":2,\"name\":\"IAMGOLD Essakane SA : La mine offre 2000 kits alimentaires \u00e0 des m\u00e9nages vuln\u00e9rables du Burkina\"}]},{\"@type\":\"WebSite\",\"@id\":\"https:\\\/\\\/www.latribunedufaso.net\\\/#website\",\"url\":\"https:\\\/\\\/www.latribunedufaso.net\\\/\",\"name\":\"La Tribune du Faso\",\"description\":\"L&#039;information du monde rural en un clic\",\"publisher\":{\"@id\":\"https:\\\/\\\/www.latribunedufaso.net\\\/#organization\"},\"potentialAction\":[{\"@type\":\"SearchAction\",\"target\":{\"@type\":\"EntryPoint\",\"urlTemplate\":\"https:\\\/\\\/www.latribunedufaso.net\\\/?s={search_term_string}\"},\"query-input\":{\"@type\":\"PropertyValueSpecification\",\"valueRequired\":true,\"valueName\":\"search_term_string\"}}],\"inLanguage\":\"fr-FR\"},{\"@type\":\"Organization\",\"@id\":\"https:\\\/\\\/www.latribunedufaso.net\\\/#organization\",\"name\":\"La Tribune du Faso\",\"url\":\"https:\\\/\\\/www.latribunedufaso.net\\\/\",\"logo\":{\"@type\":\"ImageObject\",\"inLanguage\":\"fr-FR\",\"@id\":\"https:\\\/\\\/www.latribunedufaso.net\\\/#\\\/schema\\\/logo\\\/image\\\/\",\"url\":\"https:\\\/\\\/www.latribunedufaso.net\\\/wp-content\\\/uploads\\\/2020\\\/08\\\/Logo-Tribune-du-Faso-final-scaled.jpg\",\"contentUrl\":\"https:\\\/\\\/www.latribunedufaso.net\\\/wp-content\\\/uploads\\\/2020\\\/08\\\/Logo-Tribune-du-Faso-final-scaled.jpg\",\"width\":2560,\"height\":1856,\"caption\":\"La Tribune du Faso\"},\"image\":{\"@id\":\"https:\\\/\\\/www.latribunedufaso.net\\\/#\\\/schema\\\/logo\\\/image\\\/\"},\"sameAs\":[\"https:\\\/\\\/www.facebook.com\\\/LatribuneduFaso\\\/\"]},{\"@type\":\"Person\",\"@id\":\"https:\\\/\\\/www.latribunedufaso.net\\\/#\\\/schema\\\/person\\\/e54e64c5778a7e72cf80a318b7a622b0\",\"name\":\"Issouf Tapsoba\",\"image\":{\"@type\":\"ImageObject\",\"inLanguage\":\"fr-FR\",\"@id\":\"https:\\\/\\\/secure.gravatar.com\\\/avatar\\\/5e6c05150ce3230247d167f5b94d678eb05936197436d69b7921e3a95c9107ac?s=96&d=mm&r=g\",\"url\":\"https:\\\/\\\/secure.gravatar.com\\\/avatar\\\/5e6c05150ce3230247d167f5b94d678eb05936197436d69b7921e3a95c9107ac?s=96&d=mm&r=g\",\"contentUrl\":\"https:\\\/\\\/secure.gravatar.com\\\/avatar\\\/5e6c05150ce3230247d167f5b94d678eb05936197436d69b7921e3a95c9107ac?s=96&d=mm&r=g\",\"caption\":\"Issouf Tapsoba\"},\"url\":\"https:\\\/\\\/www.latribunedufaso.net\\\/?author=5\"}]}<\/script>\n<!-- \/ Yoast SEO plugin. -->","yoast_head_json":{"title":"IAMGOLD Essakane SA : La mine offre 2000 kits alimentaires \u00e0 des m\u00e9nages vuln\u00e9rables du Burkina - La Tribune du Faso","robots":{"index":"index","follow":"follow","max-snippet":"max-snippet:-1","max-image-preview":"max-image-preview:large","max-video-preview":"max-video-preview:-1"},"canonical":"https:\/\/www.latribunedufaso.net\/?p=17534","og_locale":"fr_FR","og_type":"article","og_title":"IAMGOLD Essakane SA : La mine offre 2000 kits alimentaires \u00e0 des m\u00e9nages vuln\u00e9rables du Burkina - La Tribune du Faso","og_description":"La soci\u00e9t\u00e9 mini\u00e8re IAMGOLD ESSAKANE SA a organis\u00e9 ce samedi, 14 d\u00e9cembre 2024 au gouvernorat de Dori, une op\u00e9ration de don de 2000 kits alimentaires au profit des m\u00e9nages vuln\u00e9rables. La c\u00e9r\u00e9monie de remise du don \u00e9tait pr\u00e9sid\u00e9e par le Gouverneur de la R\u00e9gion du Sahel, le Lieutenant-colonel Rodolphe Fabien SORGHO. Une d\u00e9l\u00e9gation du service des relations communautaires de la mine Essakane, conduite par Franck NAPON, directeur sant\u00e9 s\u00e9curit\u00e9 &amp; d\u00e9veloppement durable, \u00e9tait mobilis\u00e9e sur le terrain.","og_url":"https:\/\/www.latribunedufaso.net\/?p=17534","og_site_name":"La Tribune du Faso","article_publisher":"https:\/\/www.facebook.com\/LatribuneduFaso\/","article_published_time":"2024-12-14T19:11:21+00:00","og_image":[{"width":1600,"height":900,"url":"https:\/\/www.latribunedufaso.net\/wp-content\/uploads\/2024\/12\/IMG-20241214-WA0081.jpg","type":"image\/jpeg"}],"author":"Issouf Tapsoba","twitter_misc":{"\u00c9crit par":"Issouf Tapsoba","Dur\u00e9e de lecture estim\u00e9e":"4 minutes"},"schema":{"@context":"https:\/\/schema.org","@graph":[{"@type":"Article","@id":"https:\/\/www.latribunedufaso.net\/?p=17534#article","isPartOf":{"@id":"https:\/\/www.latribunedufaso.net\/?p=17534"},"author":{"name":"Issouf Tapsoba","@id":"https:\/\/www.latribunedufaso.net\/#\/schema\/person\/e54e64c5778a7e72cf80a318b7a622b0"},"headline":"IAMGOLD Essakane SA : La mine offre 2000 kits alimentaires \u00e0 des m\u00e9nages vuln\u00e9rables du Burkina","datePublished":"2024-12-14T19:11:21+00:00","mainEntityOfPage":{"@id":"https:\/\/www.latribunedufaso.net\/?p=17534"},"wordCount":788,"commentCount":0,"publisher":{"@id":"https:\/\/www.latribunedufaso.net\/#organization"},"image":{"@id":"https:\/\/www.latribunedufaso.net\/?p=17534#primaryimage"},"thumbnailUrl":"https:\/\/www.latribunedufaso.net\/wp-content\/uploads\/2024\/12\/IMG-20241214-WA0081.jpg","keywords":["Don de kit aux personnes vuln\u00e9rables","Essakane SA","latribunedufaso.net","mines et carri\u00e8res"],"articleSection":["A la une","Actualit\u00e9","Mines et Carri\u00e8res"],"inLanguage":"fr-FR","potentialAction":[{"@type":"CommentAction","name":"Comment","target":["https:\/\/www.latribunedufaso.net\/?p=17534#respond"]}]},{"@type":"WebPage","@id":"https:\/\/www.latribunedufaso.net\/?p=17534","url":"https:\/\/www.latribunedufaso.net\/?p=17534","name":"IAMGOLD Essakane SA : La mine offre 2000 kits alimentaires \u00e0 des m\u00e9nages vuln\u00e9rables du Burkina - La Tribune du Faso","isPartOf":{"@id":"https:\/\/www.latribunedufaso.net\/#website"},"primaryImageOfPage":{"@id":"https:\/\/www.latribunedufaso.net\/?p=17534#primaryimage"},"image":{"@id":"https:\/\/www.latribunedufaso.net\/?p=17534#primaryimage"},"thumbnailUrl":"https:\/\/www.latribunedufaso.net\/wp-content\/uploads\/2024\/12\/IMG-20241214-WA0081.jpg","datePublished":"2024-12-14T19:11:21+00:00","breadcrumb":{"@id":"https:\/\/www.latribunedufaso.net\/?p=17534#breadcrumb"},"inLanguage":"fr-FR","potentialAction":[{"@type":"ReadAction","target":["https:\/\/www.latribunedufaso.net\/?p=17534"]}]},{"@type":"ImageObject","inLanguage":"fr-FR","@id":"https:\/\/www.latribunedufaso.net\/?p=17534#primaryimage","url":"https:\/\/www.latribunedufaso.net\/wp-content\/uploads\/2024\/12\/IMG-20241214-WA0081.jpg","contentUrl":"https:\/\/www.latribunedufaso.net\/wp-content\/uploads\/2024\/12\/IMG-20241214-WA0081.jpg","width":1600,"height":900,"caption":"Remise symbolique du don par le repr\u00e9sentant du DG de Essakane, Franck Napon (\u00e0 gauche) au gouverneur de la r\u00e9gion du Sahel, le Lieutenant-colonel Rodolphe Fabien SORGHO (\u00e0 droite) - Ph. DR"},{"@type":"BreadcrumbList","@id":"https:\/\/www.latribunedufaso.net\/?p=17534#breadcrumb","itemListElement":[{"@type":"ListItem","position":1,"name":"Accueil","item":"https:\/\/www.latribunedufaso.net\/"},{"@type":"ListItem","position":2,"name":"IAMGOLD Essakane SA : La mine offre 2000 kits alimentaires \u00e0 des m\u00e9nages vuln\u00e9rables du Burkina"}]},{"@type":"WebSite","@id":"https:\/\/www.latribunedufaso.net\/#website","url":"https:\/\/www.latribunedufaso.net\/","name":"La Tribune du Faso","description":"L&#039;information du monde rural en un clic","publisher":{"@id":"https:\/\/www.latribunedufaso.net\/#organization"},"potentialAction":[{"@type":"SearchAction","target":{"@type":"EntryPoint","urlTemplate":"https:\/\/www.latribunedufaso.net\/?s={search_term_string}"},"query-input":{"@type":"PropertyValueSpecification","valueRequired":true,"valueName":"search_term_string"}}],"inLanguage":"fr-FR"},{"@type":"Organization","@id":"https:\/\/www.latribunedufaso.net\/#organization","name":"La Tribune du Faso","url":"https:\/\/www.latribunedufaso.net\/","logo":{"@type":"ImageObject","inLanguage":"fr-FR","@id":"https:\/\/www.latribunedufaso.net\/#\/schema\/logo\/image\/","url":"https:\/\/www.latribunedufaso.net\/wp-content\/uploads\/2020\/08\/Logo-Tribune-du-Faso-final-scaled.jpg","contentUrl":"https:\/\/www.latribunedufaso.net\/wp-content\/uploads\/2020\/08\/Logo-Tribune-du-Faso-final-scaled.jpg","width":2560,"height":1856,"caption":"La Tribune du Faso"},"image":{"@id":"https:\/\/www.latribunedufaso.net\/#\/schema\/logo\/image\/"},"sameAs":["https:\/\/www.facebook.com\/LatribuneduFaso\/"]},{"@type":"Person","@id":"https:\/\/www.latribunedufaso.net\/#\/schema\/person\/e54e64c5778a7e72cf80a318b7a622b0","name":"Issouf Tapsoba","image":{"@type":"ImageObject","inLanguage":"fr-FR","@id":"https:\/\/secure.gravatar.com\/avatar\/5e6c05150ce3230247d167f5b94d678eb05936197436d69b7921e3a95c9107ac?s=96&d=mm&r=g","url":"https:\/\/secure.gravatar.com\/avatar\/5e6c05150ce3230247d167f5b94d678eb05936197436d69b7921e3a95c9107ac?s=96&d=mm&r=g","contentUrl":"https:\/\/secure.gravatar.com\/avatar\/5e6c05150ce3230247d167f5b94d678eb05936197436d69b7921e3a95c9107ac?s=96&d=mm&r=g","caption":"Issouf Tapsoba"},"url":"https:\/\/www.latribunedufaso.net\/?author=5"}]}},"_links":{"self":[{"href":"https:\/\/www.latribunedufaso.net\/index.php?rest_route=\/wp\/v2\/posts\/17534","targetHints":{"allow":["GET"]}}],"collection":[{"href":"https:\/\/www.latribunedufaso.net\/index.php?rest_route=\/wp\/v2\/posts"}],"about":[{"href":"https:\/\/www.latribunedufaso.net\/index.php?rest_route=\/wp\/v2\/types\/post"}],"author":[{"embeddable":true,"href":"https:\/\/www.latribunedufaso.net\/index.php?rest_route=\/wp\/v2\/users\/5"}],"replies":[{"embeddable":true,"href":"https:\/\/www.latribunedufaso.net\/index.php?rest_route=%2Fwp%2Fv2%2Fcomments&post=17534"}],"version-history":[{"count":1,"href":"https:\/\/www.latribunedufaso.net\/index.php?rest_route=\/wp\/v2\/posts\/17534\/revisions"}],"predecessor-version":[{"id":17539,"href":"https:\/\/www.latribunedufaso.net\/index.php?rest_route=\/wp\/v2\/posts\/17534\/revisions\/17539"}],"wp:featuredmedia":[{"embeddable":true,"href":"https:\/\/www.latribunedufaso.net\/index.php?rest_route=\/wp\/v2\/media\/17538"}],"wp:attachment":[{"href":"https:\/\/www.latribunedufaso.net\/index.php?rest_route=%2Fwp%2Fv2%2Fmedia&parent=17534"}],"wp:term":[{"taxonomy":"category","embeddable":true,"href":"https:\/\/www.latribunedufaso.net\/index.php?rest_route=%2Fwp%2Fv2%2Fcategories&post=17534"},{"taxonomy":"post_tag","embeddable":true,"href":"https:\/\/www.latribunedufaso.net\/index.php?rest_route=%2Fwp%2Fv2%2Ftags&post=17534"}],"curies":[{"name":"wp","href":"https:\/\/api.w.org\/{rel}","templated":true}]}}