{"id":17519,"date":"2024-12-13T15:52:52","date_gmt":"2024-12-13T15:52:52","guid":{"rendered":"https:\/\/www.latribunedufaso.net\/?p=17519"},"modified":"2024-12-13T16:36:19","modified_gmt":"2024-12-13T16:36:19","slug":"burkina-faso-decoration-174-agents-du-ministere-en-charge-de-la-communication-honores","status":"publish","type":"post","link":"https:\/\/www.latribunedufaso.net\/?p=17519","title":{"rendered":"Burkina Faso\/D\u00e9coration ann\u00e9e 2024: 174 agents du minist\u00e8re en charge de la communication honor\u00e9s"},"content":{"rendered":"<p><strong><span style=\"font-size: 1.0625rem;\">Dans le cadre de la comm\u00e9moration du 11 d\u00e9cembre, le m\u00e9rite de 174 acteurs du minist\u00e8re de la Communication, de la Culture, des Arts et du Tourisme (MCCAT) a \u00e9t\u00e9 c\u00e9l\u00e9br\u00e9 ce 13 d\u00e9cembre 2024 \u00e0 Ouagadougou. Parmi les r\u00e9cipiendaires, 08 ont \u00e9t\u00e9 distingu\u00e9s dans l\u2019Ordre de l\u2019\u00c9talon, 18 dans l\u2019Ordre du M\u00e9rite et 148 dans les Ordres sp\u00e9cifiques des Arts, des Lettres et de la Communication.<\/span><\/strong><!--more--><\/p>\n<p>Saluant les r\u00e9cipiendaires, le ministre Gilbert Ou\u00e9draogo a soulign\u00e9 l\u2019importance d\u2019avoir des agents <em><strong>\u00ab travailleurs, int\u00e8gres, d\u00e9vou\u00e9s et comp\u00e9tents pour relever les d\u00e9fis s\u00e9curitaires et de d\u00e9veloppement \u00bb<\/strong><\/em>. Il a invit\u00e9 ces derniers \u00e0 \u00eatre des mod\u00e8les d\u2019inspiration.<\/p>\n<figure id=\"attachment_17523\" aria-describedby=\"caption-attachment-17523\" style=\"width: 1158px\" class=\"wp-caption aligncenter\"><a href=\"https:\/\/www.latribunedufaso.net\/wp-content\/uploads\/2024\/12\/IMG-20241213-WA0029.jpg\"><img loading=\"lazy\" decoding=\"async\" class=\"size-full wp-image-17523\" src=\"https:\/\/www.latribunedufaso.net\/wp-content\/uploads\/2024\/12\/IMG-20241213-WA0029.jpg\" alt=\"C\u00e9r\u00e9monie de d\u00e9coration des agents du minist\u00e8re en charge de la Communication de l'ann\u00e9e 2024, 13 d\u00e9cembre 2024\" width=\"1158\" height=\"981\" srcset=\"https:\/\/www.latribunedufaso.net\/wp-content\/uploads\/2024\/12\/IMG-20241213-WA0029.jpg 1158w, https:\/\/www.latribunedufaso.net\/wp-content\/uploads\/2024\/12\/IMG-20241213-WA0029-300x254.jpg 300w, https:\/\/www.latribunedufaso.net\/wp-content\/uploads\/2024\/12\/IMG-20241213-WA0029-1024x867.jpg 1024w, https:\/\/www.latribunedufaso.net\/wp-content\/uploads\/2024\/12\/IMG-20241213-WA0029-768x651.jpg 768w\" sizes=\"auto, (max-width: 1158px) 100vw, 1158px\" \/><\/a><figcaption id=\"caption-attachment-17523\" class=\"wp-caption-text\">Le ministre de la Communication, de la Culture, des Arts et du Tourisme, G\u00e9rard Ou\u00e9draogo pronon\u00e7ant son discours lors de la c\u00e9r\u00e9monie de d\u00e9coration des agents de son minist\u00e8re \u00e0 l\u2019occasion du 11 d\u00e9cembre &#8211; Ph. N. Ouattara<\/figcaption><\/figure>\n<p><em><strong>\u00ab Par cette distinction qui vous est d\u00e9cern\u00e9e aujourd\u2019hui, vous constituez d\u00e9sormais une source intarissable d\u2019inspiration pour les autres. A ce titre, je fonde l\u2019espoir que les travailleurs de notre D\u00e9partement et d\u2019ailleurs, trouveront en vous, des mod\u00e8les \u00e0 imiter \u00bb<\/strong><\/em>, a d\u00e9clar\u00e9 le Ministre de la Communication, de la Culture des Arts et du Tourisme, Pingdwend\u00e9 G\u00e9rard OUEDRAOGO , invitant ses agents \u00e0 redoubler d\u2019ardeur au travail.\u00a0<\/p>\n<blockquote>\n<p>Lire aussi &gt;&gt; <a href=\"https:\/\/www.latribunedufaso.net\/?p=17387\">C\u00e9r\u00e9monie officielle de d\u00e9coration : Des bless\u00e9s en op\u00e9ration honor\u00e9s pour le sacrifice consenti<\/a><\/p>\n<\/blockquote>\n<p>Les r\u00e9cipiendaires ont \u00e9galement partag\u00e9 leurs \u00e9motions et ont exprim\u00e9 leurs engagements a continu\u00e9 dans ce sens. Rasmata Band\u00e9, assistante en gestion du patrimoine culturel, a exprim\u00e9 sa reconnaissance.<\/p>\n<figure id=\"attachment_17522\" aria-describedby=\"caption-attachment-17522\" style=\"width: 2560px\" class=\"wp-caption aligncenter\"><a href=\"https:\/\/www.latribunedufaso.net\/wp-content\/uploads\/2024\/12\/IMG-20241213-WA0031.jpg\"><img loading=\"lazy\" decoding=\"async\" class=\"size-full wp-image-17522\" src=\"https:\/\/www.latribunedufaso.net\/wp-content\/uploads\/2024\/12\/IMG-20241213-WA0031.jpg\" alt=\"C\u00e9r\u00e9monie de d\u00e9coration des agents du minist\u00e8re en charge de la Communication de l'ann\u00e9e 2024, 13 d\u00e9cembre 2024\" width=\"2560\" height=\"1879\" srcset=\"https:\/\/www.latribunedufaso.net\/wp-content\/uploads\/2024\/12\/IMG-20241213-WA0031.jpg 2560w, https:\/\/www.latribunedufaso.net\/wp-content\/uploads\/2024\/12\/IMG-20241213-WA0031-300x220.jpg 300w, https:\/\/www.latribunedufaso.net\/wp-content\/uploads\/2024\/12\/IMG-20241213-WA0031-1024x752.jpg 1024w, https:\/\/www.latribunedufaso.net\/wp-content\/uploads\/2024\/12\/IMG-20241213-WA0031-768x564.jpg 768w, https:\/\/www.latribunedufaso.net\/wp-content\/uploads\/2024\/12\/IMG-20241213-WA0031-1536x1127.jpg 1536w, https:\/\/www.latribunedufaso.net\/wp-content\/uploads\/2024\/12\/IMG-20241213-WA0031-2048x1503.jpg 2048w, https:\/\/www.latribunedufaso.net\/wp-content\/uploads\/2024\/12\/IMG-20241213-WA0031-90x65.jpg 90w\" sizes=\"auto, (max-width: 2560px) 100vw, 2560px\" \/><\/a><figcaption id=\"caption-attachment-17522\" class=\"wp-caption-text\">Une r\u00e9cipiendaire, Rasmata Band\u00e9 exprimant sa reconnaissance pour la m\u00e9daille re\u00e7ue &#8211; Ph. N. Ouattara<\/figcaption><\/figure>\n<p><em><strong>\u00ab Cette m\u00e9daille vient m\u2019interpeller \u00e0 renforcer mes efforts pour relever les d\u00e9fis futurs. Je la d\u00e9die d\u2019abord aux forces de d\u00e9fense et de s\u00e9curit\u00e9, ainsi qu\u2019aux VDP pour leur engagement patriotique, car c\u2019est gr\u00e2ce \u00e0 leurs efforts que nos m\u00e9rites ont \u00e9t\u00e9 reconnus ce matin par la nation. Je d\u00e9die \u00e9galement cette m\u00e9daille aux plus hautes autorit\u00e9s du pays, \u00e0 ma hi\u00e9rarchie pour leur confiance, ainsi qu\u2019\u00e0 mes collaborateurs et \u00e0 ma famille pour leur soutien ind\u00e9fectible \u00bb,<\/strong><\/em> s&rsquo;est-elle exprim\u00e9.<\/p>\n<figure id=\"attachment_17521\" aria-describedby=\"caption-attachment-17521\" style=\"width: 1280px\" class=\"wp-caption aligncenter\"><a href=\"https:\/\/www.latribunedufaso.net\/wp-content\/uploads\/2024\/12\/IMG-20241213-WA0032.jpg\"><img loading=\"lazy\" decoding=\"async\" class=\"size-full wp-image-17521\" src=\"https:\/\/www.latribunedufaso.net\/wp-content\/uploads\/2024\/12\/IMG-20241213-WA0032.jpg\" alt=\"C\u00e9r\u00e9monie de d\u00e9coration des agents du minist\u00e8re en charge de la Communication de l'ann\u00e9e 2024, 13 d\u00e9cembre 2024\" width=\"1280\" height=\"948\" srcset=\"https:\/\/www.latribunedufaso.net\/wp-content\/uploads\/2024\/12\/IMG-20241213-WA0032.jpg 1280w, https:\/\/www.latribunedufaso.net\/wp-content\/uploads\/2024\/12\/IMG-20241213-WA0032-300x222.jpg 300w, https:\/\/www.latribunedufaso.net\/wp-content\/uploads\/2024\/12\/IMG-20241213-WA0032-1024x758.jpg 1024w, https:\/\/www.latribunedufaso.net\/wp-content\/uploads\/2024\/12\/IMG-20241213-WA0032-768x569.jpg 768w\" sizes=\"auto, (max-width: 1280px) 100vw, 1280px\" \/><\/a><figcaption id=\"caption-attachment-17521\" class=\"wp-caption-text\">Julienne Ilboudo assistante \u00e0 la radio rurale exprime un sentiment de joie apr\u00e8s sa distinction &#8211; Ph. N. Ouattara<\/figcaption><\/figure>\n<p>Julienne Ilboudo, assistante \u00e0 la Radio rurale a, pour sa part, \u00e9voqu\u00e9 un sentiment de bonheur. <em><strong>\u00ab C\u2019est un sentiment de joie et de bonheur. Je dis merci \u00e0 ma hi\u00e9rarchie et \u00e0 tous ceux qui ont reconnu mes efforts. Cette distinction m\u2019invite \u00e0 faire mieux qu\u2019hier. Je dois fournir davantage d\u2019efforts et d\u2019abn\u00e9gation pour r\u00e9ussir ma mission. Je d\u00e9die cette m\u00e9daille \u00e0 nos FDS qui, nuit et jour, combattent pour notre survie \u00bb,\u00a0<\/strong><\/em>s&rsquo;est-elle r\u00e9jouie.<\/p>\n<figure id=\"attachment_17520\" aria-describedby=\"caption-attachment-17520\" style=\"width: 2560px\" class=\"wp-caption aligncenter\"><a href=\"https:\/\/www.latribunedufaso.net\/wp-content\/uploads\/2024\/12\/IMG-20241213-WA0034.jpg\"><img loading=\"lazy\" decoding=\"async\" class=\"size-full wp-image-17520\" src=\"https:\/\/www.latribunedufaso.net\/wp-content\/uploads\/2024\/12\/IMG-20241213-WA0034.jpg\" alt=\"C\u00e9r\u00e9monie de d\u00e9coration des agents du minist\u00e8re en charge de la Communication de l'ann\u00e9e 2024, 13 d\u00e9cembre 2024\" width=\"2560\" height=\"1440\" srcset=\"https:\/\/www.latribunedufaso.net\/wp-content\/uploads\/2024\/12\/IMG-20241213-WA0034.jpg 2560w, https:\/\/www.latribunedufaso.net\/wp-content\/uploads\/2024\/12\/IMG-20241213-WA0034-300x169.jpg 300w, https:\/\/www.latribunedufaso.net\/wp-content\/uploads\/2024\/12\/IMG-20241213-WA0034-1024x576.jpg 1024w, https:\/\/www.latribunedufaso.net\/wp-content\/uploads\/2024\/12\/IMG-20241213-WA0034-768x432.jpg 768w, https:\/\/www.latribunedufaso.net\/wp-content\/uploads\/2024\/12\/IMG-20241213-WA0034-1536x864.jpg 1536w, https:\/\/www.latribunedufaso.net\/wp-content\/uploads\/2024\/12\/IMG-20241213-WA0034-2048x1152.jpg 2048w\" sizes=\"auto, (max-width: 2560px) 100vw, 2560px\" \/><\/a><figcaption id=\"caption-attachment-17520\" class=\"wp-caption-text\">L&rsquo;artiste musicien Smarty, de son vrai nom Salif Kiekieta &#8211; Ph. N. Ouattara<\/figcaption><\/figure>\n<p>Parmi les r\u00e9cipiendaires, l\u2019artiste musicien Smarty, de son vrai nom Salif Kiekieta, a \u00e9galement exprim\u00e9 sa gratitude pour sa distinction. <em><strong>\u00ab C\u2019est une reconnaissance de la nation qui nous incite \u00e0 travailler plus et \u00e0 faire plus d\u2019efforts pour la faire briller. Je d\u00e9die cette m\u00e9daille \u00e0 toutes les personnes qui n\u2019ont cess\u00e9 de me soutenir pendant toutes ces ann\u00e9es de carri\u00e8re. En r\u00e9alit\u00e9, les plus m\u00e9ritants, c\u2019est le peuple qui a su nous \u00e9lever. Merci \u00e0 la nation, au gouvernement, et que Dieu b\u00e9nisse le Burkina Faso. \u00bb<\/strong><\/em>, a d\u00e9clar\u00e9 Smarty.<\/p>\n<p><strong>Nabintou OUATTARA\u00a0<\/strong><\/p>\n<p><strong><span style=\"font-size: 1.0625rem;\">Latribunedu<\/span><span style=\"font-size: 1.0625rem;\">faso.net\u00a0<\/span><\/strong><\/p>\n","protected":false},"excerpt":{"rendered":"<p>Dans le cadre de la comm\u00e9moration du 11 d\u00e9cembre, le m\u00e9rite de 174 acteurs du minist\u00e8re de la Communication, de la Culture, des Arts et du Tourisme (MCCAT) a \u00e9t\u00e9 c\u00e9l\u00e9br\u00e9 ce 13 d\u00e9cembre 2024 \u00e0 Ouagadougou. Parmi les r\u00e9cipiendaires, 08 ont \u00e9t\u00e9 distingu\u00e9s dans l\u2019Ordre de l\u2019\u00c9talon, 18 dans l\u2019Ordre du M\u00e9rite et 148 dans les Ordres sp\u00e9cifiques des Arts, des Lettres et de la Communication.<\/p>\n","protected":false},"author":5,"featured_media":17532,"comment_status":"open","ping_status":"open","sticky":false,"template":"","format":"standard","meta":{"footnotes":""},"categories":[13,1,30],"tags":[137,524,39],"class_list":["post-17519","post","type-post","status-publish","format-standard","has-post-thumbnail","hentry","category-une","category-actu","category-art-et-culture","tag-culture","tag-decoration","tag-latribunedufaso-net"],"yoast_head":"<!-- This site is optimized with the Yoast SEO plugin v27.5 - https:\/\/yoast.com\/product\/yoast-seo-wordpress\/ -->\n<title>Burkina Faso\/D\u00e9coration ann\u00e9e 2024: 174 agents du minist\u00e8re en charge de la communication honor\u00e9s - La Tribune du Faso<\/title>\n<meta name=\"robots\" content=\"index, follow, max-snippet:-1, max-image-preview:large, max-video-preview:-1\" \/>\n<link rel=\"canonical\" href=\"https:\/\/www.latribunedufaso.net\/?p=17519\" \/>\n<meta property=\"og:locale\" content=\"fr_FR\" \/>\n<meta property=\"og:type\" content=\"article\" \/>\n<meta property=\"og:title\" content=\"Burkina Faso\/D\u00e9coration ann\u00e9e 2024: 174 agents du minist\u00e8re en charge de la communication honor\u00e9s - La Tribune du Faso\" \/>\n<meta property=\"og:description\" content=\"Dans le cadre de la comm\u00e9moration du 11 d\u00e9cembre, le m\u00e9rite de 174 acteurs du minist\u00e8re de la Communication, de la Culture, des Arts et du Tourisme (MCCAT) a \u00e9t\u00e9 c\u00e9l\u00e9br\u00e9 ce 13 d\u00e9cembre 2024 \u00e0 Ouagadougou. Parmi les r\u00e9cipiendaires, 08 ont \u00e9t\u00e9 distingu\u00e9s dans l\u2019Ordre de l\u2019\u00c9talon, 18 dans l\u2019Ordre du M\u00e9rite et 148 dans les Ordres sp\u00e9cifiques des Arts, des Lettres et de la Communication.\" \/>\n<meta property=\"og:url\" content=\"https:\/\/www.latribunedufaso.net\/?p=17519\" \/>\n<meta property=\"og:site_name\" content=\"La Tribune du Faso\" \/>\n<meta property=\"article:publisher\" content=\"https:\/\/www.facebook.com\/LatribuneduFaso\/\" \/>\n<meta property=\"article:published_time\" content=\"2024-12-13T15:52:52+00:00\" \/>\n<meta property=\"article:modified_time\" content=\"2024-12-13T16:36:19+00:00\" \/>\n<meta property=\"og:image\" content=\"https:\/\/www.latribunedufaso.net\/wp-content\/uploads\/2024\/12\/FB_IMG_1734107625096.jpg\" \/>\n\t<meta property=\"og:image:width\" content=\"720\" \/>\n\t<meta property=\"og:image:height\" content=\"480\" \/>\n\t<meta property=\"og:image:type\" content=\"image\/jpeg\" \/>\n<meta name=\"author\" content=\"Issouf Tapsoba\" \/>\n<meta name=\"twitter:label1\" content=\"\u00c9crit par\" \/>\n\t<meta name=\"twitter:data1\" content=\"Issouf Tapsoba\" \/>\n\t<meta name=\"twitter:label2\" content=\"Dur\u00e9e de lecture estim\u00e9e\" \/>\n\t<meta name=\"twitter:data2\" content=\"3 minutes\" \/>\n<script type=\"application\/ld+json\" class=\"yoast-schema-graph\">{\"@context\":\"https:\\\/\\\/schema.org\",\"@graph\":[{\"@type\":\"Article\",\"@id\":\"https:\\\/\\\/www.latribunedufaso.net\\\/?p=17519#article\",\"isPartOf\":{\"@id\":\"https:\\\/\\\/www.latribunedufaso.net\\\/?p=17519\"},\"author\":{\"name\":\"Issouf Tapsoba\",\"@id\":\"https:\\\/\\\/www.latribunedufaso.net\\\/#\\\/schema\\\/person\\\/e54e64c5778a7e72cf80a318b7a622b0\"},\"headline\":\"Burkina Faso\\\/D\u00e9coration ann\u00e9e 2024: 174 agents du minist\u00e8re en charge de la communication honor\u00e9s\",\"datePublished\":\"2024-12-13T15:52:52+00:00\",\"dateModified\":\"2024-12-13T16:36:19+00:00\",\"mainEntityOfPage\":{\"@id\":\"https:\\\/\\\/www.latribunedufaso.net\\\/?p=17519\"},\"wordCount\":668,\"commentCount\":0,\"publisher\":{\"@id\":\"https:\\\/\\\/www.latribunedufaso.net\\\/#organization\"},\"image\":{\"@id\":\"https:\\\/\\\/www.latribunedufaso.net\\\/?p=17519#primaryimage\"},\"thumbnailUrl\":\"https:\\\/\\\/www.latribunedufaso.net\\\/wp-content\\\/uploads\\\/2024\\\/12\\\/FB_IMG_1734107625096.jpg\",\"keywords\":[\"culture\",\"D\u00e9coration\",\"latribunedufaso.net\"],\"articleSection\":[\"A la une\",\"Actualit\u00e9\",\"Art et Culture\"],\"inLanguage\":\"fr-FR\",\"potentialAction\":[{\"@type\":\"CommentAction\",\"name\":\"Comment\",\"target\":[\"https:\\\/\\\/www.latribunedufaso.net\\\/?p=17519#respond\"]}]},{\"@type\":\"WebPage\",\"@id\":\"https:\\\/\\\/www.latribunedufaso.net\\\/?p=17519\",\"url\":\"https:\\\/\\\/www.latribunedufaso.net\\\/?p=17519\",\"name\":\"Burkina Faso\\\/D\u00e9coration ann\u00e9e 2024: 174 agents du minist\u00e8re en charge de la communication honor\u00e9s - La Tribune du Faso\",\"isPartOf\":{\"@id\":\"https:\\\/\\\/www.latribunedufaso.net\\\/#website\"},\"primaryImageOfPage\":{\"@id\":\"https:\\\/\\\/www.latribunedufaso.net\\\/?p=17519#primaryimage\"},\"image\":{\"@id\":\"https:\\\/\\\/www.latribunedufaso.net\\\/?p=17519#primaryimage\"},\"thumbnailUrl\":\"https:\\\/\\\/www.latribunedufaso.net\\\/wp-content\\\/uploads\\\/2024\\\/12\\\/FB_IMG_1734107625096.jpg\",\"datePublished\":\"2024-12-13T15:52:52+00:00\",\"dateModified\":\"2024-12-13T16:36:19+00:00\",\"breadcrumb\":{\"@id\":\"https:\\\/\\\/www.latribunedufaso.net\\\/?p=17519#breadcrumb\"},\"inLanguage\":\"fr-FR\",\"potentialAction\":[{\"@type\":\"ReadAction\",\"target\":[\"https:\\\/\\\/www.latribunedufaso.net\\\/?p=17519\"]}]},{\"@type\":\"ImageObject\",\"inLanguage\":\"fr-FR\",\"@id\":\"https:\\\/\\\/www.latribunedufaso.net\\\/?p=17519#primaryimage\",\"url\":\"https:\\\/\\\/www.latribunedufaso.net\\\/wp-content\\\/uploads\\\/2024\\\/12\\\/FB_IMG_1734107625096.jpg\",\"contentUrl\":\"https:\\\/\\\/www.latribunedufaso.net\\\/wp-content\\\/uploads\\\/2024\\\/12\\\/FB_IMG_1734107625096.jpg\",\"width\":720,\"height\":480,\"caption\":\"C\u00e9r\u00e9monie de d\u00e9coration des agents du minist\u00e8re en charge de la Communication de l'ann\u00e9e 2024, 13 d\u00e9cembre 2024\"},{\"@type\":\"BreadcrumbList\",\"@id\":\"https:\\\/\\\/www.latribunedufaso.net\\\/?p=17519#breadcrumb\",\"itemListElement\":[{\"@type\":\"ListItem\",\"position\":1,\"name\":\"Accueil\",\"item\":\"https:\\\/\\\/www.latribunedufaso.net\\\/\"},{\"@type\":\"ListItem\",\"position\":2,\"name\":\"Burkina Faso\\\/D\u00e9coration ann\u00e9e 2024: 174 agents du minist\u00e8re en charge de la communication honor\u00e9s\"}]},{\"@type\":\"WebSite\",\"@id\":\"https:\\\/\\\/www.latribunedufaso.net\\\/#website\",\"url\":\"https:\\\/\\\/www.latribunedufaso.net\\\/\",\"name\":\"La Tribune du Faso\",\"description\":\"L&#039;information du monde rural en un clic\",\"publisher\":{\"@id\":\"https:\\\/\\\/www.latribunedufaso.net\\\/#organization\"},\"potentialAction\":[{\"@type\":\"SearchAction\",\"target\":{\"@type\":\"EntryPoint\",\"urlTemplate\":\"https:\\\/\\\/www.latribunedufaso.net\\\/?s={search_term_string}\"},\"query-input\":{\"@type\":\"PropertyValueSpecification\",\"valueRequired\":true,\"valueName\":\"search_term_string\"}}],\"inLanguage\":\"fr-FR\"},{\"@type\":\"Organization\",\"@id\":\"https:\\\/\\\/www.latribunedufaso.net\\\/#organization\",\"name\":\"La Tribune du Faso\",\"url\":\"https:\\\/\\\/www.latribunedufaso.net\\\/\",\"logo\":{\"@type\":\"ImageObject\",\"inLanguage\":\"fr-FR\",\"@id\":\"https:\\\/\\\/www.latribunedufaso.net\\\/#\\\/schema\\\/logo\\\/image\\\/\",\"url\":\"https:\\\/\\\/www.latribunedufaso.net\\\/wp-content\\\/uploads\\\/2020\\\/08\\\/Logo-Tribune-du-Faso-final-scaled.jpg\",\"contentUrl\":\"https:\\\/\\\/www.latribunedufaso.net\\\/wp-content\\\/uploads\\\/2020\\\/08\\\/Logo-Tribune-du-Faso-final-scaled.jpg\",\"width\":2560,\"height\":1856,\"caption\":\"La Tribune du Faso\"},\"image\":{\"@id\":\"https:\\\/\\\/www.latribunedufaso.net\\\/#\\\/schema\\\/logo\\\/image\\\/\"},\"sameAs\":[\"https:\\\/\\\/www.facebook.com\\\/LatribuneduFaso\\\/\"]},{\"@type\":\"Person\",\"@id\":\"https:\\\/\\\/www.latribunedufaso.net\\\/#\\\/schema\\\/person\\\/e54e64c5778a7e72cf80a318b7a622b0\",\"name\":\"Issouf Tapsoba\",\"image\":{\"@type\":\"ImageObject\",\"inLanguage\":\"fr-FR\",\"@id\":\"https:\\\/\\\/secure.gravatar.com\\\/avatar\\\/5e6c05150ce3230247d167f5b94d678eb05936197436d69b7921e3a95c9107ac?s=96&d=mm&r=g\",\"url\":\"https:\\\/\\\/secure.gravatar.com\\\/avatar\\\/5e6c05150ce3230247d167f5b94d678eb05936197436d69b7921e3a95c9107ac?s=96&d=mm&r=g\",\"contentUrl\":\"https:\\\/\\\/secure.gravatar.com\\\/avatar\\\/5e6c05150ce3230247d167f5b94d678eb05936197436d69b7921e3a95c9107ac?s=96&d=mm&r=g\",\"caption\":\"Issouf Tapsoba\"},\"url\":\"https:\\\/\\\/www.latribunedufaso.net\\\/?author=5\"}]}<\/script>\n<!-- \/ Yoast SEO plugin. -->","yoast_head_json":{"title":"Burkina Faso\/D\u00e9coration ann\u00e9e 2024: 174 agents du minist\u00e8re en charge de la communication honor\u00e9s - La Tribune du Faso","robots":{"index":"index","follow":"follow","max-snippet":"max-snippet:-1","max-image-preview":"max-image-preview:large","max-video-preview":"max-video-preview:-1"},"canonical":"https:\/\/www.latribunedufaso.net\/?p=17519","og_locale":"fr_FR","og_type":"article","og_title":"Burkina Faso\/D\u00e9coration ann\u00e9e 2024: 174 agents du minist\u00e8re en charge de la communication honor\u00e9s - La Tribune du Faso","og_description":"Dans le cadre de la comm\u00e9moration du 11 d\u00e9cembre, le m\u00e9rite de 174 acteurs du minist\u00e8re de la Communication, de la Culture, des Arts et du Tourisme (MCCAT) a \u00e9t\u00e9 c\u00e9l\u00e9br\u00e9 ce 13 d\u00e9cembre 2024 \u00e0 Ouagadougou. Parmi les r\u00e9cipiendaires, 08 ont \u00e9t\u00e9 distingu\u00e9s dans l\u2019Ordre de l\u2019\u00c9talon, 18 dans l\u2019Ordre du M\u00e9rite et 148 dans les Ordres sp\u00e9cifiques des Arts, des Lettres et de la Communication.","og_url":"https:\/\/www.latribunedufaso.net\/?p=17519","og_site_name":"La Tribune du Faso","article_publisher":"https:\/\/www.facebook.com\/LatribuneduFaso\/","article_published_time":"2024-12-13T15:52:52+00:00","article_modified_time":"2024-12-13T16:36:19+00:00","og_image":[{"width":720,"height":480,"url":"https:\/\/www.latribunedufaso.net\/wp-content\/uploads\/2024\/12\/FB_IMG_1734107625096.jpg","type":"image\/jpeg"}],"author":"Issouf Tapsoba","twitter_misc":{"\u00c9crit par":"Issouf Tapsoba","Dur\u00e9e de lecture estim\u00e9e":"3 minutes"},"schema":{"@context":"https:\/\/schema.org","@graph":[{"@type":"Article","@id":"https:\/\/www.latribunedufaso.net\/?p=17519#article","isPartOf":{"@id":"https:\/\/www.latribunedufaso.net\/?p=17519"},"author":{"name":"Issouf Tapsoba","@id":"https:\/\/www.latribunedufaso.net\/#\/schema\/person\/e54e64c5778a7e72cf80a318b7a622b0"},"headline":"Burkina Faso\/D\u00e9coration ann\u00e9e 2024: 174 agents du minist\u00e8re en charge de la communication honor\u00e9s","datePublished":"2024-12-13T15:52:52+00:00","dateModified":"2024-12-13T16:36:19+00:00","mainEntityOfPage":{"@id":"https:\/\/www.latribunedufaso.net\/?p=17519"},"wordCount":668,"commentCount":0,"publisher":{"@id":"https:\/\/www.latribunedufaso.net\/#organization"},"image":{"@id":"https:\/\/www.latribunedufaso.net\/?p=17519#primaryimage"},"thumbnailUrl":"https:\/\/www.latribunedufaso.net\/wp-content\/uploads\/2024\/12\/FB_IMG_1734107625096.jpg","keywords":["culture","D\u00e9coration","latribunedufaso.net"],"articleSection":["A la une","Actualit\u00e9","Art et Culture"],"inLanguage":"fr-FR","potentialAction":[{"@type":"CommentAction","name":"Comment","target":["https:\/\/www.latribunedufaso.net\/?p=17519#respond"]}]},{"@type":"WebPage","@id":"https:\/\/www.latribunedufaso.net\/?p=17519","url":"https:\/\/www.latribunedufaso.net\/?p=17519","name":"Burkina Faso\/D\u00e9coration ann\u00e9e 2024: 174 agents du minist\u00e8re en charge de la communication honor\u00e9s - La Tribune du Faso","isPartOf":{"@id":"https:\/\/www.latribunedufaso.net\/#website"},"primaryImageOfPage":{"@id":"https:\/\/www.latribunedufaso.net\/?p=17519#primaryimage"},"image":{"@id":"https:\/\/www.latribunedufaso.net\/?p=17519#primaryimage"},"thumbnailUrl":"https:\/\/www.latribunedufaso.net\/wp-content\/uploads\/2024\/12\/FB_IMG_1734107625096.jpg","datePublished":"2024-12-13T15:52:52+00:00","dateModified":"2024-12-13T16:36:19+00:00","breadcrumb":{"@id":"https:\/\/www.latribunedufaso.net\/?p=17519#breadcrumb"},"inLanguage":"fr-FR","potentialAction":[{"@type":"ReadAction","target":["https:\/\/www.latribunedufaso.net\/?p=17519"]}]},{"@type":"ImageObject","inLanguage":"fr-FR","@id":"https:\/\/www.latribunedufaso.net\/?p=17519#primaryimage","url":"https:\/\/www.latribunedufaso.net\/wp-content\/uploads\/2024\/12\/FB_IMG_1734107625096.jpg","contentUrl":"https:\/\/www.latribunedufaso.net\/wp-content\/uploads\/2024\/12\/FB_IMG_1734107625096.jpg","width":720,"height":480,"caption":"C\u00e9r\u00e9monie de d\u00e9coration des agents du minist\u00e8re en charge de la Communication de l'ann\u00e9e 2024, 13 d\u00e9cembre 2024"},{"@type":"BreadcrumbList","@id":"https:\/\/www.latribunedufaso.net\/?p=17519#breadcrumb","itemListElement":[{"@type":"ListItem","position":1,"name":"Accueil","item":"https:\/\/www.latribunedufaso.net\/"},{"@type":"ListItem","position":2,"name":"Burkina Faso\/D\u00e9coration ann\u00e9e 2024: 174 agents du minist\u00e8re en charge de la communication honor\u00e9s"}]},{"@type":"WebSite","@id":"https:\/\/www.latribunedufaso.net\/#website","url":"https:\/\/www.latribunedufaso.net\/","name":"La Tribune du Faso","description":"L&#039;information du monde rural en un clic","publisher":{"@id":"https:\/\/www.latribunedufaso.net\/#organization"},"potentialAction":[{"@type":"SearchAction","target":{"@type":"EntryPoint","urlTemplate":"https:\/\/www.latribunedufaso.net\/?s={search_term_string}"},"query-input":{"@type":"PropertyValueSpecification","valueRequired":true,"valueName":"search_term_string"}}],"inLanguage":"fr-FR"},{"@type":"Organization","@id":"https:\/\/www.latribunedufaso.net\/#organization","name":"La Tribune du Faso","url":"https:\/\/www.latribunedufaso.net\/","logo":{"@type":"ImageObject","inLanguage":"fr-FR","@id":"https:\/\/www.latribunedufaso.net\/#\/schema\/logo\/image\/","url":"https:\/\/www.latribunedufaso.net\/wp-content\/uploads\/2020\/08\/Logo-Tribune-du-Faso-final-scaled.jpg","contentUrl":"https:\/\/www.latribunedufaso.net\/wp-content\/uploads\/2020\/08\/Logo-Tribune-du-Faso-final-scaled.jpg","width":2560,"height":1856,"caption":"La Tribune du Faso"},"image":{"@id":"https:\/\/www.latribunedufaso.net\/#\/schema\/logo\/image\/"},"sameAs":["https:\/\/www.facebook.com\/LatribuneduFaso\/"]},{"@type":"Person","@id":"https:\/\/www.latribunedufaso.net\/#\/schema\/person\/e54e64c5778a7e72cf80a318b7a622b0","name":"Issouf Tapsoba","image":{"@type":"ImageObject","inLanguage":"fr-FR","@id":"https:\/\/secure.gravatar.com\/avatar\/5e6c05150ce3230247d167f5b94d678eb05936197436d69b7921e3a95c9107ac?s=96&d=mm&r=g","url":"https:\/\/secure.gravatar.com\/avatar\/5e6c05150ce3230247d167f5b94d678eb05936197436d69b7921e3a95c9107ac?s=96&d=mm&r=g","contentUrl":"https:\/\/secure.gravatar.com\/avatar\/5e6c05150ce3230247d167f5b94d678eb05936197436d69b7921e3a95c9107ac?s=96&d=mm&r=g","caption":"Issouf Tapsoba"},"url":"https:\/\/www.latribunedufaso.net\/?author=5"}]}},"_links":{"self":[{"href":"https:\/\/www.latribunedufaso.net\/index.php?rest_route=\/wp\/v2\/posts\/17519","targetHints":{"allow":["GET"]}}],"collection":[{"href":"https:\/\/www.latribunedufaso.net\/index.php?rest_route=\/wp\/v2\/posts"}],"about":[{"href":"https:\/\/www.latribunedufaso.net\/index.php?rest_route=\/wp\/v2\/types\/post"}],"author":[{"embeddable":true,"href":"https:\/\/www.latribunedufaso.net\/index.php?rest_route=\/wp\/v2\/users\/5"}],"replies":[{"embeddable":true,"href":"https:\/\/www.latribunedufaso.net\/index.php?rest_route=%2Fwp%2Fv2%2Fcomments&post=17519"}],"version-history":[{"count":2,"href":"https:\/\/www.latribunedufaso.net\/index.php?rest_route=\/wp\/v2\/posts\/17519\/revisions"}],"predecessor-version":[{"id":17526,"href":"https:\/\/www.latribunedufaso.net\/index.php?rest_route=\/wp\/v2\/posts\/17519\/revisions\/17526"}],"wp:featuredmedia":[{"embeddable":true,"href":"https:\/\/www.latribunedufaso.net\/index.php?rest_route=\/wp\/v2\/media\/17532"}],"wp:attachment":[{"href":"https:\/\/www.latribunedufaso.net\/index.php?rest_route=%2Fwp%2Fv2%2Fmedia&parent=17519"}],"wp:term":[{"taxonomy":"category","embeddable":true,"href":"https:\/\/www.latribunedufaso.net\/index.php?rest_route=%2Fwp%2Fv2%2Fcategories&post=17519"},{"taxonomy":"post_tag","embeddable":true,"href":"https:\/\/www.latribunedufaso.net\/index.php?rest_route=%2Fwp%2Fv2%2Ftags&post=17519"}],"curies":[{"name":"wp","href":"https:\/\/api.w.org\/{rel}","templated":true}]}}