{"id":17387,"date":"2024-12-07T10:13:02","date_gmt":"2024-12-07T10:13:02","guid":{"rendered":"https:\/\/www.latribunedufaso.net\/?p=17387"},"modified":"2024-12-07T10:16:04","modified_gmt":"2024-12-07T10:16:04","slug":"ceremonie-officielle-de-decoration-des-blesses-en-operation-honores-pour-le-sacrifice-consenti","status":"publish","type":"post","link":"https:\/\/www.latribunedufaso.net\/?p=17387","title":{"rendered":"C\u00e9r\u00e9monie officielle de d\u00e9coration : Des bless\u00e9s en op\u00e9ration honor\u00e9s pour le sacrifice consenti"},"content":{"rendered":"<p><strong><span style=\"font-size: 1.0625rem;\">(Ouagadougou, 7 d\u00e9cembre 2024). Au cours de la c\u00e9r\u00e9monie nationale de d\u00e9coration, ce vendredi 6 d\u00e9cembre, pr\u00e9sid\u00e9e par le Pr\u00e9sident du Faso, Chef de l\u2019Etat, le Capitaine Ibrahim TRAORE, la Nation a reconnu les m\u00e9rites de plusieurs bless\u00e9s en op\u00e9ration.<\/span><\/strong><!--more--><\/p>\n<p><span style=\"font-size: 1.0625rem;\">La patrie a exprim\u00e9 sa reconnaissance \u00e0 ces bless\u00e9s pour leur bravoure et leur d\u00e9termination sur les th\u00e9\u00e2tres d\u2019op\u00e9ration dans le cadre de la lutte engag\u00e9e contre l\u2019hydre terroriste. Cette reconnaissance t\u00e9moigne de toute l&rsquo;attention qui est accord\u00e9e aux bless\u00e9s en op\u00e9ration par le Chef de l&rsquo;Etat et le gouvernement.\u00a0\u00a0<\/span><\/p>\n<figure id=\"attachment_17390\" aria-describedby=\"caption-attachment-17390\" style=\"width: 926px\" class=\"wp-caption aligncenter\"><a href=\"https:\/\/www.latribunedufaso.net\/wp-content\/uploads\/2024\/12\/IMG-20241207-WA0056.jpg\"><img loading=\"lazy\" decoding=\"async\" class=\"size-full wp-image-17390\" src=\"https:\/\/www.latribunedufaso.net\/wp-content\/uploads\/2024\/12\/IMG-20241207-WA0056.jpg\" alt=\"Au cours de la c\u00e9r\u00e9monie nationale de d\u00e9coration, ce vendredi 6 d\u00e9cembre, pr\u00e9sid\u00e9e par le Pr\u00e9sident du Faso, Chef de l\u2019Etat, le Capitaine Ibrahim TRAORE, la Nation a reconnu les m\u00e9rites de plusieurs bless\u00e9s en op\u00e9ration, 7 d\u00e9cembre 2024\" width=\"926\" height=\"1080\" srcset=\"https:\/\/www.latribunedufaso.net\/wp-content\/uploads\/2024\/12\/IMG-20241207-WA0056.jpg 926w, https:\/\/www.latribunedufaso.net\/wp-content\/uploads\/2024\/12\/IMG-20241207-WA0056-257x300.jpg 257w, https:\/\/www.latribunedufaso.net\/wp-content\/uploads\/2024\/12\/IMG-20241207-WA0056-878x1024.jpg 878w, https:\/\/www.latribunedufaso.net\/wp-content\/uploads\/2024\/12\/IMG-20241207-WA0056-768x896.jpg 768w\" sizes=\"auto, (max-width: 926px) 100vw, 926px\" \/><\/a><figcaption id=\"caption-attachment-17390\" class=\"wp-caption-text\">Le Chef de l\u2019Etat, le Capitaine Ibrahim TRAORE a salu\u00e9 le courage et l\u2019esprit de sacrifice de ces vaillants et intr\u00e9pides combattants &#8211; Ph. PREFASO<\/figcaption><\/figure>\n<p>Ces \u00e9l\u00e9ments des Forces de d\u00e9fense et de s\u00e9curit\u00e9 (FDS) et Volontaires pour la d\u00e9fense de la patrie (VDP), bless\u00e9s au cours des op\u00e9rations de s\u00e9curisation du territoire portent toujours, pour la plupart, les stigmates de la guerre.<\/p>\n<figure id=\"attachment_17389\" aria-describedby=\"caption-attachment-17389\" style=\"width: 1080px\" class=\"wp-caption aligncenter\"><a href=\"https:\/\/www.latribunedufaso.net\/wp-content\/uploads\/2024\/12\/IMG-20241207-WA0058.jpg\"><img loading=\"lazy\" decoding=\"async\" class=\"size-full wp-image-17389\" src=\"https:\/\/www.latribunedufaso.net\/wp-content\/uploads\/2024\/12\/IMG-20241207-WA0058.jpg\" alt=\"Au cours de la c\u00e9r\u00e9monie nationale de d\u00e9coration, ce vendredi 6 d\u00e9cembre, pr\u00e9sid\u00e9e par le Pr\u00e9sident du Faso, Chef de l\u2019Etat, le Capitaine Ibrahim TRAORE, la Nation a reconnu les m\u00e9rites de plusieurs bless\u00e9s en op\u00e9ration, 7 d\u00e9cembre 2024\" width=\"1080\" height=\"742\" srcset=\"https:\/\/www.latribunedufaso.net\/wp-content\/uploads\/2024\/12\/IMG-20241207-WA0058.jpg 1080w, https:\/\/www.latribunedufaso.net\/wp-content\/uploads\/2024\/12\/IMG-20241207-WA0058-300x206.jpg 300w, https:\/\/www.latribunedufaso.net\/wp-content\/uploads\/2024\/12\/IMG-20241207-WA0058-1024x704.jpg 1024w, https:\/\/www.latribunedufaso.net\/wp-content\/uploads\/2024\/12\/IMG-20241207-WA0058-768x528.jpg 768w\" sizes=\"auto, (max-width: 1080px) 100vw, 1080px\" \/><\/a><figcaption id=\"caption-attachment-17389\" class=\"wp-caption-text\">La patrie a exprim\u00e9 sa reconnaissance \u00e0 ces bless\u00e9s pour leur bravoure et leur d\u00e9termination &#8211; Ph. PREFASO<\/figcaption><\/figure>\n<p>Le Chef de l\u2019Etat, le Capitaine Ibrahim TRAORE a salu\u00e9 le courage et l\u2019esprit de sacrifice de ces vaillants et intr\u00e9pides combattants qui ont accept\u00e9 affronter le danger pour d\u00e9fendre la patrie.<\/p>\n<p><strong>Latribunedufaso.net<\/strong><\/p>\n<p><strong>Source : Direction de la communication de la Pr\u00e9sidence du Faso<\/strong><\/p>\n","protected":false},"excerpt":{"rendered":"<p>(Ouagadougou, 7 d\u00e9cembre 2024). Au cours de la c\u00e9r\u00e9monie nationale de d\u00e9coration, ce vendredi 6 d\u00e9cembre, pr\u00e9sid\u00e9e par le Pr\u00e9sident du Faso, Chef de l\u2019Etat, le Capitaine Ibrahim TRAORE, la Nation a reconnu les m\u00e9rites de plusieurs bless\u00e9s en op\u00e9ration.<\/p>\n","protected":false},"author":5,"featured_media":17388,"comment_status":"open","ping_status":"open","sticky":false,"template":"","format":"standard","meta":{"footnotes":""},"categories":[13,1,8],"tags":[525,39],"class_list":["post-17387","post","type-post","status-publish","format-standard","has-post-thumbnail","hentry","category-une","category-actu","category-societe","tag-decoration-blesses-en-operation","tag-latribunedufaso-net"],"yoast_head":"<!-- This site is optimized with the Yoast SEO plugin v27.4 - https:\/\/yoast.com\/product\/yoast-seo-wordpress\/ -->\n<title>C\u00e9r\u00e9monie officielle de d\u00e9coration : Des bless\u00e9s en op\u00e9ration honor\u00e9s pour le sacrifice consenti - La Tribune du Faso<\/title>\n<meta name=\"robots\" content=\"index, follow, max-snippet:-1, max-image-preview:large, max-video-preview:-1\" \/>\n<link rel=\"canonical\" href=\"https:\/\/www.latribunedufaso.net\/?p=17387\" \/>\n<meta property=\"og:locale\" content=\"fr_FR\" \/>\n<meta property=\"og:type\" content=\"article\" \/>\n<meta property=\"og:title\" content=\"C\u00e9r\u00e9monie officielle de d\u00e9coration : Des bless\u00e9s en op\u00e9ration honor\u00e9s pour le sacrifice consenti - La Tribune du Faso\" \/>\n<meta property=\"og:description\" content=\"(Ouagadougou, 7 d\u00e9cembre 2024). Au cours de la c\u00e9r\u00e9monie nationale de d\u00e9coration, ce vendredi 6 d\u00e9cembre, pr\u00e9sid\u00e9e par le Pr\u00e9sident du Faso, Chef de l\u2019Etat, le Capitaine Ibrahim TRAORE, la Nation a reconnu les m\u00e9rites de plusieurs bless\u00e9s en op\u00e9ration.\" \/>\n<meta property=\"og:url\" content=\"https:\/\/www.latribunedufaso.net\/?p=17387\" \/>\n<meta property=\"og:site_name\" content=\"La Tribune du Faso\" \/>\n<meta property=\"article:publisher\" content=\"https:\/\/www.facebook.com\/LatribuneduFaso\/\" \/>\n<meta property=\"article:published_time\" content=\"2024-12-07T10:13:02+00:00\" \/>\n<meta property=\"article:modified_time\" content=\"2024-12-07T10:16:04+00:00\" \/>\n<meta property=\"og:image\" content=\"https:\/\/www.latribunedufaso.net\/wp-content\/uploads\/2024\/12\/IMG-20241207-WA0056_1.jpg\" \/>\n\t<meta property=\"og:image:width\" content=\"926\" \/>\n\t<meta property=\"og:image:height\" content=\"694\" \/>\n\t<meta property=\"og:image:type\" content=\"image\/jpeg\" \/>\n<meta name=\"author\" content=\"Issouf Tapsoba\" \/>\n<meta name=\"twitter:label1\" content=\"\u00c9crit par\" \/>\n\t<meta name=\"twitter:data1\" content=\"Issouf Tapsoba\" \/>\n\t<meta name=\"twitter:label2\" content=\"Dur\u00e9e de lecture estim\u00e9e\" \/>\n\t<meta name=\"twitter:data2\" content=\"1 minute\" \/>\n<script type=\"application\/ld+json\" class=\"yoast-schema-graph\">{\"@context\":\"https:\\\/\\\/schema.org\",\"@graph\":[{\"@type\":\"Article\",\"@id\":\"https:\\\/\\\/www.latribunedufaso.net\\\/?p=17387#article\",\"isPartOf\":{\"@id\":\"https:\\\/\\\/www.latribunedufaso.net\\\/?p=17387\"},\"author\":{\"name\":\"Issouf Tapsoba\",\"@id\":\"https:\\\/\\\/www.latribunedufaso.net\\\/#\\\/schema\\\/person\\\/e54e64c5778a7e72cf80a318b7a622b0\"},\"headline\":\"C\u00e9r\u00e9monie officielle de d\u00e9coration : Des bless\u00e9s en op\u00e9ration honor\u00e9s pour le sacrifice consenti\",\"datePublished\":\"2024-12-07T10:13:02+00:00\",\"dateModified\":\"2024-12-07T10:16:04+00:00\",\"mainEntityOfPage\":{\"@id\":\"https:\\\/\\\/www.latribunedufaso.net\\\/?p=17387\"},\"wordCount\":285,\"commentCount\":0,\"publisher\":{\"@id\":\"https:\\\/\\\/www.latribunedufaso.net\\\/#organization\"},\"image\":{\"@id\":\"https:\\\/\\\/www.latribunedufaso.net\\\/?p=17387#primaryimage\"},\"thumbnailUrl\":\"https:\\\/\\\/www.latribunedufaso.net\\\/wp-content\\\/uploads\\\/2024\\\/12\\\/IMG-20241207-WA0056_1.jpg\",\"keywords\":[\"D\u00e9coration bless\u00e9s en op\u00e9ration\",\"latribunedufaso.net\"],\"articleSection\":[\"A la une\",\"Actualit\u00e9\",\"Soci\u00e9t\u00e9\"],\"inLanguage\":\"fr-FR\",\"potentialAction\":[{\"@type\":\"CommentAction\",\"name\":\"Comment\",\"target\":[\"https:\\\/\\\/www.latribunedufaso.net\\\/?p=17387#respond\"]}]},{\"@type\":\"WebPage\",\"@id\":\"https:\\\/\\\/www.latribunedufaso.net\\\/?p=17387\",\"url\":\"https:\\\/\\\/www.latribunedufaso.net\\\/?p=17387\",\"name\":\"C\u00e9r\u00e9monie officielle de d\u00e9coration : Des bless\u00e9s en op\u00e9ration honor\u00e9s pour le sacrifice consenti - La Tribune du Faso\",\"isPartOf\":{\"@id\":\"https:\\\/\\\/www.latribunedufaso.net\\\/#website\"},\"primaryImageOfPage\":{\"@id\":\"https:\\\/\\\/www.latribunedufaso.net\\\/?p=17387#primaryimage\"},\"image\":{\"@id\":\"https:\\\/\\\/www.latribunedufaso.net\\\/?p=17387#primaryimage\"},\"thumbnailUrl\":\"https:\\\/\\\/www.latribunedufaso.net\\\/wp-content\\\/uploads\\\/2024\\\/12\\\/IMG-20241207-WA0056_1.jpg\",\"datePublished\":\"2024-12-07T10:13:02+00:00\",\"dateModified\":\"2024-12-07T10:16:04+00:00\",\"breadcrumb\":{\"@id\":\"https:\\\/\\\/www.latribunedufaso.net\\\/?p=17387#breadcrumb\"},\"inLanguage\":\"fr-FR\",\"potentialAction\":[{\"@type\":\"ReadAction\",\"target\":[\"https:\\\/\\\/www.latribunedufaso.net\\\/?p=17387\"]}]},{\"@type\":\"ImageObject\",\"inLanguage\":\"fr-FR\",\"@id\":\"https:\\\/\\\/www.latribunedufaso.net\\\/?p=17387#primaryimage\",\"url\":\"https:\\\/\\\/www.latribunedufaso.net\\\/wp-content\\\/uploads\\\/2024\\\/12\\\/IMG-20241207-WA0056_1.jpg\",\"contentUrl\":\"https:\\\/\\\/www.latribunedufaso.net\\\/wp-content\\\/uploads\\\/2024\\\/12\\\/IMG-20241207-WA0056_1.jpg\",\"width\":926,\"height\":694,\"caption\":\"Au cours de la c\u00e9r\u00e9monie nationale de d\u00e9coration, ce vendredi 6 d\u00e9cembre, pr\u00e9sid\u00e9e par le Pr\u00e9sident du Faso, Chef de l\u2019Etat, le Capitaine Ibrahim TRAORE, la Nation a reconnu les m\u00e9rites de plusieurs bless\u00e9s en op\u00e9ration, 7 d\u00e9cembre 2024\"},{\"@type\":\"BreadcrumbList\",\"@id\":\"https:\\\/\\\/www.latribunedufaso.net\\\/?p=17387#breadcrumb\",\"itemListElement\":[{\"@type\":\"ListItem\",\"position\":1,\"name\":\"Accueil\",\"item\":\"https:\\\/\\\/www.latribunedufaso.net\\\/\"},{\"@type\":\"ListItem\",\"position\":2,\"name\":\"C\u00e9r\u00e9monie officielle de d\u00e9coration : Des bless\u00e9s en op\u00e9ration honor\u00e9s pour le sacrifice consenti\"}]},{\"@type\":\"WebSite\",\"@id\":\"https:\\\/\\\/www.latribunedufaso.net\\\/#website\",\"url\":\"https:\\\/\\\/www.latribunedufaso.net\\\/\",\"name\":\"La Tribune du Faso\",\"description\":\"L&#039;information du monde rural en un clic\",\"publisher\":{\"@id\":\"https:\\\/\\\/www.latribunedufaso.net\\\/#organization\"},\"potentialAction\":[{\"@type\":\"SearchAction\",\"target\":{\"@type\":\"EntryPoint\",\"urlTemplate\":\"https:\\\/\\\/www.latribunedufaso.net\\\/?s={search_term_string}\"},\"query-input\":{\"@type\":\"PropertyValueSpecification\",\"valueRequired\":true,\"valueName\":\"search_term_string\"}}],\"inLanguage\":\"fr-FR\"},{\"@type\":\"Organization\",\"@id\":\"https:\\\/\\\/www.latribunedufaso.net\\\/#organization\",\"name\":\"La Tribune du Faso\",\"url\":\"https:\\\/\\\/www.latribunedufaso.net\\\/\",\"logo\":{\"@type\":\"ImageObject\",\"inLanguage\":\"fr-FR\",\"@id\":\"https:\\\/\\\/www.latribunedufaso.net\\\/#\\\/schema\\\/logo\\\/image\\\/\",\"url\":\"https:\\\/\\\/www.latribunedufaso.net\\\/wp-content\\\/uploads\\\/2020\\\/08\\\/Logo-Tribune-du-Faso-final-scaled.jpg\",\"contentUrl\":\"https:\\\/\\\/www.latribunedufaso.net\\\/wp-content\\\/uploads\\\/2020\\\/08\\\/Logo-Tribune-du-Faso-final-scaled.jpg\",\"width\":2560,\"height\":1856,\"caption\":\"La Tribune du Faso\"},\"image\":{\"@id\":\"https:\\\/\\\/www.latribunedufaso.net\\\/#\\\/schema\\\/logo\\\/image\\\/\"},\"sameAs\":[\"https:\\\/\\\/www.facebook.com\\\/LatribuneduFaso\\\/\"]},{\"@type\":\"Person\",\"@id\":\"https:\\\/\\\/www.latribunedufaso.net\\\/#\\\/schema\\\/person\\\/e54e64c5778a7e72cf80a318b7a622b0\",\"name\":\"Issouf Tapsoba\",\"image\":{\"@type\":\"ImageObject\",\"inLanguage\":\"fr-FR\",\"@id\":\"https:\\\/\\\/secure.gravatar.com\\\/avatar\\\/5e6c05150ce3230247d167f5b94d678eb05936197436d69b7921e3a95c9107ac?s=96&d=mm&r=g\",\"url\":\"https:\\\/\\\/secure.gravatar.com\\\/avatar\\\/5e6c05150ce3230247d167f5b94d678eb05936197436d69b7921e3a95c9107ac?s=96&d=mm&r=g\",\"contentUrl\":\"https:\\\/\\\/secure.gravatar.com\\\/avatar\\\/5e6c05150ce3230247d167f5b94d678eb05936197436d69b7921e3a95c9107ac?s=96&d=mm&r=g\",\"caption\":\"Issouf Tapsoba\"},\"url\":\"https:\\\/\\\/www.latribunedufaso.net\\\/?author=5\"}]}<\/script>\n<!-- \/ Yoast SEO plugin. -->","yoast_head_json":{"title":"C\u00e9r\u00e9monie officielle de d\u00e9coration : Des bless\u00e9s en op\u00e9ration honor\u00e9s pour le sacrifice consenti - La Tribune du Faso","robots":{"index":"index","follow":"follow","max-snippet":"max-snippet:-1","max-image-preview":"max-image-preview:large","max-video-preview":"max-video-preview:-1"},"canonical":"https:\/\/www.latribunedufaso.net\/?p=17387","og_locale":"fr_FR","og_type":"article","og_title":"C\u00e9r\u00e9monie officielle de d\u00e9coration : Des bless\u00e9s en op\u00e9ration honor\u00e9s pour le sacrifice consenti - La Tribune du Faso","og_description":"(Ouagadougou, 7 d\u00e9cembre 2024). Au cours de la c\u00e9r\u00e9monie nationale de d\u00e9coration, ce vendredi 6 d\u00e9cembre, pr\u00e9sid\u00e9e par le Pr\u00e9sident du Faso, Chef de l\u2019Etat, le Capitaine Ibrahim TRAORE, la Nation a reconnu les m\u00e9rites de plusieurs bless\u00e9s en op\u00e9ration.","og_url":"https:\/\/www.latribunedufaso.net\/?p=17387","og_site_name":"La Tribune du Faso","article_publisher":"https:\/\/www.facebook.com\/LatribuneduFaso\/","article_published_time":"2024-12-07T10:13:02+00:00","article_modified_time":"2024-12-07T10:16:04+00:00","og_image":[{"width":926,"height":694,"url":"https:\/\/www.latribunedufaso.net\/wp-content\/uploads\/2024\/12\/IMG-20241207-WA0056_1.jpg","type":"image\/jpeg"}],"author":"Issouf Tapsoba","twitter_misc":{"\u00c9crit par":"Issouf Tapsoba","Dur\u00e9e de lecture estim\u00e9e":"1 minute"},"schema":{"@context":"https:\/\/schema.org","@graph":[{"@type":"Article","@id":"https:\/\/www.latribunedufaso.net\/?p=17387#article","isPartOf":{"@id":"https:\/\/www.latribunedufaso.net\/?p=17387"},"author":{"name":"Issouf Tapsoba","@id":"https:\/\/www.latribunedufaso.net\/#\/schema\/person\/e54e64c5778a7e72cf80a318b7a622b0"},"headline":"C\u00e9r\u00e9monie officielle de d\u00e9coration : Des bless\u00e9s en op\u00e9ration honor\u00e9s pour le sacrifice consenti","datePublished":"2024-12-07T10:13:02+00:00","dateModified":"2024-12-07T10:16:04+00:00","mainEntityOfPage":{"@id":"https:\/\/www.latribunedufaso.net\/?p=17387"},"wordCount":285,"commentCount":0,"publisher":{"@id":"https:\/\/www.latribunedufaso.net\/#organization"},"image":{"@id":"https:\/\/www.latribunedufaso.net\/?p=17387#primaryimage"},"thumbnailUrl":"https:\/\/www.latribunedufaso.net\/wp-content\/uploads\/2024\/12\/IMG-20241207-WA0056_1.jpg","keywords":["D\u00e9coration bless\u00e9s en op\u00e9ration","latribunedufaso.net"],"articleSection":["A la une","Actualit\u00e9","Soci\u00e9t\u00e9"],"inLanguage":"fr-FR","potentialAction":[{"@type":"CommentAction","name":"Comment","target":["https:\/\/www.latribunedufaso.net\/?p=17387#respond"]}]},{"@type":"WebPage","@id":"https:\/\/www.latribunedufaso.net\/?p=17387","url":"https:\/\/www.latribunedufaso.net\/?p=17387","name":"C\u00e9r\u00e9monie officielle de d\u00e9coration : Des bless\u00e9s en op\u00e9ration honor\u00e9s pour le sacrifice consenti - La Tribune du Faso","isPartOf":{"@id":"https:\/\/www.latribunedufaso.net\/#website"},"primaryImageOfPage":{"@id":"https:\/\/www.latribunedufaso.net\/?p=17387#primaryimage"},"image":{"@id":"https:\/\/www.latribunedufaso.net\/?p=17387#primaryimage"},"thumbnailUrl":"https:\/\/www.latribunedufaso.net\/wp-content\/uploads\/2024\/12\/IMG-20241207-WA0056_1.jpg","datePublished":"2024-12-07T10:13:02+00:00","dateModified":"2024-12-07T10:16:04+00:00","breadcrumb":{"@id":"https:\/\/www.latribunedufaso.net\/?p=17387#breadcrumb"},"inLanguage":"fr-FR","potentialAction":[{"@type":"ReadAction","target":["https:\/\/www.latribunedufaso.net\/?p=17387"]}]},{"@type":"ImageObject","inLanguage":"fr-FR","@id":"https:\/\/www.latribunedufaso.net\/?p=17387#primaryimage","url":"https:\/\/www.latribunedufaso.net\/wp-content\/uploads\/2024\/12\/IMG-20241207-WA0056_1.jpg","contentUrl":"https:\/\/www.latribunedufaso.net\/wp-content\/uploads\/2024\/12\/IMG-20241207-WA0056_1.jpg","width":926,"height":694,"caption":"Au cours de la c\u00e9r\u00e9monie nationale de d\u00e9coration, ce vendredi 6 d\u00e9cembre, pr\u00e9sid\u00e9e par le Pr\u00e9sident du Faso, Chef de l\u2019Etat, le Capitaine Ibrahim TRAORE, la Nation a reconnu les m\u00e9rites de plusieurs bless\u00e9s en op\u00e9ration, 7 d\u00e9cembre 2024"},{"@type":"BreadcrumbList","@id":"https:\/\/www.latribunedufaso.net\/?p=17387#breadcrumb","itemListElement":[{"@type":"ListItem","position":1,"name":"Accueil","item":"https:\/\/www.latribunedufaso.net\/"},{"@type":"ListItem","position":2,"name":"C\u00e9r\u00e9monie officielle de d\u00e9coration : Des bless\u00e9s en op\u00e9ration honor\u00e9s pour le sacrifice consenti"}]},{"@type":"WebSite","@id":"https:\/\/www.latribunedufaso.net\/#website","url":"https:\/\/www.latribunedufaso.net\/","name":"La Tribune du Faso","description":"L&#039;information du monde rural en un clic","publisher":{"@id":"https:\/\/www.latribunedufaso.net\/#organization"},"potentialAction":[{"@type":"SearchAction","target":{"@type":"EntryPoint","urlTemplate":"https:\/\/www.latribunedufaso.net\/?s={search_term_string}"},"query-input":{"@type":"PropertyValueSpecification","valueRequired":true,"valueName":"search_term_string"}}],"inLanguage":"fr-FR"},{"@type":"Organization","@id":"https:\/\/www.latribunedufaso.net\/#organization","name":"La Tribune du Faso","url":"https:\/\/www.latribunedufaso.net\/","logo":{"@type":"ImageObject","inLanguage":"fr-FR","@id":"https:\/\/www.latribunedufaso.net\/#\/schema\/logo\/image\/","url":"https:\/\/www.latribunedufaso.net\/wp-content\/uploads\/2020\/08\/Logo-Tribune-du-Faso-final-scaled.jpg","contentUrl":"https:\/\/www.latribunedufaso.net\/wp-content\/uploads\/2020\/08\/Logo-Tribune-du-Faso-final-scaled.jpg","width":2560,"height":1856,"caption":"La Tribune du Faso"},"image":{"@id":"https:\/\/www.latribunedufaso.net\/#\/schema\/logo\/image\/"},"sameAs":["https:\/\/www.facebook.com\/LatribuneduFaso\/"]},{"@type":"Person","@id":"https:\/\/www.latribunedufaso.net\/#\/schema\/person\/e54e64c5778a7e72cf80a318b7a622b0","name":"Issouf Tapsoba","image":{"@type":"ImageObject","inLanguage":"fr-FR","@id":"https:\/\/secure.gravatar.com\/avatar\/5e6c05150ce3230247d167f5b94d678eb05936197436d69b7921e3a95c9107ac?s=96&d=mm&r=g","url":"https:\/\/secure.gravatar.com\/avatar\/5e6c05150ce3230247d167f5b94d678eb05936197436d69b7921e3a95c9107ac?s=96&d=mm&r=g","contentUrl":"https:\/\/secure.gravatar.com\/avatar\/5e6c05150ce3230247d167f5b94d678eb05936197436d69b7921e3a95c9107ac?s=96&d=mm&r=g","caption":"Issouf Tapsoba"},"url":"https:\/\/www.latribunedufaso.net\/?author=5"}]}},"_links":{"self":[{"href":"https:\/\/www.latribunedufaso.net\/index.php?rest_route=\/wp\/v2\/posts\/17387","targetHints":{"allow":["GET"]}}],"collection":[{"href":"https:\/\/www.latribunedufaso.net\/index.php?rest_route=\/wp\/v2\/posts"}],"about":[{"href":"https:\/\/www.latribunedufaso.net\/index.php?rest_route=\/wp\/v2\/types\/post"}],"author":[{"embeddable":true,"href":"https:\/\/www.latribunedufaso.net\/index.php?rest_route=\/wp\/v2\/users\/5"}],"replies":[{"embeddable":true,"href":"https:\/\/www.latribunedufaso.net\/index.php?rest_route=%2Fwp%2Fv2%2Fcomments&post=17387"}],"version-history":[{"count":2,"href":"https:\/\/www.latribunedufaso.net\/index.php?rest_route=\/wp\/v2\/posts\/17387\/revisions"}],"predecessor-version":[{"id":17392,"href":"https:\/\/www.latribunedufaso.net\/index.php?rest_route=\/wp\/v2\/posts\/17387\/revisions\/17392"}],"wp:featuredmedia":[{"embeddable":true,"href":"https:\/\/www.latribunedufaso.net\/index.php?rest_route=\/wp\/v2\/media\/17388"}],"wp:attachment":[{"href":"https:\/\/www.latribunedufaso.net\/index.php?rest_route=%2Fwp%2Fv2%2Fmedia&parent=17387"}],"wp:term":[{"taxonomy":"category","embeddable":true,"href":"https:\/\/www.latribunedufaso.net\/index.php?rest_route=%2Fwp%2Fv2%2Fcategories&post=17387"},{"taxonomy":"post_tag","embeddable":true,"href":"https:\/\/www.latribunedufaso.net\/index.php?rest_route=%2Fwp%2Fv2%2Ftags&post=17387"}],"curies":[{"name":"wp","href":"https:\/\/api.w.org\/{rel}","templated":true}]}}