{"id":1733,"date":"2020-11-05T08:07:54","date_gmt":"2020-11-05T08:07:54","guid":{"rendered":"https:\/\/www.latribunedufaso.net\/?p=1733"},"modified":"2020-11-05T08:07:54","modified_gmt":"2020-11-05T08:07:54","slug":"programme-de-societe-tahirou-barry-pret-a-reformer-les-sous-secteurs-de-lagriculture-et-de-lelevage","status":"publish","type":"post","link":"https:\/\/www.latribunedufaso.net\/?p=1733","title":{"rendered":"Programme de soci\u00e9t\u00e9\u00a0: Tahirou Barry pr\u00eat \u00e0 r\u00e9former les sous-secteurs de l\u2019agriculture et de l\u2019\u00e9levage"},"content":{"rendered":"<p><strong>Le candidat du Mouvement pour le changement et la renaissance (MCR), Tahirou Barry, a d\u00e9voil\u00e9 son programme de soci\u00e9t\u00e9 \u00e0 partir duquel il compte construire \u00ab\u00a0un Burkina uni et plus fort\u00a0\u00bb. Dans ledit programme, il entend proc\u00e9der \u00e0 des r\u00e9formes sectorielles, dont une r\u00e9forme visant la promotion du capital humain et la transformation de l\u2019\u00e9conomie. <\/strong><!--more--><\/p>\n<p><a href=\"https:\/\/latribunedufaso.net\/wp-content\/uploads\/2020\/11\/Tahirou-Barry.jpg\"><img loading=\"lazy\" decoding=\"async\" class=\" wp-image-1734 aligncenter\" src=\"https:\/\/latribunedufaso.net\/wp-content\/uploads\/2020\/11\/Tahirou-Barry-300x167.jpg\" alt=\"\" width=\"482\" height=\"268\" srcset=\"https:\/\/www.latribunedufaso.net\/wp-content\/uploads\/2020\/11\/Tahirou-Barry-300x167.jpg 300w, https:\/\/www.latribunedufaso.net\/wp-content\/uploads\/2020\/11\/Tahirou-Barry.jpg 526w\" sizes=\"auto, (max-width: 482px) 100vw, 482px\" \/><\/a><\/p>\n<p>\u00ab\u00a0Il est temps de prendre nos responsabilit\u00e9s pour b\u00e2tir une grande nation et assurer l\u2019avenir de nos enfants au lieu d\u2019assister impuissamment \u00e0 la prise en otage de notre destin\u00e9e par une certaine g\u00e9n\u00e9ration de politiciens en crise d\u2019inspiration et d\u2019imagination\u00a0\u00bb, indique le candidat du Mouvement pour le changement et la renaissance (MCR) dans l\u2019avant-propos du document contenant son programme pr\u00e9sidentiel.<\/p>\n<p>Eh oui, le candidat Tahirou Barry compte, parmi les nombreuses r\u00e9formes sectorielles pr\u00e9vues si les Burkinab\u00e8 lui permettent, au soir du 22 novembre d\u2019\u00eatre le locataire de Kosyam, proc\u00e9der \u00e0 une r\u00e9forme pour la promotion du capital humain et la transformation de l\u2019\u00e9conomie. En clair, il pr\u00e9voit, en ce qui concerne les sous-secteurs de l\u2019agriculture et l\u2019\u00e9levage, s\u00e9curiser les acc\u00e8s \u00e0 la terre\u00a0; r\u00e9duire la d\u00e9pendance de la production aux al\u00e9as climatiques et am\u00e9liorer la productivit\u00e9\u00a0; d\u00e9senclaver les zones de production pour \u00e9couler les produits agro-pastoraux\u00a0; et transformer et commercialiser les produits agro-pastoraux.<\/p>\n<p>Pour la s\u00e9curisation de l\u2019acc\u00e8s \u00e0 la terre, il estime qu\u2019il faut relire les lois 34-12 du 02 juillet 2012 portant r\u00e9organisation agraire et fonci\u00e8re au Burkina pour mieux encadrer les titres d\u2019occupation d\u00e9livr\u00e9s aux priv\u00e9s dans des zones hors lotissement portant sur des espaces d\u00e9mesur\u00e9s ; assurer l\u2019effectivit\u00e9 des textes d\u2019application de la loi sur le foncier ainsi que du code g\u00e9n\u00e9ral des collectivit\u00e9s territoriales qui fixe clairement le statut des diff\u00e9rents espaces fonciers ; \u00e9tendre \u00e0 toutes les communes rurales des services fonciers ruraux fonctionnels dot\u00e9s de moyens humains, mat\u00e9riels et financiers en vue de favoriser l\u2019acc\u00e8s et la s\u00e9curisation ; et interdire l\u2019installation des soci\u00e9t\u00e9s immobili\u00e8res et mini\u00e8res dans les zones \u00e0 vocation agro sylvo-pastorales\u2026<\/p>\n<p>S\u2019agissant de la r\u00e9duction de la d\u00e9pendance de la production aux al\u00e9as climatiques et l\u2019am\u00e9lioration de la productivit\u00e9, il avance qu\u2019il faut lever les contraintes, notamment au niveau des syst\u00e8mes de production irrigu\u00e9e. Pour cela, il sera engag\u00e9 une politique d\u2019am\u00e9nagement de 20 000 ha de basfonds et de redistribution des terres \u00e0 des coop\u00e9ratives ou \u00e0 des groupes de 5 \u00e0 10 producteurs de jeunes et de femmes formant des unit\u00e9s de production\u00a0; une politique nouvelle d\u2019organisation et de formation des agriculteurs et des \u00e9leveurs pour aller vers la professionnalisation et l\u2019entreprenariat agricole\u00a0; une politique volontariste de modernisation de l\u2019agriculture \u00e0 travers la m\u00e9canisation et de motorisation du secteur primaire et l\u2019augmentation du taux d\u2019\u00e9quipement de 44 \u00e0 80% (tracteur, charrue, charrettes, motopompe) au moyen d\u2019une mise \u00e0 disposition aux producteurs \u00e0 prix subventionn\u00e9s et accessibles aux petits producteurs\u00a0; la cr\u00e9ation d\u2019une centrale dynamique d\u2019achat et de gestion des aliments pour b\u00e9tail dans chaque r\u00e9gion, etc.<\/p>\n<p>Quant au d\u00e9senclavement des zones de production pour \u00e9couler les produits agro-pastoraux, il sera question de construire et de r\u00e9habiliter des pistes rurales et tron\u00e7ons routiers d\u2019une longueur de 500 km d\u00e9termin\u00e9s en concertation avec les techniciens du d\u00e9partement en charge des infrastructures\u00a0; il sera \u00e9galement\u00a0 question d\u2019engager une politique hardie de bitumage de qualit\u00e9 et de r\u00e9habilitation des routes nationales au moyen d\u2019un Partenariat Public Priv\u00e9 (PPP) avec un suivi tr\u00e8s rigoureux des travaux par les services comp\u00e9tents.<\/p>\n<p>&nbsp;<\/p>\n<p>Du reste, la transformation et la commercialisation des produits agro-pastoraux, l\u2019engagement du MCR est d\u2019accompagner et faciliter la cr\u00e9ation, l\u2019\u00e9quipement et la modernisation des unit\u00e9s de transformation des produits agricoles ; de renforcer le syst\u00e8me d\u2019information sur les march\u00e9s agricoles notamment \u00e0 travers la collecte de donn\u00e9es sur les march\u00e9s sp\u00e9cifiques cibl\u00e9s ; d\u2019aider les op\u00e9rateurs de la chaine de valeur \u00e0 \u00e9laborer des plans d\u2019affaires viables pour am\u00e9liorer l\u2019acc\u00e8s au financement pr\u00e9vus, etc.<\/p>\n<p>En rappel, reconstruire un Etat puissant qui repose sur des valeurs de solidarit\u00e9, de justice et de coh\u00e9sion sociale, gage d\u2019une gouvernance vertueuse et d\u2019un d\u00e9veloppement durable\u00a0; telle est la vision annonc\u00e9e par le Mouvement pour le changement et la renaissance (MCR). Son objectif principal, \u0153uvrer au d\u00e9veloppement durable du Burkina Faso gr\u00e2ce \u00e0 une gouvernance vertueuse. Le MCR repose alors son action sur trois (03) principes directeurs que sont la confiance, l\u2019engagement et la participation. Le programme, quant \u00e0 lui, est b\u00e2ti autour de deux grands axes strat\u00e9giques pour relever le d\u00e9fi du changement et du d\u00e9veloppement durable. Il s\u2019agit en premier, de refonder les institutions et moderniser l\u2019Administration. Secondement, de transformer le syst\u00e8me \u00e9ducatif afin de cr\u00e9er un Burkinab\u00e8 nouveau et conscient de sa mission patriotique.<\/p>\n<p><strong>Synth\u00e8se de Tambi Serge Pac\u00f4me Zongo<\/strong><\/p>\n<p><strong>Latribunedufaso.net<\/strong><\/p>\n","protected":false},"excerpt":{"rendered":"<p>Le candidat du Mouvement pour le changement et la renaissance (MCR), Tahirou Barry, a d\u00e9voil\u00e9 son programme de soci\u00e9t\u00e9 \u00e0 partir duquel il compte construire \u00ab\u00a0un Burkina uni et plus fort\u00a0\u00bb. Dans ledit programme, il entend proc\u00e9der \u00e0 des r\u00e9formes sectorielles, dont une r\u00e9forme visant la promotion du capital humain et la transformation de l\u2019\u00e9conomie.<\/p>\n","protected":false},"author":2,"featured_media":1735,"comment_status":"open","ping_status":"open","sticky":false,"template":"","format":"standard","meta":{"footnotes":""},"categories":[13,1,26],"tags":[],"class_list":["post-1733","post","type-post","status-publish","format-standard","has-post-thumbnail","hentry","category-une","category-actu","category-elections-couplees-novembre-2020"],"yoast_head":"<!-- This site is optimized with the Yoast SEO plugin v27.4 - https:\/\/yoast.com\/product\/yoast-seo-wordpress\/ -->\n<title>Programme de soci\u00e9t\u00e9\u00a0: Tahirou Barry pr\u00eat \u00e0 r\u00e9former les sous-secteurs de l\u2019agriculture et de l\u2019\u00e9levage - La Tribune du Faso<\/title>\n<meta name=\"robots\" content=\"index, follow, max-snippet:-1, max-image-preview:large, max-video-preview:-1\" \/>\n<link rel=\"canonical\" href=\"https:\/\/www.latribunedufaso.net\/?p=1733\" \/>\n<meta property=\"og:locale\" content=\"fr_FR\" \/>\n<meta property=\"og:type\" content=\"article\" \/>\n<meta property=\"og:title\" content=\"Programme de soci\u00e9t\u00e9\u00a0: Tahirou Barry pr\u00eat \u00e0 r\u00e9former les sous-secteurs de l\u2019agriculture et de l\u2019\u00e9levage - La Tribune du Faso\" \/>\n<meta property=\"og:description\" content=\"Le candidat du Mouvement pour le changement et la renaissance (MCR), Tahirou Barry, a d\u00e9voil\u00e9 son programme de soci\u00e9t\u00e9 \u00e0 partir duquel il compte construire \u00ab\u00a0un Burkina uni et plus fort\u00a0\u00bb. Dans ledit programme, il entend proc\u00e9der \u00e0 des r\u00e9formes sectorielles, dont une r\u00e9forme visant la promotion du capital humain et la transformation de l\u2019\u00e9conomie.\" \/>\n<meta property=\"og:url\" content=\"https:\/\/www.latribunedufaso.net\/?p=1733\" \/>\n<meta property=\"og:site_name\" content=\"La Tribune du Faso\" \/>\n<meta property=\"article:publisher\" content=\"https:\/\/www.facebook.com\/LatribuneduFaso\/\" \/>\n<meta property=\"article:published_time\" content=\"2020-11-05T08:07:54+00:00\" \/>\n<meta property=\"og:image\" content=\"https:\/\/latribunedufaso.net\/wp-content\/uploads\/2020\/11\/Tahirou.jpg\" \/>\n\t<meta property=\"og:image:width\" content=\"1139\" \/>\n\t<meta property=\"og:image:height\" content=\"640\" \/>\n\t<meta property=\"og:image:type\" content=\"image\/jpeg\" \/>\n<meta name=\"author\" content=\"Administrateur\" \/>\n<meta name=\"twitter:label1\" content=\"\u00c9crit par\" \/>\n\t<meta name=\"twitter:data1\" content=\"Administrateur\" \/>\n\t<meta name=\"twitter:label2\" content=\"Dur\u00e9e de lecture estim\u00e9e\" \/>\n\t<meta name=\"twitter:data2\" content=\"4 minutes\" \/>\n<script type=\"application\/ld+json\" class=\"yoast-schema-graph\">{\"@context\":\"https:\\\/\\\/schema.org\",\"@graph\":[{\"@type\":\"Article\",\"@id\":\"https:\\\/\\\/www.latribunedufaso.net\\\/?p=1733#article\",\"isPartOf\":{\"@id\":\"https:\\\/\\\/www.latribunedufaso.net\\\/?p=1733\"},\"author\":{\"name\":\"Administrateur\",\"@id\":\"https:\\\/\\\/www.latribunedufaso.net\\\/#\\\/schema\\\/person\\\/a380782d0605bb8aae27c40ea93b35b1\"},\"headline\":\"Programme de soci\u00e9t\u00e9\u00a0: Tahirou Barry pr\u00eat \u00e0 r\u00e9former les sous-secteurs de l\u2019agriculture et de l\u2019\u00e9levage\",\"datePublished\":\"2020-11-05T08:07:54+00:00\",\"mainEntityOfPage\":{\"@id\":\"https:\\\/\\\/www.latribunedufaso.net\\\/?p=1733\"},\"wordCount\":894,\"commentCount\":0,\"publisher\":{\"@id\":\"https:\\\/\\\/www.latribunedufaso.net\\\/#organization\"},\"image\":{\"@id\":\"https:\\\/\\\/www.latribunedufaso.net\\\/?p=1733#primaryimage\"},\"thumbnailUrl\":\"https:\\\/\\\/www.latribunedufaso.net\\\/wp-content\\\/uploads\\\/2020\\\/11\\\/Tahirou.jpg\",\"articleSection\":[\"A la une\",\"Actualit\u00e9\",\"Elections coupl\u00e9es novembre 2020\"],\"inLanguage\":\"fr-FR\",\"potentialAction\":[{\"@type\":\"CommentAction\",\"name\":\"Comment\",\"target\":[\"https:\\\/\\\/www.latribunedufaso.net\\\/?p=1733#respond\"]}]},{\"@type\":\"WebPage\",\"@id\":\"https:\\\/\\\/www.latribunedufaso.net\\\/?p=1733\",\"url\":\"https:\\\/\\\/www.latribunedufaso.net\\\/?p=1733\",\"name\":\"Programme de soci\u00e9t\u00e9\u00a0: Tahirou Barry pr\u00eat \u00e0 r\u00e9former les sous-secteurs de l\u2019agriculture et de l\u2019\u00e9levage - La Tribune du Faso\",\"isPartOf\":{\"@id\":\"https:\\\/\\\/www.latribunedufaso.net\\\/#website\"},\"primaryImageOfPage\":{\"@id\":\"https:\\\/\\\/www.latribunedufaso.net\\\/?p=1733#primaryimage\"},\"image\":{\"@id\":\"https:\\\/\\\/www.latribunedufaso.net\\\/?p=1733#primaryimage\"},\"thumbnailUrl\":\"https:\\\/\\\/www.latribunedufaso.net\\\/wp-content\\\/uploads\\\/2020\\\/11\\\/Tahirou.jpg\",\"datePublished\":\"2020-11-05T08:07:54+00:00\",\"breadcrumb\":{\"@id\":\"https:\\\/\\\/www.latribunedufaso.net\\\/?p=1733#breadcrumb\"},\"inLanguage\":\"fr-FR\",\"potentialAction\":[{\"@type\":\"ReadAction\",\"target\":[\"https:\\\/\\\/www.latribunedufaso.net\\\/?p=1733\"]}]},{\"@type\":\"ImageObject\",\"inLanguage\":\"fr-FR\",\"@id\":\"https:\\\/\\\/www.latribunedufaso.net\\\/?p=1733#primaryimage\",\"url\":\"https:\\\/\\\/www.latribunedufaso.net\\\/wp-content\\\/uploads\\\/2020\\\/11\\\/Tahirou.jpg\",\"contentUrl\":\"https:\\\/\\\/www.latribunedufaso.net\\\/wp-content\\\/uploads\\\/2020\\\/11\\\/Tahirou.jpg\",\"width\":1139,\"height\":640},{\"@type\":\"BreadcrumbList\",\"@id\":\"https:\\\/\\\/www.latribunedufaso.net\\\/?p=1733#breadcrumb\",\"itemListElement\":[{\"@type\":\"ListItem\",\"position\":1,\"name\":\"Accueil\",\"item\":\"https:\\\/\\\/www.latribunedufaso.net\\\/\"},{\"@type\":\"ListItem\",\"position\":2,\"name\":\"Programme de soci\u00e9t\u00e9\u00a0: Tahirou Barry pr\u00eat \u00e0 r\u00e9former les sous-secteurs de l\u2019agriculture et de l\u2019\u00e9levage\"}]},{\"@type\":\"WebSite\",\"@id\":\"https:\\\/\\\/www.latribunedufaso.net\\\/#website\",\"url\":\"https:\\\/\\\/www.latribunedufaso.net\\\/\",\"name\":\"La Tribune du Faso\",\"description\":\"L&#039;information du monde rural en un clic\",\"publisher\":{\"@id\":\"https:\\\/\\\/www.latribunedufaso.net\\\/#organization\"},\"potentialAction\":[{\"@type\":\"SearchAction\",\"target\":{\"@type\":\"EntryPoint\",\"urlTemplate\":\"https:\\\/\\\/www.latribunedufaso.net\\\/?s={search_term_string}\"},\"query-input\":{\"@type\":\"PropertyValueSpecification\",\"valueRequired\":true,\"valueName\":\"search_term_string\"}}],\"inLanguage\":\"fr-FR\"},{\"@type\":\"Organization\",\"@id\":\"https:\\\/\\\/www.latribunedufaso.net\\\/#organization\",\"name\":\"La Tribune du Faso\",\"url\":\"https:\\\/\\\/www.latribunedufaso.net\\\/\",\"logo\":{\"@type\":\"ImageObject\",\"inLanguage\":\"fr-FR\",\"@id\":\"https:\\\/\\\/www.latribunedufaso.net\\\/#\\\/schema\\\/logo\\\/image\\\/\",\"url\":\"https:\\\/\\\/www.latribunedufaso.net\\\/wp-content\\\/uploads\\\/2020\\\/08\\\/Logo-Tribune-du-Faso-final-scaled.jpg\",\"contentUrl\":\"https:\\\/\\\/www.latribunedufaso.net\\\/wp-content\\\/uploads\\\/2020\\\/08\\\/Logo-Tribune-du-Faso-final-scaled.jpg\",\"width\":2560,\"height\":1856,\"caption\":\"La Tribune du Faso\"},\"image\":{\"@id\":\"https:\\\/\\\/www.latribunedufaso.net\\\/#\\\/schema\\\/logo\\\/image\\\/\"},\"sameAs\":[\"https:\\\/\\\/www.facebook.com\\\/LatribuneduFaso\\\/\"]},{\"@type\":\"Person\",\"@id\":\"https:\\\/\\\/www.latribunedufaso.net\\\/#\\\/schema\\\/person\\\/a380782d0605bb8aae27c40ea93b35b1\",\"name\":\"Administrateur\",\"image\":{\"@type\":\"ImageObject\",\"inLanguage\":\"fr-FR\",\"@id\":\"https:\\\/\\\/secure.gravatar.com\\\/avatar\\\/e20266f97d741f0e80ba1f60283074a9b3317fd7bfb727e0d95b51dafbf854a1?s=96&d=mm&r=g\",\"url\":\"https:\\\/\\\/secure.gravatar.com\\\/avatar\\\/e20266f97d741f0e80ba1f60283074a9b3317fd7bfb727e0d95b51dafbf854a1?s=96&d=mm&r=g\",\"contentUrl\":\"https:\\\/\\\/secure.gravatar.com\\\/avatar\\\/e20266f97d741f0e80ba1f60283074a9b3317fd7bfb727e0d95b51dafbf854a1?s=96&d=mm&r=g\",\"caption\":\"Administrateur\"},\"url\":\"https:\\\/\\\/www.latribunedufaso.net\\\/?author=2\"}]}<\/script>\n<!-- \/ Yoast SEO plugin. -->","yoast_head_json":{"title":"Programme de soci\u00e9t\u00e9\u00a0: Tahirou Barry pr\u00eat \u00e0 r\u00e9former les sous-secteurs de l\u2019agriculture et de l\u2019\u00e9levage - La Tribune du Faso","robots":{"index":"index","follow":"follow","max-snippet":"max-snippet:-1","max-image-preview":"max-image-preview:large","max-video-preview":"max-video-preview:-1"},"canonical":"https:\/\/www.latribunedufaso.net\/?p=1733","og_locale":"fr_FR","og_type":"article","og_title":"Programme de soci\u00e9t\u00e9\u00a0: Tahirou Barry pr\u00eat \u00e0 r\u00e9former les sous-secteurs de l\u2019agriculture et de l\u2019\u00e9levage - La Tribune du Faso","og_description":"Le candidat du Mouvement pour le changement et la renaissance (MCR), Tahirou Barry, a d\u00e9voil\u00e9 son programme de soci\u00e9t\u00e9 \u00e0 partir duquel il compte construire \u00ab\u00a0un Burkina uni et plus fort\u00a0\u00bb. Dans ledit programme, il entend proc\u00e9der \u00e0 des r\u00e9formes sectorielles, dont une r\u00e9forme visant la promotion du capital humain et la transformation de l\u2019\u00e9conomie.","og_url":"https:\/\/www.latribunedufaso.net\/?p=1733","og_site_name":"La Tribune du Faso","article_publisher":"https:\/\/www.facebook.com\/LatribuneduFaso\/","article_published_time":"2020-11-05T08:07:54+00:00","og_image":[{"width":1139,"height":640,"url":"https:\/\/latribunedufaso.net\/wp-content\/uploads\/2020\/11\/Tahirou.jpg","type":"image\/jpeg"}],"author":"Administrateur","twitter_misc":{"\u00c9crit par":"Administrateur","Dur\u00e9e de lecture estim\u00e9e":"4 minutes"},"schema":{"@context":"https:\/\/schema.org","@graph":[{"@type":"Article","@id":"https:\/\/www.latribunedufaso.net\/?p=1733#article","isPartOf":{"@id":"https:\/\/www.latribunedufaso.net\/?p=1733"},"author":{"name":"Administrateur","@id":"https:\/\/www.latribunedufaso.net\/#\/schema\/person\/a380782d0605bb8aae27c40ea93b35b1"},"headline":"Programme de soci\u00e9t\u00e9\u00a0: Tahirou Barry pr\u00eat \u00e0 r\u00e9former les sous-secteurs de l\u2019agriculture et de l\u2019\u00e9levage","datePublished":"2020-11-05T08:07:54+00:00","mainEntityOfPage":{"@id":"https:\/\/www.latribunedufaso.net\/?p=1733"},"wordCount":894,"commentCount":0,"publisher":{"@id":"https:\/\/www.latribunedufaso.net\/#organization"},"image":{"@id":"https:\/\/www.latribunedufaso.net\/?p=1733#primaryimage"},"thumbnailUrl":"https:\/\/www.latribunedufaso.net\/wp-content\/uploads\/2020\/11\/Tahirou.jpg","articleSection":["A la une","Actualit\u00e9","Elections coupl\u00e9es novembre 2020"],"inLanguage":"fr-FR","potentialAction":[{"@type":"CommentAction","name":"Comment","target":["https:\/\/www.latribunedufaso.net\/?p=1733#respond"]}]},{"@type":"WebPage","@id":"https:\/\/www.latribunedufaso.net\/?p=1733","url":"https:\/\/www.latribunedufaso.net\/?p=1733","name":"Programme de soci\u00e9t\u00e9\u00a0: Tahirou Barry pr\u00eat \u00e0 r\u00e9former les sous-secteurs de l\u2019agriculture et de l\u2019\u00e9levage - La Tribune du Faso","isPartOf":{"@id":"https:\/\/www.latribunedufaso.net\/#website"},"primaryImageOfPage":{"@id":"https:\/\/www.latribunedufaso.net\/?p=1733#primaryimage"},"image":{"@id":"https:\/\/www.latribunedufaso.net\/?p=1733#primaryimage"},"thumbnailUrl":"https:\/\/www.latribunedufaso.net\/wp-content\/uploads\/2020\/11\/Tahirou.jpg","datePublished":"2020-11-05T08:07:54+00:00","breadcrumb":{"@id":"https:\/\/www.latribunedufaso.net\/?p=1733#breadcrumb"},"inLanguage":"fr-FR","potentialAction":[{"@type":"ReadAction","target":["https:\/\/www.latribunedufaso.net\/?p=1733"]}]},{"@type":"ImageObject","inLanguage":"fr-FR","@id":"https:\/\/www.latribunedufaso.net\/?p=1733#primaryimage","url":"https:\/\/www.latribunedufaso.net\/wp-content\/uploads\/2020\/11\/Tahirou.jpg","contentUrl":"https:\/\/www.latribunedufaso.net\/wp-content\/uploads\/2020\/11\/Tahirou.jpg","width":1139,"height":640},{"@type":"BreadcrumbList","@id":"https:\/\/www.latribunedufaso.net\/?p=1733#breadcrumb","itemListElement":[{"@type":"ListItem","position":1,"name":"Accueil","item":"https:\/\/www.latribunedufaso.net\/"},{"@type":"ListItem","position":2,"name":"Programme de soci\u00e9t\u00e9\u00a0: Tahirou Barry pr\u00eat \u00e0 r\u00e9former les sous-secteurs de l\u2019agriculture et de l\u2019\u00e9levage"}]},{"@type":"WebSite","@id":"https:\/\/www.latribunedufaso.net\/#website","url":"https:\/\/www.latribunedufaso.net\/","name":"La Tribune du Faso","description":"L&#039;information du monde rural en un clic","publisher":{"@id":"https:\/\/www.latribunedufaso.net\/#organization"},"potentialAction":[{"@type":"SearchAction","target":{"@type":"EntryPoint","urlTemplate":"https:\/\/www.latribunedufaso.net\/?s={search_term_string}"},"query-input":{"@type":"PropertyValueSpecification","valueRequired":true,"valueName":"search_term_string"}}],"inLanguage":"fr-FR"},{"@type":"Organization","@id":"https:\/\/www.latribunedufaso.net\/#organization","name":"La Tribune du Faso","url":"https:\/\/www.latribunedufaso.net\/","logo":{"@type":"ImageObject","inLanguage":"fr-FR","@id":"https:\/\/www.latribunedufaso.net\/#\/schema\/logo\/image\/","url":"https:\/\/www.latribunedufaso.net\/wp-content\/uploads\/2020\/08\/Logo-Tribune-du-Faso-final-scaled.jpg","contentUrl":"https:\/\/www.latribunedufaso.net\/wp-content\/uploads\/2020\/08\/Logo-Tribune-du-Faso-final-scaled.jpg","width":2560,"height":1856,"caption":"La Tribune du Faso"},"image":{"@id":"https:\/\/www.latribunedufaso.net\/#\/schema\/logo\/image\/"},"sameAs":["https:\/\/www.facebook.com\/LatribuneduFaso\/"]},{"@type":"Person","@id":"https:\/\/www.latribunedufaso.net\/#\/schema\/person\/a380782d0605bb8aae27c40ea93b35b1","name":"Administrateur","image":{"@type":"ImageObject","inLanguage":"fr-FR","@id":"https:\/\/secure.gravatar.com\/avatar\/e20266f97d741f0e80ba1f60283074a9b3317fd7bfb727e0d95b51dafbf854a1?s=96&d=mm&r=g","url":"https:\/\/secure.gravatar.com\/avatar\/e20266f97d741f0e80ba1f60283074a9b3317fd7bfb727e0d95b51dafbf854a1?s=96&d=mm&r=g","contentUrl":"https:\/\/secure.gravatar.com\/avatar\/e20266f97d741f0e80ba1f60283074a9b3317fd7bfb727e0d95b51dafbf854a1?s=96&d=mm&r=g","caption":"Administrateur"},"url":"https:\/\/www.latribunedufaso.net\/?author=2"}]}},"_links":{"self":[{"href":"https:\/\/www.latribunedufaso.net\/index.php?rest_route=\/wp\/v2\/posts\/1733","targetHints":{"allow":["GET"]}}],"collection":[{"href":"https:\/\/www.latribunedufaso.net\/index.php?rest_route=\/wp\/v2\/posts"}],"about":[{"href":"https:\/\/www.latribunedufaso.net\/index.php?rest_route=\/wp\/v2\/types\/post"}],"author":[{"embeddable":true,"href":"https:\/\/www.latribunedufaso.net\/index.php?rest_route=\/wp\/v2\/users\/2"}],"replies":[{"embeddable":true,"href":"https:\/\/www.latribunedufaso.net\/index.php?rest_route=%2Fwp%2Fv2%2Fcomments&post=1733"}],"version-history":[{"count":1,"href":"https:\/\/www.latribunedufaso.net\/index.php?rest_route=\/wp\/v2\/posts\/1733\/revisions"}],"predecessor-version":[{"id":1736,"href":"https:\/\/www.latribunedufaso.net\/index.php?rest_route=\/wp\/v2\/posts\/1733\/revisions\/1736"}],"wp:featuredmedia":[{"embeddable":true,"href":"https:\/\/www.latribunedufaso.net\/index.php?rest_route=\/wp\/v2\/media\/1735"}],"wp:attachment":[{"href":"https:\/\/www.latribunedufaso.net\/index.php?rest_route=%2Fwp%2Fv2%2Fmedia&parent=1733"}],"wp:term":[{"taxonomy":"category","embeddable":true,"href":"https:\/\/www.latribunedufaso.net\/index.php?rest_route=%2Fwp%2Fv2%2Fcategories&post=1733"},{"taxonomy":"post_tag","embeddable":true,"href":"https:\/\/www.latribunedufaso.net\/index.php?rest_route=%2Fwp%2Fv2%2Ftags&post=1733"}],"curies":[{"name":"wp","href":"https:\/\/api.w.org\/{rel}","templated":true}]}}