{"id":17327,"date":"2024-12-04T00:06:37","date_gmt":"2024-12-04T00:06:37","guid":{"rendered":"https:\/\/www.latribunedufaso.net\/?p=17327"},"modified":"2024-12-04T17:25:27","modified_gmt":"2024-12-04T17:25:27","slug":"fespaco-2025-rendez-vous-du-22-fevrier-au-1er-mars-2025","status":"publish","type":"post","link":"https:\/\/www.latribunedufaso.net\/?p=17327","title":{"rendered":"FESPACO 2025 : Rendez vous du 22 f\u00e9vrier au 1er mars 2025"},"content":{"rendered":"<p><strong><span style=\"font-size: 1.0625rem;\">Ce 03 d\u00e9cembre 2024 \u00e0 Ouagadougou, le comit\u00e9 d\u2019organisation du Festival panafricain du cin\u00e9ma et de la t\u00e9l\u00e9vision de Ouagadougou (FESPACO) a tenu une conf\u00e9rence de presse au cours de laquelle le visuel officiel de la 29eme \u00e9dition a \u00e9t\u00e9 d\u00e9voil\u00e9.\u00a0<\/span><\/strong><!--more--><\/p>\n<p>La pr\u00e9sente conf\u00e9rence de presse \u00e0 eu pour objectif de pr\u00e9senter le visuel officiel du Festival panafricain du cin\u00e9ma et de la t\u00e9l\u00e9vision de Ouagadougou (FESPACO) et \u00e9galement montrer l\u2019\u00e9tat d\u2019avancement de l\u2019organisation. Elle s&rsquo;est tenue le 3 d\u00e9cembre 2024 \u00e0 Ouagadougou.<\/p>\n<figure id=\"attachment_17329\" aria-describedby=\"caption-attachment-17329\" style=\"width: 1000px\" class=\"wp-caption aligncenter\"><a href=\"https:\/\/www.latribunedufaso.net\/wp-content\/uploads\/2024\/12\/IMG-20241204-WA0045.jpg\"><img loading=\"lazy\" decoding=\"async\" class=\"size-full wp-image-17329\" src=\"https:\/\/www.latribunedufaso.net\/wp-content\/uploads\/2024\/12\/IMG-20241204-WA0045.jpg\" alt=\"Le concept du visuel, Gid\u00e9on Vink lors de la conf\u00e9rence de presse de d\u00e9voilement su visuel du FESPACO 2025, 3 d\u00e9cembre 2024\" width=\"1000\" height=\"750\" srcset=\"https:\/\/www.latribunedufaso.net\/wp-content\/uploads\/2024\/12\/IMG-20241204-WA0045.jpg 1000w, https:\/\/www.latribunedufaso.net\/wp-content\/uploads\/2024\/12\/IMG-20241204-WA0045-300x225.jpg 300w, https:\/\/www.latribunedufaso.net\/wp-content\/uploads\/2024\/12\/IMG-20241204-WA0045-768x576.jpg 768w\" sizes=\"auto, (max-width: 1000px) 100vw, 1000px\" \/><\/a><figcaption id=\"caption-attachment-17329\" class=\"wp-caption-text\">Le concepteur du visuel, Gid\u00e9on Vink &#8211; Ph. I. Tougma<\/figcaption><\/figure>\n<p>Le visuel de la pr\u00e9sente \u00e9dition est l&rsquo;image d&rsquo;une jeune dame noire avec un regard fixe en arri\u00e8re-plan. Selon le concepteur, Gid\u00e9on Vink, elle repr\u00e9sente le regard d\u2019une femme fi\u00e8re, d\u00e9complex\u00e9e. S<span style=\"font-size: 1.0625rem;\">ur le plan-avant, on peut voir l\u2019inscription FESPACO, avec \u00e0 l\u2019int\u00e9rieur les diff\u00e9rents motifs des pagnes traditionnels africains comme le Faso Dan fani, le Koko donda, le pagne ghan\u00e9en et le bogolan.<\/span><\/p>\n<figure id=\"attachment_17328\" aria-describedby=\"caption-attachment-17328\" style=\"width: 720px\" class=\"wp-caption aligncenter\"><a href=\"https:\/\/www.latribunedufaso.net\/wp-content\/uploads\/2024\/12\/FB_IMG_1733332249107.jpg\"><img loading=\"lazy\" decoding=\"async\" class=\"size-full wp-image-17328\" src=\"https:\/\/www.latribunedufaso.net\/wp-content\/uploads\/2024\/12\/FB_IMG_1733332249107.jpg\" alt=\"Conf\u00e9rence de presse de d\u00e9voilement su visuel du FESPACO 2025, 3 d\u00e9cembre 2024\" width=\"720\" height=\"1018\" srcset=\"https:\/\/www.latribunedufaso.net\/wp-content\/uploads\/2024\/12\/FB_IMG_1733332249107.jpg 720w, https:\/\/www.latribunedufaso.net\/wp-content\/uploads\/2024\/12\/FB_IMG_1733332249107-212x300.jpg 212w\" sizes=\"auto, (max-width: 720px) 100vw, 720px\" \/><\/a><figcaption id=\"caption-attachment-17328\" class=\"wp-caption-text\">Le visuel du FESPACO 2025<\/figcaption><\/figure>\n<p>A \u00e9couter le concepteur du visuel, Gid\u00e9on Vink, cette femme africaine qui se cache derri\u00e8re l&rsquo;acronyme FESPACO\u00a0 constitue le sens m\u00eame du cin\u00e9ma qui est un jeu du visible et de l\u2019invisible. <em><strong>\u00ab Le cin\u00e9ma prend la r\u00e9alit\u00e9 pour en faire sa r\u00e9alit\u00e9, en choisissant, en d\u00e9coupant, en faisant un choix artistique. Le film, c\u2019est l\u2019imagination, c\u2019est la suggestion et c\u2019est ce que repr\u00e9sente ce visuel \u00bb,<\/strong><\/em> a-t-il expliqu\u00e9.<\/p>\n<p>La 29\u00e8me \u00e9dition du FESPACO est pr\u00e9vu se tenir du 22 f\u00e9vrier au 1er mars 2025 sur le th\u00e8me : \u00ab Cin\u00e9ma d\u2019Afrique et identit\u00e9s culturelles \u00bb.<\/p>\n<p>Du bilan des pr\u00e9paratifs, il ressort qu\u2019\u00e0 ce jour, plus de 1300 films ont \u00e9t\u00e9 re\u00e7us dont 81 films et 5 s\u00e9ries burkinab\u00e8. A \u00e9couter le d\u00e9l\u00e9gu\u00e9 g\u00e9n\u00e9ral du FESPACO, Alex Moussa Sawadogo tout est pr\u00eat \u00e0 plus de 70%.<\/p>\n<figure id=\"attachment_17332\" aria-describedby=\"caption-attachment-17332\" style=\"width: 720px\" class=\"wp-caption aligncenter\"><a href=\"https:\/\/www.latribunedufaso.net\/wp-content\/uploads\/2024\/12\/FB_IMG_1733332465731.jpg\"><img loading=\"lazy\" decoding=\"async\" class=\"size-full wp-image-17332\" src=\"https:\/\/www.latribunedufaso.net\/wp-content\/uploads\/2024\/12\/FB_IMG_1733332465731.jpg\" alt=\"Le d\u00e9l\u00e9gu\u00e9 g\u00e9n\u00e9ral du FESPACO lors de la conf\u00e9rence de presse de d\u00e9voilement su visuel du FESPACO 2025, 3 d\u00e9cembre 2024\" width=\"720\" height=\"480\" srcset=\"https:\/\/www.latribunedufaso.net\/wp-content\/uploads\/2024\/12\/FB_IMG_1733332465731.jpg 720w, https:\/\/www.latribunedufaso.net\/wp-content\/uploads\/2024\/12\/FB_IMG_1733332465731-300x200.jpg 300w, https:\/\/www.latribunedufaso.net\/wp-content\/uploads\/2024\/12\/FB_IMG_1733332465731-120x80.jpg 120w, https:\/\/www.latribunedufaso.net\/wp-content\/uploads\/2024\/12\/FB_IMG_1733332465731-360x240.jpg 360w, https:\/\/www.latribunedufaso.net\/wp-content\/uploads\/2024\/12\/FB_IMG_1733332465731-600x400.jpg 600w\" sizes=\"auto, (max-width: 720px) 100vw, 720px\" \/><\/a><figcaption id=\"caption-attachment-17332\" class=\"wp-caption-text\">Le d\u00e9l\u00e9gu\u00e9 g\u00e9n\u00e9ral du FESPACO, Alex Moussa Sawadogo &#8211; Ph. MCCAT<\/figcaption><\/figure>\n<p><span style=\"font-size: 1.0625rem;\">Notons que la date limite de r\u00e9ception des films est le 21 d\u00e9cembre 2024. Pour la pr\u00e9sente \u00e9dition, le Tchad est le pays invit\u00e9 d&rsquo;honneur.<\/span><\/p>\n<figure id=\"attachment_17330\" aria-describedby=\"caption-attachment-17330\" style=\"width: 1000px\" class=\"wp-caption aligncenter\"><a href=\"https:\/\/www.latribunedufaso.net\/wp-content\/uploads\/2024\/12\/IMG-20241204-WA0046.jpg\"><img loading=\"lazy\" decoding=\"async\" class=\"size-full wp-image-17330\" src=\"https:\/\/www.latribunedufaso.net\/wp-content\/uploads\/2024\/12\/IMG-20241204-WA0046.jpg\" alt=\"Conf\u00e9rence de presse de d\u00e9voilement su visuel du FESPACO 2025, 3 d\u00e9cembre 2024\" width=\"1000\" height=\"750\" srcset=\"https:\/\/www.latribunedufaso.net\/wp-content\/uploads\/2024\/12\/IMG-20241204-WA0046.jpg 1000w, https:\/\/www.latribunedufaso.net\/wp-content\/uploads\/2024\/12\/IMG-20241204-WA0046-300x225.jpg 300w, https:\/\/www.latribunedufaso.net\/wp-content\/uploads\/2024\/12\/IMG-20241204-WA0046-768x576.jpg 768w\" sizes=\"auto, (max-width: 1000px) 100vw, 1000px\" \/><\/a><figcaption id=\"caption-attachment-17330\" class=\"wp-caption-text\">La conf\u00e9rence a connu la pr\u00e9sence des journalistes et des acteurs du cin\u00e9ma &#8211; Ph. I. Tougma<\/figcaption><\/figure>\n<p><span style=\"font-size: 1.0625rem;\">Les innovations du FESPACO 2025 sont notamment le prix Thomas Sankara pour le panafricanisme, le prix du public, une exposition permanente au si\u00e8ge du FESPACO sur les personnalit\u00e9s vivantes du cin\u00e9ma.<\/span><\/p>\n<p><strong>In\u00e8s TOUGMA\u00a0<\/strong><\/p>\n<p><strong><span style=\"font-size: 1.0625rem;\">Latr<\/span><span style=\"font-size: 1.0625rem;\">ibunedufaso.net<\/span><\/strong><\/p>\n","protected":false},"excerpt":{"rendered":"<p>Ce 03 d\u00e9cembre 2024 \u00e0 Ouagadougou, le comit\u00e9 d\u2019organisation du Festival panafricain du cin\u00e9ma et de la t\u00e9l\u00e9vision de Ouagadougou (FESPACO) a tenu une conf\u00e9rence de presse au cours de laquelle le visuel officiel de la 29eme \u00e9dition a \u00e9t\u00e9 d\u00e9voil\u00e9.\u00a0<\/p>\n","protected":false},"author":5,"featured_media":17331,"comment_status":"open","ping_status":"open","sticky":false,"template":"","format":"standard","meta":{"footnotes":""},"categories":[13,1,30],"tags":[516,43,39],"class_list":["post-17327","post","type-post","status-publish","format-standard","has-post-thumbnail","hentry","category-une","category-actu","category-art-et-culture","tag-fespaco","tag-fespaco-2025","tag-latribunedufaso-net"],"yoast_head":"<!-- This site is optimized with the Yoast SEO plugin v27.4 - https:\/\/yoast.com\/product\/yoast-seo-wordpress\/ -->\n<title>FESPACO 2025 : Rendez vous du 22 f\u00e9vrier au 1er mars 2025 - La Tribune du Faso<\/title>\n<meta name=\"robots\" content=\"index, follow, max-snippet:-1, max-image-preview:large, max-video-preview:-1\" \/>\n<link rel=\"canonical\" href=\"https:\/\/www.latribunedufaso.net\/?p=17327\" \/>\n<meta property=\"og:locale\" content=\"fr_FR\" \/>\n<meta property=\"og:type\" content=\"article\" \/>\n<meta property=\"og:title\" content=\"FESPACO 2025 : Rendez vous du 22 f\u00e9vrier au 1er mars 2025 - La Tribune du Faso\" \/>\n<meta property=\"og:description\" content=\"Ce 03 d\u00e9cembre 2024 \u00e0 Ouagadougou, le comit\u00e9 d\u2019organisation du Festival panafricain du cin\u00e9ma et de la t\u00e9l\u00e9vision de Ouagadougou (FESPACO) a tenu une conf\u00e9rence de presse au cours de laquelle le visuel officiel de la 29eme \u00e9dition a \u00e9t\u00e9 d\u00e9voil\u00e9.\u00a0\" \/>\n<meta property=\"og:url\" content=\"https:\/\/www.latribunedufaso.net\/?p=17327\" \/>\n<meta property=\"og:site_name\" content=\"La Tribune du Faso\" \/>\n<meta property=\"article:publisher\" content=\"https:\/\/www.facebook.com\/LatribuneduFaso\/\" \/>\n<meta property=\"article:published_time\" content=\"2024-12-04T00:06:37+00:00\" \/>\n<meta property=\"article:modified_time\" content=\"2024-12-04T17:25:27+00:00\" \/>\n<meta property=\"og:image\" content=\"https:\/\/www.latribunedufaso.net\/wp-content\/uploads\/2024\/12\/FB_IMG_1733332495083.jpg\" \/>\n\t<meta property=\"og:image:width\" content=\"720\" \/>\n\t<meta property=\"og:image:height\" content=\"428\" \/>\n\t<meta property=\"og:image:type\" content=\"image\/jpeg\" \/>\n<meta name=\"author\" content=\"Issouf Tapsoba\" \/>\n<meta name=\"twitter:label1\" content=\"\u00c9crit par\" \/>\n\t<meta name=\"twitter:data1\" content=\"Issouf Tapsoba\" \/>\n\t<meta name=\"twitter:label2\" content=\"Dur\u00e9e de lecture estim\u00e9e\" \/>\n\t<meta name=\"twitter:data2\" content=\"2 minutes\" \/>\n<script type=\"application\/ld+json\" class=\"yoast-schema-graph\">{\"@context\":\"https:\\\/\\\/schema.org\",\"@graph\":[{\"@type\":\"Article\",\"@id\":\"https:\\\/\\\/www.latribunedufaso.net\\\/?p=17327#article\",\"isPartOf\":{\"@id\":\"https:\\\/\\\/www.latribunedufaso.net\\\/?p=17327\"},\"author\":{\"name\":\"Issouf Tapsoba\",\"@id\":\"https:\\\/\\\/www.latribunedufaso.net\\\/#\\\/schema\\\/person\\\/e54e64c5778a7e72cf80a318b7a622b0\"},\"headline\":\"FESPACO 2025 : Rendez vous du 22 f\u00e9vrier au 1er mars 2025\",\"datePublished\":\"2024-12-04T00:06:37+00:00\",\"dateModified\":\"2024-12-04T17:25:27+00:00\",\"mainEntityOfPage\":{\"@id\":\"https:\\\/\\\/www.latribunedufaso.net\\\/?p=17327\"},\"wordCount\":477,\"commentCount\":0,\"publisher\":{\"@id\":\"https:\\\/\\\/www.latribunedufaso.net\\\/#organization\"},\"image\":{\"@id\":\"https:\\\/\\\/www.latribunedufaso.net\\\/?p=17327#primaryimage\"},\"thumbnailUrl\":\"https:\\\/\\\/www.latribunedufaso.net\\\/wp-content\\\/uploads\\\/2024\\\/12\\\/FB_IMG_1733332495083.jpg\",\"keywords\":[\"FESPACO\",\"FESPACO 2025\",\"latribunedufaso.net\"],\"articleSection\":[\"A la une\",\"Actualit\u00e9\",\"Art et Culture\"],\"inLanguage\":\"fr-FR\",\"potentialAction\":[{\"@type\":\"CommentAction\",\"name\":\"Comment\",\"target\":[\"https:\\\/\\\/www.latribunedufaso.net\\\/?p=17327#respond\"]}]},{\"@type\":\"WebPage\",\"@id\":\"https:\\\/\\\/www.latribunedufaso.net\\\/?p=17327\",\"url\":\"https:\\\/\\\/www.latribunedufaso.net\\\/?p=17327\",\"name\":\"FESPACO 2025 : Rendez vous du 22 f\u00e9vrier au 1er mars 2025 - La Tribune du Faso\",\"isPartOf\":{\"@id\":\"https:\\\/\\\/www.latribunedufaso.net\\\/#website\"},\"primaryImageOfPage\":{\"@id\":\"https:\\\/\\\/www.latribunedufaso.net\\\/?p=17327#primaryimage\"},\"image\":{\"@id\":\"https:\\\/\\\/www.latribunedufaso.net\\\/?p=17327#primaryimage\"},\"thumbnailUrl\":\"https:\\\/\\\/www.latribunedufaso.net\\\/wp-content\\\/uploads\\\/2024\\\/12\\\/FB_IMG_1733332495083.jpg\",\"datePublished\":\"2024-12-04T00:06:37+00:00\",\"dateModified\":\"2024-12-04T17:25:27+00:00\",\"breadcrumb\":{\"@id\":\"https:\\\/\\\/www.latribunedufaso.net\\\/?p=17327#breadcrumb\"},\"inLanguage\":\"fr-FR\",\"potentialAction\":[{\"@type\":\"ReadAction\",\"target\":[\"https:\\\/\\\/www.latribunedufaso.net\\\/?p=17327\"]}]},{\"@type\":\"ImageObject\",\"inLanguage\":\"fr-FR\",\"@id\":\"https:\\\/\\\/www.latribunedufaso.net\\\/?p=17327#primaryimage\",\"url\":\"https:\\\/\\\/www.latribunedufaso.net\\\/wp-content\\\/uploads\\\/2024\\\/12\\\/FB_IMG_1733332495083.jpg\",\"contentUrl\":\"https:\\\/\\\/www.latribunedufaso.net\\\/wp-content\\\/uploads\\\/2024\\\/12\\\/FB_IMG_1733332495083.jpg\",\"width\":720,\"height\":428,\"caption\":\"Conf\u00e9rence de presse de d\u00e9voilement su visuel du FESPACO 2025, 3 d\u00e9cembre 2024\"},{\"@type\":\"BreadcrumbList\",\"@id\":\"https:\\\/\\\/www.latribunedufaso.net\\\/?p=17327#breadcrumb\",\"itemListElement\":[{\"@type\":\"ListItem\",\"position\":1,\"name\":\"Accueil\",\"item\":\"https:\\\/\\\/www.latribunedufaso.net\\\/\"},{\"@type\":\"ListItem\",\"position\":2,\"name\":\"FESPACO 2025 : Rendez vous du 22 f\u00e9vrier au 1er mars 2025\"}]},{\"@type\":\"WebSite\",\"@id\":\"https:\\\/\\\/www.latribunedufaso.net\\\/#website\",\"url\":\"https:\\\/\\\/www.latribunedufaso.net\\\/\",\"name\":\"La Tribune du Faso\",\"description\":\"L&#039;information du monde rural en un clic\",\"publisher\":{\"@id\":\"https:\\\/\\\/www.latribunedufaso.net\\\/#organization\"},\"potentialAction\":[{\"@type\":\"SearchAction\",\"target\":{\"@type\":\"EntryPoint\",\"urlTemplate\":\"https:\\\/\\\/www.latribunedufaso.net\\\/?s={search_term_string}\"},\"query-input\":{\"@type\":\"PropertyValueSpecification\",\"valueRequired\":true,\"valueName\":\"search_term_string\"}}],\"inLanguage\":\"fr-FR\"},{\"@type\":\"Organization\",\"@id\":\"https:\\\/\\\/www.latribunedufaso.net\\\/#organization\",\"name\":\"La Tribune du Faso\",\"url\":\"https:\\\/\\\/www.latribunedufaso.net\\\/\",\"logo\":{\"@type\":\"ImageObject\",\"inLanguage\":\"fr-FR\",\"@id\":\"https:\\\/\\\/www.latribunedufaso.net\\\/#\\\/schema\\\/logo\\\/image\\\/\",\"url\":\"https:\\\/\\\/www.latribunedufaso.net\\\/wp-content\\\/uploads\\\/2020\\\/08\\\/Logo-Tribune-du-Faso-final-scaled.jpg\",\"contentUrl\":\"https:\\\/\\\/www.latribunedufaso.net\\\/wp-content\\\/uploads\\\/2020\\\/08\\\/Logo-Tribune-du-Faso-final-scaled.jpg\",\"width\":2560,\"height\":1856,\"caption\":\"La Tribune du Faso\"},\"image\":{\"@id\":\"https:\\\/\\\/www.latribunedufaso.net\\\/#\\\/schema\\\/logo\\\/image\\\/\"},\"sameAs\":[\"https:\\\/\\\/www.facebook.com\\\/LatribuneduFaso\\\/\"]},{\"@type\":\"Person\",\"@id\":\"https:\\\/\\\/www.latribunedufaso.net\\\/#\\\/schema\\\/person\\\/e54e64c5778a7e72cf80a318b7a622b0\",\"name\":\"Issouf Tapsoba\",\"image\":{\"@type\":\"ImageObject\",\"inLanguage\":\"fr-FR\",\"@id\":\"https:\\\/\\\/secure.gravatar.com\\\/avatar\\\/5e6c05150ce3230247d167f5b94d678eb05936197436d69b7921e3a95c9107ac?s=96&d=mm&r=g\",\"url\":\"https:\\\/\\\/secure.gravatar.com\\\/avatar\\\/5e6c05150ce3230247d167f5b94d678eb05936197436d69b7921e3a95c9107ac?s=96&d=mm&r=g\",\"contentUrl\":\"https:\\\/\\\/secure.gravatar.com\\\/avatar\\\/5e6c05150ce3230247d167f5b94d678eb05936197436d69b7921e3a95c9107ac?s=96&d=mm&r=g\",\"caption\":\"Issouf Tapsoba\"},\"url\":\"https:\\\/\\\/www.latribunedufaso.net\\\/?author=5\"}]}<\/script>\n<!-- \/ Yoast SEO plugin. -->","yoast_head_json":{"title":"FESPACO 2025 : Rendez vous du 22 f\u00e9vrier au 1er mars 2025 - La Tribune du Faso","robots":{"index":"index","follow":"follow","max-snippet":"max-snippet:-1","max-image-preview":"max-image-preview:large","max-video-preview":"max-video-preview:-1"},"canonical":"https:\/\/www.latribunedufaso.net\/?p=17327","og_locale":"fr_FR","og_type":"article","og_title":"FESPACO 2025 : Rendez vous du 22 f\u00e9vrier au 1er mars 2025 - La Tribune du Faso","og_description":"Ce 03 d\u00e9cembre 2024 \u00e0 Ouagadougou, le comit\u00e9 d\u2019organisation du Festival panafricain du cin\u00e9ma et de la t\u00e9l\u00e9vision de Ouagadougou (FESPACO) a tenu une conf\u00e9rence de presse au cours de laquelle le visuel officiel de la 29eme \u00e9dition a \u00e9t\u00e9 d\u00e9voil\u00e9.\u00a0","og_url":"https:\/\/www.latribunedufaso.net\/?p=17327","og_site_name":"La Tribune du Faso","article_publisher":"https:\/\/www.facebook.com\/LatribuneduFaso\/","article_published_time":"2024-12-04T00:06:37+00:00","article_modified_time":"2024-12-04T17:25:27+00:00","og_image":[{"width":720,"height":428,"url":"https:\/\/www.latribunedufaso.net\/wp-content\/uploads\/2024\/12\/FB_IMG_1733332495083.jpg","type":"image\/jpeg"}],"author":"Issouf Tapsoba","twitter_misc":{"\u00c9crit par":"Issouf Tapsoba","Dur\u00e9e de lecture estim\u00e9e":"2 minutes"},"schema":{"@context":"https:\/\/schema.org","@graph":[{"@type":"Article","@id":"https:\/\/www.latribunedufaso.net\/?p=17327#article","isPartOf":{"@id":"https:\/\/www.latribunedufaso.net\/?p=17327"},"author":{"name":"Issouf Tapsoba","@id":"https:\/\/www.latribunedufaso.net\/#\/schema\/person\/e54e64c5778a7e72cf80a318b7a622b0"},"headline":"FESPACO 2025 : Rendez vous du 22 f\u00e9vrier au 1er mars 2025","datePublished":"2024-12-04T00:06:37+00:00","dateModified":"2024-12-04T17:25:27+00:00","mainEntityOfPage":{"@id":"https:\/\/www.latribunedufaso.net\/?p=17327"},"wordCount":477,"commentCount":0,"publisher":{"@id":"https:\/\/www.latribunedufaso.net\/#organization"},"image":{"@id":"https:\/\/www.latribunedufaso.net\/?p=17327#primaryimage"},"thumbnailUrl":"https:\/\/www.latribunedufaso.net\/wp-content\/uploads\/2024\/12\/FB_IMG_1733332495083.jpg","keywords":["FESPACO","FESPACO 2025","latribunedufaso.net"],"articleSection":["A la une","Actualit\u00e9","Art et Culture"],"inLanguage":"fr-FR","potentialAction":[{"@type":"CommentAction","name":"Comment","target":["https:\/\/www.latribunedufaso.net\/?p=17327#respond"]}]},{"@type":"WebPage","@id":"https:\/\/www.latribunedufaso.net\/?p=17327","url":"https:\/\/www.latribunedufaso.net\/?p=17327","name":"FESPACO 2025 : Rendez vous du 22 f\u00e9vrier au 1er mars 2025 - La Tribune du Faso","isPartOf":{"@id":"https:\/\/www.latribunedufaso.net\/#website"},"primaryImageOfPage":{"@id":"https:\/\/www.latribunedufaso.net\/?p=17327#primaryimage"},"image":{"@id":"https:\/\/www.latribunedufaso.net\/?p=17327#primaryimage"},"thumbnailUrl":"https:\/\/www.latribunedufaso.net\/wp-content\/uploads\/2024\/12\/FB_IMG_1733332495083.jpg","datePublished":"2024-12-04T00:06:37+00:00","dateModified":"2024-12-04T17:25:27+00:00","breadcrumb":{"@id":"https:\/\/www.latribunedufaso.net\/?p=17327#breadcrumb"},"inLanguage":"fr-FR","potentialAction":[{"@type":"ReadAction","target":["https:\/\/www.latribunedufaso.net\/?p=17327"]}]},{"@type":"ImageObject","inLanguage":"fr-FR","@id":"https:\/\/www.latribunedufaso.net\/?p=17327#primaryimage","url":"https:\/\/www.latribunedufaso.net\/wp-content\/uploads\/2024\/12\/FB_IMG_1733332495083.jpg","contentUrl":"https:\/\/www.latribunedufaso.net\/wp-content\/uploads\/2024\/12\/FB_IMG_1733332495083.jpg","width":720,"height":428,"caption":"Conf\u00e9rence de presse de d\u00e9voilement su visuel du FESPACO 2025, 3 d\u00e9cembre 2024"},{"@type":"BreadcrumbList","@id":"https:\/\/www.latribunedufaso.net\/?p=17327#breadcrumb","itemListElement":[{"@type":"ListItem","position":1,"name":"Accueil","item":"https:\/\/www.latribunedufaso.net\/"},{"@type":"ListItem","position":2,"name":"FESPACO 2025 : Rendez vous du 22 f\u00e9vrier au 1er mars 2025"}]},{"@type":"WebSite","@id":"https:\/\/www.latribunedufaso.net\/#website","url":"https:\/\/www.latribunedufaso.net\/","name":"La Tribune du Faso","description":"L&#039;information du monde rural en un clic","publisher":{"@id":"https:\/\/www.latribunedufaso.net\/#organization"},"potentialAction":[{"@type":"SearchAction","target":{"@type":"EntryPoint","urlTemplate":"https:\/\/www.latribunedufaso.net\/?s={search_term_string}"},"query-input":{"@type":"PropertyValueSpecification","valueRequired":true,"valueName":"search_term_string"}}],"inLanguage":"fr-FR"},{"@type":"Organization","@id":"https:\/\/www.latribunedufaso.net\/#organization","name":"La Tribune du Faso","url":"https:\/\/www.latribunedufaso.net\/","logo":{"@type":"ImageObject","inLanguage":"fr-FR","@id":"https:\/\/www.latribunedufaso.net\/#\/schema\/logo\/image\/","url":"https:\/\/www.latribunedufaso.net\/wp-content\/uploads\/2020\/08\/Logo-Tribune-du-Faso-final-scaled.jpg","contentUrl":"https:\/\/www.latribunedufaso.net\/wp-content\/uploads\/2020\/08\/Logo-Tribune-du-Faso-final-scaled.jpg","width":2560,"height":1856,"caption":"La Tribune du Faso"},"image":{"@id":"https:\/\/www.latribunedufaso.net\/#\/schema\/logo\/image\/"},"sameAs":["https:\/\/www.facebook.com\/LatribuneduFaso\/"]},{"@type":"Person","@id":"https:\/\/www.latribunedufaso.net\/#\/schema\/person\/e54e64c5778a7e72cf80a318b7a622b0","name":"Issouf Tapsoba","image":{"@type":"ImageObject","inLanguage":"fr-FR","@id":"https:\/\/secure.gravatar.com\/avatar\/5e6c05150ce3230247d167f5b94d678eb05936197436d69b7921e3a95c9107ac?s=96&d=mm&r=g","url":"https:\/\/secure.gravatar.com\/avatar\/5e6c05150ce3230247d167f5b94d678eb05936197436d69b7921e3a95c9107ac?s=96&d=mm&r=g","contentUrl":"https:\/\/secure.gravatar.com\/avatar\/5e6c05150ce3230247d167f5b94d678eb05936197436d69b7921e3a95c9107ac?s=96&d=mm&r=g","caption":"Issouf Tapsoba"},"url":"https:\/\/www.latribunedufaso.net\/?author=5"}]}},"_links":{"self":[{"href":"https:\/\/www.latribunedufaso.net\/index.php?rest_route=\/wp\/v2\/posts\/17327","targetHints":{"allow":["GET"]}}],"collection":[{"href":"https:\/\/www.latribunedufaso.net\/index.php?rest_route=\/wp\/v2\/posts"}],"about":[{"href":"https:\/\/www.latribunedufaso.net\/index.php?rest_route=\/wp\/v2\/types\/post"}],"author":[{"embeddable":true,"href":"https:\/\/www.latribunedufaso.net\/index.php?rest_route=\/wp\/v2\/users\/5"}],"replies":[{"embeddable":true,"href":"https:\/\/www.latribunedufaso.net\/index.php?rest_route=%2Fwp%2Fv2%2Fcomments&post=17327"}],"version-history":[{"count":1,"href":"https:\/\/www.latribunedufaso.net\/index.php?rest_route=\/wp\/v2\/posts\/17327\/revisions"}],"predecessor-version":[{"id":17333,"href":"https:\/\/www.latribunedufaso.net\/index.php?rest_route=\/wp\/v2\/posts\/17327\/revisions\/17333"}],"wp:featuredmedia":[{"embeddable":true,"href":"https:\/\/www.latribunedufaso.net\/index.php?rest_route=\/wp\/v2\/media\/17331"}],"wp:attachment":[{"href":"https:\/\/www.latribunedufaso.net\/index.php?rest_route=%2Fwp%2Fv2%2Fmedia&parent=17327"}],"wp:term":[{"taxonomy":"category","embeddable":true,"href":"https:\/\/www.latribunedufaso.net\/index.php?rest_route=%2Fwp%2Fv2%2Fcategories&post=17327"},{"taxonomy":"post_tag","embeddable":true,"href":"https:\/\/www.latribunedufaso.net\/index.php?rest_route=%2Fwp%2Fv2%2Ftags&post=17327"}],"curies":[{"name":"wp","href":"https:\/\/api.w.org\/{rel}","templated":true}]}}