{"id":17222,"date":"2024-11-29T14:56:02","date_gmt":"2024-11-29T14:56:02","guid":{"rendered":"https:\/\/www.latribunedufaso.net\/?p=17222"},"modified":"2024-11-30T00:39:02","modified_gmt":"2024-11-30T00:39:02","slug":"affaire-detournement-de-deniers-publics-au-ministere-en-charge-de-laction-humanitaire-laudience-renvoye-au-3-decembre-2024-pour-une-expertise-sur-letat-de-sante-de-amidou-tiegnan","status":"publish","type":"post","link":"https:\/\/www.latribunedufaso.net\/?p=17222","title":{"rendered":"Affaire d\u00e9tournement de deniers publics au minist\u00e8re en charge de l&rsquo;Action humanitaire : L&rsquo;audience renvoy\u00e9 au 3 d\u00e9cembre 2024 pour une expertise sur l&rsquo;\u00e9tat de sant\u00e9 de Amidou Ti\u00e9gnan\u00a0"},"content":{"rendered":"<p><strong><span style=\"font-size: 1.0625rem;\">Le proc\u00e8s sur l&rsquo;affaire d\u00e9tournement de deniers publics au minist\u00e8re en charge de l&rsquo;Action humanitaire s&rsquo;est poursuivi ce 29 novembre 2024 au TGI Ouaga 1. Le tribunal a ordonn\u00e9 le Directeur g\u00e9n\u00e9ral du Centre hospitalier universitaire Yalgado Ou\u00e9draogo d&rsquo;effectuer une expertise sur l&rsquo;\u00e9tat de sant\u00e9 du pr\u00e9venu Amidou Ti\u00e9gnan. L&rsquo;audience a \u00e9t\u00e9 renvoy\u00e9 au 3 d\u00e9cembre 2024.<\/span><\/strong><!--more--><\/p>\n<p>A la reprise, l&rsquo;avocate du pr\u00e9venu Amidou Ti\u00e9gnan est revenue sur l&rsquo;\u00e9tat de sant\u00e9 de son client. Selon elle, ce dernier ne se porte toujours pas bien. Il n&rsquo;est pas apte \u00e0 recevoir jugement. Elle a formul\u00e9 une requ\u00eate de renvoi d&rsquo;au moins 15 jours au tribunal afin que M. Ti\u00e9gnan puisse se soigner.\u00a0<\/p>\n<p>Le tribunal a demand\u00e9 si Amidou Ti\u00e9gnan a-t-il en sa possession, un certificat m\u00e9dical sur son \u00e9tat de sant\u00e9. Non, a-t-elle r\u00e9pondu en indiquant que c&rsquo;est le minist\u00e8re public qui a organis\u00e9 son transfert \u00e0 l&rsquo;h\u00f4pital Yalgado. C&rsquo;est lui qui devrait donc prendre les dispositions pour la d\u00e9livrance du certificat, a-t-elle laiss\u00e9 entendre.<\/p>\n<p>Pour avoir une id\u00e9e claire sur l&rsquo;\u00e9tat de sant\u00e9 du pr\u00e9venu Ti\u00e9gnan, le tribunal a appel\u00e9 l&rsquo;infirmier de la maison d&rsquo;arr\u00eat \u00e0 la barre. Il lui a demand\u00e9 \u00e0 savoir si le pr\u00e9venu est bien portant. L&rsquo;infirmier a expliqu\u00e9 qu&rsquo;il ne saurait r\u00e9pondre \u00e0 cette question. A l&rsquo;\u00e9couter, il n&rsquo;a pas d&rsquo;information sur l&rsquo;\u00e9tat de sant\u00e9 de Amidou Ti\u00e9gnan car c&rsquo;est au niveau de l&rsquo;h\u00f4pital Yalgado qu&rsquo;il a \u00e9t\u00e9 pris en charge.<\/p>\n<blockquote>\n<p>Lire aussi &gt;&gt; <a href=\"https:\/\/www.latribunedufaso.net\/?p=17131\">Affaire d\u00e9tournement de deniers publics au minist\u00e8re en charge de l\u2019Action humanitaire : Le dossier renvoy\u00e9 au 29 novembre 2024 pour motif de sant\u00e9 du pr\u00e9venu Amidou Ti\u00e9gnan\u00a0<\/a><\/p>\n<\/blockquote>\n<p>Pour le parquet, M. Ti\u00e9gnan se porte manifestement bien et est apte \u00e0 recevoir jugement. <em><strong>\u00ab Quant il quittait hier (NDLR, 28 novembre 2024) \u00e0 l&rsquo;h\u00f4pital, il se portait bien \u00bb,<\/strong><\/em> a-t-il indiqu\u00e9 le procureur. Pour lui, M. Ti\u00e9gnan joue la com\u00e9die pour retarder le proc\u00e8s.\u00a0<\/p>\n<p>Apr\u00e8s avoir observ\u00e9 une suspension de quelques minutes et par jugement avant-dire droit, le tribunal a rendu sa d\u00e9cision sur cette question. Il a d\u00e9sign\u00e9 le Directeur g\u00e9n\u00e9ral du Centre hospitalier universitaire Yalgado Ou\u00e9draogo pour proc\u00e9der \u00e0 une expertise sur l&rsquo;\u00e9tat de sant\u00e9 de Amidou Ti\u00e9gnan dans un d\u00e9lai de 48h.<\/p>\n<p>A l&rsquo;issue, un rapport d&rsquo;expertise devra \u00eatre produit. Ce rapport doit permettre de savoir si Amidou Ti\u00e9gnan est apte \u00e0 recevoir jugement. Le dossier est donc renvoy\u00e9 au 3 d\u00e9cembre 2024.<\/p>\n<p><strong>Issouf TAPSOBA\u00a0<\/strong><\/p>\n<p><strong>La<span style=\"font-size: 1.0625rem;\">tribunedufaso.net<\/span><\/strong><\/p>\n","protected":false},"excerpt":{"rendered":"<p>Le proc\u00e8s sur l&rsquo;affaire d\u00e9tournement de deniers publics au minist\u00e8re en charge de l&rsquo;Action humanitaire s&rsquo;est poursuivi ce 29 novembre 2024 au TGI Ouaga 1. Le tribunal a ordonn\u00e9 le Directeur g\u00e9n\u00e9ral du Centre hospitalier universitaire Yalgado Ou\u00e9draogo d&rsquo;effectuer une expertise sur l&rsquo;\u00e9tat de sant\u00e9 du pr\u00e9venu Amidou Ti\u00e9gnan. L&rsquo;audience a \u00e9t\u00e9 renvoy\u00e9 au 3 d\u00e9cembre 2024.<\/p>\n","protected":false},"author":5,"featured_media":17223,"comment_status":"open","ping_status":"open","sticky":false,"template":"","format":"standard","meta":{"footnotes":""},"categories":[13,1,8],"tags":[433,208,39],"class_list":["post-17222","post","type-post","status-publish","format-standard","has-post-thumbnail","hentry","category-une","category-actu","category-societe","tag-detournement-de-deniers-publics","tag-justice","tag-latribunedufaso-net"],"yoast_head":"<!-- This site is optimized with the Yoast SEO plugin v27.5 - https:\/\/yoast.com\/product\/yoast-seo-wordpress\/ -->\n<title>Affaire d\u00e9tournement de deniers publics au minist\u00e8re en charge de l&#039;Action humanitaire : L&#039;audience renvoy\u00e9 au 3 d\u00e9cembre 2024 pour une expertise sur l&#039;\u00e9tat de sant\u00e9 de Amidou Ti\u00e9gnan\u00a0 - La Tribune du Faso<\/title>\n<meta name=\"robots\" content=\"index, follow, max-snippet:-1, max-image-preview:large, max-video-preview:-1\" \/>\n<link rel=\"canonical\" href=\"https:\/\/www.latribunedufaso.net\/?p=17222\" \/>\n<meta property=\"og:locale\" content=\"fr_FR\" \/>\n<meta property=\"og:type\" content=\"article\" \/>\n<meta property=\"og:title\" content=\"Affaire d\u00e9tournement de deniers publics au minist\u00e8re en charge de l&#039;Action humanitaire : L&#039;audience renvoy\u00e9 au 3 d\u00e9cembre 2024 pour une expertise sur l&#039;\u00e9tat de sant\u00e9 de Amidou Ti\u00e9gnan\u00a0 - La Tribune du Faso\" \/>\n<meta property=\"og:description\" content=\"Le proc\u00e8s sur l&rsquo;affaire d\u00e9tournement de deniers publics au minist\u00e8re en charge de l&rsquo;Action humanitaire s&rsquo;est poursuivi ce 29 novembre 2024 au TGI Ouaga 1. Le tribunal a ordonn\u00e9 le Directeur g\u00e9n\u00e9ral du Centre hospitalier universitaire Yalgado Ou\u00e9draogo d&rsquo;effectuer une expertise sur l&rsquo;\u00e9tat de sant\u00e9 du pr\u00e9venu Amidou Ti\u00e9gnan. L&rsquo;audience a \u00e9t\u00e9 renvoy\u00e9 au 3 d\u00e9cembre 2024.\" \/>\n<meta property=\"og:url\" content=\"https:\/\/www.latribunedufaso.net\/?p=17222\" \/>\n<meta property=\"og:site_name\" content=\"La Tribune du Faso\" \/>\n<meta property=\"article:publisher\" content=\"https:\/\/www.facebook.com\/LatribuneduFaso\/\" \/>\n<meta property=\"article:published_time\" content=\"2024-11-29T14:56:02+00:00\" \/>\n<meta property=\"article:modified_time\" content=\"2024-11-30T00:39:02+00:00\" \/>\n<meta property=\"og:image\" content=\"https:\/\/www.latribunedufaso.net\/wp-content\/uploads\/2024\/11\/FB_IMG_1732924967106.jpg\" \/>\n\t<meta property=\"og:image:width\" content=\"720\" \/>\n\t<meta property=\"og:image:height\" content=\"480\" \/>\n\t<meta property=\"og:image:type\" content=\"image\/jpeg\" \/>\n<meta name=\"author\" content=\"Issouf Tapsoba\" \/>\n<meta name=\"twitter:label1\" content=\"\u00c9crit par\" \/>\n\t<meta name=\"twitter:data1\" content=\"Issouf Tapsoba\" \/>\n\t<meta name=\"twitter:label2\" content=\"Dur\u00e9e de lecture estim\u00e9e\" \/>\n\t<meta name=\"twitter:data2\" content=\"2 minutes\" \/>\n<script type=\"application\/ld+json\" class=\"yoast-schema-graph\">{\"@context\":\"https:\\\/\\\/schema.org\",\"@graph\":[{\"@type\":\"Article\",\"@id\":\"https:\\\/\\\/www.latribunedufaso.net\\\/?p=17222#article\",\"isPartOf\":{\"@id\":\"https:\\\/\\\/www.latribunedufaso.net\\\/?p=17222\"},\"author\":{\"name\":\"Issouf Tapsoba\",\"@id\":\"https:\\\/\\\/www.latribunedufaso.net\\\/#\\\/schema\\\/person\\\/e54e64c5778a7e72cf80a318b7a622b0\"},\"headline\":\"Affaire d\u00e9tournement de deniers publics au minist\u00e8re en charge de l&rsquo;Action humanitaire : L&rsquo;audience renvoy\u00e9 au 3 d\u00e9cembre 2024 pour une expertise sur l&rsquo;\u00e9tat de sant\u00e9 de Amidou Ti\u00e9gnan\u00a0\",\"datePublished\":\"2024-11-29T14:56:02+00:00\",\"dateModified\":\"2024-11-30T00:39:02+00:00\",\"mainEntityOfPage\":{\"@id\":\"https:\\\/\\\/www.latribunedufaso.net\\\/?p=17222\"},\"wordCount\":486,\"commentCount\":0,\"publisher\":{\"@id\":\"https:\\\/\\\/www.latribunedufaso.net\\\/#organization\"},\"image\":{\"@id\":\"https:\\\/\\\/www.latribunedufaso.net\\\/?p=17222#primaryimage\"},\"thumbnailUrl\":\"https:\\\/\\\/www.latribunedufaso.net\\\/wp-content\\\/uploads\\\/2024\\\/11\\\/FB_IMG_1732924967106.jpg\",\"keywords\":[\"D\u00e9tournement de deniers publics\",\"justice\",\"latribunedufaso.net\"],\"articleSection\":[\"A la une\",\"Actualit\u00e9\",\"Soci\u00e9t\u00e9\"],\"inLanguage\":\"fr-FR\",\"potentialAction\":[{\"@type\":\"CommentAction\",\"name\":\"Comment\",\"target\":[\"https:\\\/\\\/www.latribunedufaso.net\\\/?p=17222#respond\"]}]},{\"@type\":\"WebPage\",\"@id\":\"https:\\\/\\\/www.latribunedufaso.net\\\/?p=17222\",\"url\":\"https:\\\/\\\/www.latribunedufaso.net\\\/?p=17222\",\"name\":\"Affaire d\u00e9tournement de deniers publics au minist\u00e8re en charge de l'Action humanitaire : L'audience renvoy\u00e9 au 3 d\u00e9cembre 2024 pour une expertise sur l'\u00e9tat de sant\u00e9 de Amidou Ti\u00e9gnan\u00a0 - La Tribune du Faso\",\"isPartOf\":{\"@id\":\"https:\\\/\\\/www.latribunedufaso.net\\\/#website\"},\"primaryImageOfPage\":{\"@id\":\"https:\\\/\\\/www.latribunedufaso.net\\\/?p=17222#primaryimage\"},\"image\":{\"@id\":\"https:\\\/\\\/www.latribunedufaso.net\\\/?p=17222#primaryimage\"},\"thumbnailUrl\":\"https:\\\/\\\/www.latribunedufaso.net\\\/wp-content\\\/uploads\\\/2024\\\/11\\\/FB_IMG_1732924967106.jpg\",\"datePublished\":\"2024-11-29T14:56:02+00:00\",\"dateModified\":\"2024-11-30T00:39:02+00:00\",\"breadcrumb\":{\"@id\":\"https:\\\/\\\/www.latribunedufaso.net\\\/?p=17222#breadcrumb\"},\"inLanguage\":\"fr-FR\",\"potentialAction\":[{\"@type\":\"ReadAction\",\"target\":[\"https:\\\/\\\/www.latribunedufaso.net\\\/?p=17222\"]}]},{\"@type\":\"ImageObject\",\"inLanguage\":\"fr-FR\",\"@id\":\"https:\\\/\\\/www.latribunedufaso.net\\\/?p=17222#primaryimage\",\"url\":\"https:\\\/\\\/www.latribunedufaso.net\\\/wp-content\\\/uploads\\\/2024\\\/11\\\/FB_IMG_1732924967106.jpg\",\"contentUrl\":\"https:\\\/\\\/www.latribunedufaso.net\\\/wp-content\\\/uploads\\\/2024\\\/11\\\/FB_IMG_1732924967106.jpg\",\"width\":720,\"height\":480,\"caption\":\"Photo d'illustration du proc\u00e8s de l'affaire d\u00e9tournement de deniers publics au minist\u00e8re en charge de l'Action humanitaire, audience du 29 novembre 2024\"},{\"@type\":\"BreadcrumbList\",\"@id\":\"https:\\\/\\\/www.latribunedufaso.net\\\/?p=17222#breadcrumb\",\"itemListElement\":[{\"@type\":\"ListItem\",\"position\":1,\"name\":\"Accueil\",\"item\":\"https:\\\/\\\/www.latribunedufaso.net\\\/\"},{\"@type\":\"ListItem\",\"position\":2,\"name\":\"Affaire d\u00e9tournement de deniers publics au minist\u00e8re en charge de l&rsquo;Action humanitaire : L&rsquo;audience renvoy\u00e9 au 3 d\u00e9cembre 2024 pour une expertise sur l&rsquo;\u00e9tat de sant\u00e9 de Amidou Ti\u00e9gnan\u00a0\"}]},{\"@type\":\"WebSite\",\"@id\":\"https:\\\/\\\/www.latribunedufaso.net\\\/#website\",\"url\":\"https:\\\/\\\/www.latribunedufaso.net\\\/\",\"name\":\"La Tribune du Faso\",\"description\":\"L&#039;information du monde rural en un clic\",\"publisher\":{\"@id\":\"https:\\\/\\\/www.latribunedufaso.net\\\/#organization\"},\"potentialAction\":[{\"@type\":\"SearchAction\",\"target\":{\"@type\":\"EntryPoint\",\"urlTemplate\":\"https:\\\/\\\/www.latribunedufaso.net\\\/?s={search_term_string}\"},\"query-input\":{\"@type\":\"PropertyValueSpecification\",\"valueRequired\":true,\"valueName\":\"search_term_string\"}}],\"inLanguage\":\"fr-FR\"},{\"@type\":\"Organization\",\"@id\":\"https:\\\/\\\/www.latribunedufaso.net\\\/#organization\",\"name\":\"La Tribune du Faso\",\"url\":\"https:\\\/\\\/www.latribunedufaso.net\\\/\",\"logo\":{\"@type\":\"ImageObject\",\"inLanguage\":\"fr-FR\",\"@id\":\"https:\\\/\\\/www.latribunedufaso.net\\\/#\\\/schema\\\/logo\\\/image\\\/\",\"url\":\"https:\\\/\\\/www.latribunedufaso.net\\\/wp-content\\\/uploads\\\/2020\\\/08\\\/Logo-Tribune-du-Faso-final-scaled.jpg\",\"contentUrl\":\"https:\\\/\\\/www.latribunedufaso.net\\\/wp-content\\\/uploads\\\/2020\\\/08\\\/Logo-Tribune-du-Faso-final-scaled.jpg\",\"width\":2560,\"height\":1856,\"caption\":\"La Tribune du Faso\"},\"image\":{\"@id\":\"https:\\\/\\\/www.latribunedufaso.net\\\/#\\\/schema\\\/logo\\\/image\\\/\"},\"sameAs\":[\"https:\\\/\\\/www.facebook.com\\\/LatribuneduFaso\\\/\"]},{\"@type\":\"Person\",\"@id\":\"https:\\\/\\\/www.latribunedufaso.net\\\/#\\\/schema\\\/person\\\/e54e64c5778a7e72cf80a318b7a622b0\",\"name\":\"Issouf Tapsoba\",\"image\":{\"@type\":\"ImageObject\",\"inLanguage\":\"fr-FR\",\"@id\":\"https:\\\/\\\/secure.gravatar.com\\\/avatar\\\/5e6c05150ce3230247d167f5b94d678eb05936197436d69b7921e3a95c9107ac?s=96&d=mm&r=g\",\"url\":\"https:\\\/\\\/secure.gravatar.com\\\/avatar\\\/5e6c05150ce3230247d167f5b94d678eb05936197436d69b7921e3a95c9107ac?s=96&d=mm&r=g\",\"contentUrl\":\"https:\\\/\\\/secure.gravatar.com\\\/avatar\\\/5e6c05150ce3230247d167f5b94d678eb05936197436d69b7921e3a95c9107ac?s=96&d=mm&r=g\",\"caption\":\"Issouf Tapsoba\"},\"url\":\"https:\\\/\\\/www.latribunedufaso.net\\\/?author=5\"}]}<\/script>\n<!-- \/ Yoast SEO plugin. -->","yoast_head_json":{"title":"Affaire d\u00e9tournement de deniers publics au minist\u00e8re en charge de l'Action humanitaire : L'audience renvoy\u00e9 au 3 d\u00e9cembre 2024 pour une expertise sur l'\u00e9tat de sant\u00e9 de Amidou Ti\u00e9gnan\u00a0 - La Tribune du Faso","robots":{"index":"index","follow":"follow","max-snippet":"max-snippet:-1","max-image-preview":"max-image-preview:large","max-video-preview":"max-video-preview:-1"},"canonical":"https:\/\/www.latribunedufaso.net\/?p=17222","og_locale":"fr_FR","og_type":"article","og_title":"Affaire d\u00e9tournement de deniers publics au minist\u00e8re en charge de l'Action humanitaire : L'audience renvoy\u00e9 au 3 d\u00e9cembre 2024 pour une expertise sur l'\u00e9tat de sant\u00e9 de Amidou Ti\u00e9gnan\u00a0 - La Tribune du Faso","og_description":"Le proc\u00e8s sur l&rsquo;affaire d\u00e9tournement de deniers publics au minist\u00e8re en charge de l&rsquo;Action humanitaire s&rsquo;est poursuivi ce 29 novembre 2024 au TGI Ouaga 1. Le tribunal a ordonn\u00e9 le Directeur g\u00e9n\u00e9ral du Centre hospitalier universitaire Yalgado Ou\u00e9draogo d&rsquo;effectuer une expertise sur l&rsquo;\u00e9tat de sant\u00e9 du pr\u00e9venu Amidou Ti\u00e9gnan. L&rsquo;audience a \u00e9t\u00e9 renvoy\u00e9 au 3 d\u00e9cembre 2024.","og_url":"https:\/\/www.latribunedufaso.net\/?p=17222","og_site_name":"La Tribune du Faso","article_publisher":"https:\/\/www.facebook.com\/LatribuneduFaso\/","article_published_time":"2024-11-29T14:56:02+00:00","article_modified_time":"2024-11-30T00:39:02+00:00","og_image":[{"width":720,"height":480,"url":"https:\/\/www.latribunedufaso.net\/wp-content\/uploads\/2024\/11\/FB_IMG_1732924967106.jpg","type":"image\/jpeg"}],"author":"Issouf Tapsoba","twitter_misc":{"\u00c9crit par":"Issouf Tapsoba","Dur\u00e9e de lecture estim\u00e9e":"2 minutes"},"schema":{"@context":"https:\/\/schema.org","@graph":[{"@type":"Article","@id":"https:\/\/www.latribunedufaso.net\/?p=17222#article","isPartOf":{"@id":"https:\/\/www.latribunedufaso.net\/?p=17222"},"author":{"name":"Issouf Tapsoba","@id":"https:\/\/www.latribunedufaso.net\/#\/schema\/person\/e54e64c5778a7e72cf80a318b7a622b0"},"headline":"Affaire d\u00e9tournement de deniers publics au minist\u00e8re en charge de l&rsquo;Action humanitaire : L&rsquo;audience renvoy\u00e9 au 3 d\u00e9cembre 2024 pour une expertise sur l&rsquo;\u00e9tat de sant\u00e9 de Amidou Ti\u00e9gnan\u00a0","datePublished":"2024-11-29T14:56:02+00:00","dateModified":"2024-11-30T00:39:02+00:00","mainEntityOfPage":{"@id":"https:\/\/www.latribunedufaso.net\/?p=17222"},"wordCount":486,"commentCount":0,"publisher":{"@id":"https:\/\/www.latribunedufaso.net\/#organization"},"image":{"@id":"https:\/\/www.latribunedufaso.net\/?p=17222#primaryimage"},"thumbnailUrl":"https:\/\/www.latribunedufaso.net\/wp-content\/uploads\/2024\/11\/FB_IMG_1732924967106.jpg","keywords":["D\u00e9tournement de deniers publics","justice","latribunedufaso.net"],"articleSection":["A la une","Actualit\u00e9","Soci\u00e9t\u00e9"],"inLanguage":"fr-FR","potentialAction":[{"@type":"CommentAction","name":"Comment","target":["https:\/\/www.latribunedufaso.net\/?p=17222#respond"]}]},{"@type":"WebPage","@id":"https:\/\/www.latribunedufaso.net\/?p=17222","url":"https:\/\/www.latribunedufaso.net\/?p=17222","name":"Affaire d\u00e9tournement de deniers publics au minist\u00e8re en charge de l'Action humanitaire : L'audience renvoy\u00e9 au 3 d\u00e9cembre 2024 pour une expertise sur l'\u00e9tat de sant\u00e9 de Amidou Ti\u00e9gnan\u00a0 - La Tribune du Faso","isPartOf":{"@id":"https:\/\/www.latribunedufaso.net\/#website"},"primaryImageOfPage":{"@id":"https:\/\/www.latribunedufaso.net\/?p=17222#primaryimage"},"image":{"@id":"https:\/\/www.latribunedufaso.net\/?p=17222#primaryimage"},"thumbnailUrl":"https:\/\/www.latribunedufaso.net\/wp-content\/uploads\/2024\/11\/FB_IMG_1732924967106.jpg","datePublished":"2024-11-29T14:56:02+00:00","dateModified":"2024-11-30T00:39:02+00:00","breadcrumb":{"@id":"https:\/\/www.latribunedufaso.net\/?p=17222#breadcrumb"},"inLanguage":"fr-FR","potentialAction":[{"@type":"ReadAction","target":["https:\/\/www.latribunedufaso.net\/?p=17222"]}]},{"@type":"ImageObject","inLanguage":"fr-FR","@id":"https:\/\/www.latribunedufaso.net\/?p=17222#primaryimage","url":"https:\/\/www.latribunedufaso.net\/wp-content\/uploads\/2024\/11\/FB_IMG_1732924967106.jpg","contentUrl":"https:\/\/www.latribunedufaso.net\/wp-content\/uploads\/2024\/11\/FB_IMG_1732924967106.jpg","width":720,"height":480,"caption":"Photo d'illustration du proc\u00e8s de l'affaire d\u00e9tournement de deniers publics au minist\u00e8re en charge de l'Action humanitaire, audience du 29 novembre 2024"},{"@type":"BreadcrumbList","@id":"https:\/\/www.latribunedufaso.net\/?p=17222#breadcrumb","itemListElement":[{"@type":"ListItem","position":1,"name":"Accueil","item":"https:\/\/www.latribunedufaso.net\/"},{"@type":"ListItem","position":2,"name":"Affaire d\u00e9tournement de deniers publics au minist\u00e8re en charge de l&rsquo;Action humanitaire : L&rsquo;audience renvoy\u00e9 au 3 d\u00e9cembre 2024 pour une expertise sur l&rsquo;\u00e9tat de sant\u00e9 de Amidou Ti\u00e9gnan\u00a0"}]},{"@type":"WebSite","@id":"https:\/\/www.latribunedufaso.net\/#website","url":"https:\/\/www.latribunedufaso.net\/","name":"La Tribune du Faso","description":"L&#039;information du monde rural en un clic","publisher":{"@id":"https:\/\/www.latribunedufaso.net\/#organization"},"potentialAction":[{"@type":"SearchAction","target":{"@type":"EntryPoint","urlTemplate":"https:\/\/www.latribunedufaso.net\/?s={search_term_string}"},"query-input":{"@type":"PropertyValueSpecification","valueRequired":true,"valueName":"search_term_string"}}],"inLanguage":"fr-FR"},{"@type":"Organization","@id":"https:\/\/www.latribunedufaso.net\/#organization","name":"La Tribune du Faso","url":"https:\/\/www.latribunedufaso.net\/","logo":{"@type":"ImageObject","inLanguage":"fr-FR","@id":"https:\/\/www.latribunedufaso.net\/#\/schema\/logo\/image\/","url":"https:\/\/www.latribunedufaso.net\/wp-content\/uploads\/2020\/08\/Logo-Tribune-du-Faso-final-scaled.jpg","contentUrl":"https:\/\/www.latribunedufaso.net\/wp-content\/uploads\/2020\/08\/Logo-Tribune-du-Faso-final-scaled.jpg","width":2560,"height":1856,"caption":"La Tribune du Faso"},"image":{"@id":"https:\/\/www.latribunedufaso.net\/#\/schema\/logo\/image\/"},"sameAs":["https:\/\/www.facebook.com\/LatribuneduFaso\/"]},{"@type":"Person","@id":"https:\/\/www.latribunedufaso.net\/#\/schema\/person\/e54e64c5778a7e72cf80a318b7a622b0","name":"Issouf Tapsoba","image":{"@type":"ImageObject","inLanguage":"fr-FR","@id":"https:\/\/secure.gravatar.com\/avatar\/5e6c05150ce3230247d167f5b94d678eb05936197436d69b7921e3a95c9107ac?s=96&d=mm&r=g","url":"https:\/\/secure.gravatar.com\/avatar\/5e6c05150ce3230247d167f5b94d678eb05936197436d69b7921e3a95c9107ac?s=96&d=mm&r=g","contentUrl":"https:\/\/secure.gravatar.com\/avatar\/5e6c05150ce3230247d167f5b94d678eb05936197436d69b7921e3a95c9107ac?s=96&d=mm&r=g","caption":"Issouf Tapsoba"},"url":"https:\/\/www.latribunedufaso.net\/?author=5"}]}},"_links":{"self":[{"href":"https:\/\/www.latribunedufaso.net\/index.php?rest_route=\/wp\/v2\/posts\/17222","targetHints":{"allow":["GET"]}}],"collection":[{"href":"https:\/\/www.latribunedufaso.net\/index.php?rest_route=\/wp\/v2\/posts"}],"about":[{"href":"https:\/\/www.latribunedufaso.net\/index.php?rest_route=\/wp\/v2\/types\/post"}],"author":[{"embeddable":true,"href":"https:\/\/www.latribunedufaso.net\/index.php?rest_route=\/wp\/v2\/users\/5"}],"replies":[{"embeddable":true,"href":"https:\/\/www.latribunedufaso.net\/index.php?rest_route=%2Fwp%2Fv2%2Fcomments&post=17222"}],"version-history":[{"count":4,"href":"https:\/\/www.latribunedufaso.net\/index.php?rest_route=\/wp\/v2\/posts\/17222\/revisions"}],"predecessor-version":[{"id":17234,"href":"https:\/\/www.latribunedufaso.net\/index.php?rest_route=\/wp\/v2\/posts\/17222\/revisions\/17234"}],"wp:featuredmedia":[{"embeddable":true,"href":"https:\/\/www.latribunedufaso.net\/index.php?rest_route=\/wp\/v2\/media\/17223"}],"wp:attachment":[{"href":"https:\/\/www.latribunedufaso.net\/index.php?rest_route=%2Fwp%2Fv2%2Fmedia&parent=17222"}],"wp:term":[{"taxonomy":"category","embeddable":true,"href":"https:\/\/www.latribunedufaso.net\/index.php?rest_route=%2Fwp%2Fv2%2Fcategories&post=17222"},{"taxonomy":"post_tag","embeddable":true,"href":"https:\/\/www.latribunedufaso.net\/index.php?rest_route=%2Fwp%2Fv2%2Ftags&post=17222"}],"curies":[{"name":"wp","href":"https:\/\/api.w.org\/{rel}","templated":true}]}}