{"id":17202,"date":"2024-11-29T18:55:57","date_gmt":"2024-11-29T18:55:57","guid":{"rendered":"https:\/\/www.latribunedufaso.net\/?p=17202"},"modified":"2024-11-29T18:55:57","modified_gmt":"2024-11-29T18:55:57","slug":"burkina-le-capitaine-ibrahim-traore-inaugurera-lusine-de-transformation-de-tomate-ce-30-novembre-2024","status":"publish","type":"post","link":"https:\/\/www.latribunedufaso.net\/?p=17202","title":{"rendered":"Burkina : Le Capitaine Ibrahim Traor\u00e9 inaugurera l\u2019usine de transformation de tomate ce 30 novembre 2024"},"content":{"rendered":"<p><strong><span style=\"font-size: 1.0625rem;\">Le Pr\u00e9sident du Faso, Chef de l\u2019\u00c9tat, le Capitaine Ibrahim Traor\u00e9 proc\u00e8dera ce samedi 30 novembre, \u00e0 l\u2019inauguration de l\u2019usine de transformation de tomate dans la ville de Sya, capitale \u00e9conomique du Burkina Faso. C\u2019est ce qu\u2019on peut lire dans un communiqu\u00e9 de presse sign\u00e9 par la Pr\u00e9sidence du Faso, ce 29 novembre 2024 \u00e0 Bobo Dioulasso.<\/span><\/strong><!--more--><\/p>\n<p>Le communiqu\u00e9 int\u00e9gral\u00a0<\/p>\n<p>\u00ab Le Pr\u00e9sident du Faso, Chef de l\u2019\u00c9tat, le Capitaine Ibrahim TRAOR\u00c9 proc\u00e8de- ra ce samedi 30 novembre, \u00e0 l\u2019inauguration de l\u2019usine de transformation de tomate dans la ville de Sya, capitale \u00e9conomique du Burkina Faso. L\u2019usine dont les travaux de construction ont \u00e9t\u00e9 lanc\u00e9s par le Chef de l\u2019\u00c9tat, le 23 septembre 2023, est pr\u00eate \u00e0 mettre sur le march\u00e9 ses premiers produits.<\/p>\n<p>\u00a0L\u2019usine dont les travaux de construction ont \u00e9t\u00e9 lanc\u00e9s par le Chef de l\u2019\u00c9tat, le 23 septembre 2023, est pr\u00eate \u00e0 mettre sur le march\u00e9 ses premiers produits.<\/p>\n<p>D\u2019un co\u00fbt de r\u00e9alisation estim\u00e9 \u00e0 7.5 milliards de FCFA, soit 80% de fonds propres gr\u00e2ce \u00e0 l\u2019actionnariat populaire et 20% de participation de l\u2019\u00c9tat, cette usine entre dans le cadre du programme de l\u2019entrepreneuriat communautaire pilot\u00e9 par l\u2019Agence pour la promotion de l\u2019entrepreneuriat communautaire (APEC).<\/p>\n<p>L\u2019usine de transformation de tomate de Bobo-Dioulasso va contribuer au d\u00e9veloppement d\u2019un secteur industriel et agricole comp\u00e9titif \u00e0 forte valeur ajout\u00e9e. Elle vise \u00e0 accro\u00eetre et \u00e0 absorber la majorit\u00e9 de la production locale de tomate pour une transformation interne au Burkina Faso. Cette usine va dynamiser l\u2019ensemble de la cha\u00eene avec des effets moteurs importants et la cr\u00e9ation d\u2019un grand nombre d\u2019emplois. Pour sa premi\u00e8re ann\u00e9e de fonctionnement, ce sont 180 emplois directs et 1 500 emplois indirects qui seront cr\u00e9\u00e9s et pour atteindre en vitesse de croisi\u00e8re 3 000 emplois indirects.<\/p>\n<p>Au-del\u00e0 de son impact au niveau des producteurs de tomate et de la cr\u00e9ation d\u2019emplois, l\u2019activit\u00e9 de cette usine va contribuer \u00e0 l\u2019atteinte de la s\u00e9curit\u00e9 alimentaire par la mise \u00e0 la disposition des Burkinab\u00e8 de produits finis de qualit\u00e9 \u00bb.<\/p>\n<p><strong><span style=\"font-size: 1.0625rem;\">Latribunedufaso.net<\/span><\/strong><\/p>\n<p><strong>Source : Pr\u00e9side<span style=\"font-size: 1.0625rem;\">nce du Faso<\/span><\/strong><\/p>\n","protected":false},"excerpt":{"rendered":"<p>Le Pr\u00e9sident du Faso, Chef de l\u2019\u00c9tat, le Capitaine Ibrahim Traor\u00e9 proc\u00e8dera ce samedi 30 novembre, \u00e0 l\u2019inauguration de l\u2019usine de transformation de tomate dans la ville de Sya, capitale \u00e9conomique du Burkina Faso. C\u2019est ce qu\u2019on peut lire dans un communiqu\u00e9 de presse sign\u00e9 par la Pr\u00e9sidence du Faso, ce 29 novembre 2024 \u00e0 Bobo Dioulasso.<\/p>\n","protected":false},"author":5,"featured_media":15573,"comment_status":"open","ping_status":"open","sticky":false,"template":"","format":"standard","meta":{"footnotes":""},"categories":[13,1,10],"tags":[250,39,508],"class_list":["post-17202","post","type-post","status-publish","format-standard","has-post-thumbnail","hentry","category-une","category-actu","category-eco","tag-developpement-industriel","tag-latribunedufaso-net","tag-usine-de-transformation-de-tomates-de-bobo"],"yoast_head":"<!-- This site is optimized with the Yoast SEO plugin v27.5 - https:\/\/yoast.com\/product\/yoast-seo-wordpress\/ -->\n<title>Burkina : Le Capitaine Ibrahim Traor\u00e9 inaugurera l\u2019usine de transformation de tomate ce 30 novembre 2024 - La Tribune du Faso<\/title>\n<meta name=\"robots\" content=\"index, follow, max-snippet:-1, max-image-preview:large, max-video-preview:-1\" \/>\n<link rel=\"canonical\" href=\"https:\/\/www.latribunedufaso.net\/?p=17202\" \/>\n<meta property=\"og:locale\" content=\"fr_FR\" \/>\n<meta property=\"og:type\" content=\"article\" \/>\n<meta property=\"og:title\" content=\"Burkina : Le Capitaine Ibrahim Traor\u00e9 inaugurera l\u2019usine de transformation de tomate ce 30 novembre 2024 - La Tribune du Faso\" \/>\n<meta property=\"og:description\" content=\"Le Pr\u00e9sident du Faso, Chef de l\u2019\u00c9tat, le Capitaine Ibrahim Traor\u00e9 proc\u00e8dera ce samedi 30 novembre, \u00e0 l\u2019inauguration de l\u2019usine de transformation de tomate dans la ville de Sya, capitale \u00e9conomique du Burkina Faso. C\u2019est ce qu\u2019on peut lire dans un communiqu\u00e9 de presse sign\u00e9 par la Pr\u00e9sidence du Faso, ce 29 novembre 2024 \u00e0 Bobo Dioulasso.\" \/>\n<meta property=\"og:url\" content=\"https:\/\/www.latribunedufaso.net\/?p=17202\" \/>\n<meta property=\"og:site_name\" content=\"La Tribune du Faso\" \/>\n<meta property=\"article:publisher\" content=\"https:\/\/www.facebook.com\/LatribuneduFaso\/\" \/>\n<meta property=\"article:published_time\" content=\"2024-11-29T18:55:57+00:00\" \/>\n<meta property=\"og:image\" content=\"https:\/\/www.latribunedufaso.net\/wp-content\/uploads\/2024\/09\/IMG-20240902-WA0101-1.jpg\" \/>\n\t<meta property=\"og:image:width\" content=\"1600\" \/>\n\t<meta property=\"og:image:height\" content=\"1210\" \/>\n\t<meta property=\"og:image:type\" content=\"image\/jpeg\" \/>\n<meta name=\"author\" content=\"Issouf Tapsoba\" \/>\n<meta name=\"twitter:label1\" content=\"\u00c9crit par\" \/>\n\t<meta name=\"twitter:data1\" content=\"Issouf Tapsoba\" \/>\n\t<meta name=\"twitter:label2\" content=\"Dur\u00e9e de lecture estim\u00e9e\" \/>\n\t<meta name=\"twitter:data2\" content=\"2 minutes\" \/>\n<script type=\"application\/ld+json\" class=\"yoast-schema-graph\">{\"@context\":\"https:\\\/\\\/schema.org\",\"@graph\":[{\"@type\":\"Article\",\"@id\":\"https:\\\/\\\/www.latribunedufaso.net\\\/?p=17202#article\",\"isPartOf\":{\"@id\":\"https:\\\/\\\/www.latribunedufaso.net\\\/?p=17202\"},\"author\":{\"name\":\"Issouf Tapsoba\",\"@id\":\"https:\\\/\\\/www.latribunedufaso.net\\\/#\\\/schema\\\/person\\\/e54e64c5778a7e72cf80a318b7a622b0\"},\"headline\":\"Burkina : Le Capitaine Ibrahim Traor\u00e9 inaugurera l\u2019usine de transformation de tomate ce 30 novembre 2024\",\"datePublished\":\"2024-11-29T18:55:57+00:00\",\"mainEntityOfPage\":{\"@id\":\"https:\\\/\\\/www.latribunedufaso.net\\\/?p=17202\"},\"wordCount\":374,\"commentCount\":0,\"publisher\":{\"@id\":\"https:\\\/\\\/www.latribunedufaso.net\\\/#organization\"},\"image\":{\"@id\":\"https:\\\/\\\/www.latribunedufaso.net\\\/?p=17202#primaryimage\"},\"thumbnailUrl\":\"https:\\\/\\\/www.latribunedufaso.net\\\/wp-content\\\/uploads\\\/2024\\\/09\\\/IMG-20240902-WA0101-1.jpg\",\"keywords\":[\"D\u00e9veloppement industriel\",\"latribunedufaso.net\",\"Usine de transformation de tomates de Bobo\"],\"articleSection\":[\"A la une\",\"Actualit\u00e9\",\"Economie\"],\"inLanguage\":\"fr-FR\",\"potentialAction\":[{\"@type\":\"CommentAction\",\"name\":\"Comment\",\"target\":[\"https:\\\/\\\/www.latribunedufaso.net\\\/?p=17202#respond\"]}]},{\"@type\":\"WebPage\",\"@id\":\"https:\\\/\\\/www.latribunedufaso.net\\\/?p=17202\",\"url\":\"https:\\\/\\\/www.latribunedufaso.net\\\/?p=17202\",\"name\":\"Burkina : Le Capitaine Ibrahim Traor\u00e9 inaugurera l\u2019usine de transformation de tomate ce 30 novembre 2024 - La Tribune du Faso\",\"isPartOf\":{\"@id\":\"https:\\\/\\\/www.latribunedufaso.net\\\/#website\"},\"primaryImageOfPage\":{\"@id\":\"https:\\\/\\\/www.latribunedufaso.net\\\/?p=17202#primaryimage\"},\"image\":{\"@id\":\"https:\\\/\\\/www.latribunedufaso.net\\\/?p=17202#primaryimage\"},\"thumbnailUrl\":\"https:\\\/\\\/www.latribunedufaso.net\\\/wp-content\\\/uploads\\\/2024\\\/09\\\/IMG-20240902-WA0101-1.jpg\",\"datePublished\":\"2024-11-29T18:55:57+00:00\",\"breadcrumb\":{\"@id\":\"https:\\\/\\\/www.latribunedufaso.net\\\/?p=17202#breadcrumb\"},\"inLanguage\":\"fr-FR\",\"potentialAction\":[{\"@type\":\"ReadAction\",\"target\":[\"https:\\\/\\\/www.latribunedufaso.net\\\/?p=17202\"]}]},{\"@type\":\"ImageObject\",\"inLanguage\":\"fr-FR\",\"@id\":\"https:\\\/\\\/www.latribunedufaso.net\\\/?p=17202#primaryimage\",\"url\":\"https:\\\/\\\/www.latribunedufaso.net\\\/wp-content\\\/uploads\\\/2024\\\/09\\\/IMG-20240902-WA0101-1.jpg\",\"contentUrl\":\"https:\\\/\\\/www.latribunedufaso.net\\\/wp-content\\\/uploads\\\/2024\\\/09\\\/IMG-20240902-WA0101-1.jpg\",\"width\":1600,\"height\":1210,\"caption\":\"Le Pr\u00e9sident du Faso, le capitaine Ibrahim Traor\u00e9 - Ph. PREFASO\"},{\"@type\":\"BreadcrumbList\",\"@id\":\"https:\\\/\\\/www.latribunedufaso.net\\\/?p=17202#breadcrumb\",\"itemListElement\":[{\"@type\":\"ListItem\",\"position\":1,\"name\":\"Accueil\",\"item\":\"https:\\\/\\\/www.latribunedufaso.net\\\/\"},{\"@type\":\"ListItem\",\"position\":2,\"name\":\"Burkina : Le Capitaine Ibrahim Traor\u00e9 inaugurera l\u2019usine de transformation de tomate ce 30 novembre 2024\"}]},{\"@type\":\"WebSite\",\"@id\":\"https:\\\/\\\/www.latribunedufaso.net\\\/#website\",\"url\":\"https:\\\/\\\/www.latribunedufaso.net\\\/\",\"name\":\"La Tribune du Faso\",\"description\":\"L&#039;information du monde rural en un clic\",\"publisher\":{\"@id\":\"https:\\\/\\\/www.latribunedufaso.net\\\/#organization\"},\"potentialAction\":[{\"@type\":\"SearchAction\",\"target\":{\"@type\":\"EntryPoint\",\"urlTemplate\":\"https:\\\/\\\/www.latribunedufaso.net\\\/?s={search_term_string}\"},\"query-input\":{\"@type\":\"PropertyValueSpecification\",\"valueRequired\":true,\"valueName\":\"search_term_string\"}}],\"inLanguage\":\"fr-FR\"},{\"@type\":\"Organization\",\"@id\":\"https:\\\/\\\/www.latribunedufaso.net\\\/#organization\",\"name\":\"La Tribune du Faso\",\"url\":\"https:\\\/\\\/www.latribunedufaso.net\\\/\",\"logo\":{\"@type\":\"ImageObject\",\"inLanguage\":\"fr-FR\",\"@id\":\"https:\\\/\\\/www.latribunedufaso.net\\\/#\\\/schema\\\/logo\\\/image\\\/\",\"url\":\"https:\\\/\\\/www.latribunedufaso.net\\\/wp-content\\\/uploads\\\/2020\\\/08\\\/Logo-Tribune-du-Faso-final-scaled.jpg\",\"contentUrl\":\"https:\\\/\\\/www.latribunedufaso.net\\\/wp-content\\\/uploads\\\/2020\\\/08\\\/Logo-Tribune-du-Faso-final-scaled.jpg\",\"width\":2560,\"height\":1856,\"caption\":\"La Tribune du Faso\"},\"image\":{\"@id\":\"https:\\\/\\\/www.latribunedufaso.net\\\/#\\\/schema\\\/logo\\\/image\\\/\"},\"sameAs\":[\"https:\\\/\\\/www.facebook.com\\\/LatribuneduFaso\\\/\"]},{\"@type\":\"Person\",\"@id\":\"https:\\\/\\\/www.latribunedufaso.net\\\/#\\\/schema\\\/person\\\/e54e64c5778a7e72cf80a318b7a622b0\",\"name\":\"Issouf Tapsoba\",\"image\":{\"@type\":\"ImageObject\",\"inLanguage\":\"fr-FR\",\"@id\":\"https:\\\/\\\/secure.gravatar.com\\\/avatar\\\/5e6c05150ce3230247d167f5b94d678eb05936197436d69b7921e3a95c9107ac?s=96&d=mm&r=g\",\"url\":\"https:\\\/\\\/secure.gravatar.com\\\/avatar\\\/5e6c05150ce3230247d167f5b94d678eb05936197436d69b7921e3a95c9107ac?s=96&d=mm&r=g\",\"contentUrl\":\"https:\\\/\\\/secure.gravatar.com\\\/avatar\\\/5e6c05150ce3230247d167f5b94d678eb05936197436d69b7921e3a95c9107ac?s=96&d=mm&r=g\",\"caption\":\"Issouf Tapsoba\"},\"url\":\"https:\\\/\\\/www.latribunedufaso.net\\\/?author=5\"}]}<\/script>\n<!-- \/ Yoast SEO plugin. -->","yoast_head_json":{"title":"Burkina : Le Capitaine Ibrahim Traor\u00e9 inaugurera l\u2019usine de transformation de tomate ce 30 novembre 2024 - La Tribune du Faso","robots":{"index":"index","follow":"follow","max-snippet":"max-snippet:-1","max-image-preview":"max-image-preview:large","max-video-preview":"max-video-preview:-1"},"canonical":"https:\/\/www.latribunedufaso.net\/?p=17202","og_locale":"fr_FR","og_type":"article","og_title":"Burkina : Le Capitaine Ibrahim Traor\u00e9 inaugurera l\u2019usine de transformation de tomate ce 30 novembre 2024 - La Tribune du Faso","og_description":"Le Pr\u00e9sident du Faso, Chef de l\u2019\u00c9tat, le Capitaine Ibrahim Traor\u00e9 proc\u00e8dera ce samedi 30 novembre, \u00e0 l\u2019inauguration de l\u2019usine de transformation de tomate dans la ville de Sya, capitale \u00e9conomique du Burkina Faso. C\u2019est ce qu\u2019on peut lire dans un communiqu\u00e9 de presse sign\u00e9 par la Pr\u00e9sidence du Faso, ce 29 novembre 2024 \u00e0 Bobo Dioulasso.","og_url":"https:\/\/www.latribunedufaso.net\/?p=17202","og_site_name":"La Tribune du Faso","article_publisher":"https:\/\/www.facebook.com\/LatribuneduFaso\/","article_published_time":"2024-11-29T18:55:57+00:00","og_image":[{"width":1600,"height":1210,"url":"https:\/\/www.latribunedufaso.net\/wp-content\/uploads\/2024\/09\/IMG-20240902-WA0101-1.jpg","type":"image\/jpeg"}],"author":"Issouf Tapsoba","twitter_misc":{"\u00c9crit par":"Issouf Tapsoba","Dur\u00e9e de lecture estim\u00e9e":"2 minutes"},"schema":{"@context":"https:\/\/schema.org","@graph":[{"@type":"Article","@id":"https:\/\/www.latribunedufaso.net\/?p=17202#article","isPartOf":{"@id":"https:\/\/www.latribunedufaso.net\/?p=17202"},"author":{"name":"Issouf Tapsoba","@id":"https:\/\/www.latribunedufaso.net\/#\/schema\/person\/e54e64c5778a7e72cf80a318b7a622b0"},"headline":"Burkina : Le Capitaine Ibrahim Traor\u00e9 inaugurera l\u2019usine de transformation de tomate ce 30 novembre 2024","datePublished":"2024-11-29T18:55:57+00:00","mainEntityOfPage":{"@id":"https:\/\/www.latribunedufaso.net\/?p=17202"},"wordCount":374,"commentCount":0,"publisher":{"@id":"https:\/\/www.latribunedufaso.net\/#organization"},"image":{"@id":"https:\/\/www.latribunedufaso.net\/?p=17202#primaryimage"},"thumbnailUrl":"https:\/\/www.latribunedufaso.net\/wp-content\/uploads\/2024\/09\/IMG-20240902-WA0101-1.jpg","keywords":["D\u00e9veloppement industriel","latribunedufaso.net","Usine de transformation de tomates de Bobo"],"articleSection":["A la une","Actualit\u00e9","Economie"],"inLanguage":"fr-FR","potentialAction":[{"@type":"CommentAction","name":"Comment","target":["https:\/\/www.latribunedufaso.net\/?p=17202#respond"]}]},{"@type":"WebPage","@id":"https:\/\/www.latribunedufaso.net\/?p=17202","url":"https:\/\/www.latribunedufaso.net\/?p=17202","name":"Burkina : Le Capitaine Ibrahim Traor\u00e9 inaugurera l\u2019usine de transformation de tomate ce 30 novembre 2024 - La Tribune du Faso","isPartOf":{"@id":"https:\/\/www.latribunedufaso.net\/#website"},"primaryImageOfPage":{"@id":"https:\/\/www.latribunedufaso.net\/?p=17202#primaryimage"},"image":{"@id":"https:\/\/www.latribunedufaso.net\/?p=17202#primaryimage"},"thumbnailUrl":"https:\/\/www.latribunedufaso.net\/wp-content\/uploads\/2024\/09\/IMG-20240902-WA0101-1.jpg","datePublished":"2024-11-29T18:55:57+00:00","breadcrumb":{"@id":"https:\/\/www.latribunedufaso.net\/?p=17202#breadcrumb"},"inLanguage":"fr-FR","potentialAction":[{"@type":"ReadAction","target":["https:\/\/www.latribunedufaso.net\/?p=17202"]}]},{"@type":"ImageObject","inLanguage":"fr-FR","@id":"https:\/\/www.latribunedufaso.net\/?p=17202#primaryimage","url":"https:\/\/www.latribunedufaso.net\/wp-content\/uploads\/2024\/09\/IMG-20240902-WA0101-1.jpg","contentUrl":"https:\/\/www.latribunedufaso.net\/wp-content\/uploads\/2024\/09\/IMG-20240902-WA0101-1.jpg","width":1600,"height":1210,"caption":"Le Pr\u00e9sident du Faso, le capitaine Ibrahim Traor\u00e9 - Ph. PREFASO"},{"@type":"BreadcrumbList","@id":"https:\/\/www.latribunedufaso.net\/?p=17202#breadcrumb","itemListElement":[{"@type":"ListItem","position":1,"name":"Accueil","item":"https:\/\/www.latribunedufaso.net\/"},{"@type":"ListItem","position":2,"name":"Burkina : Le Capitaine Ibrahim Traor\u00e9 inaugurera l\u2019usine de transformation de tomate ce 30 novembre 2024"}]},{"@type":"WebSite","@id":"https:\/\/www.latribunedufaso.net\/#website","url":"https:\/\/www.latribunedufaso.net\/","name":"La Tribune du Faso","description":"L&#039;information du monde rural en un clic","publisher":{"@id":"https:\/\/www.latribunedufaso.net\/#organization"},"potentialAction":[{"@type":"SearchAction","target":{"@type":"EntryPoint","urlTemplate":"https:\/\/www.latribunedufaso.net\/?s={search_term_string}"},"query-input":{"@type":"PropertyValueSpecification","valueRequired":true,"valueName":"search_term_string"}}],"inLanguage":"fr-FR"},{"@type":"Organization","@id":"https:\/\/www.latribunedufaso.net\/#organization","name":"La Tribune du Faso","url":"https:\/\/www.latribunedufaso.net\/","logo":{"@type":"ImageObject","inLanguage":"fr-FR","@id":"https:\/\/www.latribunedufaso.net\/#\/schema\/logo\/image\/","url":"https:\/\/www.latribunedufaso.net\/wp-content\/uploads\/2020\/08\/Logo-Tribune-du-Faso-final-scaled.jpg","contentUrl":"https:\/\/www.latribunedufaso.net\/wp-content\/uploads\/2020\/08\/Logo-Tribune-du-Faso-final-scaled.jpg","width":2560,"height":1856,"caption":"La Tribune du Faso"},"image":{"@id":"https:\/\/www.latribunedufaso.net\/#\/schema\/logo\/image\/"},"sameAs":["https:\/\/www.facebook.com\/LatribuneduFaso\/"]},{"@type":"Person","@id":"https:\/\/www.latribunedufaso.net\/#\/schema\/person\/e54e64c5778a7e72cf80a318b7a622b0","name":"Issouf Tapsoba","image":{"@type":"ImageObject","inLanguage":"fr-FR","@id":"https:\/\/secure.gravatar.com\/avatar\/5e6c05150ce3230247d167f5b94d678eb05936197436d69b7921e3a95c9107ac?s=96&d=mm&r=g","url":"https:\/\/secure.gravatar.com\/avatar\/5e6c05150ce3230247d167f5b94d678eb05936197436d69b7921e3a95c9107ac?s=96&d=mm&r=g","contentUrl":"https:\/\/secure.gravatar.com\/avatar\/5e6c05150ce3230247d167f5b94d678eb05936197436d69b7921e3a95c9107ac?s=96&d=mm&r=g","caption":"Issouf Tapsoba"},"url":"https:\/\/www.latribunedufaso.net\/?author=5"}]}},"_links":{"self":[{"href":"https:\/\/www.latribunedufaso.net\/index.php?rest_route=\/wp\/v2\/posts\/17202","targetHints":{"allow":["GET"]}}],"collection":[{"href":"https:\/\/www.latribunedufaso.net\/index.php?rest_route=\/wp\/v2\/posts"}],"about":[{"href":"https:\/\/www.latribunedufaso.net\/index.php?rest_route=\/wp\/v2\/types\/post"}],"author":[{"embeddable":true,"href":"https:\/\/www.latribunedufaso.net\/index.php?rest_route=\/wp\/v2\/users\/5"}],"replies":[{"embeddable":true,"href":"https:\/\/www.latribunedufaso.net\/index.php?rest_route=%2Fwp%2Fv2%2Fcomments&post=17202"}],"version-history":[{"count":1,"href":"https:\/\/www.latribunedufaso.net\/index.php?rest_route=\/wp\/v2\/posts\/17202\/revisions"}],"predecessor-version":[{"id":17203,"href":"https:\/\/www.latribunedufaso.net\/index.php?rest_route=\/wp\/v2\/posts\/17202\/revisions\/17203"}],"wp:featuredmedia":[{"embeddable":true,"href":"https:\/\/www.latribunedufaso.net\/index.php?rest_route=\/wp\/v2\/media\/15573"}],"wp:attachment":[{"href":"https:\/\/www.latribunedufaso.net\/index.php?rest_route=%2Fwp%2Fv2%2Fmedia&parent=17202"}],"wp:term":[{"taxonomy":"category","embeddable":true,"href":"https:\/\/www.latribunedufaso.net\/index.php?rest_route=%2Fwp%2Fv2%2Fcategories&post=17202"},{"taxonomy":"post_tag","embeddable":true,"href":"https:\/\/www.latribunedufaso.net\/index.php?rest_route=%2Fwp%2Fv2%2Ftags&post=17202"}],"curies":[{"name":"wp","href":"https:\/\/api.w.org\/{rel}","templated":true}]}}