{"id":172,"date":"2019-09-05T13:39:57","date_gmt":"2019-09-05T13:39:57","guid":{"rendered":"http:\/\/latribunedufaso.net\/?p=172"},"modified":"2019-09-05T13:39:57","modified_gmt":"2019-09-05T13:39:57","slug":"proces-du-putsch-de-septembe-2015-les-absents-condamnes-entre-10-a-30-ans-de-prison-fermes","status":"publish","type":"post","link":"https:\/\/www.latribunedufaso.net\/?p=172","title":{"rendered":"Proc\u00e8s du putsch de septembe 2015 : Les absents condamn\u00e9s entre 10 \u00e0 30 ans de prison fermes \u00a0"},"content":{"rendered":"<p><strong>Ceci est le jugement par d\u00e9faut rendu par le tribunal militaire de Ouagadougou le mardi 3 septembre 2019.<\/strong><\/p>\n<p><strong><a href=\"http:\/\/latribunedufaso.net\/wp-content\/uploads\/2019\/09\/IMG_1485-ok.jpg\"><img loading=\"lazy\" decoding=\"async\" class=\"size-medium wp-image-173 alignleft\" src=\"http:\/\/latribunedufaso.net\/wp-content\/uploads\/2019\/09\/IMG_1485-ok-300x199.jpg\" alt=\"\" width=\"300\" height=\"199\" srcset=\"https:\/\/www.latribunedufaso.net\/wp-content\/uploads\/2019\/09\/IMG_1485-ok-300x199.jpg 300w, https:\/\/www.latribunedufaso.net\/wp-content\/uploads\/2019\/09\/IMG_1485-ok.jpg 533w\" sizes=\"auto, (max-width: 300px) 100vw, 300px\" \/><\/a>PAR CES MOTIFS;<\/strong><\/p>\n<p>Statuant publiquement, par d\u00e9faut en mati\u00e8re criminelle et en premier ressort\u00a0:<\/p>\n<p>-D\u00e9clare les faits <strong>d\u2019attentat \u00e0 la sur\u00e9t\u00e9 de l\u2019Etat<\/strong> constitu\u00e9s \u00e0 l\u2019encontre de l\u2019accus\u00e9 <strong>SONGOTOUA Zakaria et l\u2019<\/strong><strong>en d\u00e9clare coupable;<\/strong><\/p>\n<p>-D\u00e9clare les faits de <strong>complicit\u00e9 d\u2019attentat<\/strong> <strong>\u00e0 la sur\u00e9t\u00e9 de l\u2019Etat<\/strong> constitu\u00e9s \u00e0 l\u2019encontre des accus\u00e9s:<\/p>\n<ol>\n<li>TRAORE Abdoul Karim Andr\u00e9;<\/li>\n<li>KAGAMBEGA Timpoko Margu\u00e9rite;<\/li>\n<li>KABORE Emile Ren\u00e9;<\/li>\n<li>DIENDERE\/DIALLO Fatoumata;<\/li>\n<li>BOUGOUMA\/KAGONE Ten\u00e9 Alima;<\/li>\n<li>Colonel DEKA Mahamady et les en d\u00e9clare coupables;<\/li>\n<\/ol>\n<p>-D\u00e9clare \u00a0constitu\u00e9s les faits de <strong>d\u00e9gradation volontaire aggrav\u00e9e de biens<\/strong> reproch\u00e9s \u00e0 :<\/p>\n<ol>\n<li>KAGAMBEGA Timpoko Margu\u00e9rite;<\/li>\n<li>ZOUGNOMA Issoufou et les en d\u00e9clare coupables;<\/li>\n<\/ol>\n<p>D\u00e9clare constitu\u00e9s les faits de \u00a0<strong>complicit\u00e9 de d\u00e9gradation volontaire aggrav\u00e9e de biens<\/strong>\u00a0 reproch\u00e9s au colonel <strong>DEKA Mahamady<\/strong> et l\u2019en d\u00e9clare coupable;<\/p>\n<p>-D\u00e9clare constitu\u00e9s les faits de <strong>meurtre \u00e0 l\u2019encontre des accus\u00e9s <\/strong>:<\/p>\n<ol>\n<li>TRAORE Abdoul Karim Andr\u00e9;<\/li>\n<li>KABORE Emile Ren\u00e9;<\/li>\n<li>DIENDERE\/DIALLO Fatoumata;<\/li>\n<li>Colonel DEKA Mahamdy;<\/li>\n<li>SONGOTOUA Zakaria et les en d\u00e9clare coupables;<\/li>\n<\/ol>\n<p>-D\u00e9clare constitu\u00e9s les faits de <strong>coups et blessures volontaires \u00e0 l\u2019encontre des accus\u00e9s <\/strong>:<\/p>\n<ol>\n<li>TRAORE Abdoul Karim Andr\u00e9;<\/li>\n<li>KAGAMBEGA Timpoko dite Margu\u00e9rite;<\/li>\n<li>KABORE Emile Ren\u00e9;<\/li>\n<li>DIENDERE\/DIALLO Fatoumata;<\/li>\n<li>BOUGOUMA\/KAGONE Ten\u00e9 Alima;<\/li>\n<li>SONGOTOUA Zakaria;<\/li>\n<li>Colonel DEKA Mahamdy;<\/li>\n<li>ZOUGNOMA Issoufou et les en d\u00e9clare coupables;<\/li>\n<\/ol>\n<p>-D\u00e9clare constitu\u00e9s les faits de <strong>complicit\u00e9 de violences et voie de fait sur autrui \u00e0 l\u2019encontre de l\u2019accus\u00e9 <\/strong>:Colonel <strong>DEKA Mahamady<\/strong> et l\u2019en d\u00e9clare coupable;<\/p>\n<p>En repression condamne:<\/p>\n<p>&#8211; TRAORE Abdoul Karim Andr\u00e9, KABORE Emile Ren\u00e9, DIENDERE\/DIALLO Fatoumata, BOUGOUMA\/KAGONE Ten\u00e9 Alima, SONGOTOUA Zakaria, Colonel DEKA Mahamady \u00e0 <strong>trente (30) ans de prison ferme<\/strong>;<\/p>\n<p>-KAGAMBEGA Timpoko Margu\u00e9rite \u00e0 <strong>vingt<\/strong> <strong>(20) ans de prison ferme<\/strong>;<\/p>\n<p>-ZOUGNOMA Issoufou \u00e0 <strong>dix (10) ans de prison ferme<\/strong>;<\/p>\n<p>Les condamne aux d\u00e9pens.<\/p>\n","protected":false},"excerpt":{"rendered":"<p>Ceci est le jugement par d\u00e9faut rendu par le tribunal militaire de Ouagadougou le mardi 3 septembre 2019. PAR CES MOTIFS; Statuant publiquement, par d\u00e9faut en mati\u00e8re criminelle et en premier ressort\u00a0: -D\u00e9clare les faits d\u2019attentat \u00e0 la sur\u00e9t\u00e9 de l\u2019Etat constitu\u00e9s \u00e0 l\u2019encontre de l\u2019accus\u00e9 SONGOTOUA Zakaria et l\u2019en d\u00e9clare coupable; -D\u00e9clare les faits de complicit\u00e9 d\u2019attentat \u00e0 la sur\u00e9t\u00e9 de l\u2019Etat constitu\u00e9s \u00e0 l\u2019encontre des accus\u00e9s: TRAORE Abdoul Karim Andr\u00e9; KAGAMBEGA Timpoko Margu\u00e9rite; KABORE Emile Ren\u00e9; DIENDERE\/DIALLO Fatoumata; BOUGOUMA\/KAGONE Ten\u00e9 Alima; Colonel DEKA Mahamady et les en d\u00e9clare coupables; -D\u00e9clare \u00a0constitu\u00e9s les faits de d\u00e9gradation volontaire aggrav\u00e9e de biens reproch\u00e9s \u00e0 : KAGAMBEGA Timpoko Margu\u00e9rite; ZOUGNOMA Issoufou et les en d\u00e9clare coupables; D\u00e9clare constitu\u00e9s les faits de \u00a0complicit\u00e9 de d\u00e9gradation volontaire aggrav\u00e9e de biens\u00a0 reproch\u00e9s au colonel DEKA Mahamady et l\u2019en d\u00e9clare coupable; -D\u00e9clare constitu\u00e9s les faits de meurtre \u00e0 l\u2019encontre des accus\u00e9s : TRAORE Abdoul Karim Andr\u00e9; KABORE Emile Ren\u00e9; DIENDERE\/DIALLO Fatoumata; Colonel DEKA Mahamdy; SONGOTOUA Zakaria et les en d\u00e9clare coupables; -D\u00e9clare constitu\u00e9s les faits de coups et blessures volontaires \u00e0 l\u2019encontre des accus\u00e9s : TRAORE Abdoul Karim Andr\u00e9; KAGAMBEGA Timpoko dite Margu\u00e9rite; KABORE Emile Ren\u00e9; DIENDERE\/DIALLO Fatoumata; BOUGOUMA\/KAGONE Ten\u00e9 Alima; SONGOTOUA Zakaria; Colonel DEKA Mahamdy; ZOUGNOMA Issoufou et les en d\u00e9clare coupables; -D\u00e9clare constitu\u00e9s les faits de complicit\u00e9 de violences et voie de fait sur autrui \u00e0 l\u2019encontre de l\u2019accus\u00e9 :Colonel DEKA Mahamady et l\u2019en d\u00e9clare coupable; En repression condamne: &#8211; TRAORE Abdoul Karim Andr\u00e9, KABORE Emile Ren\u00e9, DIENDERE\/DIALLO Fatoumata, BOUGOUMA\/KAGONE Ten\u00e9 Alima, SONGOTOUA Zakaria, Colonel DEKA Mahamady \u00e0 trente (30) ans de prison ferme; -KAGAMBEGA Timpoko Margu\u00e9rite \u00e0 vingt (20) ans de prison ferme; -ZOUGNOMA Issoufou \u00e0 dix (10) ans de prison ferme; Les condamne aux d\u00e9pens.<\/p>\n","protected":false},"author":2,"featured_media":173,"comment_status":"open","ping_status":"open","sticky":false,"template":"","format":"standard","meta":{"footnotes":""},"categories":[1,8],"tags":[],"class_list":["post-172","post","type-post","status-publish","format-standard","has-post-thumbnail","hentry","category-actu","category-societe"],"yoast_head":"<!-- This site is optimized with the Yoast SEO plugin v27.4 - https:\/\/yoast.com\/product\/yoast-seo-wordpress\/ -->\n<title>Proc\u00e8s du putsch de septembe 2015 : Les absents condamn\u00e9s entre 10 \u00e0 30 ans de prison fermes \u00a0 - La Tribune du Faso<\/title>\n<meta name=\"robots\" content=\"index, follow, max-snippet:-1, max-image-preview:large, max-video-preview:-1\" \/>\n<link rel=\"canonical\" href=\"https:\/\/www.latribunedufaso.net\/?p=172\" \/>\n<meta property=\"og:locale\" content=\"fr_FR\" \/>\n<meta property=\"og:type\" content=\"article\" \/>\n<meta property=\"og:title\" content=\"Proc\u00e8s du putsch de septembe 2015 : Les absents condamn\u00e9s entre 10 \u00e0 30 ans de prison fermes \u00a0 - La Tribune du Faso\" \/>\n<meta property=\"og:description\" content=\"Ceci est le jugement par d\u00e9faut rendu par le tribunal militaire de Ouagadougou le mardi 3 septembre 2019. PAR CES MOTIFS; Statuant publiquement, par d\u00e9faut en mati\u00e8re criminelle et en premier ressort\u00a0: -D\u00e9clare les faits d\u2019attentat \u00e0 la sur\u00e9t\u00e9 de l\u2019Etat constitu\u00e9s \u00e0 l\u2019encontre de l\u2019accus\u00e9 SONGOTOUA Zakaria et l\u2019en d\u00e9clare coupable; -D\u00e9clare les faits de complicit\u00e9 d\u2019attentat \u00e0 la sur\u00e9t\u00e9 de l\u2019Etat constitu\u00e9s \u00e0 l\u2019encontre des accus\u00e9s: TRAORE Abdoul Karim Andr\u00e9; KAGAMBEGA Timpoko Margu\u00e9rite; KABORE Emile Ren\u00e9; DIENDERE\/DIALLO Fatoumata; BOUGOUMA\/KAGONE Ten\u00e9 Alima; Colonel DEKA Mahamady et les en d\u00e9clare coupables; -D\u00e9clare \u00a0constitu\u00e9s les faits de d\u00e9gradation volontaire aggrav\u00e9e de biens reproch\u00e9s \u00e0 : KAGAMBEGA Timpoko Margu\u00e9rite; ZOUGNOMA Issoufou et les en d\u00e9clare coupables; D\u00e9clare constitu\u00e9s les faits de \u00a0complicit\u00e9 de d\u00e9gradation volontaire aggrav\u00e9e de biens\u00a0 reproch\u00e9s au colonel DEKA Mahamady et l\u2019en d\u00e9clare coupable; -D\u00e9clare constitu\u00e9s les faits de meurtre \u00e0 l\u2019encontre des accus\u00e9s : TRAORE Abdoul Karim Andr\u00e9; KABORE Emile Ren\u00e9; DIENDERE\/DIALLO Fatoumata; Colonel DEKA Mahamdy; SONGOTOUA Zakaria et les en d\u00e9clare coupables; -D\u00e9clare constitu\u00e9s les faits de coups et blessures volontaires \u00e0 l\u2019encontre des accus\u00e9s : TRAORE Abdoul Karim Andr\u00e9; KAGAMBEGA Timpoko dite Margu\u00e9rite; KABORE Emile Ren\u00e9; DIENDERE\/DIALLO Fatoumata; BOUGOUMA\/KAGONE Ten\u00e9 Alima; SONGOTOUA Zakaria; Colonel DEKA Mahamdy; ZOUGNOMA Issoufou et les en d\u00e9clare coupables; -D\u00e9clare constitu\u00e9s les faits de complicit\u00e9 de violences et voie de fait sur autrui \u00e0 l\u2019encontre de l\u2019accus\u00e9 :Colonel DEKA Mahamady et l\u2019en d\u00e9clare coupable; En repression condamne: &#8211; TRAORE Abdoul Karim Andr\u00e9, KABORE Emile Ren\u00e9, DIENDERE\/DIALLO Fatoumata, BOUGOUMA\/KAGONE Ten\u00e9 Alima, SONGOTOUA Zakaria, Colonel DEKA Mahamady \u00e0 trente (30) ans de prison ferme; -KAGAMBEGA Timpoko Margu\u00e9rite \u00e0 vingt (20) ans de prison ferme; -ZOUGNOMA Issoufou \u00e0 dix (10) ans de prison ferme; Les condamne aux d\u00e9pens.\" \/>\n<meta property=\"og:url\" content=\"https:\/\/www.latribunedufaso.net\/?p=172\" \/>\n<meta property=\"og:site_name\" content=\"La Tribune du Faso\" \/>\n<meta property=\"article:publisher\" content=\"https:\/\/www.facebook.com\/LatribuneduFaso\/\" \/>\n<meta property=\"article:published_time\" content=\"2019-09-05T13:39:57+00:00\" \/>\n<meta property=\"og:image\" content=\"https:\/\/latribunedufaso.net\/wp-content\/uploads\/2019\/09\/IMG_1485-ok.jpg\" \/>\n\t<meta property=\"og:image:width\" content=\"533\" \/>\n\t<meta property=\"og:image:height\" content=\"354\" \/>\n\t<meta property=\"og:image:type\" content=\"image\/jpeg\" \/>\n<meta name=\"author\" content=\"Administrateur\" \/>\n<meta name=\"twitter:label1\" content=\"\u00c9crit par\" \/>\n\t<meta name=\"twitter:data1\" content=\"Administrateur\" \/>\n\t<meta name=\"twitter:label2\" content=\"Dur\u00e9e de lecture estim\u00e9e\" \/>\n\t<meta name=\"twitter:data2\" content=\"2 minutes\" \/>\n<script type=\"application\/ld+json\" class=\"yoast-schema-graph\">{\"@context\":\"https:\\\/\\\/schema.org\",\"@graph\":[{\"@type\":\"Article\",\"@id\":\"https:\\\/\\\/www.latribunedufaso.net\\\/?p=172#article\",\"isPartOf\":{\"@id\":\"https:\\\/\\\/www.latribunedufaso.net\\\/?p=172\"},\"author\":{\"name\":\"Administrateur\",\"@id\":\"https:\\\/\\\/www.latribunedufaso.net\\\/#\\\/schema\\\/person\\\/a380782d0605bb8aae27c40ea93b35b1\"},\"headline\":\"Proc\u00e8s du putsch de septembe 2015 : Les absents condamn\u00e9s entre 10 \u00e0 30 ans de prison fermes \u00a0\",\"datePublished\":\"2019-09-05T13:39:57+00:00\",\"mainEntityOfPage\":{\"@id\":\"https:\\\/\\\/www.latribunedufaso.net\\\/?p=172\"},\"wordCount\":340,\"commentCount\":0,\"publisher\":{\"@id\":\"https:\\\/\\\/www.latribunedufaso.net\\\/#organization\"},\"image\":{\"@id\":\"https:\\\/\\\/www.latribunedufaso.net\\\/?p=172#primaryimage\"},\"thumbnailUrl\":\"https:\\\/\\\/www.latribunedufaso.net\\\/wp-content\\\/uploads\\\/2019\\\/09\\\/IMG_1485-ok.jpg\",\"articleSection\":[\"Actualit\u00e9\",\"Soci\u00e9t\u00e9\"],\"inLanguage\":\"fr-FR\",\"potentialAction\":[{\"@type\":\"CommentAction\",\"name\":\"Comment\",\"target\":[\"https:\\\/\\\/www.latribunedufaso.net\\\/?p=172#respond\"]}]},{\"@type\":\"WebPage\",\"@id\":\"https:\\\/\\\/www.latribunedufaso.net\\\/?p=172\",\"url\":\"https:\\\/\\\/www.latribunedufaso.net\\\/?p=172\",\"name\":\"Proc\u00e8s du putsch de septembe 2015 : Les absents condamn\u00e9s entre 10 \u00e0 30 ans de prison fermes \u00a0 - La Tribune du Faso\",\"isPartOf\":{\"@id\":\"https:\\\/\\\/www.latribunedufaso.net\\\/#website\"},\"primaryImageOfPage\":{\"@id\":\"https:\\\/\\\/www.latribunedufaso.net\\\/?p=172#primaryimage\"},\"image\":{\"@id\":\"https:\\\/\\\/www.latribunedufaso.net\\\/?p=172#primaryimage\"},\"thumbnailUrl\":\"https:\\\/\\\/www.latribunedufaso.net\\\/wp-content\\\/uploads\\\/2019\\\/09\\\/IMG_1485-ok.jpg\",\"datePublished\":\"2019-09-05T13:39:57+00:00\",\"breadcrumb\":{\"@id\":\"https:\\\/\\\/www.latribunedufaso.net\\\/?p=172#breadcrumb\"},\"inLanguage\":\"fr-FR\",\"potentialAction\":[{\"@type\":\"ReadAction\",\"target\":[\"https:\\\/\\\/www.latribunedufaso.net\\\/?p=172\"]}]},{\"@type\":\"ImageObject\",\"inLanguage\":\"fr-FR\",\"@id\":\"https:\\\/\\\/www.latribunedufaso.net\\\/?p=172#primaryimage\",\"url\":\"https:\\\/\\\/www.latribunedufaso.net\\\/wp-content\\\/uploads\\\/2019\\\/09\\\/IMG_1485-ok.jpg\",\"contentUrl\":\"https:\\\/\\\/www.latribunedufaso.net\\\/wp-content\\\/uploads\\\/2019\\\/09\\\/IMG_1485-ok.jpg\",\"width\":533,\"height\":354},{\"@type\":\"BreadcrumbList\",\"@id\":\"https:\\\/\\\/www.latribunedufaso.net\\\/?p=172#breadcrumb\",\"itemListElement\":[{\"@type\":\"ListItem\",\"position\":1,\"name\":\"Accueil\",\"item\":\"https:\\\/\\\/www.latribunedufaso.net\\\/\"},{\"@type\":\"ListItem\",\"position\":2,\"name\":\"Proc\u00e8s du putsch de septembe 2015 : Les absents condamn\u00e9s entre 10 \u00e0 30 ans de prison fermes \u00a0\"}]},{\"@type\":\"WebSite\",\"@id\":\"https:\\\/\\\/www.latribunedufaso.net\\\/#website\",\"url\":\"https:\\\/\\\/www.latribunedufaso.net\\\/\",\"name\":\"La Tribune du Faso\",\"description\":\"L&#039;information du monde rural en un clic\",\"publisher\":{\"@id\":\"https:\\\/\\\/www.latribunedufaso.net\\\/#organization\"},\"potentialAction\":[{\"@type\":\"SearchAction\",\"target\":{\"@type\":\"EntryPoint\",\"urlTemplate\":\"https:\\\/\\\/www.latribunedufaso.net\\\/?s={search_term_string}\"},\"query-input\":{\"@type\":\"PropertyValueSpecification\",\"valueRequired\":true,\"valueName\":\"search_term_string\"}}],\"inLanguage\":\"fr-FR\"},{\"@type\":\"Organization\",\"@id\":\"https:\\\/\\\/www.latribunedufaso.net\\\/#organization\",\"name\":\"La Tribune du Faso\",\"url\":\"https:\\\/\\\/www.latribunedufaso.net\\\/\",\"logo\":{\"@type\":\"ImageObject\",\"inLanguage\":\"fr-FR\",\"@id\":\"https:\\\/\\\/www.latribunedufaso.net\\\/#\\\/schema\\\/logo\\\/image\\\/\",\"url\":\"https:\\\/\\\/www.latribunedufaso.net\\\/wp-content\\\/uploads\\\/2020\\\/08\\\/Logo-Tribune-du-Faso-final-scaled.jpg\",\"contentUrl\":\"https:\\\/\\\/www.latribunedufaso.net\\\/wp-content\\\/uploads\\\/2020\\\/08\\\/Logo-Tribune-du-Faso-final-scaled.jpg\",\"width\":2560,\"height\":1856,\"caption\":\"La Tribune du Faso\"},\"image\":{\"@id\":\"https:\\\/\\\/www.latribunedufaso.net\\\/#\\\/schema\\\/logo\\\/image\\\/\"},\"sameAs\":[\"https:\\\/\\\/www.facebook.com\\\/LatribuneduFaso\\\/\"]},{\"@type\":\"Person\",\"@id\":\"https:\\\/\\\/www.latribunedufaso.net\\\/#\\\/schema\\\/person\\\/a380782d0605bb8aae27c40ea93b35b1\",\"name\":\"Administrateur\",\"image\":{\"@type\":\"ImageObject\",\"inLanguage\":\"fr-FR\",\"@id\":\"https:\\\/\\\/secure.gravatar.com\\\/avatar\\\/e20266f97d741f0e80ba1f60283074a9b3317fd7bfb727e0d95b51dafbf854a1?s=96&d=mm&r=g\",\"url\":\"https:\\\/\\\/secure.gravatar.com\\\/avatar\\\/e20266f97d741f0e80ba1f60283074a9b3317fd7bfb727e0d95b51dafbf854a1?s=96&d=mm&r=g\",\"contentUrl\":\"https:\\\/\\\/secure.gravatar.com\\\/avatar\\\/e20266f97d741f0e80ba1f60283074a9b3317fd7bfb727e0d95b51dafbf854a1?s=96&d=mm&r=g\",\"caption\":\"Administrateur\"},\"url\":\"https:\\\/\\\/www.latribunedufaso.net\\\/?author=2\"}]}<\/script>\n<!-- \/ Yoast SEO plugin. -->","yoast_head_json":{"title":"Proc\u00e8s du putsch de septembe 2015 : Les absents condamn\u00e9s entre 10 \u00e0 30 ans de prison fermes \u00a0 - La Tribune du Faso","robots":{"index":"index","follow":"follow","max-snippet":"max-snippet:-1","max-image-preview":"max-image-preview:large","max-video-preview":"max-video-preview:-1"},"canonical":"https:\/\/www.latribunedufaso.net\/?p=172","og_locale":"fr_FR","og_type":"article","og_title":"Proc\u00e8s du putsch de septembe 2015 : Les absents condamn\u00e9s entre 10 \u00e0 30 ans de prison fermes \u00a0 - La Tribune du Faso","og_description":"Ceci est le jugement par d\u00e9faut rendu par le tribunal militaire de Ouagadougou le mardi 3 septembre 2019. PAR CES MOTIFS; Statuant publiquement, par d\u00e9faut en mati\u00e8re criminelle et en premier ressort\u00a0: -D\u00e9clare les faits d\u2019attentat \u00e0 la sur\u00e9t\u00e9 de l\u2019Etat constitu\u00e9s \u00e0 l\u2019encontre de l\u2019accus\u00e9 SONGOTOUA Zakaria et l\u2019en d\u00e9clare coupable; -D\u00e9clare les faits de complicit\u00e9 d\u2019attentat \u00e0 la sur\u00e9t\u00e9 de l\u2019Etat constitu\u00e9s \u00e0 l\u2019encontre des accus\u00e9s: TRAORE Abdoul Karim Andr\u00e9; KAGAMBEGA Timpoko Margu\u00e9rite; KABORE Emile Ren\u00e9; DIENDERE\/DIALLO Fatoumata; BOUGOUMA\/KAGONE Ten\u00e9 Alima; Colonel DEKA Mahamady et les en d\u00e9clare coupables; -D\u00e9clare \u00a0constitu\u00e9s les faits de d\u00e9gradation volontaire aggrav\u00e9e de biens reproch\u00e9s \u00e0 : KAGAMBEGA Timpoko Margu\u00e9rite; ZOUGNOMA Issoufou et les en d\u00e9clare coupables; D\u00e9clare constitu\u00e9s les faits de \u00a0complicit\u00e9 de d\u00e9gradation volontaire aggrav\u00e9e de biens\u00a0 reproch\u00e9s au colonel DEKA Mahamady et l\u2019en d\u00e9clare coupable; -D\u00e9clare constitu\u00e9s les faits de meurtre \u00e0 l\u2019encontre des accus\u00e9s : TRAORE Abdoul Karim Andr\u00e9; KABORE Emile Ren\u00e9; DIENDERE\/DIALLO Fatoumata; Colonel DEKA Mahamdy; SONGOTOUA Zakaria et les en d\u00e9clare coupables; -D\u00e9clare constitu\u00e9s les faits de coups et blessures volontaires \u00e0 l\u2019encontre des accus\u00e9s : TRAORE Abdoul Karim Andr\u00e9; KAGAMBEGA Timpoko dite Margu\u00e9rite; KABORE Emile Ren\u00e9; DIENDERE\/DIALLO Fatoumata; BOUGOUMA\/KAGONE Ten\u00e9 Alima; SONGOTOUA Zakaria; Colonel DEKA Mahamdy; ZOUGNOMA Issoufou et les en d\u00e9clare coupables; -D\u00e9clare constitu\u00e9s les faits de complicit\u00e9 de violences et voie de fait sur autrui \u00e0 l\u2019encontre de l\u2019accus\u00e9 :Colonel DEKA Mahamady et l\u2019en d\u00e9clare coupable; En repression condamne: &#8211; TRAORE Abdoul Karim Andr\u00e9, KABORE Emile Ren\u00e9, DIENDERE\/DIALLO Fatoumata, BOUGOUMA\/KAGONE Ten\u00e9 Alima, SONGOTOUA Zakaria, Colonel DEKA Mahamady \u00e0 trente (30) ans de prison ferme; -KAGAMBEGA Timpoko Margu\u00e9rite \u00e0 vingt (20) ans de prison ferme; -ZOUGNOMA Issoufou \u00e0 dix (10) ans de prison ferme; Les condamne aux d\u00e9pens.","og_url":"https:\/\/www.latribunedufaso.net\/?p=172","og_site_name":"La Tribune du Faso","article_publisher":"https:\/\/www.facebook.com\/LatribuneduFaso\/","article_published_time":"2019-09-05T13:39:57+00:00","og_image":[{"width":533,"height":354,"url":"https:\/\/latribunedufaso.net\/wp-content\/uploads\/2019\/09\/IMG_1485-ok.jpg","type":"image\/jpeg"}],"author":"Administrateur","twitter_misc":{"\u00c9crit par":"Administrateur","Dur\u00e9e de lecture estim\u00e9e":"2 minutes"},"schema":{"@context":"https:\/\/schema.org","@graph":[{"@type":"Article","@id":"https:\/\/www.latribunedufaso.net\/?p=172#article","isPartOf":{"@id":"https:\/\/www.latribunedufaso.net\/?p=172"},"author":{"name":"Administrateur","@id":"https:\/\/www.latribunedufaso.net\/#\/schema\/person\/a380782d0605bb8aae27c40ea93b35b1"},"headline":"Proc\u00e8s du putsch de septembe 2015 : Les absents condamn\u00e9s entre 10 \u00e0 30 ans de prison fermes \u00a0","datePublished":"2019-09-05T13:39:57+00:00","mainEntityOfPage":{"@id":"https:\/\/www.latribunedufaso.net\/?p=172"},"wordCount":340,"commentCount":0,"publisher":{"@id":"https:\/\/www.latribunedufaso.net\/#organization"},"image":{"@id":"https:\/\/www.latribunedufaso.net\/?p=172#primaryimage"},"thumbnailUrl":"https:\/\/www.latribunedufaso.net\/wp-content\/uploads\/2019\/09\/IMG_1485-ok.jpg","articleSection":["Actualit\u00e9","Soci\u00e9t\u00e9"],"inLanguage":"fr-FR","potentialAction":[{"@type":"CommentAction","name":"Comment","target":["https:\/\/www.latribunedufaso.net\/?p=172#respond"]}]},{"@type":"WebPage","@id":"https:\/\/www.latribunedufaso.net\/?p=172","url":"https:\/\/www.latribunedufaso.net\/?p=172","name":"Proc\u00e8s du putsch de septembe 2015 : Les absents condamn\u00e9s entre 10 \u00e0 30 ans de prison fermes \u00a0 - La Tribune du Faso","isPartOf":{"@id":"https:\/\/www.latribunedufaso.net\/#website"},"primaryImageOfPage":{"@id":"https:\/\/www.latribunedufaso.net\/?p=172#primaryimage"},"image":{"@id":"https:\/\/www.latribunedufaso.net\/?p=172#primaryimage"},"thumbnailUrl":"https:\/\/www.latribunedufaso.net\/wp-content\/uploads\/2019\/09\/IMG_1485-ok.jpg","datePublished":"2019-09-05T13:39:57+00:00","breadcrumb":{"@id":"https:\/\/www.latribunedufaso.net\/?p=172#breadcrumb"},"inLanguage":"fr-FR","potentialAction":[{"@type":"ReadAction","target":["https:\/\/www.latribunedufaso.net\/?p=172"]}]},{"@type":"ImageObject","inLanguage":"fr-FR","@id":"https:\/\/www.latribunedufaso.net\/?p=172#primaryimage","url":"https:\/\/www.latribunedufaso.net\/wp-content\/uploads\/2019\/09\/IMG_1485-ok.jpg","contentUrl":"https:\/\/www.latribunedufaso.net\/wp-content\/uploads\/2019\/09\/IMG_1485-ok.jpg","width":533,"height":354},{"@type":"BreadcrumbList","@id":"https:\/\/www.latribunedufaso.net\/?p=172#breadcrumb","itemListElement":[{"@type":"ListItem","position":1,"name":"Accueil","item":"https:\/\/www.latribunedufaso.net\/"},{"@type":"ListItem","position":2,"name":"Proc\u00e8s du putsch de septembe 2015 : Les absents condamn\u00e9s entre 10 \u00e0 30 ans de prison fermes \u00a0"}]},{"@type":"WebSite","@id":"https:\/\/www.latribunedufaso.net\/#website","url":"https:\/\/www.latribunedufaso.net\/","name":"La Tribune du Faso","description":"L&#039;information du monde rural en un clic","publisher":{"@id":"https:\/\/www.latribunedufaso.net\/#organization"},"potentialAction":[{"@type":"SearchAction","target":{"@type":"EntryPoint","urlTemplate":"https:\/\/www.latribunedufaso.net\/?s={search_term_string}"},"query-input":{"@type":"PropertyValueSpecification","valueRequired":true,"valueName":"search_term_string"}}],"inLanguage":"fr-FR"},{"@type":"Organization","@id":"https:\/\/www.latribunedufaso.net\/#organization","name":"La Tribune du Faso","url":"https:\/\/www.latribunedufaso.net\/","logo":{"@type":"ImageObject","inLanguage":"fr-FR","@id":"https:\/\/www.latribunedufaso.net\/#\/schema\/logo\/image\/","url":"https:\/\/www.latribunedufaso.net\/wp-content\/uploads\/2020\/08\/Logo-Tribune-du-Faso-final-scaled.jpg","contentUrl":"https:\/\/www.latribunedufaso.net\/wp-content\/uploads\/2020\/08\/Logo-Tribune-du-Faso-final-scaled.jpg","width":2560,"height":1856,"caption":"La Tribune du Faso"},"image":{"@id":"https:\/\/www.latribunedufaso.net\/#\/schema\/logo\/image\/"},"sameAs":["https:\/\/www.facebook.com\/LatribuneduFaso\/"]},{"@type":"Person","@id":"https:\/\/www.latribunedufaso.net\/#\/schema\/person\/a380782d0605bb8aae27c40ea93b35b1","name":"Administrateur","image":{"@type":"ImageObject","inLanguage":"fr-FR","@id":"https:\/\/secure.gravatar.com\/avatar\/e20266f97d741f0e80ba1f60283074a9b3317fd7bfb727e0d95b51dafbf854a1?s=96&d=mm&r=g","url":"https:\/\/secure.gravatar.com\/avatar\/e20266f97d741f0e80ba1f60283074a9b3317fd7bfb727e0d95b51dafbf854a1?s=96&d=mm&r=g","contentUrl":"https:\/\/secure.gravatar.com\/avatar\/e20266f97d741f0e80ba1f60283074a9b3317fd7bfb727e0d95b51dafbf854a1?s=96&d=mm&r=g","caption":"Administrateur"},"url":"https:\/\/www.latribunedufaso.net\/?author=2"}]}},"_links":{"self":[{"href":"https:\/\/www.latribunedufaso.net\/index.php?rest_route=\/wp\/v2\/posts\/172","targetHints":{"allow":["GET"]}}],"collection":[{"href":"https:\/\/www.latribunedufaso.net\/index.php?rest_route=\/wp\/v2\/posts"}],"about":[{"href":"https:\/\/www.latribunedufaso.net\/index.php?rest_route=\/wp\/v2\/types\/post"}],"author":[{"embeddable":true,"href":"https:\/\/www.latribunedufaso.net\/index.php?rest_route=\/wp\/v2\/users\/2"}],"replies":[{"embeddable":true,"href":"https:\/\/www.latribunedufaso.net\/index.php?rest_route=%2Fwp%2Fv2%2Fcomments&post=172"}],"version-history":[{"count":1,"href":"https:\/\/www.latribunedufaso.net\/index.php?rest_route=\/wp\/v2\/posts\/172\/revisions"}],"predecessor-version":[{"id":174,"href":"https:\/\/www.latribunedufaso.net\/index.php?rest_route=\/wp\/v2\/posts\/172\/revisions\/174"}],"wp:featuredmedia":[{"embeddable":true,"href":"https:\/\/www.latribunedufaso.net\/index.php?rest_route=\/wp\/v2\/media\/173"}],"wp:attachment":[{"href":"https:\/\/www.latribunedufaso.net\/index.php?rest_route=%2Fwp%2Fv2%2Fmedia&parent=172"}],"wp:term":[{"taxonomy":"category","embeddable":true,"href":"https:\/\/www.latribunedufaso.net\/index.php?rest_route=%2Fwp%2Fv2%2Fcategories&post=172"},{"taxonomy":"post_tag","embeddable":true,"href":"https:\/\/www.latribunedufaso.net\/index.php?rest_route=%2Fwp%2Fv2%2Ftags&post=172"}],"curies":[{"name":"wp","href":"https:\/\/api.w.org\/{rel}","templated":true}]}}